{"id":10900,"date":"2021-06-14T13:07:24","date_gmt":"2021-06-14T10:07:24","guid":{"rendered":"https:\/\/kvarken.org\/?p=10900"},"modified":"2021-08-23T13:01:20","modified_gmt":"2021-08-23T10:01:20","slug":"new-chairmen","status":"publish","type":"post","link":"https:\/\/www.kvarken.org\/en\/new-chairmen\/","title":{"rendered":"Kvarken Council EGTC Elected New Chairmen"},"content":{"rendered":"<p>[et_pb_section fb_built=&#8221;1&#8243; _builder_version=&#8221;4.9.1&#8243; custom_margin=&#8221;0px|0px|0px|0px|false|false&#8221; custom_padding=&#8221;0px|0px|0px|0px|false|false&#8221;][et_pb_row _builder_version=&#8221;4.9.1&#8243; _module_preset=&#8221;default&#8221;][et_pb_column type=&#8221;4_4&#8243; _builder_version=&#8221;4.9.1&#8243; _module_preset=&#8221;default&#8221;][et_pb_text _builder_version=&#8221;4.9.7&#8243; background_size=&#8221;initial&#8221; background_position=&#8221;top_left&#8221; background_repeat=&#8221;repeat&#8221;]<\/p>\n<p><strong>The Kvarken Council EGTC&#8217;s first annual general meeting was held at the end of May\u00a02021. The annual general meeting discussed statutory matters and elected a Chairman and Deputy Chairmen. The presidium was expanded from the Kvarken Council&#8217;s association times from two to four: one Chairman and three Deputy Chairmen.<\/strong><\/p>\n<p>[\/et_pb_text][\/et_pb_column][\/et_pb_row][et_pb_row column_structure=&#8221;1_2,1_2&#8243; _builder_version=&#8221;4.9.1&#8243; background_size=&#8221;initial&#8221; background_position=&#8221;top_left&#8221; background_repeat=&#8221;repeat&#8221; width=&#8221;90%&#8221; max_width=&#8221;1280px&#8221;][et_pb_column type=&#8221;1_2&#8243; _builder_version=&#8221;4.9.1&#8243; custom_padding=&#8221;|||&#8221; custom_padding__hover=&#8221;|||&#8221;][et_pb_text _builder_version=&#8221;4.9.7&#8243; background_size=&#8221;initial&#8221; background_position=&#8221;top_left&#8221; background_repeat=&#8221;repeat&#8221;]<\/p>\n<p><strong>Ms Anna-Kaisa Pusa<\/strong>, Mayor of the town of Kurikka, is one of the new Deputy Chairmen. Ms Pusa became a Board member on 2\u00a0October\u00a02020 when the Kvarken Council EGTC held its founding meeting. However, Ms Pusa is already familiar with the Kvarken Council&#8217;s activities because of her involvement in the MABA and E12 projects.<\/p>\n<p>[\/et_pb_text][et_pb_image src=&#8221;https:\/\/www.kvarken.org\/wp-content\/uploads\/2021\/06\/Anna-Kaisa-Pusa_CMYK-2.jpg&#8221; title_text=&#8221;Anna-Kaisa Pusa_CMYK 2&#8243; _builder_version=&#8221;4.9.1&#8243; _module_preset=&#8221;default&#8221;][\/et_pb_image][et_pb_text admin_label=&#8221;Bildtext&#8221; _builder_version=&#8221;4.9.7&#8243; background_size=&#8221;initial&#8221; background_position=&#8221;top_left&#8221; background_repeat=&#8221;repeat&#8221;]<\/p>\n<p><em><span lang=\"EN-US\"><span lang=\"EN-US\">The presidium was expanded from the Kvarken Council&#8217;s association times from two to four.\u00a0<\/span><\/span><span lang=\"EN-US\">Ms Anna-Kaisa Pusa<\/span><span lang=\"EN-US\">, Mayor of the town of Kurikka, is one of the new Deputy Chairmen<\/span><\/em><\/p>\n<p>[\/et_pb_text][et_pb_testimonial author=&#8221;Anna-Kaisa Pusa&#8221; company_name=&#8221;Kurikka stads stadsdirekt\u00f6r &#8221; _builder_version=&#8221;4.9.7&#8243; _module_preset=&#8221;default&#8221;]<\/p>\n<p>&#8211; My previous experience in telemedicine between hospitals on both sides of the Kvarken was incredibly positive and continues to inspire me. The participation of the South Ostrobothnian town of Kurikka in the creation of a Nordic future together with others is a great opportunity. Sweden is often the first step towards foreign markets for our companies, and on the way they find the strength to begin exports to other European countries.<\/p>\n<p>&#8211; In addition, the E12 is an immensely important Nordic and European route and of great importance to the economic life and export industry.We&#8217;re close to one another, and my aim is to promote good logistical connections over the Kvarken so that distances can be reduced even further.Together we&#8217;re stronger.<\/p>\n<p>[\/et_pb_testimonial][\/et_pb_column][et_pb_column type=&#8221;1_2&#8243; _builder_version=&#8221;3.25&#8243; custom_padding=&#8221;|||&#8221; custom_padding__hover=&#8221;|||&#8221;][et_pb_text _builder_version=&#8221;4.9.7&#8243; background_size=&#8221;initial&#8221; background_position=&#8221;top_left&#8221; background_repeat=&#8221;repeat&#8221;]<\/p>\n<p><strong>Ms \u00c5sa \u00c5gren Wikstr\u00f6m<\/strong>, Vice Chairman of Region V\u00e4sterbotten&#8217;s Regional Development Committee, has been a Board member already before the Kvarken Council was reorganized from an association to an EGTC (European Grouping of Territorial Cooperation). She has extensive experience and a large contact network in Northern Sweden&#8217;s V\u00e4sterbotten, and she is a member of e.g. the European Committee of the Regions.<\/p>\n<p>[\/et_pb_text][et_pb_image src=&#8221;https:\/\/www.kvarken.org\/wp-content\/uploads\/2021\/06\/Asa-Agren-Wikstrom-tiny-scaled.jpeg&#8221; title_text=&#8221;\u00c5sa \u00c5gren Wikstr\u00f6m&#8221; _builder_version=&#8221;4.9.1&#8243; _module_preset=&#8221;default&#8221;][\/et_pb_image][et_pb_text admin_label=&#8221;Bildtext&#8221; _builder_version=&#8221;4.9.7&#8243; background_size=&#8221;initial&#8221; background_position=&#8221;top_left&#8221; background_repeat=&#8221;repeat&#8221;]<\/p>\n<p><em>\u00c5sa \u00c5gren Wikstr\u00f6m,\u00a0<span lang=\"EN-US\">one of the new Deputy Chairmen<\/span><\/em><\/p>\n<p>[\/et_pb_text][et_pb_testimonial author=&#8221;\u00c5sa \u00c5gren Wikstr\u00f6m&#8221; job_title=&#8221;Vice Chairman of Region V\u00e4sterbotten&#8217;s Regional Development Committee&#8221; _builder_version=&#8221;4.9.7&#8243; _module_preset=&#8221;default&#8221;]<\/p>\n<p>&#8211; I really look forward to continue working with all cross-border issues, especially the Kvarken region&#8217;s infrastructure and communications, but also the tourism industry, business life, health care, and research and development.<\/p>\n<p>&#8211; It&#8217;ll be fun to continue bringing forward our Nordic cooperation also at European level!<\/p>\n<p>[\/et_pb_testimonial][\/et_pb_column][\/et_pb_row][et_pb_row _builder_version=&#8221;4.9.1&#8243; _module_preset=&#8221;default&#8221;][et_pb_column type=&#8221;4_4&#8243; _builder_version=&#8221;4.9.1&#8243; _module_preset=&#8221;default&#8221;][et_pb_text _builder_version=&#8221;4.9.7&#8243; background_size=&#8221;initial&#8221; background_position=&#8221;top_left&#8221; background_repeat=&#8221;repeat&#8221;]<\/p>\n<div><b><span lang=\"EN-US\">Mr Joakim Strand\u00a0<\/span><\/b>was re-elected as Chairman and <b>Mr Lennart Holmlund<\/b> as Deputy Chairman.<\/div>\n<p>&nbsp;<\/p>\n<p><strong><em>Kvarken Council EGTC<\/em><\/strong><\/p>\n<p><strong><em><br \/><\/em><\/strong><em>The Kvarken Council is a neutral cooperation platform that enables all kinds of cross-border cooperation in the Kvarken region.<\/em><\/p>\n<p><em>The Kvarken Council encompasses three Ostrobothnian counties in Finland and the County of V\u00e4sterbotten and the Municipality of \u00d6rnsk\u00f6ldsvik in Sweden.<\/em> <em>Our members consist of municipalities and regional councils from all over the region.<\/em><\/p>\n<p><em>\u00a0<\/em><strong><em>From an Association to a Stable Legal Entity<\/em><\/strong><\/p>\n<p><em>The Kvarken Council adopted its new organizational form at the turn of the year 2020<\/em><em>&#8211;<\/em><em>2021. The registered association&#8217;s dissolution meeting was held prior to the annual general meeting, and the Kvarken Council EGTC continues the work that has been going on for close to 50\u00a0years.<\/em><\/p>\n<p><em>Read about the Kvarken Council EGTC and its activities<\/em><em>: <a href=\"https:\/\/www.kvarken.org\/en\/the-kvarken-council\/\"><strong>www.kvarken.org\/en\/the-kvarken-council\/<\/strong><\/a><\/em><\/p>\n<p>[\/et_pb_text][\/et_pb_column][\/et_pb_row][\/et_pb_section]<\/p>\n","protected":false},"excerpt":{"rendered":"<p>The Kvarken Council EGTC&#8217;s first annual general meeting was held at the end of May 2021. The annual general meeting discussed statutory matters and elected a Chairman and Deputy Chairmen. The presidium was expanded from the Kvarken Council&#8217;s association times from two to four: one Chairman and three Deputy Chairmen.<\/p>\n","protected":false},"author":5,"featured_media":4969,"comment_status":"open","ping_status":"open","sticky":false,"template":"","format":"standard","meta":{"_acf_changed":false,"_et_pb_use_builder":"on","_et_pb_old_content":"","_et_gb_content_width":"","footnotes":""},"categories":[68,12],"tags":[],"amnen":[],"class_list":["post-10900","post","type-post","status-publish","format-standard","has-post-thumbnail","hentry","category-press-release","category-uncategorized"],"acf":[],"yoast_head":"<!-- This site is optimized with the Yoast SEO plugin v27.4 - https:\/\/yoast.com\/product\/yoast-seo-wordpress\/ -->\n<title>Kvarken Council EGTC Elected New Chairmen - Kvarkenr\u00e5det<\/title>\n<meta name=\"robots\" content=\"index, follow, max-snippet:-1, max-image-preview:large, max-video-preview:-1\" \/>\n<link rel=\"canonical\" href=\"https:\/\/www.kvarken.org\/en\/new-chairmen\/\" \/>\n<meta property=\"og:locale\" content=\"en_US\" \/>\n<meta property=\"og:type\" content=\"article\" \/>\n<meta property=\"og:title\" content=\"Kvarken Council EGTC Elected New Chairmen - Kvarkenr\u00e5det\" \/>\n<meta property=\"og:description\" content=\"The Kvarken Council EGTC&#039;s first annual general meeting was held at the end of May 2021. The annual general meeting discussed statutory matters and elected a Chairman and Deputy Chairmen. The presidium was expanded from the Kvarken Council&#039;s association times from two to four: one Chairman and three Deputy Chairmen.\" \/>\n<meta property=\"og:url\" content=\"https:\/\/www.kvarken.org\/en\/new-chairmen\/\" \/>\n<meta property=\"og:site_name\" content=\"Kvarkenr\u00e5det\" \/>\n<meta property=\"article:published_time\" content=\"2021-06-14T10:07:24+00:00\" \/>\n<meta property=\"article:modified_time\" content=\"2021-08-23T10:01:20+00:00\" \/>\n<meta property=\"og:image\" content=\"https:\/\/www.kvarken.org\/wp-content\/uploads\/2020\/12\/mikael-stenberg-4Modm9afAjs-unsplash-scaled-1.jpg\" \/>\n\t<meta property=\"og:image:width\" content=\"1440\" \/>\n\t<meta property=\"og:image:height\" content=\"1856\" \/>\n\t<meta property=\"og:image:type\" content=\"image\/jpeg\" \/>\n<meta name=\"author\" content=\"johanna_kvarken\" \/>\n<meta name=\"twitter:card\" content=\"summary_large_image\" \/>\n<meta name=\"twitter:label1\" content=\"Written by\" \/>\n\t<meta name=\"twitter:data1\" content=\"johanna_kvarken\" \/>\n\t<meta name=\"twitter:label2\" content=\"Est. reading time\" \/>\n\t<meta name=\"twitter:data2\" content=\"2 minutes\" \/>\n<script type=\"application\/ld+json\" class=\"yoast-schema-graph\">{\"@context\":\"https:\\\/\\\/schema.org\",\"@graph\":[{\"@type\":\"Article\",\"@id\":\"https:\\\/\\\/www.kvarken.org\\\/en\\\/new-chairmen\\\/#article\",\"isPartOf\":{\"@id\":\"https:\\\/\\\/www.kvarken.org\\\/en\\\/new-chairmen\\\/\"},\"author\":{\"name\":\"johanna_kvarken\",\"@id\":\"https:\\\/\\\/www.kvarken.org\\\/en\\\/#\\\/schema\\\/person\\\/a3c3f8bad7148ea67cff584ed1b3f1e2\"},\"headline\":\"Kvarken Council EGTC Elected New Chairmen\",\"datePublished\":\"2021-06-14T10:07:24+00:00\",\"dateModified\":\"2021-08-23T10:01:20+00:00\",\"mainEntityOfPage\":{\"@id\":\"https:\\\/\\\/www.kvarken.org\\\/en\\\/new-chairmen\\\/\"},\"wordCount\":874,\"commentCount\":0,\"image\":{\"@id\":\"https:\\\/\\\/www.kvarken.org\\\/en\\\/new-chairmen\\\/#primaryimage\"},\"thumbnailUrl\":\"https:\\\/\\\/www.kvarken.org\\\/wp-content\\\/uploads\\\/2020\\\/12\\\/mikael-stenberg-4Modm9afAjs-unsplash-scaled-1.jpg\",\"articleSection\":[\"Press release\"],\"inLanguage\":\"en-US\",\"potentialAction\":[{\"@type\":\"CommentAction\",\"name\":\"Comment\",\"target\":[\"https:\\\/\\\/www.kvarken.org\\\/en\\\/new-chairmen\\\/#respond\"]}]},{\"@type\":\"WebPage\",\"@id\":\"https:\\\/\\\/www.kvarken.org\\\/en\\\/new-chairmen\\\/\",\"url\":\"https:\\\/\\\/www.kvarken.org\\\/en\\\/new-chairmen\\\/\",\"name\":\"Kvarken Council EGTC Elected New Chairmen - Kvarkenr\u00e5det\",\"isPartOf\":{\"@id\":\"https:\\\/\\\/www.kvarken.org\\\/en\\\/#website\"},\"primaryImageOfPage\":{\"@id\":\"https:\\\/\\\/www.kvarken.org\\\/en\\\/new-chairmen\\\/#primaryimage\"},\"image\":{\"@id\":\"https:\\\/\\\/www.kvarken.org\\\/en\\\/new-chairmen\\\/#primaryimage\"},\"thumbnailUrl\":\"https:\\\/\\\/www.kvarken.org\\\/wp-content\\\/uploads\\\/2020\\\/12\\\/mikael-stenberg-4Modm9afAjs-unsplash-scaled-1.jpg\",\"datePublished\":\"2021-06-14T10:07:24+00:00\",\"dateModified\":\"2021-08-23T10:01:20+00:00\",\"author\":{\"@id\":\"https:\\\/\\\/www.kvarken.org\\\/en\\\/#\\\/schema\\\/person\\\/a3c3f8bad7148ea67cff584ed1b3f1e2\"},\"breadcrumb\":{\"@id\":\"https:\\\/\\\/www.kvarken.org\\\/en\\\/new-chairmen\\\/#breadcrumb\"},\"inLanguage\":\"en-US\",\"potentialAction\":[{\"@type\":\"ReadAction\",\"target\":[\"https:\\\/\\\/www.kvarken.org\\\/en\\\/new-chairmen\\\/\"]}]},{\"@type\":\"ImageObject\",\"inLanguage\":\"en-US\",\"@id\":\"https:\\\/\\\/www.kvarken.org\\\/en\\\/new-chairmen\\\/#primaryimage\",\"url\":\"https:\\\/\\\/www.kvarken.org\\\/wp-content\\\/uploads\\\/2020\\\/12\\\/mikael-stenberg-4Modm9afAjs-unsplash-scaled-1.jpg\",\"contentUrl\":\"https:\\\/\\\/www.kvarken.org\\\/wp-content\\\/uploads\\\/2020\\\/12\\\/mikael-stenberg-4Modm9afAjs-unsplash-scaled-1.jpg\",\"width\":1440,\"height\":1856,\"caption\":\"Boat on sea\"},{\"@type\":\"BreadcrumbList\",\"@id\":\"https:\\\/\\\/www.kvarken.org\\\/en\\\/new-chairmen\\\/#breadcrumb\",\"itemListElement\":[{\"@type\":\"ListItem\",\"position\":1,\"name\":\"Hem\",\"item\":\"https:\\\/\\\/www.kvarken.org\\\/en\\\/\"},{\"@type\":\"ListItem\",\"position\":2,\"name\":\"Kvarken Council EGTC Elected New Chairmen\"}]},{\"@type\":\"WebSite\",\"@id\":\"https:\\\/\\\/www.kvarken.org\\\/en\\\/#website\",\"url\":\"https:\\\/\\\/www.kvarken.org\\\/en\\\/\",\"name\":\"Kvarkenr\u00e5det\",\"description\":\"\",\"potentialAction\":[{\"@type\":\"SearchAction\",\"target\":{\"@type\":\"EntryPoint\",\"urlTemplate\":\"https:\\\/\\\/www.kvarken.org\\\/en\\\/?s={search_term_string}\"},\"query-input\":{\"@type\":\"PropertyValueSpecification\",\"valueRequired\":true,\"valueName\":\"search_term_string\"}}],\"inLanguage\":\"en-US\"},{\"@type\":\"Person\",\"@id\":\"https:\\\/\\\/www.kvarken.org\\\/en\\\/#\\\/schema\\\/person\\\/a3c3f8bad7148ea67cff584ed1b3f1e2\",\"name\":\"johanna_kvarken\",\"image\":{\"@type\":\"ImageObject\",\"inLanguage\":\"en-US\",\"@id\":\"https:\\\/\\\/secure.gravatar.com\\\/avatar\\\/47c65fbd7d5d363246bda56ee5b114e75c2d4727b75bd28a94072a1fe8d5f102?s=96&d=mm&r=g\",\"url\":\"https:\\\/\\\/secure.gravatar.com\\\/avatar\\\/47c65fbd7d5d363246bda56ee5b114e75c2d4727b75bd28a94072a1fe8d5f102?s=96&d=mm&r=g\",\"contentUrl\":\"https:\\\/\\\/secure.gravatar.com\\\/avatar\\\/47c65fbd7d5d363246bda56ee5b114e75c2d4727b75bd28a94072a1fe8d5f102?s=96&d=mm&r=g\",\"caption\":\"johanna_kvarken\"}}]}<\/script>\n<!-- \/ Yoast SEO plugin. -->","yoast_head_json":{"title":"Kvarken Council EGTC Elected New Chairmen - Kvarkenr\u00e5det","robots":{"index":"index","follow":"follow","max-snippet":"max-snippet:-1","max-image-preview":"max-image-preview:large","max-video-preview":"max-video-preview:-1"},"canonical":"https:\/\/www.kvarken.org\/en\/new-chairmen\/","og_locale":"en_US","og_type":"article","og_title":"Kvarken Council EGTC Elected New Chairmen - Kvarkenr\u00e5det","og_description":"The Kvarken Council EGTC's first annual general meeting was held at the end of May 2021. The annual general meeting discussed statutory matters and elected a Chairman and Deputy Chairmen. The presidium was expanded from the Kvarken Council's association times from two to four: one Chairman and three Deputy Chairmen.","og_url":"https:\/\/www.kvarken.org\/en\/new-chairmen\/","og_site_name":"Kvarkenr\u00e5det","article_published_time":"2021-06-14T10:07:24+00:00","article_modified_time":"2021-08-23T10:01:20+00:00","og_image":[{"width":1440,"height":1856,"url":"https:\/\/www.kvarken.org\/wp-content\/uploads\/2020\/12\/mikael-stenberg-4Modm9afAjs-unsplash-scaled-1.jpg","type":"image\/jpeg"}],"author":"johanna_kvarken","twitter_card":"summary_large_image","twitter_misc":{"Written by":"johanna_kvarken","Est. reading time":"2 minutes"},"schema":{"@context":"https:\/\/schema.org","@graph":[{"@type":"Article","@id":"https:\/\/www.kvarken.org\/en\/new-chairmen\/#article","isPartOf":{"@id":"https:\/\/www.kvarken.org\/en\/new-chairmen\/"},"author":{"name":"johanna_kvarken","@id":"https:\/\/www.kvarken.org\/en\/#\/schema\/person\/a3c3f8bad7148ea67cff584ed1b3f1e2"},"headline":"Kvarken Council EGTC Elected New Chairmen","datePublished":"2021-06-14T10:07:24+00:00","dateModified":"2021-08-23T10:01:20+00:00","mainEntityOfPage":{"@id":"https:\/\/www.kvarken.org\/en\/new-chairmen\/"},"wordCount":874,"commentCount":0,"image":{"@id":"https:\/\/www.kvarken.org\/en\/new-chairmen\/#primaryimage"},"thumbnailUrl":"https:\/\/www.kvarken.org\/wp-content\/uploads\/2020\/12\/mikael-stenberg-4Modm9afAjs-unsplash-scaled-1.jpg","articleSection":["Press release"],"inLanguage":"en-US","potentialAction":[{"@type":"CommentAction","name":"Comment","target":["https:\/\/www.kvarken.org\/en\/new-chairmen\/#respond"]}]},{"@type":"WebPage","@id":"https:\/\/www.kvarken.org\/en\/new-chairmen\/","url":"https:\/\/www.kvarken.org\/en\/new-chairmen\/","name":"Kvarken Council EGTC Elected New Chairmen - Kvarkenr\u00e5det","isPartOf":{"@id":"https:\/\/www.kvarken.org\/en\/#website"},"primaryImageOfPage":{"@id":"https:\/\/www.kvarken.org\/en\/new-chairmen\/#primaryimage"},"image":{"@id":"https:\/\/www.kvarken.org\/en\/new-chairmen\/#primaryimage"},"thumbnailUrl":"https:\/\/www.kvarken.org\/wp-content\/uploads\/2020\/12\/mikael-stenberg-4Modm9afAjs-unsplash-scaled-1.jpg","datePublished":"2021-06-14T10:07:24+00:00","dateModified":"2021-08-23T10:01:20+00:00","author":{"@id":"https:\/\/www.kvarken.org\/en\/#\/schema\/person\/a3c3f8bad7148ea67cff584ed1b3f1e2"},"breadcrumb":{"@id":"https:\/\/www.kvarken.org\/en\/new-chairmen\/#breadcrumb"},"inLanguage":"en-US","potentialAction":[{"@type":"ReadAction","target":["https:\/\/www.kvarken.org\/en\/new-chairmen\/"]}]},{"@type":"ImageObject","inLanguage":"en-US","@id":"https:\/\/www.kvarken.org\/en\/new-chairmen\/#primaryimage","url":"https:\/\/www.kvarken.org\/wp-content\/uploads\/2020\/12\/mikael-stenberg-4Modm9afAjs-unsplash-scaled-1.jpg","contentUrl":"https:\/\/www.kvarken.org\/wp-content\/uploads\/2020\/12\/mikael-stenberg-4Modm9afAjs-unsplash-scaled-1.jpg","width":1440,"height":1856,"caption":"Boat on sea"},{"@type":"BreadcrumbList","@id":"https:\/\/www.kvarken.org\/en\/new-chairmen\/#breadcrumb","itemListElement":[{"@type":"ListItem","position":1,"name":"Hem","item":"https:\/\/www.kvarken.org\/en\/"},{"@type":"ListItem","position":2,"name":"Kvarken Council EGTC Elected New Chairmen"}]},{"@type":"WebSite","@id":"https:\/\/www.kvarken.org\/en\/#website","url":"https:\/\/www.kvarken.org\/en\/","name":"Kvarkenr\u00e5det","description":"","potentialAction":[{"@type":"SearchAction","target":{"@type":"EntryPoint","urlTemplate":"https:\/\/www.kvarken.org\/en\/?s={search_term_string}"},"query-input":{"@type":"PropertyValueSpecification","valueRequired":true,"valueName":"search_term_string"}}],"inLanguage":"en-US"},{"@type":"Person","@id":"https:\/\/www.kvarken.org\/en\/#\/schema\/person\/a3c3f8bad7148ea67cff584ed1b3f1e2","name":"johanna_kvarken","image":{"@type":"ImageObject","inLanguage":"en-US","@id":"https:\/\/secure.gravatar.com\/avatar\/47c65fbd7d5d363246bda56ee5b114e75c2d4727b75bd28a94072a1fe8d5f102?s=96&d=mm&r=g","url":"https:\/\/secure.gravatar.com\/avatar\/47c65fbd7d5d363246bda56ee5b114e75c2d4727b75bd28a94072a1fe8d5f102?s=96&d=mm&r=g","contentUrl":"https:\/\/secure.gravatar.com\/avatar\/47c65fbd7d5d363246bda56ee5b114e75c2d4727b75bd28a94072a1fe8d5f102?s=96&d=mm&r=g","caption":"johanna_kvarken"}}]}},"_links":{"self":[{"href":"https:\/\/www.kvarken.org\/en\/wp-json\/wp\/v2\/posts\/10900","targetHints":{"allow":["GET"]}}],"collection":[{"href":"https:\/\/www.kvarken.org\/en\/wp-json\/wp\/v2\/posts"}],"about":[{"href":"https:\/\/www.kvarken.org\/en\/wp-json\/wp\/v2\/types\/post"}],"author":[{"embeddable":true,"href":"https:\/\/www.kvarken.org\/en\/wp-json\/wp\/v2\/users\/5"}],"replies":[{"embeddable":true,"href":"https:\/\/www.kvarken.org\/en\/wp-json\/wp\/v2\/comments?post=10900"}],"version-history":[{"count":0,"href":"https:\/\/www.kvarken.org\/en\/wp-json\/wp\/v2\/posts\/10900\/revisions"}],"wp:featuredmedia":[{"embeddable":true,"href":"https:\/\/www.kvarken.org\/en\/wp-json\/wp\/v2\/media\/4969"}],"wp:attachment":[{"href":"https:\/\/www.kvarken.org\/en\/wp-json\/wp\/v2\/media?parent=10900"}],"wp:term":[{"taxonomy":"category","embeddable":true,"href":"https:\/\/www.kvarken.org\/en\/wp-json\/wp\/v2\/categories?post=10900"},{"taxonomy":"post_tag","embeddable":true,"href":"https:\/\/www.kvarken.org\/en\/wp-json\/wp\/v2\/tags?post=10900"},{"taxonomy":"amnen","embeddable":true,"href":"https:\/\/www.kvarken.org\/en\/wp-json\/wp\/v2\/amnen?post=10900"}],"curies":[{"name":"wp","href":"https:\/\/api.w.org\/{rel}","templated":true}]}}