{"id":12147,"date":"2021-11-16T11:05:07","date_gmt":"2021-11-16T08:05:07","guid":{"rendered":"https:\/\/kvarken.org\/?p=12147"},"modified":"2022-01-19T14:24:53","modified_gmt":"2022-01-19T11:24:53","slug":"run-to-the-festival","status":"publish","type":"post","link":"https:\/\/www.kvarken.org\/en\/run-to-the-festival\/","title":{"rendered":"Run to the Festival!"},"content":{"rendered":"<p>[et_pb_section fb_built=&#8221;1&#8243; _builder_version=&#8221;4.9.1&#8243; custom_margin=&#8221;0px|0px|0px|0px|false|false&#8221; custom_padding=&#8221;0px|0px|0px|0px|false|false&#8221; global_colors_info=&#8221;{}&#8221;][et_pb_row _builder_version=&#8221;4.9.1&#8243; background_size=&#8221;initial&#8221; background_position=&#8221;top_left&#8221; background_repeat=&#8221;repeat&#8221; width=&#8221;90%&#8221; max_width=&#8221;1280px&#8221; global_colors_info=&#8221;{}&#8221;][et_pb_column type=&#8221;4_4&#8243; _builder_version=&#8221;4.9.1&#8243; custom_padding=&#8221;|||&#8221; global_colors_info=&#8221;{}&#8221; custom_padding__hover=&#8221;|||&#8221;][et_pb_text _builder_version=&#8221;4.11.1&#8243; background_size=&#8221;initial&#8221; background_position=&#8221;top_left&#8221; background_repeat=&#8221;repeat&#8221; global_colors_info=&#8221;{}&#8221;]<\/p>\n<h1><strong>New KVARKENFEST Festival and VAASA RUN Sports Event Combine Forces \u2013 Run to the Festival at Elisa Stadion in June 2022!<\/strong><\/h1>\n<h3><strong>The city of Vaasa will witness an outpour of culture and sports on Saturday June 18th, 2022.<\/strong><\/h3>\n<h4>Formal cooperation between Finland and Sweden in the Kvarken region celebrates its 50th anniversary this year, which is why the Kvarken Council EGTC plans to mark the event with a grand Kvarkenfest at Elisa Stadion in Vaasa. The folk festival will be opened by Vaasa Run, a major running and wellbeing event organized by Vasa Idrottss\u00e4llskap (Vasa IS) for the second time next summer. Over 2,000 runners with different exercise backgrounds are expected to participate.<\/h4>\n<p>[\/et_pb_text][et_pb_image src=&#8221;https:\/\/www.kvarken.org\/wp-content\/uploads\/2021\/11\/Kvarkeradet_bildmallar_mailchimp_stora2.jpg&#8221; alt=&#8221;En bild med ett vitt elflyg&#8221; title_text=&#8221;Kvarkeradet_bildmallar_mailchimp_stora2&#8243; _builder_version=&#8221;4.11.1&#8243; _module_preset=&#8221;default&#8221; global_colors_info=&#8221;{}&#8221;][\/et_pb_image][et_pb_text _builder_version=&#8221;4.11.1&#8243; background_size=&#8221;initial&#8221; background_position=&#8221;top_left&#8221; background_repeat=&#8221;repeat&#8221; global_colors_info=&#8221;{}&#8221;]<\/p>\n<p><strong>Kvarkenfest<\/strong> is a new, bridge-building festival that aims to strengthen contacts between people as well as cultural and business cooperation in the Kvarken region. The event, organized by the Kvarken Council EGTC, is a folk festival with multilingual programme for the whole family. National top artists and local rising stars \u2013 most with a regional anchoring \u2013 will perform at the festival throughout the day.<\/p>\n<p>The first artists made public include the Ostrobothnian humor group <strong><em>KAJ<\/em><\/strong>, which is currently successful at Wasa Teater with the musical &#8220;Botnia Paradise&#8221; with over 20,000 tickets sold. We also offer a big show with Kvarken Allstars, a combination of top musicians and star soloists from all over the region. We can already tell you that Ume\u00e5&#8217;s and Sweden&#8217;s very first Idol winner <strong><em>Daniel Lindstr\u00f6m<\/em><\/strong> (SWE), the Voice of Finland winner and Rakasta Joulua star <strong><em>Antti Railio<\/em><\/strong> (FI) and the rap duo <strong><em>Kuningas P\u00e4hkin\u00e4 &amp; Set\u00e4 Tamu<\/em><\/strong> (FI) are among the soloists. More artists will be presented later.<\/p>\n<p>The Kvarken Council\u2019s Chairman, Mr Joakim Strand, views the event as a natural continuation of projects initiated and worked on by the Kvarken Council EGTC. He hopes for a big turnout from both sides of the Kvarken.<\/p>\n<p>&#8211; We want the keep the threshold to participate as low as possible. Everyone must have the opportunity to enjoy the folk festival and celebrate Kvarken cooperation, which is why the Kvarken Council has decided to grant free entry to the first 500\u00a0persons who book a ticket to the event, Mr Strand states.<\/p>\n<p>[\/et_pb_text][\/et_pb_column][\/et_pb_row][et_pb_row column_structure=&#8221;3_5,2_5&#8243; _builder_version=&#8221;4.11.1&#8243; background_size=&#8221;initial&#8221; background_position=&#8221;top_left&#8221; background_repeat=&#8221;repeat&#8221; width=&#8221;90%&#8221; max_width=&#8221;1280px&#8221; global_colors_info=&#8221;{}&#8221;][et_pb_column type=&#8221;3_5&#8243; _builder_version=&#8221;4.9.1&#8243; custom_padding=&#8221;|||&#8221; global_colors_info=&#8221;{}&#8221; custom_padding__hover=&#8221;|||&#8221;][et_pb_text _builder_version=&#8221;4.11.1&#8243; background_size=&#8221;initial&#8221; background_position=&#8221;top_left&#8221; background_repeat=&#8221;repeat&#8221; global_colors_info=&#8221;{}&#8221;]<\/p>\n<p>Artist and producer Mr Fredrik Furu is the festival\u2019s Event Coordinator.<\/p>\n<p>&#8211; After two extremely difficult years for the cultural industry, it feels incredible to finally introduce a new, major event in the Kvarken region. I\u2019m grateful for the Kvarken Council\u2019s Board for putting their trust in me, Mr Furu says.<\/p>\n<p>Kvarkenfest is also a festival for local producers and actors, with locally produced food and drinks as well as other exciting activities in the festival area.<\/p>\n<p><strong>Unique Cooperation with Vaasa Run<\/strong><\/p>\n<p><strong>Vaasa Run<\/strong> is a running and sports event for individuals, companies, and families. The event is intended for participants with all kinds of exercise backgrounds and organized by Vasa Idrottss\u00e4llskap (VIS).<\/p>\n<p>Ms Jannica Granbacka is the Event Manager and sheds light on the event:<\/p>\n<p>&#8211; Vaasa has long been lacking a large sports event, which is why VIS now wanted to create an event for all. The routes are 5km and 10km, and you can walk, jog, or run by yourself or as part of a team, Ms Granbacka tells.<\/p>\n<p>She considers the event a perfect opportunity for companies to improve togetherness and strengthen their brands, for instance by donning unified outfits and working together to achieve shared goals.<\/p>\n<p>The route passes through Vaasa\u2019s most beautiful seaside promenade, with the start and finish lines at Elisa Stadion. All participants receive a Vaasa Run T-shirt, a ticket to Kvarkenfest, and a goodie bag with local delicacies at the finish line.<\/p>\n<p>The event strives to attract families with children, and the day is kicked off outside the stadium with a Kidz Run event for children under school age. In addition, Folkh\u00e4lsan will set up an obstacle course for children and youth at the parking lot, and Kvarkenfest will begin its programme with the humour group KAJ performing on the main stage.<\/p>\n<p>&#8211; We\u2019re incredibly pleased to work with Kvarkenfest and to be able to offer our participants a fantastic package \u2013 both a sports event and a folk festival with music, food, and drinks, Ms Granbacka says.<\/p>\n<p>&#8211; Our Vaasa Run ambassadors will continue to inspire even in\u00a02022, and several new faces will soon be revealed, Ms Granbacka tells.<\/p>\n<p><strong>Tickets to both Vaasa Run and Kvarkenfest can be bought from NetTicket as of November 17th.<\/strong><\/p>\n<p>[\/et_pb_text][et_pb_image src=&#8221;https:\/\/www.kvarken.org\/wp-content\/uploads\/2021\/11\/Kvarkeradet_bildmallar_mailchimp_stora.jpg&#8221; alt=&#8221;En bild med ett vitt elflyg&#8221; title_text=&#8221;Kvarkeradet_bildmallar_mailchimp_stora&#8221; _builder_version=&#8221;4.11.1&#8243; _module_preset=&#8221;default&#8221; global_colors_info=&#8221;{}&#8221;][\/et_pb_image][\/et_pb_column][et_pb_column type=&#8221;2_5&#8243; _builder_version=&#8221;4.9.1&#8243; custom_padding=&#8221;|||&#8221; global_colors_info=&#8221;{}&#8221; custom_padding__hover=&#8221;|||&#8221;][et_pb_image src=&#8221;https:\/\/www.kvarken.org\/wp-content\/uploads\/2021\/11\/Netticket_version3.jpg&#8221; alt=&#8221;En bild med ett vitt elflyg&#8221; title_text=&#8221;Netticket_version3&#8243; _builder_version=&#8221;4.11.1&#8243; _module_preset=&#8221;default&#8221; global_colors_info=&#8221;{}&#8221;][\/et_pb_image][et_pb_text _builder_version=&#8221;4.11.1&#8243; background_size=&#8221;initial&#8221; background_position=&#8221;top_left&#8221; background_repeat=&#8221;repeat&#8221; global_colors_info=&#8221;{}&#8221;]<\/p>\n<h4><strong><em>Facts &#8211; Vaasa Run:<\/em><\/strong><\/h4>\n<h4><em>&#8211; Held for the second year in a row at Elisa Stadion by VIS.<\/em><\/h4>\n<h4><em>&#8211; Routes 5km and 10km, participate by yourself or as part of a team.<\/em><\/h4>\n<h4><em>&#8211; Kidz Run \u2013 a free-of-charge event for children under school age, all participants receive a medal!<\/em><\/h4>\n<h4><em>&#8211; Goal is to attract over 2,000\u00a0participants with different exercise backgrounds.<\/em><\/h4>\n<h4><em>&#8211; Participants receive a ticket to Kvarkenfest, a T-shirt, and a goodie bag with local products.<\/em><\/h4>\n<h4><em>&#8211; Routes 5km and 10km are officially measured this year. All participants are given a chip for official timing, although they can choose not to time their run.<\/em><\/h4>\n<h4><em><a href=\"http:\/\/www.vaasarun.fi\">www.vaasarun.fi<\/a><\/em><\/h4>\n<h4><em>\u00a0<\/em><\/h4>\n<h4><strong><em>Facts \u2013 Kvarkenfest:<\/em><\/strong><\/h4>\n<h4><em>&#8211; a 50-year tribute to the Kvarken collaboration<\/em><\/h4>\n<h4><em><strong><\/strong><\/em><\/h4>\n<h4><em>&#8211; The festival will be held in 2022 with the aim to strengthen cultural and business cooperation in the Kvarken region.<\/em><\/h4>\n<h4><em>&#8211; Organized by the Kvarken Council EGTC, with Fredrik Furu as the Event Coordinator.<\/em><\/h4>\n<h4><em>&#8211; Unveiled artists: KAJ (FI) and Kvarken Allstars with star singers and musicians from the region. More artists will be announced at a later date.<\/em><\/h4>\n<h4><em>&#8211; Presenters in both events are the TV profiles Kaj Kunnas and Jonathan \u201cJontti\u201d Granbacka.<\/em><\/h4>\n<h4><em>&#8211; In connection to the Kvarkenfest, the Kvarken Council will also arrange \u201cKvarken Talks\u201d, an opportunity for discussion with representatives from the cultural industry, business world, and the public sector.<\/em><\/h4>\n<h4><em><a href=\"http:\/\/www.kvarkenfest.com\">www.kvarkenfest.com<\/a><\/em><\/h4>\n<h4><em>\u00a0<\/em><\/h4>\n<p>[\/et_pb_text][et_pb_divider _builder_version=&#8221;4.11.1&#8243; _module_preset=&#8221;default&#8221; global_colors_info=&#8221;{}&#8221;][\/et_pb_divider][et_pb_text _builder_version=&#8221;4.11.1&#8243; background_size=&#8221;initial&#8221; background_position=&#8221;top_left&#8221; background_repeat=&#8221;repeat&#8221; min_height=&#8221;284px&#8221; global_colors_info=&#8221;{}&#8221;]<\/p>\n<p><strong>For more information, please contact:<\/strong><\/p>\n<p>Fredrik Furu, Event Coordinator, Kvarkenfest<br \/>+358-50\u00a0585\u00a08975<br \/><a href=\"mailto:fredrik.furu@kvarken.org\">fredrik.furu@kvarken.org<\/a><\/p>\n<p>Jannica Granbacka, Event Manager, Vaasa Run<br \/>+358-40\u00a0737\u00a03541<br \/><a href=\"mailto:granbacka.jannica@gmail.com\">granbacka.jannica@gmail.com<\/a><\/p>\n<p>[\/et_pb_text][\/et_pb_column][\/et_pb_row][\/et_pb_section]<\/p>\n","protected":false},"excerpt":{"rendered":"<p>Kvarken Council celebrates its 50th anniversary 2022, which is why the Kvarken Council EGTC plans to mark the event with a grand Kvarkenfest at Elisa Stadion in Vaasa. <\/p>\n","protected":false},"author":5,"featured_media":12158,"comment_status":"open","ping_status":"open","sticky":false,"template":"","format":"standard","meta":{"_acf_changed":false,"_et_pb_use_builder":"on","_et_pb_old_content":"","_et_gb_content_width":"","footnotes":""},"categories":[68,12],"tags":[],"amnen":[94,95,92,118,96],"class_list":["post-12147","post","type-post","status-publish","format-standard","has-post-thumbnail","hentry","category-press-release","category-uncategorized","amnen-business","amnen-cooperation-structures","amnen-culture","amnen-networks","amnen-tourism"],"acf":[],"yoast_head":"<!-- This site is optimized with the Yoast SEO plugin v27.4 - https:\/\/yoast.com\/product\/yoast-seo-wordpress\/ -->\n<title>Run to the Festival! - Kvarkenr\u00e5det<\/title>\n<meta name=\"robots\" content=\"index, follow, max-snippet:-1, max-image-preview:large, max-video-preview:-1\" \/>\n<link rel=\"canonical\" href=\"https:\/\/www.kvarken.org\/en\/run-to-the-festival\/\" \/>\n<meta property=\"og:locale\" content=\"en_US\" \/>\n<meta property=\"og:type\" content=\"article\" \/>\n<meta property=\"og:title\" content=\"Run to the Festival! - Kvarkenr\u00e5det\" \/>\n<meta property=\"og:description\" content=\"Kvarken Council celebrates its 50th anniversary 2022, which is why the Kvarken Council EGTC plans to mark the event with a grand Kvarkenfest at Elisa Stadion in Vaasa.\" \/>\n<meta property=\"og:url\" content=\"https:\/\/www.kvarken.org\/en\/run-to-the-festival\/\" \/>\n<meta property=\"og:site_name\" content=\"Kvarkenr\u00e5det\" \/>\n<meta property=\"article:published_time\" content=\"2021-11-16T08:05:07+00:00\" \/>\n<meta property=\"article:modified_time\" content=\"2022-01-19T11:24:53+00:00\" \/>\n<meta property=\"og:image\" content=\"https:\/\/www.kvarken.org\/wp-content\/uploads\/2021\/11\/Netticket_version3.jpg\" \/>\n\t<meta property=\"og:image:width\" content=\"2000\" \/>\n\t<meta property=\"og:image:height\" content=\"1333\" \/>\n\t<meta property=\"og:image:type\" content=\"image\/jpeg\" \/>\n<meta name=\"author\" content=\"johanna_kvarken\" \/>\n<meta name=\"twitter:card\" content=\"summary_large_image\" \/>\n<meta name=\"twitter:label1\" content=\"Written by\" \/>\n\t<meta name=\"twitter:data1\" content=\"johanna_kvarken\" \/>\n\t<meta name=\"twitter:label2\" content=\"Est. reading time\" \/>\n\t<meta name=\"twitter:data2\" content=\"2 minutes\" \/>\n<script type=\"application\/ld+json\" class=\"yoast-schema-graph\">{\"@context\":\"https:\\\/\\\/schema.org\",\"@graph\":[{\"@type\":\"Article\",\"@id\":\"https:\\\/\\\/www.kvarken.org\\\/en\\\/run-to-the-festival\\\/#article\",\"isPartOf\":{\"@id\":\"https:\\\/\\\/www.kvarken.org\\\/en\\\/run-to-the-festival\\\/\"},\"author\":{\"name\":\"johanna_kvarken\",\"@id\":\"https:\\\/\\\/www.kvarken.org\\\/en\\\/#\\\/schema\\\/person\\\/a3c3f8bad7148ea67cff584ed1b3f1e2\"},\"headline\":\"Run to the Festival!\",\"datePublished\":\"2021-11-16T08:05:07+00:00\",\"dateModified\":\"2022-01-19T11:24:53+00:00\",\"mainEntityOfPage\":{\"@id\":\"https:\\\/\\\/www.kvarken.org\\\/en\\\/run-to-the-festival\\\/\"},\"wordCount\":1366,\"commentCount\":0,\"image\":{\"@id\":\"https:\\\/\\\/www.kvarken.org\\\/en\\\/run-to-the-festival\\\/#primaryimage\"},\"thumbnailUrl\":\"https:\\\/\\\/www.kvarken.org\\\/wp-content\\\/uploads\\\/2021\\\/11\\\/Netticket_version3.jpg\",\"articleSection\":[\"Press release\"],\"inLanguage\":\"en-US\",\"potentialAction\":[{\"@type\":\"CommentAction\",\"name\":\"Comment\",\"target\":[\"https:\\\/\\\/www.kvarken.org\\\/en\\\/run-to-the-festival\\\/#respond\"]}]},{\"@type\":\"WebPage\",\"@id\":\"https:\\\/\\\/www.kvarken.org\\\/en\\\/run-to-the-festival\\\/\",\"url\":\"https:\\\/\\\/www.kvarken.org\\\/en\\\/run-to-the-festival\\\/\",\"name\":\"Run to the Festival! - Kvarkenr\u00e5det\",\"isPartOf\":{\"@id\":\"https:\\\/\\\/www.kvarken.org\\\/en\\\/#website\"},\"primaryImageOfPage\":{\"@id\":\"https:\\\/\\\/www.kvarken.org\\\/en\\\/run-to-the-festival\\\/#primaryimage\"},\"image\":{\"@id\":\"https:\\\/\\\/www.kvarken.org\\\/en\\\/run-to-the-festival\\\/#primaryimage\"},\"thumbnailUrl\":\"https:\\\/\\\/www.kvarken.org\\\/wp-content\\\/uploads\\\/2021\\\/11\\\/Netticket_version3.jpg\",\"datePublished\":\"2021-11-16T08:05:07+00:00\",\"dateModified\":\"2022-01-19T11:24:53+00:00\",\"author\":{\"@id\":\"https:\\\/\\\/www.kvarken.org\\\/en\\\/#\\\/schema\\\/person\\\/a3c3f8bad7148ea67cff584ed1b3f1e2\"},\"breadcrumb\":{\"@id\":\"https:\\\/\\\/www.kvarken.org\\\/en\\\/run-to-the-festival\\\/#breadcrumb\"},\"inLanguage\":\"en-US\",\"potentialAction\":[{\"@type\":\"ReadAction\",\"target\":[\"https:\\\/\\\/www.kvarken.org\\\/en\\\/run-to-the-festival\\\/\"]}]},{\"@type\":\"ImageObject\",\"inLanguage\":\"en-US\",\"@id\":\"https:\\\/\\\/www.kvarken.org\\\/en\\\/run-to-the-festival\\\/#primaryimage\",\"url\":\"https:\\\/\\\/www.kvarken.org\\\/wp-content\\\/uploads\\\/2021\\\/11\\\/Netticket_version3.jpg\",\"contentUrl\":\"https:\\\/\\\/www.kvarken.org\\\/wp-content\\\/uploads\\\/2021\\\/11\\\/Netticket_version3.jpg\",\"width\":2000,\"height\":1333,\"caption\":\"Kvarkenfest 18.6.2022 Vaasa\\\/Vasa\"},{\"@type\":\"BreadcrumbList\",\"@id\":\"https:\\\/\\\/www.kvarken.org\\\/en\\\/run-to-the-festival\\\/#breadcrumb\",\"itemListElement\":[{\"@type\":\"ListItem\",\"position\":1,\"name\":\"Hem\",\"item\":\"https:\\\/\\\/www.kvarken.org\\\/en\\\/\"},{\"@type\":\"ListItem\",\"position\":2,\"name\":\"Run to the Festival!\"}]},{\"@type\":\"WebSite\",\"@id\":\"https:\\\/\\\/www.kvarken.org\\\/en\\\/#website\",\"url\":\"https:\\\/\\\/www.kvarken.org\\\/en\\\/\",\"name\":\"Kvarkenr\u00e5det\",\"description\":\"\",\"potentialAction\":[{\"@type\":\"SearchAction\",\"target\":{\"@type\":\"EntryPoint\",\"urlTemplate\":\"https:\\\/\\\/www.kvarken.org\\\/en\\\/?s={search_term_string}\"},\"query-input\":{\"@type\":\"PropertyValueSpecification\",\"valueRequired\":true,\"valueName\":\"search_term_string\"}}],\"inLanguage\":\"en-US\"},{\"@type\":\"Person\",\"@id\":\"https:\\\/\\\/www.kvarken.org\\\/en\\\/#\\\/schema\\\/person\\\/a3c3f8bad7148ea67cff584ed1b3f1e2\",\"name\":\"johanna_kvarken\",\"image\":{\"@type\":\"ImageObject\",\"inLanguage\":\"en-US\",\"@id\":\"https:\\\/\\\/secure.gravatar.com\\\/avatar\\\/47c65fbd7d5d363246bda56ee5b114e75c2d4727b75bd28a94072a1fe8d5f102?s=96&d=mm&r=g\",\"url\":\"https:\\\/\\\/secure.gravatar.com\\\/avatar\\\/47c65fbd7d5d363246bda56ee5b114e75c2d4727b75bd28a94072a1fe8d5f102?s=96&d=mm&r=g\",\"contentUrl\":\"https:\\\/\\\/secure.gravatar.com\\\/avatar\\\/47c65fbd7d5d363246bda56ee5b114e75c2d4727b75bd28a94072a1fe8d5f102?s=96&d=mm&r=g\",\"caption\":\"johanna_kvarken\"}}]}<\/script>\n<!-- \/ Yoast SEO plugin. -->","yoast_head_json":{"title":"Run to the Festival! - Kvarkenr\u00e5det","robots":{"index":"index","follow":"follow","max-snippet":"max-snippet:-1","max-image-preview":"max-image-preview:large","max-video-preview":"max-video-preview:-1"},"canonical":"https:\/\/www.kvarken.org\/en\/run-to-the-festival\/","og_locale":"en_US","og_type":"article","og_title":"Run to the Festival! - Kvarkenr\u00e5det","og_description":"Kvarken Council celebrates its 50th anniversary 2022, which is why the Kvarken Council EGTC plans to mark the event with a grand Kvarkenfest at Elisa Stadion in Vaasa.","og_url":"https:\/\/www.kvarken.org\/en\/run-to-the-festival\/","og_site_name":"Kvarkenr\u00e5det","article_published_time":"2021-11-16T08:05:07+00:00","article_modified_time":"2022-01-19T11:24:53+00:00","og_image":[{"width":2000,"height":1333,"url":"https:\/\/www.kvarken.org\/wp-content\/uploads\/2021\/11\/Netticket_version3.jpg","type":"image\/jpeg"}],"author":"johanna_kvarken","twitter_card":"summary_large_image","twitter_misc":{"Written by":"johanna_kvarken","Est. reading time":"2 minutes"},"schema":{"@context":"https:\/\/schema.org","@graph":[{"@type":"Article","@id":"https:\/\/www.kvarken.org\/en\/run-to-the-festival\/#article","isPartOf":{"@id":"https:\/\/www.kvarken.org\/en\/run-to-the-festival\/"},"author":{"name":"johanna_kvarken","@id":"https:\/\/www.kvarken.org\/en\/#\/schema\/person\/a3c3f8bad7148ea67cff584ed1b3f1e2"},"headline":"Run to the Festival!","datePublished":"2021-11-16T08:05:07+00:00","dateModified":"2022-01-19T11:24:53+00:00","mainEntityOfPage":{"@id":"https:\/\/www.kvarken.org\/en\/run-to-the-festival\/"},"wordCount":1366,"commentCount":0,"image":{"@id":"https:\/\/www.kvarken.org\/en\/run-to-the-festival\/#primaryimage"},"thumbnailUrl":"https:\/\/www.kvarken.org\/wp-content\/uploads\/2021\/11\/Netticket_version3.jpg","articleSection":["Press release"],"inLanguage":"en-US","potentialAction":[{"@type":"CommentAction","name":"Comment","target":["https:\/\/www.kvarken.org\/en\/run-to-the-festival\/#respond"]}]},{"@type":"WebPage","@id":"https:\/\/www.kvarken.org\/en\/run-to-the-festival\/","url":"https:\/\/www.kvarken.org\/en\/run-to-the-festival\/","name":"Run to the Festival! - Kvarkenr\u00e5det","isPartOf":{"@id":"https:\/\/www.kvarken.org\/en\/#website"},"primaryImageOfPage":{"@id":"https:\/\/www.kvarken.org\/en\/run-to-the-festival\/#primaryimage"},"image":{"@id":"https:\/\/www.kvarken.org\/en\/run-to-the-festival\/#primaryimage"},"thumbnailUrl":"https:\/\/www.kvarken.org\/wp-content\/uploads\/2021\/11\/Netticket_version3.jpg","datePublished":"2021-11-16T08:05:07+00:00","dateModified":"2022-01-19T11:24:53+00:00","author":{"@id":"https:\/\/www.kvarken.org\/en\/#\/schema\/person\/a3c3f8bad7148ea67cff584ed1b3f1e2"},"breadcrumb":{"@id":"https:\/\/www.kvarken.org\/en\/run-to-the-festival\/#breadcrumb"},"inLanguage":"en-US","potentialAction":[{"@type":"ReadAction","target":["https:\/\/www.kvarken.org\/en\/run-to-the-festival\/"]}]},{"@type":"ImageObject","inLanguage":"en-US","@id":"https:\/\/www.kvarken.org\/en\/run-to-the-festival\/#primaryimage","url":"https:\/\/www.kvarken.org\/wp-content\/uploads\/2021\/11\/Netticket_version3.jpg","contentUrl":"https:\/\/www.kvarken.org\/wp-content\/uploads\/2021\/11\/Netticket_version3.jpg","width":2000,"height":1333,"caption":"Kvarkenfest 18.6.2022 Vaasa\/Vasa"},{"@type":"BreadcrumbList","@id":"https:\/\/www.kvarken.org\/en\/run-to-the-festival\/#breadcrumb","itemListElement":[{"@type":"ListItem","position":1,"name":"Hem","item":"https:\/\/www.kvarken.org\/en\/"},{"@type":"ListItem","position":2,"name":"Run to the Festival!"}]},{"@type":"WebSite","@id":"https:\/\/www.kvarken.org\/en\/#website","url":"https:\/\/www.kvarken.org\/en\/","name":"Kvarkenr\u00e5det","description":"","potentialAction":[{"@type":"SearchAction","target":{"@type":"EntryPoint","urlTemplate":"https:\/\/www.kvarken.org\/en\/?s={search_term_string}"},"query-input":{"@type":"PropertyValueSpecification","valueRequired":true,"valueName":"search_term_string"}}],"inLanguage":"en-US"},{"@type":"Person","@id":"https:\/\/www.kvarken.org\/en\/#\/schema\/person\/a3c3f8bad7148ea67cff584ed1b3f1e2","name":"johanna_kvarken","image":{"@type":"ImageObject","inLanguage":"en-US","@id":"https:\/\/secure.gravatar.com\/avatar\/47c65fbd7d5d363246bda56ee5b114e75c2d4727b75bd28a94072a1fe8d5f102?s=96&d=mm&r=g","url":"https:\/\/secure.gravatar.com\/avatar\/47c65fbd7d5d363246bda56ee5b114e75c2d4727b75bd28a94072a1fe8d5f102?s=96&d=mm&r=g","contentUrl":"https:\/\/secure.gravatar.com\/avatar\/47c65fbd7d5d363246bda56ee5b114e75c2d4727b75bd28a94072a1fe8d5f102?s=96&d=mm&r=g","caption":"johanna_kvarken"}}]}},"_links":{"self":[{"href":"https:\/\/www.kvarken.org\/en\/wp-json\/wp\/v2\/posts\/12147","targetHints":{"allow":["GET"]}}],"collection":[{"href":"https:\/\/www.kvarken.org\/en\/wp-json\/wp\/v2\/posts"}],"about":[{"href":"https:\/\/www.kvarken.org\/en\/wp-json\/wp\/v2\/types\/post"}],"author":[{"embeddable":true,"href":"https:\/\/www.kvarken.org\/en\/wp-json\/wp\/v2\/users\/5"}],"replies":[{"embeddable":true,"href":"https:\/\/www.kvarken.org\/en\/wp-json\/wp\/v2\/comments?post=12147"}],"version-history":[{"count":0,"href":"https:\/\/www.kvarken.org\/en\/wp-json\/wp\/v2\/posts\/12147\/revisions"}],"wp:featuredmedia":[{"embeddable":true,"href":"https:\/\/www.kvarken.org\/en\/wp-json\/wp\/v2\/media\/12158"}],"wp:attachment":[{"href":"https:\/\/www.kvarken.org\/en\/wp-json\/wp\/v2\/media?parent=12147"}],"wp:term":[{"taxonomy":"category","embeddable":true,"href":"https:\/\/www.kvarken.org\/en\/wp-json\/wp\/v2\/categories?post=12147"},{"taxonomy":"post_tag","embeddable":true,"href":"https:\/\/www.kvarken.org\/en\/wp-json\/wp\/v2\/tags?post=12147"},{"taxonomy":"amnen","embeddable":true,"href":"https:\/\/www.kvarken.org\/en\/wp-json\/wp\/v2\/amnen?post=12147"}],"curies":[{"name":"wp","href":"https:\/\/api.w.org\/{rel}","templated":true}]}}