{"id":12725,"date":"2022-02-10T11:39:05","date_gmt":"2022-02-10T08:39:05","guid":{"rendered":"https:\/\/kvarken.org\/?p=12725"},"modified":"2022-09-29T14:16:20","modified_gmt":"2022-09-29T11:16:20","slug":"tove-styrke-bess-lisa-miskovsky-and-elonkerjuu-will-perform-at-kvarkenfest","status":"publish","type":"post","link":"https:\/\/www.kvarken.org\/en\/tove-styrke-bess-lisa-miskovsky-and-elonkerjuu-will-perform-at-kvarkenfest\/","title":{"rendered":"Tove Styrke, BESS, Lisa Miskovsky, and Elonkerjuu will perform at Kvarkenfest"},"content":{"rendered":"<p>[et_pb_section fb_built=&#8221;1&#8243; _builder_version=&#8221;4.16&#8243; custom_margin=&#8221;0px|0px|0px|0px|false|false&#8221; custom_padding=&#8221;0px|0px|0px|0px|false|false&#8221; global_colors_info=&#8221;{}&#8221;][et_pb_row _builder_version=&#8221;4.16&#8243; background_size=&#8221;initial&#8221; background_position=&#8221;top_left&#8221; background_repeat=&#8221;repeat&#8221; width=&#8221;90%&#8221; max_width=&#8221;1280px&#8221; global_colors_info=&#8221;{}&#8221;][et_pb_column type=&#8221;4_4&#8243; _builder_version=&#8221;4.16&#8243; custom_padding=&#8221;|||&#8221; global_colors_info=&#8221;{}&#8221; custom_padding__hover=&#8221;|||&#8221;][et_pb_text _builder_version=&#8221;4.16&#8243; background_size=&#8221;initial&#8221; background_position=&#8221;top_left&#8221; background_repeat=&#8221;repeat&#8221; global_colors_info=&#8221;{}&#8221;]<\/p>\n<h1><\/h1>\n<h2><strong><span class=\"TextRun MacChromeBold SCXW59345180 BCX0\" lang=\"EN-GB\" xml:lang=\"EN-GB\" data-contrast=\"none\"><span class=\"NormalTextRun SCXW59345180 BCX0\">T<\/span><span class=\"NormalTextRun SCXW59345180 BCX0\">he pop queen from <\/span><span class=\"NormalTextRun SpellingErrorV2 SCXW59345180 BCX0\">Ume\u00e5<\/span><span class=\"NormalTextRun SCXW59345180 BCX0\"> Tove <\/span><span class=\"NormalTextRun SpellingErrorV2 SCXW59345180 BCX0\">Styrke<\/span><span class=\"NormalTextRun SCXW59345180 BCX0\">, the <\/span><span class=\"NormalTextRun SpellingErrorV2 SCXW59345180 BCX0\">Melodifestivalen<\/span><span class=\"NormalTextRun SCXW59345180 BCX0\"> participant Lisa <\/span><span class=\"NormalTextRun SCXW59345180 BCX0\">Miskovsky<\/span><span class=\"NormalTextRun SCXW59345180 BCX0\">, the UMK participant BESS, and <\/span><span class=\"NormalTextRun SpellingErrorV2 SCXW59345180 BCX0\">Elonkerjuu<\/span><span class=\"NormalTextRun SCXW59345180 BCX0\">,<\/span><span class=\"NormalTextRun SCXW59345180 BCX0\"> the pride of the Finnish speaking Ostrobothnia, are few of the new artist<\/span><span class=\"NormalTextRun SCXW59345180 BCX0\"> reveals <\/span><span class=\"NormalTextRun SCXW59345180 BCX0\">that will perform at<\/span> <span class=\"NormalTextRun SpellingErrorV2 SCXW59345180 BCX0\">Kvarkenfest<\/span><span class=\"NormalTextRun SCXW59345180 BCX0\"> on Saturday 18<\/span><\/span><span class=\"TextRun MacChromeBold SCXW59345180 BCX0\" lang=\"EN-GB\" xml:lang=\"EN-GB\" data-contrast=\"none\"><span class=\"NormalTextRun Superscript SCXW59345180 BCX0\" data-fontsize=\"12\">th<\/span><\/span><span class=\"TextRun MacChromeBold SCXW59345180 BCX0\" lang=\"EN-GB\" xml:lang=\"EN-GB\" data-contrast=\"none\"><span class=\"NormalTextRun SCXW59345180 BCX0\"> of June 2022 at Elisa Stadion in Vaasa. <\/span><span class=\"NormalTextRun SCXW59345180 BCX0\">T<\/span><span class=\"NormalTextRun SCXW59345180 BCX0\">he humour group KAJ, the first <\/span><span class=\"NormalTextRun SCXW59345180 BCX0\">Swedish Idol winner Daniel <\/span><span class=\"NormalTextRun SCXW59345180 BCX0\">Lindstr\u00f6m<\/span><span class=\"NormalTextRun SCXW59345180 BCX0\">, and the first <\/span><span class=\"NormalTextRun SpellingErrorV2 SCXW59345180 BCX0\">Ostrobothnian<\/span><span class=\"NormalTextRun SCXW59345180 BCX0\"> the Voice of Finland winner Antti <\/span><span class=\"NormalTextRun SpellingErrorV2 SCXW59345180 BCX0\">Railio<\/span><span class=\"NormalTextRun SCXW59345180 BCX0\">, <\/span><span class=\"NormalTextRun SCXW59345180 BCX0\">have been released earlier as artists<\/span><span class=\"NormalTextRun SCXW59345180 BCX0\"> that will perform at <\/span><span class=\"NormalTextRun SCXW59345180 BCX0\">the festival.<\/span><\/span><span class=\"EOP SCXW59345180 BCX0\" data-ccp-props=\"{}\">\u00a0<\/span><\/strong><\/h2>\n<p>[\/et_pb_text][et_pb_text _builder_version=&#8221;4.16&#8243; background_size=&#8221;initial&#8221; background_position=&#8221;top_left&#8221; background_repeat=&#8221;repeat&#8221; custom_padding=&#8221;||0px|||&#8221; global_colors_info=&#8221;{}&#8221;]<span data-contrast=\"none\">The Kvarkenfest organisers can now present the festivals main artist Tove Styrke, who origins from Ume\u00e5. Styrke is predicted to become the next international pop queen of Sweden, and she\u2019s currently on tour with the world star MARINA in the US and Canada.<\/span><span data-ccp-props=\"{}\">\u00a0<\/span><\/p>\n<p><span data-contrast=\"none\">\u2013 The artist set-up will soon be ready. It will for sure be a folk festival, and an awesome cavalcade of artists both from Sweden and Finland, says <\/span><b><span data-contrast=\"none\">Fredrik Furu<\/span><\/b><span data-contrast=\"none\">, the event coordinator for Kvarkenfest.\u00a0<\/span><span data-ccp-props=\"{}\">\u00a0<\/span><\/p>\n<p><span data-contrast=\"none\">\u2013 We\u2019re proud to say that we now have both an Idol winner, and a winner of the Voice of Finland from the Kvarken region among the artists at Kvarkenfest. Lisa Miskovsky and BESS are also participating in Melodifestivalen and UMK this year which makes this spring even more exciting, says\u202f<\/span><b><span data-contrast=\"none\">Mr Mathias Lindstr\u00f6m<\/span><\/b><span data-contrast=\"none\">, Director of the Kvarken Council.<\/span><span data-ccp-props=\"{}\">\u00a0<\/span><\/p>\n<p><span data-contrast=\"none\">The musical star Jennie Storbacka, and the young pop talent Alva Elle, are also ready to perform at the festival. They perform as soloists together with Kvarken Allstars, which is a unique composition only for Kvarkenfest.<\/span><span data-ccp-props=\"{}\">\u00a0<\/span><\/p>\n<p><span data-contrast=\"none\">The Kvarken Council and the formal cooperation between Finland and Sweden in the Kvarken region celebrates its 50<\/span><span data-contrast=\"none\">th<\/span><span data-contrast=\"none\"> anniversary this year, and therefore Kvarkenfest is arranged. In addition, the festival will be organised on the same day as the running and wellbeing event Vaasa Run, which is organized by Vasa Idrottss\u00e4llskap (Vasa IS). Over 2,000 runners with different exercise backgrounds are expected to participate.<\/span><span data-ccp-props=\"{}\">\u00a0<\/span><\/p>\n<p><b><span data-contrast=\"none\">FamilyFun activity area for the whole family\u00a0<\/span><\/b><span data-ccp-props=\"{}\">\u00a0<\/span><\/p>\n<p><span data-contrast=\"none\">There will be built an activity area for the whole family outside of the Stadion, that consist of Folkh\u00e4lsans obstacle course, Street art workshops, and the popular bungy trampoline by Hopsis, among other things. \u201cKidz Run\u201d will also be held here. It\u2019s a race for kids below school age, and all participants will get a medal, juice, and a balloon.<\/span><span data-ccp-props=\"{}\">\u00a0<\/span><\/p>\n<p><span data-contrast=\"none\">\u2013 There will also be a change to get acquainted with a fire truck and a police motorcycle. There is also a dog show, a hobby horse track, and the BUU-klubben stamp will also visit the event, says <\/span><b><span data-contrast=\"none\">Jannica Granbacka<\/span><\/b><span data-contrast=\"none\">, the event manager for Vaasa Run.<\/span><span data-ccp-props=\"{}\">\u00a0<\/span><\/p>\n<p><span data-contrast=\"none\">Fredrik Furu promises that there will be entertainment all day from the forenoon until after midnight. <\/span><br \/>\n<span data-contrast=\"none\">\u202f\u202f<\/span><br \/>\n<span data-contrast=\"none\">\u2013 We open the activity area at 10 AM, and the festival gates at 12 PM, which is one hour before the Vaasa Run race starts. The first artist that will perform is the humour group KAJ at 15 PM, and after that there will be performances until after midnight, says Furu.\u00a0<\/span><span data-ccp-props=\"{}\">\u00a0<\/span><\/p>\n<p><span data-contrast=\"none\">There will be locally produced food and drinks that can be bought on the festival area.\u00a0<\/span><span data-ccp-props=\"{&quot;134233117&quot;:true,&quot;134233118&quot;:true}\">\u00a0<\/span><\/p>\n<p><b><span data-contrast=\"none\">Only 5\u20ac for a festival ticket<\/span><\/b><\/p>\n<p><span data-contrast=\"none\">An entrance fee to Kvarkenfest is only 5\u20ac if you book your ticket in advance from Netticket. With this offer, the Kvarken Council wants to offer as many as possible of the region&#8217;s inhabitants, the opportunity to take par<\/span><span data-contrast=\"auto\">t of the cultural treasure that we have in the Kvarken region.\u00a0<\/span><span data-ccp-props=\"{&quot;134233117&quot;:true,&quot;134233118&quot;:true}\">\u00a0<\/span><\/p>\n<p><span data-contrast=\"none\">Artists that will perform at Kvarkenfest: Tove Styrke (swe), BESS (fi), Lisa Miskovsky (swe), Elonkerjuu (fi), KAJ (fi), Kvarken Allstars (fi\/swe) feat. Daniel Lindstr\u00f6m (swe), Kuningas P\u00e4hkin\u00e4 &amp; Set\u00e4 Tamu (fi), Antti Railio (fi), Jennie Storbacka (fi), Alva Elle (fi) et al.<\/span>[\/et_pb_text][\/et_pb_column][\/et_pb_row][et_pb_row column_structure=&#8221;3_5,2_5&#8243; _builder_version=&#8221;4.16&#8243; background_size=&#8221;initial&#8221; background_position=&#8221;top_left&#8221; background_repeat=&#8221;repeat&#8221; width=&#8221;90%&#8221; max_width=&#8221;1280px&#8221; global_colors_info=&#8221;{}&#8221;][et_pb_column type=&#8221;3_5&#8243; _builder_version=&#8221;4.16&#8243; custom_padding=&#8221;|||&#8221; global_colors_info=&#8221;{}&#8221; custom_padding__hover=&#8221;|||&#8221;][et_pb_text _builder_version=&#8221;4.16&#8243; background_size=&#8221;initial&#8221; background_position=&#8221;top_left&#8221; background_repeat=&#8221;repeat&#8221; custom_padding=&#8221;||0px|||&#8221; global_colors_info=&#8221;{}&#8221;]<\/p>\n<p><b><span data-contrast=\"none\">Facts \u2013 Tove Styrke:<\/span><\/b><span data-contrast=\"none\">\u202f\u202f<\/span><span data-ccp-props=\"{&quot;134233117&quot;:true,&quot;134233118&quot;:true}\">\u00a0<br \/><\/span><span data-contrast=\"none\">&#8211; Tove Styrke, that origins from Ume\u00e5, <\/span><span data-contrast=\"none\">is predicted to become the next international pop queen of Sweden.<\/span><span data-ccp-props=\"{&quot;134233117&quot;:true,&quot;134233118&quot;:true}\">\u00a0<br \/><\/span><span data-contrast=\"none\">&#8211; She released her new single \u201cShow me love\u201d in 2022, and is currently on tour in the US and Canada with the world-famous MARINA.\u00a0<\/span><span data-ccp-props=\"{&quot;134233117&quot;:true,&quot;134233118&quot;:true}\">\u00a0<br \/><\/span><span data-contrast=\"none\">&#8211; Styrke made her breakthrough in the Swedish Idol competition in 2009. She participated in the Swedish TV-program \u201cS\u00e5 mycket b\u00e4ttre\u201d in 2020, and she\u2019s also been a warm-up artist in Europe for the world-famous Katy Perry. Styrke has performed this year at the show \u201cP\u00e5 sp\u00e5ret\u201d, and at Carina Bergfeldt talkshow on Swedish TV-channel SVT.\u00a0<\/span><span data-ccp-props=\"{&quot;134233117&quot;:true,&quot;134233118&quot;:true}\">\u00a0<\/span><\/p>\n<p><b><span data-contrast=\"none\">Facts \u2013 BESS:<\/span><\/b><span data-ccp-props=\"{}\">\u00a0<br \/><\/span><span data-contrast=\"none\">&#8211; BESS is a singer from Helsinki, that published her debut album 2019.<\/span><span data-ccp-props=\"{}\">\u00a0<br \/><\/span><span data-contrast=\"none\">&#8211; Her music is a combination of electric pop music and house.\u00a0<\/span><span data-ccp-props=\"{}\">\u00a0<br \/><\/span><span data-contrast=\"none\">&#8211; This year BESS will participate in the \u201cUuden Musiikin Kilpailu\u201d, which is the Finnish preselection for the Eurovision Song Contest. She will compete with the song \u201dRam pam pam\u201d, which is currently number one both on the singles chart in Finland, and on the Finnish Spotify chart.\u00a0<\/span><span data-ccp-props=\"{}\">\u00a0<\/span><\/p>\n<p><b><span data-contrast=\"none\">Facts \u2013 Lisa Miskovsky:<\/span><\/b><span data-ccp-props=\"{}\">\u00a0<br \/><\/span><b><span data-contrast=\"none\">&#8211; <\/span><\/b><span data-contrast=\"none\">Lisa Miskovsky, who origins from Ume\u00e5, is one of Sweden\u2019s most established artists and songwriters. She has written for instance a world hit for Backstreet Boys.<\/span><span data-ccp-props=\"{}\">\u00a0<br \/><\/span><span data-contrast=\"none\">&#8211; Miskovsky, who has a Finnish mum, will participate in Melodifestivalen 19<\/span><span data-contrast=\"none\">th<\/span><span data-contrast=\"none\"> of February 2022, the Swedish preselection for the Eurovision Song Contest, with the song \u201cBest to come\u201d.<\/span><span data-ccp-props=\"{}\">\u00a0<br \/><\/span><span data-contrast=\"none\">&#8211; She has sold over 200\u202f000 albums, won two Grammis trophies, and five Rockbj\u00f6rnen trophies.<\/span><span data-ccp-props=\"{}\">\u00a0<\/span><\/p>\n<p><b><span data-contrast=\"none\">Facts \u2013 Elonkerjuu:<\/span><\/b><span data-ccp-props=\"{}\">\u00a0<br \/><\/span><span data-contrast=\"none\">&#8211; The rock band Elonkerjuu, from the Finnish speaking Ostrobothnia, became first known as Lauri T\u00e4hk\u00e4 &amp; Elonkerjuu but has after that gone their own way, and sold gold, platinum and quatro platinum. Besides that, they have also won several Emma awards.<\/span><span data-ccp-props=\"{}\">\u00a0<\/span><\/p>\n<p><b><span data-contrast=\"none\">Facts \u2013 Kvarken Council EGTC:<\/span><\/b><br \/><span data-contrast=\"none\">&#8211; The Kvarken Council is a neutral cooperation platform that enables all kinds of cross-border cooperation in the Kvarken region.<\/span><br \/><span data-contrast=\"none\">&#8211; The Kvarken Council EGTC encompasses three Ostrobothnian counties in Finland and the County of V\u00e4sterbotten and the Municipality of \u00d6rnsk\u00f6ldsvik in Sweden.\u202fKvarken Council EGTC members consist of cities, municipalities and regional councils from all over the region.<\/span><br \/><span data-contrast=\"none\">&#8211; The Kvarken Council adopted its new organizational form EGTC at the turn of the year 2020\u20132021. The Kvarken Council EGTC continues the work that has been going on for 50\u202fyears.<\/span><span data-ccp-props=\"{}\">\u00a0<br \/><\/span><span data-contrast=\"none\">&#8211; Read about the Kvarken Council EGTC and its activities: <\/span><a href=\"https:\/\/www.kvarken.org\/en\/\"><span data-contrast=\"none\">www.kvarken.org<\/span><\/a><span data-contrast=\"none\">\u00a0<\/span><span data-ccp-props=\"{}\">\u00a0<\/span><\/p>\n<p>[\/et_pb_text][\/et_pb_column][et_pb_column type=&#8221;2_5&#8243; _builder_version=&#8221;4.16&#8243; custom_padding=&#8221;|||&#8221; global_colors_info=&#8221;{}&#8221; custom_padding__hover=&#8221;|||&#8221;][et_pb_image src=&#8221;https:\/\/www.kvarken.org\/wp-content\/uploads\/2021\/11\/Netticket_version3.jpg&#8221; alt=&#8221;En bild med ett vitt elflyg&#8221; title_text=&#8221;Netticket_version3&#8243; _builder_version=&#8221;4.16&#8243; _module_preset=&#8221;default&#8221; global_colors_info=&#8221;{}&#8221;][\/et_pb_image][et_pb_text _builder_version=&#8221;4.16&#8243; background_size=&#8221;initial&#8221; background_position=&#8221;top_left&#8221; background_repeat=&#8221;repeat&#8221; global_colors_info=&#8221;{}&#8221;]<\/p>\n<p><b><span data-contrast=\"none\">Facts &#8211; Vaasa Run:<\/span><\/b><span data-contrast=\"none\">\u202f<\/span><span data-ccp-props=\"{&quot;134233117&quot;:true,&quot;134233118&quot;:true,&quot;335551550&quot;:6,&quot;335551620&quot;:6}\">\u00a0<br \/><\/span><span data-contrast=\"none\">&#8211; Held for the second year in a row at Elisa Stadion by VIS.\u202f<\/span><span data-ccp-props=\"{&quot;134233117&quot;:true,&quot;134233118&quot;:true,&quot;335551550&quot;:6,&quot;335551620&quot;:6}\">\u00a0<br \/><\/span><span data-contrast=\"none\">&#8211; Routes 5km and 10km along the sea. You can walk, jog or run alone or as part of a team.\u202f<\/span><span data-ccp-props=\"{&quot;134233117&quot;:true,&quot;134233118&quot;:true,&quot;335551550&quot;:6,&quot;335551620&quot;:6}\">\u00a0<br \/><\/span><span data-contrast=\"none\">&#8211; Kidz Run \u2013 a free-of-charge event for children under school age, all participants receive a medal, juice and a balloon!\u202fNo registration in advance is necessary.\u00a0<\/span><span data-ccp-props=\"{&quot;134233117&quot;:true,&quot;134233118&quot;:true,&quot;335551550&quot;:6,&quot;335551620&quot;:6}\">\u00a0<br \/><\/span><span data-contrast=\"none\">&#8211; The goal is to attract over 2,000\u202fparticipants with different exercise backgrounds.\u202f<\/span><span data-ccp-props=\"{&quot;134233117&quot;:true,&quot;134233118&quot;:true,&quot;335551550&quot;:6,&quot;335551620&quot;:6}\">\u00a0<br \/><\/span><span data-contrast=\"none\">&#8211; Participants receive a ticket to Kvarkenfest, a T-shirt, and a goodie bag with local products.\u202f<\/span><span data-ccp-props=\"{&quot;134233117&quot;:true,&quot;134233118&quot;:true,&quot;335551550&quot;:6,&quot;335551620&quot;:6}\">\u00a0<br \/><\/span><span data-contrast=\"none\">&#8211; The routes 5km and 10km are officially measured this year. All participants are given a chip for official timing, although they can choose not to time their run.\u202f<\/span><span data-ccp-props=\"{&quot;134233117&quot;:true,&quot;134233118&quot;:true,&quot;335551550&quot;:6,&quot;335551620&quot;:6}\">\u00a0<br \/><\/span><span data-contrast=\"none\">&#8211; Web page: <\/span><a href=\"https:\/\/www.vaasarun.fi\/en\/home\/\"><span data-contrast=\"none\">www.vaasarun.fi<\/span><\/a><span data-contrast=\"none\">\u202f<\/span><span data-ccp-props=\"{&quot;134233117&quot;:true,&quot;134233118&quot;:true,&quot;335551550&quot;:6,&quot;335551620&quot;:6}\">\u00a0<br \/><\/span><span data-contrast=\"none\">&#8211; Tickets: <\/span><a href=\"https:\/\/www.netticket.fi\/product_info.php?products_id=374704&amp;language=en\"><span data-contrast=\"none\">www.netticket.fi<\/span><\/a><span data-contrast=\"none\">\u202f<\/span><span data-ccp-props=\"{}\">\u00a0<\/span><\/p>\n<p><b><span data-contrast=\"none\">Facts \u2013 Kvarkenfest:<\/span><\/b><span data-ccp-props=\"{}\">\u00a0<br \/><\/span><span data-contrast=\"none\">&#8211; A 50-year tribute to the Kvarken collaboration.<\/span><span data-ccp-props=\"{}\">\u00a0<br \/><\/span><span data-contrast=\"none\">&#8211; The festival will be held 18<\/span><span data-contrast=\"none\">th<\/span><span data-contrast=\"none\"> of June 2022 at Elisa Stadion in Vaasa. It will be organized by the Kvarken Council EGTC.\u00a0<\/span><span data-ccp-props=\"{}\">\u00a0<br \/><\/span><span data-contrast=\"none\">&#8211; The aim is to <\/span><span data-contrast=\"none\">strengthen cooperation among inhabitants of the whole region, as well as<\/span><span data-contrast=\"none\"> cultural and business cooperation in the Kvarken region.<\/span><span data-ccp-props=\"{}\">\u00a0<br \/><\/span><span data-contrast=\"none\">&#8211; The running and wellbeing event Vaasa Run will be organised on the same day as Kvarkenfest.\u00a0<\/span><span data-ccp-props=\"{}\">\u00a0<br \/><\/span><span data-contrast=\"auto\">&#8211; Presenters in both events are the TV profiles <\/span><b><span data-contrast=\"auto\">Kaj Kunnas<\/span><\/b><span data-contrast=\"auto\"> and <\/span><b><span data-contrast=\"auto\">Jonathan \u201cJontti\u201d Granbacka<\/span><\/b><span data-contrast=\"auto\">.<\/span><span data-ccp-props=\"{}\">\u00a0<br \/><\/span><span data-contrast=\"none\">&#8211; \u201cKvarken Talks\u201d will be organised in connection to Kvarkenfest. It\u2019s an opportunity for discussion with representatives from the cultural industry, business world, and the public sector.<\/span><span data-ccp-props=\"{}\">\u00a0<br \/><\/span><span data-contrast=\"none\">&#8211; The first 500\u202fpersons who book a ticket to the event will get a free entry to the festival. After that Kvarkenfest\u2019s ticket price, when buying a ticket in advance, will only be 5\u20ac (50\u202fSEK).\u00a0<\/span><span data-ccp-props=\"{}\">\u00a0<br \/><\/span><span data-contrast=\"none\">&#8211; Web page: <\/span><a href=\"https:\/\/www.kvarkenfest.com\/en\/\"><span data-contrast=\"none\">www.kvarkenfest.com<\/span><\/a><span data-ccp-props=\"{}\">\u00a0<br \/><\/span><span data-contrast=\"none\">&#8211; Tickets: <\/span><a href=\"https:\/\/www.netticket.fi\/product_info.php?products_id=374704&amp;language=en\"><span data-contrast=\"none\">www.netticket.fi<\/span><\/a><span data-contrast=\"none\">\u00a0\u00a0<\/span><span data-ccp-props=\"{}\">\u00a0<\/span><\/p>\n<p>[\/et_pb_text][et_pb_divider _builder_version=&#8221;4.16&#8243; _module_preset=&#8221;default&#8221; global_colors_info=&#8221;{}&#8221;][\/et_pb_divider][et_pb_text _builder_version=&#8221;4.16&#8243; background_size=&#8221;initial&#8221; background_position=&#8221;top_left&#8221; background_repeat=&#8221;repeat&#8221; min_height=&#8221;284px&#8221; global_colors_info=&#8221;{}&#8221;]<\/p>\n<p><b><span data-contrast=\"none\">For more information, please contact:<\/span><\/b><span data-ccp-props=\"{}\">\u00a0<br \/><\/span><span data-contrast=\"none\">Fredrik Furu, Event Coordinator, Kvarkenfest<\/span><span data-ccp-props=\"{}\">\u00a0<br \/><\/span><span data-contrast=\"none\">+358-50\u202f585\u202f8975<\/span><span data-ccp-props=\"{}\">\u00a0<br \/><\/span><span data-contrast=\"none\">fredrik.furu@kvarken.org<\/span><span data-ccp-props=\"{}\">\u00a0<\/span><\/p>\n<p><span data-contrast=\"none\">Jannica Granbacka, Event Manager, Vaasa Run\u202f<\/span><span data-ccp-props=\"{&quot;134233117&quot;:true,&quot;134233118&quot;:true,&quot;335551550&quot;:6,&quot;335551620&quot;:6}\">\u00a0<br \/><\/span><span data-contrast=\"none\">+358-40\u202f737\u202f3541\u202f<\/span><span data-ccp-props=\"{&quot;134233117&quot;:true,&quot;134233118&quot;:true,&quot;335551550&quot;:6,&quot;335551620&quot;:6}\">\u00a0<br \/><\/span><span data-contrast=\"none\">granbacka.jannica@gmail.com<\/span><span data-ccp-props=\"{&quot;134233117&quot;:true,&quot;134233118&quot;:true,&quot;335551550&quot;:6,&quot;335551620&quot;:6}\">\u00a0<\/span><\/p>\n<p>[\/et_pb_text][\/et_pb_column][\/et_pb_row][\/et_pb_section]<\/p>\n","protected":false},"excerpt":{"rendered":"<p>The pop queen from Ume\u00e5 Tove Styrke, the Melodifestivalen participant Lisa Miskovsky, the UMK participant BESS, and Elonkerjuu, the pride of the Finnish speaking Ostrobothnia, are few of the new artist reveals that will perform at Kvarkenfest on Saturday 18th of June 2022 at Elisa Stadion in Vaasa. The humour group KAJ, the first Swedish Idol winner Daniel Lindstr\u00f6m, and the first Ostrobothnian the Voice of Finland winner Antti Railio, have been released earlier as artists that will perform at the festival. <\/p>\n","protected":false},"author":6,"featured_media":12158,"comment_status":"open","ping_status":"open","sticky":false,"template":"","format":"standard","meta":{"_acf_changed":false,"_et_pb_use_builder":"on","_et_pb_old_content":"","_et_gb_content_width":"","footnotes":""},"categories":[68,12],"tags":[],"amnen":[121,125,94,95,92,118,96],"class_list":["post-12725","post","type-post","status-publish","format-standard","has-post-thumbnail","hentry","category-press-release","category-uncategorized","amnen-business-2","amnen-business-2-en","amnen-business","amnen-cooperation-structures","amnen-culture","amnen-networks","amnen-tourism"],"acf":[],"yoast_head":"<!-- This site is optimized with the Yoast SEO plugin v27.4 - https:\/\/yoast.com\/product\/yoast-seo-wordpress\/ -->\n<title>Tove Styrke, BESS, Lisa Miskovsky, and Elonkerjuu will perform at Kvarkenfest - Kvarkenr\u00e5det<\/title>\n<meta name=\"robots\" content=\"index, follow, max-snippet:-1, max-image-preview:large, max-video-preview:-1\" \/>\n<link rel=\"canonical\" href=\"https:\/\/www.kvarken.org\/en\/tove-styrke-bess-lisa-miskovsky-and-elonkerjuu-will-perform-at-kvarkenfest\/\" \/>\n<meta property=\"og:locale\" content=\"en_US\" \/>\n<meta property=\"og:type\" content=\"article\" \/>\n<meta property=\"og:title\" content=\"Tove Styrke, BESS, Lisa Miskovsky, and Elonkerjuu will perform at Kvarkenfest - Kvarkenr\u00e5det\" \/>\n<meta property=\"og:description\" content=\"The pop queen from Ume\u00e5 Tove Styrke, the Melodifestivalen participant Lisa Miskovsky, the UMK participant BESS, and Elonkerjuu, the pride of the Finnish speaking Ostrobothnia, are few of the new artist reveals that will perform at Kvarkenfest on Saturday 18th of June 2022 at Elisa Stadion in Vaasa. The humour group KAJ, the first Swedish Idol winner Daniel Lindstr\u00f6m, and the first Ostrobothnian the Voice of Finland winner Antti Railio, have been released earlier as artists that will perform at the festival.\" \/>\n<meta property=\"og:url\" content=\"https:\/\/www.kvarken.org\/en\/tove-styrke-bess-lisa-miskovsky-and-elonkerjuu-will-perform-at-kvarkenfest\/\" \/>\n<meta property=\"og:site_name\" content=\"Kvarkenr\u00e5det\" \/>\n<meta property=\"article:published_time\" content=\"2022-02-10T08:39:05+00:00\" \/>\n<meta property=\"article:modified_time\" content=\"2022-09-29T11:16:20+00:00\" \/>\n<meta property=\"og:image\" content=\"https:\/\/www.kvarken.org\/wp-content\/uploads\/2021\/11\/Netticket_version3.jpg\" \/>\n\t<meta property=\"og:image:width\" content=\"2000\" \/>\n\t<meta property=\"og:image:height\" content=\"1333\" \/>\n\t<meta property=\"og:image:type\" content=\"image\/jpeg\" \/>\n<meta name=\"author\" content=\"Huuhka Ida-Maria\" \/>\n<meta name=\"twitter:card\" content=\"summary_large_image\" \/>\n<meta name=\"twitter:label1\" content=\"Written by\" \/>\n\t<meta name=\"twitter:data1\" content=\"Huuhka Ida-Maria\" \/>\n\t<meta name=\"twitter:label2\" content=\"Est. reading time\" \/>\n\t<meta name=\"twitter:data2\" content=\"7 minutes\" \/>\n<script type=\"application\/ld+json\" class=\"yoast-schema-graph\">{\"@context\":\"https:\\\/\\\/schema.org\",\"@graph\":[{\"@type\":\"Article\",\"@id\":\"https:\\\/\\\/www.kvarken.org\\\/en\\\/tove-styrke-bess-lisa-miskovsky-and-elonkerjuu-will-perform-at-kvarkenfest\\\/#article\",\"isPartOf\":{\"@id\":\"https:\\\/\\\/www.kvarken.org\\\/en\\\/tove-styrke-bess-lisa-miskovsky-and-elonkerjuu-will-perform-at-kvarkenfest\\\/\"},\"author\":{\"name\":\"Huuhka Ida-Maria\",\"@id\":\"https:\\\/\\\/www.kvarken.org\\\/en\\\/#\\\/schema\\\/person\\\/0da9a52b8b8962cba7c963d7189046b5\"},\"headline\":\"Tove Styrke, BESS, Lisa Miskovsky, and Elonkerjuu will perform at Kvarkenfest\",\"datePublished\":\"2022-02-10T08:39:05+00:00\",\"dateModified\":\"2022-09-29T11:16:20+00:00\",\"mainEntityOfPage\":{\"@id\":\"https:\\\/\\\/www.kvarken.org\\\/en\\\/tove-styrke-bess-lisa-miskovsky-and-elonkerjuu-will-perform-at-kvarkenfest\\\/\"},\"wordCount\":1648,\"commentCount\":0,\"image\":{\"@id\":\"https:\\\/\\\/www.kvarken.org\\\/en\\\/tove-styrke-bess-lisa-miskovsky-and-elonkerjuu-will-perform-at-kvarkenfest\\\/#primaryimage\"},\"thumbnailUrl\":\"https:\\\/\\\/www.kvarken.org\\\/wp-content\\\/uploads\\\/2021\\\/11\\\/Netticket_version3.jpg\",\"articleSection\":[\"Press release\"],\"inLanguage\":\"en-US\",\"potentialAction\":[{\"@type\":\"CommentAction\",\"name\":\"Comment\",\"target\":[\"https:\\\/\\\/www.kvarken.org\\\/en\\\/tove-styrke-bess-lisa-miskovsky-and-elonkerjuu-will-perform-at-kvarkenfest\\\/#respond\"]}]},{\"@type\":\"WebPage\",\"@id\":\"https:\\\/\\\/www.kvarken.org\\\/en\\\/tove-styrke-bess-lisa-miskovsky-and-elonkerjuu-will-perform-at-kvarkenfest\\\/\",\"url\":\"https:\\\/\\\/www.kvarken.org\\\/en\\\/tove-styrke-bess-lisa-miskovsky-and-elonkerjuu-will-perform-at-kvarkenfest\\\/\",\"name\":\"Tove Styrke, BESS, Lisa Miskovsky, and Elonkerjuu will perform at Kvarkenfest - Kvarkenr\u00e5det\",\"isPartOf\":{\"@id\":\"https:\\\/\\\/www.kvarken.org\\\/en\\\/#website\"},\"primaryImageOfPage\":{\"@id\":\"https:\\\/\\\/www.kvarken.org\\\/en\\\/tove-styrke-bess-lisa-miskovsky-and-elonkerjuu-will-perform-at-kvarkenfest\\\/#primaryimage\"},\"image\":{\"@id\":\"https:\\\/\\\/www.kvarken.org\\\/en\\\/tove-styrke-bess-lisa-miskovsky-and-elonkerjuu-will-perform-at-kvarkenfest\\\/#primaryimage\"},\"thumbnailUrl\":\"https:\\\/\\\/www.kvarken.org\\\/wp-content\\\/uploads\\\/2021\\\/11\\\/Netticket_version3.jpg\",\"datePublished\":\"2022-02-10T08:39:05+00:00\",\"dateModified\":\"2022-09-29T11:16:20+00:00\",\"author\":{\"@id\":\"https:\\\/\\\/www.kvarken.org\\\/en\\\/#\\\/schema\\\/person\\\/0da9a52b8b8962cba7c963d7189046b5\"},\"breadcrumb\":{\"@id\":\"https:\\\/\\\/www.kvarken.org\\\/en\\\/tove-styrke-bess-lisa-miskovsky-and-elonkerjuu-will-perform-at-kvarkenfest\\\/#breadcrumb\"},\"inLanguage\":\"en-US\",\"potentialAction\":[{\"@type\":\"ReadAction\",\"target\":[\"https:\\\/\\\/www.kvarken.org\\\/en\\\/tove-styrke-bess-lisa-miskovsky-and-elonkerjuu-will-perform-at-kvarkenfest\\\/\"]}]},{\"@type\":\"ImageObject\",\"inLanguage\":\"en-US\",\"@id\":\"https:\\\/\\\/www.kvarken.org\\\/en\\\/tove-styrke-bess-lisa-miskovsky-and-elonkerjuu-will-perform-at-kvarkenfest\\\/#primaryimage\",\"url\":\"https:\\\/\\\/www.kvarken.org\\\/wp-content\\\/uploads\\\/2021\\\/11\\\/Netticket_version3.jpg\",\"contentUrl\":\"https:\\\/\\\/www.kvarken.org\\\/wp-content\\\/uploads\\\/2021\\\/11\\\/Netticket_version3.jpg\",\"width\":2000,\"height\":1333,\"caption\":\"Kvarkenfest 18.6.2022 Vaasa\\\/Vasa\"},{\"@type\":\"BreadcrumbList\",\"@id\":\"https:\\\/\\\/www.kvarken.org\\\/en\\\/tove-styrke-bess-lisa-miskovsky-and-elonkerjuu-will-perform-at-kvarkenfest\\\/#breadcrumb\",\"itemListElement\":[{\"@type\":\"ListItem\",\"position\":1,\"name\":\"Hem\",\"item\":\"https:\\\/\\\/www.kvarken.org\\\/en\\\/\"},{\"@type\":\"ListItem\",\"position\":2,\"name\":\"Tove Styrke, BESS, Lisa Miskovsky, and Elonkerjuu will perform at Kvarkenfest\"}]},{\"@type\":\"WebSite\",\"@id\":\"https:\\\/\\\/www.kvarken.org\\\/en\\\/#website\",\"url\":\"https:\\\/\\\/www.kvarken.org\\\/en\\\/\",\"name\":\"Kvarkenr\u00e5det\",\"description\":\"\",\"potentialAction\":[{\"@type\":\"SearchAction\",\"target\":{\"@type\":\"EntryPoint\",\"urlTemplate\":\"https:\\\/\\\/www.kvarken.org\\\/en\\\/?s={search_term_string}\"},\"query-input\":{\"@type\":\"PropertyValueSpecification\",\"valueRequired\":true,\"valueName\":\"search_term_string\"}}],\"inLanguage\":\"en-US\"},{\"@type\":\"Person\",\"@id\":\"https:\\\/\\\/www.kvarken.org\\\/en\\\/#\\\/schema\\\/person\\\/0da9a52b8b8962cba7c963d7189046b5\",\"name\":\"Huuhka Ida-Maria\",\"image\":{\"@type\":\"ImageObject\",\"inLanguage\":\"en-US\",\"@id\":\"https:\\\/\\\/secure.gravatar.com\\\/avatar\\\/8b0e50e08aa7a664dc6e2c23a82b9f95c7dc6946a41a69227e0712becda209aa?s=96&d=mm&r=g\",\"url\":\"https:\\\/\\\/secure.gravatar.com\\\/avatar\\\/8b0e50e08aa7a664dc6e2c23a82b9f95c7dc6946a41a69227e0712becda209aa?s=96&d=mm&r=g\",\"contentUrl\":\"https:\\\/\\\/secure.gravatar.com\\\/avatar\\\/8b0e50e08aa7a664dc6e2c23a82b9f95c7dc6946a41a69227e0712becda209aa?s=96&d=mm&r=g\",\"caption\":\"Huuhka Ida-Maria\"}}]}<\/script>\n<!-- \/ Yoast SEO plugin. -->","yoast_head_json":{"title":"Tove Styrke, BESS, Lisa Miskovsky, and Elonkerjuu will perform at Kvarkenfest - Kvarkenr\u00e5det","robots":{"index":"index","follow":"follow","max-snippet":"max-snippet:-1","max-image-preview":"max-image-preview:large","max-video-preview":"max-video-preview:-1"},"canonical":"https:\/\/www.kvarken.org\/en\/tove-styrke-bess-lisa-miskovsky-and-elonkerjuu-will-perform-at-kvarkenfest\/","og_locale":"en_US","og_type":"article","og_title":"Tove Styrke, BESS, Lisa Miskovsky, and Elonkerjuu will perform at Kvarkenfest - Kvarkenr\u00e5det","og_description":"The pop queen from Ume\u00e5 Tove Styrke, the Melodifestivalen participant Lisa Miskovsky, the UMK participant BESS, and Elonkerjuu, the pride of the Finnish speaking Ostrobothnia, are few of the new artist reveals that will perform at Kvarkenfest on Saturday 18th of June 2022 at Elisa Stadion in Vaasa. The humour group KAJ, the first Swedish Idol winner Daniel Lindstr\u00f6m, and the first Ostrobothnian the Voice of Finland winner Antti Railio, have been released earlier as artists that will perform at the festival.","og_url":"https:\/\/www.kvarken.org\/en\/tove-styrke-bess-lisa-miskovsky-and-elonkerjuu-will-perform-at-kvarkenfest\/","og_site_name":"Kvarkenr\u00e5det","article_published_time":"2022-02-10T08:39:05+00:00","article_modified_time":"2022-09-29T11:16:20+00:00","og_image":[{"width":2000,"height":1333,"url":"https:\/\/www.kvarken.org\/wp-content\/uploads\/2021\/11\/Netticket_version3.jpg","type":"image\/jpeg"}],"author":"Huuhka Ida-Maria","twitter_card":"summary_large_image","twitter_misc":{"Written by":"Huuhka Ida-Maria","Est. reading time":"7 minutes"},"schema":{"@context":"https:\/\/schema.org","@graph":[{"@type":"Article","@id":"https:\/\/www.kvarken.org\/en\/tove-styrke-bess-lisa-miskovsky-and-elonkerjuu-will-perform-at-kvarkenfest\/#article","isPartOf":{"@id":"https:\/\/www.kvarken.org\/en\/tove-styrke-bess-lisa-miskovsky-and-elonkerjuu-will-perform-at-kvarkenfest\/"},"author":{"name":"Huuhka Ida-Maria","@id":"https:\/\/www.kvarken.org\/en\/#\/schema\/person\/0da9a52b8b8962cba7c963d7189046b5"},"headline":"Tove Styrke, BESS, Lisa Miskovsky, and Elonkerjuu will perform at Kvarkenfest","datePublished":"2022-02-10T08:39:05+00:00","dateModified":"2022-09-29T11:16:20+00:00","mainEntityOfPage":{"@id":"https:\/\/www.kvarken.org\/en\/tove-styrke-bess-lisa-miskovsky-and-elonkerjuu-will-perform-at-kvarkenfest\/"},"wordCount":1648,"commentCount":0,"image":{"@id":"https:\/\/www.kvarken.org\/en\/tove-styrke-bess-lisa-miskovsky-and-elonkerjuu-will-perform-at-kvarkenfest\/#primaryimage"},"thumbnailUrl":"https:\/\/www.kvarken.org\/wp-content\/uploads\/2021\/11\/Netticket_version3.jpg","articleSection":["Press release"],"inLanguage":"en-US","potentialAction":[{"@type":"CommentAction","name":"Comment","target":["https:\/\/www.kvarken.org\/en\/tove-styrke-bess-lisa-miskovsky-and-elonkerjuu-will-perform-at-kvarkenfest\/#respond"]}]},{"@type":"WebPage","@id":"https:\/\/www.kvarken.org\/en\/tove-styrke-bess-lisa-miskovsky-and-elonkerjuu-will-perform-at-kvarkenfest\/","url":"https:\/\/www.kvarken.org\/en\/tove-styrke-bess-lisa-miskovsky-and-elonkerjuu-will-perform-at-kvarkenfest\/","name":"Tove Styrke, BESS, Lisa Miskovsky, and Elonkerjuu will perform at Kvarkenfest - Kvarkenr\u00e5det","isPartOf":{"@id":"https:\/\/www.kvarken.org\/en\/#website"},"primaryImageOfPage":{"@id":"https:\/\/www.kvarken.org\/en\/tove-styrke-bess-lisa-miskovsky-and-elonkerjuu-will-perform-at-kvarkenfest\/#primaryimage"},"image":{"@id":"https:\/\/www.kvarken.org\/en\/tove-styrke-bess-lisa-miskovsky-and-elonkerjuu-will-perform-at-kvarkenfest\/#primaryimage"},"thumbnailUrl":"https:\/\/www.kvarken.org\/wp-content\/uploads\/2021\/11\/Netticket_version3.jpg","datePublished":"2022-02-10T08:39:05+00:00","dateModified":"2022-09-29T11:16:20+00:00","author":{"@id":"https:\/\/www.kvarken.org\/en\/#\/schema\/person\/0da9a52b8b8962cba7c963d7189046b5"},"breadcrumb":{"@id":"https:\/\/www.kvarken.org\/en\/tove-styrke-bess-lisa-miskovsky-and-elonkerjuu-will-perform-at-kvarkenfest\/#breadcrumb"},"inLanguage":"en-US","potentialAction":[{"@type":"ReadAction","target":["https:\/\/www.kvarken.org\/en\/tove-styrke-bess-lisa-miskovsky-and-elonkerjuu-will-perform-at-kvarkenfest\/"]}]},{"@type":"ImageObject","inLanguage":"en-US","@id":"https:\/\/www.kvarken.org\/en\/tove-styrke-bess-lisa-miskovsky-and-elonkerjuu-will-perform-at-kvarkenfest\/#primaryimage","url":"https:\/\/www.kvarken.org\/wp-content\/uploads\/2021\/11\/Netticket_version3.jpg","contentUrl":"https:\/\/www.kvarken.org\/wp-content\/uploads\/2021\/11\/Netticket_version3.jpg","width":2000,"height":1333,"caption":"Kvarkenfest 18.6.2022 Vaasa\/Vasa"},{"@type":"BreadcrumbList","@id":"https:\/\/www.kvarken.org\/en\/tove-styrke-bess-lisa-miskovsky-and-elonkerjuu-will-perform-at-kvarkenfest\/#breadcrumb","itemListElement":[{"@type":"ListItem","position":1,"name":"Hem","item":"https:\/\/www.kvarken.org\/en\/"},{"@type":"ListItem","position":2,"name":"Tove Styrke, BESS, Lisa Miskovsky, and Elonkerjuu will perform at Kvarkenfest"}]},{"@type":"WebSite","@id":"https:\/\/www.kvarken.org\/en\/#website","url":"https:\/\/www.kvarken.org\/en\/","name":"Kvarkenr\u00e5det","description":"","potentialAction":[{"@type":"SearchAction","target":{"@type":"EntryPoint","urlTemplate":"https:\/\/www.kvarken.org\/en\/?s={search_term_string}"},"query-input":{"@type":"PropertyValueSpecification","valueRequired":true,"valueName":"search_term_string"}}],"inLanguage":"en-US"},{"@type":"Person","@id":"https:\/\/www.kvarken.org\/en\/#\/schema\/person\/0da9a52b8b8962cba7c963d7189046b5","name":"Huuhka Ida-Maria","image":{"@type":"ImageObject","inLanguage":"en-US","@id":"https:\/\/secure.gravatar.com\/avatar\/8b0e50e08aa7a664dc6e2c23a82b9f95c7dc6946a41a69227e0712becda209aa?s=96&d=mm&r=g","url":"https:\/\/secure.gravatar.com\/avatar\/8b0e50e08aa7a664dc6e2c23a82b9f95c7dc6946a41a69227e0712becda209aa?s=96&d=mm&r=g","contentUrl":"https:\/\/secure.gravatar.com\/avatar\/8b0e50e08aa7a664dc6e2c23a82b9f95c7dc6946a41a69227e0712becda209aa?s=96&d=mm&r=g","caption":"Huuhka Ida-Maria"}}]}},"_links":{"self":[{"href":"https:\/\/www.kvarken.org\/en\/wp-json\/wp\/v2\/posts\/12725","targetHints":{"allow":["GET"]}}],"collection":[{"href":"https:\/\/www.kvarken.org\/en\/wp-json\/wp\/v2\/posts"}],"about":[{"href":"https:\/\/www.kvarken.org\/en\/wp-json\/wp\/v2\/types\/post"}],"author":[{"embeddable":true,"href":"https:\/\/www.kvarken.org\/en\/wp-json\/wp\/v2\/users\/6"}],"replies":[{"embeddable":true,"href":"https:\/\/www.kvarken.org\/en\/wp-json\/wp\/v2\/comments?post=12725"}],"version-history":[{"count":15,"href":"https:\/\/www.kvarken.org\/en\/wp-json\/wp\/v2\/posts\/12725\/revisions"}],"predecessor-version":[{"id":14227,"href":"https:\/\/www.kvarken.org\/en\/wp-json\/wp\/v2\/posts\/12725\/revisions\/14227"}],"wp:featuredmedia":[{"embeddable":true,"href":"https:\/\/www.kvarken.org\/en\/wp-json\/wp\/v2\/media\/12158"}],"wp:attachment":[{"href":"https:\/\/www.kvarken.org\/en\/wp-json\/wp\/v2\/media?parent=12725"}],"wp:term":[{"taxonomy":"category","embeddable":true,"href":"https:\/\/www.kvarken.org\/en\/wp-json\/wp\/v2\/categories?post=12725"},{"taxonomy":"post_tag","embeddable":true,"href":"https:\/\/www.kvarken.org\/en\/wp-json\/wp\/v2\/tags?post=12725"},{"taxonomy":"amnen","embeddable":true,"href":"https:\/\/www.kvarken.org\/en\/wp-json\/wp\/v2\/amnen?post=12725"}],"curies":[{"name":"wp","href":"https:\/\/api.w.org\/{rel}","templated":true}]}}