{"id":14162,"date":"2022-09-30T13:29:51","date_gmt":"2022-09-30T10:29:51","guid":{"rendered":"https:\/\/www.kvarken.org\/?p=14162"},"modified":"2022-09-30T13:30:39","modified_gmt":"2022-09-30T10:30:39","slug":"the-story-of-harjus-sauna-took-me-to-scotland","status":"publish","type":"post","link":"https:\/\/www.kvarken.org\/en\/the-story-of-harjus-sauna-took-me-to-scotland\/","title":{"rendered":"The Story of Harju\u2019s Sauna Took Me to Scotland"},"content":{"rendered":"<p style=\"font-weight: 400;\">Writing and telling stories has always been an important part of who I am. As a journalist, I had the opportunity to capture other people\u2019s stories and share them with the world. When I later became an entrepreneur, it was self-evident to me to preserve and record the history of the building that has housed my company, Wasa Wellness, for the last ten years.<\/p>\n<p style=\"font-weight: 400;\">The history of the building\u2019s sauna stretches back 130\u00a0years; the foundation for the public sauna in the neighbourhood of V\u00f6yrinkaupunki was laid in\u00a01890. The sauna is nowadays popularly known as Harju\u2019s Sauna. If walls could talk, this sauna at Pitk\u00e4nlahdenkatu\u00a013 in Vaasa, Finland, could recount and refer to numerous human fates. Men, women, and children of all ages and shapes have wandered in and out of these doors with their dreams, challenges, and joys. Just like now.<\/p>\n<p style=\"font-weight: 400;\">At the time of the sauna\u2019s construction, the city of Vaasa was called Nikolainkaupunki because our country was part of Russia back then. The sauna\u2019s first blueprint says: \u201cBathhouse of stone to be erected at Pitk\u00e4nlahdenkatu in Nikolainkaupunki, 1890\u201d. The public sauna has been through a few name changes, and it\u2019s nowadays known as Wasa Wellness, a wellbeing centre for the body and soul.<\/p>\n<p style=\"font-weight: 400;\">Throughout the years, I\u2019ve met with people who have gladly shared stories of what has taken place in the building. Many have told of the washerwomen\u2019s firm hands, Seppo Harju\u2019s friendliness, and how they learned to swim as children in a pool that was constructed in the building in the early 1970\u2019s. The underlying idea has always been to help the sauna\u2019s visitors relax, charge their batteries, and strengthen their wellbeing.<\/p>\n<p style=\"font-weight: 400;\">This is also the guiding principle of Wasa Wellness today. Regardless of whether you want to feel physically better, calm your mind, find balance, and perhaps sleep better \u2013 we\u2019re there for our customers and clients.<\/p>\n<p style=\"font-weight: 400;\">Prior to our 10<sup>th<\/sup>\u00a0anniversary on October\u00a015<sup>th<\/sup>, 2011, I had written down many of the stories that were shared to me by the sauna\u2019s previous visitors. Therefore, it felt natural to register my interest in the StoryTagging project Northword when I received an email from Project Leader Ann-Sofie Backgren.<\/p>\n<p style=\"font-weight: 400;\">Due to the coronavirus pandemic, things didn\u2019t turn out quite as planned and meetings with regional companies couldn\u2019t take place, which was a real shame. When I was later given the opportunity to travel to Inverness in Scotland to represent our part of the world in the project, it felt like a true honorary mission \u2013 and simultaneously a dream come true.<\/p>\n<p style=\"font-weight: 400;\">Scotland has long been on my travel wish list of countries that I want to visit. The longing to realise this dream was strengthened when I \u2013 like countless others \u2013 became fascinated by the <em>Outlander<\/em> series, which is set in the Scottish Highlands in the mid-18<sup>th<\/sup> century and onwards.<\/p>\n<p style=\"font-weight: 400;\">My flight landed in Edinburgh on June\u00a013<sup>th<\/sup>. The taxi driver who took me to the train station displayed the kind of warm hospitality that came to characterise my whole stay in the country. He quickly checked the railway timetable for the next train to Inverness, gave clear instructions on where to buy tickets, and explained where the train usually stops.<\/p>\n<p style=\"font-weight: 400;\">I warmly recommend taking a train to the Scottish Highlands; the landscape is breathtakingly beautiful. When you sit in a train compartment and watch the green hills and rolling fields pass by, you gain an excellent understanding of what Scotland has to offer to anyone who enjoys dramatic nature, interesting encounters, beautiful sights, and charming small towns.<\/p>\n<p style=\"font-weight: 400;\">The Northword StoryTagging conference was held at the Inverness Creative Academy. On the morning of June\u00a015<sup>th<\/sup>, I was met by an enthusiastic Project Leader, Katie Murray, in the middle of the showroom. Everything was far from ready even though the first guests were expected to arrive in a couple of hours. The atmosphere was good, and we helped the Scottish artists hang their last artworks on the walls. In the Scottish part of the project, storytelling manifested in the form of making art of a local historical event, tale, or the like. Our task in Ostrobothnia had been to tell about our company history.<\/p>\n<p style=\"font-weight: 400;\">The story that made the biggest impression on me was the one that artist Andrea Chapell captured in the kilt she sewed. The story is based on a fire-themed festival, The Burning of the Clavie, which is held every year in Burghead along the Moray Firth coast. The story dates back to\u00a01752, when Great Britain replaced the Julian calendar with the Gregorian calendar, resulting in the loss of 14\u00a0days. The festival in Burghead on the Shetland Isles celebrates this event every year on January\u00a011<sup>th<\/sup>. It marks the beginning of the new year and is filled with rites and careful preparations. With great accuracy, Chapell embroidered the kilt with the constellation that was visible in the sky in\u00a01752 at the time of the transition, and she also used materials that originate from the rites that are performed annually by the island\u2019s Clavie King.<\/p>\n<p style=\"font-weight: 400;\">Another artist, Izzy Thomson, captured the events that took place in the village of Culbin, which was devastated by a sandstorm in the autumn\u00a01694. The sandstorm took the villagers by surprise, and Thomson\u2019s artwork shows everything covered in sand; from a plough that was just used by a farmer in the field to a house that only has two chimney pipes sticking out from the sand dune. The villagers fled the sandstorm, and when they finally returned to the village, there was nothing left.<\/p>\n<p style=\"font-weight: 400;\">The conference also showcased stories that were told in the form of music, slideshows, and computer animations. The most imaginative was perhaps about a monkey that had started to weave on the Sabbath, something that was strictly prohibited. The monkey was presented via an iPad, and the public could choose the monkey\u2019s mood and even the pattern that formed on the screen when the monkey wove. The angrier the monkey was, the more irregular the pattern became.<\/p>\n<p style=\"font-weight: 400;\">My contribution, the story of Harju\u2019s Sauna, was well received. Many were curious about our Finnish sauna culture. Another aspect that the public found interesting was how my company history is used in the trademark Wasa Wellness and what kind of additional value it has given the company. For me, the sauna\u2019s history forms the roots and foundation of our activities. Stories about the past make us unique and create an entirely special identity for us 20\u00a0entrepreneurs who nowadays work within the walls of the building.<\/p>\n<p style=\"font-weight: 400;\">The conference was a lovely example of how art, in all its forms, can elevate stories that are found everywhere in our surroundings, both old and new. Gathering around storytelling has always been natural to us humans throughout history; it\u2019s something that enriches our everyday life and helps us understand each other at a deeper level.<\/p>\n<p style=\"font-weight: 400;\">The artworks, the Scottish Highlands, and the people of Inverness left a lasting impression in my heart. I\u2019m already making plans to return \u2013 maybe already this spring! A heartfelt thank you to the Kvarken Council, Katie, Ann-Sofie, and others who made this trip possible!<\/p>\n<p>&nbsp;<\/p>\n<p><em><span style=\"font-weight: 400;\">Text:\u00a0<strong>Carina Gran\u00f6-Tr\u00e4skelin<\/strong><\/span><\/em><\/p>\n<p>&nbsp;<\/p>\n<p><em>Briefly about the project:<\/em><\/p>\n<p><em>The Kvarken Council participates in the international \u201cStoryTagging\u201d project, which aims to preserve stories connected to our cultural and natural heritage. By bringing to light our stories, we wish to attract visitors to the birthplace of the stories and products. Stories from all over the Kvarken region will receive visibility. The Kvarken Council acts as project partner on the Finnish side, whereas Region V\u00e4sterbottens Turism answers for activities on the Swedish side.<\/em><\/p>\n<div class=\"et_pb_module et_pb_image et_pb_image_1\"><span class=\"et_pb_image_wrap \"><img decoding=\"async\" class=\"wp-image-5415\" title=\"NORTHWORD-CMYK-2\" src=\"https:\/\/www.kvarken.org\/wp-content\/uploads\/2020\/12\/NORTHWORD-CMYK-2-3.png\" sizes=\"(min-width: 0px) and (max-width: 480px) 480px, (min-width: 481px) 650px, 100vw\" srcset=\"https:\/\/www.kvarken.org\/wp-content\/uploads\/2020\/12\/NORTHWORD-CMYK-2-3.png 650w, https:\/\/www.kvarken.org\/wp-content\/uploads\/2020\/12\/NORTHWORD-CMYK-2-3-480x118.png 480w\" alt=\"\" width=\"650\" height=\"160\" \/><\/span><\/div>\n<div class=\"et_pb_module et_pb_image et_pb_image_2\"><span class=\"et_pb_image_wrap \"><img decoding=\"async\" class=\"wp-image-5418\" title=\"NPA_Logotype_B1_RGB-2\" src=\"https:\/\/www.kvarken.org\/wp-content\/uploads\/2020\/12\/NPA_Logotype_B1_RGB-2-5.png\" sizes=\"(min-width: 0px) and (max-width: 480px) 480px, (min-width: 481px) 650px, 100vw\" srcset=\"https:\/\/www.kvarken.org\/wp-content\/uploads\/2020\/12\/NPA_Logotype_B1_RGB-2-5.png 650w, https:\/\/www.kvarken.org\/wp-content\/uploads\/2020\/12\/NPA_Logotype_B1_RGB-2-5-480x118.png 480w\" alt=\"\" width=\"650\" height=\"160\" \/><\/span><\/div>\n","protected":false},"excerpt":{"rendered":"<p>Read about Carina Gran\u00f6-Tr\u00e4skelin\u2019s trip to Scotland via the StoryTagging project.<\/p>\n","protected":false},"author":6,"featured_media":14156,"comment_status":"open","ping_status":"open","sticky":false,"template":"","format":"standard","meta":{"_acf_changed":false,"_et_pb_use_builder":"off","_et_pb_old_content":"","_et_gb_content_width":"","footnotes":""},"categories":[12],"tags":[],"amnen":[92,93,96,97],"class_list":["post-14162","post","type-post","status-publish","format-standard","has-post-thumbnail","hentry","category-uncategorized","amnen-culture","amnen-environment","amnen-tourism","amnen-worldheritage"],"acf":[],"yoast_head":"<!-- This site is optimized with the Yoast SEO plugin v27.4 - https:\/\/yoast.com\/product\/yoast-seo-wordpress\/ -->\n<title>The Story of Harju\u2019s Sauna Took Me to Scotland - Kvarkenr\u00e5det<\/title>\n<meta name=\"robots\" content=\"index, follow, max-snippet:-1, max-image-preview:large, max-video-preview:-1\" \/>\n<link rel=\"canonical\" href=\"https:\/\/www.kvarken.org\/en\/the-story-of-harjus-sauna-took-me-to-scotland\/\" \/>\n<meta property=\"og:locale\" content=\"en_US\" \/>\n<meta property=\"og:type\" content=\"article\" \/>\n<meta property=\"og:title\" content=\"The Story of Harju\u2019s Sauna Took Me to Scotland - Kvarkenr\u00e5det\" \/>\n<meta property=\"og:description\" content=\"Read about Carina Gran\u00f6-Tr\u00e4skelin\u2019s trip to Scotland via the StoryTagging project.\" \/>\n<meta property=\"og:url\" content=\"https:\/\/www.kvarken.org\/en\/the-story-of-harjus-sauna-took-me-to-scotland\/\" \/>\n<meta property=\"og:site_name\" content=\"Kvarkenr\u00e5det\" \/>\n<meta property=\"article:published_time\" content=\"2022-09-30T10:29:51+00:00\" \/>\n<meta property=\"article:modified_time\" content=\"2022-09-30T10:30:39+00:00\" \/>\n<meta property=\"og:image\" content=\"https:\/\/www.kvarken.org\/wp-content\/uploads\/2022\/09\/15622-Northward-057.jpg\" \/>\n\t<meta property=\"og:image:width\" content=\"640\" \/>\n\t<meta property=\"og:image:height\" content=\"427\" \/>\n\t<meta property=\"og:image:type\" content=\"image\/jpeg\" \/>\n<meta name=\"author\" content=\"Huuhka Ida-Maria\" \/>\n<meta name=\"twitter:card\" content=\"summary_large_image\" \/>\n<meta name=\"twitter:label1\" content=\"Written by\" \/>\n\t<meta name=\"twitter:data1\" content=\"Huuhka Ida-Maria\" \/>\n\t<meta name=\"twitter:label2\" content=\"Est. reading time\" \/>\n\t<meta name=\"twitter:data2\" content=\"7 minutes\" \/>\n<script type=\"application\/ld+json\" class=\"yoast-schema-graph\">{\"@context\":\"https:\\\/\\\/schema.org\",\"@graph\":[{\"@type\":\"Article\",\"@id\":\"https:\\\/\\\/www.kvarken.org\\\/en\\\/the-story-of-harjus-sauna-took-me-to-scotland\\\/#article\",\"isPartOf\":{\"@id\":\"https:\\\/\\\/www.kvarken.org\\\/en\\\/the-story-of-harjus-sauna-took-me-to-scotland\\\/\"},\"author\":{\"name\":\"Huuhka Ida-Maria\",\"@id\":\"https:\\\/\\\/www.kvarken.org\\\/en\\\/#\\\/schema\\\/person\\\/0da9a52b8b8962cba7c963d7189046b5\"},\"headline\":\"The Story of Harju\u2019s Sauna Took Me to Scotland\",\"datePublished\":\"2022-09-30T10:29:51+00:00\",\"dateModified\":\"2022-09-30T10:30:39+00:00\",\"mainEntityOfPage\":{\"@id\":\"https:\\\/\\\/www.kvarken.org\\\/en\\\/the-story-of-harjus-sauna-took-me-to-scotland\\\/\"},\"wordCount\":1300,\"commentCount\":0,\"image\":{\"@id\":\"https:\\\/\\\/www.kvarken.org\\\/en\\\/the-story-of-harjus-sauna-took-me-to-scotland\\\/#primaryimage\"},\"thumbnailUrl\":\"https:\\\/\\\/www.kvarken.org\\\/wp-content\\\/uploads\\\/2022\\\/09\\\/15622-Northward-057.jpg\",\"inLanguage\":\"en-US\",\"potentialAction\":[{\"@type\":\"CommentAction\",\"name\":\"Comment\",\"target\":[\"https:\\\/\\\/www.kvarken.org\\\/en\\\/the-story-of-harjus-sauna-took-me-to-scotland\\\/#respond\"]}]},{\"@type\":\"WebPage\",\"@id\":\"https:\\\/\\\/www.kvarken.org\\\/en\\\/the-story-of-harjus-sauna-took-me-to-scotland\\\/\",\"url\":\"https:\\\/\\\/www.kvarken.org\\\/en\\\/the-story-of-harjus-sauna-took-me-to-scotland\\\/\",\"name\":\"The Story of Harju\u2019s Sauna Took Me to Scotland - Kvarkenr\u00e5det\",\"isPartOf\":{\"@id\":\"https:\\\/\\\/www.kvarken.org\\\/en\\\/#website\"},\"primaryImageOfPage\":{\"@id\":\"https:\\\/\\\/www.kvarken.org\\\/en\\\/the-story-of-harjus-sauna-took-me-to-scotland\\\/#primaryimage\"},\"image\":{\"@id\":\"https:\\\/\\\/www.kvarken.org\\\/en\\\/the-story-of-harjus-sauna-took-me-to-scotland\\\/#primaryimage\"},\"thumbnailUrl\":\"https:\\\/\\\/www.kvarken.org\\\/wp-content\\\/uploads\\\/2022\\\/09\\\/15622-Northward-057.jpg\",\"datePublished\":\"2022-09-30T10:29:51+00:00\",\"dateModified\":\"2022-09-30T10:30:39+00:00\",\"author\":{\"@id\":\"https:\\\/\\\/www.kvarken.org\\\/en\\\/#\\\/schema\\\/person\\\/0da9a52b8b8962cba7c963d7189046b5\"},\"breadcrumb\":{\"@id\":\"https:\\\/\\\/www.kvarken.org\\\/en\\\/the-story-of-harjus-sauna-took-me-to-scotland\\\/#breadcrumb\"},\"inLanguage\":\"en-US\",\"potentialAction\":[{\"@type\":\"ReadAction\",\"target\":[\"https:\\\/\\\/www.kvarken.org\\\/en\\\/the-story-of-harjus-sauna-took-me-to-scotland\\\/\"]}]},{\"@type\":\"ImageObject\",\"inLanguage\":\"en-US\",\"@id\":\"https:\\\/\\\/www.kvarken.org\\\/en\\\/the-story-of-harjus-sauna-took-me-to-scotland\\\/#primaryimage\",\"url\":\"https:\\\/\\\/www.kvarken.org\\\/wp-content\\\/uploads\\\/2022\\\/09\\\/15622-Northward-057.jpg\",\"contentUrl\":\"https:\\\/\\\/www.kvarken.org\\\/wp-content\\\/uploads\\\/2022\\\/09\\\/15622-Northward-057.jpg\",\"width\":640,\"height\":427},{\"@type\":\"BreadcrumbList\",\"@id\":\"https:\\\/\\\/www.kvarken.org\\\/en\\\/the-story-of-harjus-sauna-took-me-to-scotland\\\/#breadcrumb\",\"itemListElement\":[{\"@type\":\"ListItem\",\"position\":1,\"name\":\"Hem\",\"item\":\"https:\\\/\\\/www.kvarken.org\\\/en\\\/\"},{\"@type\":\"ListItem\",\"position\":2,\"name\":\"The Story of Harju\u2019s Sauna Took Me to Scotland\"}]},{\"@type\":\"WebSite\",\"@id\":\"https:\\\/\\\/www.kvarken.org\\\/en\\\/#website\",\"url\":\"https:\\\/\\\/www.kvarken.org\\\/en\\\/\",\"name\":\"Kvarkenr\u00e5det\",\"description\":\"\",\"potentialAction\":[{\"@type\":\"SearchAction\",\"target\":{\"@type\":\"EntryPoint\",\"urlTemplate\":\"https:\\\/\\\/www.kvarken.org\\\/en\\\/?s={search_term_string}\"},\"query-input\":{\"@type\":\"PropertyValueSpecification\",\"valueRequired\":true,\"valueName\":\"search_term_string\"}}],\"inLanguage\":\"en-US\"},{\"@type\":\"Person\",\"@id\":\"https:\\\/\\\/www.kvarken.org\\\/en\\\/#\\\/schema\\\/person\\\/0da9a52b8b8962cba7c963d7189046b5\",\"name\":\"Huuhka Ida-Maria\",\"image\":{\"@type\":\"ImageObject\",\"inLanguage\":\"en-US\",\"@id\":\"https:\\\/\\\/secure.gravatar.com\\\/avatar\\\/8b0e50e08aa7a664dc6e2c23a82b9f95c7dc6946a41a69227e0712becda209aa?s=96&d=mm&r=g\",\"url\":\"https:\\\/\\\/secure.gravatar.com\\\/avatar\\\/8b0e50e08aa7a664dc6e2c23a82b9f95c7dc6946a41a69227e0712becda209aa?s=96&d=mm&r=g\",\"contentUrl\":\"https:\\\/\\\/secure.gravatar.com\\\/avatar\\\/8b0e50e08aa7a664dc6e2c23a82b9f95c7dc6946a41a69227e0712becda209aa?s=96&d=mm&r=g\",\"caption\":\"Huuhka Ida-Maria\"}}]}<\/script>\n<!-- \/ Yoast SEO plugin. -->","yoast_head_json":{"title":"The Story of Harju\u2019s Sauna Took Me to Scotland - Kvarkenr\u00e5det","robots":{"index":"index","follow":"follow","max-snippet":"max-snippet:-1","max-image-preview":"max-image-preview:large","max-video-preview":"max-video-preview:-1"},"canonical":"https:\/\/www.kvarken.org\/en\/the-story-of-harjus-sauna-took-me-to-scotland\/","og_locale":"en_US","og_type":"article","og_title":"The Story of Harju\u2019s Sauna Took Me to Scotland - Kvarkenr\u00e5det","og_description":"Read about Carina Gran\u00f6-Tr\u00e4skelin\u2019s trip to Scotland via the StoryTagging project.","og_url":"https:\/\/www.kvarken.org\/en\/the-story-of-harjus-sauna-took-me-to-scotland\/","og_site_name":"Kvarkenr\u00e5det","article_published_time":"2022-09-30T10:29:51+00:00","article_modified_time":"2022-09-30T10:30:39+00:00","og_image":[{"width":640,"height":427,"url":"https:\/\/www.kvarken.org\/wp-content\/uploads\/2022\/09\/15622-Northward-057.jpg","type":"image\/jpeg"}],"author":"Huuhka Ida-Maria","twitter_card":"summary_large_image","twitter_misc":{"Written by":"Huuhka Ida-Maria","Est. reading time":"7 minutes"},"schema":{"@context":"https:\/\/schema.org","@graph":[{"@type":"Article","@id":"https:\/\/www.kvarken.org\/en\/the-story-of-harjus-sauna-took-me-to-scotland\/#article","isPartOf":{"@id":"https:\/\/www.kvarken.org\/en\/the-story-of-harjus-sauna-took-me-to-scotland\/"},"author":{"name":"Huuhka Ida-Maria","@id":"https:\/\/www.kvarken.org\/en\/#\/schema\/person\/0da9a52b8b8962cba7c963d7189046b5"},"headline":"The Story of Harju\u2019s Sauna Took Me to Scotland","datePublished":"2022-09-30T10:29:51+00:00","dateModified":"2022-09-30T10:30:39+00:00","mainEntityOfPage":{"@id":"https:\/\/www.kvarken.org\/en\/the-story-of-harjus-sauna-took-me-to-scotland\/"},"wordCount":1300,"commentCount":0,"image":{"@id":"https:\/\/www.kvarken.org\/en\/the-story-of-harjus-sauna-took-me-to-scotland\/#primaryimage"},"thumbnailUrl":"https:\/\/www.kvarken.org\/wp-content\/uploads\/2022\/09\/15622-Northward-057.jpg","inLanguage":"en-US","potentialAction":[{"@type":"CommentAction","name":"Comment","target":["https:\/\/www.kvarken.org\/en\/the-story-of-harjus-sauna-took-me-to-scotland\/#respond"]}]},{"@type":"WebPage","@id":"https:\/\/www.kvarken.org\/en\/the-story-of-harjus-sauna-took-me-to-scotland\/","url":"https:\/\/www.kvarken.org\/en\/the-story-of-harjus-sauna-took-me-to-scotland\/","name":"The Story of Harju\u2019s Sauna Took Me to Scotland - Kvarkenr\u00e5det","isPartOf":{"@id":"https:\/\/www.kvarken.org\/en\/#website"},"primaryImageOfPage":{"@id":"https:\/\/www.kvarken.org\/en\/the-story-of-harjus-sauna-took-me-to-scotland\/#primaryimage"},"image":{"@id":"https:\/\/www.kvarken.org\/en\/the-story-of-harjus-sauna-took-me-to-scotland\/#primaryimage"},"thumbnailUrl":"https:\/\/www.kvarken.org\/wp-content\/uploads\/2022\/09\/15622-Northward-057.jpg","datePublished":"2022-09-30T10:29:51+00:00","dateModified":"2022-09-30T10:30:39+00:00","author":{"@id":"https:\/\/www.kvarken.org\/en\/#\/schema\/person\/0da9a52b8b8962cba7c963d7189046b5"},"breadcrumb":{"@id":"https:\/\/www.kvarken.org\/en\/the-story-of-harjus-sauna-took-me-to-scotland\/#breadcrumb"},"inLanguage":"en-US","potentialAction":[{"@type":"ReadAction","target":["https:\/\/www.kvarken.org\/en\/the-story-of-harjus-sauna-took-me-to-scotland\/"]}]},{"@type":"ImageObject","inLanguage":"en-US","@id":"https:\/\/www.kvarken.org\/en\/the-story-of-harjus-sauna-took-me-to-scotland\/#primaryimage","url":"https:\/\/www.kvarken.org\/wp-content\/uploads\/2022\/09\/15622-Northward-057.jpg","contentUrl":"https:\/\/www.kvarken.org\/wp-content\/uploads\/2022\/09\/15622-Northward-057.jpg","width":640,"height":427},{"@type":"BreadcrumbList","@id":"https:\/\/www.kvarken.org\/en\/the-story-of-harjus-sauna-took-me-to-scotland\/#breadcrumb","itemListElement":[{"@type":"ListItem","position":1,"name":"Hem","item":"https:\/\/www.kvarken.org\/en\/"},{"@type":"ListItem","position":2,"name":"The Story of Harju\u2019s Sauna Took Me to Scotland"}]},{"@type":"WebSite","@id":"https:\/\/www.kvarken.org\/en\/#website","url":"https:\/\/www.kvarken.org\/en\/","name":"Kvarkenr\u00e5det","description":"","potentialAction":[{"@type":"SearchAction","target":{"@type":"EntryPoint","urlTemplate":"https:\/\/www.kvarken.org\/en\/?s={search_term_string}"},"query-input":{"@type":"PropertyValueSpecification","valueRequired":true,"valueName":"search_term_string"}}],"inLanguage":"en-US"},{"@type":"Person","@id":"https:\/\/www.kvarken.org\/en\/#\/schema\/person\/0da9a52b8b8962cba7c963d7189046b5","name":"Huuhka Ida-Maria","image":{"@type":"ImageObject","inLanguage":"en-US","@id":"https:\/\/secure.gravatar.com\/avatar\/8b0e50e08aa7a664dc6e2c23a82b9f95c7dc6946a41a69227e0712becda209aa?s=96&d=mm&r=g","url":"https:\/\/secure.gravatar.com\/avatar\/8b0e50e08aa7a664dc6e2c23a82b9f95c7dc6946a41a69227e0712becda209aa?s=96&d=mm&r=g","contentUrl":"https:\/\/secure.gravatar.com\/avatar\/8b0e50e08aa7a664dc6e2c23a82b9f95c7dc6946a41a69227e0712becda209aa?s=96&d=mm&r=g","caption":"Huuhka Ida-Maria"}}]}},"_links":{"self":[{"href":"https:\/\/www.kvarken.org\/en\/wp-json\/wp\/v2\/posts\/14162","targetHints":{"allow":["GET"]}}],"collection":[{"href":"https:\/\/www.kvarken.org\/en\/wp-json\/wp\/v2\/posts"}],"about":[{"href":"https:\/\/www.kvarken.org\/en\/wp-json\/wp\/v2\/types\/post"}],"author":[{"embeddable":true,"href":"https:\/\/www.kvarken.org\/en\/wp-json\/wp\/v2\/users\/6"}],"replies":[{"embeddable":true,"href":"https:\/\/www.kvarken.org\/en\/wp-json\/wp\/v2\/comments?post=14162"}],"version-history":[{"count":2,"href":"https:\/\/www.kvarken.org\/en\/wp-json\/wp\/v2\/posts\/14162\/revisions"}],"predecessor-version":[{"id":14250,"href":"https:\/\/www.kvarken.org\/en\/wp-json\/wp\/v2\/posts\/14162\/revisions\/14250"}],"wp:featuredmedia":[{"embeddable":true,"href":"https:\/\/www.kvarken.org\/en\/wp-json\/wp\/v2\/media\/14156"}],"wp:attachment":[{"href":"https:\/\/www.kvarken.org\/en\/wp-json\/wp\/v2\/media?parent=14162"}],"wp:term":[{"taxonomy":"category","embeddable":true,"href":"https:\/\/www.kvarken.org\/en\/wp-json\/wp\/v2\/categories?post=14162"},{"taxonomy":"post_tag","embeddable":true,"href":"https:\/\/www.kvarken.org\/en\/wp-json\/wp\/v2\/tags?post=14162"},{"taxonomy":"amnen","embeddable":true,"href":"https:\/\/www.kvarken.org\/en\/wp-json\/wp\/v2\/amnen?post=14162"}],"curies":[{"name":"wp","href":"https:\/\/api.w.org\/{rel}","templated":true}]}}