{"id":15394,"date":"2023-02-09T11:43:26","date_gmt":"2023-02-09T08:43:26","guid":{"rendered":"https:\/\/www.kvarken.org\/?p=15394"},"modified":"2023-05-09T14:28:00","modified_gmt":"2023-05-09T11:28:00","slug":"many-new-members-in-2022","status":"publish","type":"post","link":"https:\/\/www.kvarken.org\/en\/many-new-members-in-2022\/","title":{"rendered":"Many New Members in\u202f2022"},"content":{"rendered":"<p><span data-contrast=\"none\">A total of ten organizations have been granted membership in the Kvarken Council EGTC in\u202f2022, among them a whole region in Sweden, several municipalities and development companies, and some higher education institutions.<\/span> <span data-contrast=\"auto\">The Kvarken Council has three different membership categories: main, municipal, and organization members.<\/span><span data-ccp-props=\"{&quot;134233117&quot;:false,&quot;134233118&quot;:false,&quot;335551550&quot;:6,&quot;335551620&quot;:6,&quot;335559738&quot;:0,&quot;335559739&quot;:0}\">\u00a0<\/span><\/p>\n<p><span data-contrast=\"auto\">In connection with the Annual General Meeting of\u202f2022, <\/span><b><span data-contrast=\"auto\">Region V\u00e4sternorrland<\/span><\/b><span data-contrast=\"auto\"> was granted main membership with voting rights and two Board seats.<\/span> <span data-contrast=\"auto\">This increased the EGTC\u2019s geographical area and formed a natural continuation to the activities due to the shared World Heritage Site and numerous collaborative projects over the years.<\/span> <span data-contrast=\"auto\">In addition, Region V\u00e4sternorrland has cooperated in the Nordic context as a long-standing, previous member of the Mid Nordic Committee.<\/span><span data-ccp-props=\"{&quot;134233117&quot;:false,&quot;134233118&quot;:false,&quot;335551550&quot;:6,&quot;335551620&quot;:6,&quot;335559738&quot;:0,&quot;335559739&quot;:0}\">\u00a0<\/span><\/p>\n<h2><b><span data-contrast=\"auto\">Points of Contact to the Business Sector via Development Companies<\/span><\/b><span data-ccp-props=\"{&quot;134233117&quot;:false,&quot;134233118&quot;:false,&quot;335551550&quot;:6,&quot;335551620&quot;:6,&quot;335559738&quot;:0,&quot;335559739&quot;:0}\">\u00a0<\/span><\/h2>\n<p><span data-contrast=\"none\">Development company <\/span><b><span data-contrast=\"none\">Into Sein\u00e4joki<\/span><\/b><span data-contrast=\"none\"> is one of the Kvarken Council\u2019s newest members.<\/span> <span data-contrast=\"none\">The company views the membership as a natural continuum of previous cooperation with the Kvarken Council.<\/span><span data-ccp-props=\"{&quot;134233117&quot;:false,&quot;134233118&quot;:false,&quot;335551550&quot;:6,&quot;335551620&quot;:6,&quot;335559738&quot;:0,&quot;335559739&quot;:0}\">\u00a0<\/span><\/p>\n<p><span data-contrast=\"auto\">\u2013 We\u2019ve already had the chance to benefit from cooperation in the Kvarken Council\u2019s projects.<\/span> <span data-contrast=\"auto\">There are opportunities for continued development through collaboration in a wider context that utilizes our strengths.<\/span> <span data-contrast=\"auto\">Moreover, membership in the Kvarken Council enables smoother administration of international projects, says <\/span><b><span data-contrast=\"auto\">Ms Leena Per\u00e4m\u00e4ki<\/span><\/b><span data-contrast=\"auto\">, CEO of Into Sein\u00e4joki.<\/span><span data-ccp-props=\"{&quot;134233117&quot;:false,&quot;134233118&quot;:false,&quot;335551550&quot;:6,&quot;335551620&quot;:6,&quot;335559738&quot;:0,&quot;335559739&quot;:0}\">\u00a0<\/span><\/p>\n<p><span data-contrast=\"none\">Into Sein\u00e4joki is a municipal development company that is 100% municipally owned and operated in accordance with its statutes in a non-profit purpose.<\/span> <span data-contrast=\"none\">Consequently, the company meets the necessary criteria and can be approved as member of the Kvarken Council EGTC.<\/span><span data-ccp-props=\"{&quot;134233117&quot;:false,&quot;134233118&quot;:false,&quot;335551550&quot;:6,&quot;335551620&quot;:6,&quot;335559738&quot;:0,&quot;335559739&quot;:0}\">\u00a0<\/span><\/p>\n<p><span data-contrast=\"auto\">\u2013 <\/span><b><span data-contrast=\"auto\">Jakobstad Region Development Company Concordia<\/span><\/b><span data-contrast=\"auto\"> and <\/span><b><span data-contrast=\"auto\">Kristinestad Business Center <\/span><\/b><span data-contrast=\"auto\">have also been granted membership in\u202f2022. Development companies strengthen our activities, bring about continuity in terms of project collaboration, and provide a fixed point of contact to the business sector and regional development actors, says Director of the Kvarken Council <\/span><b><span data-contrast=\"auto\">Mr<\/span><\/b> <b><span data-contrast=\"auto\">Mathias Lindstr\u00f6m<\/span><\/b><span data-contrast=\"auto\">.<\/span><span data-ccp-props=\"{&quot;134233117&quot;:false,&quot;134233118&quot;:false,&quot;335551550&quot;:6,&quot;335551620&quot;:6,&quot;335559738&quot;:0,&quot;335559739&quot;:0}\">\u00a0<\/span><\/p>\n<p><span data-contrast=\"none\">Points of contact to the business sector and signals about the Kvarken region\u2019s development needs are obtained not only through regions and their development companies, but also thanks to our region\u2019s municipalities.<\/span> <b><span data-contrast=\"none\">Skellefte\u00e5<\/span><\/b><span data-contrast=\"none\">, <\/span><b><span data-contrast=\"none\">V\u00e4nn\u00e4s, Kronoby<\/span><\/b><span data-contrast=\"none\"> and <\/span><b><span data-contrast=\"none\">Larsmo<\/span><\/b><span data-contrast=\"none\"> are among the most recent municipal members.<\/span><span data-ccp-props=\"{&quot;134233117&quot;:false,&quot;134233118&quot;:false,&quot;335551550&quot;:6,&quot;335551620&quot;:6,&quot;335559738&quot;:0,&quot;335559739&quot;:0}\">\u00a0<\/span><\/p>\n<p><span data-contrast=\"auto\">\u2013 Although there are currently several major changes taking place in Skellefte\u00e5, we feel the need to belong to a wider context.<\/span> <span data-contrast=\"auto\">We need cooperation networks in relation to, for instance, logistics and knowledge provision in the northern parts of the Nordic countries, along with mutual efforts to function as a larger unit and jointly increase our attractiveness, says <\/span><b><span data-contrast=\"auto\">Ms Evelina Fahlesson<\/span><\/b><span data-contrast=\"auto\">, Municipal Commissioner of Skellefte\u00e5 Municipality and Board member of the Kvarken Council.<\/span><span data-ccp-props=\"{&quot;134233117&quot;:false,&quot;134233118&quot;:false,&quot;335551550&quot;:6,&quot;335551620&quot;:6,&quot;335559738&quot;:0,&quot;335559739&quot;:0}\">\u00a0<\/span><\/p>\n<h2><b><span data-contrast=\"auto\">Higher Education Institutions Want to Contribute to the Region\u2019s Development<\/span><\/b><span data-ccp-props=\"{&quot;134233117&quot;:false,&quot;134233118&quot;:false,&quot;335551550&quot;:6,&quot;335551620&quot;:6,&quot;335559738&quot;:0,&quot;335559739&quot;:0}\">\u00a0<\/span><\/h2>\n<p><b><span data-contrast=\"auto\">University of Vaasa<\/span><\/b><span data-contrast=\"auto\"> applied for membership in the Kvarken Council EGTC in order to strengthen cooperation with the Kvarken region\u2019s actors.<\/span> <span data-contrast=\"auto\">In addition, <\/span><b><span data-contrast=\"auto\">VAMK University of Applied Sciences<\/span><\/b><span data-contrast=\"auto\"> was early in the game and considers closer cooperation with the Kvarken Council important with regard to competitiveness and sustainable growth in the whole region.<\/span><span data-ccp-props=\"{&quot;134233117&quot;:false,&quot;134233118&quot;:false,&quot;335551550&quot;:6,&quot;335551620&quot;:6,&quot;335559738&quot;:0,&quot;335559739&quot;:0}\">\u00a0<\/span><\/p>\n<p><span data-contrast=\"auto\">\u2013 As a university community, we want to contribute to the region\u2019s development via membership in the European Grouping of Territorial Cooperation.<\/span> <span data-contrast=\"auto\">The membership brings about many opportunities that are strongly linked with the university\u2019s statutory tasks \u2013 research, education, and societal interaction, states Rector of the University of Vaasa <\/span><b><span data-contrast=\"auto\">Ms Minna Martikainen<\/span><\/b><span data-contrast=\"auto\">.<\/span><span data-ccp-props=\"{&quot;134233117&quot;:false,&quot;134233118&quot;:false,&quot;335551550&quot;:6,&quot;335551620&quot;:6,&quot;335559738&quot;:0,&quot;335559739&quot;:0}\">\u00a0<\/span><\/p>\n<p><span data-contrast=\"auto\">There is great interest in Nordic, cross-border cooperation in the Kvarken region.<\/span> <span data-contrast=\"none\">Several potential members have come forward in addition to memberships granted in\u202f2022 and the EGTC\u2019s previous members.<\/span> <span data-contrast=\"none\">Active members get to enjoy the benefits and synergy effects generated by strong Nordic cooperation.<\/span><\/p>\n<p><span data-contrast=\"none\">\u2013 Our members consist of dynamic organizations and we have an exciting year ahead of us.<\/span> <span data-contrast=\"none\">For instance, the number of higher education institution members will increase in\u202f2023, and these institutions will receive an even stronger, shared point of contact through membership in the Kvarken Council, Mr Lindstr\u00f6m reveals.<\/span><span data-ccp-props=\"{&quot;134233117&quot;:false,&quot;134233118&quot;:false,&quot;335551550&quot;:6,&quot;335551620&quot;:6,&quot;335559738&quot;:0,&quot;335559739&quot;:0}\">\u00a0<\/span><\/p>\n<p><span data-contrast=\"auto\">\u2013 We bid all new members welcome and note that this also increases the pressure on services provided by the Kvarken Council.<\/span> <span data-contrast=\"auto\">We will continue to fortify our office functions in\u202f2023, primarily in Sweden, Mr Lindstr\u00f6m continues.<\/span><\/p>\n<p><b><span data-contrast=\"none\">New Members in\u202f2022:<\/span><\/b><span data-ccp-props=\"{&quot;134233117&quot;:false,&quot;134233118&quot;:false,&quot;335551550&quot;:6,&quot;335551620&quot;:6,&quot;335559738&quot;:0,&quot;335559739&quot;:0}\">\u00a0<\/span><\/p>\n<p><span data-contrast=\"none\">Region V\u00e4sternorrland, Skellefte\u00e5 Municipality, Kronoby Municipality, V\u00e4nn\u00e4s Municipality, Larsmo Municipality, Jakobstad Region Development Company Concordia, Into Sein\u00e4joki, Kristinestad Business Center, University of Vaasa, and VAMK University of Applied Sciences.<\/span><\/p>\n<p><b><span data-contrast=\"none\">All members can be found <a href=\"https:\/\/www.kvarken.org\/en\/the-kvarken-council\/\">HERE<\/a> and instructions for how to apply for membership <a href=\"https:\/\/www.kvarken.org\/en\/become-a-member\/\">HERE<\/a>.<\/span><\/b><\/p>\n","protected":false},"excerpt":{"rendered":"<p>Cross-border cooperation and collaborative projects are just some of the reasons that induce organizations to apply for membership in the Kvarken Council EGTC. Several organizations expressed interest in joining the Kvarken Council in\u202f2022.<\/p>\n","protected":false},"author":6,"featured_media":15723,"comment_status":"open","ping_status":"open","sticky":false,"template":"","format":"standard","meta":{"_acf_changed":false,"_et_pb_use_builder":"","_et_pb_old_content":"","_et_gb_content_width":"","footnotes":""},"categories":[12],"tags":[],"amnen":[95,99],"class_list":["post-15394","post","type-post","status-publish","format-standard","has-post-thumbnail","hentry","category-uncategorized","amnen-cooperation-structures","amnen-egtc"],"acf":[],"yoast_head":"<!-- This site is optimized with the Yoast SEO plugin v27.4 - https:\/\/yoast.com\/product\/yoast-seo-wordpress\/ -->\n<title>Many New Members in\u202f2022 - Kvarkenr\u00e5det<\/title>\n<meta name=\"robots\" content=\"index, follow, max-snippet:-1, max-image-preview:large, max-video-preview:-1\" \/>\n<link rel=\"canonical\" href=\"https:\/\/www.kvarken.org\/en\/many-new-members-in-2022\/\" \/>\n<meta property=\"og:locale\" content=\"en_US\" \/>\n<meta property=\"og:type\" content=\"article\" \/>\n<meta property=\"og:title\" content=\"Many New Members in\u202f2022 - Kvarkenr\u00e5det\" \/>\n<meta property=\"og:description\" content=\"Cross-border cooperation and collaborative projects are just some of the reasons that induce organizations to apply for membership in the Kvarken Council EGTC. Several organizations expressed interest in joining the Kvarken Council in\u202f2022.\" \/>\n<meta property=\"og:url\" content=\"https:\/\/www.kvarken.org\/en\/many-new-members-in-2022\/\" \/>\n<meta property=\"og:site_name\" content=\"Kvarkenr\u00e5det\" \/>\n<meta property=\"article:published_time\" content=\"2023-02-09T08:43:26+00:00\" \/>\n<meta property=\"article:modified_time\" content=\"2023-05-09T11:28:00+00:00\" \/>\n<meta property=\"og:image\" content=\"https:\/\/www.kvarken.org\/wp-content\/uploads\/2023\/02\/karta_kvarkenradet_maj_2022_RGB.jpg\" \/>\n\t<meta property=\"og:image:width\" content=\"1600\" \/>\n\t<meta property=\"og:image:height\" content=\"1129\" \/>\n\t<meta property=\"og:image:type\" content=\"image\/jpeg\" \/>\n<meta name=\"author\" content=\"Huuhka Ida-Maria\" \/>\n<meta name=\"twitter:card\" content=\"summary_large_image\" \/>\n<meta name=\"twitter:label1\" content=\"Written by\" \/>\n\t<meta name=\"twitter:data1\" content=\"Huuhka Ida-Maria\" \/>\n\t<meta name=\"twitter:label2\" content=\"Est. reading time\" \/>\n\t<meta name=\"twitter:data2\" content=\"4 minutes\" \/>\n<script type=\"application\/ld+json\" class=\"yoast-schema-graph\">{\"@context\":\"https:\\\/\\\/schema.org\",\"@graph\":[{\"@type\":\"Article\",\"@id\":\"https:\\\/\\\/www.kvarken.org\\\/en\\\/many-new-members-in-2022\\\/#article\",\"isPartOf\":{\"@id\":\"https:\\\/\\\/www.kvarken.org\\\/en\\\/many-new-members-in-2022\\\/\"},\"author\":{\"name\":\"Huuhka Ida-Maria\",\"@id\":\"https:\\\/\\\/www.kvarken.org\\\/en\\\/#\\\/schema\\\/person\\\/0da9a52b8b8962cba7c963d7189046b5\"},\"headline\":\"Many New Members in\u202f2022\",\"datePublished\":\"2023-02-09T08:43:26+00:00\",\"dateModified\":\"2023-05-09T11:28:00+00:00\",\"mainEntityOfPage\":{\"@id\":\"https:\\\/\\\/www.kvarken.org\\\/en\\\/many-new-members-in-2022\\\/\"},\"wordCount\":731,\"commentCount\":0,\"image\":{\"@id\":\"https:\\\/\\\/www.kvarken.org\\\/en\\\/many-new-members-in-2022\\\/#primaryimage\"},\"thumbnailUrl\":\"https:\\\/\\\/www.kvarken.org\\\/wp-content\\\/uploads\\\/2023\\\/02\\\/karta_kvarkenradet_maj_2022_RGB.jpg\",\"inLanguage\":\"en-US\",\"potentialAction\":[{\"@type\":\"CommentAction\",\"name\":\"Comment\",\"target\":[\"https:\\\/\\\/www.kvarken.org\\\/en\\\/many-new-members-in-2022\\\/#respond\"]}]},{\"@type\":\"WebPage\",\"@id\":\"https:\\\/\\\/www.kvarken.org\\\/en\\\/many-new-members-in-2022\\\/\",\"url\":\"https:\\\/\\\/www.kvarken.org\\\/en\\\/many-new-members-in-2022\\\/\",\"name\":\"Many New Members in\u202f2022 - Kvarkenr\u00e5det\",\"isPartOf\":{\"@id\":\"https:\\\/\\\/www.kvarken.org\\\/en\\\/#website\"},\"primaryImageOfPage\":{\"@id\":\"https:\\\/\\\/www.kvarken.org\\\/en\\\/many-new-members-in-2022\\\/#primaryimage\"},\"image\":{\"@id\":\"https:\\\/\\\/www.kvarken.org\\\/en\\\/many-new-members-in-2022\\\/#primaryimage\"},\"thumbnailUrl\":\"https:\\\/\\\/www.kvarken.org\\\/wp-content\\\/uploads\\\/2023\\\/02\\\/karta_kvarkenradet_maj_2022_RGB.jpg\",\"datePublished\":\"2023-02-09T08:43:26+00:00\",\"dateModified\":\"2023-05-09T11:28:00+00:00\",\"author\":{\"@id\":\"https:\\\/\\\/www.kvarken.org\\\/en\\\/#\\\/schema\\\/person\\\/0da9a52b8b8962cba7c963d7189046b5\"},\"breadcrumb\":{\"@id\":\"https:\\\/\\\/www.kvarken.org\\\/en\\\/many-new-members-in-2022\\\/#breadcrumb\"},\"inLanguage\":\"en-US\",\"potentialAction\":[{\"@type\":\"ReadAction\",\"target\":[\"https:\\\/\\\/www.kvarken.org\\\/en\\\/many-new-members-in-2022\\\/\"]}]},{\"@type\":\"ImageObject\",\"inLanguage\":\"en-US\",\"@id\":\"https:\\\/\\\/www.kvarken.org\\\/en\\\/many-new-members-in-2022\\\/#primaryimage\",\"url\":\"https:\\\/\\\/www.kvarken.org\\\/wp-content\\\/uploads\\\/2023\\\/02\\\/karta_kvarkenradet_maj_2022_RGB.jpg\",\"contentUrl\":\"https:\\\/\\\/www.kvarken.org\\\/wp-content\\\/uploads\\\/2023\\\/02\\\/karta_kvarkenradet_maj_2022_RGB.jpg\",\"width\":1600,\"height\":1129},{\"@type\":\"BreadcrumbList\",\"@id\":\"https:\\\/\\\/www.kvarken.org\\\/en\\\/many-new-members-in-2022\\\/#breadcrumb\",\"itemListElement\":[{\"@type\":\"ListItem\",\"position\":1,\"name\":\"Hem\",\"item\":\"https:\\\/\\\/www.kvarken.org\\\/en\\\/\"},{\"@type\":\"ListItem\",\"position\":2,\"name\":\"Many New Members in\u202f2022\"}]},{\"@type\":\"WebSite\",\"@id\":\"https:\\\/\\\/www.kvarken.org\\\/en\\\/#website\",\"url\":\"https:\\\/\\\/www.kvarken.org\\\/en\\\/\",\"name\":\"Kvarkenr\u00e5det\",\"description\":\"\",\"potentialAction\":[{\"@type\":\"SearchAction\",\"target\":{\"@type\":\"EntryPoint\",\"urlTemplate\":\"https:\\\/\\\/www.kvarken.org\\\/en\\\/?s={search_term_string}\"},\"query-input\":{\"@type\":\"PropertyValueSpecification\",\"valueRequired\":true,\"valueName\":\"search_term_string\"}}],\"inLanguage\":\"en-US\"},{\"@type\":\"Person\",\"@id\":\"https:\\\/\\\/www.kvarken.org\\\/en\\\/#\\\/schema\\\/person\\\/0da9a52b8b8962cba7c963d7189046b5\",\"name\":\"Huuhka Ida-Maria\",\"image\":{\"@type\":\"ImageObject\",\"inLanguage\":\"en-US\",\"@id\":\"https:\\\/\\\/secure.gravatar.com\\\/avatar\\\/8b0e50e08aa7a664dc6e2c23a82b9f95c7dc6946a41a69227e0712becda209aa?s=96&d=mm&r=g\",\"url\":\"https:\\\/\\\/secure.gravatar.com\\\/avatar\\\/8b0e50e08aa7a664dc6e2c23a82b9f95c7dc6946a41a69227e0712becda209aa?s=96&d=mm&r=g\",\"contentUrl\":\"https:\\\/\\\/secure.gravatar.com\\\/avatar\\\/8b0e50e08aa7a664dc6e2c23a82b9f95c7dc6946a41a69227e0712becda209aa?s=96&d=mm&r=g\",\"caption\":\"Huuhka Ida-Maria\"}}]}<\/script>\n<!-- \/ Yoast SEO plugin. -->","yoast_head_json":{"title":"Many New Members in\u202f2022 - Kvarkenr\u00e5det","robots":{"index":"index","follow":"follow","max-snippet":"max-snippet:-1","max-image-preview":"max-image-preview:large","max-video-preview":"max-video-preview:-1"},"canonical":"https:\/\/www.kvarken.org\/en\/many-new-members-in-2022\/","og_locale":"en_US","og_type":"article","og_title":"Many New Members in\u202f2022 - Kvarkenr\u00e5det","og_description":"Cross-border cooperation and collaborative projects are just some of the reasons that induce organizations to apply for membership in the Kvarken Council EGTC. Several organizations expressed interest in joining the Kvarken Council in\u202f2022.","og_url":"https:\/\/www.kvarken.org\/en\/many-new-members-in-2022\/","og_site_name":"Kvarkenr\u00e5det","article_published_time":"2023-02-09T08:43:26+00:00","article_modified_time":"2023-05-09T11:28:00+00:00","og_image":[{"width":1600,"height":1129,"url":"https:\/\/www.kvarken.org\/wp-content\/uploads\/2023\/02\/karta_kvarkenradet_maj_2022_RGB.jpg","type":"image\/jpeg"}],"author":"Huuhka Ida-Maria","twitter_card":"summary_large_image","twitter_misc":{"Written by":"Huuhka Ida-Maria","Est. reading time":"4 minutes"},"schema":{"@context":"https:\/\/schema.org","@graph":[{"@type":"Article","@id":"https:\/\/www.kvarken.org\/en\/many-new-members-in-2022\/#article","isPartOf":{"@id":"https:\/\/www.kvarken.org\/en\/many-new-members-in-2022\/"},"author":{"name":"Huuhka Ida-Maria","@id":"https:\/\/www.kvarken.org\/en\/#\/schema\/person\/0da9a52b8b8962cba7c963d7189046b5"},"headline":"Many New Members in\u202f2022","datePublished":"2023-02-09T08:43:26+00:00","dateModified":"2023-05-09T11:28:00+00:00","mainEntityOfPage":{"@id":"https:\/\/www.kvarken.org\/en\/many-new-members-in-2022\/"},"wordCount":731,"commentCount":0,"image":{"@id":"https:\/\/www.kvarken.org\/en\/many-new-members-in-2022\/#primaryimage"},"thumbnailUrl":"https:\/\/www.kvarken.org\/wp-content\/uploads\/2023\/02\/karta_kvarkenradet_maj_2022_RGB.jpg","inLanguage":"en-US","potentialAction":[{"@type":"CommentAction","name":"Comment","target":["https:\/\/www.kvarken.org\/en\/many-new-members-in-2022\/#respond"]}]},{"@type":"WebPage","@id":"https:\/\/www.kvarken.org\/en\/many-new-members-in-2022\/","url":"https:\/\/www.kvarken.org\/en\/many-new-members-in-2022\/","name":"Many New Members in\u202f2022 - Kvarkenr\u00e5det","isPartOf":{"@id":"https:\/\/www.kvarken.org\/en\/#website"},"primaryImageOfPage":{"@id":"https:\/\/www.kvarken.org\/en\/many-new-members-in-2022\/#primaryimage"},"image":{"@id":"https:\/\/www.kvarken.org\/en\/many-new-members-in-2022\/#primaryimage"},"thumbnailUrl":"https:\/\/www.kvarken.org\/wp-content\/uploads\/2023\/02\/karta_kvarkenradet_maj_2022_RGB.jpg","datePublished":"2023-02-09T08:43:26+00:00","dateModified":"2023-05-09T11:28:00+00:00","author":{"@id":"https:\/\/www.kvarken.org\/en\/#\/schema\/person\/0da9a52b8b8962cba7c963d7189046b5"},"breadcrumb":{"@id":"https:\/\/www.kvarken.org\/en\/many-new-members-in-2022\/#breadcrumb"},"inLanguage":"en-US","potentialAction":[{"@type":"ReadAction","target":["https:\/\/www.kvarken.org\/en\/many-new-members-in-2022\/"]}]},{"@type":"ImageObject","inLanguage":"en-US","@id":"https:\/\/www.kvarken.org\/en\/many-new-members-in-2022\/#primaryimage","url":"https:\/\/www.kvarken.org\/wp-content\/uploads\/2023\/02\/karta_kvarkenradet_maj_2022_RGB.jpg","contentUrl":"https:\/\/www.kvarken.org\/wp-content\/uploads\/2023\/02\/karta_kvarkenradet_maj_2022_RGB.jpg","width":1600,"height":1129},{"@type":"BreadcrumbList","@id":"https:\/\/www.kvarken.org\/en\/many-new-members-in-2022\/#breadcrumb","itemListElement":[{"@type":"ListItem","position":1,"name":"Hem","item":"https:\/\/www.kvarken.org\/en\/"},{"@type":"ListItem","position":2,"name":"Many New Members in\u202f2022"}]},{"@type":"WebSite","@id":"https:\/\/www.kvarken.org\/en\/#website","url":"https:\/\/www.kvarken.org\/en\/","name":"Kvarkenr\u00e5det","description":"","potentialAction":[{"@type":"SearchAction","target":{"@type":"EntryPoint","urlTemplate":"https:\/\/www.kvarken.org\/en\/?s={search_term_string}"},"query-input":{"@type":"PropertyValueSpecification","valueRequired":true,"valueName":"search_term_string"}}],"inLanguage":"en-US"},{"@type":"Person","@id":"https:\/\/www.kvarken.org\/en\/#\/schema\/person\/0da9a52b8b8962cba7c963d7189046b5","name":"Huuhka Ida-Maria","image":{"@type":"ImageObject","inLanguage":"en-US","@id":"https:\/\/secure.gravatar.com\/avatar\/8b0e50e08aa7a664dc6e2c23a82b9f95c7dc6946a41a69227e0712becda209aa?s=96&d=mm&r=g","url":"https:\/\/secure.gravatar.com\/avatar\/8b0e50e08aa7a664dc6e2c23a82b9f95c7dc6946a41a69227e0712becda209aa?s=96&d=mm&r=g","contentUrl":"https:\/\/secure.gravatar.com\/avatar\/8b0e50e08aa7a664dc6e2c23a82b9f95c7dc6946a41a69227e0712becda209aa?s=96&d=mm&r=g","caption":"Huuhka Ida-Maria"}}]}},"_links":{"self":[{"href":"https:\/\/www.kvarken.org\/en\/wp-json\/wp\/v2\/posts\/15394","targetHints":{"allow":["GET"]}}],"collection":[{"href":"https:\/\/www.kvarken.org\/en\/wp-json\/wp\/v2\/posts"}],"about":[{"href":"https:\/\/www.kvarken.org\/en\/wp-json\/wp\/v2\/types\/post"}],"author":[{"embeddable":true,"href":"https:\/\/www.kvarken.org\/en\/wp-json\/wp\/v2\/users\/6"}],"replies":[{"embeddable":true,"href":"https:\/\/www.kvarken.org\/en\/wp-json\/wp\/v2\/comments?post=15394"}],"version-history":[{"count":6,"href":"https:\/\/www.kvarken.org\/en\/wp-json\/wp\/v2\/posts\/15394\/revisions"}],"predecessor-version":[{"id":17636,"href":"https:\/\/www.kvarken.org\/en\/wp-json\/wp\/v2\/posts\/15394\/revisions\/17636"}],"wp:featuredmedia":[{"embeddable":true,"href":"https:\/\/www.kvarken.org\/en\/wp-json\/wp\/v2\/media\/15723"}],"wp:attachment":[{"href":"https:\/\/www.kvarken.org\/en\/wp-json\/wp\/v2\/media?parent=15394"}],"wp:term":[{"taxonomy":"category","embeddable":true,"href":"https:\/\/www.kvarken.org\/en\/wp-json\/wp\/v2\/categories?post=15394"},{"taxonomy":"post_tag","embeddable":true,"href":"https:\/\/www.kvarken.org\/en\/wp-json\/wp\/v2\/tags?post=15394"},{"taxonomy":"amnen","embeddable":true,"href":"https:\/\/www.kvarken.org\/en\/wp-json\/wp\/v2\/amnen?post=15394"}],"curies":[{"name":"wp","href":"https:\/\/api.w.org\/{rel}","templated":true}]}}