{"id":17906,"date":"2023-06-20T14:29:42","date_gmt":"2023-06-20T11:29:42","guid":{"rendered":"https:\/\/www.kvarken.org\/?p=17906"},"modified":"2023-12-22T01:24:11","modified_gmt":"2023-12-21T22:24:11","slug":"kvarken-council-egtc-with-its-partners-receive-funding-for-two-new-projects","status":"publish","type":"post","link":"https:\/\/www.kvarken.org\/en\/kvarken-council-egtc-with-its-partners-receive-funding-for-two-new-projects\/","title":{"rendered":"Kvarken Council EGTC with its Partners Receive Funding for Two New Projects"},"content":{"rendered":"<p><span data-contrast=\"none\">The Kvarken Council EGTC, together with its members, applied for funding as a single beneficiary in its role as an EGTC for the first time in history.<\/span> <span data-contrast=\"none\">The first project, <\/span><b><span data-contrast=\"none\">FAIR\u202f2,<\/span><\/b><span data-contrast=\"none\"> is a continuation of the electric aviation project FAIR that ended in October\u202f2022. The new project aims to increase understanding of the demand for sustainable regional flights.<\/span><span data-ccp-props=\"{&quot;134233279&quot;:true,&quot;335551550&quot;:6,&quot;335551620&quot;:6}\">\u00a0<\/span><\/p>\n<p><span data-contrast=\"none\">\u2013 The project is a continuation of the previous FAIR project and it\u2019s based on one of the action decisions suggested for future development. The goal is to become an early adopter of sustainable regional aviation.<\/span><span data-ccp-props=\"{&quot;134233279&quot;:true,&quot;335551550&quot;:6,&quot;335551620&quot;:6}\">\u00a0<\/span><\/p>\n<p><span data-contrast=\"none\">\u2013 The project strives to increase understanding of the demand for sustainable regional aviation.<\/span> <span data-contrast=\"none\">Current travel patterns will be mapped, and identified demand and competitiveness for routes will be analyzed, explains<\/span><b><span data-contrast=\"none\"> Mr<\/span><\/b> <b><span data-contrast=\"none\">Mathias Lindstr\u00f6m<\/span><\/b><span data-contrast=\"none\">, Director of the Kvarken Council.<\/span><span data-ccp-props=\"{&quot;134233279&quot;:true,&quot;335551550&quot;:6,&quot;335551620&quot;:6}\">\u00a0<\/span><\/p>\n<h2><b><span data-contrast=\"none\">Testing the Application of the New Organizational Form in Practice<\/span><\/b><span data-ccp-props=\"{&quot;134233117&quot;:false,&quot;134233118&quot;:false,&quot;134233279&quot;:true,&quot;335551550&quot;:6,&quot;335551620&quot;:6,&quot;335559738&quot;:0,&quot;335559739&quot;:0}\">\u00a0<\/span><\/h2>\n<p><span data-contrast=\"none\">The Kvarken Council EGTC\u2019s role as a single beneficiary in FAIR 2 is new both for the Council and its members. This alternative is available for an EGTC organizational form and enables the cross-border collaboration of the Kvarken Council\u2019s members in the project, even though the funding and administration is completely handled by the Council.<\/span><span data-ccp-props=\"{&quot;134233279&quot;:true,&quot;335551550&quot;:6,&quot;335551620&quot;:6}\">\u00a0<\/span><\/p>\n<p><span data-contrast=\"auto\">\u2013 This is a significant improvement that facilitates both the application procedure and the handling of various projects. Together with the partners and the financier, which is the Interreg Aurora programme, we will now learn how this works in practice. It will be both exciting and educational, Mr Lindstr\u00f6m says.<\/span><\/p>\n<h2><b><span data-contrast=\"none\">Sustainable Aviation as a Theme Even in a Larger Partnership<\/span><\/b><span data-ccp-props=\"{&quot;134233279&quot;:true,&quot;335551550&quot;:6,&quot;335551620&quot;:6}\">\u00a0<\/span><\/h2>\n<p><span data-contrast=\"none\">The second project, <\/span><b><span data-contrast=\"none\">New North,<\/span><\/b><span data-contrast=\"none\"> aims to analyze transport systems in the northern parts of the Nordic countries in light of the changed geopolitical situation.<\/span> <span data-contrast=\"none\">The main partner is the Regional Council of Lapland.<\/span> <span data-contrast=\"none\">One of the project\u2019s work packages focuses on sustainable aviation and is led by the County Administrative Board of V\u00e4sterbotten County in cooperation with the Kvarken Council.<\/span> <span data-contrast=\"none\">This project, too, takes the previous FAIR project\u2019s knowledge base one step forward.<\/span><span data-ccp-props=\"{&quot;134233117&quot;:false,&quot;134233118&quot;:false,&quot;134233279&quot;:true,&quot;335551550&quot;:6,&quot;335551620&quot;:6,&quot;335559738&quot;:0,&quot;335559739&quot;:0}\">\u00a0<\/span><\/p>\n<p><span data-contrast=\"none\">\u2013 The work package uses the previous FAIR project\u2019s materials as a starting point and primarily aims at increasing the level of knowledge in a larger area and forming a shared vision for sustainable aviation.<\/span><span data-ccp-props=\"{&quot;134233279&quot;:true,&quot;335551550&quot;:6,&quot;335551620&quot;:6}\">\u00a0<\/span><\/p>\n<p><span data-contrast=\"none\">\u2013 Given the new geopolitical situation, market changes, development of the business environment, and previous research, this gives a completely new perspective on <\/span><span data-contrast=\"auto\">security of supply and accessibility, <\/span><span data-contrast=\"none\">Mr Lindstr\u00f6m says.<\/span><span data-ccp-props=\"{}\">\u00a0<\/span><\/p>\n<p><span data-contrast=\"none\">The Kvarken Council and its partners are naturally pleased with the decision and thank the Interreg Aurora programme.<\/span><span data-ccp-props=\"{&quot;134233117&quot;:false,&quot;134233118&quot;:false,&quot;134233279&quot;:true,&quot;335551550&quot;:6,&quot;335551620&quot;:6,&quot;335559738&quot;:0,&quot;335559739&quot;:0}\">\u00a0<\/span><\/p>\n<p><span data-contrast=\"auto\">\u2013 This is fantastic news that gives us the opportunity to continue being pioneers in these sectors in the region. We would like to take this opportunity to thank all our partners and the financier for these opportunities. With the help of cooperation, we can together take faster steps forward when it comes to regional development, Mr Lindstr\u00f6m says.<\/span><\/p>\n<p><b><span data-contrast=\"none\">The two approved projects applied by Kvarken Council EGTC with its partners:<\/span><\/b><span data-ccp-props=\"{&quot;134245418&quot;:true,&quot;134245529&quot;:true,&quot;201341983&quot;:2,&quot;335559738&quot;:0,&quot;335559740&quot;:312}\">\u00a0<\/span><\/p>\n<p><b><i><span data-contrast=\"none\">FAIR 2<\/span><\/i><\/b><span data-contrast=\"none\">\u202f<\/span><span data-ccp-props=\"{&quot;134233117&quot;:false,&quot;134233118&quot;:false,&quot;335559738&quot;:0,&quot;335559739&quot;:0}\">\u00a0<\/span><\/p>\n<p><b><i><span data-contrast=\"none\">Budget and funding<\/span><\/i><\/b><i><span data-contrast=\"none\">: The total budget of this project is 450\u202f430,00 EUR, whereof 292\u202f780,00 EUR EU-funding via the Interreg Aurora programme. The rest of the funding comes from\u202fFinnish national\u202fand Swedish regional co-funding, from the Nordic Council of Ministers and from municipal and private co-funding.<\/span><\/i><br \/>\n<b><i><span data-contrast=\"none\">Project partners<\/span><\/i><\/b><i><span data-contrast=\"none\">: Kvarken Council EGTC<\/span><\/i><span data-contrast=\"none\">.<\/span><span data-ccp-props=\"{&quot;134233117&quot;:false,&quot;134233118&quot;:false,&quot;335559738&quot;:0,&quot;335559739&quot;:0}\"><br \/>\n<\/span><b><i><span data-contrast=\"none\">Financiers<\/span><\/i><\/b><i><span data-contrast=\"none\">: Interreg Aurora, Kvarken Council EGTC<\/span><\/i><span data-contrast=\"none\">, <\/span><i><span data-contrast=\"none\">Regional Council of Lapland.<\/span><\/i><span data-ccp-props=\"{&quot;134233117&quot;:false,&quot;134233118&quot;:false,&quot;335559738&quot;:0,&quot;335559739&quot;:0}\"><br \/>\n<\/span><b><i><span data-contrast=\"none\">Timetable<\/span><\/i><\/b><i><span data-contrast=\"none\">: 1.6.2023\u20131.12.2024.<\/span><\/i><span data-contrast=\"none\">\u202f<\/span><span data-ccp-props=\"{&quot;134233117&quot;:false,&quot;134233118&quot;:false,&quot;335559738&quot;:0,&quot;335559739&quot;:0}\">\u00a0<\/span><\/p>\n<p><b><i><span data-contrast=\"none\">New North\u202f<\/span><\/i><\/b><span data-contrast=\"none\">\u202f<\/span><span data-ccp-props=\"{&quot;134233117&quot;:false,&quot;134233118&quot;:false,&quot;335559738&quot;:0,&quot;335559739&quot;:0}\">\u00a0<\/span><\/p>\n<p><b><i><span data-contrast=\"none\">Budget and funding<\/span><\/i><\/b><i><span data-contrast=\"none\">: The total budget of this project is 1\u202f980\u202f592,00 EUR, whereof 1\u202f053\u202f690,00 EUR EU-funding via the Interreg Aurora programme. The rest of the funding comes from\u202fFinnish national\u202fand Swedish regional co-funding, from the Nordic Council of Ministers and from municipal and private co-funding.<\/span><\/i><span data-ccp-props=\"{&quot;134233117&quot;:false,&quot;134233118&quot;:false,&quot;335559738&quot;:0,&quot;335559739&quot;:0}\"><br \/>\n<\/span><b><i><span data-contrast=\"none\">Project partners\/ Financiers<\/span><\/i><\/b><i><span data-contrast=\"none\">: Interreg Aurora (financier), Regional Council of Lapland, Regional Council of Kainuu, Kvarken Council EGTC<\/span><\/i><span data-contrast=\"none\">, <\/span><i><span data-contrast=\"none\">L\u00e4nsstyrelsen Norrbotten, L\u00e4nsstyrelsen V\u00e4sterbotten, Regional Council of North Karelia, Council of Oulu Region, Finnmark fylkeskommune, Nordland fylkeskommune, Troms fylkeskommune.<\/span><\/i><span data-contrast=\"none\">\u202f<\/span><span data-ccp-props=\"{&quot;134233117&quot;:false,&quot;134233118&quot;:false,&quot;335559738&quot;:0,&quot;335559739&quot;:0}\"><br \/>\n<\/span><b><i><span data-contrast=\"none\">Timetable<\/span><\/i><\/b><i><span data-contrast=\"none\">: 31.8.2023\u201330.8.2026.<\/span><\/i><\/p>\n<p><img decoding=\"async\" class=\"alignleft wp-image-16002\" src=\"https:\/\/www.kvarken.org\/wp-content\/uploads\/2023\/01\/cropped-AURORA-RGB-Color-1.png\" alt=\"\" width=\"600\" height=\"136\" \/><\/p>\n<p>&nbsp;<\/p>\n","protected":false},"excerpt":{"rendered":"<p>The EU programme Interreg Aurora has granted funding for two new projects, FAIR\u202f2 and New North. The projects focus on sustainable aviation, among other things.<\/p>\n","protected":false},"author":6,"featured_media":14849,"comment_status":"open","ping_status":"open","sticky":false,"template":"","format":"standard","meta":{"_acf_changed":false,"_et_pb_use_builder":"","_et_pb_old_content":"","_et_gb_content_width":"","footnotes":""},"categories":[68,12],"tags":[],"amnen":[94,93,90],"class_list":["post-17906","post","type-post","status-publish","format-standard","has-post-thumbnail","hentry","category-press-release","category-uncategorized","amnen-business","amnen-environment","amnen-infrastructure"],"acf":[],"yoast_head":"<!-- This site is optimized with the Yoast SEO plugin v27.4 - https:\/\/yoast.com\/product\/yoast-seo-wordpress\/ -->\n<title>Kvarken Council EGTC with its Partners Receive Funding for Two New Projects - Kvarkenr\u00e5det<\/title>\n<meta name=\"robots\" content=\"index, follow, max-snippet:-1, max-image-preview:large, max-video-preview:-1\" \/>\n<link rel=\"canonical\" href=\"https:\/\/www.kvarken.org\/en\/kvarken-council-egtc-with-its-partners-receive-funding-for-two-new-projects\/\" \/>\n<meta property=\"og:locale\" content=\"en_US\" \/>\n<meta property=\"og:type\" content=\"article\" \/>\n<meta property=\"og:title\" content=\"Kvarken Council EGTC with its Partners Receive Funding for Two New Projects - Kvarkenr\u00e5det\" \/>\n<meta property=\"og:description\" content=\"The EU programme Interreg Aurora has granted funding for two new projects, FAIR\u202f2 and New North. The projects focus on sustainable aviation, among other things.\" \/>\n<meta property=\"og:url\" content=\"https:\/\/www.kvarken.org\/en\/kvarken-council-egtc-with-its-partners-receive-funding-for-two-new-projects\/\" \/>\n<meta property=\"og:site_name\" content=\"Kvarkenr\u00e5det\" \/>\n<meta property=\"article:published_time\" content=\"2023-06-20T11:29:42+00:00\" \/>\n<meta property=\"article:modified_time\" content=\"2023-12-21T22:24:11+00:00\" \/>\n<meta property=\"og:image\" content=\"https:\/\/www.kvarken.org\/wp-content\/uploads\/2023\/01\/EdelPhoto-5-1024x767.jpg\" \/>\n\t<meta property=\"og:image:width\" content=\"1024\" \/>\n\t<meta property=\"og:image:height\" content=\"767\" \/>\n\t<meta property=\"og:image:type\" content=\"image\/jpeg\" \/>\n<meta name=\"author\" content=\"Huuhka Ida-Maria\" \/>\n<meta name=\"twitter:card\" content=\"summary_large_image\" \/>\n<meta name=\"twitter:label1\" content=\"Written by\" \/>\n\t<meta name=\"twitter:data1\" content=\"Huuhka Ida-Maria\" \/>\n\t<meta name=\"twitter:label2\" content=\"Est. reading time\" \/>\n\t<meta name=\"twitter:data2\" content=\"4 minutes\" \/>\n<script type=\"application\/ld+json\" class=\"yoast-schema-graph\">{\"@context\":\"https:\\\/\\\/schema.org\",\"@graph\":[{\"@type\":\"Article\",\"@id\":\"https:\\\/\\\/www.kvarken.org\\\/en\\\/kvarken-council-egtc-with-its-partners-receive-funding-for-two-new-projects\\\/#article\",\"isPartOf\":{\"@id\":\"https:\\\/\\\/www.kvarken.org\\\/en\\\/kvarken-council-egtc-with-its-partners-receive-funding-for-two-new-projects\\\/\"},\"author\":{\"name\":\"Huuhka Ida-Maria\",\"@id\":\"https:\\\/\\\/www.kvarken.org\\\/en\\\/#\\\/schema\\\/person\\\/0da9a52b8b8962cba7c963d7189046b5\"},\"headline\":\"Kvarken Council EGTC with its Partners Receive Funding for Two New Projects\",\"datePublished\":\"2023-06-20T11:29:42+00:00\",\"dateModified\":\"2023-12-21T22:24:11+00:00\",\"mainEntityOfPage\":{\"@id\":\"https:\\\/\\\/www.kvarken.org\\\/en\\\/kvarken-council-egtc-with-its-partners-receive-funding-for-two-new-projects\\\/\"},\"wordCount\":651,\"commentCount\":0,\"image\":{\"@id\":\"https:\\\/\\\/www.kvarken.org\\\/en\\\/kvarken-council-egtc-with-its-partners-receive-funding-for-two-new-projects\\\/#primaryimage\"},\"thumbnailUrl\":\"https:\\\/\\\/www.kvarken.org\\\/wp-content\\\/uploads\\\/2023\\\/01\\\/EdelPhoto-5.jpg\",\"articleSection\":[\"Press release\"],\"inLanguage\":\"en-US\",\"potentialAction\":[{\"@type\":\"CommentAction\",\"name\":\"Comment\",\"target\":[\"https:\\\/\\\/www.kvarken.org\\\/en\\\/kvarken-council-egtc-with-its-partners-receive-funding-for-two-new-projects\\\/#respond\"]}]},{\"@type\":\"WebPage\",\"@id\":\"https:\\\/\\\/www.kvarken.org\\\/en\\\/kvarken-council-egtc-with-its-partners-receive-funding-for-two-new-projects\\\/\",\"url\":\"https:\\\/\\\/www.kvarken.org\\\/en\\\/kvarken-council-egtc-with-its-partners-receive-funding-for-two-new-projects\\\/\",\"name\":\"Kvarken Council EGTC with its Partners Receive Funding for Two New Projects - Kvarkenr\u00e5det\",\"isPartOf\":{\"@id\":\"https:\\\/\\\/www.kvarken.org\\\/en\\\/#website\"},\"primaryImageOfPage\":{\"@id\":\"https:\\\/\\\/www.kvarken.org\\\/en\\\/kvarken-council-egtc-with-its-partners-receive-funding-for-two-new-projects\\\/#primaryimage\"},\"image\":{\"@id\":\"https:\\\/\\\/www.kvarken.org\\\/en\\\/kvarken-council-egtc-with-its-partners-receive-funding-for-two-new-projects\\\/#primaryimage\"},\"thumbnailUrl\":\"https:\\\/\\\/www.kvarken.org\\\/wp-content\\\/uploads\\\/2023\\\/01\\\/EdelPhoto-5.jpg\",\"datePublished\":\"2023-06-20T11:29:42+00:00\",\"dateModified\":\"2023-12-21T22:24:11+00:00\",\"author\":{\"@id\":\"https:\\\/\\\/www.kvarken.org\\\/en\\\/#\\\/schema\\\/person\\\/0da9a52b8b8962cba7c963d7189046b5\"},\"breadcrumb\":{\"@id\":\"https:\\\/\\\/www.kvarken.org\\\/en\\\/kvarken-council-egtc-with-its-partners-receive-funding-for-two-new-projects\\\/#breadcrumb\"},\"inLanguage\":\"en-US\",\"potentialAction\":[{\"@type\":\"ReadAction\",\"target\":[\"https:\\\/\\\/www.kvarken.org\\\/en\\\/kvarken-council-egtc-with-its-partners-receive-funding-for-two-new-projects\\\/\"]}]},{\"@type\":\"ImageObject\",\"inLanguage\":\"en-US\",\"@id\":\"https:\\\/\\\/www.kvarken.org\\\/en\\\/kvarken-council-egtc-with-its-partners-receive-funding-for-two-new-projects\\\/#primaryimage\",\"url\":\"https:\\\/\\\/www.kvarken.org\\\/wp-content\\\/uploads\\\/2023\\\/01\\\/EdelPhoto-5.jpg\",\"contentUrl\":\"https:\\\/\\\/www.kvarken.org\\\/wp-content\\\/uploads\\\/2023\\\/01\\\/EdelPhoto-5.jpg\",\"width\":1920,\"height\":1439},{\"@type\":\"BreadcrumbList\",\"@id\":\"https:\\\/\\\/www.kvarken.org\\\/en\\\/kvarken-council-egtc-with-its-partners-receive-funding-for-two-new-projects\\\/#breadcrumb\",\"itemListElement\":[{\"@type\":\"ListItem\",\"position\":1,\"name\":\"Hem\",\"item\":\"https:\\\/\\\/www.kvarken.org\\\/en\\\/\"},{\"@type\":\"ListItem\",\"position\":2,\"name\":\"Kvarken Council EGTC with its Partners Receive Funding for Two New Projects\"}]},{\"@type\":\"WebSite\",\"@id\":\"https:\\\/\\\/www.kvarken.org\\\/en\\\/#website\",\"url\":\"https:\\\/\\\/www.kvarken.org\\\/en\\\/\",\"name\":\"Kvarkenr\u00e5det\",\"description\":\"\",\"potentialAction\":[{\"@type\":\"SearchAction\",\"target\":{\"@type\":\"EntryPoint\",\"urlTemplate\":\"https:\\\/\\\/www.kvarken.org\\\/en\\\/?s={search_term_string}\"},\"query-input\":{\"@type\":\"PropertyValueSpecification\",\"valueRequired\":true,\"valueName\":\"search_term_string\"}}],\"inLanguage\":\"en-US\"},{\"@type\":\"Person\",\"@id\":\"https:\\\/\\\/www.kvarken.org\\\/en\\\/#\\\/schema\\\/person\\\/0da9a52b8b8962cba7c963d7189046b5\",\"name\":\"Huuhka Ida-Maria\",\"image\":{\"@type\":\"ImageObject\",\"inLanguage\":\"en-US\",\"@id\":\"https:\\\/\\\/secure.gravatar.com\\\/avatar\\\/8b0e50e08aa7a664dc6e2c23a82b9f95c7dc6946a41a69227e0712becda209aa?s=96&d=mm&r=g\",\"url\":\"https:\\\/\\\/secure.gravatar.com\\\/avatar\\\/8b0e50e08aa7a664dc6e2c23a82b9f95c7dc6946a41a69227e0712becda209aa?s=96&d=mm&r=g\",\"contentUrl\":\"https:\\\/\\\/secure.gravatar.com\\\/avatar\\\/8b0e50e08aa7a664dc6e2c23a82b9f95c7dc6946a41a69227e0712becda209aa?s=96&d=mm&r=g\",\"caption\":\"Huuhka Ida-Maria\"}}]}<\/script>\n<!-- \/ Yoast SEO plugin. -->","yoast_head_json":{"title":"Kvarken Council EGTC with its Partners Receive Funding for Two New Projects - Kvarkenr\u00e5det","robots":{"index":"index","follow":"follow","max-snippet":"max-snippet:-1","max-image-preview":"max-image-preview:large","max-video-preview":"max-video-preview:-1"},"canonical":"https:\/\/www.kvarken.org\/en\/kvarken-council-egtc-with-its-partners-receive-funding-for-two-new-projects\/","og_locale":"en_US","og_type":"article","og_title":"Kvarken Council EGTC with its Partners Receive Funding for Two New Projects - Kvarkenr\u00e5det","og_description":"The EU programme Interreg Aurora has granted funding for two new projects, FAIR\u202f2 and New North. The projects focus on sustainable aviation, among other things.","og_url":"https:\/\/www.kvarken.org\/en\/kvarken-council-egtc-with-its-partners-receive-funding-for-two-new-projects\/","og_site_name":"Kvarkenr\u00e5det","article_published_time":"2023-06-20T11:29:42+00:00","article_modified_time":"2023-12-21T22:24:11+00:00","og_image":[{"width":1024,"height":767,"url":"https:\/\/www.kvarken.org\/wp-content\/uploads\/2023\/01\/EdelPhoto-5-1024x767.jpg","type":"image\/jpeg"}],"author":"Huuhka Ida-Maria","twitter_card":"summary_large_image","twitter_misc":{"Written by":"Huuhka Ida-Maria","Est. reading time":"4 minutes"},"schema":{"@context":"https:\/\/schema.org","@graph":[{"@type":"Article","@id":"https:\/\/www.kvarken.org\/en\/kvarken-council-egtc-with-its-partners-receive-funding-for-two-new-projects\/#article","isPartOf":{"@id":"https:\/\/www.kvarken.org\/en\/kvarken-council-egtc-with-its-partners-receive-funding-for-two-new-projects\/"},"author":{"name":"Huuhka Ida-Maria","@id":"https:\/\/www.kvarken.org\/en\/#\/schema\/person\/0da9a52b8b8962cba7c963d7189046b5"},"headline":"Kvarken Council EGTC with its Partners Receive Funding for Two New Projects","datePublished":"2023-06-20T11:29:42+00:00","dateModified":"2023-12-21T22:24:11+00:00","mainEntityOfPage":{"@id":"https:\/\/www.kvarken.org\/en\/kvarken-council-egtc-with-its-partners-receive-funding-for-two-new-projects\/"},"wordCount":651,"commentCount":0,"image":{"@id":"https:\/\/www.kvarken.org\/en\/kvarken-council-egtc-with-its-partners-receive-funding-for-two-new-projects\/#primaryimage"},"thumbnailUrl":"https:\/\/www.kvarken.org\/wp-content\/uploads\/2023\/01\/EdelPhoto-5.jpg","articleSection":["Press release"],"inLanguage":"en-US","potentialAction":[{"@type":"CommentAction","name":"Comment","target":["https:\/\/www.kvarken.org\/en\/kvarken-council-egtc-with-its-partners-receive-funding-for-two-new-projects\/#respond"]}]},{"@type":"WebPage","@id":"https:\/\/www.kvarken.org\/en\/kvarken-council-egtc-with-its-partners-receive-funding-for-two-new-projects\/","url":"https:\/\/www.kvarken.org\/en\/kvarken-council-egtc-with-its-partners-receive-funding-for-two-new-projects\/","name":"Kvarken Council EGTC with its Partners Receive Funding for Two New Projects - Kvarkenr\u00e5det","isPartOf":{"@id":"https:\/\/www.kvarken.org\/en\/#website"},"primaryImageOfPage":{"@id":"https:\/\/www.kvarken.org\/en\/kvarken-council-egtc-with-its-partners-receive-funding-for-two-new-projects\/#primaryimage"},"image":{"@id":"https:\/\/www.kvarken.org\/en\/kvarken-council-egtc-with-its-partners-receive-funding-for-two-new-projects\/#primaryimage"},"thumbnailUrl":"https:\/\/www.kvarken.org\/wp-content\/uploads\/2023\/01\/EdelPhoto-5.jpg","datePublished":"2023-06-20T11:29:42+00:00","dateModified":"2023-12-21T22:24:11+00:00","author":{"@id":"https:\/\/www.kvarken.org\/en\/#\/schema\/person\/0da9a52b8b8962cba7c963d7189046b5"},"breadcrumb":{"@id":"https:\/\/www.kvarken.org\/en\/kvarken-council-egtc-with-its-partners-receive-funding-for-two-new-projects\/#breadcrumb"},"inLanguage":"en-US","potentialAction":[{"@type":"ReadAction","target":["https:\/\/www.kvarken.org\/en\/kvarken-council-egtc-with-its-partners-receive-funding-for-two-new-projects\/"]}]},{"@type":"ImageObject","inLanguage":"en-US","@id":"https:\/\/www.kvarken.org\/en\/kvarken-council-egtc-with-its-partners-receive-funding-for-two-new-projects\/#primaryimage","url":"https:\/\/www.kvarken.org\/wp-content\/uploads\/2023\/01\/EdelPhoto-5.jpg","contentUrl":"https:\/\/www.kvarken.org\/wp-content\/uploads\/2023\/01\/EdelPhoto-5.jpg","width":1920,"height":1439},{"@type":"BreadcrumbList","@id":"https:\/\/www.kvarken.org\/en\/kvarken-council-egtc-with-its-partners-receive-funding-for-two-new-projects\/#breadcrumb","itemListElement":[{"@type":"ListItem","position":1,"name":"Hem","item":"https:\/\/www.kvarken.org\/en\/"},{"@type":"ListItem","position":2,"name":"Kvarken Council EGTC with its Partners Receive Funding for Two New Projects"}]},{"@type":"WebSite","@id":"https:\/\/www.kvarken.org\/en\/#website","url":"https:\/\/www.kvarken.org\/en\/","name":"Kvarkenr\u00e5det","description":"","potentialAction":[{"@type":"SearchAction","target":{"@type":"EntryPoint","urlTemplate":"https:\/\/www.kvarken.org\/en\/?s={search_term_string}"},"query-input":{"@type":"PropertyValueSpecification","valueRequired":true,"valueName":"search_term_string"}}],"inLanguage":"en-US"},{"@type":"Person","@id":"https:\/\/www.kvarken.org\/en\/#\/schema\/person\/0da9a52b8b8962cba7c963d7189046b5","name":"Huuhka Ida-Maria","image":{"@type":"ImageObject","inLanguage":"en-US","@id":"https:\/\/secure.gravatar.com\/avatar\/8b0e50e08aa7a664dc6e2c23a82b9f95c7dc6946a41a69227e0712becda209aa?s=96&d=mm&r=g","url":"https:\/\/secure.gravatar.com\/avatar\/8b0e50e08aa7a664dc6e2c23a82b9f95c7dc6946a41a69227e0712becda209aa?s=96&d=mm&r=g","contentUrl":"https:\/\/secure.gravatar.com\/avatar\/8b0e50e08aa7a664dc6e2c23a82b9f95c7dc6946a41a69227e0712becda209aa?s=96&d=mm&r=g","caption":"Huuhka Ida-Maria"}}]}},"_links":{"self":[{"href":"https:\/\/www.kvarken.org\/en\/wp-json\/wp\/v2\/posts\/17906","targetHints":{"allow":["GET"]}}],"collection":[{"href":"https:\/\/www.kvarken.org\/en\/wp-json\/wp\/v2\/posts"}],"about":[{"href":"https:\/\/www.kvarken.org\/en\/wp-json\/wp\/v2\/types\/post"}],"author":[{"embeddable":true,"href":"https:\/\/www.kvarken.org\/en\/wp-json\/wp\/v2\/users\/6"}],"replies":[{"embeddable":true,"href":"https:\/\/www.kvarken.org\/en\/wp-json\/wp\/v2\/comments?post=17906"}],"version-history":[{"count":9,"href":"https:\/\/www.kvarken.org\/en\/wp-json\/wp\/v2\/posts\/17906\/revisions"}],"predecessor-version":[{"id":19482,"href":"https:\/\/www.kvarken.org\/en\/wp-json\/wp\/v2\/posts\/17906\/revisions\/19482"}],"wp:featuredmedia":[{"embeddable":true,"href":"https:\/\/www.kvarken.org\/en\/wp-json\/wp\/v2\/media\/14849"}],"wp:attachment":[{"href":"https:\/\/www.kvarken.org\/en\/wp-json\/wp\/v2\/media?parent=17906"}],"wp:term":[{"taxonomy":"category","embeddable":true,"href":"https:\/\/www.kvarken.org\/en\/wp-json\/wp\/v2\/categories?post=17906"},{"taxonomy":"post_tag","embeddable":true,"href":"https:\/\/www.kvarken.org\/en\/wp-json\/wp\/v2\/tags?post=17906"},{"taxonomy":"amnen","embeddable":true,"href":"https:\/\/www.kvarken.org\/en\/wp-json\/wp\/v2\/amnen?post=17906"}],"curies":[{"name":"wp","href":"https:\/\/api.w.org\/{rel}","templated":true}]}}