{"id":20639,"date":"2024-04-24T11:24:36","date_gmt":"2024-04-24T08:24:36","guid":{"rendered":"https:\/\/www.kvarken.org\/?p=20639"},"modified":"2024-05-29T15:20:41","modified_gmt":"2024-05-29T12:20:41","slug":"strand-and-skinnari-reinforced-the-voice-of-the-regions-at-jarnvagsforum-norr-2024","status":"publish","type":"post","link":"https:\/\/www.kvarken.org\/en\/strand-and-skinnari-reinforced-the-voice-of-the-regions-at-jarnvagsforum-norr-2024\/","title":{"rendered":"Strand and Skinnari Reinforced the Voice of the Regions at J\u00e4rnv\u00e4gsforum Norr 2024"},"content":{"rendered":"<p style=\"font-weight: 400;\">Members of Finnish Parliament <strong>Joakim Strand<\/strong> (RKP) and former Minister for Development Cooperation and Foreign Trade <strong>Ville Skinnari<\/strong> (SDP) actively participated in the J\u00e4rnv\u00e4gsforum Norr (Railway Forum North) 2024 conference held in Sundsvall, Sweden, on April\u00a018\u201319. The event brought together 250\u00a0leading decision-makers, business leaders, and opinion leaders to discuss infrastructure development in Northern Sweden and the Northern Nordics. Participation of the Swedish Minister for Infrastructure underscored the importance of the event for cooperation in the northern region.<\/p>\n<p style=\"font-weight: 400;\"><strong>Skinnari<\/strong> and <strong>Strand<\/strong> focused their speeches on strengthening infrastructure development and security policy cooperation in the Nordic countries. They advocated for the Nordic Connector project \u2013 a fixed link over the Kvarken and its positive impacts \u2013 and emphasized the significance of cooperation and regional growth opportunities.<\/p>\n<h2 style=\"font-weight: 400;\">Growth is in the North, but do the capitals hear the voice of the regions, does the EU hear it? they asked together<\/h2>\n<p style=\"font-weight: 400;\"><strong>Ville Skinnari<\/strong> spoke at the event about comprehensive security and logistic solutions needed to enable the green transition in the Nordic countries. He emphasized that with our NATO membership, we must strengthen our regional cooperation and invest more in cross-logistic connections, which are crucial for both our security and our economy.<\/p>\n<p style=\"font-weight: 400;\">\u00ad\u2013 The Kvarken region is a pioneering region with real cross-border cooperation and project implementation to promote regional growth \u2013 a true model region, which should be utilized not only at the Nordic level but also at the European level. Twin city thinking needs to be further multiplied.<\/p>\n<p style=\"font-weight: 400;\">\u00ad\u2013 For example, the Nordic Connector project \u2013 that is, the work to achieve a fixed connection \u2013 connects and promotes not just the specific area, but the impact area is much larger, and the momentum is now!<\/p>\n<p style=\"font-weight: 400;\">\u2013 It is time that our highest decision-makers in our capitals and the EU recognize this need and the opportunities it brings for growth and development in Northern Europe, <strong>Skinnari<\/strong> continues.<\/p>\n<p style=\"font-weight: 400;\"><strong>Joakim Strand<\/strong>, who also serves as the Kvarken Council\u2019s Vice-Chairman, focused on the role of infrastructure as the region\u2019s economic backbone.<\/p>\n<p style=\"font-weight: 400;\">\u2013 Nordic Connector is not just a project; it is our gateway to the future, where we strengthen east-west connections and create new growth opportunities for the whole of Northern Europe, <strong>Strand<\/strong> said.<\/p>\n<p style=\"font-weight: 400;\">\u2013 Currently, advancing the development project requires that the highest-level decision-makers in our capitals understand the need and its future impacts and are ready to internalize how this could affect the growth and development of Northern Europe.<\/p>\n<p style=\"font-weight: 400;\">\u2013 We are ready to answer any questions and promote dialogue at all levels so that we can build a more sustainable and vibrant future together, the representatives stated.<\/p>\n<p>&nbsp;<\/p>\n<p>Watch and listen to the presentations <a href=\"https:\/\/www.youtube.com\/watch?v=M0lhmKYuMO0\"><strong>HERE<\/strong><\/a>.<\/p>\n<div id=\"attachment_20898\" style=\"width: 2058px\" class=\"wp-caption alignleft\"><img decoding=\"async\" aria-describedby=\"caption-attachment-20898\" class=\"wp-image-20898 size-full\" src=\"https:\/\/www.kvarken.org\/wp-content\/uploads\/2024\/05\/DSC0053_JVFN24_Pressbild_MariaGNilsson.jpg\" alt=\"\" width=\"2048\" height=\"1536\" srcset=\"https:\/\/www.kvarken.org\/wp-content\/uploads\/2024\/05\/DSC0053_JVFN24_Pressbild_MariaGNilsson.jpg 2048w, https:\/\/www.kvarken.org\/wp-content\/uploads\/2024\/05\/DSC0053_JVFN24_Pressbild_MariaGNilsson-1280x960.jpg 1280w, https:\/\/www.kvarken.org\/wp-content\/uploads\/2024\/05\/DSC0053_JVFN24_Pressbild_MariaGNilsson-980x735.jpg 980w, https:\/\/www.kvarken.org\/wp-content\/uploads\/2024\/05\/DSC0053_JVFN24_Pressbild_MariaGNilsson-480x360.jpg 480w\" sizes=\"(min-width: 0px) and (max-width: 480px) 480px, (min-width: 481px) and (max-width: 980px) 980px, (min-width: 981px) and (max-width: 1280px) 1280px, (min-width: 1281px) 2048px, 100vw\" \/><p id=\"caption-attachment-20898\" class=\"wp-caption-text\">Ville Skinnari spoke at the event about comprehensive security and logistic solutions needed to enable the green transition in the Nordic countries. Photo: Maria G Nilsson.<\/p><\/div>\n<div id=\"attachment_20895\" style=\"width: 2058px\" class=\"wp-caption alignleft\"><img decoding=\"async\" aria-describedby=\"caption-attachment-20895\" class=\"wp-image-20895 size-full\" src=\"https:\/\/www.kvarken.org\/wp-content\/uploads\/2024\/05\/DSC0297_JVFN24_Pressbild_MariaGNilsson.jpg\" alt=\"\" width=\"2048\" height=\"1365\" srcset=\"https:\/\/www.kvarken.org\/wp-content\/uploads\/2024\/05\/DSC0297_JVFN24_Pressbild_MariaGNilsson.jpg 2048w, https:\/\/www.kvarken.org\/wp-content\/uploads\/2024\/05\/DSC0297_JVFN24_Pressbild_MariaGNilsson-1280x853.jpg 1280w, https:\/\/www.kvarken.org\/wp-content\/uploads\/2024\/05\/DSC0297_JVFN24_Pressbild_MariaGNilsson-980x653.jpg 980w, https:\/\/www.kvarken.org\/wp-content\/uploads\/2024\/05\/DSC0297_JVFN24_Pressbild_MariaGNilsson-480x320.jpg 480w\" sizes=\"(min-width: 0px) and (max-width: 480px) 480px, (min-width: 481px) and (max-width: 980px) 980px, (min-width: 981px) and (max-width: 1280px) 1280px, (min-width: 1281px) 2048px, 100vw\" \/><p id=\"caption-attachment-20895\" class=\"wp-caption-text\">Joakim Strand focused on the role of infrastructure as the region\u2019s economic backbone. Photo: Maria G Nilsson.<\/p><\/div>\n<p>&nbsp;<\/p>\n<p style=\"font-weight: 400;\"><em><strong>The Kvarken Council<\/strong> is a Nordic cross-border cooperation platform for three Ostrobothnian counties in Finland and the regions of V\u00e4sterbotten and V\u00e4sternorrland in Sweden. Together they form the Kvarken region.<\/em><\/p>\n<p style=\"font-weight: 400;\"><em>The most democratic multi-level governance structure in the Nordic countries. The first fully Nordic EGTC area. We promote all types of cross-border cooperation with the ambition to develop our region to become as good as possible for future generations. The Kvarken Council is one of the Nordic Council of Ministers&#8217; official cross-border cooperation bodies.<\/em><\/p>\n","protected":false},"excerpt":{"rendered":"<p>Members of Finnish Parliament Joakim Strand (RKP) and Ville Skinnari (SDP) actively participated in the J\u00e4rnv\u00e4gsforum Norr (Railway Forum North) 2024 conference held in Sundsvall, Sweden, on April 18\u201319.<\/p>\n","protected":false},"author":6,"featured_media":20898,"comment_status":"open","ping_status":"open","sticky":false,"template":"","format":"standard","meta":{"_acf_changed":false,"_et_pb_use_builder":"","_et_pb_old_content":"","_et_gb_content_width":"","footnotes":""},"categories":[68,12],"tags":[],"amnen":[95,99],"class_list":["post-20639","post","type-post","status-publish","format-standard","has-post-thumbnail","hentry","category-press-release","category-uncategorized","amnen-cooperation-structures","amnen-egtc"],"acf":[],"yoast_head":"<!-- This site is optimized with the Yoast SEO plugin v27.4 - https:\/\/yoast.com\/product\/yoast-seo-wordpress\/ -->\n<title>Strand and Skinnari Reinforced the Voice of the Regions at J\u00e4rnv\u00e4gsforum Norr 2024 - Kvarkenr\u00e5det<\/title>\n<meta name=\"robots\" content=\"index, follow, max-snippet:-1, max-image-preview:large, max-video-preview:-1\" \/>\n<link rel=\"canonical\" href=\"https:\/\/www.kvarken.org\/en\/strand-and-skinnari-reinforced-the-voice-of-the-regions-at-jarnvagsforum-norr-2024\/\" \/>\n<meta property=\"og:locale\" content=\"en_US\" \/>\n<meta property=\"og:type\" content=\"article\" \/>\n<meta property=\"og:title\" content=\"Strand and Skinnari Reinforced the Voice of the Regions at J\u00e4rnv\u00e4gsforum Norr 2024 - Kvarkenr\u00e5det\" \/>\n<meta property=\"og:description\" content=\"Members of Finnish Parliament Joakim Strand (RKP) and Ville Skinnari (SDP) actively participated in the J\u00e4rnv\u00e4gsforum Norr (Railway Forum North) 2024 conference held in Sundsvall, Sweden, on April 18\u201319.\" \/>\n<meta property=\"og:url\" content=\"https:\/\/www.kvarken.org\/en\/strand-and-skinnari-reinforced-the-voice-of-the-regions-at-jarnvagsforum-norr-2024\/\" \/>\n<meta property=\"og:site_name\" content=\"Kvarkenr\u00e5det\" \/>\n<meta property=\"article:published_time\" content=\"2024-04-24T08:24:36+00:00\" \/>\n<meta property=\"article:modified_time\" content=\"2024-05-29T12:20:41+00:00\" \/>\n<meta property=\"og:image\" content=\"https:\/\/www.kvarken.org\/wp-content\/uploads\/2024\/05\/DSC0053_JVFN24_Pressbild_MariaGNilsson.jpg\" \/>\n\t<meta property=\"og:image:width\" content=\"2048\" \/>\n\t<meta property=\"og:image:height\" content=\"1536\" \/>\n\t<meta property=\"og:image:type\" content=\"image\/jpeg\" \/>\n<meta name=\"author\" content=\"Huuhka Ida-Maria\" \/>\n<meta name=\"twitter:card\" content=\"summary_large_image\" \/>\n<meta name=\"twitter:label1\" content=\"Written by\" \/>\n\t<meta name=\"twitter:data1\" content=\"Huuhka Ida-Maria\" \/>\n\t<meta name=\"twitter:label2\" content=\"Est. reading time\" \/>\n\t<meta name=\"twitter:data2\" content=\"4 minutes\" \/>\n<script type=\"application\/ld+json\" class=\"yoast-schema-graph\">{\"@context\":\"https:\\\/\\\/schema.org\",\"@graph\":[{\"@type\":\"Article\",\"@id\":\"https:\\\/\\\/www.kvarken.org\\\/en\\\/strand-and-skinnari-reinforced-the-voice-of-the-regions-at-jarnvagsforum-norr-2024\\\/#article\",\"isPartOf\":{\"@id\":\"https:\\\/\\\/www.kvarken.org\\\/en\\\/strand-and-skinnari-reinforced-the-voice-of-the-regions-at-jarnvagsforum-norr-2024\\\/\"},\"author\":{\"name\":\"Huuhka Ida-Maria\",\"@id\":\"https:\\\/\\\/www.kvarken.org\\\/en\\\/#\\\/schema\\\/person\\\/0da9a52b8b8962cba7c963d7189046b5\"},\"headline\":\"Strand and Skinnari Reinforced the Voice of the Regions at J\u00e4rnv\u00e4gsforum Norr 2024\",\"datePublished\":\"2024-04-24T08:24:36+00:00\",\"dateModified\":\"2024-05-29T12:20:41+00:00\",\"mainEntityOfPage\":{\"@id\":\"https:\\\/\\\/www.kvarken.org\\\/en\\\/strand-and-skinnari-reinforced-the-voice-of-the-regions-at-jarnvagsforum-norr-2024\\\/\"},\"wordCount\":594,\"commentCount\":0,\"image\":{\"@id\":\"https:\\\/\\\/www.kvarken.org\\\/en\\\/strand-and-skinnari-reinforced-the-voice-of-the-regions-at-jarnvagsforum-norr-2024\\\/#primaryimage\"},\"thumbnailUrl\":\"https:\\\/\\\/www.kvarken.org\\\/wp-content\\\/uploads\\\/2024\\\/05\\\/DSC0053_JVFN24_Pressbild_MariaGNilsson.jpg\",\"articleSection\":[\"Press release\"],\"inLanguage\":\"en-US\",\"potentialAction\":[{\"@type\":\"CommentAction\",\"name\":\"Comment\",\"target\":[\"https:\\\/\\\/www.kvarken.org\\\/en\\\/strand-and-skinnari-reinforced-the-voice-of-the-regions-at-jarnvagsforum-norr-2024\\\/#respond\"]}]},{\"@type\":\"WebPage\",\"@id\":\"https:\\\/\\\/www.kvarken.org\\\/en\\\/strand-and-skinnari-reinforced-the-voice-of-the-regions-at-jarnvagsforum-norr-2024\\\/\",\"url\":\"https:\\\/\\\/www.kvarken.org\\\/en\\\/strand-and-skinnari-reinforced-the-voice-of-the-regions-at-jarnvagsforum-norr-2024\\\/\",\"name\":\"Strand and Skinnari Reinforced the Voice of the Regions at J\u00e4rnv\u00e4gsforum Norr 2024 - Kvarkenr\u00e5det\",\"isPartOf\":{\"@id\":\"https:\\\/\\\/www.kvarken.org\\\/en\\\/#website\"},\"primaryImageOfPage\":{\"@id\":\"https:\\\/\\\/www.kvarken.org\\\/en\\\/strand-and-skinnari-reinforced-the-voice-of-the-regions-at-jarnvagsforum-norr-2024\\\/#primaryimage\"},\"image\":{\"@id\":\"https:\\\/\\\/www.kvarken.org\\\/en\\\/strand-and-skinnari-reinforced-the-voice-of-the-regions-at-jarnvagsforum-norr-2024\\\/#primaryimage\"},\"thumbnailUrl\":\"https:\\\/\\\/www.kvarken.org\\\/wp-content\\\/uploads\\\/2024\\\/05\\\/DSC0053_JVFN24_Pressbild_MariaGNilsson.jpg\",\"datePublished\":\"2024-04-24T08:24:36+00:00\",\"dateModified\":\"2024-05-29T12:20:41+00:00\",\"author\":{\"@id\":\"https:\\\/\\\/www.kvarken.org\\\/en\\\/#\\\/schema\\\/person\\\/0da9a52b8b8962cba7c963d7189046b5\"},\"breadcrumb\":{\"@id\":\"https:\\\/\\\/www.kvarken.org\\\/en\\\/strand-and-skinnari-reinforced-the-voice-of-the-regions-at-jarnvagsforum-norr-2024\\\/#breadcrumb\"},\"inLanguage\":\"en-US\",\"potentialAction\":[{\"@type\":\"ReadAction\",\"target\":[\"https:\\\/\\\/www.kvarken.org\\\/en\\\/strand-and-skinnari-reinforced-the-voice-of-the-regions-at-jarnvagsforum-norr-2024\\\/\"]}]},{\"@type\":\"ImageObject\",\"inLanguage\":\"en-US\",\"@id\":\"https:\\\/\\\/www.kvarken.org\\\/en\\\/strand-and-skinnari-reinforced-the-voice-of-the-regions-at-jarnvagsforum-norr-2024\\\/#primaryimage\",\"url\":\"https:\\\/\\\/www.kvarken.org\\\/wp-content\\\/uploads\\\/2024\\\/05\\\/DSC0053_JVFN24_Pressbild_MariaGNilsson.jpg\",\"contentUrl\":\"https:\\\/\\\/www.kvarken.org\\\/wp-content\\\/uploads\\\/2024\\\/05\\\/DSC0053_JVFN24_Pressbild_MariaGNilsson.jpg\",\"width\":2048,\"height\":1536},{\"@type\":\"BreadcrumbList\",\"@id\":\"https:\\\/\\\/www.kvarken.org\\\/en\\\/strand-and-skinnari-reinforced-the-voice-of-the-regions-at-jarnvagsforum-norr-2024\\\/#breadcrumb\",\"itemListElement\":[{\"@type\":\"ListItem\",\"position\":1,\"name\":\"Hem\",\"item\":\"https:\\\/\\\/www.kvarken.org\\\/en\\\/\"},{\"@type\":\"ListItem\",\"position\":2,\"name\":\"Strand and Skinnari Reinforced the Voice of the Regions at J\u00e4rnv\u00e4gsforum Norr 2024\"}]},{\"@type\":\"WebSite\",\"@id\":\"https:\\\/\\\/www.kvarken.org\\\/en\\\/#website\",\"url\":\"https:\\\/\\\/www.kvarken.org\\\/en\\\/\",\"name\":\"Kvarkenr\u00e5det\",\"description\":\"\",\"potentialAction\":[{\"@type\":\"SearchAction\",\"target\":{\"@type\":\"EntryPoint\",\"urlTemplate\":\"https:\\\/\\\/www.kvarken.org\\\/en\\\/?s={search_term_string}\"},\"query-input\":{\"@type\":\"PropertyValueSpecification\",\"valueRequired\":true,\"valueName\":\"search_term_string\"}}],\"inLanguage\":\"en-US\"},{\"@type\":\"Person\",\"@id\":\"https:\\\/\\\/www.kvarken.org\\\/en\\\/#\\\/schema\\\/person\\\/0da9a52b8b8962cba7c963d7189046b5\",\"name\":\"Huuhka Ida-Maria\",\"image\":{\"@type\":\"ImageObject\",\"inLanguage\":\"en-US\",\"@id\":\"https:\\\/\\\/secure.gravatar.com\\\/avatar\\\/8b0e50e08aa7a664dc6e2c23a82b9f95c7dc6946a41a69227e0712becda209aa?s=96&d=mm&r=g\",\"url\":\"https:\\\/\\\/secure.gravatar.com\\\/avatar\\\/8b0e50e08aa7a664dc6e2c23a82b9f95c7dc6946a41a69227e0712becda209aa?s=96&d=mm&r=g\",\"contentUrl\":\"https:\\\/\\\/secure.gravatar.com\\\/avatar\\\/8b0e50e08aa7a664dc6e2c23a82b9f95c7dc6946a41a69227e0712becda209aa?s=96&d=mm&r=g\",\"caption\":\"Huuhka Ida-Maria\"}}]}<\/script>\n<!-- \/ Yoast SEO plugin. -->","yoast_head_json":{"title":"Strand and Skinnari Reinforced the Voice of the Regions at J\u00e4rnv\u00e4gsforum Norr 2024 - Kvarkenr\u00e5det","robots":{"index":"index","follow":"follow","max-snippet":"max-snippet:-1","max-image-preview":"max-image-preview:large","max-video-preview":"max-video-preview:-1"},"canonical":"https:\/\/www.kvarken.org\/en\/strand-and-skinnari-reinforced-the-voice-of-the-regions-at-jarnvagsforum-norr-2024\/","og_locale":"en_US","og_type":"article","og_title":"Strand and Skinnari Reinforced the Voice of the Regions at J\u00e4rnv\u00e4gsforum Norr 2024 - Kvarkenr\u00e5det","og_description":"Members of Finnish Parliament Joakim Strand (RKP) and Ville Skinnari (SDP) actively participated in the J\u00e4rnv\u00e4gsforum Norr (Railway Forum North) 2024 conference held in Sundsvall, Sweden, on April 18\u201319.","og_url":"https:\/\/www.kvarken.org\/en\/strand-and-skinnari-reinforced-the-voice-of-the-regions-at-jarnvagsforum-norr-2024\/","og_site_name":"Kvarkenr\u00e5det","article_published_time":"2024-04-24T08:24:36+00:00","article_modified_time":"2024-05-29T12:20:41+00:00","og_image":[{"width":2048,"height":1536,"url":"https:\/\/www.kvarken.org\/wp-content\/uploads\/2024\/05\/DSC0053_JVFN24_Pressbild_MariaGNilsson.jpg","type":"image\/jpeg"}],"author":"Huuhka Ida-Maria","twitter_card":"summary_large_image","twitter_misc":{"Written by":"Huuhka Ida-Maria","Est. reading time":"4 minutes"},"schema":{"@context":"https:\/\/schema.org","@graph":[{"@type":"Article","@id":"https:\/\/www.kvarken.org\/en\/strand-and-skinnari-reinforced-the-voice-of-the-regions-at-jarnvagsforum-norr-2024\/#article","isPartOf":{"@id":"https:\/\/www.kvarken.org\/en\/strand-and-skinnari-reinforced-the-voice-of-the-regions-at-jarnvagsforum-norr-2024\/"},"author":{"name":"Huuhka Ida-Maria","@id":"https:\/\/www.kvarken.org\/en\/#\/schema\/person\/0da9a52b8b8962cba7c963d7189046b5"},"headline":"Strand and Skinnari Reinforced the Voice of the Regions at J\u00e4rnv\u00e4gsforum Norr 2024","datePublished":"2024-04-24T08:24:36+00:00","dateModified":"2024-05-29T12:20:41+00:00","mainEntityOfPage":{"@id":"https:\/\/www.kvarken.org\/en\/strand-and-skinnari-reinforced-the-voice-of-the-regions-at-jarnvagsforum-norr-2024\/"},"wordCount":594,"commentCount":0,"image":{"@id":"https:\/\/www.kvarken.org\/en\/strand-and-skinnari-reinforced-the-voice-of-the-regions-at-jarnvagsforum-norr-2024\/#primaryimage"},"thumbnailUrl":"https:\/\/www.kvarken.org\/wp-content\/uploads\/2024\/05\/DSC0053_JVFN24_Pressbild_MariaGNilsson.jpg","articleSection":["Press release"],"inLanguage":"en-US","potentialAction":[{"@type":"CommentAction","name":"Comment","target":["https:\/\/www.kvarken.org\/en\/strand-and-skinnari-reinforced-the-voice-of-the-regions-at-jarnvagsforum-norr-2024\/#respond"]}]},{"@type":"WebPage","@id":"https:\/\/www.kvarken.org\/en\/strand-and-skinnari-reinforced-the-voice-of-the-regions-at-jarnvagsforum-norr-2024\/","url":"https:\/\/www.kvarken.org\/en\/strand-and-skinnari-reinforced-the-voice-of-the-regions-at-jarnvagsforum-norr-2024\/","name":"Strand and Skinnari Reinforced the Voice of the Regions at J\u00e4rnv\u00e4gsforum Norr 2024 - Kvarkenr\u00e5det","isPartOf":{"@id":"https:\/\/www.kvarken.org\/en\/#website"},"primaryImageOfPage":{"@id":"https:\/\/www.kvarken.org\/en\/strand-and-skinnari-reinforced-the-voice-of-the-regions-at-jarnvagsforum-norr-2024\/#primaryimage"},"image":{"@id":"https:\/\/www.kvarken.org\/en\/strand-and-skinnari-reinforced-the-voice-of-the-regions-at-jarnvagsforum-norr-2024\/#primaryimage"},"thumbnailUrl":"https:\/\/www.kvarken.org\/wp-content\/uploads\/2024\/05\/DSC0053_JVFN24_Pressbild_MariaGNilsson.jpg","datePublished":"2024-04-24T08:24:36+00:00","dateModified":"2024-05-29T12:20:41+00:00","author":{"@id":"https:\/\/www.kvarken.org\/en\/#\/schema\/person\/0da9a52b8b8962cba7c963d7189046b5"},"breadcrumb":{"@id":"https:\/\/www.kvarken.org\/en\/strand-and-skinnari-reinforced-the-voice-of-the-regions-at-jarnvagsforum-norr-2024\/#breadcrumb"},"inLanguage":"en-US","potentialAction":[{"@type":"ReadAction","target":["https:\/\/www.kvarken.org\/en\/strand-and-skinnari-reinforced-the-voice-of-the-regions-at-jarnvagsforum-norr-2024\/"]}]},{"@type":"ImageObject","inLanguage":"en-US","@id":"https:\/\/www.kvarken.org\/en\/strand-and-skinnari-reinforced-the-voice-of-the-regions-at-jarnvagsforum-norr-2024\/#primaryimage","url":"https:\/\/www.kvarken.org\/wp-content\/uploads\/2024\/05\/DSC0053_JVFN24_Pressbild_MariaGNilsson.jpg","contentUrl":"https:\/\/www.kvarken.org\/wp-content\/uploads\/2024\/05\/DSC0053_JVFN24_Pressbild_MariaGNilsson.jpg","width":2048,"height":1536},{"@type":"BreadcrumbList","@id":"https:\/\/www.kvarken.org\/en\/strand-and-skinnari-reinforced-the-voice-of-the-regions-at-jarnvagsforum-norr-2024\/#breadcrumb","itemListElement":[{"@type":"ListItem","position":1,"name":"Hem","item":"https:\/\/www.kvarken.org\/en\/"},{"@type":"ListItem","position":2,"name":"Strand and Skinnari Reinforced the Voice of the Regions at J\u00e4rnv\u00e4gsforum Norr 2024"}]},{"@type":"WebSite","@id":"https:\/\/www.kvarken.org\/en\/#website","url":"https:\/\/www.kvarken.org\/en\/","name":"Kvarkenr\u00e5det","description":"","potentialAction":[{"@type":"SearchAction","target":{"@type":"EntryPoint","urlTemplate":"https:\/\/www.kvarken.org\/en\/?s={search_term_string}"},"query-input":{"@type":"PropertyValueSpecification","valueRequired":true,"valueName":"search_term_string"}}],"inLanguage":"en-US"},{"@type":"Person","@id":"https:\/\/www.kvarken.org\/en\/#\/schema\/person\/0da9a52b8b8962cba7c963d7189046b5","name":"Huuhka Ida-Maria","image":{"@type":"ImageObject","inLanguage":"en-US","@id":"https:\/\/secure.gravatar.com\/avatar\/8b0e50e08aa7a664dc6e2c23a82b9f95c7dc6946a41a69227e0712becda209aa?s=96&d=mm&r=g","url":"https:\/\/secure.gravatar.com\/avatar\/8b0e50e08aa7a664dc6e2c23a82b9f95c7dc6946a41a69227e0712becda209aa?s=96&d=mm&r=g","contentUrl":"https:\/\/secure.gravatar.com\/avatar\/8b0e50e08aa7a664dc6e2c23a82b9f95c7dc6946a41a69227e0712becda209aa?s=96&d=mm&r=g","caption":"Huuhka Ida-Maria"}}]}},"_links":{"self":[{"href":"https:\/\/www.kvarken.org\/en\/wp-json\/wp\/v2\/posts\/20639","targetHints":{"allow":["GET"]}}],"collection":[{"href":"https:\/\/www.kvarken.org\/en\/wp-json\/wp\/v2\/posts"}],"about":[{"href":"https:\/\/www.kvarken.org\/en\/wp-json\/wp\/v2\/types\/post"}],"author":[{"embeddable":true,"href":"https:\/\/www.kvarken.org\/en\/wp-json\/wp\/v2\/users\/6"}],"replies":[{"embeddable":true,"href":"https:\/\/www.kvarken.org\/en\/wp-json\/wp\/v2\/comments?post=20639"}],"version-history":[{"count":5,"href":"https:\/\/www.kvarken.org\/en\/wp-json\/wp\/v2\/posts\/20639\/revisions"}],"predecessor-version":[{"id":20981,"href":"https:\/\/www.kvarken.org\/en\/wp-json\/wp\/v2\/posts\/20639\/revisions\/20981"}],"wp:featuredmedia":[{"embeddable":true,"href":"https:\/\/www.kvarken.org\/en\/wp-json\/wp\/v2\/media\/20898"}],"wp:attachment":[{"href":"https:\/\/www.kvarken.org\/en\/wp-json\/wp\/v2\/media?parent=20639"}],"wp:term":[{"taxonomy":"category","embeddable":true,"href":"https:\/\/www.kvarken.org\/en\/wp-json\/wp\/v2\/categories?post=20639"},{"taxonomy":"post_tag","embeddable":true,"href":"https:\/\/www.kvarken.org\/en\/wp-json\/wp\/v2\/tags?post=20639"},{"taxonomy":"amnen","embeddable":true,"href":"https:\/\/www.kvarken.org\/en\/wp-json\/wp\/v2\/amnen?post=20639"}],"curies":[{"name":"wp","href":"https:\/\/api.w.org\/{rel}","templated":true}]}}