{"id":21905,"date":"2024-12-11T10:13:53","date_gmt":"2024-12-11T07:13:53","guid":{"rendered":"https:\/\/www.kvarken.org\/?p=21905"},"modified":"2024-12-11T11:33:49","modified_gmt":"2024-12-11T08:33:49","slug":"feasibility-study-has-mapped-the-kvarken-regions-film-industry","status":"publish","type":"post","link":"https:\/\/www.kvarken.org\/en\/feasibility-study-has-mapped-the-kvarken-regions-film-industry\/","title":{"rendered":"Feasibility Study Has Mapped the Kvarken Region\u2019s Film Industry"},"content":{"rendered":"<div>\n<p class=\"Standard\"><span lang=\"EN-US\">The goal of the feasibility study is to map the Kvarken region\u2019s film industry and explore opportunities for developing a film hub in the Kvarken region \u2013 a hub that could serve as the foundation for a joint film and TV scene.<\/span> <span lang=\"EN-US\">The Kvarken Council EGTC is the lead partner in the study, with other project partners including Svenska \u00d6sterbottens f\u00f6rbund f\u00f6r utbildning och kultur, Novia University of Applied Sciences, and Region V\u00e4sterbotten.<\/span><\/p>\n<p class=\"Standard\">&#8220;The main goal of the film hub is to build competencies and structures to enable and increase the amount of major film and TV productions in the Kvarken region&#8221;, explains <b>Andreas Westerberg,<\/b> Project Leader at Novia.<\/p>\n<p class=\"Standard\"><span lang=\"EN-US\">The mapping of the film industry in Ostrobothnia and V\u00e4sterbotten has been conducted through a survey prepared by the project group,<\/span> <span lang=\"EN-US\">receiving a total of 64\u00a0responses.<\/span><\/p>\n<p class=\"Standard\"><span lang=\"EN-US\">&#8220;Through this mapping, we have created a picture of the strengths and needs on both sides of the Kvarken. <\/span><span lang=\"EN-US\">In the long term, we can strengthen areas with existing expertise while addressing areas that require support&#8221;, Westerberg explains.<\/span><\/p>\n<h2 class=\"Standard\"><b><span lang=\"EN-US\">Larger Implementation Project as the Goal<\/span><\/b><\/h2>\n<p class=\"Standard\"><span lang=\"EN-US\">The project group has carried out several activities during the project period and organized two workshops \u2013 one in Vaasa, Finland, and the other in Ume\u00e5, Sweden.<\/span> <span lang=\"EN-US\">In September, a networking meeting and industry event named KickOff were organized in Vaasa, bringing together professionals from the audiovisual industry. <\/span><span lang=\"EN-US\">Among other things, the Kvarken Film Network feasibility study was presented during the event.<\/span> <span lang=\"SV\">The <\/span><span lang=\"EN-GB\">resource<\/span><span lang=\"SV\"> centre <\/span><span lang=\"EN-US\">Film i V\u00e4sterbotten also organized industry days during the Ume\u00e5 Film Festival, with the project group participating.<\/span><\/p>\n<p class=\"Standard\">During the project period, work has also begun on establishing support and funding structures.<\/p>\n<p class=\"Standard\"><span lang=\"EN-US\">&#8220;A proposal for a new regional film fund model to support major film productions has been developed in V\u00e4sterbotten.<\/span> <span lang=\"EN-US\">In Ostrobothnia, the feasibility of establishing a film commission has been explored, collaboration with film workers in Sein\u00e4joki has begun, and the possibilities of coordinating smaller actors into a larger entity have been investigated&#8221;, explains Westerberg.<\/span><\/p>\n<p class=\"Standard\">Moreover, discussions have been held about a future implementation project within the Interreg framework and identifying potential collaboration partners for such a project.<\/p>\n<p class=\"Standard\">&#8220;An economically sustainable structure to support and develop the Kvarken region\u2019s film industry would be established in the implementation project&#8221;, Westerberg concludes.<\/p>\n<p class=\"Standard\"><span lang=\"EN-US\">Read more about the Kvarken Film Network <\/span><strong><span lang=\"EN-US\"><a href=\"https:\/\/www.kvarken.org\/en\/project\/kvarken-film-network\/\"><span class=\"Hyperlink0\"><span lang=\"SV\">HERE<\/span><\/span><\/a><\/span><\/strong><span lang=\"EN-US\">.<\/span><\/p>\n<div id=\"attachment_21896\" style=\"width: 5009px\" class=\"wp-caption alignleft\"><img decoding=\"async\" aria-describedby=\"caption-attachment-21896\" class=\"wp-image-21896 size-full\" src=\"https:\/\/www.kvarken.org\/wp-content\/uploads\/2024\/12\/Gruppbild-Vasa2.jpg\" alt=\"\" width=\"4999\" height=\"3276\" srcset=\"https:\/\/www.kvarken.org\/wp-content\/uploads\/2024\/12\/Gruppbild-Vasa2.jpg 4999w, https:\/\/www.kvarken.org\/wp-content\/uploads\/2024\/12\/Gruppbild-Vasa2-1280x839.jpg 1280w, https:\/\/www.kvarken.org\/wp-content\/uploads\/2024\/12\/Gruppbild-Vasa2-980x642.jpg 980w, https:\/\/www.kvarken.org\/wp-content\/uploads\/2024\/12\/Gruppbild-Vasa2-480x315.jpg 480w\" sizes=\"(min-width: 0px) and (max-width: 480px) 480px, (min-width: 481px) and (max-width: 980px) 980px, (min-width: 981px) and (max-width: 1280px) 1280px, (min-width: 1281px) 4999px, 100vw\" \/><p id=\"caption-attachment-21896\" class=\"wp-caption-text\">Felicia Vesterlund from Film i V\u00e4sterbotten, Andreas Westerberg from Novia University of Applied Sciences, Fredric Larsson from Film i V\u00e4sterbotten, Johan Lundkvist from Film i V\u00e4sterbotten, Simon Staffans from ReThink NMS, and Sofia Sundholm from Yrkesakademin i \u00d6sterbotten have been part of the Kvarken Film Network feasibility study.<\/p><\/div>\n<\/div>\n<p><img decoding=\"async\" class=\"alignleft wp-image-18521\" src=\"https:\/\/www.kvarken.org\/wp-content\/uploads\/2023\/09\/AURORA-CMYK-Color-1.png\" alt=\"\" width=\"600\" height=\"181\" \/><\/p>\n","protected":false},"excerpt":{"rendered":"<p>The feasibility study Kvarken Film Network, which began in April, is nearing its conclusion. This EU-funded project aims to further develop the Kvarken region\u2019s film industry in the near future, supported by a larger implementation project.<\/p>\n","protected":false},"author":6,"featured_media":21896,"comment_status":"open","ping_status":"open","sticky":false,"template":"","format":"standard","meta":{"_acf_changed":false,"_et_pb_use_builder":"","_et_pb_old_content":"<p style=\"font-weight: 400;\">Mats Brandt, Regional Mayor at the Regional Council of Ostrobothnia and representative of the Kvarken Council, participated in Europaforum Norra Sverige in Sundsvall, Sweden, and took the opportunity to emphasize both Finland\u2019s long tradition of security of supply and the forward-looking Nordic Connector project.<\/p><p style=\"font-weight: 400;\">The forum\u2019s theme, \u201cNorthern EU in a New Geopolitical Perspective\u201d, provided Brandt with a perfect stage to discuss how regions can play a larger role in Europe\u2019s geopolitical development. Brandt reminded that Finland\u2019s security of supply has deep historical roots dating back to the First World War.<\/p><p style=\"font-weight: 400;\">\u2013 Iron, gunpowder, and grain \u2013 that\u2019s where it starts. We are very proud of our capacity to maintain continuity during crises, which has been proven several times throughout history, not least during the oil crisis and the COVID-19 pandemic, he explained.<\/p><p style=\"font-weight: 400;\">However, the central part of Brandt\u2019s presentation was dedicated to the Nordic Connector project, which he describes as a lifeline for the security and development of the region and the entire Northern Nordics.<\/p><p style=\"font-weight: 400;\">Brandt emphasized that the project offers a new dimension of cooperation and integration across regional borders. It can act as a catalyst for further collaboration and development and has the potential to radically reshape future landscapes in both the Northern Nordics and Europe.<\/p><p style=\"font-weight: 400;\">\u2013 Through Nordic Connector, we are not only creating new trade routes and communication lines but also stronger ties between communities across regional borders, which enhances our collective resilience up here in the North, he explained.<\/p><p style=\"font-weight: 400;\">\u2013 This vision of connectivity has occasionally been forgotten but is today more relevant than ever. We are facing not just an opportunity to physically connect two coasts but also to ideologically and economically integrate the northern parts of Europe, Brandt concluded.<\/p><p style=\"font-weight: 400;\">In his speech at Europaforum, Brandt emphasized the importance of continuing to promote development initiatives like these at regional, national, and European levels to ensure success and to strengthen security and development in northern Europe.<\/p><p style=\"font-weight: 400;\">Watch and listen to Mats\u2019s speech here (in Swedish): <a href=\"https:\/\/youtu.be\/DR4BFEE5lBQ\">https:\/\/youtu.be\/DR4BFEE5lBQ<\/a><\/p><p>\u00a0<\/p>","_et_gb_content_width":"","footnotes":""},"categories":[12],"tags":[],"amnen":[92],"class_list":["post-21905","post","type-post","status-publish","format-standard","has-post-thumbnail","hentry","category-uncategorized","amnen-culture"],"acf":[],"yoast_head":"<!-- This site is optimized with the Yoast SEO plugin v27.4 - https:\/\/yoast.com\/product\/yoast-seo-wordpress\/ -->\n<title>Feasibility Study Has Mapped the Kvarken Region\u2019s Film Industry - Kvarkenr\u00e5det<\/title>\n<meta name=\"robots\" content=\"index, follow, max-snippet:-1, max-image-preview:large, max-video-preview:-1\" \/>\n<link rel=\"canonical\" href=\"https:\/\/www.kvarken.org\/en\/feasibility-study-has-mapped-the-kvarken-regions-film-industry\/\" \/>\n<meta property=\"og:locale\" content=\"en_US\" \/>\n<meta property=\"og:type\" content=\"article\" \/>\n<meta property=\"og:title\" content=\"Feasibility Study Has Mapped the Kvarken Region\u2019s Film Industry - Kvarkenr\u00e5det\" \/>\n<meta property=\"og:description\" content=\"The feasibility study Kvarken Film Network, which began in April, is nearing its conclusion. This EU-funded project aims to further develop the Kvarken region\u2019s film industry in the near future, supported by a larger implementation project.\" \/>\n<meta property=\"og:url\" content=\"https:\/\/www.kvarken.org\/en\/feasibility-study-has-mapped-the-kvarken-regions-film-industry\/\" \/>\n<meta property=\"og:site_name\" content=\"Kvarkenr\u00e5det\" \/>\n<meta property=\"article:published_time\" content=\"2024-12-11T07:13:53+00:00\" \/>\n<meta property=\"article:modified_time\" content=\"2024-12-11T08:33:49+00:00\" \/>\n<meta property=\"og:image\" content=\"https:\/\/www.kvarken.org\/wp-content\/uploads\/2024\/12\/Gruppbild-Vasa2-1024x671.jpg\" \/>\n\t<meta property=\"og:image:width\" content=\"1024\" \/>\n\t<meta property=\"og:image:height\" content=\"671\" \/>\n\t<meta property=\"og:image:type\" content=\"image\/jpeg\" \/>\n<meta name=\"author\" content=\"Huuhka Ida-Maria\" \/>\n<meta name=\"twitter:card\" content=\"summary_large_image\" \/>\n<meta name=\"twitter:label1\" content=\"Written by\" \/>\n\t<meta name=\"twitter:data1\" content=\"Huuhka Ida-Maria\" \/>\n\t<meta name=\"twitter:label2\" content=\"Est. reading time\" \/>\n\t<meta name=\"twitter:data2\" content=\"3 minutes\" \/>\n<script type=\"application\/ld+json\" class=\"yoast-schema-graph\">{\"@context\":\"https:\\\/\\\/schema.org\",\"@graph\":[{\"@type\":\"Article\",\"@id\":\"https:\\\/\\\/www.kvarken.org\\\/en\\\/feasibility-study-has-mapped-the-kvarken-regions-film-industry\\\/#article\",\"isPartOf\":{\"@id\":\"https:\\\/\\\/www.kvarken.org\\\/en\\\/feasibility-study-has-mapped-the-kvarken-regions-film-industry\\\/\"},\"author\":{\"name\":\"Huuhka Ida-Maria\",\"@id\":\"https:\\\/\\\/www.kvarken.org\\\/en\\\/#\\\/schema\\\/person\\\/0da9a52b8b8962cba7c963d7189046b5\"},\"headline\":\"Feasibility Study Has Mapped the Kvarken Region\u2019s Film Industry\",\"datePublished\":\"2024-12-11T07:13:53+00:00\",\"dateModified\":\"2024-12-11T08:33:49+00:00\",\"mainEntityOfPage\":{\"@id\":\"https:\\\/\\\/www.kvarken.org\\\/en\\\/feasibility-study-has-mapped-the-kvarken-regions-film-industry\\\/\"},\"wordCount\":458,\"commentCount\":0,\"image\":{\"@id\":\"https:\\\/\\\/www.kvarken.org\\\/en\\\/feasibility-study-has-mapped-the-kvarken-regions-film-industry\\\/#primaryimage\"},\"thumbnailUrl\":\"https:\\\/\\\/www.kvarken.org\\\/wp-content\\\/uploads\\\/2024\\\/12\\\/Gruppbild-Vasa2.jpg\",\"inLanguage\":\"en-US\",\"potentialAction\":[{\"@type\":\"CommentAction\",\"name\":\"Comment\",\"target\":[\"https:\\\/\\\/www.kvarken.org\\\/en\\\/feasibility-study-has-mapped-the-kvarken-regions-film-industry\\\/#respond\"]}]},{\"@type\":\"WebPage\",\"@id\":\"https:\\\/\\\/www.kvarken.org\\\/en\\\/feasibility-study-has-mapped-the-kvarken-regions-film-industry\\\/\",\"url\":\"https:\\\/\\\/www.kvarken.org\\\/en\\\/feasibility-study-has-mapped-the-kvarken-regions-film-industry\\\/\",\"name\":\"Feasibility Study Has Mapped the Kvarken Region\u2019s Film Industry - Kvarkenr\u00e5det\",\"isPartOf\":{\"@id\":\"https:\\\/\\\/www.kvarken.org\\\/en\\\/#website\"},\"primaryImageOfPage\":{\"@id\":\"https:\\\/\\\/www.kvarken.org\\\/en\\\/feasibility-study-has-mapped-the-kvarken-regions-film-industry\\\/#primaryimage\"},\"image\":{\"@id\":\"https:\\\/\\\/www.kvarken.org\\\/en\\\/feasibility-study-has-mapped-the-kvarken-regions-film-industry\\\/#primaryimage\"},\"thumbnailUrl\":\"https:\\\/\\\/www.kvarken.org\\\/wp-content\\\/uploads\\\/2024\\\/12\\\/Gruppbild-Vasa2.jpg\",\"datePublished\":\"2024-12-11T07:13:53+00:00\",\"dateModified\":\"2024-12-11T08:33:49+00:00\",\"author\":{\"@id\":\"https:\\\/\\\/www.kvarken.org\\\/en\\\/#\\\/schema\\\/person\\\/0da9a52b8b8962cba7c963d7189046b5\"},\"breadcrumb\":{\"@id\":\"https:\\\/\\\/www.kvarken.org\\\/en\\\/feasibility-study-has-mapped-the-kvarken-regions-film-industry\\\/#breadcrumb\"},\"inLanguage\":\"en-US\",\"potentialAction\":[{\"@type\":\"ReadAction\",\"target\":[\"https:\\\/\\\/www.kvarken.org\\\/en\\\/feasibility-study-has-mapped-the-kvarken-regions-film-industry\\\/\"]}]},{\"@type\":\"ImageObject\",\"inLanguage\":\"en-US\",\"@id\":\"https:\\\/\\\/www.kvarken.org\\\/en\\\/feasibility-study-has-mapped-the-kvarken-regions-film-industry\\\/#primaryimage\",\"url\":\"https:\\\/\\\/www.kvarken.org\\\/wp-content\\\/uploads\\\/2024\\\/12\\\/Gruppbild-Vasa2.jpg\",\"contentUrl\":\"https:\\\/\\\/www.kvarken.org\\\/wp-content\\\/uploads\\\/2024\\\/12\\\/Gruppbild-Vasa2.jpg\",\"width\":4999,\"height\":3276},{\"@type\":\"BreadcrumbList\",\"@id\":\"https:\\\/\\\/www.kvarken.org\\\/en\\\/feasibility-study-has-mapped-the-kvarken-regions-film-industry\\\/#breadcrumb\",\"itemListElement\":[{\"@type\":\"ListItem\",\"position\":1,\"name\":\"Hem\",\"item\":\"https:\\\/\\\/www.kvarken.org\\\/en\\\/\"},{\"@type\":\"ListItem\",\"position\":2,\"name\":\"Feasibility Study Has Mapped the Kvarken Region\u2019s Film Industry\"}]},{\"@type\":\"WebSite\",\"@id\":\"https:\\\/\\\/www.kvarken.org\\\/en\\\/#website\",\"url\":\"https:\\\/\\\/www.kvarken.org\\\/en\\\/\",\"name\":\"Kvarkenr\u00e5det\",\"description\":\"\",\"potentialAction\":[{\"@type\":\"SearchAction\",\"target\":{\"@type\":\"EntryPoint\",\"urlTemplate\":\"https:\\\/\\\/www.kvarken.org\\\/en\\\/?s={search_term_string}\"},\"query-input\":{\"@type\":\"PropertyValueSpecification\",\"valueRequired\":true,\"valueName\":\"search_term_string\"}}],\"inLanguage\":\"en-US\"},{\"@type\":\"Person\",\"@id\":\"https:\\\/\\\/www.kvarken.org\\\/en\\\/#\\\/schema\\\/person\\\/0da9a52b8b8962cba7c963d7189046b5\",\"name\":\"Huuhka Ida-Maria\",\"image\":{\"@type\":\"ImageObject\",\"inLanguage\":\"en-US\",\"@id\":\"https:\\\/\\\/secure.gravatar.com\\\/avatar\\\/8b0e50e08aa7a664dc6e2c23a82b9f95c7dc6946a41a69227e0712becda209aa?s=96&d=mm&r=g\",\"url\":\"https:\\\/\\\/secure.gravatar.com\\\/avatar\\\/8b0e50e08aa7a664dc6e2c23a82b9f95c7dc6946a41a69227e0712becda209aa?s=96&d=mm&r=g\",\"contentUrl\":\"https:\\\/\\\/secure.gravatar.com\\\/avatar\\\/8b0e50e08aa7a664dc6e2c23a82b9f95c7dc6946a41a69227e0712becda209aa?s=96&d=mm&r=g\",\"caption\":\"Huuhka Ida-Maria\"}}]}<\/script>\n<!-- \/ Yoast SEO plugin. -->","yoast_head_json":{"title":"Feasibility Study Has Mapped the Kvarken Region\u2019s Film Industry - Kvarkenr\u00e5det","robots":{"index":"index","follow":"follow","max-snippet":"max-snippet:-1","max-image-preview":"max-image-preview:large","max-video-preview":"max-video-preview:-1"},"canonical":"https:\/\/www.kvarken.org\/en\/feasibility-study-has-mapped-the-kvarken-regions-film-industry\/","og_locale":"en_US","og_type":"article","og_title":"Feasibility Study Has Mapped the Kvarken Region\u2019s Film Industry - Kvarkenr\u00e5det","og_description":"The feasibility study Kvarken Film Network, which began in April, is nearing its conclusion. This EU-funded project aims to further develop the Kvarken region\u2019s film industry in the near future, supported by a larger implementation project.","og_url":"https:\/\/www.kvarken.org\/en\/feasibility-study-has-mapped-the-kvarken-regions-film-industry\/","og_site_name":"Kvarkenr\u00e5det","article_published_time":"2024-12-11T07:13:53+00:00","article_modified_time":"2024-12-11T08:33:49+00:00","og_image":[{"width":1024,"height":671,"url":"https:\/\/www.kvarken.org\/wp-content\/uploads\/2024\/12\/Gruppbild-Vasa2-1024x671.jpg","type":"image\/jpeg"}],"author":"Huuhka Ida-Maria","twitter_card":"summary_large_image","twitter_misc":{"Written by":"Huuhka Ida-Maria","Est. reading time":"3 minutes"},"schema":{"@context":"https:\/\/schema.org","@graph":[{"@type":"Article","@id":"https:\/\/www.kvarken.org\/en\/feasibility-study-has-mapped-the-kvarken-regions-film-industry\/#article","isPartOf":{"@id":"https:\/\/www.kvarken.org\/en\/feasibility-study-has-mapped-the-kvarken-regions-film-industry\/"},"author":{"name":"Huuhka Ida-Maria","@id":"https:\/\/www.kvarken.org\/en\/#\/schema\/person\/0da9a52b8b8962cba7c963d7189046b5"},"headline":"Feasibility Study Has Mapped the Kvarken Region\u2019s Film Industry","datePublished":"2024-12-11T07:13:53+00:00","dateModified":"2024-12-11T08:33:49+00:00","mainEntityOfPage":{"@id":"https:\/\/www.kvarken.org\/en\/feasibility-study-has-mapped-the-kvarken-regions-film-industry\/"},"wordCount":458,"commentCount":0,"image":{"@id":"https:\/\/www.kvarken.org\/en\/feasibility-study-has-mapped-the-kvarken-regions-film-industry\/#primaryimage"},"thumbnailUrl":"https:\/\/www.kvarken.org\/wp-content\/uploads\/2024\/12\/Gruppbild-Vasa2.jpg","inLanguage":"en-US","potentialAction":[{"@type":"CommentAction","name":"Comment","target":["https:\/\/www.kvarken.org\/en\/feasibility-study-has-mapped-the-kvarken-regions-film-industry\/#respond"]}]},{"@type":"WebPage","@id":"https:\/\/www.kvarken.org\/en\/feasibility-study-has-mapped-the-kvarken-regions-film-industry\/","url":"https:\/\/www.kvarken.org\/en\/feasibility-study-has-mapped-the-kvarken-regions-film-industry\/","name":"Feasibility Study Has Mapped the Kvarken Region\u2019s Film Industry - Kvarkenr\u00e5det","isPartOf":{"@id":"https:\/\/www.kvarken.org\/en\/#website"},"primaryImageOfPage":{"@id":"https:\/\/www.kvarken.org\/en\/feasibility-study-has-mapped-the-kvarken-regions-film-industry\/#primaryimage"},"image":{"@id":"https:\/\/www.kvarken.org\/en\/feasibility-study-has-mapped-the-kvarken-regions-film-industry\/#primaryimage"},"thumbnailUrl":"https:\/\/www.kvarken.org\/wp-content\/uploads\/2024\/12\/Gruppbild-Vasa2.jpg","datePublished":"2024-12-11T07:13:53+00:00","dateModified":"2024-12-11T08:33:49+00:00","author":{"@id":"https:\/\/www.kvarken.org\/en\/#\/schema\/person\/0da9a52b8b8962cba7c963d7189046b5"},"breadcrumb":{"@id":"https:\/\/www.kvarken.org\/en\/feasibility-study-has-mapped-the-kvarken-regions-film-industry\/#breadcrumb"},"inLanguage":"en-US","potentialAction":[{"@type":"ReadAction","target":["https:\/\/www.kvarken.org\/en\/feasibility-study-has-mapped-the-kvarken-regions-film-industry\/"]}]},{"@type":"ImageObject","inLanguage":"en-US","@id":"https:\/\/www.kvarken.org\/en\/feasibility-study-has-mapped-the-kvarken-regions-film-industry\/#primaryimage","url":"https:\/\/www.kvarken.org\/wp-content\/uploads\/2024\/12\/Gruppbild-Vasa2.jpg","contentUrl":"https:\/\/www.kvarken.org\/wp-content\/uploads\/2024\/12\/Gruppbild-Vasa2.jpg","width":4999,"height":3276},{"@type":"BreadcrumbList","@id":"https:\/\/www.kvarken.org\/en\/feasibility-study-has-mapped-the-kvarken-regions-film-industry\/#breadcrumb","itemListElement":[{"@type":"ListItem","position":1,"name":"Hem","item":"https:\/\/www.kvarken.org\/en\/"},{"@type":"ListItem","position":2,"name":"Feasibility Study Has Mapped the Kvarken Region\u2019s Film Industry"}]},{"@type":"WebSite","@id":"https:\/\/www.kvarken.org\/en\/#website","url":"https:\/\/www.kvarken.org\/en\/","name":"Kvarkenr\u00e5det","description":"","potentialAction":[{"@type":"SearchAction","target":{"@type":"EntryPoint","urlTemplate":"https:\/\/www.kvarken.org\/en\/?s={search_term_string}"},"query-input":{"@type":"PropertyValueSpecification","valueRequired":true,"valueName":"search_term_string"}}],"inLanguage":"en-US"},{"@type":"Person","@id":"https:\/\/www.kvarken.org\/en\/#\/schema\/person\/0da9a52b8b8962cba7c963d7189046b5","name":"Huuhka Ida-Maria","image":{"@type":"ImageObject","inLanguage":"en-US","@id":"https:\/\/secure.gravatar.com\/avatar\/8b0e50e08aa7a664dc6e2c23a82b9f95c7dc6946a41a69227e0712becda209aa?s=96&d=mm&r=g","url":"https:\/\/secure.gravatar.com\/avatar\/8b0e50e08aa7a664dc6e2c23a82b9f95c7dc6946a41a69227e0712becda209aa?s=96&d=mm&r=g","contentUrl":"https:\/\/secure.gravatar.com\/avatar\/8b0e50e08aa7a664dc6e2c23a82b9f95c7dc6946a41a69227e0712becda209aa?s=96&d=mm&r=g","caption":"Huuhka Ida-Maria"}}]}},"_links":{"self":[{"href":"https:\/\/www.kvarken.org\/en\/wp-json\/wp\/v2\/posts\/21905","targetHints":{"allow":["GET"]}}],"collection":[{"href":"https:\/\/www.kvarken.org\/en\/wp-json\/wp\/v2\/posts"}],"about":[{"href":"https:\/\/www.kvarken.org\/en\/wp-json\/wp\/v2\/types\/post"}],"author":[{"embeddable":true,"href":"https:\/\/www.kvarken.org\/en\/wp-json\/wp\/v2\/users\/6"}],"replies":[{"embeddable":true,"href":"https:\/\/www.kvarken.org\/en\/wp-json\/wp\/v2\/comments?post=21905"}],"version-history":[{"count":1,"href":"https:\/\/www.kvarken.org\/en\/wp-json\/wp\/v2\/posts\/21905\/revisions"}],"predecessor-version":[{"id":21909,"href":"https:\/\/www.kvarken.org\/en\/wp-json\/wp\/v2\/posts\/21905\/revisions\/21909"}],"wp:featuredmedia":[{"embeddable":true,"href":"https:\/\/www.kvarken.org\/en\/wp-json\/wp\/v2\/media\/21896"}],"wp:attachment":[{"href":"https:\/\/www.kvarken.org\/en\/wp-json\/wp\/v2\/media?parent=21905"}],"wp:term":[{"taxonomy":"category","embeddable":true,"href":"https:\/\/www.kvarken.org\/en\/wp-json\/wp\/v2\/categories?post=21905"},{"taxonomy":"post_tag","embeddable":true,"href":"https:\/\/www.kvarken.org\/en\/wp-json\/wp\/v2\/tags?post=21905"},{"taxonomy":"amnen","embeddable":true,"href":"https:\/\/www.kvarken.org\/en\/wp-json\/wp\/v2\/amnen?post=21905"}],"curies":[{"name":"wp","href":"https:\/\/api.w.org\/{rel}","templated":true}]}}