{"id":23682,"date":"2025-09-03T09:56:13","date_gmt":"2025-09-03T06:56:13","guid":{"rendered":"https:\/\/www.kvarken.org\/?p=23682"},"modified":"2026-02-20T18:30:38","modified_gmt":"2026-02-20T15:30:38","slug":"building-bridges-the-nordic-regions-way-forward","status":"publish","type":"post","link":"https:\/\/www.kvarken.org\/en\/building-bridges-the-nordic-regions-way-forward\/","title":{"rendered":"Building Bridges \u2013 The Nordic Region\u2019s Way Forward"},"content":{"rendered":"<p><strong>Focus was on the Nordic region when Wasa Future Festival was held for the seventh time in August\u00a02025. <\/strong><strong>The Kvarken Council and the Finnish-Swedish Chamber of Commerce jointly organized the seminar \u201dNew Nordic \u2013 The Nordic Region\u2019s Renewed Global Relevance\u201d, which drew a full house.<\/strong><\/p>\n<p>How could more intensive Nordic cooperation drive growth, what is required to realize the vision of a new, stronger, and more integrated Nordic region, and what benefits could Europe gain from such a scenario?<\/p>\n<p>These were the questions addressed during the seminar. The socio-economic benefits of infrastructure investments, such as a fixed link over the Kvarken, are simultaneously the focus of studies carried out within the framework of the <strong><em>Interreg Aurora<\/em><\/strong> project <strong><em>FLINC \u2013 Financing Large-scale Cross-border Infrastructure &#8211; case Nordic Connector<\/em><\/strong>. The project is run by the <strong>Kvarken Council EGTC<\/strong> and is linked to the Nordic Connector initiative. It focuses on developing innovative financing models for large cross-border infrastructure projects and providing decision-making support. As <strong><em>CEO for the Finnish-Swedish Chamber of Commerce<\/em><\/strong> <strong><em>Kjell Skoglund<\/em> <\/strong>emphasized in his opening speech, it is about building bridges \u2013 both figuratively and literally.<\/p>\n<p>According to Skoglund, Nordic cooperation is more relevant now than ever before.<\/p>\n<p>&#8211; When the world is filled with turmoil and the seas are stormy, the Nordic context feels like solid bedrock. Predictable, stable, familiar and safe, Skoglund stated.<\/p>\n<p>The best way to remove barriers in the Nordic region is to invest in greater accessibility and mobility.<br \/>\n&#8211; Every bottleneck, bureaucratic or physical, that is reduced or eliminated makes the Nordic region more integrated and, in the long run, more compatible with global markets, he concluded.<\/p>\n<div id=\"attachment_23673\" style=\"width: 1034px\" class=\"wp-caption alignnone\"><img decoding=\"async\" aria-describedby=\"caption-attachment-23673\" class=\"wp-image-23673 size-large\" src=\"https:\/\/www.kvarken.org\/wp-content\/uploads\/2025\/09\/WFF-11-1024x736.jpg\" alt=\"\" width=\"1024\" height=\"736\" srcset=\"https:\/\/www.kvarken.org\/wp-content\/uploads\/2025\/09\/WFF-11-980x705.jpg 980w, https:\/\/www.kvarken.org\/wp-content\/uploads\/2025\/09\/WFF-11-480x345.jpg 480w\" sizes=\"(min-width: 0px) and (max-width: 480px) 480px, (min-width: 481px) and (max-width: 980px) 980px, (min-width: 981px) 1024px, 100vw\" \/><p id=\"caption-attachment-23673\" class=\"wp-caption-text\">Kjell Skoglund, CEO of the Finnish-Swedish Chamber of Commerce, welcomed participants to the packed hall at Wasa Innovation Center for the \u201dNew Nordic\u201d seminar on August 14. The seminar was organized in cooperation with the Kvarken Council within the framework of the Interreg Aurora project FLINC \u2013 Financing Large-scale Cross-border Infrastructure &#8211; case Nordic Connector.<\/p><\/div>\n<p>&nbsp;<\/p>\n<p><strong><em>Eirik Winter<\/em><\/strong> was on the same track. As CEO and Head of <strong>BNP<\/strong> <strong>Paribas Corporate &amp;<\/strong> <strong>Investment Banking (Nordic region), <\/strong>he gave a presentation on the theme <strong><em>\u201dFrom Model to Engine \u2013 How Capital, Expertise and Collaboration Strengthen the Nordic Region\u2019s Global Role\u201d.<\/em><\/strong> After living abroad for 25\u00a0years, including in the USA and the UK, Winter also has deep insight into how the Nordic region is perceived from an outside perspective.<\/p>\n<p>&#8211; Differences between the Nordic countries are incredibly small, and that\u2019s why it\u2019s almost tragic that we are not already working more closely together. Moreover, at the European level, we are now exposed to external threats of various kinds, which is yet another reason to strengthen Nordic cooperation, he continued, citing the low economic growth, internal political polarization, and the fact that Europe is, not only geographically but also in many other respects, \u201cstuck\u201d\u00a0 between two economic giants: the USA and China.<\/p>\n<p>&#8211; With the facts on the table, the Nordic region should have an obvious seat at major negotiating tables. Together, the Nordic countries own a significant portion of the world\u2019s shares, and the countries\u2019 combined GDP ranks the Nordic region tenth among the world\u2019s largest economies. This represents real economic power, Winter stated.<\/p>\n<p>&#8211; In addition, the Nordic countries have relatively low debt levels and many tools for cooperation: we\u2019re all NATO members now, and we complement each other in terms of natural resources and energy production. What is needed now is to stop bickering and unite. We must become better at using the capital we have and at coordinating ourselves, Winter emphasized.<\/p>\n<p>A strong Nordic region also benefits Europe, enabling it to stand stronger against China and the USA.<br \/>\n&#8211; The Nordic Region must have a seat at the global table, and we already have everything we need \u2013 we just need to act, he concluded.<\/p>\n<div id=\"attachment_23677\" style=\"width: 1034px\" class=\"wp-caption alignnone\"><img decoding=\"async\" aria-describedby=\"caption-attachment-23677\" class=\"wp-image-23677 size-large\" style=\"font-weight: bold;\" src=\"https:\/\/www.kvarken.org\/wp-content\/uploads\/2025\/09\/WFF-13-1024x705.jpg\" alt=\"\" width=\"1024\" height=\"705\" srcset=\"https:\/\/www.kvarken.org\/wp-content\/uploads\/2025\/09\/WFF-13-980x675.jpg 980w, https:\/\/www.kvarken.org\/wp-content\/uploads\/2025\/09\/WFF-13-480x331.jpg 480w\" sizes=\"(min-width: 0px) and (max-width: 480px) 480px, (min-width: 481px) and (max-width: 980px) 980px, (min-width: 981px) 1024px, 100vw\" \/><p id=\"caption-attachment-23677\" class=\"wp-caption-text\">Eirik Winter, CEO and Head of BNP Paribas Corporate &amp; Investment Banking (Nordic region), presented facts on why the Nordic region deserves \u2013 and should demand \u2013 a seat at the global negotiating table, and what benefits Europe would gain from it.<\/p><\/div>\n<p>&nbsp;<\/p>\n<div id=\"attachment_23664\" style=\"width: 1034px\" class=\"wp-caption alignnone\"><img decoding=\"async\" aria-describedby=\"caption-attachment-23664\" class=\"wp-image-23664 size-large\" src=\"https:\/\/www.kvarken.org\/wp-content\/uploads\/2025\/09\/WFF-2-1024x705.jpg\" alt=\"\" width=\"1024\" height=\"705\" srcset=\"https:\/\/www.kvarken.org\/wp-content\/uploads\/2025\/09\/WFF-2-980x675.jpg 980w, https:\/\/www.kvarken.org\/wp-content\/uploads\/2025\/09\/WFF-2-480x331.jpg 480w\" sizes=\"(min-width: 0px) and (max-width: 480px) 480px, (min-width: 481px) and (max-width: 980px) 980px, (min-width: 981px) 1024px, 100vw\" \/><p id=\"caption-attachment-23664\" class=\"wp-caption-text\">Interest in the seminar was high, with several hundred participants gathered to discuss the Nordic region\u2019s new role in global markets. The speakers received many questions following their presentations, and most participants were in agreement about the visions presented.<\/p><\/div>\n<p>&nbsp;<\/p>\n<p><em>Text and photos: <\/em><em>Anna Sand\/bySand<\/em><\/p>\n<p>&nbsp;<\/p>\n<p><em>The seminar was organized by the Finnish-Swedish Chamber of Commerce in cooperation with the Kvarken Council, which carried out the event within the framework of its project FLINC \u2013 <\/em><em>Financing Large-scale Cross-border Infrastructure &#8211; case Nordic Connector<\/em><em>, financed by Interreg Aurora. <\/em><em>The event was part of Wasa Future Festival, which every year in early August brings together experts, innovators, and decision-makers to discuss current societal issues and future collaborations.<\/em><\/p>\n<p>Presentations can be viewed (in Swedish\/Finnish) on YouTube, where the full seminar is available via the link: <a href=\"https:\/\/www.youtube.com\/live\/NONokA4dmwg?si=lqCOStck3sic6Bwt\">https:\/\/www.youtube.com\/live\/NONokA4dmwg?si=lqCOStck3sic6Bwt<\/a>.<\/p>\n<p>&nbsp;<\/p>\n<p><img decoding=\"async\" class=\"alignleft wp-image-16002\" src=\"https:\/\/www.kvarken.org\/wp-content\/uploads\/2023\/01\/cropped-AURORA-RGB-Color-1.png\" alt=\"\" width=\"600\" height=\"136\" \/><\/p>\n<p>&nbsp;<\/p>\n<p>&nbsp;<\/p>\n<p>&nbsp;<\/p>\n","protected":false},"excerpt":{"rendered":"<p>Focus on the Nordic Region at Wasa Future Festival<\/p>\n","protected":false},"author":5,"featured_media":23665,"comment_status":"open","ping_status":"open","sticky":false,"template":"","format":"standard","meta":{"_acf_changed":false,"_et_pb_use_builder":"","_et_pb_old_content":"","_et_gb_content_width":"","footnotes":""},"categories":[12],"tags":[],"amnen":[94,95,91,118,90],"class_list":["post-23682","post","type-post","status-publish","format-standard","has-post-thumbnail","hentry","category-uncategorized","amnen-business","amnen-cooperation-structures","amnen-innovation-en","amnen-networks","amnen-infrastructure"],"acf":[],"yoast_head":"<!-- This site is optimized with the Yoast SEO plugin v27.4 - https:\/\/yoast.com\/product\/yoast-seo-wordpress\/ -->\n<title>Building Bridges \u2013 The Nordic Region\u2019s Way Forward - Kvarkenr\u00e5det<\/title>\n<meta name=\"robots\" content=\"index, follow, max-snippet:-1, max-image-preview:large, max-video-preview:-1\" \/>\n<link rel=\"canonical\" href=\"https:\/\/www.kvarken.org\/en\/building-bridges-the-nordic-regions-way-forward\/\" \/>\n<meta property=\"og:locale\" content=\"en_US\" \/>\n<meta property=\"og:type\" content=\"article\" \/>\n<meta property=\"og:title\" content=\"Building Bridges \u2013 The Nordic Region\u2019s Way Forward - Kvarkenr\u00e5det\" \/>\n<meta property=\"og:description\" content=\"Focus on the Nordic Region at Wasa Future Festival\" \/>\n<meta property=\"og:url\" content=\"https:\/\/www.kvarken.org\/en\/building-bridges-the-nordic-regions-way-forward\/\" \/>\n<meta property=\"og:site_name\" content=\"Kvarkenr\u00e5det\" \/>\n<meta property=\"article:published_time\" content=\"2025-09-03T06:56:13+00:00\" \/>\n<meta property=\"article:modified_time\" content=\"2026-02-20T15:30:38+00:00\" \/>\n<meta property=\"og:image\" content=\"https:\/\/www.kvarken.org\/wp-content\/uploads\/2025\/09\/WFF-2-1024x705.jpg\" \/>\n\t<meta property=\"og:image:width\" content=\"1024\" \/>\n\t<meta property=\"og:image:height\" content=\"705\" \/>\n\t<meta property=\"og:image:type\" content=\"image\/jpeg\" \/>\n<meta name=\"author\" content=\"johanna_kvarken\" \/>\n<meta name=\"twitter:card\" content=\"summary_large_image\" \/>\n<meta name=\"twitter:label1\" content=\"Written by\" \/>\n\t<meta name=\"twitter:data1\" content=\"johanna_kvarken\" \/>\n\t<meta name=\"twitter:label2\" content=\"Est. reading time\" \/>\n\t<meta name=\"twitter:data2\" content=\"6 minutes\" \/>\n<script type=\"application\/ld+json\" class=\"yoast-schema-graph\">{\"@context\":\"https:\\\/\\\/schema.org\",\"@graph\":[{\"@type\":\"Article\",\"@id\":\"https:\\\/\\\/www.kvarken.org\\\/en\\\/building-bridges-the-nordic-regions-way-forward\\\/#article\",\"isPartOf\":{\"@id\":\"https:\\\/\\\/www.kvarken.org\\\/en\\\/building-bridges-the-nordic-regions-way-forward\\\/\"},\"author\":{\"name\":\"johanna_kvarken\",\"@id\":\"https:\\\/\\\/www.kvarken.org\\\/en\\\/#\\\/schema\\\/person\\\/a3c3f8bad7148ea67cff584ed1b3f1e2\"},\"headline\":\"Building Bridges \u2013 The Nordic Region\u2019s Way Forward\",\"datePublished\":\"2025-09-03T06:56:13+00:00\",\"dateModified\":\"2026-02-20T15:30:38+00:00\",\"mainEntityOfPage\":{\"@id\":\"https:\\\/\\\/www.kvarken.org\\\/en\\\/building-bridges-the-nordic-regions-way-forward\\\/\"},\"wordCount\":856,\"commentCount\":0,\"image\":{\"@id\":\"https:\\\/\\\/www.kvarken.org\\\/en\\\/building-bridges-the-nordic-regions-way-forward\\\/#primaryimage\"},\"thumbnailUrl\":\"https:\\\/\\\/www.kvarken.org\\\/wp-content\\\/uploads\\\/2025\\\/09\\\/WFF-2.jpg\",\"inLanguage\":\"en-US\",\"potentialAction\":[{\"@type\":\"CommentAction\",\"name\":\"Comment\",\"target\":[\"https:\\\/\\\/www.kvarken.org\\\/en\\\/building-bridges-the-nordic-regions-way-forward\\\/#respond\"]}]},{\"@type\":\"WebPage\",\"@id\":\"https:\\\/\\\/www.kvarken.org\\\/en\\\/building-bridges-the-nordic-regions-way-forward\\\/\",\"url\":\"https:\\\/\\\/www.kvarken.org\\\/en\\\/building-bridges-the-nordic-regions-way-forward\\\/\",\"name\":\"Building Bridges \u2013 The Nordic Region\u2019s Way Forward - Kvarkenr\u00e5det\",\"isPartOf\":{\"@id\":\"https:\\\/\\\/www.kvarken.org\\\/en\\\/#website\"},\"primaryImageOfPage\":{\"@id\":\"https:\\\/\\\/www.kvarken.org\\\/en\\\/building-bridges-the-nordic-regions-way-forward\\\/#primaryimage\"},\"image\":{\"@id\":\"https:\\\/\\\/www.kvarken.org\\\/en\\\/building-bridges-the-nordic-regions-way-forward\\\/#primaryimage\"},\"thumbnailUrl\":\"https:\\\/\\\/www.kvarken.org\\\/wp-content\\\/uploads\\\/2025\\\/09\\\/WFF-2.jpg\",\"datePublished\":\"2025-09-03T06:56:13+00:00\",\"dateModified\":\"2026-02-20T15:30:38+00:00\",\"author\":{\"@id\":\"https:\\\/\\\/www.kvarken.org\\\/en\\\/#\\\/schema\\\/person\\\/a3c3f8bad7148ea67cff584ed1b3f1e2\"},\"breadcrumb\":{\"@id\":\"https:\\\/\\\/www.kvarken.org\\\/en\\\/building-bridges-the-nordic-regions-way-forward\\\/#breadcrumb\"},\"inLanguage\":\"en-US\",\"potentialAction\":[{\"@type\":\"ReadAction\",\"target\":[\"https:\\\/\\\/www.kvarken.org\\\/en\\\/building-bridges-the-nordic-regions-way-forward\\\/\"]}]},{\"@type\":\"ImageObject\",\"inLanguage\":\"en-US\",\"@id\":\"https:\\\/\\\/www.kvarken.org\\\/en\\\/building-bridges-the-nordic-regions-way-forward\\\/#primaryimage\",\"url\":\"https:\\\/\\\/www.kvarken.org\\\/wp-content\\\/uploads\\\/2025\\\/09\\\/WFF-2.jpg\",\"contentUrl\":\"https:\\\/\\\/www.kvarken.org\\\/wp-content\\\/uploads\\\/2025\\\/09\\\/WFF-2.jpg\",\"width\":3543,\"height\":2441,\"caption\":\"Intresset f\u00f6r seminariet var stort med flera hundra deltagare som samlats f\u00f6r att diskutera Nordens nya roll p\u00e5 v\u00e4rldsmarknaderna. Talarna fick svara p\u00e5 m\u00e5nga fr\u00e5gor efter sina anf\u00f6randen och de flesta var \u00f6verens om visionerna.\"},{\"@type\":\"BreadcrumbList\",\"@id\":\"https:\\\/\\\/www.kvarken.org\\\/en\\\/building-bridges-the-nordic-regions-way-forward\\\/#breadcrumb\",\"itemListElement\":[{\"@type\":\"ListItem\",\"position\":1,\"name\":\"Hem\",\"item\":\"https:\\\/\\\/www.kvarken.org\\\/en\\\/\"},{\"@type\":\"ListItem\",\"position\":2,\"name\":\"Building Bridges \u2013 The Nordic Region\u2019s Way Forward\"}]},{\"@type\":\"WebSite\",\"@id\":\"https:\\\/\\\/www.kvarken.org\\\/en\\\/#website\",\"url\":\"https:\\\/\\\/www.kvarken.org\\\/en\\\/\",\"name\":\"Kvarkenr\u00e5det\",\"description\":\"\",\"potentialAction\":[{\"@type\":\"SearchAction\",\"target\":{\"@type\":\"EntryPoint\",\"urlTemplate\":\"https:\\\/\\\/www.kvarken.org\\\/en\\\/?s={search_term_string}\"},\"query-input\":{\"@type\":\"PropertyValueSpecification\",\"valueRequired\":true,\"valueName\":\"search_term_string\"}}],\"inLanguage\":\"en-US\"},{\"@type\":\"Person\",\"@id\":\"https:\\\/\\\/www.kvarken.org\\\/en\\\/#\\\/schema\\\/person\\\/a3c3f8bad7148ea67cff584ed1b3f1e2\",\"name\":\"johanna_kvarken\",\"image\":{\"@type\":\"ImageObject\",\"inLanguage\":\"en-US\",\"@id\":\"https:\\\/\\\/secure.gravatar.com\\\/avatar\\\/47c65fbd7d5d363246bda56ee5b114e75c2d4727b75bd28a94072a1fe8d5f102?s=96&d=mm&r=g\",\"url\":\"https:\\\/\\\/secure.gravatar.com\\\/avatar\\\/47c65fbd7d5d363246bda56ee5b114e75c2d4727b75bd28a94072a1fe8d5f102?s=96&d=mm&r=g\",\"contentUrl\":\"https:\\\/\\\/secure.gravatar.com\\\/avatar\\\/47c65fbd7d5d363246bda56ee5b114e75c2d4727b75bd28a94072a1fe8d5f102?s=96&d=mm&r=g\",\"caption\":\"johanna_kvarken\"}}]}<\/script>\n<!-- \/ Yoast SEO plugin. -->","yoast_head_json":{"title":"Building Bridges \u2013 The Nordic Region\u2019s Way Forward - Kvarkenr\u00e5det","robots":{"index":"index","follow":"follow","max-snippet":"max-snippet:-1","max-image-preview":"max-image-preview:large","max-video-preview":"max-video-preview:-1"},"canonical":"https:\/\/www.kvarken.org\/en\/building-bridges-the-nordic-regions-way-forward\/","og_locale":"en_US","og_type":"article","og_title":"Building Bridges \u2013 The Nordic Region\u2019s Way Forward - Kvarkenr\u00e5det","og_description":"Focus on the Nordic Region at Wasa Future Festival","og_url":"https:\/\/www.kvarken.org\/en\/building-bridges-the-nordic-regions-way-forward\/","og_site_name":"Kvarkenr\u00e5det","article_published_time":"2025-09-03T06:56:13+00:00","article_modified_time":"2026-02-20T15:30:38+00:00","og_image":[{"width":1024,"height":705,"url":"https:\/\/www.kvarken.org\/wp-content\/uploads\/2025\/09\/WFF-2-1024x705.jpg","type":"image\/jpeg"}],"author":"johanna_kvarken","twitter_card":"summary_large_image","twitter_misc":{"Written by":"johanna_kvarken","Est. reading time":"6 minutes"},"schema":{"@context":"https:\/\/schema.org","@graph":[{"@type":"Article","@id":"https:\/\/www.kvarken.org\/en\/building-bridges-the-nordic-regions-way-forward\/#article","isPartOf":{"@id":"https:\/\/www.kvarken.org\/en\/building-bridges-the-nordic-regions-way-forward\/"},"author":{"name":"johanna_kvarken","@id":"https:\/\/www.kvarken.org\/en\/#\/schema\/person\/a3c3f8bad7148ea67cff584ed1b3f1e2"},"headline":"Building Bridges \u2013 The Nordic Region\u2019s Way Forward","datePublished":"2025-09-03T06:56:13+00:00","dateModified":"2026-02-20T15:30:38+00:00","mainEntityOfPage":{"@id":"https:\/\/www.kvarken.org\/en\/building-bridges-the-nordic-regions-way-forward\/"},"wordCount":856,"commentCount":0,"image":{"@id":"https:\/\/www.kvarken.org\/en\/building-bridges-the-nordic-regions-way-forward\/#primaryimage"},"thumbnailUrl":"https:\/\/www.kvarken.org\/wp-content\/uploads\/2025\/09\/WFF-2.jpg","inLanguage":"en-US","potentialAction":[{"@type":"CommentAction","name":"Comment","target":["https:\/\/www.kvarken.org\/en\/building-bridges-the-nordic-regions-way-forward\/#respond"]}]},{"@type":"WebPage","@id":"https:\/\/www.kvarken.org\/en\/building-bridges-the-nordic-regions-way-forward\/","url":"https:\/\/www.kvarken.org\/en\/building-bridges-the-nordic-regions-way-forward\/","name":"Building Bridges \u2013 The Nordic Region\u2019s Way Forward - Kvarkenr\u00e5det","isPartOf":{"@id":"https:\/\/www.kvarken.org\/en\/#website"},"primaryImageOfPage":{"@id":"https:\/\/www.kvarken.org\/en\/building-bridges-the-nordic-regions-way-forward\/#primaryimage"},"image":{"@id":"https:\/\/www.kvarken.org\/en\/building-bridges-the-nordic-regions-way-forward\/#primaryimage"},"thumbnailUrl":"https:\/\/www.kvarken.org\/wp-content\/uploads\/2025\/09\/WFF-2.jpg","datePublished":"2025-09-03T06:56:13+00:00","dateModified":"2026-02-20T15:30:38+00:00","author":{"@id":"https:\/\/www.kvarken.org\/en\/#\/schema\/person\/a3c3f8bad7148ea67cff584ed1b3f1e2"},"breadcrumb":{"@id":"https:\/\/www.kvarken.org\/en\/building-bridges-the-nordic-regions-way-forward\/#breadcrumb"},"inLanguage":"en-US","potentialAction":[{"@type":"ReadAction","target":["https:\/\/www.kvarken.org\/en\/building-bridges-the-nordic-regions-way-forward\/"]}]},{"@type":"ImageObject","inLanguage":"en-US","@id":"https:\/\/www.kvarken.org\/en\/building-bridges-the-nordic-regions-way-forward\/#primaryimage","url":"https:\/\/www.kvarken.org\/wp-content\/uploads\/2025\/09\/WFF-2.jpg","contentUrl":"https:\/\/www.kvarken.org\/wp-content\/uploads\/2025\/09\/WFF-2.jpg","width":3543,"height":2441,"caption":"Intresset f\u00f6r seminariet var stort med flera hundra deltagare som samlats f\u00f6r att diskutera Nordens nya roll p\u00e5 v\u00e4rldsmarknaderna. Talarna fick svara p\u00e5 m\u00e5nga fr\u00e5gor efter sina anf\u00f6randen och de flesta var \u00f6verens om visionerna."},{"@type":"BreadcrumbList","@id":"https:\/\/www.kvarken.org\/en\/building-bridges-the-nordic-regions-way-forward\/#breadcrumb","itemListElement":[{"@type":"ListItem","position":1,"name":"Hem","item":"https:\/\/www.kvarken.org\/en\/"},{"@type":"ListItem","position":2,"name":"Building Bridges \u2013 The Nordic Region\u2019s Way Forward"}]},{"@type":"WebSite","@id":"https:\/\/www.kvarken.org\/en\/#website","url":"https:\/\/www.kvarken.org\/en\/","name":"Kvarkenr\u00e5det","description":"","potentialAction":[{"@type":"SearchAction","target":{"@type":"EntryPoint","urlTemplate":"https:\/\/www.kvarken.org\/en\/?s={search_term_string}"},"query-input":{"@type":"PropertyValueSpecification","valueRequired":true,"valueName":"search_term_string"}}],"inLanguage":"en-US"},{"@type":"Person","@id":"https:\/\/www.kvarken.org\/en\/#\/schema\/person\/a3c3f8bad7148ea67cff584ed1b3f1e2","name":"johanna_kvarken","image":{"@type":"ImageObject","inLanguage":"en-US","@id":"https:\/\/secure.gravatar.com\/avatar\/47c65fbd7d5d363246bda56ee5b114e75c2d4727b75bd28a94072a1fe8d5f102?s=96&d=mm&r=g","url":"https:\/\/secure.gravatar.com\/avatar\/47c65fbd7d5d363246bda56ee5b114e75c2d4727b75bd28a94072a1fe8d5f102?s=96&d=mm&r=g","contentUrl":"https:\/\/secure.gravatar.com\/avatar\/47c65fbd7d5d363246bda56ee5b114e75c2d4727b75bd28a94072a1fe8d5f102?s=96&d=mm&r=g","caption":"johanna_kvarken"}}]}},"_links":{"self":[{"href":"https:\/\/www.kvarken.org\/en\/wp-json\/wp\/v2\/posts\/23682","targetHints":{"allow":["GET"]}}],"collection":[{"href":"https:\/\/www.kvarken.org\/en\/wp-json\/wp\/v2\/posts"}],"about":[{"href":"https:\/\/www.kvarken.org\/en\/wp-json\/wp\/v2\/types\/post"}],"author":[{"embeddable":true,"href":"https:\/\/www.kvarken.org\/en\/wp-json\/wp\/v2\/users\/5"}],"replies":[{"embeddable":true,"href":"https:\/\/www.kvarken.org\/en\/wp-json\/wp\/v2\/comments?post=23682"}],"version-history":[{"count":4,"href":"https:\/\/www.kvarken.org\/en\/wp-json\/wp\/v2\/posts\/23682\/revisions"}],"predecessor-version":[{"id":24622,"href":"https:\/\/www.kvarken.org\/en\/wp-json\/wp\/v2\/posts\/23682\/revisions\/24622"}],"wp:featuredmedia":[{"embeddable":true,"href":"https:\/\/www.kvarken.org\/en\/wp-json\/wp\/v2\/media\/23665"}],"wp:attachment":[{"href":"https:\/\/www.kvarken.org\/en\/wp-json\/wp\/v2\/media?parent=23682"}],"wp:term":[{"taxonomy":"category","embeddable":true,"href":"https:\/\/www.kvarken.org\/en\/wp-json\/wp\/v2\/categories?post=23682"},{"taxonomy":"post_tag","embeddable":true,"href":"https:\/\/www.kvarken.org\/en\/wp-json\/wp\/v2\/tags?post=23682"},{"taxonomy":"amnen","embeddable":true,"href":"https:\/\/www.kvarken.org\/en\/wp-json\/wp\/v2\/amnen?post=23682"}],"curies":[{"name":"wp","href":"https:\/\/api.w.org\/{rel}","templated":true}]}}