{"id":3286,"date":"2020-11-26T14:09:06","date_gmt":"2020-11-26T14:09:06","guid":{"rendered":"http:\/\/kvarken.org\/finnish-and-swedish-governments-approve-the-%e2%80%a8establishment-of-the-kvarken-council-egtc"},"modified":"2020-12-18T08:08:59","modified_gmt":"2020-12-18T08:08:59","slug":"finnish-and-swedish-governments-approve-the-%e2%80%a8establishment-of-the-kvarken-council-egtc","status":"publish","type":"post","link":"https:\/\/www.kvarken.org\/en\/finnish-and-swedish-governments-approve-the-%e2%80%a8establishment-of-the-kvarken-council-egtc\/","title":{"rendered":"Finnish and Swedish Governments Approve the \u2028Establishment of the Kvarken Council EGTC"},"content":{"rendered":"<p>Finland and Sweden have officially approved the establishment of the Kvarken Council EGTC, a European Grouping of Territorial Cooperation. The Council\u2019s objective is to develop cross-border cooperation and improve competitiveness in the Kvarken region, i.e. in the northern part of the Baltic Sea.<\/p>\n<p>Finnish Minister of Economic Affairs, <strong>Mr Mika Lintil\u00e4<\/strong>, approved the participation of Finnish members in the grouping on November 26th, 2020, and the Swedish Government approved the participation of Swedish members also on November 26th, 2020. <strong>Ms Jennie Nilsson<\/strong>, Swedish Minister for Rural Affairs, will sign the convention on behalf of Sweden.<\/p>\n<p>\u2013 I\u2019m extremely proud that the Ostrobothnian counties formed the first fully Nordic EGTC together with our Swedish friends in V\u00e4sterbotten and \u00d6rnsk\u00f6ldsvik. This will strengthen the Kvarken region in both the capitals and the EU, rejoices <strong>Mr Joakim Strand<\/strong>, Member of Parliament, Chairman of the Kvarken Council, and Chairman of Vaasa City Council.<\/p>\n<p>\u2013 A long process has finally reached its finish line, and this new legal entity lends us far better opportunities to promote the region\u2019s interests at Nordic and European levels, explains <strong>Mr Mathias Lindstr\u00f6m<\/strong>, Director of the Kvarken Council.<\/p>\n<p><strong>Founding members of the Kvarken Council EGTC:<\/strong><\/p>\n<p><strong>in Finland:<\/strong><br \/>\nRegional Council of Ostrobothnia City of Vaasa City of Jakobstad Regional Council of South Ostrobothnia City of Sein\u00e4joki Regional Council of Central Ostrobothnia City of Kokkola<\/p>\n<p><strong>in Sweden:<\/strong><br \/>\nRegion V\u00e4sterbotten Ume\u00e5 Municipality \u00d6rnsk\u00f6ldsvik Municipality<\/p>\n<p><strong>FOR MORE INFORMATION, PLEASE CONTACT:<\/strong><br \/>\nMr Joakim Strand, MP, Chairman of the Kvarken Council, Chairman of Vaasa City Council, tel. +358 50 310 0076<\/p>\n<p><strong>Kvarken Council \u2013 Cross-Border Cooperation<\/strong><\/p>\n<p>The operating area of the Kvarken Council is called the Kvarken region. The Kvarken region consists of the counties of Ostrobothnia, Southern Ostrobothnia and Central Ostrobothnia in Finland and the county of V\u00e4sterbotten and the municipality of \u00d6rnsk\u00f6ldsvik in Sweden.<br \/>\nThe Kvarken Council is developing the region by supporting the cooperation between various actors in the Kvarken region, reducing and eliminating border barriers, increasing the visibility of the region at national and European levels, working actively in several European networks and by utilising the region\u2019s strengths and supporting the development of the region.\u2028The Kvarken Council has worked with over 100 cross-border projects during almost 50 years within e.g. business, education, tourism, research and development, health care, culture, environmental issues, sports, children and young people as well as communications and transport infrastructure. One of the region\u2019s joint projects is the Midway Alignment infrastructure project. <a href=\"https:\/\/www.europarl.europa.eu\/factsheets\/sv\/sheet\/94\/eurooppalaiset-alueellisen-yhteistyon-yhtymat-eayy-\" target=\"_blank\" rel=\"noopener noreferrer\">More Information about European Groupings of Territorial Cooperation (EGT&#8217;S) on the European Parliament&#8217;s webpage <\/a><\/p>\n","protected":false},"excerpt":{"rendered":"<p>Finland and Sweden have officially approved the establishment of the Kvarken Council EGTC, a European Grouping of Territorial Cooperation. The Council\u2019s objective is to develop cross-border cooperation and improve competitiveness in the Kvarken region, i.e. in the northern part of the Baltic Sea.<\/p>\n","protected":false},"author":2,"featured_media":2795,"comment_status":"open","ping_status":"open","sticky":false,"template":"","format":"standard","meta":{"_acf_changed":false,"_et_pb_use_builder":"","_et_pb_old_content":"","_et_gb_content_width":"","footnotes":""},"categories":[68,12],"tags":[],"amnen":[95,99,89],"class_list":["post-3286","post","type-post","status-publish","format-standard","has-post-thumbnail","hentry","category-press-release","category-uncategorized","amnen-cooperation-structures","amnen-egtc","amnen-greeting"],"acf":[],"yoast_head":"<!-- This site is optimized with the Yoast SEO plugin v27.4 - https:\/\/yoast.com\/product\/yoast-seo-wordpress\/ -->\n<title>Finnish and Swedish Governments Approve the \u2028Establishment of the Kvarken Council EGTC - Kvarkenr\u00e5det<\/title>\n<meta name=\"robots\" content=\"index, follow, max-snippet:-1, max-image-preview:large, max-video-preview:-1\" \/>\n<link rel=\"canonical\" href=\"https:\/\/www.kvarken.org\/en\/finnish-and-swedish-governments-approve-the-%e2%80%a8establishment-of-the-kvarken-council-egtc\/\" \/>\n<meta property=\"og:locale\" content=\"en_US\" \/>\n<meta property=\"og:type\" content=\"article\" \/>\n<meta property=\"og:title\" content=\"Finnish and Swedish Governments Approve the \u2028Establishment of the Kvarken Council EGTC - Kvarkenr\u00e5det\" \/>\n<meta property=\"og:description\" content=\"Finland and Sweden have officially approved the establishment of the Kvarken Council EGTC, a European Grouping of Territorial Cooperation. The Council\u2019s objective is to develop cross-border cooperation and improve competitiveness in the Kvarken region, i.e. in the northern part of the Baltic Sea.\" \/>\n<meta property=\"og:url\" content=\"https:\/\/www.kvarken.org\/en\/finnish-and-swedish-governments-approve-the-%e2%80%a8establishment-of-the-kvarken-council-egtc\/\" \/>\n<meta property=\"og:site_name\" content=\"Kvarkenr\u00e5det\" \/>\n<meta property=\"article:published_time\" content=\"2020-11-26T14:09:06+00:00\" \/>\n<meta property=\"article:modified_time\" content=\"2020-12-18T08:08:59+00:00\" \/>\n<meta property=\"og:image\" content=\"https:\/\/www.kvarken.org\/wp-content\/uploads\/2020\/12\/Kuva-Esa-Siltaloppi-_DSC8329-2-scaled.jpg\" \/>\n\t<meta property=\"og:image:width\" content=\"2560\" \/>\n\t<meta property=\"og:image:height\" content=\"1709\" \/>\n\t<meta property=\"og:image:type\" content=\"image\/jpeg\" \/>\n<meta name=\"author\" content=\"jokommunikation_agency\" \/>\n<meta name=\"twitter:card\" content=\"summary_large_image\" \/>\n<meta name=\"twitter:label1\" content=\"Written by\" \/>\n\t<meta name=\"twitter:data1\" content=\"jokommunikation_agency\" \/>\n\t<meta name=\"twitter:label2\" content=\"Est. reading time\" \/>\n\t<meta name=\"twitter:data2\" content=\"2 minutes\" \/>\n<script type=\"application\/ld+json\" class=\"yoast-schema-graph\">{\"@context\":\"https:\\\/\\\/schema.org\",\"@graph\":[{\"@type\":\"Article\",\"@id\":\"https:\\\/\\\/www.kvarken.org\\\/en\\\/finnish-and-swedish-governments-approve-the-%e2%80%a8establishment-of-the-kvarken-council-egtc\\\/#article\",\"isPartOf\":{\"@id\":\"https:\\\/\\\/www.kvarken.org\\\/en\\\/finnish-and-swedish-governments-approve-the-%e2%80%a8establishment-of-the-kvarken-council-egtc\\\/\"},\"author\":{\"name\":\"jokommunikation_agency\",\"@id\":\"https:\\\/\\\/www.kvarken.org\\\/en\\\/#\\\/schema\\\/person\\\/c0191caa861afff47bc50292a6905da2\"},\"headline\":\"Finnish and Swedish Governments Approve the \\u2028Establishment of the Kvarken Council EGTC\",\"datePublished\":\"2020-11-26T14:09:06+00:00\",\"dateModified\":\"2020-12-18T08:08:59+00:00\",\"mainEntityOfPage\":{\"@id\":\"https:\\\/\\\/www.kvarken.org\\\/en\\\/finnish-and-swedish-governments-approve-the-%e2%80%a8establishment-of-the-kvarken-council-egtc\\\/\"},\"wordCount\":436,\"commentCount\":0,\"image\":{\"@id\":\"https:\\\/\\\/www.kvarken.org\\\/en\\\/finnish-and-swedish-governments-approve-the-%e2%80%a8establishment-of-the-kvarken-council-egtc\\\/#primaryimage\"},\"thumbnailUrl\":\"https:\\\/\\\/www.kvarken.org\\\/wp-content\\\/uploads\\\/2020\\\/12\\\/Kuva-Esa-Siltaloppi-_DSC8329-2-scaled.jpg\",\"articleSection\":[\"Press release\"],\"inLanguage\":\"en-US\",\"potentialAction\":[{\"@type\":\"CommentAction\",\"name\":\"Comment\",\"target\":[\"https:\\\/\\\/www.kvarken.org\\\/en\\\/finnish-and-swedish-governments-approve-the-%e2%80%a8establishment-of-the-kvarken-council-egtc\\\/#respond\"]}]},{\"@type\":\"WebPage\",\"@id\":\"https:\\\/\\\/www.kvarken.org\\\/en\\\/finnish-and-swedish-governments-approve-the-%e2%80%a8establishment-of-the-kvarken-council-egtc\\\/\",\"url\":\"https:\\\/\\\/www.kvarken.org\\\/en\\\/finnish-and-swedish-governments-approve-the-%e2%80%a8establishment-of-the-kvarken-council-egtc\\\/\",\"name\":\"Finnish and Swedish Governments Approve the \\u2028Establishment of the Kvarken Council EGTC - Kvarkenr\u00e5det\",\"isPartOf\":{\"@id\":\"https:\\\/\\\/www.kvarken.org\\\/en\\\/#website\"},\"primaryImageOfPage\":{\"@id\":\"https:\\\/\\\/www.kvarken.org\\\/en\\\/finnish-and-swedish-governments-approve-the-%e2%80%a8establishment-of-the-kvarken-council-egtc\\\/#primaryimage\"},\"image\":{\"@id\":\"https:\\\/\\\/www.kvarken.org\\\/en\\\/finnish-and-swedish-governments-approve-the-%e2%80%a8establishment-of-the-kvarken-council-egtc\\\/#primaryimage\"},\"thumbnailUrl\":\"https:\\\/\\\/www.kvarken.org\\\/wp-content\\\/uploads\\\/2020\\\/12\\\/Kuva-Esa-Siltaloppi-_DSC8329-2-scaled.jpg\",\"datePublished\":\"2020-11-26T14:09:06+00:00\",\"dateModified\":\"2020-12-18T08:08:59+00:00\",\"author\":{\"@id\":\"https:\\\/\\\/www.kvarken.org\\\/en\\\/#\\\/schema\\\/person\\\/c0191caa861afff47bc50292a6905da2\"},\"breadcrumb\":{\"@id\":\"https:\\\/\\\/www.kvarken.org\\\/en\\\/finnish-and-swedish-governments-approve-the-%e2%80%a8establishment-of-the-kvarken-council-egtc\\\/#breadcrumb\"},\"inLanguage\":\"en-US\",\"potentialAction\":[{\"@type\":\"ReadAction\",\"target\":[\"https:\\\/\\\/www.kvarken.org\\\/en\\\/finnish-and-swedish-governments-approve-the-%e2%80%a8establishment-of-the-kvarken-council-egtc\\\/\"]}]},{\"@type\":\"ImageObject\",\"inLanguage\":\"en-US\",\"@id\":\"https:\\\/\\\/www.kvarken.org\\\/en\\\/finnish-and-swedish-governments-approve-the-%e2%80%a8establishment-of-the-kvarken-council-egtc\\\/#primaryimage\",\"url\":\"https:\\\/\\\/www.kvarken.org\\\/wp-content\\\/uploads\\\/2020\\\/12\\\/Kuva-Esa-Siltaloppi-_DSC8329-2-scaled.jpg\",\"contentUrl\":\"https:\\\/\\\/www.kvarken.org\\\/wp-content\\\/uploads\\\/2020\\\/12\\\/Kuva-Esa-Siltaloppi-_DSC8329-2-scaled.jpg\",\"width\":2560,\"height\":1709,\"caption\":\"Mathias Lindstr\u00f6m\"},{\"@type\":\"BreadcrumbList\",\"@id\":\"https:\\\/\\\/www.kvarken.org\\\/en\\\/finnish-and-swedish-governments-approve-the-%e2%80%a8establishment-of-the-kvarken-council-egtc\\\/#breadcrumb\",\"itemListElement\":[{\"@type\":\"ListItem\",\"position\":1,\"name\":\"Hem\",\"item\":\"https:\\\/\\\/www.kvarken.org\\\/en\\\/\"},{\"@type\":\"ListItem\",\"position\":2,\"name\":\"Finnish and Swedish Governments Approve the \\u2028Establishment of the Kvarken Council EGTC\"}]},{\"@type\":\"WebSite\",\"@id\":\"https:\\\/\\\/www.kvarken.org\\\/en\\\/#website\",\"url\":\"https:\\\/\\\/www.kvarken.org\\\/en\\\/\",\"name\":\"Kvarkenr\u00e5det\",\"description\":\"\",\"potentialAction\":[{\"@type\":\"SearchAction\",\"target\":{\"@type\":\"EntryPoint\",\"urlTemplate\":\"https:\\\/\\\/www.kvarken.org\\\/en\\\/?s={search_term_string}\"},\"query-input\":{\"@type\":\"PropertyValueSpecification\",\"valueRequired\":true,\"valueName\":\"search_term_string\"}}],\"inLanguage\":\"en-US\"},{\"@type\":\"Person\",\"@id\":\"https:\\\/\\\/www.kvarken.org\\\/en\\\/#\\\/schema\\\/person\\\/c0191caa861afff47bc50292a6905da2\",\"name\":\"jokommunikation_agency\",\"image\":{\"@type\":\"ImageObject\",\"inLanguage\":\"en-US\",\"@id\":\"https:\\\/\\\/secure.gravatar.com\\\/avatar\\\/747179557db7fa831269f4829d55b0109a7684b8dd784a3f8f606bce8610f828?s=96&d=mm&r=g\",\"url\":\"https:\\\/\\\/secure.gravatar.com\\\/avatar\\\/747179557db7fa831269f4829d55b0109a7684b8dd784a3f8f606bce8610f828?s=96&d=mm&r=g\",\"contentUrl\":\"https:\\\/\\\/secure.gravatar.com\\\/avatar\\\/747179557db7fa831269f4829d55b0109a7684b8dd784a3f8f606bce8610f828?s=96&d=mm&r=g\",\"caption\":\"jokommunikation_agency\"}}]}<\/script>\n<!-- \/ Yoast SEO plugin. -->","yoast_head_json":{"title":"Finnish and Swedish Governments Approve the \u2028Establishment of the Kvarken Council EGTC - Kvarkenr\u00e5det","robots":{"index":"index","follow":"follow","max-snippet":"max-snippet:-1","max-image-preview":"max-image-preview:large","max-video-preview":"max-video-preview:-1"},"canonical":"https:\/\/www.kvarken.org\/en\/finnish-and-swedish-governments-approve-the-%e2%80%a8establishment-of-the-kvarken-council-egtc\/","og_locale":"en_US","og_type":"article","og_title":"Finnish and Swedish Governments Approve the \u2028Establishment of the Kvarken Council EGTC - Kvarkenr\u00e5det","og_description":"Finland and Sweden have officially approved the establishment of the Kvarken Council EGTC, a European Grouping of Territorial Cooperation. The Council\u2019s objective is to develop cross-border cooperation and improve competitiveness in the Kvarken region, i.e. in the northern part of the Baltic Sea.","og_url":"https:\/\/www.kvarken.org\/en\/finnish-and-swedish-governments-approve-the-%e2%80%a8establishment-of-the-kvarken-council-egtc\/","og_site_name":"Kvarkenr\u00e5det","article_published_time":"2020-11-26T14:09:06+00:00","article_modified_time":"2020-12-18T08:08:59+00:00","og_image":[{"width":2560,"height":1709,"url":"https:\/\/www.kvarken.org\/wp-content\/uploads\/2020\/12\/Kuva-Esa-Siltaloppi-_DSC8329-2-scaled.jpg","type":"image\/jpeg"}],"author":"jokommunikation_agency","twitter_card":"summary_large_image","twitter_misc":{"Written by":"jokommunikation_agency","Est. reading time":"2 minutes"},"schema":{"@context":"https:\/\/schema.org","@graph":[{"@type":"Article","@id":"https:\/\/www.kvarken.org\/en\/finnish-and-swedish-governments-approve-the-%e2%80%a8establishment-of-the-kvarken-council-egtc\/#article","isPartOf":{"@id":"https:\/\/www.kvarken.org\/en\/finnish-and-swedish-governments-approve-the-%e2%80%a8establishment-of-the-kvarken-council-egtc\/"},"author":{"name":"jokommunikation_agency","@id":"https:\/\/www.kvarken.org\/en\/#\/schema\/person\/c0191caa861afff47bc50292a6905da2"},"headline":"Finnish and Swedish Governments Approve the \u2028Establishment of the Kvarken Council EGTC","datePublished":"2020-11-26T14:09:06+00:00","dateModified":"2020-12-18T08:08:59+00:00","mainEntityOfPage":{"@id":"https:\/\/www.kvarken.org\/en\/finnish-and-swedish-governments-approve-the-%e2%80%a8establishment-of-the-kvarken-council-egtc\/"},"wordCount":436,"commentCount":0,"image":{"@id":"https:\/\/www.kvarken.org\/en\/finnish-and-swedish-governments-approve-the-%e2%80%a8establishment-of-the-kvarken-council-egtc\/#primaryimage"},"thumbnailUrl":"https:\/\/www.kvarken.org\/wp-content\/uploads\/2020\/12\/Kuva-Esa-Siltaloppi-_DSC8329-2-scaled.jpg","articleSection":["Press release"],"inLanguage":"en-US","potentialAction":[{"@type":"CommentAction","name":"Comment","target":["https:\/\/www.kvarken.org\/en\/finnish-and-swedish-governments-approve-the-%e2%80%a8establishment-of-the-kvarken-council-egtc\/#respond"]}]},{"@type":"WebPage","@id":"https:\/\/www.kvarken.org\/en\/finnish-and-swedish-governments-approve-the-%e2%80%a8establishment-of-the-kvarken-council-egtc\/","url":"https:\/\/www.kvarken.org\/en\/finnish-and-swedish-governments-approve-the-%e2%80%a8establishment-of-the-kvarken-council-egtc\/","name":"Finnish and Swedish Governments Approve the \u2028Establishment of the Kvarken Council EGTC - Kvarkenr\u00e5det","isPartOf":{"@id":"https:\/\/www.kvarken.org\/en\/#website"},"primaryImageOfPage":{"@id":"https:\/\/www.kvarken.org\/en\/finnish-and-swedish-governments-approve-the-%e2%80%a8establishment-of-the-kvarken-council-egtc\/#primaryimage"},"image":{"@id":"https:\/\/www.kvarken.org\/en\/finnish-and-swedish-governments-approve-the-%e2%80%a8establishment-of-the-kvarken-council-egtc\/#primaryimage"},"thumbnailUrl":"https:\/\/www.kvarken.org\/wp-content\/uploads\/2020\/12\/Kuva-Esa-Siltaloppi-_DSC8329-2-scaled.jpg","datePublished":"2020-11-26T14:09:06+00:00","dateModified":"2020-12-18T08:08:59+00:00","author":{"@id":"https:\/\/www.kvarken.org\/en\/#\/schema\/person\/c0191caa861afff47bc50292a6905da2"},"breadcrumb":{"@id":"https:\/\/www.kvarken.org\/en\/finnish-and-swedish-governments-approve-the-%e2%80%a8establishment-of-the-kvarken-council-egtc\/#breadcrumb"},"inLanguage":"en-US","potentialAction":[{"@type":"ReadAction","target":["https:\/\/www.kvarken.org\/en\/finnish-and-swedish-governments-approve-the-%e2%80%a8establishment-of-the-kvarken-council-egtc\/"]}]},{"@type":"ImageObject","inLanguage":"en-US","@id":"https:\/\/www.kvarken.org\/en\/finnish-and-swedish-governments-approve-the-%e2%80%a8establishment-of-the-kvarken-council-egtc\/#primaryimage","url":"https:\/\/www.kvarken.org\/wp-content\/uploads\/2020\/12\/Kuva-Esa-Siltaloppi-_DSC8329-2-scaled.jpg","contentUrl":"https:\/\/www.kvarken.org\/wp-content\/uploads\/2020\/12\/Kuva-Esa-Siltaloppi-_DSC8329-2-scaled.jpg","width":2560,"height":1709,"caption":"Mathias Lindstr\u00f6m"},{"@type":"BreadcrumbList","@id":"https:\/\/www.kvarken.org\/en\/finnish-and-swedish-governments-approve-the-%e2%80%a8establishment-of-the-kvarken-council-egtc\/#breadcrumb","itemListElement":[{"@type":"ListItem","position":1,"name":"Hem","item":"https:\/\/www.kvarken.org\/en\/"},{"@type":"ListItem","position":2,"name":"Finnish and Swedish Governments Approve the \u2028Establishment of the Kvarken Council EGTC"}]},{"@type":"WebSite","@id":"https:\/\/www.kvarken.org\/en\/#website","url":"https:\/\/www.kvarken.org\/en\/","name":"Kvarkenr\u00e5det","description":"","potentialAction":[{"@type":"SearchAction","target":{"@type":"EntryPoint","urlTemplate":"https:\/\/www.kvarken.org\/en\/?s={search_term_string}"},"query-input":{"@type":"PropertyValueSpecification","valueRequired":true,"valueName":"search_term_string"}}],"inLanguage":"en-US"},{"@type":"Person","@id":"https:\/\/www.kvarken.org\/en\/#\/schema\/person\/c0191caa861afff47bc50292a6905da2","name":"jokommunikation_agency","image":{"@type":"ImageObject","inLanguage":"en-US","@id":"https:\/\/secure.gravatar.com\/avatar\/747179557db7fa831269f4829d55b0109a7684b8dd784a3f8f606bce8610f828?s=96&d=mm&r=g","url":"https:\/\/secure.gravatar.com\/avatar\/747179557db7fa831269f4829d55b0109a7684b8dd784a3f8f606bce8610f828?s=96&d=mm&r=g","contentUrl":"https:\/\/secure.gravatar.com\/avatar\/747179557db7fa831269f4829d55b0109a7684b8dd784a3f8f606bce8610f828?s=96&d=mm&r=g","caption":"jokommunikation_agency"}}]}},"_links":{"self":[{"href":"https:\/\/www.kvarken.org\/en\/wp-json\/wp\/v2\/posts\/3286","targetHints":{"allow":["GET"]}}],"collection":[{"href":"https:\/\/www.kvarken.org\/en\/wp-json\/wp\/v2\/posts"}],"about":[{"href":"https:\/\/www.kvarken.org\/en\/wp-json\/wp\/v2\/types\/post"}],"author":[{"embeddable":true,"href":"https:\/\/www.kvarken.org\/en\/wp-json\/wp\/v2\/users\/2"}],"replies":[{"embeddable":true,"href":"https:\/\/www.kvarken.org\/en\/wp-json\/wp\/v2\/comments?post=3286"}],"version-history":[{"count":0,"href":"https:\/\/www.kvarken.org\/en\/wp-json\/wp\/v2\/posts\/3286\/revisions"}],"wp:featuredmedia":[{"embeddable":true,"href":"https:\/\/www.kvarken.org\/en\/wp-json\/wp\/v2\/media\/2795"}],"wp:attachment":[{"href":"https:\/\/www.kvarken.org\/en\/wp-json\/wp\/v2\/media?parent=3286"}],"wp:term":[{"taxonomy":"category","embeddable":true,"href":"https:\/\/www.kvarken.org\/en\/wp-json\/wp\/v2\/categories?post=3286"},{"taxonomy":"post_tag","embeddable":true,"href":"https:\/\/www.kvarken.org\/en\/wp-json\/wp\/v2\/tags?post=3286"},{"taxonomy":"amnen","embeddable":true,"href":"https:\/\/www.kvarken.org\/en\/wp-json\/wp\/v2\/amnen?post=3286"}],"curies":[{"name":"wp","href":"https:\/\/api.w.org\/{rel}","templated":true}]}}