{"id":8637,"date":"2021-03-02T07:23:51","date_gmt":"2021-03-02T07:23:51","guid":{"rendered":"https:\/\/kvarken.org\/?p=8637"},"modified":"2021-03-02T07:41:51","modified_gmt":"2021-03-02T07:41:51","slug":"halsning-ws","status":"publish","type":"post","link":"https:\/\/www.kvarken.org\/en\/halsning-ws\/","title":{"rendered":"Destination Kvarken \u2013 h\u00e4lsning fr\u00e5n senaste internationella workshop"},"content":{"rendered":"<p><em>I slutet av februari deltog projektet\u00a0f\u00f6r f\u00f6rsta g\u00e5ngen i en internationell workshop arrangerad av European Tourism Association (ETOA) och Nordic Tourism Collective. Totalt genomf\u00f6rdes ca 4500 digitala m\u00f6ten. Alla s\u00e4ljarna kom fr\u00e5n Norden och k\u00f6parna var fr\u00e5n hela v\u00e4rlden. Kvarken Destinations fokus var de europeiska arrang\u00f6rerna och ett 30-tal helt nya kontakter kn\u00f6ts.<\/em><\/p>\n<p><strong>Europeiska byr\u00e5er som inte har haft Norden som destination, vill nu ta med de nordiska l\u00e4nderna i sitt utbud. P\u00e5 grund av den r\u00e5dande covid-situationen bokar m\u00e5nga av deras kunder inte \u201dlong haul flights\u201d som f\u00f6rut, utan s\u00f6ker i st\u00e4llet nya, sp\u00e4nnande resm\u00e5l p\u00e5 n\u00e4rmare h\u00e5ll, bland annat i Norden. Det ger oss helt nya kunder och m\u00f6jligheter!<\/strong><\/p>\n<p>&nbsp;<\/p>\n<p><img decoding=\"async\" class=\"alignnone size-full wp-image-8379\" src=\"https:\/\/www.kvarken.org\/wp-content\/uploads\/2021\/02\/resizedimage34998-Intrerreg-BA-ENG-RGB2-300x84.png\" alt=\"\" width=\"300\" height=\"84\" \/><\/p>\n<p><em><strong>Nya och st\u00f6rre marknader tillsammans<\/strong><br \/>\nDestination Kvarken (marknadsf\u00f6ringsnamn Kvarken Destinations) ska hj\u00e4lpa exportmogna sm\u00e5 och medelstora f\u00f6retag med fokus p\u00e5 bes\u00f6ksn\u00e4ring att n\u00e5 ut till nya marknader f\u00f6r \u00f6kad tillv\u00e4xt och konkurrenskraft. Syftet \u00e4r att \u00f6ka antalet bes\u00f6kare p\u00e5 omr\u00e5det som omfattar f\u00f6ljande destinationsbolags verksamhetsomr\u00e5den; Visit Vasa, Visit Ume\u00e5, H\u00f6ga Kusten, Visit Sein\u00e4joki Region, Visit Kokkola, Visit Jakobstad region samt Visit Kristinestad.<br \/>\nGenom gemensamma och intensifierade insatser jobbar vi f\u00f6r att \u00f6ka antalet researrang\u00f6rer som tar med destinationen i sitt programutbud. Vi vill ocks\u00e5 v\u00e4cka det mediala intresset f\u00f6r st\u00f6rre synlighet f\u00f6r destinationen. Projektet har \u00e4ven starkt fokus p\u00e5 digitalisering, forskning och utveckling inom bes\u00f6ksn\u00e4ring i regionen.<br \/>\nL\u00e4s mer och bekanta dig med material som hittills tagits fram p\u00e5 kvarken.org och bekanta dig med den mot researrang\u00f6rer riktade hemsidan kvarkendestinations.com<br \/>\n<strong>Projektparter:<\/strong><br \/>\nKvarkenr\u00e5det (Lead Part) | Vasaregionens utveckling Ab VASEK | Hanken Svenska handelsh\u00f6gskolan | Ume\u00e5 kommun | Visit Ume\u00e5 AB | H\u00f6ga Kusten Destinationsutveckling AB<br \/>\n<strong>Huvudfinansi\u00e4r:<\/strong><br \/>\nInterreg Botnia-Atlantica<br \/>\n<strong>Medfinansi\u00e4rer:<\/strong><br \/>\nKvarkenr\u00e5det (FI) | Vasaregionens utveckling Ab VASEK (FI) | Hanken Svenska handelsh\u00f6gskolan (FI) | Ume\u00e5 kommun (SE) | H\u00f6ga Kusten Destinationsutveckling AB (SE) | \u00d6sterbottens f\u00f6rbund (FI) | Region V\u00e4sterbotten (SE) | Region V\u00e4sternorrland (SE) | L\u00e4nsstyrelsen V\u00e4sternorrland (SE) | Vasa stad\/Visit Vasa (FI) | Etel\u00e4-Pohjanmaan Matkailu Oy (FI) | Kokkolan Matkailu Oy (FI) | Ab Jakobstadsregionens utvecklingsbolag Concordia (FI) | Kristinestads n\u00e4ringslivscentral (FI) | NLC Ferry (FI)<\/em><\/p>\n","protected":false},"excerpt":{"rendered":"<p>Europeiska byr\u00e5er som inte har haft Norden som destination, vill nu ta med de nordiska l\u00e4nderna i sitt utbud.<\/p>\n","protected":false},"author":5,"featured_media":8650,"comment_status":"open","ping_status":"open","sticky":false,"template":"","format":"standard","meta":{"_acf_changed":false,"_et_pb_use_builder":"","_et_pb_old_content":"","_et_gb_content_width":"","footnotes":""},"categories":[12],"tags":[],"amnen":[],"class_list":["post-8637","post","type-post","status-publish","format-standard","has-post-thumbnail","hentry","category-uncategorized"],"acf":[],"yoast_head":"<!-- This site is optimized with the Yoast SEO plugin v27.4 - https:\/\/yoast.com\/product\/yoast-seo-wordpress\/ -->\n<title>Destination Kvarken \u2013 h\u00e4lsning fr\u00e5n senaste internationella workshop - Kvarkenr\u00e5det<\/title>\n<meta name=\"robots\" content=\"index, follow, max-snippet:-1, max-image-preview:large, max-video-preview:-1\" \/>\n<link rel=\"canonical\" href=\"https:\/\/www.kvarken.org\/en\/halsning-ws\/\" \/>\n<meta property=\"og:locale\" content=\"en_US\" \/>\n<meta property=\"og:type\" content=\"article\" \/>\n<meta property=\"og:title\" content=\"Destination Kvarken \u2013 h\u00e4lsning fr\u00e5n senaste internationella workshop - Kvarkenr\u00e5det\" \/>\n<meta property=\"og:description\" content=\"Europeiska byr\u00e5er som inte har haft Norden som destination, vill nu ta med de nordiska l\u00e4nderna i sitt utbud.\" \/>\n<meta property=\"og:url\" content=\"https:\/\/www.kvarken.org\/en\/halsning-ws\/\" \/>\n<meta property=\"og:site_name\" content=\"Kvarkenr\u00e5det\" \/>\n<meta property=\"article:published_time\" content=\"2021-03-02T07:23:51+00:00\" \/>\n<meta property=\"article:modified_time\" content=\"2021-03-02T07:41:51+00:00\" \/>\n<meta property=\"og:image\" content=\"https:\/\/www.kvarken.org\/wp-content\/uploads\/2021\/03\/Kvarken-Destinations-227.jpg\" \/>\n\t<meta property=\"og:image:width\" content=\"2000\" \/>\n\t<meta property=\"og:image:height\" content=\"1333\" \/>\n\t<meta property=\"og:image:type\" content=\"image\/jpeg\" \/>\n<meta name=\"author\" content=\"johanna_kvarken\" \/>\n<meta name=\"twitter:card\" content=\"summary_large_image\" \/>\n<meta name=\"twitter:label1\" content=\"Written by\" \/>\n\t<meta name=\"twitter:data1\" content=\"johanna_kvarken\" \/>\n\t<meta name=\"twitter:label2\" content=\"Est. reading time\" \/>\n\t<meta name=\"twitter:data2\" content=\"2 minutes\" \/>\n<script type=\"application\/ld+json\" class=\"yoast-schema-graph\">{\"@context\":\"https:\\\/\\\/schema.org\",\"@graph\":[{\"@type\":\"Article\",\"@id\":\"https:\\\/\\\/www.kvarken.org\\\/en\\\/halsning-ws\\\/#article\",\"isPartOf\":{\"@id\":\"https:\\\/\\\/www.kvarken.org\\\/en\\\/halsning-ws\\\/\"},\"author\":{\"name\":\"johanna_kvarken\",\"@id\":\"https:\\\/\\\/www.kvarken.org\\\/en\\\/#\\\/schema\\\/person\\\/a3c3f8bad7148ea67cff584ed1b3f1e2\"},\"headline\":\"Destination Kvarken \u2013 h\u00e4lsning fr\u00e5n senaste internationella workshop\",\"datePublished\":\"2021-03-02T07:23:51+00:00\",\"dateModified\":\"2021-03-02T07:41:51+00:00\",\"mainEntityOfPage\":{\"@id\":\"https:\\\/\\\/www.kvarken.org\\\/en\\\/halsning-ws\\\/\"},\"wordCount\":395,\"commentCount\":0,\"image\":{\"@id\":\"https:\\\/\\\/www.kvarken.org\\\/en\\\/halsning-ws\\\/#primaryimage\"},\"thumbnailUrl\":\"https:\\\/\\\/www.kvarken.org\\\/wp-content\\\/uploads\\\/2021\\\/03\\\/Kvarken-Destinations-227.jpg\",\"inLanguage\":\"en-US\",\"potentialAction\":[{\"@type\":\"CommentAction\",\"name\":\"Comment\",\"target\":[\"https:\\\/\\\/www.kvarken.org\\\/en\\\/halsning-ws\\\/#respond\"]}]},{\"@type\":\"WebPage\",\"@id\":\"https:\\\/\\\/www.kvarken.org\\\/en\\\/halsning-ws\\\/\",\"url\":\"https:\\\/\\\/www.kvarken.org\\\/en\\\/halsning-ws\\\/\",\"name\":\"Destination Kvarken \u2013 h\u00e4lsning fr\u00e5n senaste internationella workshop - Kvarkenr\u00e5det\",\"isPartOf\":{\"@id\":\"https:\\\/\\\/www.kvarken.org\\\/en\\\/#website\"},\"primaryImageOfPage\":{\"@id\":\"https:\\\/\\\/www.kvarken.org\\\/en\\\/halsning-ws\\\/#primaryimage\"},\"image\":{\"@id\":\"https:\\\/\\\/www.kvarken.org\\\/en\\\/halsning-ws\\\/#primaryimage\"},\"thumbnailUrl\":\"https:\\\/\\\/www.kvarken.org\\\/wp-content\\\/uploads\\\/2021\\\/03\\\/Kvarken-Destinations-227.jpg\",\"datePublished\":\"2021-03-02T07:23:51+00:00\",\"dateModified\":\"2021-03-02T07:41:51+00:00\",\"author\":{\"@id\":\"https:\\\/\\\/www.kvarken.org\\\/en\\\/#\\\/schema\\\/person\\\/a3c3f8bad7148ea67cff584ed1b3f1e2\"},\"breadcrumb\":{\"@id\":\"https:\\\/\\\/www.kvarken.org\\\/en\\\/halsning-ws\\\/#breadcrumb\"},\"inLanguage\":\"en-US\",\"potentialAction\":[{\"@type\":\"ReadAction\",\"target\":[\"https:\\\/\\\/www.kvarken.org\\\/en\\\/halsning-ws\\\/\"]}]},{\"@type\":\"ImageObject\",\"inLanguage\":\"en-US\",\"@id\":\"https:\\\/\\\/www.kvarken.org\\\/en\\\/halsning-ws\\\/#primaryimage\",\"url\":\"https:\\\/\\\/www.kvarken.org\\\/wp-content\\\/uploads\\\/2021\\\/03\\\/Kvarken-Destinations-227.jpg\",\"contentUrl\":\"https:\\\/\\\/www.kvarken.org\\\/wp-content\\\/uploads\\\/2021\\\/03\\\/Kvarken-Destinations-227.jpg\",\"width\":2000,\"height\":1333,\"caption\":\"Architecture around Ume\u00e5\"},{\"@type\":\"BreadcrumbList\",\"@id\":\"https:\\\/\\\/www.kvarken.org\\\/en\\\/halsning-ws\\\/#breadcrumb\",\"itemListElement\":[{\"@type\":\"ListItem\",\"position\":1,\"name\":\"Hem\",\"item\":\"https:\\\/\\\/www.kvarken.org\\\/en\\\/\"},{\"@type\":\"ListItem\",\"position\":2,\"name\":\"Destination Kvarken \u2013 h\u00e4lsning fr\u00e5n senaste internationella workshop\"}]},{\"@type\":\"WebSite\",\"@id\":\"https:\\\/\\\/www.kvarken.org\\\/en\\\/#website\",\"url\":\"https:\\\/\\\/www.kvarken.org\\\/en\\\/\",\"name\":\"Kvarkenr\u00e5det\",\"description\":\"\",\"potentialAction\":[{\"@type\":\"SearchAction\",\"target\":{\"@type\":\"EntryPoint\",\"urlTemplate\":\"https:\\\/\\\/www.kvarken.org\\\/en\\\/?s={search_term_string}\"},\"query-input\":{\"@type\":\"PropertyValueSpecification\",\"valueRequired\":true,\"valueName\":\"search_term_string\"}}],\"inLanguage\":\"en-US\"},{\"@type\":\"Person\",\"@id\":\"https:\\\/\\\/www.kvarken.org\\\/en\\\/#\\\/schema\\\/person\\\/a3c3f8bad7148ea67cff584ed1b3f1e2\",\"name\":\"johanna_kvarken\",\"image\":{\"@type\":\"ImageObject\",\"inLanguage\":\"en-US\",\"@id\":\"https:\\\/\\\/secure.gravatar.com\\\/avatar\\\/47c65fbd7d5d363246bda56ee5b114e75c2d4727b75bd28a94072a1fe8d5f102?s=96&d=mm&r=g\",\"url\":\"https:\\\/\\\/secure.gravatar.com\\\/avatar\\\/47c65fbd7d5d363246bda56ee5b114e75c2d4727b75bd28a94072a1fe8d5f102?s=96&d=mm&r=g\",\"contentUrl\":\"https:\\\/\\\/secure.gravatar.com\\\/avatar\\\/47c65fbd7d5d363246bda56ee5b114e75c2d4727b75bd28a94072a1fe8d5f102?s=96&d=mm&r=g\",\"caption\":\"johanna_kvarken\"}}]}<\/script>\n<!-- \/ Yoast SEO plugin. -->","yoast_head_json":{"title":"Destination Kvarken \u2013 h\u00e4lsning fr\u00e5n senaste internationella workshop - Kvarkenr\u00e5det","robots":{"index":"index","follow":"follow","max-snippet":"max-snippet:-1","max-image-preview":"max-image-preview:large","max-video-preview":"max-video-preview:-1"},"canonical":"https:\/\/www.kvarken.org\/en\/halsning-ws\/","og_locale":"en_US","og_type":"article","og_title":"Destination Kvarken \u2013 h\u00e4lsning fr\u00e5n senaste internationella workshop - Kvarkenr\u00e5det","og_description":"Europeiska byr\u00e5er som inte har haft Norden som destination, vill nu ta med de nordiska l\u00e4nderna i sitt utbud.","og_url":"https:\/\/www.kvarken.org\/en\/halsning-ws\/","og_site_name":"Kvarkenr\u00e5det","article_published_time":"2021-03-02T07:23:51+00:00","article_modified_time":"2021-03-02T07:41:51+00:00","og_image":[{"width":2000,"height":1333,"url":"https:\/\/www.kvarken.org\/wp-content\/uploads\/2021\/03\/Kvarken-Destinations-227.jpg","type":"image\/jpeg"}],"author":"johanna_kvarken","twitter_card":"summary_large_image","twitter_misc":{"Written by":"johanna_kvarken","Est. reading time":"2 minutes"},"schema":{"@context":"https:\/\/schema.org","@graph":[{"@type":"Article","@id":"https:\/\/www.kvarken.org\/en\/halsning-ws\/#article","isPartOf":{"@id":"https:\/\/www.kvarken.org\/en\/halsning-ws\/"},"author":{"name":"johanna_kvarken","@id":"https:\/\/www.kvarken.org\/en\/#\/schema\/person\/a3c3f8bad7148ea67cff584ed1b3f1e2"},"headline":"Destination Kvarken \u2013 h\u00e4lsning fr\u00e5n senaste internationella workshop","datePublished":"2021-03-02T07:23:51+00:00","dateModified":"2021-03-02T07:41:51+00:00","mainEntityOfPage":{"@id":"https:\/\/www.kvarken.org\/en\/halsning-ws\/"},"wordCount":395,"commentCount":0,"image":{"@id":"https:\/\/www.kvarken.org\/en\/halsning-ws\/#primaryimage"},"thumbnailUrl":"https:\/\/www.kvarken.org\/wp-content\/uploads\/2021\/03\/Kvarken-Destinations-227.jpg","inLanguage":"en-US","potentialAction":[{"@type":"CommentAction","name":"Comment","target":["https:\/\/www.kvarken.org\/en\/halsning-ws\/#respond"]}]},{"@type":"WebPage","@id":"https:\/\/www.kvarken.org\/en\/halsning-ws\/","url":"https:\/\/www.kvarken.org\/en\/halsning-ws\/","name":"Destination Kvarken \u2013 h\u00e4lsning fr\u00e5n senaste internationella workshop - Kvarkenr\u00e5det","isPartOf":{"@id":"https:\/\/www.kvarken.org\/en\/#website"},"primaryImageOfPage":{"@id":"https:\/\/www.kvarken.org\/en\/halsning-ws\/#primaryimage"},"image":{"@id":"https:\/\/www.kvarken.org\/en\/halsning-ws\/#primaryimage"},"thumbnailUrl":"https:\/\/www.kvarken.org\/wp-content\/uploads\/2021\/03\/Kvarken-Destinations-227.jpg","datePublished":"2021-03-02T07:23:51+00:00","dateModified":"2021-03-02T07:41:51+00:00","author":{"@id":"https:\/\/www.kvarken.org\/en\/#\/schema\/person\/a3c3f8bad7148ea67cff584ed1b3f1e2"},"breadcrumb":{"@id":"https:\/\/www.kvarken.org\/en\/halsning-ws\/#breadcrumb"},"inLanguage":"en-US","potentialAction":[{"@type":"ReadAction","target":["https:\/\/www.kvarken.org\/en\/halsning-ws\/"]}]},{"@type":"ImageObject","inLanguage":"en-US","@id":"https:\/\/www.kvarken.org\/en\/halsning-ws\/#primaryimage","url":"https:\/\/www.kvarken.org\/wp-content\/uploads\/2021\/03\/Kvarken-Destinations-227.jpg","contentUrl":"https:\/\/www.kvarken.org\/wp-content\/uploads\/2021\/03\/Kvarken-Destinations-227.jpg","width":2000,"height":1333,"caption":"Architecture around Ume\u00e5"},{"@type":"BreadcrumbList","@id":"https:\/\/www.kvarken.org\/en\/halsning-ws\/#breadcrumb","itemListElement":[{"@type":"ListItem","position":1,"name":"Hem","item":"https:\/\/www.kvarken.org\/en\/"},{"@type":"ListItem","position":2,"name":"Destination Kvarken \u2013 h\u00e4lsning fr\u00e5n senaste internationella workshop"}]},{"@type":"WebSite","@id":"https:\/\/www.kvarken.org\/en\/#website","url":"https:\/\/www.kvarken.org\/en\/","name":"Kvarkenr\u00e5det","description":"","potentialAction":[{"@type":"SearchAction","target":{"@type":"EntryPoint","urlTemplate":"https:\/\/www.kvarken.org\/en\/?s={search_term_string}"},"query-input":{"@type":"PropertyValueSpecification","valueRequired":true,"valueName":"search_term_string"}}],"inLanguage":"en-US"},{"@type":"Person","@id":"https:\/\/www.kvarken.org\/en\/#\/schema\/person\/a3c3f8bad7148ea67cff584ed1b3f1e2","name":"johanna_kvarken","image":{"@type":"ImageObject","inLanguage":"en-US","@id":"https:\/\/secure.gravatar.com\/avatar\/47c65fbd7d5d363246bda56ee5b114e75c2d4727b75bd28a94072a1fe8d5f102?s=96&d=mm&r=g","url":"https:\/\/secure.gravatar.com\/avatar\/47c65fbd7d5d363246bda56ee5b114e75c2d4727b75bd28a94072a1fe8d5f102?s=96&d=mm&r=g","contentUrl":"https:\/\/secure.gravatar.com\/avatar\/47c65fbd7d5d363246bda56ee5b114e75c2d4727b75bd28a94072a1fe8d5f102?s=96&d=mm&r=g","caption":"johanna_kvarken"}}]}},"_links":{"self":[{"href":"https:\/\/www.kvarken.org\/en\/wp-json\/wp\/v2\/posts\/8637","targetHints":{"allow":["GET"]}}],"collection":[{"href":"https:\/\/www.kvarken.org\/en\/wp-json\/wp\/v2\/posts"}],"about":[{"href":"https:\/\/www.kvarken.org\/en\/wp-json\/wp\/v2\/types\/post"}],"author":[{"embeddable":true,"href":"https:\/\/www.kvarken.org\/en\/wp-json\/wp\/v2\/users\/5"}],"replies":[{"embeddable":true,"href":"https:\/\/www.kvarken.org\/en\/wp-json\/wp\/v2\/comments?post=8637"}],"version-history":[{"count":0,"href":"https:\/\/www.kvarken.org\/en\/wp-json\/wp\/v2\/posts\/8637\/revisions"}],"wp:featuredmedia":[{"embeddable":true,"href":"https:\/\/www.kvarken.org\/en\/wp-json\/wp\/v2\/media\/8650"}],"wp:attachment":[{"href":"https:\/\/www.kvarken.org\/en\/wp-json\/wp\/v2\/media?parent=8637"}],"wp:term":[{"taxonomy":"category","embeddable":true,"href":"https:\/\/www.kvarken.org\/en\/wp-json\/wp\/v2\/categories?post=8637"},{"taxonomy":"post_tag","embeddable":true,"href":"https:\/\/www.kvarken.org\/en\/wp-json\/wp\/v2\/tags?post=8637"},{"taxonomy":"amnen","embeddable":true,"href":"https:\/\/www.kvarken.org\/en\/wp-json\/wp\/v2\/amnen?post=8637"}],"curies":[{"name":"wp","href":"https:\/\/api.w.org\/{rel}","templated":true}]}}