{"id":8657,"date":"2012-11-02T12:08:53","date_gmt":"2012-11-02T12:08:53","guid":{"rendered":"https:\/\/kvarken.org\/nyhetsbrev-1-2-november-2012\/"},"modified":"2012-11-02T12:08:53","modified_gmt":"2012-11-02T12:08:53","slug":"nyhetsbrev-1-2-november-2012","status":"publish","type":"post","link":"https:\/\/www.kvarken.org\/en\/nyhetsbrev-1-2-november-2012\/","title":{"rendered":"Nyhetsbrev 1 &#8211; 2 november 2012"},"content":{"rendered":"<p>VIS-VAA<\/p>\n<p><em>Det h\u00e4r \u00e4r projektets f\u00f6rsta nyhetsbrev och det ger ett axplock p\u00e5 aktiviteter i projektet till och med oktober 2012.<\/em><\/p>\n<p><strong>V\u00e4rldsarvet i samh\u00e4llet<\/strong><\/p>\n<p>* Thomas Birk\u00f6 har h\u00e5llit tv\u00e5 utbildningar p\u00e5 temat v\u00e4rldsarvet H\u00f6ga Kusten\/Kvarkens sk\u00e4rg\u00e5rd en f\u00f6r personalkontoret i \u00d6rnsk\u00f6ldsviks kommun samt en utbildning f\u00f6r studenter som utbildar sig till naturguider p\u00e5 Ume\u00e5 universitet. Utbildningarna skedde i v\u00e4rldsarvskommunen \u00d6rnsk\u00f6ldsvik.<\/p>\n<p>* VIS-VAA deltog i Pohjola-Nordens \u201dNordivalen\u201d, en seminariehelg f\u00f6r ungdomar och vuxna i m\u00e5ngkulturell nordisk anda. Tuija War\u00e9n guidade en grupp ute i Svedjehamn och ber\u00e4ttade om v\u00e4rldsarvet H\u00f6ga Kusten\/Kvarkens sk\u00e4rg\u00e5rd. * Evenemang och aktiviteter f\u00f6r allm\u00e4nheten: Under sommaren deltog VIS-VAA i Forststyrelsens v\u00e4rldsarvst\u00e4lt, som bes\u00f6kte evenemang i alla v\u00e4rldsarvskommuner i Finland. P\u00e5 Naturum H\u00f6ga Kusten i Sverige ordnades en utst\u00e4llning med anledning av v\u00e4rldsarvskonventionens 40-\u00e5rsjubileum. Under \u201dDet Europeiska Samarbetets Dag\u201d ordnades tillst\u00e4llningar p\u00e5 Naturum H\u00f6ga Kusten och Terranova i Vasa. I dessa evenemang har sammanlagt ca 5000 m\u00e4nniskor haft m\u00f6jlighet att ta del av information om v\u00e4rldsarvet H\u00f6ga Kusten\/Kvarkens sk\u00e4rg\u00e5rd.<\/p>\n<p>* Projektet har utvecklat en v\u00e4rldsarvsdryck tillsammans med dryckesexperten Andreas Sand\u00e9n\/Avinea. Drycken, som fick namnet \u201dH\u00f6gt m\u00f6ter l\u00e5gt\u201d, best\u00e5r av b\u00e4r som v\u00e4xer i v\u00e4rldsarvet H\u00f6ga Kusten\/Kvarkens sk\u00e4rg\u00e5rd. \u201dH\u00f6gt m\u00f6ter l\u00e5gt\u201d har serverats p\u00e5 evenemang d\u00e4r VIS-VAA deltagit. M\u00e5let \u00e4r att drycken ocks\u00e5 blir en v\u00e4rldsarvsprodukt fram\u00f6ver, utveckling f\u00f6r buteljering etc. p\u00e5g\u00e5r hos Avinea.<\/p>\n<p>* Den f\u00f6rsta tematimmen f\u00f6r allm\u00e4nheten har h\u00e5llits i H\u00f6ga Kusten i samarbete med Naturum. G\u00f6rel Turdin, f.d. ordf\u00f6rande f\u00f6r Svenska Unescor\u00e5det talade om v\u00e4rldarvskonventionen, hur den kom till, vilket ansvar den medf\u00f6r och hur arbetet bedrivs idag. Forskaren Kristina Svels, \u00c5bo Akademi f\u00f6rl\u00e4ste om sin forskning ang\u00e5ende \u201dV\u00e4rldsarvet i samh\u00e4llet\u201d. Projektledaren inledde kv\u00e4llen med en genomg\u00e5ng av VIS-VAA syfte och m\u00e5l samt en genomg\u00e5ng av projektet verksamhetsplan.<\/p>\n<p>* Filmen \u201dH\u00f6gt m\u00f6ter l\u00e5gt\u201d som producerades i Kvarkenr\u00e5dets f\u00f6rra VIS-projekt har lagts ut p\u00e5 n\u00e4tet och erbjudits till olika intressenter kring v\u00e4rldsarvet s\u00e5som www.kvarken.fi och H\u00f6ga Kusten Turism. I dagsl\u00e4get har alla tre spr\u00e5kversioner, finska, svenska och engelska, cirka 500 visningar vardera p\u00e5 youtube.com Filmen finns i b\u00e5de l\u00e4ngre och kortare format (11 respektive 2 minuter).<\/p>\n<p>Svenska:<\/p>\n<p><iframe title=\"V\u00e4rldsarvet H\u00f6ga Kusten\/Kvarkens sk\u00e4rg\u00e5rd\" width=\"1080\" height=\"608\" src=\"https:\/\/www.youtube.com\/embed\/w6tRLxGvp4g?feature=oembed&#038;enablejsapi=1&#038;origin=https:\/\/www.kvarken.org\"  allow=\"accelerometer; autoplay; clipboard-write; encrypted-media; gyroscope; picture-in-picture\" allowfullscreen><\/iframe><\/p>\n<p><iframe title=\"V\u00e4rldsarvet H\u00f6ga Kusten\/Kvarkens sk\u00e4rg\u00e5rd (kort version)\" width=\"1080\" height=\"608\" src=\"https:\/\/www.youtube.com\/embed\/5lFncRMF3Ko?feature=oembed&#038;enablejsapi=1&#038;origin=https:\/\/www.kvarken.org\"  allow=\"accelerometer; autoplay; clipboard-write; encrypted-media; gyroscope; picture-in-picture\" allowfullscreen><\/iframe><\/p>\n<p>Finska:<\/p>\n<p><iframe title=\"Maailmanperint\u00f6kohde Korkea Rannikko\/ Merenkurkun saaristo\" width=\"1080\" height=\"608\" src=\"https:\/\/www.youtube.com\/embed\/MnHE3RrcWkA?feature=oembed&#038;enablejsapi=1&#038;origin=https:\/\/www.kvarken.org\"  allow=\"accelerometer; autoplay; clipboard-write; encrypted-media; gyroscope; picture-in-picture\" allowfullscreen><\/iframe><\/p>\n<p><iframe title=\"Maailmanperint\u00f6kohde Korkea Rannikko\/ Merenkurkun saaristo  (lyhyt versio)\" width=\"1080\" height=\"608\" src=\"https:\/\/www.youtube.com\/embed\/GO60W5MGXBk?feature=oembed&#038;enablejsapi=1&#038;origin=https:\/\/www.kvarken.org\"  allow=\"accelerometer; autoplay; clipboard-write; encrypted-media; gyroscope; picture-in-picture\" allowfullscreen><\/iframe><\/p>\n<p>Engelska:<\/p>\n<p><iframe title=\"World Heritage Site High Coast\/Kvarken Archipelago\" width=\"1080\" height=\"608\" src=\"https:\/\/www.youtube.com\/embed\/Hf-wIulmYKQ?feature=oembed&#038;enablejsapi=1&#038;origin=https:\/\/www.kvarken.org\"  allow=\"accelerometer; autoplay; clipboard-write; encrypted-media; gyroscope; picture-in-picture\" allowfullscreen><\/iframe><\/p>\n<p><iframe title=\"World Heritage Site High Coast\/Kvarken Archipelago (short version)\" width=\"1080\" height=\"608\" src=\"https:\/\/www.youtube.com\/embed\/pnf03kC9f-U?feature=oembed&#038;enablejsapi=1&#038;origin=https:\/\/www.kvarken.org\"  allow=\"accelerometer; autoplay; clipboard-write; encrypted-media; gyroscope; picture-in-picture\" allowfullscreen><\/iframe><\/p>\n<p>* Nya roll-ups p\u00e5 temat \u201dV\u00e4rldarvskonventionen 40 \u00e5r\u201d har producerats och kommer att st\u00e4llas ut i v\u00e4rldsarvskommunerna under november och december.<\/p>\n<p>V\u00e4rldsarvet i skolan<\/p>\n<p>* I september ordnades en reflektionstr\u00e4ff f\u00f6r l\u00e4rare som deltog utbildningarna i Kvarkenr\u00e5dets f\u00f6rra VIS-projekt. Under tr\u00e4ffen diskuterades vad l\u00e4rarna f\u00e5tt ut av kurserna, som behandlade utepedagogik kopplat till v\u00e4rldsarvet H\u00f6ga Kusten\/Kvarkens sk\u00e4rg\u00e5rd enligt en s.k. Birk\u00f6-modellen. Samtliga l\u00e4rare var positiva och har i sin egen undervisning anv\u00e4nt sig av den kunskap de anammade p\u00e5 utbildningarna. Under tr\u00e4ffen diskuterades hur man kan sprida Birk\u00f6-modellen till flera l\u00e4rare i v\u00e4rldsarvskommunerna, n\u00e5got som VIS-VAA har i sin verksamhetsplan och kommer att f\u00f6rverkliga tillsammans med de l\u00e4rare som redan g\u00e5tt kurserna.<\/p>\n<p>* Thomas Birk\u00f6 har f\u00f6rel\u00e4st om utepedagogiken\/Birk\u00f6-modellen f\u00f6r biologi- och geografil\u00e4rare p\u00e5 Den nationella geologidagen i Vasa den 15 september. Han har \u00e4ven f\u00f6rel\u00e4st p\u00e5 \u201dGeoArena \u2013 M\u00f6tesplats geologi\u201d i Uppsala i oktober. \u00d6vrigt<\/p>\n<p>* Projektledarna samt Naturum H\u00f6ga Kustens Anna Carlemalm har deltagit i det jubileumsseminariet \u201dV\u00e4rldsarvet \u2013 v\u00e5r gemensamma skatt, v\u00e4rldsarvskonventionen 40 \u00e5r, 1972-2012\u201d p\u00e5 Finlands Nationalmuseum samt i den nordiska v\u00e4rldsarvskonferensen p\u00e5 Sveaborg. Under evenemangen utbyttes erfarenheter med personer fr\u00e5n andra v\u00e4rldsarv om hur man jobbar f\u00f6r att sprida v\u00e4rldsarvstanken. * Projektet genomf\u00f6rde sitt f\u00f6rsta styrgruppsm\u00f6te den 19 juni 2012. M\u00f6tet h\u00f6lls i \u00d6rnsk\u00f6ldsvik och samtliga parter var representerade.<\/p>\n<p>* Under uppstarten av projektet har det framkommit att 2013 blir det mest aktiva \u00e5ret. S\u00e5ledes har en \u00e4ndringsans\u00f6kan om f\u00f6rflyttning av budgetmedel fr\u00e5n 2012-2013 gjorts till Botnia-Atlantica. Ans\u00f6kan godk\u00e4ndes.<\/p>\n<p>* Projektledarna har m\u00f6tt samtliga finansi\u00e4rer och hittills k\u00e4nda samarbetspartners i projektet och \u00e4r ivrigt ig\u00e5ng med aktivitetsplanering inf\u00f6r 2013.<\/p>\n<p>F\u00f6lj g\u00e4rna vad som h\u00e4nder i v\u00e5rt gemensamma v\u00e4rldsarv h\u00e4r:<\/p>\n<p><a href=\"https:\/\/www.vaasa.fi\/sv\/se-och-upplev\/kvarkens-skargard\/\">http:\/\/kvarken.fi\/<\/a><\/p>\n","protected":false},"excerpt":{"rendered":"<p>Det h\u00e4r \u00e4r projektets f\u00f6rsta nyhetsbrev och det ger ett axplock p\u00e5 aktiviteter i projektet till och med oktober 2012.<\/p>\n","protected":false},"author":2,"featured_media":3935,"comment_status":"open","ping_status":"open","sticky":false,"template":"","format":"standard","meta":{"_acf_changed":false,"_et_pb_use_builder":"","_et_pb_old_content":"","_et_gb_content_width":"","footnotes":""},"categories":[12],"tags":[],"amnen":[96,97],"class_list":["post-8657","post","type-post","status-publish","format-standard","has-post-thumbnail","hentry","category-uncategorized","amnen-tourism","amnen-worldheritage"],"acf":[],"yoast_head":"<!-- This site is optimized with the Yoast SEO plugin v27.4 - https:\/\/yoast.com\/product\/yoast-seo-wordpress\/ -->\n<title>Nyhetsbrev 1 - 2 november 2012 - Kvarkenr\u00e5det<\/title>\n<meta name=\"robots\" content=\"index, follow, max-snippet:-1, max-image-preview:large, max-video-preview:-1\" \/>\n<link rel=\"canonical\" href=\"https:\/\/www.kvarken.org\/en\/nyhetsbrev-1-2-november-2012\/\" \/>\n<meta property=\"og:locale\" content=\"en_US\" \/>\n<meta property=\"og:type\" content=\"article\" \/>\n<meta property=\"og:title\" content=\"Nyhetsbrev 1 - 2 november 2012 - Kvarkenr\u00e5det\" \/>\n<meta property=\"og:description\" content=\"Det h\u00e4r \u00e4r projektets f\u00f6rsta nyhetsbrev och det ger ett axplock p\u00e5 aktiviteter i projektet till och med oktober 2012.\" \/>\n<meta property=\"og:url\" content=\"https:\/\/www.kvarken.org\/en\/nyhetsbrev-1-2-november-2012\/\" \/>\n<meta property=\"og:site_name\" content=\"Kvarkenr\u00e5det\" \/>\n<meta property=\"article:published_time\" content=\"2012-11-02T12:08:53+00:00\" \/>\n<meta property=\"og:image\" content=\"https:\/\/www.kvarken.org\/wp-content\/uploads\/2020\/12\/EdelPhoto-8-scaled.jpg\" \/>\n\t<meta property=\"og:image:width\" content=\"2560\" \/>\n\t<meta property=\"og:image:height\" content=\"1919\" \/>\n\t<meta property=\"og:image:type\" content=\"image\/jpeg\" \/>\n<meta name=\"author\" content=\"jokommunikation_agency\" \/>\n<meta name=\"twitter:card\" content=\"summary_large_image\" \/>\n<meta name=\"twitter:label1\" content=\"Written by\" \/>\n\t<meta name=\"twitter:data1\" content=\"jokommunikation_agency\" \/>\n\t<meta name=\"twitter:label2\" content=\"Est. reading time\" \/>\n\t<meta name=\"twitter:data2\" content=\"4 minutes\" \/>\n<script type=\"application\/ld+json\" class=\"yoast-schema-graph\">{\"@context\":\"https:\\\/\\\/schema.org\",\"@graph\":[{\"@type\":\"Article\",\"@id\":\"https:\\\/\\\/www.kvarken.org\\\/en\\\/nyhetsbrev-1-2-november-2012\\\/#article\",\"isPartOf\":{\"@id\":\"https:\\\/\\\/www.kvarken.org\\\/en\\\/nyhetsbrev-1-2-november-2012\\\/\"},\"author\":{\"name\":\"jokommunikation_agency\",\"@id\":\"https:\\\/\\\/www.kvarken.org\\\/en\\\/#\\\/schema\\\/person\\\/c0191caa861afff47bc50292a6905da2\"},\"headline\":\"Nyhetsbrev 1 &#8211; 2 november 2012\",\"datePublished\":\"2012-11-02T12:08:53+00:00\",\"mainEntityOfPage\":{\"@id\":\"https:\\\/\\\/www.kvarken.org\\\/en\\\/nyhetsbrev-1-2-november-2012\\\/\"},\"wordCount\":823,\"commentCount\":0,\"image\":{\"@id\":\"https:\\\/\\\/www.kvarken.org\\\/en\\\/nyhetsbrev-1-2-november-2012\\\/#primaryimage\"},\"thumbnailUrl\":\"https:\\\/\\\/www.kvarken.org\\\/wp-content\\\/uploads\\\/2020\\\/12\\\/EdelPhoto-8-scaled.jpg\",\"inLanguage\":\"en-US\",\"potentialAction\":[{\"@type\":\"CommentAction\",\"name\":\"Comment\",\"target\":[\"https:\\\/\\\/www.kvarken.org\\\/en\\\/nyhetsbrev-1-2-november-2012\\\/#respond\"]}]},{\"@type\":\"WebPage\",\"@id\":\"https:\\\/\\\/www.kvarken.org\\\/en\\\/nyhetsbrev-1-2-november-2012\\\/\",\"url\":\"https:\\\/\\\/www.kvarken.org\\\/en\\\/nyhetsbrev-1-2-november-2012\\\/\",\"name\":\"Nyhetsbrev 1 - 2 november 2012 - Kvarkenr\u00e5det\",\"isPartOf\":{\"@id\":\"https:\\\/\\\/www.kvarken.org\\\/en\\\/#website\"},\"primaryImageOfPage\":{\"@id\":\"https:\\\/\\\/www.kvarken.org\\\/en\\\/nyhetsbrev-1-2-november-2012\\\/#primaryimage\"},\"image\":{\"@id\":\"https:\\\/\\\/www.kvarken.org\\\/en\\\/nyhetsbrev-1-2-november-2012\\\/#primaryimage\"},\"thumbnailUrl\":\"https:\\\/\\\/www.kvarken.org\\\/wp-content\\\/uploads\\\/2020\\\/12\\\/EdelPhoto-8-scaled.jpg\",\"datePublished\":\"2012-11-02T12:08:53+00:00\",\"author\":{\"@id\":\"https:\\\/\\\/www.kvarken.org\\\/en\\\/#\\\/schema\\\/person\\\/c0191caa861afff47bc50292a6905da2\"},\"breadcrumb\":{\"@id\":\"https:\\\/\\\/www.kvarken.org\\\/en\\\/nyhetsbrev-1-2-november-2012\\\/#breadcrumb\"},\"inLanguage\":\"en-US\",\"potentialAction\":[{\"@type\":\"ReadAction\",\"target\":[\"https:\\\/\\\/www.kvarken.org\\\/en\\\/nyhetsbrev-1-2-november-2012\\\/\"]}]},{\"@type\":\"ImageObject\",\"inLanguage\":\"en-US\",\"@id\":\"https:\\\/\\\/www.kvarken.org\\\/en\\\/nyhetsbrev-1-2-november-2012\\\/#primaryimage\",\"url\":\"https:\\\/\\\/www.kvarken.org\\\/wp-content\\\/uploads\\\/2020\\\/12\\\/EdelPhoto-8-scaled.jpg\",\"contentUrl\":\"https:\\\/\\\/www.kvarken.org\\\/wp-content\\\/uploads\\\/2020\\\/12\\\/EdelPhoto-8-scaled.jpg\",\"width\":2560,\"height\":1919,\"caption\":\"Drone image of forest and sea\"},{\"@type\":\"BreadcrumbList\",\"@id\":\"https:\\\/\\\/www.kvarken.org\\\/en\\\/nyhetsbrev-1-2-november-2012\\\/#breadcrumb\",\"itemListElement\":[{\"@type\":\"ListItem\",\"position\":1,\"name\":\"Hem\",\"item\":\"https:\\\/\\\/www.kvarken.org\\\/en\\\/\"},{\"@type\":\"ListItem\",\"position\":2,\"name\":\"Nyhetsbrev 1 &#8211; 2 november 2012\"}]},{\"@type\":\"WebSite\",\"@id\":\"https:\\\/\\\/www.kvarken.org\\\/en\\\/#website\",\"url\":\"https:\\\/\\\/www.kvarken.org\\\/en\\\/\",\"name\":\"Kvarkenr\u00e5det\",\"description\":\"\",\"potentialAction\":[{\"@type\":\"SearchAction\",\"target\":{\"@type\":\"EntryPoint\",\"urlTemplate\":\"https:\\\/\\\/www.kvarken.org\\\/en\\\/?s={search_term_string}\"},\"query-input\":{\"@type\":\"PropertyValueSpecification\",\"valueRequired\":true,\"valueName\":\"search_term_string\"}}],\"inLanguage\":\"en-US\"},{\"@type\":\"Person\",\"@id\":\"https:\\\/\\\/www.kvarken.org\\\/en\\\/#\\\/schema\\\/person\\\/c0191caa861afff47bc50292a6905da2\",\"name\":\"jokommunikation_agency\",\"image\":{\"@type\":\"ImageObject\",\"inLanguage\":\"en-US\",\"@id\":\"https:\\\/\\\/secure.gravatar.com\\\/avatar\\\/747179557db7fa831269f4829d55b0109a7684b8dd784a3f8f606bce8610f828?s=96&d=mm&r=g\",\"url\":\"https:\\\/\\\/secure.gravatar.com\\\/avatar\\\/747179557db7fa831269f4829d55b0109a7684b8dd784a3f8f606bce8610f828?s=96&d=mm&r=g\",\"contentUrl\":\"https:\\\/\\\/secure.gravatar.com\\\/avatar\\\/747179557db7fa831269f4829d55b0109a7684b8dd784a3f8f606bce8610f828?s=96&d=mm&r=g\",\"caption\":\"jokommunikation_agency\"}}]}<\/script>\n<!-- \/ Yoast SEO plugin. -->","yoast_head_json":{"title":"Nyhetsbrev 1 - 2 november 2012 - Kvarkenr\u00e5det","robots":{"index":"index","follow":"follow","max-snippet":"max-snippet:-1","max-image-preview":"max-image-preview:large","max-video-preview":"max-video-preview:-1"},"canonical":"https:\/\/www.kvarken.org\/en\/nyhetsbrev-1-2-november-2012\/","og_locale":"en_US","og_type":"article","og_title":"Nyhetsbrev 1 - 2 november 2012 - Kvarkenr\u00e5det","og_description":"Det h\u00e4r \u00e4r projektets f\u00f6rsta nyhetsbrev och det ger ett axplock p\u00e5 aktiviteter i projektet till och med oktober 2012.","og_url":"https:\/\/www.kvarken.org\/en\/nyhetsbrev-1-2-november-2012\/","og_site_name":"Kvarkenr\u00e5det","article_published_time":"2012-11-02T12:08:53+00:00","og_image":[{"width":2560,"height":1919,"url":"https:\/\/www.kvarken.org\/wp-content\/uploads\/2020\/12\/EdelPhoto-8-scaled.jpg","type":"image\/jpeg"}],"author":"jokommunikation_agency","twitter_card":"summary_large_image","twitter_misc":{"Written by":"jokommunikation_agency","Est. reading time":"4 minutes"},"schema":{"@context":"https:\/\/schema.org","@graph":[{"@type":"Article","@id":"https:\/\/www.kvarken.org\/en\/nyhetsbrev-1-2-november-2012\/#article","isPartOf":{"@id":"https:\/\/www.kvarken.org\/en\/nyhetsbrev-1-2-november-2012\/"},"author":{"name":"jokommunikation_agency","@id":"https:\/\/www.kvarken.org\/en\/#\/schema\/person\/c0191caa861afff47bc50292a6905da2"},"headline":"Nyhetsbrev 1 &#8211; 2 november 2012","datePublished":"2012-11-02T12:08:53+00:00","mainEntityOfPage":{"@id":"https:\/\/www.kvarken.org\/en\/nyhetsbrev-1-2-november-2012\/"},"wordCount":823,"commentCount":0,"image":{"@id":"https:\/\/www.kvarken.org\/en\/nyhetsbrev-1-2-november-2012\/#primaryimage"},"thumbnailUrl":"https:\/\/www.kvarken.org\/wp-content\/uploads\/2020\/12\/EdelPhoto-8-scaled.jpg","inLanguage":"en-US","potentialAction":[{"@type":"CommentAction","name":"Comment","target":["https:\/\/www.kvarken.org\/en\/nyhetsbrev-1-2-november-2012\/#respond"]}]},{"@type":"WebPage","@id":"https:\/\/www.kvarken.org\/en\/nyhetsbrev-1-2-november-2012\/","url":"https:\/\/www.kvarken.org\/en\/nyhetsbrev-1-2-november-2012\/","name":"Nyhetsbrev 1 - 2 november 2012 - Kvarkenr\u00e5det","isPartOf":{"@id":"https:\/\/www.kvarken.org\/en\/#website"},"primaryImageOfPage":{"@id":"https:\/\/www.kvarken.org\/en\/nyhetsbrev-1-2-november-2012\/#primaryimage"},"image":{"@id":"https:\/\/www.kvarken.org\/en\/nyhetsbrev-1-2-november-2012\/#primaryimage"},"thumbnailUrl":"https:\/\/www.kvarken.org\/wp-content\/uploads\/2020\/12\/EdelPhoto-8-scaled.jpg","datePublished":"2012-11-02T12:08:53+00:00","author":{"@id":"https:\/\/www.kvarken.org\/en\/#\/schema\/person\/c0191caa861afff47bc50292a6905da2"},"breadcrumb":{"@id":"https:\/\/www.kvarken.org\/en\/nyhetsbrev-1-2-november-2012\/#breadcrumb"},"inLanguage":"en-US","potentialAction":[{"@type":"ReadAction","target":["https:\/\/www.kvarken.org\/en\/nyhetsbrev-1-2-november-2012\/"]}]},{"@type":"ImageObject","inLanguage":"en-US","@id":"https:\/\/www.kvarken.org\/en\/nyhetsbrev-1-2-november-2012\/#primaryimage","url":"https:\/\/www.kvarken.org\/wp-content\/uploads\/2020\/12\/EdelPhoto-8-scaled.jpg","contentUrl":"https:\/\/www.kvarken.org\/wp-content\/uploads\/2020\/12\/EdelPhoto-8-scaled.jpg","width":2560,"height":1919,"caption":"Drone image of forest and sea"},{"@type":"BreadcrumbList","@id":"https:\/\/www.kvarken.org\/en\/nyhetsbrev-1-2-november-2012\/#breadcrumb","itemListElement":[{"@type":"ListItem","position":1,"name":"Hem","item":"https:\/\/www.kvarken.org\/en\/"},{"@type":"ListItem","position":2,"name":"Nyhetsbrev 1 &#8211; 2 november 2012"}]},{"@type":"WebSite","@id":"https:\/\/www.kvarken.org\/en\/#website","url":"https:\/\/www.kvarken.org\/en\/","name":"Kvarkenr\u00e5det","description":"","potentialAction":[{"@type":"SearchAction","target":{"@type":"EntryPoint","urlTemplate":"https:\/\/www.kvarken.org\/en\/?s={search_term_string}"},"query-input":{"@type":"PropertyValueSpecification","valueRequired":true,"valueName":"search_term_string"}}],"inLanguage":"en-US"},{"@type":"Person","@id":"https:\/\/www.kvarken.org\/en\/#\/schema\/person\/c0191caa861afff47bc50292a6905da2","name":"jokommunikation_agency","image":{"@type":"ImageObject","inLanguage":"en-US","@id":"https:\/\/secure.gravatar.com\/avatar\/747179557db7fa831269f4829d55b0109a7684b8dd784a3f8f606bce8610f828?s=96&d=mm&r=g","url":"https:\/\/secure.gravatar.com\/avatar\/747179557db7fa831269f4829d55b0109a7684b8dd784a3f8f606bce8610f828?s=96&d=mm&r=g","contentUrl":"https:\/\/secure.gravatar.com\/avatar\/747179557db7fa831269f4829d55b0109a7684b8dd784a3f8f606bce8610f828?s=96&d=mm&r=g","caption":"jokommunikation_agency"}}]}},"_links":{"self":[{"href":"https:\/\/www.kvarken.org\/en\/wp-json\/wp\/v2\/posts\/8657","targetHints":{"allow":["GET"]}}],"collection":[{"href":"https:\/\/www.kvarken.org\/en\/wp-json\/wp\/v2\/posts"}],"about":[{"href":"https:\/\/www.kvarken.org\/en\/wp-json\/wp\/v2\/types\/post"}],"author":[{"embeddable":true,"href":"https:\/\/www.kvarken.org\/en\/wp-json\/wp\/v2\/users\/2"}],"replies":[{"embeddable":true,"href":"https:\/\/www.kvarken.org\/en\/wp-json\/wp\/v2\/comments?post=8657"}],"version-history":[{"count":0,"href":"https:\/\/www.kvarken.org\/en\/wp-json\/wp\/v2\/posts\/8657\/revisions"}],"wp:featuredmedia":[{"embeddable":true,"href":"https:\/\/www.kvarken.org\/en\/wp-json\/wp\/v2\/media\/3935"}],"wp:attachment":[{"href":"https:\/\/www.kvarken.org\/en\/wp-json\/wp\/v2\/media?parent=8657"}],"wp:term":[{"taxonomy":"category","embeddable":true,"href":"https:\/\/www.kvarken.org\/en\/wp-json\/wp\/v2\/categories?post=8657"},{"taxonomy":"post_tag","embeddable":true,"href":"https:\/\/www.kvarken.org\/en\/wp-json\/wp\/v2\/tags?post=8657"},{"taxonomy":"amnen","embeddable":true,"href":"https:\/\/www.kvarken.org\/en\/wp-json\/wp\/v2\/amnen?post=8657"}],"curies":[{"name":"wp","href":"https:\/\/api.w.org\/{rel}","templated":true}]}}