{"id":8697,"date":"2013-12-18T14:14:29","date_gmt":"2013-12-18T14:14:29","guid":{"rendered":"https:\/\/kvarken.org\/kvarken-multimodal-link-projektet-fick-en-officiell-start-i-umea-17-12\/"},"modified":"2013-12-18T14:14:29","modified_gmt":"2013-12-18T14:14:29","slug":"kvarken-multimodal-link-projektet-fick-en-officiell-start-i-umea-17-12","status":"publish","type":"post","link":"https:\/\/www.kvarken.org\/en\/kvarken-multimodal-link-projektet-fick-en-officiell-start-i-umea-17-12\/","title":{"rendered":"Kvarken Multimodal Link -projektet fick en officiell start i Ume\u00e5 17.12"},"content":{"rendered":"<p>M\u00e5let med Kvarken Multimodal Link -projektet \u00e4r att uppdatera och f\u00f6rst\u00e4rka den nuvarande Kvarkentrafiken, och i det har den fungerande och p\u00e5litliga fartygstrafiken en viktig del. D\u00e4r till finns det som m\u00e5ls\u00e4ttning att planera och utveckla en ny f\u00e4rja till Kvarkentrafiken. St\u00e4derna Vasa och Ume\u00e5 ansvarar f\u00f6r projektet. Europas komission beviljade finansiering f\u00f6r projektet i oktober.<\/p>\n<p>Projektets officiella starttillst\u00e4llning ordnades i Ume\u00e5 den 17.12.2013. Alla huvudsamarbetspartners och organisationer som st\u00f6der projektet var p\u00e5 plats. \u00c4ven representanter fr\u00e5n Finlands kommunikationsministerium och Sveriges n\u00e4ringsdepartement var n\u00e4rvarande.<\/p>\n<p>\u2013 Detta p\u00e5visar att projektet prioriteras h\u00f6gt p\u00e5 nationell niv\u00e5. TEN-T EA:s (Trans-European Transport Network Executive Agency) representant, projektchef Jaroslaw Kotowski var ocks\u00e5 med f\u00f6r han ville sj\u00e4lv finnas h\u00e4r n\u00e4r detta fascinerande projekt s\u00e4tts ig\u00e5ng. Det \u00e4r en \u00e4ra att f\u00e5 honom hit f\u00f6r att bekanta sig med Vasas och Ume\u00e5s hamnar, deras infrastruktur och f\u00f6rst\u00e5s f\u00e4rjan som trafikerar mellan st\u00e4derna, konstaterar Kvarkenr\u00e5dets direkt\u00f6r Mathias Lindstr\u00f6m.<\/p>\n<p><img decoding=\"async\" class=\"alignleft wp-image-8690 size-full\" src=\"https:\/\/www.kvarken.org\/wp-content\/uploads\/2021\/03\/resizedimage488366-WP-000785.jpg\" alt=\"\" width=\"488\" height=\"366\" srcset=\"https:\/\/www.kvarken.org\/wp-content\/uploads\/2021\/03\/resizedimage488366-WP-000785.jpg 488w, https:\/\/www.kvarken.org\/wp-content\/uploads\/2021\/03\/resizedimage488366-WP-000785-480x360.jpg 480w\" sizes=\"(min-width: 0px) and (max-width: 480px) 480px, (min-width: 481px) 488px, 100vw\" \/> <img decoding=\"async\" class=\"alignleft wp-image-8693 size-full\" src=\"https:\/\/www.kvarken.org\/wp-content\/uploads\/2021\/03\/resizedimage489367-WP-000784.jpg\" alt=\"\" width=\"489\" height=\"367\" srcset=\"https:\/\/www.kvarken.org\/wp-content\/uploads\/2021\/03\/resizedimage489367-WP-000784.jpg 489w, https:\/\/www.kvarken.org\/wp-content\/uploads\/2021\/03\/resizedimage489367-WP-000784-480x360.jpg 480w\" sizes=\"(min-width: 0px) and (max-width: 480px) 480px, (min-width: 481px) 489px, 100vw\" \/><\/p>\n","protected":false},"excerpt":{"rendered":"<p>M\u00e5let med Kvarken Multimodal Link -projektet \u00e4r att uppdatera och f\u00f6rst\u00e4rka den nuvarande Kvarkentrafiken, och i det har den fungerande och p\u00e5litliga fartygstrafiken en viktig del. D\u00e4r till finns det som m\u00e5ls\u00e4ttning att planera och utveckla en ny f\u00e4rja till Kvarkentrafiken. St\u00e4derna Vasa och Ume\u00e5 ansvarar f\u00f6r projektet. Europas komission beviljade finansiering f\u00f6r projektet i oktober.<\/p>\n","protected":false},"author":2,"featured_media":8693,"comment_status":"open","ping_status":"open","sticky":false,"template":"","format":"standard","meta":{"_acf_changed":false,"_et_pb_use_builder":"","_et_pb_old_content":"","_et_gb_content_width":"","footnotes":""},"categories":[12],"tags":[],"amnen":[95,90],"class_list":["post-8697","post","type-post","status-publish","format-standard","has-post-thumbnail","hentry","category-uncategorized","amnen-cooperation-structures","amnen-infrastructure"],"acf":[],"yoast_head":"<!-- This site is optimized with the Yoast SEO plugin v27.4 - https:\/\/yoast.com\/product\/yoast-seo-wordpress\/ -->\n<title>Kvarken Multimodal Link -projektet fick en officiell start i Ume\u00e5 17.12 - Kvarkenr\u00e5det<\/title>\n<meta name=\"robots\" content=\"index, follow, max-snippet:-1, max-image-preview:large, max-video-preview:-1\" \/>\n<link rel=\"canonical\" href=\"https:\/\/www.kvarken.org\/en\/kvarken-multimodal-link-projektet-fick-en-officiell-start-i-umea-17-12\/\" \/>\n<meta property=\"og:locale\" content=\"en_US\" \/>\n<meta property=\"og:type\" content=\"article\" \/>\n<meta property=\"og:title\" content=\"Kvarken Multimodal Link -projektet fick en officiell start i Ume\u00e5 17.12 - Kvarkenr\u00e5det\" \/>\n<meta property=\"og:description\" content=\"M\u00e5let med Kvarken Multimodal Link -projektet \u00e4r att uppdatera och f\u00f6rst\u00e4rka den nuvarande Kvarkentrafiken, och i det har den fungerande och p\u00e5litliga fartygstrafiken en viktig del. D\u00e4r till finns det som m\u00e5ls\u00e4ttning att planera och utveckla en ny f\u00e4rja till Kvarkentrafiken. St\u00e4derna Vasa och Ume\u00e5 ansvarar f\u00f6r projektet. Europas komission beviljade finansiering f\u00f6r projektet i oktober.\" \/>\n<meta property=\"og:url\" content=\"https:\/\/www.kvarken.org\/en\/kvarken-multimodal-link-projektet-fick-en-officiell-start-i-umea-17-12\/\" \/>\n<meta property=\"og:site_name\" content=\"Kvarkenr\u00e5det\" \/>\n<meta property=\"article:published_time\" content=\"2013-12-18T14:14:29+00:00\" \/>\n<meta property=\"og:image\" content=\"https:\/\/www.kvarken.org\/wp-content\/uploads\/2021\/03\/resizedimage489367-WP-000784.jpg\" \/>\n\t<meta property=\"og:image:width\" content=\"489\" \/>\n\t<meta property=\"og:image:height\" content=\"367\" \/>\n\t<meta property=\"og:image:type\" content=\"image\/jpeg\" \/>\n<meta name=\"author\" content=\"jokommunikation_agency\" \/>\n<meta name=\"twitter:card\" content=\"summary_large_image\" \/>\n<meta name=\"twitter:label1\" content=\"Written by\" \/>\n\t<meta name=\"twitter:data1\" content=\"jokommunikation_agency\" \/>\n\t<meta name=\"twitter:label2\" content=\"Est. reading time\" \/>\n\t<meta name=\"twitter:data2\" content=\"1 minute\" \/>\n<script type=\"application\/ld+json\" class=\"yoast-schema-graph\">{\"@context\":\"https:\\\/\\\/schema.org\",\"@graph\":[{\"@type\":\"Article\",\"@id\":\"https:\\\/\\\/www.kvarken.org\\\/en\\\/kvarken-multimodal-link-projektet-fick-en-officiell-start-i-umea-17-12\\\/#article\",\"isPartOf\":{\"@id\":\"https:\\\/\\\/www.kvarken.org\\\/en\\\/kvarken-multimodal-link-projektet-fick-en-officiell-start-i-umea-17-12\\\/\"},\"author\":{\"name\":\"jokommunikation_agency\",\"@id\":\"https:\\\/\\\/www.kvarken.org\\\/en\\\/#\\\/schema\\\/person\\\/c0191caa861afff47bc50292a6905da2\"},\"headline\":\"Kvarken Multimodal Link -projektet fick en officiell start i Ume\u00e5 17.12\",\"datePublished\":\"2013-12-18T14:14:29+00:00\",\"mainEntityOfPage\":{\"@id\":\"https:\\\/\\\/www.kvarken.org\\\/en\\\/kvarken-multimodal-link-projektet-fick-en-officiell-start-i-umea-17-12\\\/\"},\"wordCount\":193,\"commentCount\":0,\"image\":{\"@id\":\"https:\\\/\\\/www.kvarken.org\\\/en\\\/kvarken-multimodal-link-projektet-fick-en-officiell-start-i-umea-17-12\\\/#primaryimage\"},\"thumbnailUrl\":\"https:\\\/\\\/www.kvarken.org\\\/wp-content\\\/uploads\\\/2021\\\/03\\\/resizedimage489367-WP-000784.jpg\",\"inLanguage\":\"en-US\",\"potentialAction\":[{\"@type\":\"CommentAction\",\"name\":\"Comment\",\"target\":[\"https:\\\/\\\/www.kvarken.org\\\/en\\\/kvarken-multimodal-link-projektet-fick-en-officiell-start-i-umea-17-12\\\/#respond\"]}]},{\"@type\":\"WebPage\",\"@id\":\"https:\\\/\\\/www.kvarken.org\\\/en\\\/kvarken-multimodal-link-projektet-fick-en-officiell-start-i-umea-17-12\\\/\",\"url\":\"https:\\\/\\\/www.kvarken.org\\\/en\\\/kvarken-multimodal-link-projektet-fick-en-officiell-start-i-umea-17-12\\\/\",\"name\":\"Kvarken Multimodal Link -projektet fick en officiell start i Ume\u00e5 17.12 - Kvarkenr\u00e5det\",\"isPartOf\":{\"@id\":\"https:\\\/\\\/www.kvarken.org\\\/en\\\/#website\"},\"primaryImageOfPage\":{\"@id\":\"https:\\\/\\\/www.kvarken.org\\\/en\\\/kvarken-multimodal-link-projektet-fick-en-officiell-start-i-umea-17-12\\\/#primaryimage\"},\"image\":{\"@id\":\"https:\\\/\\\/www.kvarken.org\\\/en\\\/kvarken-multimodal-link-projektet-fick-en-officiell-start-i-umea-17-12\\\/#primaryimage\"},\"thumbnailUrl\":\"https:\\\/\\\/www.kvarken.org\\\/wp-content\\\/uploads\\\/2021\\\/03\\\/resizedimage489367-WP-000784.jpg\",\"datePublished\":\"2013-12-18T14:14:29+00:00\",\"author\":{\"@id\":\"https:\\\/\\\/www.kvarken.org\\\/en\\\/#\\\/schema\\\/person\\\/c0191caa861afff47bc50292a6905da2\"},\"breadcrumb\":{\"@id\":\"https:\\\/\\\/www.kvarken.org\\\/en\\\/kvarken-multimodal-link-projektet-fick-en-officiell-start-i-umea-17-12\\\/#breadcrumb\"},\"inLanguage\":\"en-US\",\"potentialAction\":[{\"@type\":\"ReadAction\",\"target\":[\"https:\\\/\\\/www.kvarken.org\\\/en\\\/kvarken-multimodal-link-projektet-fick-en-officiell-start-i-umea-17-12\\\/\"]}]},{\"@type\":\"ImageObject\",\"inLanguage\":\"en-US\",\"@id\":\"https:\\\/\\\/www.kvarken.org\\\/en\\\/kvarken-multimodal-link-projektet-fick-en-officiell-start-i-umea-17-12\\\/#primaryimage\",\"url\":\"https:\\\/\\\/www.kvarken.org\\\/wp-content\\\/uploads\\\/2021\\\/03\\\/resizedimage489367-WP-000784.jpg\",\"contentUrl\":\"https:\\\/\\\/www.kvarken.org\\\/wp-content\\\/uploads\\\/2021\\\/03\\\/resizedimage489367-WP-000784.jpg\",\"width\":489,\"height\":367},{\"@type\":\"BreadcrumbList\",\"@id\":\"https:\\\/\\\/www.kvarken.org\\\/en\\\/kvarken-multimodal-link-projektet-fick-en-officiell-start-i-umea-17-12\\\/#breadcrumb\",\"itemListElement\":[{\"@type\":\"ListItem\",\"position\":1,\"name\":\"Hem\",\"item\":\"https:\\\/\\\/www.kvarken.org\\\/en\\\/\"},{\"@type\":\"ListItem\",\"position\":2,\"name\":\"Kvarken Multimodal Link -projektet fick en officiell start i Ume\u00e5 17.12\"}]},{\"@type\":\"WebSite\",\"@id\":\"https:\\\/\\\/www.kvarken.org\\\/en\\\/#website\",\"url\":\"https:\\\/\\\/www.kvarken.org\\\/en\\\/\",\"name\":\"Kvarkenr\u00e5det\",\"description\":\"\",\"potentialAction\":[{\"@type\":\"SearchAction\",\"target\":{\"@type\":\"EntryPoint\",\"urlTemplate\":\"https:\\\/\\\/www.kvarken.org\\\/en\\\/?s={search_term_string}\"},\"query-input\":{\"@type\":\"PropertyValueSpecification\",\"valueRequired\":true,\"valueName\":\"search_term_string\"}}],\"inLanguage\":\"en-US\"},{\"@type\":\"Person\",\"@id\":\"https:\\\/\\\/www.kvarken.org\\\/en\\\/#\\\/schema\\\/person\\\/c0191caa861afff47bc50292a6905da2\",\"name\":\"jokommunikation_agency\",\"image\":{\"@type\":\"ImageObject\",\"inLanguage\":\"en-US\",\"@id\":\"https:\\\/\\\/secure.gravatar.com\\\/avatar\\\/747179557db7fa831269f4829d55b0109a7684b8dd784a3f8f606bce8610f828?s=96&d=mm&r=g\",\"url\":\"https:\\\/\\\/secure.gravatar.com\\\/avatar\\\/747179557db7fa831269f4829d55b0109a7684b8dd784a3f8f606bce8610f828?s=96&d=mm&r=g\",\"contentUrl\":\"https:\\\/\\\/secure.gravatar.com\\\/avatar\\\/747179557db7fa831269f4829d55b0109a7684b8dd784a3f8f606bce8610f828?s=96&d=mm&r=g\",\"caption\":\"jokommunikation_agency\"}}]}<\/script>\n<!-- \/ Yoast SEO plugin. -->","yoast_head_json":{"title":"Kvarken Multimodal Link -projektet fick en officiell start i Ume\u00e5 17.12 - Kvarkenr\u00e5det","robots":{"index":"index","follow":"follow","max-snippet":"max-snippet:-1","max-image-preview":"max-image-preview:large","max-video-preview":"max-video-preview:-1"},"canonical":"https:\/\/www.kvarken.org\/en\/kvarken-multimodal-link-projektet-fick-en-officiell-start-i-umea-17-12\/","og_locale":"en_US","og_type":"article","og_title":"Kvarken Multimodal Link -projektet fick en officiell start i Ume\u00e5 17.12 - Kvarkenr\u00e5det","og_description":"M\u00e5let med Kvarken Multimodal Link -projektet \u00e4r att uppdatera och f\u00f6rst\u00e4rka den nuvarande Kvarkentrafiken, och i det har den fungerande och p\u00e5litliga fartygstrafiken en viktig del. D\u00e4r till finns det som m\u00e5ls\u00e4ttning att planera och utveckla en ny f\u00e4rja till Kvarkentrafiken. St\u00e4derna Vasa och Ume\u00e5 ansvarar f\u00f6r projektet. Europas komission beviljade finansiering f\u00f6r projektet i oktober.","og_url":"https:\/\/www.kvarken.org\/en\/kvarken-multimodal-link-projektet-fick-en-officiell-start-i-umea-17-12\/","og_site_name":"Kvarkenr\u00e5det","article_published_time":"2013-12-18T14:14:29+00:00","og_image":[{"width":489,"height":367,"url":"https:\/\/www.kvarken.org\/wp-content\/uploads\/2021\/03\/resizedimage489367-WP-000784.jpg","type":"image\/jpeg"}],"author":"jokommunikation_agency","twitter_card":"summary_large_image","twitter_misc":{"Written by":"jokommunikation_agency","Est. reading time":"1 minute"},"schema":{"@context":"https:\/\/schema.org","@graph":[{"@type":"Article","@id":"https:\/\/www.kvarken.org\/en\/kvarken-multimodal-link-projektet-fick-en-officiell-start-i-umea-17-12\/#article","isPartOf":{"@id":"https:\/\/www.kvarken.org\/en\/kvarken-multimodal-link-projektet-fick-en-officiell-start-i-umea-17-12\/"},"author":{"name":"jokommunikation_agency","@id":"https:\/\/www.kvarken.org\/en\/#\/schema\/person\/c0191caa861afff47bc50292a6905da2"},"headline":"Kvarken Multimodal Link -projektet fick en officiell start i Ume\u00e5 17.12","datePublished":"2013-12-18T14:14:29+00:00","mainEntityOfPage":{"@id":"https:\/\/www.kvarken.org\/en\/kvarken-multimodal-link-projektet-fick-en-officiell-start-i-umea-17-12\/"},"wordCount":193,"commentCount":0,"image":{"@id":"https:\/\/www.kvarken.org\/en\/kvarken-multimodal-link-projektet-fick-en-officiell-start-i-umea-17-12\/#primaryimage"},"thumbnailUrl":"https:\/\/www.kvarken.org\/wp-content\/uploads\/2021\/03\/resizedimage489367-WP-000784.jpg","inLanguage":"en-US","potentialAction":[{"@type":"CommentAction","name":"Comment","target":["https:\/\/www.kvarken.org\/en\/kvarken-multimodal-link-projektet-fick-en-officiell-start-i-umea-17-12\/#respond"]}]},{"@type":"WebPage","@id":"https:\/\/www.kvarken.org\/en\/kvarken-multimodal-link-projektet-fick-en-officiell-start-i-umea-17-12\/","url":"https:\/\/www.kvarken.org\/en\/kvarken-multimodal-link-projektet-fick-en-officiell-start-i-umea-17-12\/","name":"Kvarken Multimodal Link -projektet fick en officiell start i Ume\u00e5 17.12 - Kvarkenr\u00e5det","isPartOf":{"@id":"https:\/\/www.kvarken.org\/en\/#website"},"primaryImageOfPage":{"@id":"https:\/\/www.kvarken.org\/en\/kvarken-multimodal-link-projektet-fick-en-officiell-start-i-umea-17-12\/#primaryimage"},"image":{"@id":"https:\/\/www.kvarken.org\/en\/kvarken-multimodal-link-projektet-fick-en-officiell-start-i-umea-17-12\/#primaryimage"},"thumbnailUrl":"https:\/\/www.kvarken.org\/wp-content\/uploads\/2021\/03\/resizedimage489367-WP-000784.jpg","datePublished":"2013-12-18T14:14:29+00:00","author":{"@id":"https:\/\/www.kvarken.org\/en\/#\/schema\/person\/c0191caa861afff47bc50292a6905da2"},"breadcrumb":{"@id":"https:\/\/www.kvarken.org\/en\/kvarken-multimodal-link-projektet-fick-en-officiell-start-i-umea-17-12\/#breadcrumb"},"inLanguage":"en-US","potentialAction":[{"@type":"ReadAction","target":["https:\/\/www.kvarken.org\/en\/kvarken-multimodal-link-projektet-fick-en-officiell-start-i-umea-17-12\/"]}]},{"@type":"ImageObject","inLanguage":"en-US","@id":"https:\/\/www.kvarken.org\/en\/kvarken-multimodal-link-projektet-fick-en-officiell-start-i-umea-17-12\/#primaryimage","url":"https:\/\/www.kvarken.org\/wp-content\/uploads\/2021\/03\/resizedimage489367-WP-000784.jpg","contentUrl":"https:\/\/www.kvarken.org\/wp-content\/uploads\/2021\/03\/resizedimage489367-WP-000784.jpg","width":489,"height":367},{"@type":"BreadcrumbList","@id":"https:\/\/www.kvarken.org\/en\/kvarken-multimodal-link-projektet-fick-en-officiell-start-i-umea-17-12\/#breadcrumb","itemListElement":[{"@type":"ListItem","position":1,"name":"Hem","item":"https:\/\/www.kvarken.org\/en\/"},{"@type":"ListItem","position":2,"name":"Kvarken Multimodal Link -projektet fick en officiell start i Ume\u00e5 17.12"}]},{"@type":"WebSite","@id":"https:\/\/www.kvarken.org\/en\/#website","url":"https:\/\/www.kvarken.org\/en\/","name":"Kvarkenr\u00e5det","description":"","potentialAction":[{"@type":"SearchAction","target":{"@type":"EntryPoint","urlTemplate":"https:\/\/www.kvarken.org\/en\/?s={search_term_string}"},"query-input":{"@type":"PropertyValueSpecification","valueRequired":true,"valueName":"search_term_string"}}],"inLanguage":"en-US"},{"@type":"Person","@id":"https:\/\/www.kvarken.org\/en\/#\/schema\/person\/c0191caa861afff47bc50292a6905da2","name":"jokommunikation_agency","image":{"@type":"ImageObject","inLanguage":"en-US","@id":"https:\/\/secure.gravatar.com\/avatar\/747179557db7fa831269f4829d55b0109a7684b8dd784a3f8f606bce8610f828?s=96&d=mm&r=g","url":"https:\/\/secure.gravatar.com\/avatar\/747179557db7fa831269f4829d55b0109a7684b8dd784a3f8f606bce8610f828?s=96&d=mm&r=g","contentUrl":"https:\/\/secure.gravatar.com\/avatar\/747179557db7fa831269f4829d55b0109a7684b8dd784a3f8f606bce8610f828?s=96&d=mm&r=g","caption":"jokommunikation_agency"}}]}},"_links":{"self":[{"href":"https:\/\/www.kvarken.org\/en\/wp-json\/wp\/v2\/posts\/8697","targetHints":{"allow":["GET"]}}],"collection":[{"href":"https:\/\/www.kvarken.org\/en\/wp-json\/wp\/v2\/posts"}],"about":[{"href":"https:\/\/www.kvarken.org\/en\/wp-json\/wp\/v2\/types\/post"}],"author":[{"embeddable":true,"href":"https:\/\/www.kvarken.org\/en\/wp-json\/wp\/v2\/users\/2"}],"replies":[{"embeddable":true,"href":"https:\/\/www.kvarken.org\/en\/wp-json\/wp\/v2\/comments?post=8697"}],"version-history":[{"count":0,"href":"https:\/\/www.kvarken.org\/en\/wp-json\/wp\/v2\/posts\/8697\/revisions"}],"wp:featuredmedia":[{"embeddable":true,"href":"https:\/\/www.kvarken.org\/en\/wp-json\/wp\/v2\/media\/8693"}],"wp:attachment":[{"href":"https:\/\/www.kvarken.org\/en\/wp-json\/wp\/v2\/media?parent=8697"}],"wp:term":[{"taxonomy":"category","embeddable":true,"href":"https:\/\/www.kvarken.org\/en\/wp-json\/wp\/v2\/categories?post=8697"},{"taxonomy":"post_tag","embeddable":true,"href":"https:\/\/www.kvarken.org\/en\/wp-json\/wp\/v2\/tags?post=8697"},{"taxonomy":"amnen","embeddable":true,"href":"https:\/\/www.kvarken.org\/en\/wp-json\/wp\/v2\/amnen?post=8697"}],"curies":[{"name":"wp","href":"https:\/\/api.w.org\/{rel}","templated":true}]}}