{"id":9096,"date":"2018-05-23T10:57:05","date_gmt":"2018-05-23T10:57:05","guid":{"rendered":"https:\/\/kvarken.org\/historical-decision-cross-border-cooperation-in-the-kvarken-region-to-grow-stronger-than-ever\/"},"modified":"2021-03-12T07:05:55","modified_gmt":"2021-03-12T07:05:55","slug":"historical-decision-cross-border-cooperation-in-the-kvarken-region-to-grow-stronger-than-ever","status":"publish","type":"post","link":"https:\/\/www.kvarken.org\/en\/historical-decision-cross-border-cooperation-in-the-kvarken-region-to-grow-stronger-than-ever\/","title":{"rendered":"Historical decision \u2013 cross-border cooperation in the Kvarken Region to grow stronger than ever"},"content":{"rendered":"<p><strong>Press release Kvarken Council 2018\/05\/23<\/strong><\/p>\n<p><em>Lennart Holmlund and Mathias Lindstr\u00f6m explain that, as an EGTC, the Kvarken Council will be a stronger organisation better able to push shared, regionally important issues at national, Nordic and EU levels<\/em><\/p>\n<p>The members of the Kvarken Council gathered for their Annual General Meeting in Ume\u00e5 on Monday the 21st of May. The meeting made history with its decision to start the process of changing the organisational form of the cross-border committee Kvarken Council from a registered association to a European Grouping for Territorial Cooperation (EGTC). Thus, the Kvarken Council will become the first fully Nordic EGTC.<\/p>\n<p>The chairman of the Kvarken Council\u2019s Board,\u00a0<strong>Lennart Holmlund<\/strong>, from Region V\u00e4sterbotten, explains that the Kvarken Council wants to strengthen its position as a cross-border cooperation organisation. Next year will be very important and interesting for the Council.<br \/>\n\u201cBeing an EGTC will be great for our members because it will allow us to create a stronger region for collaboration and growth. The members have given the Kvarken Council the mandate to compile the agreement establishing the Kvarken Council as an EGTC and to prepare its rules. This will raise the status of long-term cooperation in the Kvarken region.\u201d<\/p>\n<p><img decoding=\"async\" class=\"size-medium wp-image-7764 alignnone\" src=\"https:\/\/www.kvarken.org\/wp-content\/uploads\/2021\/02\/resizedimage501356-Joakim-Strand-Forograf-Anna-Sand-300x213.jpg\" alt=\"\" width=\"300\" height=\"213\" \/><\/p>\n<h6><em>Joakim Strand has worked painstakingly towards achieving the new organisational form, the EGTC. Photograph: Anna Sand<\/em><\/h6>\n<p>\u201cOur work together with the three Ostrobothnian counties, V\u00e4sterbotten and \u00d6rnsk\u00f6ldsvik has reached a level where we are ready for the next step. We have outgrown our current \u2018outfit\u2019 as an association. The European Grouping for Territorial Cooperation is an established concept which we believe will make long-term cross-border cooperation easier and provide us with clearer and stronger authority,\u201d says Deputy Chairman of the Kvarken Council\u2019s Board, Member of Parliament\u00a0<strong>Joakim Strand<\/strong>.<\/p>\n<p>According to the Director of the Kvarken Council,\u00a0<strong>Mathias Lindstr\u00f6m<\/strong>, cooperation as an EGTC is clearer and not as dependent on persons.<br \/>\n\u201cNow that shipping in the region is secure and will soon provide us with a long-term, durable transport solution, our role as a cross-border cooperation organisation will become more and more important. This is a decision we are making to prepare us for the future.\u201d<\/p>\n<p>As an EGTC, the Kvarken Council will be a more powerful body, better able to push shared, regionally important issues at national, Nordic and EU levels. Establishing an EGTC will reduce EU funding-related administration and will bring this important cross-border collaboration more visibility regionally, nationally and across the Nordic countries and the EU.<\/p>\n<p><strong>Kontaktpersoner:<\/strong><br \/>\nMathias Lindstr\u00f6m, direkt\u00f6r p\u00e5 Kvarkenr\u00e5det, +358 50 918 6462<br \/>\nJoakim Strand, riksdagsman och Kvarkenr\u00e5dets vice ordf\u00f6rande, +358 50 310 0076<\/p>\n<p><strong>EAYY \u2013 Eurooppalaisen alueellisen yhteisty\u00f6n yhtym\u00e4<\/strong><\/p>\n<p><strong>EGTS \u2013 Europeisk gruppering f\u00f6r territoriellt samarbete<\/strong><\/p>\n<p><strong>EGTC \u2013 European Grouping for Territorial Cooperation<\/strong><\/p>\n<p>The EGTC has been an official legal instrument since 2006 when the EU accepted a regulation concerning it. There had been several attempts before this to find suitable forms for organised cooperation between cities or regions within the EU. Since 2008, some fifty EGTCs have been established.<br \/>\nThe objective of an EGTC is to offer a form of collaboration that allows cross-border cooperation between Member States and abides by the laws of the country in which the official EGTC headquarters are located. An EGTC is a legal entity, which offers strong operational capability and the possibility to make decisions.<br \/>\nAn EGTC may consist of regional and local authorities, but also national governments. The parties involved enter into an agreement on setting the work in motion and compile rules for regulating and facilitating the work.<br \/>\nOther partners from countries outside the EU can be incorporated in the collaboration, but this requires a separate cooperation agreement with the country in question and the EU Member States involved.<\/p>\n<p><strong>Kvarken Council \u2013 Cross-Border Cooperation<br \/>\n<\/strong>The operating area of the Kvarken Council is called the Kvarken region. The Kvarken Region consists of the counties of Ostrobothnia, Southern Ostrobothnia and Central Ostrobothnia in Finland and the county of V\u00e4sterbotten and the municipality of \u00d6rnsk\u00f6ldsvik in Sweden.<\/p>\n<p>The Kvarken Council is developing the region by supporting the cooperation between various actors in the Kvarken region, reducing and eliminating border barriers, increasing the visibility of the region at national and European levels, working actively in several European networks and by utilising the region\u2019s strengths and supporting the development of the region.<\/p>\n<p>The Kvarken Council has worked with over 100 cross-border projects during almost 50 years within eg. business, education, tourism, research and development, health care, culture, environmental issues, sports, children and young people as well as communications and transport infrastructure. One of the region\u2019s joint projects is the Midway Alignment infrastructure project.<\/p>\n<p>The main members of the Kvarken Council are the Regional Councils of Ostrobothnia, South Ostrobothnia and Central Ostrobothnia, the cities of Vaasa, Sein\u00e4joki, Kokkola and Pietarsaari \u2013 all in Finland \u2013 as well as the V\u00e4sterbotten County Council and the city of \u00d6rnsk\u00f6ldsvik, both in Sweden. The operation is financed through membership fees and funding granted by the Nordic Council of Ministers.<\/p>\n<p>Read more: <a href=\"http:\/\/www.kvarken.org\">kvarken.org<\/a><\/p>\n","protected":false},"excerpt":{"rendered":"<p>The meeting made history with its decision to start the process of changing the organisational form of the cross-border committee Kvarken Council from a registered association to a European Grouping for Territorial Cooperation (EGTC). Thus, the Kvarken Council will become the first fully Nordic EGTC.<\/p>\n","protected":false},"author":2,"featured_media":7970,"comment_status":"open","ping_status":"open","sticky":false,"template":"","format":"standard","meta":{"_acf_changed":false,"_et_pb_use_builder":"","_et_pb_old_content":"","_et_gb_content_width":"","footnotes":""},"categories":[12],"tags":[],"amnen":[95,99],"class_list":["post-9096","post","type-post","status-publish","format-standard","has-post-thumbnail","hentry","category-uncategorized","amnen-cooperation-structures","amnen-egtc"],"acf":[],"yoast_head":"<!-- This site is optimized with the Yoast SEO plugin v27.4 - https:\/\/yoast.com\/product\/yoast-seo-wordpress\/ -->\n<title>Historical decision \u2013 cross-border cooperation in the Kvarken Region to grow stronger than ever - Kvarkenr\u00e5det<\/title>\n<meta name=\"robots\" content=\"index, follow, max-snippet:-1, max-image-preview:large, max-video-preview:-1\" \/>\n<link rel=\"canonical\" href=\"https:\/\/www.kvarken.org\/en\/historical-decision-cross-border-cooperation-in-the-kvarken-region-to-grow-stronger-than-ever\/\" \/>\n<meta property=\"og:locale\" content=\"en_US\" \/>\n<meta property=\"og:type\" content=\"article\" \/>\n<meta property=\"og:title\" content=\"Historical decision \u2013 cross-border cooperation in the Kvarken Region to grow stronger than ever - Kvarkenr\u00e5det\" \/>\n<meta property=\"og:description\" content=\"The meeting made history with its decision to start the process of changing the organisational form of the cross-border committee Kvarken Council from a registered association to a European Grouping for Territorial Cooperation (EGTC). Thus, the Kvarken Council will become the first fully Nordic EGTC.\" \/>\n<meta property=\"og:url\" content=\"https:\/\/www.kvarken.org\/en\/historical-decision-cross-border-cooperation-in-the-kvarken-region-to-grow-stronger-than-ever\/\" \/>\n<meta property=\"og:site_name\" content=\"Kvarkenr\u00e5det\" \/>\n<meta property=\"article:published_time\" content=\"2018-05-23T10:57:05+00:00\" \/>\n<meta property=\"article:modified_time\" content=\"2021-03-12T07:05:55+00:00\" \/>\n<meta property=\"og:image\" content=\"https:\/\/www.kvarken.org\/wp-content\/uploads\/2021\/02\/resizedimage600399-Lennart-Holmlund-Mathias-Linstrom-Foto-Kvarkenradet-kopia.jpg\" \/>\n\t<meta property=\"og:image:width\" content=\"600\" \/>\n\t<meta property=\"og:image:height\" content=\"399\" \/>\n\t<meta property=\"og:image:type\" content=\"image\/jpeg\" \/>\n<meta name=\"author\" content=\"jokommunikation_agency\" \/>\n<meta name=\"twitter:card\" content=\"summary_large_image\" \/>\n<meta name=\"twitter:label1\" content=\"Written by\" \/>\n\t<meta name=\"twitter:data1\" content=\"jokommunikation_agency\" \/>\n\t<meta name=\"twitter:label2\" content=\"Est. reading time\" \/>\n\t<meta name=\"twitter:data2\" content=\"4 minutes\" \/>\n<script type=\"application\/ld+json\" class=\"yoast-schema-graph\">{\"@context\":\"https:\\\/\\\/schema.org\",\"@graph\":[{\"@type\":\"Article\",\"@id\":\"https:\\\/\\\/www.kvarken.org\\\/en\\\/historical-decision-cross-border-cooperation-in-the-kvarken-region-to-grow-stronger-than-ever\\\/#article\",\"isPartOf\":{\"@id\":\"https:\\\/\\\/www.kvarken.org\\\/en\\\/historical-decision-cross-border-cooperation-in-the-kvarken-region-to-grow-stronger-than-ever\\\/\"},\"author\":{\"name\":\"jokommunikation_agency\",\"@id\":\"https:\\\/\\\/www.kvarken.org\\\/en\\\/#\\\/schema\\\/person\\\/c0191caa861afff47bc50292a6905da2\"},\"headline\":\"Historical decision \u2013 cross-border cooperation in the Kvarken Region to grow stronger than ever\",\"datePublished\":\"2018-05-23T10:57:05+00:00\",\"dateModified\":\"2021-03-12T07:05:55+00:00\",\"mainEntityOfPage\":{\"@id\":\"https:\\\/\\\/www.kvarken.org\\\/en\\\/historical-decision-cross-border-cooperation-in-the-kvarken-region-to-grow-stronger-than-ever\\\/\"},\"wordCount\":844,\"commentCount\":0,\"image\":{\"@id\":\"https:\\\/\\\/www.kvarken.org\\\/en\\\/historical-decision-cross-border-cooperation-in-the-kvarken-region-to-grow-stronger-than-ever\\\/#primaryimage\"},\"thumbnailUrl\":\"https:\\\/\\\/www.kvarken.org\\\/wp-content\\\/uploads\\\/2021\\\/02\\\/resizedimage600399-Lennart-Holmlund-Mathias-Linstrom-Foto-Kvarkenradet-kopia.jpg\",\"inLanguage\":\"en-US\",\"potentialAction\":[{\"@type\":\"CommentAction\",\"name\":\"Comment\",\"target\":[\"https:\\\/\\\/www.kvarken.org\\\/en\\\/historical-decision-cross-border-cooperation-in-the-kvarken-region-to-grow-stronger-than-ever\\\/#respond\"]}]},{\"@type\":\"WebPage\",\"@id\":\"https:\\\/\\\/www.kvarken.org\\\/en\\\/historical-decision-cross-border-cooperation-in-the-kvarken-region-to-grow-stronger-than-ever\\\/\",\"url\":\"https:\\\/\\\/www.kvarken.org\\\/en\\\/historical-decision-cross-border-cooperation-in-the-kvarken-region-to-grow-stronger-than-ever\\\/\",\"name\":\"Historical decision \u2013 cross-border cooperation in the Kvarken Region to grow stronger than ever - Kvarkenr\u00e5det\",\"isPartOf\":{\"@id\":\"https:\\\/\\\/www.kvarken.org\\\/en\\\/#website\"},\"primaryImageOfPage\":{\"@id\":\"https:\\\/\\\/www.kvarken.org\\\/en\\\/historical-decision-cross-border-cooperation-in-the-kvarken-region-to-grow-stronger-than-ever\\\/#primaryimage\"},\"image\":{\"@id\":\"https:\\\/\\\/www.kvarken.org\\\/en\\\/historical-decision-cross-border-cooperation-in-the-kvarken-region-to-grow-stronger-than-ever\\\/#primaryimage\"},\"thumbnailUrl\":\"https:\\\/\\\/www.kvarken.org\\\/wp-content\\\/uploads\\\/2021\\\/02\\\/resizedimage600399-Lennart-Holmlund-Mathias-Linstrom-Foto-Kvarkenradet-kopia.jpg\",\"datePublished\":\"2018-05-23T10:57:05+00:00\",\"dateModified\":\"2021-03-12T07:05:55+00:00\",\"author\":{\"@id\":\"https:\\\/\\\/www.kvarken.org\\\/en\\\/#\\\/schema\\\/person\\\/c0191caa861afff47bc50292a6905da2\"},\"breadcrumb\":{\"@id\":\"https:\\\/\\\/www.kvarken.org\\\/en\\\/historical-decision-cross-border-cooperation-in-the-kvarken-region-to-grow-stronger-than-ever\\\/#breadcrumb\"},\"inLanguage\":\"en-US\",\"potentialAction\":[{\"@type\":\"ReadAction\",\"target\":[\"https:\\\/\\\/www.kvarken.org\\\/en\\\/historical-decision-cross-border-cooperation-in-the-kvarken-region-to-grow-stronger-than-ever\\\/\"]}]},{\"@type\":\"ImageObject\",\"inLanguage\":\"en-US\",\"@id\":\"https:\\\/\\\/www.kvarken.org\\\/en\\\/historical-decision-cross-border-cooperation-in-the-kvarken-region-to-grow-stronger-than-ever\\\/#primaryimage\",\"url\":\"https:\\\/\\\/www.kvarken.org\\\/wp-content\\\/uploads\\\/2021\\\/02\\\/resizedimage600399-Lennart-Holmlund-Mathias-Linstrom-Foto-Kvarkenradet-kopia.jpg\",\"contentUrl\":\"https:\\\/\\\/www.kvarken.org\\\/wp-content\\\/uploads\\\/2021\\\/02\\\/resizedimage600399-Lennart-Holmlund-Mathias-Linstrom-Foto-Kvarkenradet-kopia.jpg\",\"width\":600,\"height\":399},{\"@type\":\"BreadcrumbList\",\"@id\":\"https:\\\/\\\/www.kvarken.org\\\/en\\\/historical-decision-cross-border-cooperation-in-the-kvarken-region-to-grow-stronger-than-ever\\\/#breadcrumb\",\"itemListElement\":[{\"@type\":\"ListItem\",\"position\":1,\"name\":\"Hem\",\"item\":\"https:\\\/\\\/www.kvarken.org\\\/en\\\/\"},{\"@type\":\"ListItem\",\"position\":2,\"name\":\"Historical decision \u2013 cross-border cooperation in the Kvarken Region to grow stronger than ever\"}]},{\"@type\":\"WebSite\",\"@id\":\"https:\\\/\\\/www.kvarken.org\\\/en\\\/#website\",\"url\":\"https:\\\/\\\/www.kvarken.org\\\/en\\\/\",\"name\":\"Kvarkenr\u00e5det\",\"description\":\"\",\"potentialAction\":[{\"@type\":\"SearchAction\",\"target\":{\"@type\":\"EntryPoint\",\"urlTemplate\":\"https:\\\/\\\/www.kvarken.org\\\/en\\\/?s={search_term_string}\"},\"query-input\":{\"@type\":\"PropertyValueSpecification\",\"valueRequired\":true,\"valueName\":\"search_term_string\"}}],\"inLanguage\":\"en-US\"},{\"@type\":\"Person\",\"@id\":\"https:\\\/\\\/www.kvarken.org\\\/en\\\/#\\\/schema\\\/person\\\/c0191caa861afff47bc50292a6905da2\",\"name\":\"jokommunikation_agency\",\"image\":{\"@type\":\"ImageObject\",\"inLanguage\":\"en-US\",\"@id\":\"https:\\\/\\\/secure.gravatar.com\\\/avatar\\\/747179557db7fa831269f4829d55b0109a7684b8dd784a3f8f606bce8610f828?s=96&d=mm&r=g\",\"url\":\"https:\\\/\\\/secure.gravatar.com\\\/avatar\\\/747179557db7fa831269f4829d55b0109a7684b8dd784a3f8f606bce8610f828?s=96&d=mm&r=g\",\"contentUrl\":\"https:\\\/\\\/secure.gravatar.com\\\/avatar\\\/747179557db7fa831269f4829d55b0109a7684b8dd784a3f8f606bce8610f828?s=96&d=mm&r=g\",\"caption\":\"jokommunikation_agency\"}}]}<\/script>\n<!-- \/ Yoast SEO plugin. -->","yoast_head_json":{"title":"Historical decision \u2013 cross-border cooperation in the Kvarken Region to grow stronger than ever - Kvarkenr\u00e5det","robots":{"index":"index","follow":"follow","max-snippet":"max-snippet:-1","max-image-preview":"max-image-preview:large","max-video-preview":"max-video-preview:-1"},"canonical":"https:\/\/www.kvarken.org\/en\/historical-decision-cross-border-cooperation-in-the-kvarken-region-to-grow-stronger-than-ever\/","og_locale":"en_US","og_type":"article","og_title":"Historical decision \u2013 cross-border cooperation in the Kvarken Region to grow stronger than ever - Kvarkenr\u00e5det","og_description":"The meeting made history with its decision to start the process of changing the organisational form of the cross-border committee Kvarken Council from a registered association to a European Grouping for Territorial Cooperation (EGTC). Thus, the Kvarken Council will become the first fully Nordic EGTC.","og_url":"https:\/\/www.kvarken.org\/en\/historical-decision-cross-border-cooperation-in-the-kvarken-region-to-grow-stronger-than-ever\/","og_site_name":"Kvarkenr\u00e5det","article_published_time":"2018-05-23T10:57:05+00:00","article_modified_time":"2021-03-12T07:05:55+00:00","og_image":[{"width":600,"height":399,"url":"https:\/\/www.kvarken.org\/wp-content\/uploads\/2021\/02\/resizedimage600399-Lennart-Holmlund-Mathias-Linstrom-Foto-Kvarkenradet-kopia.jpg","type":"image\/jpeg"}],"author":"jokommunikation_agency","twitter_card":"summary_large_image","twitter_misc":{"Written by":"jokommunikation_agency","Est. reading time":"4 minutes"},"schema":{"@context":"https:\/\/schema.org","@graph":[{"@type":"Article","@id":"https:\/\/www.kvarken.org\/en\/historical-decision-cross-border-cooperation-in-the-kvarken-region-to-grow-stronger-than-ever\/#article","isPartOf":{"@id":"https:\/\/www.kvarken.org\/en\/historical-decision-cross-border-cooperation-in-the-kvarken-region-to-grow-stronger-than-ever\/"},"author":{"name":"jokommunikation_agency","@id":"https:\/\/www.kvarken.org\/en\/#\/schema\/person\/c0191caa861afff47bc50292a6905da2"},"headline":"Historical decision \u2013 cross-border cooperation in the Kvarken Region to grow stronger than ever","datePublished":"2018-05-23T10:57:05+00:00","dateModified":"2021-03-12T07:05:55+00:00","mainEntityOfPage":{"@id":"https:\/\/www.kvarken.org\/en\/historical-decision-cross-border-cooperation-in-the-kvarken-region-to-grow-stronger-than-ever\/"},"wordCount":844,"commentCount":0,"image":{"@id":"https:\/\/www.kvarken.org\/en\/historical-decision-cross-border-cooperation-in-the-kvarken-region-to-grow-stronger-than-ever\/#primaryimage"},"thumbnailUrl":"https:\/\/www.kvarken.org\/wp-content\/uploads\/2021\/02\/resizedimage600399-Lennart-Holmlund-Mathias-Linstrom-Foto-Kvarkenradet-kopia.jpg","inLanguage":"en-US","potentialAction":[{"@type":"CommentAction","name":"Comment","target":["https:\/\/www.kvarken.org\/en\/historical-decision-cross-border-cooperation-in-the-kvarken-region-to-grow-stronger-than-ever\/#respond"]}]},{"@type":"WebPage","@id":"https:\/\/www.kvarken.org\/en\/historical-decision-cross-border-cooperation-in-the-kvarken-region-to-grow-stronger-than-ever\/","url":"https:\/\/www.kvarken.org\/en\/historical-decision-cross-border-cooperation-in-the-kvarken-region-to-grow-stronger-than-ever\/","name":"Historical decision \u2013 cross-border cooperation in the Kvarken Region to grow stronger than ever - Kvarkenr\u00e5det","isPartOf":{"@id":"https:\/\/www.kvarken.org\/en\/#website"},"primaryImageOfPage":{"@id":"https:\/\/www.kvarken.org\/en\/historical-decision-cross-border-cooperation-in-the-kvarken-region-to-grow-stronger-than-ever\/#primaryimage"},"image":{"@id":"https:\/\/www.kvarken.org\/en\/historical-decision-cross-border-cooperation-in-the-kvarken-region-to-grow-stronger-than-ever\/#primaryimage"},"thumbnailUrl":"https:\/\/www.kvarken.org\/wp-content\/uploads\/2021\/02\/resizedimage600399-Lennart-Holmlund-Mathias-Linstrom-Foto-Kvarkenradet-kopia.jpg","datePublished":"2018-05-23T10:57:05+00:00","dateModified":"2021-03-12T07:05:55+00:00","author":{"@id":"https:\/\/www.kvarken.org\/en\/#\/schema\/person\/c0191caa861afff47bc50292a6905da2"},"breadcrumb":{"@id":"https:\/\/www.kvarken.org\/en\/historical-decision-cross-border-cooperation-in-the-kvarken-region-to-grow-stronger-than-ever\/#breadcrumb"},"inLanguage":"en-US","potentialAction":[{"@type":"ReadAction","target":["https:\/\/www.kvarken.org\/en\/historical-decision-cross-border-cooperation-in-the-kvarken-region-to-grow-stronger-than-ever\/"]}]},{"@type":"ImageObject","inLanguage":"en-US","@id":"https:\/\/www.kvarken.org\/en\/historical-decision-cross-border-cooperation-in-the-kvarken-region-to-grow-stronger-than-ever\/#primaryimage","url":"https:\/\/www.kvarken.org\/wp-content\/uploads\/2021\/02\/resizedimage600399-Lennart-Holmlund-Mathias-Linstrom-Foto-Kvarkenradet-kopia.jpg","contentUrl":"https:\/\/www.kvarken.org\/wp-content\/uploads\/2021\/02\/resizedimage600399-Lennart-Holmlund-Mathias-Linstrom-Foto-Kvarkenradet-kopia.jpg","width":600,"height":399},{"@type":"BreadcrumbList","@id":"https:\/\/www.kvarken.org\/en\/historical-decision-cross-border-cooperation-in-the-kvarken-region-to-grow-stronger-than-ever\/#breadcrumb","itemListElement":[{"@type":"ListItem","position":1,"name":"Hem","item":"https:\/\/www.kvarken.org\/en\/"},{"@type":"ListItem","position":2,"name":"Historical decision \u2013 cross-border cooperation in the Kvarken Region to grow stronger than ever"}]},{"@type":"WebSite","@id":"https:\/\/www.kvarken.org\/en\/#website","url":"https:\/\/www.kvarken.org\/en\/","name":"Kvarkenr\u00e5det","description":"","potentialAction":[{"@type":"SearchAction","target":{"@type":"EntryPoint","urlTemplate":"https:\/\/www.kvarken.org\/en\/?s={search_term_string}"},"query-input":{"@type":"PropertyValueSpecification","valueRequired":true,"valueName":"search_term_string"}}],"inLanguage":"en-US"},{"@type":"Person","@id":"https:\/\/www.kvarken.org\/en\/#\/schema\/person\/c0191caa861afff47bc50292a6905da2","name":"jokommunikation_agency","image":{"@type":"ImageObject","inLanguage":"en-US","@id":"https:\/\/secure.gravatar.com\/avatar\/747179557db7fa831269f4829d55b0109a7684b8dd784a3f8f606bce8610f828?s=96&d=mm&r=g","url":"https:\/\/secure.gravatar.com\/avatar\/747179557db7fa831269f4829d55b0109a7684b8dd784a3f8f606bce8610f828?s=96&d=mm&r=g","contentUrl":"https:\/\/secure.gravatar.com\/avatar\/747179557db7fa831269f4829d55b0109a7684b8dd784a3f8f606bce8610f828?s=96&d=mm&r=g","caption":"jokommunikation_agency"}}]}},"_links":{"self":[{"href":"https:\/\/www.kvarken.org\/en\/wp-json\/wp\/v2\/posts\/9096","targetHints":{"allow":["GET"]}}],"collection":[{"href":"https:\/\/www.kvarken.org\/en\/wp-json\/wp\/v2\/posts"}],"about":[{"href":"https:\/\/www.kvarken.org\/en\/wp-json\/wp\/v2\/types\/post"}],"author":[{"embeddable":true,"href":"https:\/\/www.kvarken.org\/en\/wp-json\/wp\/v2\/users\/2"}],"replies":[{"embeddable":true,"href":"https:\/\/www.kvarken.org\/en\/wp-json\/wp\/v2\/comments?post=9096"}],"version-history":[{"count":0,"href":"https:\/\/www.kvarken.org\/en\/wp-json\/wp\/v2\/posts\/9096\/revisions"}],"wp:featuredmedia":[{"embeddable":true,"href":"https:\/\/www.kvarken.org\/en\/wp-json\/wp\/v2\/media\/7970"}],"wp:attachment":[{"href":"https:\/\/www.kvarken.org\/en\/wp-json\/wp\/v2\/media?parent=9096"}],"wp:term":[{"taxonomy":"category","embeddable":true,"href":"https:\/\/www.kvarken.org\/en\/wp-json\/wp\/v2\/categories?post=9096"},{"taxonomy":"post_tag","embeddable":true,"href":"https:\/\/www.kvarken.org\/en\/wp-json\/wp\/v2\/tags?post=9096"},{"taxonomy":"amnen","embeddable":true,"href":"https:\/\/www.kvarken.org\/en\/wp-json\/wp\/v2\/amnen?post=9096"}],"curies":[{"name":"wp","href":"https:\/\/api.w.org\/{rel}","templated":true}]}}