{"id":9316,"date":"2017-03-06T08:58:32","date_gmt":"2017-03-06T08:58:32","guid":{"rendered":"https:\/\/kvarken.org\/partnerskapets-gransoverskridande-systemanalys-snart-klar\/"},"modified":"2017-03-06T08:58:32","modified_gmt":"2017-03-06T08:58:32","slug":"partnerskapets-gransoverskridande-systemanalys-snart-klar","status":"publish","type":"post","link":"https:\/\/www.kvarken.org\/en\/partnerskapets-gransoverskridande-systemanalys-snart-klar\/","title":{"rendered":"Partnerskapets gr\u00e4ns\u00f6verskridande systemanalys snart klar"},"content":{"rendered":"<p><strong>I februari samlades projektet E12 Atlantica Transports partnerskap i Mo i Rana i den sista av tre arbetsm\u00f6ten inom ramen f\u00f6r den gr\u00e4ns\u00f6verskridande systemanalysen. De 35 deltagarna best\u00e5ende av norska, svenska och finska partners l\u00e4ngs E12-korridoren fick ta del av en ny arbetsversion av kartmaterialet som beskriver f\u00f6rh\u00e5llanden l\u00e4ngs E12-str\u00e5ket. Gemensamma m\u00e5l och delm\u00e5l f\u00f6r transportsystemet diskuterades.<\/strong><\/p>\n<p>M\u00f6tesdagarna inleddes med presentationer av bl.a. ordf\u00f6rande i Mo i Rana kommun <strong>Geir Waage<\/strong> som ber\u00e4ttade om l\u00e4get och framtida planer i Mo i Rana med omnejd. D\u00e4ribland det stora flygplatsprojektet i Helgeland som kommer ha stor p\u00e5verkan f\u00f6r hela E12-korridoren om projektet f\u00f6rvekligas. Postdoktor <strong>Krister Salamonsen<\/strong> ber\u00e4ttade om ett annat projekt som kommer utveckla framtida arbetet med E12-korridoren, n\u00e4mligen det nyuppstartade Interreg\/Botnia-Atlantica finansierade projektet BA3NET. Projektet \u00e4r ett sk. systerprojekt till E12 Atlantica Transport och ska bist\u00e5 E12-projektet med analyser och underlag f\u00f6r h\u00e5llbara beslut om transportstrategier.<\/p>\n<p><img decoding=\"async\" class=\"alignnone wp-image-9312 size-full\" src=\"https:\/\/www.kvarken.org\/wp-content\/uploads\/2021\/03\/resizedimage600400-krister-salamonsen.jpg\" alt=\"\" width=\"600\" height=\"400\" srcset=\"https:\/\/www.kvarken.org\/wp-content\/uploads\/2021\/03\/resizedimage600400-krister-salamonsen.jpg 600w, https:\/\/www.kvarken.org\/wp-content\/uploads\/2021\/03\/resizedimage600400-krister-salamonsen-480x320.jpg 480w\" sizes=\"(min-width: 0px) and (max-width: 480px) 480px, (min-width: 481px) 600px, 100vw\" \/><\/p>\n<p><em>Krister Salomonsen fr\u00e5n Universitetet i Nordland ber\u00e4ttade om det nyuppstartade Interreg\/Botnia-Atlantica finansierade projektet BA3NET<br \/>\n<\/em><br \/>\nM\u00f6tesdeltagarna hade samlats i Mo i Rana f\u00f6r att forts\u00e4tta diskutera systemanalysen som p\u00e5b\u00f6rjades i h\u00f6stas. Analysen slutf\u00f6rs under v\u00e5rvintern och den syftar till att skapa en utvecklingsstrategi f\u00f6r regionens transportsystem och ska utg\u00f6ra ett underlag f\u00f6r l\u00e5ngsiktig transportplanering p\u00e5 regional och nationell niv\u00e5. Analysen utg\u00e5r fr\u00e5n hur transportsystemet fungerar idag, hur det b\u00f6r fungera om 15-35 \u00e5r och pr\u00f6var sedan olika strategier f\u00f6r att n\u00e5 m\u00e5ls\u00e4ttningarna.<\/p>\n<p>\u2013 Systemanalysen, som \u00e4ven omfattar ett interaktivt kartmaterial, slutf\u00f6rs under mars m\u00e5nad. Den utg\u00f6r en grund f\u00f6r den gr\u00e4ns\u00f6verskridande trafikstrategin som kommer utarbetas i E12 Atlantica Transport, ber\u00e4ttar Ume\u00e5 kommuns infrastrukturstrateg <strong>Andreas Forsgren<\/strong>, projektledare i projektet. \u2013 Systemanalysarbetet har utf\u00f6rts i samarbete med Ramb\u00f6ll och inom ramen f\u00f6r Ramb\u00f6lls uppdrag ing\u00e5r \u00e4ven att konstruera en metod f\u00f6r att f\u00f6lja utvecklingen i E12-str\u00e5ket \u00f6ver tid. Detta \u00f6kar kunskapen om str\u00e5ket, skapar m\u00e4tbarhet och utv\u00e4rderbarhet.<\/p>\n<p><img decoding=\"async\" class=\"alignnone size-full wp-image-9309\" src=\"https:\/\/www.kvarken.org\/wp-content\/uploads\/2021\/03\/forsgren-kopia.jpg\" alt=\"\" width=\"600\" height=\"400\" srcset=\"https:\/\/www.kvarken.org\/wp-content\/uploads\/2021\/03\/forsgren-kopia.jpg 600w, https:\/\/www.kvarken.org\/wp-content\/uploads\/2021\/03\/forsgren-kopia-480x320.jpg 480w\" sizes=\"(min-width: 0px) and (max-width: 480px) 480px, (min-width: 481px) 600px, 100vw\" \/><\/p>\n<p><em>Ume\u00e5 kommuns infrastrukturstrateg Andreas Forsgren ber\u00e4ttar att arbetet som nu slutf\u00f6rs \u00f6verf\u00f6rs till f\u00f6ljande arbetspaket och kommer p\u00e5verka \u00e4ven det sista skedet av projektet.<\/em><\/p>\n<p>Den gr\u00e4ns\u00f6verskridande systemanalysen genomf\u00f6rs i arbetspaketet Funktionellt transportstr\u00e5k som syftar till att ytterligare optimera och utveckla l\u00f6sningar f\u00f6r E12-str\u00e5ket. N\u00e4r systemanalysrapporten \u00e4r klar \u00f6verf\u00f6rs den till f\u00f6ljande skede, dvs. till arbetspaketet Gr\u00e4ns\u00f6verskridande strategier. D\u00e4r utarbetar man f\u00f6rslag till b\u00e5de strategier och studerar strukturer kring gr\u00e4ns\u00f6verskridande infrastrukturplanering.<br \/>\nUnderlagen som utvecklas i projektet utg\u00f6r en v\u00e4lutvecklad grund f\u00f6r att diskutera och utveckla former f\u00f6r framtida samverkansstrukturer, vilket sker i det tredje arbetspaketet Framtida samarbetsstrukturer.<br \/>\nVisionen \u00e4r att en tydligt formaliserad samverkan ska bidra till ett \u00f6kat samarbete, b\u00e5de i regionen, men ocks\u00e5 till angr\u00e4nsande transportkorridorer. Projektets slutresultat presenteras v\u00e5ren 2018.<\/p>\n<p>L\u00e4s mer om det Interreg\/Botnia-Atlantica finansierade E12 Atlantica Transport <a href=\"https:\/\/www.kvarken.org\/projekt\/e12-atlantica-transport\/\">h\u00e4r<\/a><br \/>\noch om BA3NET p\u00e5 <a href=\"https:\/\/www.botnia-atlantica.eu\/om-beviljade-projekt\/projektbank\/e12-atlantica-ba3net\">botnia-atlantica.eu\/om-beviljade-projekt\/projektbank\/e12-atlantica-ba3net<\/a><\/p>\n<p><img decoding=\"async\" class=\"alignnone size-medium wp-image-7620\" src=\"https:\/\/www.kvarken.org\/wp-content\/uploads\/2021\/01\/Intrerreg-BA-ENG-CMYK-300x85.jpg\" alt=\"Finansi\u00e4r Interreg Botnia-Atlanticas logoyp\" width=\"300\" height=\"85\" \/><\/p>\n","protected":false},"excerpt":{"rendered":"<p>I februari samlades projektet E12 Atlantica Transports partnerskap i Mo i Rana i den sista av tre arbetsm\u00f6ten inom ramen f\u00f6r den gr\u00e4ns\u00f6verskridande systemanalysen. De 35 deltagarna best\u00e5ende av norska, svenska och finska partners l\u00e4ngs E12-korridoren fick ta del av en ny arbetsversion av kartmaterialet som beskriver f\u00f6rh\u00e5llanden l\u00e4ngs E12-str\u00e5ket. Gemensamma m\u00e5l och delm\u00e5l f\u00f6r transportsystemet diskuterades.<\/p>\n","protected":false},"author":2,"featured_media":9309,"comment_status":"open","ping_status":"open","sticky":false,"template":"","format":"standard","meta":{"_acf_changed":false,"_et_pb_use_builder":"","_et_pb_old_content":"","_et_gb_content_width":"","footnotes":""},"categories":[12],"tags":[],"amnen":[95],"class_list":["post-9316","post","type-post","status-publish","format-standard","has-post-thumbnail","hentry","category-uncategorized","amnen-cooperation-structures"],"acf":[],"yoast_head":"<!-- This site is optimized with the Yoast SEO plugin v27.4 - https:\/\/yoast.com\/product\/yoast-seo-wordpress\/ -->\n<title>Partnerskapets gr\u00e4ns\u00f6verskridande systemanalys snart klar - Kvarkenr\u00e5det<\/title>\n<meta name=\"robots\" content=\"index, follow, max-snippet:-1, max-image-preview:large, max-video-preview:-1\" \/>\n<link rel=\"canonical\" href=\"https:\/\/www.kvarken.org\/en\/partnerskapets-gransoverskridande-systemanalys-snart-klar\/\" \/>\n<meta property=\"og:locale\" content=\"en_US\" \/>\n<meta property=\"og:type\" content=\"article\" \/>\n<meta property=\"og:title\" content=\"Partnerskapets gr\u00e4ns\u00f6verskridande systemanalys snart klar - Kvarkenr\u00e5det\" \/>\n<meta property=\"og:description\" content=\"I februari samlades projektet E12 Atlantica Transports partnerskap i Mo i Rana i den sista av tre arbetsm\u00f6ten inom ramen f\u00f6r den gr\u00e4ns\u00f6verskridande systemanalysen. De 35 deltagarna best\u00e5ende av norska, svenska och finska partners l\u00e4ngs E12-korridoren fick ta del av en ny arbetsversion av kartmaterialet som beskriver f\u00f6rh\u00e5llanden l\u00e4ngs E12-str\u00e5ket. Gemensamma m\u00e5l och delm\u00e5l f\u00f6r transportsystemet diskuterades.\" \/>\n<meta property=\"og:url\" content=\"https:\/\/www.kvarken.org\/en\/partnerskapets-gransoverskridande-systemanalys-snart-klar\/\" \/>\n<meta property=\"og:site_name\" content=\"Kvarkenr\u00e5det\" \/>\n<meta property=\"article:published_time\" content=\"2017-03-06T08:58:32+00:00\" \/>\n<meta property=\"og:image\" content=\"https:\/\/www.kvarken.org\/wp-content\/uploads\/2021\/03\/forsgren-kopia.jpg\" \/>\n\t<meta property=\"og:image:width\" content=\"600\" \/>\n\t<meta property=\"og:image:height\" content=\"400\" \/>\n\t<meta property=\"og:image:type\" content=\"image\/jpeg\" \/>\n<meta name=\"author\" content=\"jokommunikation_agency\" \/>\n<meta name=\"twitter:card\" content=\"summary_large_image\" \/>\n<meta name=\"twitter:label1\" content=\"Written by\" \/>\n\t<meta name=\"twitter:data1\" content=\"jokommunikation_agency\" \/>\n\t<meta name=\"twitter:label2\" content=\"Est. reading time\" \/>\n\t<meta name=\"twitter:data2\" content=\"3 minutes\" \/>\n<script type=\"application\/ld+json\" class=\"yoast-schema-graph\">{\"@context\":\"https:\\\/\\\/schema.org\",\"@graph\":[{\"@type\":\"Article\",\"@id\":\"https:\\\/\\\/www.kvarken.org\\\/en\\\/partnerskapets-gransoverskridande-systemanalys-snart-klar\\\/#article\",\"isPartOf\":{\"@id\":\"https:\\\/\\\/www.kvarken.org\\\/en\\\/partnerskapets-gransoverskridande-systemanalys-snart-klar\\\/\"},\"author\":{\"name\":\"jokommunikation_agency\",\"@id\":\"https:\\\/\\\/www.kvarken.org\\\/en\\\/#\\\/schema\\\/person\\\/c0191caa861afff47bc50292a6905da2\"},\"headline\":\"Partnerskapets gr\u00e4ns\u00f6verskridande systemanalys snart klar\",\"datePublished\":\"2017-03-06T08:58:32+00:00\",\"mainEntityOfPage\":{\"@id\":\"https:\\\/\\\/www.kvarken.org\\\/en\\\/partnerskapets-gransoverskridande-systemanalys-snart-klar\\\/\"},\"wordCount\":554,\"commentCount\":0,\"image\":{\"@id\":\"https:\\\/\\\/www.kvarken.org\\\/en\\\/partnerskapets-gransoverskridande-systemanalys-snart-klar\\\/#primaryimage\"},\"thumbnailUrl\":\"https:\\\/\\\/www.kvarken.org\\\/wp-content\\\/uploads\\\/2021\\\/03\\\/forsgren-kopia.jpg\",\"inLanguage\":\"en-US\",\"potentialAction\":[{\"@type\":\"CommentAction\",\"name\":\"Comment\",\"target\":[\"https:\\\/\\\/www.kvarken.org\\\/en\\\/partnerskapets-gransoverskridande-systemanalys-snart-klar\\\/#respond\"]}]},{\"@type\":\"WebPage\",\"@id\":\"https:\\\/\\\/www.kvarken.org\\\/en\\\/partnerskapets-gransoverskridande-systemanalys-snart-klar\\\/\",\"url\":\"https:\\\/\\\/www.kvarken.org\\\/en\\\/partnerskapets-gransoverskridande-systemanalys-snart-klar\\\/\",\"name\":\"Partnerskapets gr\u00e4ns\u00f6verskridande systemanalys snart klar - Kvarkenr\u00e5det\",\"isPartOf\":{\"@id\":\"https:\\\/\\\/www.kvarken.org\\\/en\\\/#website\"},\"primaryImageOfPage\":{\"@id\":\"https:\\\/\\\/www.kvarken.org\\\/en\\\/partnerskapets-gransoverskridande-systemanalys-snart-klar\\\/#primaryimage\"},\"image\":{\"@id\":\"https:\\\/\\\/www.kvarken.org\\\/en\\\/partnerskapets-gransoverskridande-systemanalys-snart-klar\\\/#primaryimage\"},\"thumbnailUrl\":\"https:\\\/\\\/www.kvarken.org\\\/wp-content\\\/uploads\\\/2021\\\/03\\\/forsgren-kopia.jpg\",\"datePublished\":\"2017-03-06T08:58:32+00:00\",\"author\":{\"@id\":\"https:\\\/\\\/www.kvarken.org\\\/en\\\/#\\\/schema\\\/person\\\/c0191caa861afff47bc50292a6905da2\"},\"breadcrumb\":{\"@id\":\"https:\\\/\\\/www.kvarken.org\\\/en\\\/partnerskapets-gransoverskridande-systemanalys-snart-klar\\\/#breadcrumb\"},\"inLanguage\":\"en-US\",\"potentialAction\":[{\"@type\":\"ReadAction\",\"target\":[\"https:\\\/\\\/www.kvarken.org\\\/en\\\/partnerskapets-gransoverskridande-systemanalys-snart-klar\\\/\"]}]},{\"@type\":\"ImageObject\",\"inLanguage\":\"en-US\",\"@id\":\"https:\\\/\\\/www.kvarken.org\\\/en\\\/partnerskapets-gransoverskridande-systemanalys-snart-klar\\\/#primaryimage\",\"url\":\"https:\\\/\\\/www.kvarken.org\\\/wp-content\\\/uploads\\\/2021\\\/03\\\/forsgren-kopia.jpg\",\"contentUrl\":\"https:\\\/\\\/www.kvarken.org\\\/wp-content\\\/uploads\\\/2021\\\/03\\\/forsgren-kopia.jpg\",\"width\":600,\"height\":400},{\"@type\":\"BreadcrumbList\",\"@id\":\"https:\\\/\\\/www.kvarken.org\\\/en\\\/partnerskapets-gransoverskridande-systemanalys-snart-klar\\\/#breadcrumb\",\"itemListElement\":[{\"@type\":\"ListItem\",\"position\":1,\"name\":\"Hem\",\"item\":\"https:\\\/\\\/www.kvarken.org\\\/en\\\/\"},{\"@type\":\"ListItem\",\"position\":2,\"name\":\"Partnerskapets gr\u00e4ns\u00f6verskridande systemanalys snart klar\"}]},{\"@type\":\"WebSite\",\"@id\":\"https:\\\/\\\/www.kvarken.org\\\/en\\\/#website\",\"url\":\"https:\\\/\\\/www.kvarken.org\\\/en\\\/\",\"name\":\"Kvarkenr\u00e5det\",\"description\":\"\",\"potentialAction\":[{\"@type\":\"SearchAction\",\"target\":{\"@type\":\"EntryPoint\",\"urlTemplate\":\"https:\\\/\\\/www.kvarken.org\\\/en\\\/?s={search_term_string}\"},\"query-input\":{\"@type\":\"PropertyValueSpecification\",\"valueRequired\":true,\"valueName\":\"search_term_string\"}}],\"inLanguage\":\"en-US\"},{\"@type\":\"Person\",\"@id\":\"https:\\\/\\\/www.kvarken.org\\\/en\\\/#\\\/schema\\\/person\\\/c0191caa861afff47bc50292a6905da2\",\"name\":\"jokommunikation_agency\",\"image\":{\"@type\":\"ImageObject\",\"inLanguage\":\"en-US\",\"@id\":\"https:\\\/\\\/secure.gravatar.com\\\/avatar\\\/747179557db7fa831269f4829d55b0109a7684b8dd784a3f8f606bce8610f828?s=96&d=mm&r=g\",\"url\":\"https:\\\/\\\/secure.gravatar.com\\\/avatar\\\/747179557db7fa831269f4829d55b0109a7684b8dd784a3f8f606bce8610f828?s=96&d=mm&r=g\",\"contentUrl\":\"https:\\\/\\\/secure.gravatar.com\\\/avatar\\\/747179557db7fa831269f4829d55b0109a7684b8dd784a3f8f606bce8610f828?s=96&d=mm&r=g\",\"caption\":\"jokommunikation_agency\"}}]}<\/script>\n<!-- \/ Yoast SEO plugin. -->","yoast_head_json":{"title":"Partnerskapets gr\u00e4ns\u00f6verskridande systemanalys snart klar - Kvarkenr\u00e5det","robots":{"index":"index","follow":"follow","max-snippet":"max-snippet:-1","max-image-preview":"max-image-preview:large","max-video-preview":"max-video-preview:-1"},"canonical":"https:\/\/www.kvarken.org\/en\/partnerskapets-gransoverskridande-systemanalys-snart-klar\/","og_locale":"en_US","og_type":"article","og_title":"Partnerskapets gr\u00e4ns\u00f6verskridande systemanalys snart klar - Kvarkenr\u00e5det","og_description":"I februari samlades projektet E12 Atlantica Transports partnerskap i Mo i Rana i den sista av tre arbetsm\u00f6ten inom ramen f\u00f6r den gr\u00e4ns\u00f6verskridande systemanalysen. De 35 deltagarna best\u00e5ende av norska, svenska och finska partners l\u00e4ngs E12-korridoren fick ta del av en ny arbetsversion av kartmaterialet som beskriver f\u00f6rh\u00e5llanden l\u00e4ngs E12-str\u00e5ket. Gemensamma m\u00e5l och delm\u00e5l f\u00f6r transportsystemet diskuterades.","og_url":"https:\/\/www.kvarken.org\/en\/partnerskapets-gransoverskridande-systemanalys-snart-klar\/","og_site_name":"Kvarkenr\u00e5det","article_published_time":"2017-03-06T08:58:32+00:00","og_image":[{"width":600,"height":400,"url":"https:\/\/www.kvarken.org\/wp-content\/uploads\/2021\/03\/forsgren-kopia.jpg","type":"image\/jpeg"}],"author":"jokommunikation_agency","twitter_card":"summary_large_image","twitter_misc":{"Written by":"jokommunikation_agency","Est. reading time":"3 minutes"},"schema":{"@context":"https:\/\/schema.org","@graph":[{"@type":"Article","@id":"https:\/\/www.kvarken.org\/en\/partnerskapets-gransoverskridande-systemanalys-snart-klar\/#article","isPartOf":{"@id":"https:\/\/www.kvarken.org\/en\/partnerskapets-gransoverskridande-systemanalys-snart-klar\/"},"author":{"name":"jokommunikation_agency","@id":"https:\/\/www.kvarken.org\/en\/#\/schema\/person\/c0191caa861afff47bc50292a6905da2"},"headline":"Partnerskapets gr\u00e4ns\u00f6verskridande systemanalys snart klar","datePublished":"2017-03-06T08:58:32+00:00","mainEntityOfPage":{"@id":"https:\/\/www.kvarken.org\/en\/partnerskapets-gransoverskridande-systemanalys-snart-klar\/"},"wordCount":554,"commentCount":0,"image":{"@id":"https:\/\/www.kvarken.org\/en\/partnerskapets-gransoverskridande-systemanalys-snart-klar\/#primaryimage"},"thumbnailUrl":"https:\/\/www.kvarken.org\/wp-content\/uploads\/2021\/03\/forsgren-kopia.jpg","inLanguage":"en-US","potentialAction":[{"@type":"CommentAction","name":"Comment","target":["https:\/\/www.kvarken.org\/en\/partnerskapets-gransoverskridande-systemanalys-snart-klar\/#respond"]}]},{"@type":"WebPage","@id":"https:\/\/www.kvarken.org\/en\/partnerskapets-gransoverskridande-systemanalys-snart-klar\/","url":"https:\/\/www.kvarken.org\/en\/partnerskapets-gransoverskridande-systemanalys-snart-klar\/","name":"Partnerskapets gr\u00e4ns\u00f6verskridande systemanalys snart klar - Kvarkenr\u00e5det","isPartOf":{"@id":"https:\/\/www.kvarken.org\/en\/#website"},"primaryImageOfPage":{"@id":"https:\/\/www.kvarken.org\/en\/partnerskapets-gransoverskridande-systemanalys-snart-klar\/#primaryimage"},"image":{"@id":"https:\/\/www.kvarken.org\/en\/partnerskapets-gransoverskridande-systemanalys-snart-klar\/#primaryimage"},"thumbnailUrl":"https:\/\/www.kvarken.org\/wp-content\/uploads\/2021\/03\/forsgren-kopia.jpg","datePublished":"2017-03-06T08:58:32+00:00","author":{"@id":"https:\/\/www.kvarken.org\/en\/#\/schema\/person\/c0191caa861afff47bc50292a6905da2"},"breadcrumb":{"@id":"https:\/\/www.kvarken.org\/en\/partnerskapets-gransoverskridande-systemanalys-snart-klar\/#breadcrumb"},"inLanguage":"en-US","potentialAction":[{"@type":"ReadAction","target":["https:\/\/www.kvarken.org\/en\/partnerskapets-gransoverskridande-systemanalys-snart-klar\/"]}]},{"@type":"ImageObject","inLanguage":"en-US","@id":"https:\/\/www.kvarken.org\/en\/partnerskapets-gransoverskridande-systemanalys-snart-klar\/#primaryimage","url":"https:\/\/www.kvarken.org\/wp-content\/uploads\/2021\/03\/forsgren-kopia.jpg","contentUrl":"https:\/\/www.kvarken.org\/wp-content\/uploads\/2021\/03\/forsgren-kopia.jpg","width":600,"height":400},{"@type":"BreadcrumbList","@id":"https:\/\/www.kvarken.org\/en\/partnerskapets-gransoverskridande-systemanalys-snart-klar\/#breadcrumb","itemListElement":[{"@type":"ListItem","position":1,"name":"Hem","item":"https:\/\/www.kvarken.org\/en\/"},{"@type":"ListItem","position":2,"name":"Partnerskapets gr\u00e4ns\u00f6verskridande systemanalys snart klar"}]},{"@type":"WebSite","@id":"https:\/\/www.kvarken.org\/en\/#website","url":"https:\/\/www.kvarken.org\/en\/","name":"Kvarkenr\u00e5det","description":"","potentialAction":[{"@type":"SearchAction","target":{"@type":"EntryPoint","urlTemplate":"https:\/\/www.kvarken.org\/en\/?s={search_term_string}"},"query-input":{"@type":"PropertyValueSpecification","valueRequired":true,"valueName":"search_term_string"}}],"inLanguage":"en-US"},{"@type":"Person","@id":"https:\/\/www.kvarken.org\/en\/#\/schema\/person\/c0191caa861afff47bc50292a6905da2","name":"jokommunikation_agency","image":{"@type":"ImageObject","inLanguage":"en-US","@id":"https:\/\/secure.gravatar.com\/avatar\/747179557db7fa831269f4829d55b0109a7684b8dd784a3f8f606bce8610f828?s=96&d=mm&r=g","url":"https:\/\/secure.gravatar.com\/avatar\/747179557db7fa831269f4829d55b0109a7684b8dd784a3f8f606bce8610f828?s=96&d=mm&r=g","contentUrl":"https:\/\/secure.gravatar.com\/avatar\/747179557db7fa831269f4829d55b0109a7684b8dd784a3f8f606bce8610f828?s=96&d=mm&r=g","caption":"jokommunikation_agency"}}]}},"_links":{"self":[{"href":"https:\/\/www.kvarken.org\/en\/wp-json\/wp\/v2\/posts\/9316","targetHints":{"allow":["GET"]}}],"collection":[{"href":"https:\/\/www.kvarken.org\/en\/wp-json\/wp\/v2\/posts"}],"about":[{"href":"https:\/\/www.kvarken.org\/en\/wp-json\/wp\/v2\/types\/post"}],"author":[{"embeddable":true,"href":"https:\/\/www.kvarken.org\/en\/wp-json\/wp\/v2\/users\/2"}],"replies":[{"embeddable":true,"href":"https:\/\/www.kvarken.org\/en\/wp-json\/wp\/v2\/comments?post=9316"}],"version-history":[{"count":0,"href":"https:\/\/www.kvarken.org\/en\/wp-json\/wp\/v2\/posts\/9316\/revisions"}],"wp:featuredmedia":[{"embeddable":true,"href":"https:\/\/www.kvarken.org\/en\/wp-json\/wp\/v2\/media\/9309"}],"wp:attachment":[{"href":"https:\/\/www.kvarken.org\/en\/wp-json\/wp\/v2\/media?parent=9316"}],"wp:term":[{"taxonomy":"category","embeddable":true,"href":"https:\/\/www.kvarken.org\/en\/wp-json\/wp\/v2\/categories?post=9316"},{"taxonomy":"post_tag","embeddable":true,"href":"https:\/\/www.kvarken.org\/en\/wp-json\/wp\/v2\/tags?post=9316"},{"taxonomy":"amnen","embeddable":true,"href":"https:\/\/www.kvarken.org\/en\/wp-json\/wp\/v2\/amnen?post=9316"}],"curies":[{"name":"wp","href":"https:\/\/api.w.org\/{rel}","templated":true}]}}