{"id":9328,"date":"2017-03-27T09:10:43","date_gmt":"2017-03-27T09:10:43","guid":{"rendered":"https:\/\/kvarken.org\/green-light-for-new-international-airport-in-mo-i-rana\/"},"modified":"2017-03-27T09:10:43","modified_gmt":"2017-03-27T09:10:43","slug":"green-light-for-new-international-airport-in-mo-i-rana","status":"publish","type":"post","link":"https:\/\/www.kvarken.org\/en\/green-light-for-new-international-airport-in-mo-i-rana\/","title":{"rendered":"Green light for new international airport in Mo i Rana"},"content":{"rendered":"<p><em><strong>The partners in the project E12 Atlantica Transport were delighted to receive a couple of weeks ago the news they have been working for in ten years. The Norwegian government showed green light for the construction of a new international airport in the vicinity of Mo i Rana.<\/strong><\/em><\/p>\n<p><em><img decoding=\"async\" class=\"alignnone size-full wp-image-9320\" src=\"https:\/\/www.kvarken.org\/wp-content\/uploads\/2021\/03\/resizedimage600423-lufthavnutvikling.no-csm-Flyplass-med-Nordlys-5c74f845ca.jpg\" alt=\"\" width=\"600\" height=\"423\" srcset=\"https:\/\/www.kvarken.org\/wp-content\/uploads\/2021\/03\/resizedimage600423-lufthavnutvikling.no-csm-Flyplass-med-Nordlys-5c74f845ca.jpg 600w, https:\/\/www.kvarken.org\/wp-content\/uploads\/2021\/03\/resizedimage600423-lufthavnutvikling.no-csm-Flyplass-med-Nordlys-5c74f845ca-480x338.jpg 480w\" sizes=\"(min-width: 0px) and (max-width: 480px) 480px, (min-width: 481px) 600px, 100vw\" \/><\/em><em>The airport and northern lights. Picture: Nordic Office of Architecture<\/p>\n<p><\/em>The Norwegian government has reserved 1.47 milliard Norwegian krone for the construction of a new airport in Helgeland, between Mo i Rana in Norway and Hemavan in Sweden. The project is included in the national transport plan, stretching from 2018 till 2029. In addition, Rana Municipality and enterprises in Mo i Rana will invest 600 million krone, in order to have the project started as soon as possible. The entire airport project will cost two milliard krone if the construction of adjoining roads is included in the price. <\/p>\n<p>\u2013 We are utterly delighted with this piece of news. What we now witness is the result of cooperation between politicians from all parties, municipalities, and business life. Our ambition is to start the construction work in 2018. If everything goes smoothly the airport with a 2,400-metre runway \u2013 enabling planes with up to 200 passengers to land there \u2013 will be ready in 2020\/2021, says <strong>Mr Henrik Johansen<\/strong>, managing director of Polarsirkelen Lufthavnutvikling AS development company.<\/p>\n<p><strong>Mr Geir Waage<\/strong>, chairman of the municipal council in Mo i Rana, agrees: \u2013 The government\u2019s decision to build a new big airport in Helgeland may prove just as important as Storting\u2019s (Norwegian parliament\u2019s) decision in 1946 to establish an ironworks in Mo i Rana. The socio-economic benefits will be huge. We are not only an important tourist area but also a competitive industrial region. \u2013 Both the public and the private sectors in our region will benefit hugely from the optimism created by the new airport. It will bring in more jobs, more inhabitants, the industries will grown, businesses likewise. Optimism creates investments which, in turn, create jobs. Jobs attract new inhabitants and new optimism, Waage continues. <\/p>\n<p>Optimism is noticeable also on the Swedish side of the E12 corridor.<strong> Mr Tomas M\u00f6rtsell<\/strong>, chairman of the municipal council of Storuman, finds this project very valuable: <br \/>\u2013 We have good cross-border cooperation here and the airport will have a positive impact. We in the Munipality of Storuman recognize that there will be more jobs in the construction stage, but the tourism industry will get the biggest benefits. A ride from the airport e.g. to T\u00e4rnafj\u00e4llen ski resort takes only one hour, a very short time in the international perspective.<\/p>\n<p>The progress of the airport project will influence also the work carried out in our joint cross-border projects, E12 Atlantica Transport and MABA II, which continue the work done in Midway Alignment. Both of these projects aim at strengthening the transport route from Mo i Rana on the Atlantic coast in Norway across Sweden and the Kvarken Strait to Ostrobothnia in Finland. <\/p>\n<p>\u2013 Our warmest congratulations! This is a perfect example of what can be achieved through cooperation. The airport project will have a huge impact along the entire E12 corridor and it will greatly influence both the travel patterns and infrastructure planning of the corridor. At the same time, it generates further optimism and faith in the future in the entire Kvarken region, adds <strong>Mr Joakim Strand<\/strong>, MP in the Finnish parliament and chairman of the Board of the Kvarken Council.<\/p>\n<p>Further information: <a href=\"http:\/\/lufthavnutvikling.no\/\">http:\/\/lufthavnutvikling.no<\/a><\/p>\n<p><img decoding=\"async\" class=\"alignnone size-full wp-image-8337\" src=\"https:\/\/www.kvarken.org\/wp-content\/uploads\/2021\/02\/resizedimage34998-Intrerreg-BA-ENG-RGB2-300x84.png\" alt=\"\" width=\"300\" height=\"84\" \/><\/p>\n<p><em>E12 Atlantica Transport &#8211; The project is a cross-border cooperation between partners in Finland, Sweden and Norway along the E12, focusing on development of a functional multi-modal transport route for goods and passengers, joint strategies for cross-border planning and future cooperation structures.<\/em><\/p>\n<p><em>E12 Atlantica Transport partners<\/em><br \/><em>Kvarken Council (Lead part, FI), MidtSkandia (NO), Bl\u00e5 V\u00e4gen (SE) Region V\u00e4sterbotten (SE), Regional Council of Ostrobothnia (FI), Nordland fylkeskommune (NO) Vaasa Regional Development Company VASEK (FI), Ume\u00e5 Municipality (SE), V\u00e4nn\u00e4s Municipality (SE), Vindeln Municipality (SE), Lycksele Municipality (SE), Storuman Municipality (SE), Infrastruktur i Ume\u00e5 AB INAB (SE), Rana Utviklingsselskap AS (NO), Rana Municipality (NO), Polarsirkelen Lufthavnutvikling\u00a0(NO), Port of Mo i Rana (NO), Mo Industripark AS (NO), Alastahaug havnevesen KF (NO), Helgeland Havn IKS (NO)<\/em><\/p>\n","protected":false},"excerpt":{"rendered":"<p>The partners in the project E12 Atlantica Transport were delighted to receive a couple of weeks ago the news they have been working for in ten years. The Norwegian government showed green light for the construction of a new international airport in the vicinity of Mo i Rana.<\/p>\n","protected":false},"author":2,"featured_media":9320,"comment_status":"open","ping_status":"open","sticky":false,"template":"","format":"standard","meta":{"_acf_changed":false,"_et_pb_use_builder":"","_et_pb_old_content":"","_et_gb_content_width":"","footnotes":""},"categories":[12],"tags":[],"amnen":[95,90],"class_list":["post-9328","post","type-post","status-publish","format-standard","has-post-thumbnail","hentry","category-uncategorized","amnen-cooperation-structures","amnen-infrastructure"],"acf":[],"yoast_head":"<!-- This site is optimized with the Yoast SEO plugin v27.4 - https:\/\/yoast.com\/product\/yoast-seo-wordpress\/ -->\n<title>Green light for new international airport in Mo i Rana - Kvarkenr\u00e5det<\/title>\n<meta name=\"robots\" content=\"index, follow, max-snippet:-1, max-image-preview:large, max-video-preview:-1\" \/>\n<link rel=\"canonical\" href=\"https:\/\/www.kvarken.org\/en\/green-light-for-new-international-airport-in-mo-i-rana\/\" \/>\n<meta property=\"og:locale\" content=\"en_US\" \/>\n<meta property=\"og:type\" content=\"article\" \/>\n<meta property=\"og:title\" content=\"Green light for new international airport in Mo i Rana - Kvarkenr\u00e5det\" \/>\n<meta property=\"og:description\" content=\"The partners in the project E12 Atlantica Transport were delighted to receive a couple of weeks ago the news they have been working for in ten years. The Norwegian government showed green light for the construction of a new international airport in the vicinity of Mo i Rana.\" \/>\n<meta property=\"og:url\" content=\"https:\/\/www.kvarken.org\/en\/green-light-for-new-international-airport-in-mo-i-rana\/\" \/>\n<meta property=\"og:site_name\" content=\"Kvarkenr\u00e5det\" \/>\n<meta property=\"article:published_time\" content=\"2017-03-27T09:10:43+00:00\" \/>\n<meta property=\"og:image\" content=\"https:\/\/www.kvarken.org\/wp-content\/uploads\/2021\/03\/resizedimage600423-lufthavnutvikling.no-csm-Flyplass-med-Nordlys-5c74f845ca.jpg\" \/>\n\t<meta property=\"og:image:width\" content=\"600\" \/>\n\t<meta property=\"og:image:height\" content=\"423\" \/>\n\t<meta property=\"og:image:type\" content=\"image\/jpeg\" \/>\n<meta name=\"author\" content=\"jokommunikation_agency\" \/>\n<meta name=\"twitter:card\" content=\"summary_large_image\" \/>\n<meta name=\"twitter:label1\" content=\"Written by\" \/>\n\t<meta name=\"twitter:data1\" content=\"jokommunikation_agency\" \/>\n\t<meta name=\"twitter:label2\" content=\"Est. reading time\" \/>\n\t<meta name=\"twitter:data2\" content=\"3 minutes\" \/>\n<script type=\"application\/ld+json\" class=\"yoast-schema-graph\">{\"@context\":\"https:\\\/\\\/schema.org\",\"@graph\":[{\"@type\":\"Article\",\"@id\":\"https:\\\/\\\/www.kvarken.org\\\/en\\\/green-light-for-new-international-airport-in-mo-i-rana\\\/#article\",\"isPartOf\":{\"@id\":\"https:\\\/\\\/www.kvarken.org\\\/en\\\/green-light-for-new-international-airport-in-mo-i-rana\\\/\"},\"author\":{\"name\":\"jokommunikation_agency\",\"@id\":\"https:\\\/\\\/www.kvarken.org\\\/en\\\/#\\\/schema\\\/person\\\/c0191caa861afff47bc50292a6905da2\"},\"headline\":\"Green light for new international airport in Mo i Rana\",\"datePublished\":\"2017-03-27T09:10:43+00:00\",\"mainEntityOfPage\":{\"@id\":\"https:\\\/\\\/www.kvarken.org\\\/en\\\/green-light-for-new-international-airport-in-mo-i-rana\\\/\"},\"wordCount\":706,\"commentCount\":0,\"image\":{\"@id\":\"https:\\\/\\\/www.kvarken.org\\\/en\\\/green-light-for-new-international-airport-in-mo-i-rana\\\/#primaryimage\"},\"thumbnailUrl\":\"https:\\\/\\\/www.kvarken.org\\\/wp-content\\\/uploads\\\/2021\\\/03\\\/resizedimage600423-lufthavnutvikling.no-csm-Flyplass-med-Nordlys-5c74f845ca.jpg\",\"inLanguage\":\"en-US\",\"potentialAction\":[{\"@type\":\"CommentAction\",\"name\":\"Comment\",\"target\":[\"https:\\\/\\\/www.kvarken.org\\\/en\\\/green-light-for-new-international-airport-in-mo-i-rana\\\/#respond\"]}]},{\"@type\":\"WebPage\",\"@id\":\"https:\\\/\\\/www.kvarken.org\\\/en\\\/green-light-for-new-international-airport-in-mo-i-rana\\\/\",\"url\":\"https:\\\/\\\/www.kvarken.org\\\/en\\\/green-light-for-new-international-airport-in-mo-i-rana\\\/\",\"name\":\"Green light for new international airport in Mo i Rana - Kvarkenr\u00e5det\",\"isPartOf\":{\"@id\":\"https:\\\/\\\/www.kvarken.org\\\/en\\\/#website\"},\"primaryImageOfPage\":{\"@id\":\"https:\\\/\\\/www.kvarken.org\\\/en\\\/green-light-for-new-international-airport-in-mo-i-rana\\\/#primaryimage\"},\"image\":{\"@id\":\"https:\\\/\\\/www.kvarken.org\\\/en\\\/green-light-for-new-international-airport-in-mo-i-rana\\\/#primaryimage\"},\"thumbnailUrl\":\"https:\\\/\\\/www.kvarken.org\\\/wp-content\\\/uploads\\\/2021\\\/03\\\/resizedimage600423-lufthavnutvikling.no-csm-Flyplass-med-Nordlys-5c74f845ca.jpg\",\"datePublished\":\"2017-03-27T09:10:43+00:00\",\"author\":{\"@id\":\"https:\\\/\\\/www.kvarken.org\\\/en\\\/#\\\/schema\\\/person\\\/c0191caa861afff47bc50292a6905da2\"},\"breadcrumb\":{\"@id\":\"https:\\\/\\\/www.kvarken.org\\\/en\\\/green-light-for-new-international-airport-in-mo-i-rana\\\/#breadcrumb\"},\"inLanguage\":\"en-US\",\"potentialAction\":[{\"@type\":\"ReadAction\",\"target\":[\"https:\\\/\\\/www.kvarken.org\\\/en\\\/green-light-for-new-international-airport-in-mo-i-rana\\\/\"]}]},{\"@type\":\"ImageObject\",\"inLanguage\":\"en-US\",\"@id\":\"https:\\\/\\\/www.kvarken.org\\\/en\\\/green-light-for-new-international-airport-in-mo-i-rana\\\/#primaryimage\",\"url\":\"https:\\\/\\\/www.kvarken.org\\\/wp-content\\\/uploads\\\/2021\\\/03\\\/resizedimage600423-lufthavnutvikling.no-csm-Flyplass-med-Nordlys-5c74f845ca.jpg\",\"contentUrl\":\"https:\\\/\\\/www.kvarken.org\\\/wp-content\\\/uploads\\\/2021\\\/03\\\/resizedimage600423-lufthavnutvikling.no-csm-Flyplass-med-Nordlys-5c74f845ca.jpg\",\"width\":600,\"height\":423},{\"@type\":\"BreadcrumbList\",\"@id\":\"https:\\\/\\\/www.kvarken.org\\\/en\\\/green-light-for-new-international-airport-in-mo-i-rana\\\/#breadcrumb\",\"itemListElement\":[{\"@type\":\"ListItem\",\"position\":1,\"name\":\"Hem\",\"item\":\"https:\\\/\\\/www.kvarken.org\\\/en\\\/\"},{\"@type\":\"ListItem\",\"position\":2,\"name\":\"Green light for new international airport in Mo i Rana\"}]},{\"@type\":\"WebSite\",\"@id\":\"https:\\\/\\\/www.kvarken.org\\\/en\\\/#website\",\"url\":\"https:\\\/\\\/www.kvarken.org\\\/en\\\/\",\"name\":\"Kvarkenr\u00e5det\",\"description\":\"\",\"potentialAction\":[{\"@type\":\"SearchAction\",\"target\":{\"@type\":\"EntryPoint\",\"urlTemplate\":\"https:\\\/\\\/www.kvarken.org\\\/en\\\/?s={search_term_string}\"},\"query-input\":{\"@type\":\"PropertyValueSpecification\",\"valueRequired\":true,\"valueName\":\"search_term_string\"}}],\"inLanguage\":\"en-US\"},{\"@type\":\"Person\",\"@id\":\"https:\\\/\\\/www.kvarken.org\\\/en\\\/#\\\/schema\\\/person\\\/c0191caa861afff47bc50292a6905da2\",\"name\":\"jokommunikation_agency\",\"image\":{\"@type\":\"ImageObject\",\"inLanguage\":\"en-US\",\"@id\":\"https:\\\/\\\/secure.gravatar.com\\\/avatar\\\/747179557db7fa831269f4829d55b0109a7684b8dd784a3f8f606bce8610f828?s=96&d=mm&r=g\",\"url\":\"https:\\\/\\\/secure.gravatar.com\\\/avatar\\\/747179557db7fa831269f4829d55b0109a7684b8dd784a3f8f606bce8610f828?s=96&d=mm&r=g\",\"contentUrl\":\"https:\\\/\\\/secure.gravatar.com\\\/avatar\\\/747179557db7fa831269f4829d55b0109a7684b8dd784a3f8f606bce8610f828?s=96&d=mm&r=g\",\"caption\":\"jokommunikation_agency\"}}]}<\/script>\n<!-- \/ Yoast SEO plugin. -->","yoast_head_json":{"title":"Green light for new international airport in Mo i Rana - Kvarkenr\u00e5det","robots":{"index":"index","follow":"follow","max-snippet":"max-snippet:-1","max-image-preview":"max-image-preview:large","max-video-preview":"max-video-preview:-1"},"canonical":"https:\/\/www.kvarken.org\/en\/green-light-for-new-international-airport-in-mo-i-rana\/","og_locale":"en_US","og_type":"article","og_title":"Green light for new international airport in Mo i Rana - Kvarkenr\u00e5det","og_description":"The partners in the project E12 Atlantica Transport were delighted to receive a couple of weeks ago the news they have been working for in ten years. The Norwegian government showed green light for the construction of a new international airport in the vicinity of Mo i Rana.","og_url":"https:\/\/www.kvarken.org\/en\/green-light-for-new-international-airport-in-mo-i-rana\/","og_site_name":"Kvarkenr\u00e5det","article_published_time":"2017-03-27T09:10:43+00:00","og_image":[{"width":600,"height":423,"url":"https:\/\/www.kvarken.org\/wp-content\/uploads\/2021\/03\/resizedimage600423-lufthavnutvikling.no-csm-Flyplass-med-Nordlys-5c74f845ca.jpg","type":"image\/jpeg"}],"author":"jokommunikation_agency","twitter_card":"summary_large_image","twitter_misc":{"Written by":"jokommunikation_agency","Est. reading time":"3 minutes"},"schema":{"@context":"https:\/\/schema.org","@graph":[{"@type":"Article","@id":"https:\/\/www.kvarken.org\/en\/green-light-for-new-international-airport-in-mo-i-rana\/#article","isPartOf":{"@id":"https:\/\/www.kvarken.org\/en\/green-light-for-new-international-airport-in-mo-i-rana\/"},"author":{"name":"jokommunikation_agency","@id":"https:\/\/www.kvarken.org\/en\/#\/schema\/person\/c0191caa861afff47bc50292a6905da2"},"headline":"Green light for new international airport in Mo i Rana","datePublished":"2017-03-27T09:10:43+00:00","mainEntityOfPage":{"@id":"https:\/\/www.kvarken.org\/en\/green-light-for-new-international-airport-in-mo-i-rana\/"},"wordCount":706,"commentCount":0,"image":{"@id":"https:\/\/www.kvarken.org\/en\/green-light-for-new-international-airport-in-mo-i-rana\/#primaryimage"},"thumbnailUrl":"https:\/\/www.kvarken.org\/wp-content\/uploads\/2021\/03\/resizedimage600423-lufthavnutvikling.no-csm-Flyplass-med-Nordlys-5c74f845ca.jpg","inLanguage":"en-US","potentialAction":[{"@type":"CommentAction","name":"Comment","target":["https:\/\/www.kvarken.org\/en\/green-light-for-new-international-airport-in-mo-i-rana\/#respond"]}]},{"@type":"WebPage","@id":"https:\/\/www.kvarken.org\/en\/green-light-for-new-international-airport-in-mo-i-rana\/","url":"https:\/\/www.kvarken.org\/en\/green-light-for-new-international-airport-in-mo-i-rana\/","name":"Green light for new international airport in Mo i Rana - Kvarkenr\u00e5det","isPartOf":{"@id":"https:\/\/www.kvarken.org\/en\/#website"},"primaryImageOfPage":{"@id":"https:\/\/www.kvarken.org\/en\/green-light-for-new-international-airport-in-mo-i-rana\/#primaryimage"},"image":{"@id":"https:\/\/www.kvarken.org\/en\/green-light-for-new-international-airport-in-mo-i-rana\/#primaryimage"},"thumbnailUrl":"https:\/\/www.kvarken.org\/wp-content\/uploads\/2021\/03\/resizedimage600423-lufthavnutvikling.no-csm-Flyplass-med-Nordlys-5c74f845ca.jpg","datePublished":"2017-03-27T09:10:43+00:00","author":{"@id":"https:\/\/www.kvarken.org\/en\/#\/schema\/person\/c0191caa861afff47bc50292a6905da2"},"breadcrumb":{"@id":"https:\/\/www.kvarken.org\/en\/green-light-for-new-international-airport-in-mo-i-rana\/#breadcrumb"},"inLanguage":"en-US","potentialAction":[{"@type":"ReadAction","target":["https:\/\/www.kvarken.org\/en\/green-light-for-new-international-airport-in-mo-i-rana\/"]}]},{"@type":"ImageObject","inLanguage":"en-US","@id":"https:\/\/www.kvarken.org\/en\/green-light-for-new-international-airport-in-mo-i-rana\/#primaryimage","url":"https:\/\/www.kvarken.org\/wp-content\/uploads\/2021\/03\/resizedimage600423-lufthavnutvikling.no-csm-Flyplass-med-Nordlys-5c74f845ca.jpg","contentUrl":"https:\/\/www.kvarken.org\/wp-content\/uploads\/2021\/03\/resizedimage600423-lufthavnutvikling.no-csm-Flyplass-med-Nordlys-5c74f845ca.jpg","width":600,"height":423},{"@type":"BreadcrumbList","@id":"https:\/\/www.kvarken.org\/en\/green-light-for-new-international-airport-in-mo-i-rana\/#breadcrumb","itemListElement":[{"@type":"ListItem","position":1,"name":"Hem","item":"https:\/\/www.kvarken.org\/en\/"},{"@type":"ListItem","position":2,"name":"Green light for new international airport in Mo i Rana"}]},{"@type":"WebSite","@id":"https:\/\/www.kvarken.org\/en\/#website","url":"https:\/\/www.kvarken.org\/en\/","name":"Kvarkenr\u00e5det","description":"","potentialAction":[{"@type":"SearchAction","target":{"@type":"EntryPoint","urlTemplate":"https:\/\/www.kvarken.org\/en\/?s={search_term_string}"},"query-input":{"@type":"PropertyValueSpecification","valueRequired":true,"valueName":"search_term_string"}}],"inLanguage":"en-US"},{"@type":"Person","@id":"https:\/\/www.kvarken.org\/en\/#\/schema\/person\/c0191caa861afff47bc50292a6905da2","name":"jokommunikation_agency","image":{"@type":"ImageObject","inLanguage":"en-US","@id":"https:\/\/secure.gravatar.com\/avatar\/747179557db7fa831269f4829d55b0109a7684b8dd784a3f8f606bce8610f828?s=96&d=mm&r=g","url":"https:\/\/secure.gravatar.com\/avatar\/747179557db7fa831269f4829d55b0109a7684b8dd784a3f8f606bce8610f828?s=96&d=mm&r=g","contentUrl":"https:\/\/secure.gravatar.com\/avatar\/747179557db7fa831269f4829d55b0109a7684b8dd784a3f8f606bce8610f828?s=96&d=mm&r=g","caption":"jokommunikation_agency"}}]}},"_links":{"self":[{"href":"https:\/\/www.kvarken.org\/en\/wp-json\/wp\/v2\/posts\/9328","targetHints":{"allow":["GET"]}}],"collection":[{"href":"https:\/\/www.kvarken.org\/en\/wp-json\/wp\/v2\/posts"}],"about":[{"href":"https:\/\/www.kvarken.org\/en\/wp-json\/wp\/v2\/types\/post"}],"author":[{"embeddable":true,"href":"https:\/\/www.kvarken.org\/en\/wp-json\/wp\/v2\/users\/2"}],"replies":[{"embeddable":true,"href":"https:\/\/www.kvarken.org\/en\/wp-json\/wp\/v2\/comments?post=9328"}],"version-history":[{"count":0,"href":"https:\/\/www.kvarken.org\/en\/wp-json\/wp\/v2\/posts\/9328\/revisions"}],"wp:featuredmedia":[{"embeddable":true,"href":"https:\/\/www.kvarken.org\/en\/wp-json\/wp\/v2\/media\/9320"}],"wp:attachment":[{"href":"https:\/\/www.kvarken.org\/en\/wp-json\/wp\/v2\/media?parent=9328"}],"wp:term":[{"taxonomy":"category","embeddable":true,"href":"https:\/\/www.kvarken.org\/en\/wp-json\/wp\/v2\/categories?post=9328"},{"taxonomy":"post_tag","embeddable":true,"href":"https:\/\/www.kvarken.org\/en\/wp-json\/wp\/v2\/tags?post=9328"},{"taxonomy":"amnen","embeddable":true,"href":"https:\/\/www.kvarken.org\/en\/wp-json\/wp\/v2\/amnen?post=9328"}],"curies":[{"name":"wp","href":"https:\/\/api.w.org\/{rel}","templated":true}]}}