{"id":9435,"date":"2017-10-26T12:57:11","date_gmt":"2017-10-26T09:57:11","guid":{"rendered":"https:\/\/kvarken.org\/intensiva-diskussioner-om-modell-for-langsiktigt-gransoverskridande-samarbete-i-framtiden\/"},"modified":"2022-08-03T13:14:49","modified_gmt":"2022-08-03T10:14:49","slug":"intensiva-diskussioner-om-modell-for-langsiktigt-gransoverskridande-samarbete-i-framtiden","status":"publish","type":"post","link":"https:\/\/www.kvarken.org\/en\/intensiva-diskussioner-om-modell-for-langsiktigt-gransoverskridande-samarbete-i-framtiden\/","title":{"rendered":"Intensiva diskussioner om modell f\u00f6r l\u00e5ngsiktigt, gr\u00e4ns\u00f6verskridande samarbete i framtiden"},"content":{"rendered":"<p>Regionen har redan l\u00e4nge framg\u00e5ngsrikt samverkat bl.a. inom ramen f\u00f6r olika projekt. Det finns \u00e4nd\u00e5 ett behov av att hitta en mer h\u00e5llbar samarbetsmodell, som inte \u00e4r beroende av enskilda projekt eller personer. P\u00e5 agendan f\u00f6r den andra workshopdagen var att hitta de centrala omr\u00e5den, inom vilka partnerna i forts\u00e4ttningen vill samverka samt att v\u00e4lja den framtida samarbetsmodell som passar b\u00e4st f\u00f6r omr\u00e5det.<\/p>\n<p>EGTS (europeisk gruppering f\u00f6r territoriellt samarbete, eng. ECTC) lyftes fram som den l\u00e4mpligaste samverkansformen och fick stort underst\u00f6d. Dagens diskussioner fortsatte h\u00e4rifr\u00e5n, bl.a. om hur forts\u00e4tta och realisera samarbetet utifr\u00e5n detta.<\/p>\n<p>\u2013Det \u00e4r viktigt att komma \u00f6verens om samarbetsomr\u00e5den och samarbetsformer, s\u00e5 att vi kan koordinera och st\u00e4rka styrningen fram\u00e5t. Med hj\u00e4lp av den h\u00e4r samarbetsformen m\u00f6jligg\u00f6r vi att vi kan f\u00f6rena v\u00e5ra krafter och p\u00e5 sikt n\u00e5 framg\u00e5ng i konkurrensen om n\u00f6dv\u00e4ndiga infrastrukturresurser p\u00e5 b\u00e5de nationell och internationell niv\u00e5, ber\u00e4ttar\u00a0<strong>Jonas Jonsson<\/strong>, stadsdirekt\u00f6r i Ume\u00e5.<\/p>\n<p>\u2013 Som m\u00f6jliga samarbetsomr\u00e5den diskuterades bl.a. n\u00e4ringsliv, transport och infrastruktur. Ett smidigt och \u00e4ndam\u00e5lsenligt transportsystem fr\u00e4mjar f\u00f6retagsverksamhet, \u00f6kar investeringarna och f\u00f6rb\u00e4ttrar syssels\u00e4ttningen genom att g\u00f6ra omr\u00e5det mer attraktivt f\u00f6r n\u00e4ringsliv, boende och turism, s\u00e4ger\u00a0<strong>Geir Waage<\/strong>, kommunstyrelsens ordf\u00f6rande i Rana kommun.<\/p>\n<p>\u2013Jag \u00e4r mycket n\u00f6jd med de konkreta framstegen och att vi \u00e4ntligen f\u00e5r m\u00f6jlighet att komma \u00f6verens om en samverkansform. Vi har m\u00f6jligheten att bilda Europas nordligaste och mest energiska EGTS-gruppering och ge en extra kick \u00e5t v\u00e5ra l\u00e5ngsiktiga infrastrukturprojekt. Den h\u00e4r samverkansformen kommer att passa oss mycket bra, konstaterar den f\u00f6rv\u00e4ntansfulla riksdagsledamoten och Kvarkenr\u00e5dets vice ordf\u00f6rande\u00a0<strong>Joakim Strand<\/strong>.<\/p>\n<p>I fr\u00e5ga om samverkansformen g\u00e5r samarbetspartnerna vidare enligt f\u00f6ljande:<br \/>\n\u2013Nu kan vi f\u00f6ra \u00e4rendet vidare till v\u00e5ra egna organisationer och p\u00e5b\u00f6rja diskussionerna d\u00e4r f\u00f6r att sedan f\u00f6ra \u00e4rendet vidare p\u00e5 remiss till v\u00e5ra medlemmar, ber\u00e4ttar\u00a0<strong>Mathias Lindstr\u00f6m<\/strong>, direkt\u00f6r f\u00f6r Kvarkenr\u00e5det.<\/p>\n<p><em>Nordligt forum ordnas av projektet E12 Atlantica Transport som finansieras av Interreg. Projektet \u00e4r ett samarbete mellan finl\u00e4ndska, svenska och norska partner l\u00e4ngs E12-korridoren. Samarbetsprojektet kartl\u00e4gger gr\u00e4ns\u00f6verskridande<\/em><br \/>\n<em>samarbetsm\u00f6jligheter och presenterar, d\u00e5 projektet avslutas, en ny framtida samverkansstruktur f\u00f6r partnerna.<\/em><\/p>\n<p><strong>Ytterligare information ges av:<\/strong><br \/>\nMathias Lindstr\u00f6m, direkt\u00f6r f\u00f6r Kvarkenr\u00e5det +358 50 918 6462<\/p>\n<p>&nbsp;<\/p>\n<p><img decoding=\"async\" class=\" leftAlone\" title=\"\" src=\"https:\/\/web4.creamarketing.com\/kvarken.org\/assets\/Uploads\/_resampled\/resizedimage356100-Intrerreg-BA-SV-RGB.jpg\" alt=\"Intrerreg BA SV RGB\" width=\"356\" height=\"100\" \/><\/p>\n<p><em>E12 Atlantica Transport &#8211; Ett samarbete mellan partners i Finland, Sverige och Norge l\u00e4ngs E12-korridoren, som fokuserar p\u00e5 en funktionell transportrutt f\u00f6r gods och passagerare, gemensamma infrastrukturstrategier f\u00f6r gr\u00e4ns\u00f6verskridande planering och framtida samarbetsformer.<\/em><\/p>\n<p><em>E12 Atlantica Transport partner<br \/>\nKvarkenr\u00e5det (Lead Part, FI), MidtSkandia (NO), Bl\u00e5 V\u00e4gen (SE) Region V\u00e4sterbotten (SE), \u00d6sterbottens f\u00f6rbund (FI), Nordland fylkeskommune (NO), Vasaregionens Utveckling AB VASEK (FI), Ume\u00e5 kommun (SE), V\u00e4nn\u00e4s kommun (SE), Vindelns kommun (SE), Lycksele kommun (SE), Storumans kommun (SE), Infrastruktur i Ume\u00e5 AB INAB (SE), Rana Utviklingsselskap AS (NO), Rana kommune (NO), Polarsirkelen Lufthavnutvikling\u00a0(NO), Mo i Rana Havn (NO), Mo Industripark AS (NO), Alstahaug havnevesen KF (NO), Helgeland Havn IKS (NO)<\/em><\/p>\n","protected":false},"excerpt":{"rendered":"<p>Den 25\u201326 oktober samlades ett sextiotal norska, svenska och finl\u00e4ndska politiker, tj\u00e4nstem\u00e4n och n\u00e4ringslivsrepresentanter fr\u00e5n kommuner l\u00e4ngs E12-korridoren, f\u00f6r att delta i Nordligt Forums tv\u00e5 dagars workshop i Vasa.<\/p>\n","protected":false},"author":2,"featured_media":9426,"comment_status":"open","ping_status":"open","sticky":false,"template":"","format":"standard","meta":{"_acf_changed":false,"_et_pb_use_builder":"","_et_pb_old_content":"","_et_gb_content_width":"","footnotes":""},"categories":[68,12],"tags":[],"amnen":[],"class_list":["post-9435","post","type-post","status-publish","format-standard","has-post-thumbnail","hentry","category-press-release","category-uncategorized"],"acf":[],"yoast_head":"<!-- This site is optimized with the Yoast SEO plugin v27.4 - https:\/\/yoast.com\/product\/yoast-seo-wordpress\/ -->\n<title>Intensiva diskussioner om modell f\u00f6r l\u00e5ngsiktigt, gr\u00e4ns\u00f6verskridande samarbete i framtiden - Kvarkenr\u00e5det<\/title>\n<meta name=\"robots\" content=\"index, follow, max-snippet:-1, max-image-preview:large, max-video-preview:-1\" \/>\n<link rel=\"canonical\" href=\"https:\/\/www.kvarken.org\/en\/intensiva-diskussioner-om-modell-for-langsiktigt-gransoverskridande-samarbete-i-framtiden\/\" \/>\n<meta property=\"og:locale\" content=\"en_US\" \/>\n<meta property=\"og:type\" content=\"article\" \/>\n<meta property=\"og:title\" content=\"Intensiva diskussioner om modell f\u00f6r l\u00e5ngsiktigt, gr\u00e4ns\u00f6verskridande samarbete i framtiden - Kvarkenr\u00e5det\" \/>\n<meta property=\"og:description\" content=\"Den 25\u201326 oktober samlades ett sextiotal norska, svenska och finl\u00e4ndska politiker, tj\u00e4nstem\u00e4n och n\u00e4ringslivsrepresentanter fr\u00e5n kommuner l\u00e4ngs E12-korridoren, f\u00f6r att delta i Nordligt Forums tv\u00e5 dagars workshop i Vasa.\" \/>\n<meta property=\"og:url\" content=\"https:\/\/www.kvarken.org\/en\/intensiva-diskussioner-om-modell-for-langsiktigt-gransoverskridande-samarbete-i-framtiden\/\" \/>\n<meta property=\"og:site_name\" content=\"Kvarkenr\u00e5det\" \/>\n<meta property=\"article:published_time\" content=\"2017-10-26T09:57:11+00:00\" \/>\n<meta property=\"article:modified_time\" content=\"2022-08-03T10:14:49+00:00\" \/>\n<meta property=\"og:image\" content=\"https:\/\/www.kvarken.org\/wp-content\/uploads\/2021\/03\/resizedimage600400-IMG-4855.jpg\" \/>\n\t<meta property=\"og:image:width\" content=\"600\" \/>\n\t<meta property=\"og:image:height\" content=\"400\" \/>\n\t<meta property=\"og:image:type\" content=\"image\/jpeg\" \/>\n<meta name=\"author\" content=\"jokommunikation_agency\" \/>\n<meta name=\"twitter:card\" content=\"summary_large_image\" \/>\n<meta name=\"twitter:label1\" content=\"Written by\" \/>\n\t<meta name=\"twitter:data1\" content=\"jokommunikation_agency\" \/>\n\t<meta name=\"twitter:label2\" content=\"Est. reading time\" \/>\n\t<meta name=\"twitter:data2\" content=\"3 minutes\" \/>\n<script type=\"application\/ld+json\" class=\"yoast-schema-graph\">{\"@context\":\"https:\\\/\\\/schema.org\",\"@graph\":[{\"@type\":\"Article\",\"@id\":\"https:\\\/\\\/www.kvarken.org\\\/en\\\/intensiva-diskussioner-om-modell-for-langsiktigt-gransoverskridande-samarbete-i-framtiden\\\/#article\",\"isPartOf\":{\"@id\":\"https:\\\/\\\/www.kvarken.org\\\/en\\\/intensiva-diskussioner-om-modell-for-langsiktigt-gransoverskridande-samarbete-i-framtiden\\\/\"},\"author\":{\"name\":\"jokommunikation_agency\",\"@id\":\"https:\\\/\\\/www.kvarken.org\\\/en\\\/#\\\/schema\\\/person\\\/c0191caa861afff47bc50292a6905da2\"},\"headline\":\"Intensiva diskussioner om modell f\u00f6r l\u00e5ngsiktigt, gr\u00e4ns\u00f6verskridande samarbete i framtiden\",\"datePublished\":\"2017-10-26T09:57:11+00:00\",\"dateModified\":\"2022-08-03T10:14:49+00:00\",\"mainEntityOfPage\":{\"@id\":\"https:\\\/\\\/www.kvarken.org\\\/en\\\/intensiva-diskussioner-om-modell-for-langsiktigt-gransoverskridande-samarbete-i-framtiden\\\/\"},\"wordCount\":561,\"commentCount\":0,\"image\":{\"@id\":\"https:\\\/\\\/www.kvarken.org\\\/en\\\/intensiva-diskussioner-om-modell-for-langsiktigt-gransoverskridande-samarbete-i-framtiden\\\/#primaryimage\"},\"thumbnailUrl\":\"https:\\\/\\\/www.kvarken.org\\\/wp-content\\\/uploads\\\/2021\\\/03\\\/resizedimage600400-IMG-4855.jpg\",\"articleSection\":[\"Press release\"],\"inLanguage\":\"en-US\",\"potentialAction\":[{\"@type\":\"CommentAction\",\"name\":\"Comment\",\"target\":[\"https:\\\/\\\/www.kvarken.org\\\/en\\\/intensiva-diskussioner-om-modell-for-langsiktigt-gransoverskridande-samarbete-i-framtiden\\\/#respond\"]}]},{\"@type\":\"WebPage\",\"@id\":\"https:\\\/\\\/www.kvarken.org\\\/en\\\/intensiva-diskussioner-om-modell-for-langsiktigt-gransoverskridande-samarbete-i-framtiden\\\/\",\"url\":\"https:\\\/\\\/www.kvarken.org\\\/en\\\/intensiva-diskussioner-om-modell-for-langsiktigt-gransoverskridande-samarbete-i-framtiden\\\/\",\"name\":\"Intensiva diskussioner om modell f\u00f6r l\u00e5ngsiktigt, gr\u00e4ns\u00f6verskridande samarbete i framtiden - Kvarkenr\u00e5det\",\"isPartOf\":{\"@id\":\"https:\\\/\\\/www.kvarken.org\\\/en\\\/#website\"},\"primaryImageOfPage\":{\"@id\":\"https:\\\/\\\/www.kvarken.org\\\/en\\\/intensiva-diskussioner-om-modell-for-langsiktigt-gransoverskridande-samarbete-i-framtiden\\\/#primaryimage\"},\"image\":{\"@id\":\"https:\\\/\\\/www.kvarken.org\\\/en\\\/intensiva-diskussioner-om-modell-for-langsiktigt-gransoverskridande-samarbete-i-framtiden\\\/#primaryimage\"},\"thumbnailUrl\":\"https:\\\/\\\/www.kvarken.org\\\/wp-content\\\/uploads\\\/2021\\\/03\\\/resizedimage600400-IMG-4855.jpg\",\"datePublished\":\"2017-10-26T09:57:11+00:00\",\"dateModified\":\"2022-08-03T10:14:49+00:00\",\"author\":{\"@id\":\"https:\\\/\\\/www.kvarken.org\\\/en\\\/#\\\/schema\\\/person\\\/c0191caa861afff47bc50292a6905da2\"},\"breadcrumb\":{\"@id\":\"https:\\\/\\\/www.kvarken.org\\\/en\\\/intensiva-diskussioner-om-modell-for-langsiktigt-gransoverskridande-samarbete-i-framtiden\\\/#breadcrumb\"},\"inLanguage\":\"en-US\",\"potentialAction\":[{\"@type\":\"ReadAction\",\"target\":[\"https:\\\/\\\/www.kvarken.org\\\/en\\\/intensiva-diskussioner-om-modell-for-langsiktigt-gransoverskridande-samarbete-i-framtiden\\\/\"]}]},{\"@type\":\"ImageObject\",\"inLanguage\":\"en-US\",\"@id\":\"https:\\\/\\\/www.kvarken.org\\\/en\\\/intensiva-diskussioner-om-modell-for-langsiktigt-gransoverskridande-samarbete-i-framtiden\\\/#primaryimage\",\"url\":\"https:\\\/\\\/www.kvarken.org\\\/wp-content\\\/uploads\\\/2021\\\/03\\\/resizedimage600400-IMG-4855.jpg\",\"contentUrl\":\"https:\\\/\\\/www.kvarken.org\\\/wp-content\\\/uploads\\\/2021\\\/03\\\/resizedimage600400-IMG-4855.jpg\",\"width\":600,\"height\":400},{\"@type\":\"BreadcrumbList\",\"@id\":\"https:\\\/\\\/www.kvarken.org\\\/en\\\/intensiva-diskussioner-om-modell-for-langsiktigt-gransoverskridande-samarbete-i-framtiden\\\/#breadcrumb\",\"itemListElement\":[{\"@type\":\"ListItem\",\"position\":1,\"name\":\"Hem\",\"item\":\"https:\\\/\\\/www.kvarken.org\\\/en\\\/\"},{\"@type\":\"ListItem\",\"position\":2,\"name\":\"Intensiva diskussioner om modell f\u00f6r l\u00e5ngsiktigt, gr\u00e4ns\u00f6verskridande samarbete i framtiden\"}]},{\"@type\":\"WebSite\",\"@id\":\"https:\\\/\\\/www.kvarken.org\\\/en\\\/#website\",\"url\":\"https:\\\/\\\/www.kvarken.org\\\/en\\\/\",\"name\":\"Kvarkenr\u00e5det\",\"description\":\"\",\"potentialAction\":[{\"@type\":\"SearchAction\",\"target\":{\"@type\":\"EntryPoint\",\"urlTemplate\":\"https:\\\/\\\/www.kvarken.org\\\/en\\\/?s={search_term_string}\"},\"query-input\":{\"@type\":\"PropertyValueSpecification\",\"valueRequired\":true,\"valueName\":\"search_term_string\"}}],\"inLanguage\":\"en-US\"},{\"@type\":\"Person\",\"@id\":\"https:\\\/\\\/www.kvarken.org\\\/en\\\/#\\\/schema\\\/person\\\/c0191caa861afff47bc50292a6905da2\",\"name\":\"jokommunikation_agency\",\"image\":{\"@type\":\"ImageObject\",\"inLanguage\":\"en-US\",\"@id\":\"https:\\\/\\\/secure.gravatar.com\\\/avatar\\\/747179557db7fa831269f4829d55b0109a7684b8dd784a3f8f606bce8610f828?s=96&d=mm&r=g\",\"url\":\"https:\\\/\\\/secure.gravatar.com\\\/avatar\\\/747179557db7fa831269f4829d55b0109a7684b8dd784a3f8f606bce8610f828?s=96&d=mm&r=g\",\"contentUrl\":\"https:\\\/\\\/secure.gravatar.com\\\/avatar\\\/747179557db7fa831269f4829d55b0109a7684b8dd784a3f8f606bce8610f828?s=96&d=mm&r=g\",\"caption\":\"jokommunikation_agency\"}}]}<\/script>\n<!-- \/ Yoast SEO plugin. -->","yoast_head_json":{"title":"Intensiva diskussioner om modell f\u00f6r l\u00e5ngsiktigt, gr\u00e4ns\u00f6verskridande samarbete i framtiden - Kvarkenr\u00e5det","robots":{"index":"index","follow":"follow","max-snippet":"max-snippet:-1","max-image-preview":"max-image-preview:large","max-video-preview":"max-video-preview:-1"},"canonical":"https:\/\/www.kvarken.org\/en\/intensiva-diskussioner-om-modell-for-langsiktigt-gransoverskridande-samarbete-i-framtiden\/","og_locale":"en_US","og_type":"article","og_title":"Intensiva diskussioner om modell f\u00f6r l\u00e5ngsiktigt, gr\u00e4ns\u00f6verskridande samarbete i framtiden - Kvarkenr\u00e5det","og_description":"Den 25\u201326 oktober samlades ett sextiotal norska, svenska och finl\u00e4ndska politiker, tj\u00e4nstem\u00e4n och n\u00e4ringslivsrepresentanter fr\u00e5n kommuner l\u00e4ngs E12-korridoren, f\u00f6r att delta i Nordligt Forums tv\u00e5 dagars workshop i Vasa.","og_url":"https:\/\/www.kvarken.org\/en\/intensiva-diskussioner-om-modell-for-langsiktigt-gransoverskridande-samarbete-i-framtiden\/","og_site_name":"Kvarkenr\u00e5det","article_published_time":"2017-10-26T09:57:11+00:00","article_modified_time":"2022-08-03T10:14:49+00:00","og_image":[{"width":600,"height":400,"url":"https:\/\/www.kvarken.org\/wp-content\/uploads\/2021\/03\/resizedimage600400-IMG-4855.jpg","type":"image\/jpeg"}],"author":"jokommunikation_agency","twitter_card":"summary_large_image","twitter_misc":{"Written by":"jokommunikation_agency","Est. reading time":"3 minutes"},"schema":{"@context":"https:\/\/schema.org","@graph":[{"@type":"Article","@id":"https:\/\/www.kvarken.org\/en\/intensiva-diskussioner-om-modell-for-langsiktigt-gransoverskridande-samarbete-i-framtiden\/#article","isPartOf":{"@id":"https:\/\/www.kvarken.org\/en\/intensiva-diskussioner-om-modell-for-langsiktigt-gransoverskridande-samarbete-i-framtiden\/"},"author":{"name":"jokommunikation_agency","@id":"https:\/\/www.kvarken.org\/en\/#\/schema\/person\/c0191caa861afff47bc50292a6905da2"},"headline":"Intensiva diskussioner om modell f\u00f6r l\u00e5ngsiktigt, gr\u00e4ns\u00f6verskridande samarbete i framtiden","datePublished":"2017-10-26T09:57:11+00:00","dateModified":"2022-08-03T10:14:49+00:00","mainEntityOfPage":{"@id":"https:\/\/www.kvarken.org\/en\/intensiva-diskussioner-om-modell-for-langsiktigt-gransoverskridande-samarbete-i-framtiden\/"},"wordCount":561,"commentCount":0,"image":{"@id":"https:\/\/www.kvarken.org\/en\/intensiva-diskussioner-om-modell-for-langsiktigt-gransoverskridande-samarbete-i-framtiden\/#primaryimage"},"thumbnailUrl":"https:\/\/www.kvarken.org\/wp-content\/uploads\/2021\/03\/resizedimage600400-IMG-4855.jpg","articleSection":["Press release"],"inLanguage":"en-US","potentialAction":[{"@type":"CommentAction","name":"Comment","target":["https:\/\/www.kvarken.org\/en\/intensiva-diskussioner-om-modell-for-langsiktigt-gransoverskridande-samarbete-i-framtiden\/#respond"]}]},{"@type":"WebPage","@id":"https:\/\/www.kvarken.org\/en\/intensiva-diskussioner-om-modell-for-langsiktigt-gransoverskridande-samarbete-i-framtiden\/","url":"https:\/\/www.kvarken.org\/en\/intensiva-diskussioner-om-modell-for-langsiktigt-gransoverskridande-samarbete-i-framtiden\/","name":"Intensiva diskussioner om modell f\u00f6r l\u00e5ngsiktigt, gr\u00e4ns\u00f6verskridande samarbete i framtiden - Kvarkenr\u00e5det","isPartOf":{"@id":"https:\/\/www.kvarken.org\/en\/#website"},"primaryImageOfPage":{"@id":"https:\/\/www.kvarken.org\/en\/intensiva-diskussioner-om-modell-for-langsiktigt-gransoverskridande-samarbete-i-framtiden\/#primaryimage"},"image":{"@id":"https:\/\/www.kvarken.org\/en\/intensiva-diskussioner-om-modell-for-langsiktigt-gransoverskridande-samarbete-i-framtiden\/#primaryimage"},"thumbnailUrl":"https:\/\/www.kvarken.org\/wp-content\/uploads\/2021\/03\/resizedimage600400-IMG-4855.jpg","datePublished":"2017-10-26T09:57:11+00:00","dateModified":"2022-08-03T10:14:49+00:00","author":{"@id":"https:\/\/www.kvarken.org\/en\/#\/schema\/person\/c0191caa861afff47bc50292a6905da2"},"breadcrumb":{"@id":"https:\/\/www.kvarken.org\/en\/intensiva-diskussioner-om-modell-for-langsiktigt-gransoverskridande-samarbete-i-framtiden\/#breadcrumb"},"inLanguage":"en-US","potentialAction":[{"@type":"ReadAction","target":["https:\/\/www.kvarken.org\/en\/intensiva-diskussioner-om-modell-for-langsiktigt-gransoverskridande-samarbete-i-framtiden\/"]}]},{"@type":"ImageObject","inLanguage":"en-US","@id":"https:\/\/www.kvarken.org\/en\/intensiva-diskussioner-om-modell-for-langsiktigt-gransoverskridande-samarbete-i-framtiden\/#primaryimage","url":"https:\/\/www.kvarken.org\/wp-content\/uploads\/2021\/03\/resizedimage600400-IMG-4855.jpg","contentUrl":"https:\/\/www.kvarken.org\/wp-content\/uploads\/2021\/03\/resizedimage600400-IMG-4855.jpg","width":600,"height":400},{"@type":"BreadcrumbList","@id":"https:\/\/www.kvarken.org\/en\/intensiva-diskussioner-om-modell-for-langsiktigt-gransoverskridande-samarbete-i-framtiden\/#breadcrumb","itemListElement":[{"@type":"ListItem","position":1,"name":"Hem","item":"https:\/\/www.kvarken.org\/en\/"},{"@type":"ListItem","position":2,"name":"Intensiva diskussioner om modell f\u00f6r l\u00e5ngsiktigt, gr\u00e4ns\u00f6verskridande samarbete i framtiden"}]},{"@type":"WebSite","@id":"https:\/\/www.kvarken.org\/en\/#website","url":"https:\/\/www.kvarken.org\/en\/","name":"Kvarkenr\u00e5det","description":"","potentialAction":[{"@type":"SearchAction","target":{"@type":"EntryPoint","urlTemplate":"https:\/\/www.kvarken.org\/en\/?s={search_term_string}"},"query-input":{"@type":"PropertyValueSpecification","valueRequired":true,"valueName":"search_term_string"}}],"inLanguage":"en-US"},{"@type":"Person","@id":"https:\/\/www.kvarken.org\/en\/#\/schema\/person\/c0191caa861afff47bc50292a6905da2","name":"jokommunikation_agency","image":{"@type":"ImageObject","inLanguage":"en-US","@id":"https:\/\/secure.gravatar.com\/avatar\/747179557db7fa831269f4829d55b0109a7684b8dd784a3f8f606bce8610f828?s=96&d=mm&r=g","url":"https:\/\/secure.gravatar.com\/avatar\/747179557db7fa831269f4829d55b0109a7684b8dd784a3f8f606bce8610f828?s=96&d=mm&r=g","contentUrl":"https:\/\/secure.gravatar.com\/avatar\/747179557db7fa831269f4829d55b0109a7684b8dd784a3f8f606bce8610f828?s=96&d=mm&r=g","caption":"jokommunikation_agency"}}]}},"_links":{"self":[{"href":"https:\/\/www.kvarken.org\/en\/wp-json\/wp\/v2\/posts\/9435","targetHints":{"allow":["GET"]}}],"collection":[{"href":"https:\/\/www.kvarken.org\/en\/wp-json\/wp\/v2\/posts"}],"about":[{"href":"https:\/\/www.kvarken.org\/en\/wp-json\/wp\/v2\/types\/post"}],"author":[{"embeddable":true,"href":"https:\/\/www.kvarken.org\/en\/wp-json\/wp\/v2\/users\/2"}],"replies":[{"embeddable":true,"href":"https:\/\/www.kvarken.org\/en\/wp-json\/wp\/v2\/comments?post=9435"}],"version-history":[{"count":1,"href":"https:\/\/www.kvarken.org\/en\/wp-json\/wp\/v2\/posts\/9435\/revisions"}],"predecessor-version":[{"id":13710,"href":"https:\/\/www.kvarken.org\/en\/wp-json\/wp\/v2\/posts\/9435\/revisions\/13710"}],"wp:featuredmedia":[{"embeddable":true,"href":"https:\/\/www.kvarken.org\/en\/wp-json\/wp\/v2\/media\/9426"}],"wp:attachment":[{"href":"https:\/\/www.kvarken.org\/en\/wp-json\/wp\/v2\/media?parent=9435"}],"wp:term":[{"taxonomy":"category","embeddable":true,"href":"https:\/\/www.kvarken.org\/en\/wp-json\/wp\/v2\/categories?post=9435"},{"taxonomy":"post_tag","embeddable":true,"href":"https:\/\/www.kvarken.org\/en\/wp-json\/wp\/v2\/tags?post=9435"},{"taxonomy":"amnen","embeddable":true,"href":"https:\/\/www.kvarken.org\/en\/wp-json\/wp\/v2\/amnen?post=9435"}],"curies":[{"name":"wp","href":"https:\/\/api.w.org\/{rel}","templated":true}]}}