{"id":10656,"date":"2021-06-03T17:20:06","date_gmt":"2021-06-03T14:20:06","guid":{"rendered":"https:\/\/kvarken.org\/?p=10656"},"modified":"2022-08-04T11:42:24","modified_gmt":"2022-08-04T08:42:24","slug":"2-in-1-matkakohde","status":"publish","type":"post","link":"https:\/\/www.kvarken.org\/fi\/2-in-1-matkakohde\/","title":{"rendered":"2-in-1 matkakohde luonnon syleilyss\u00e4 kiehtoo eurooppalaisia matkanj\u00e4rjest\u00e4ji\u00e4"},"content":{"rendered":"<h4><strong><span lang=\"FI\"><span lang=\"FI\">Keski-Eurooppalaiset matkanj\u00e4rjest\u00e4j\u00e4t ovat kiinnostuneita lis\u00e4\u00e4m\u00e4\u00e4n Kvarken Destinations-matkailualueen tarjontaansa. T\u00e4m\u00e4 k\u00e4y ilmi\u00a0<\/span><\/span><\/strong><strong><span lang=\"FI\">Hanken Svenska handelsh\u00f6gskolanin tekem\u00e4ss\u00e4 tutkimuksessa ulkomaalaisille matkanj\u00e4rjest\u00e4jille.<\/span><\/strong><\/h4>\n<p>Yksi Kvarken Destinations -hankkeen k\u00e4ynnist\u00e4misen kipin\u00f6ist\u00e4 sai vahvistuksen matkanj\u00e4rjest\u00e4jille tehdyss\u00e4 kyselytutkimuksessa. Eurooppalaisilla matkanj\u00e4rjest\u00e4jill\u00e4 on kiinnostusta 2-in-1 kohteelle, jossa matkailija voi kokea kaksi maata, Suomen ja Ruotsin, saman matkan aikana. Ja viel\u00e4 tyrnimarjana juustokakun p\u00e4\u00e4ll\u00e4, Merenkurkun molemmilla rannoilla riitt\u00e4\u00e4 puhdasta luontoa ja tilaa, jonne trendien mukaan post-covid turistit haluavat matkustaa.<\/p>\n<p>Hanken Svenska handelsh\u00f6gskolan teki maaliskuussa 2021 tutkimuksen ulkomaalaisille matkanj\u00e4rjest\u00e4jille. Kysely toteutettiin l\u00e4hett\u00e4m\u00e4ll\u00e4 online-lomake s\u00e4hk\u00f6postitse 49 matkanj\u00e4rjest\u00e4j\u00e4lle ja vastausprosentiksi saatiin 31%. Tutkimukseen vastasi 14 eurooppalaista ja 1 amerikkalainen matkanj\u00e4rjest\u00e4j\u00e4, joita Kvarken Destinations -hankkeen henkil\u00f6st\u00f6 on tavannut matkailualan myyntitapahtumissa.<\/p>\n<p>Kvarken Destinations -alueen vahvuuksia matkanj\u00e4rjest\u00e4jien mielest\u00e4 ovat 2-in-1, kaksi maata yhdess\u00e4, luonto, ulkoiluaktiviteetit sek\u00e4 Unescon maailmanperint\u00f6. Heikkouksina sit\u00e4 vastoin pidet\u00e4\u00e4n heikkoa tunnettuutta sek\u00e4 sit\u00e4, ett\u00e4 alueen ainutlaatuisuutta ei ehk\u00e4 ole osattu markkinoida riitt\u00e4v\u00e4sti, jotta se erottuisi massasta. Jotkut eurooppalaiset matkanj\u00e4rjest\u00e4j\u00e4t toivovat lis\u00e4\u00e4 yhteisty\u00f6kumppaneita paketoimaan alueen matkailutarjontaa.<\/p>\n<div id=\"attachment_10637\" style=\"width: 474px\" class=\"wp-caption alignnone\"><img decoding=\"async\" aria-describedby=\"caption-attachment-10637\" class=\" wp-image-10637\" src=\"https:\/\/www.kvarken.org\/wp-content\/uploads\/2021\/06\/Kvarken-Destinations-1066-1-300x200.jpeg\" alt=\"\" width=\"464\" height=\"309\" \/><p id=\"caption-attachment-10637\" class=\"wp-caption-text\">Forest bath, Emmes Retreat<br \/>Photo: Janicke Hansen\/Kvarken Destinations Contentbank<\/p><\/div>\n<p>Yhteisen matkailualueen kotisivu kvarkendestinations.com oli monille matkanj\u00e4rjest\u00e4jille tuttu ja sit\u00e4 k\u00e4ytt\u00e4neet kiitteliv\u00e4t l\u00f6yt\u00e4neens\u00e4 hyvin infoa sivustolta. Kotisivujen kuva-, video- ja artikkelipankkia oli melko v\u00e4h\u00e4n k\u00e4ytetty tutkimuksen valossa, mutta t\u00e4h\u00e4n vaikuttaa vallitseva koronatilanne matkatoimistojen toiminnassa sek\u00e4 vain rajallinen vastaajaotos tutkimuksessa.<\/p>\n<p>Kvarken Destinations on lis\u00e4nnyt tunnettuuttaan matkanj\u00e4rjest\u00e4jien keskuudessa viimeisen kahden vuoden aikana kehitt\u00e4mishankkeen ansiosta. Tutkimuksen mukaan tiet\u00e4mys kohteesta oli alhaista viel\u00e4 pari vuotta sitten mutta nyt vastanneet matkanj\u00e4rjest\u00e4j\u00e4t kokivat, ett\u00e4 heid\u00e4n tietonsa Merenkurkusta matkakohteena olivat parantuneet. Parhaiten matkanj\u00e4rjest\u00e4j\u00e4t tiet\u00e4v\u00e4t pohjoisesta laivayhteydest\u00e4 maiden v\u00e4lill\u00e4. Aihe on ollut runsaasti esille matkanj\u00e4rjest\u00e4j\u00e4tapaamisissa uuden Aurora Botnia -laivan ansiosta ja n\u00e4in ollen asia on j\u00e4\u00e4nyt mieliin. Voi kuitenkin todeta, ett\u00e4 Merenkurkku on edelleen melko pieni ja tuntematon matkakohde ulkomaisten matkanj\u00e4rjest\u00e4jien keskuudessa.<\/p>\n<p>Keski-Eurooppalaiset matkanj\u00e4rjest\u00e4j\u00e4t ovat kiinnostuneita lis\u00e4\u00e4m\u00e4\u00e4n Kvarken Destinations-matkailualueen tarjontaansa. Matkanj\u00e4rjest\u00e4j\u00e4t kehuvat, ett\u00e4 meill\u00e4 on Merenkurkussa kaikki mahdollisuudet Covid-19:n j\u00e4lkeiseen matkailuun, sill\u00e4 meill\u00e4 on luontoa, tilaa ja rauhaa. Toisaalta matkanj\u00e4rjest\u00e4j\u00e4t tunnistavat alueemme haasteeksi vaatimattoman tunnettuuden isoilla Saksan tai muun Euroopan matkailumarkkinoilla. Kyselyyn vastanneet matkanj\u00e4rjest\u00e4j\u00e4t kannustavat jatkamaan kehitt\u00e4mist\u00e4 ja markkinointia, jotta uusi br\u00e4ndi \u201dKvarken Destinations\u201d l\u00f6yt\u00e4isi paikkansa matkailumarkkinassa. Jo se, ett\u00e4 matkanj\u00e4rjest\u00e4j\u00e4t antoivat aikaansa kyselyymme vastaamiseen, kertoo ehk\u00e4 kiinnostuksesta aluettamme kohtaan mutta my\u00f6s halusta l\u00f6yt\u00e4\u00e4 uutta mielenkiintoista tarjontaa asiakkaille. Kauemmin yhteisty\u00f6t\u00e4 Merenkurkun matkakohteen kanssa tehneit\u00e4 matkanj\u00e4rjest\u00e4ji\u00e4 ei ollut vastaajien joukossa, mik\u00e4 saattaa vaikuttaa tutkimuksen tulokseen Merenkurkun matkakohteen tunnettuudesta.<\/p>\n<p>Matkanj\u00e4rjest\u00e4jilt\u00e4 kysyttiin, mit\u00e4 Kvarken Destinationsin kannattaa markkinoida, kun matkailu taas k\u00e4ynnistyy pandemian \u00a0j\u00e4lkeen. Tuttuina kommentteina saatiin, ett\u00e4 alueella on kaikki palaset kohdallaan p\u00e4rj\u00e4t\u00e4 kilpailussa; luonto, mahdollisuus pit\u00e4\u00e4 et\u00e4isyytt\u00e4 muihin sek\u00e4 olemme kaukana massaturismin tyylisist\u00e4 kohteista. Markkinoinnissa tulisi korostaa luontoel\u00e4myksi\u00e4, rauhaa, kest\u00e4vyytt\u00e4, turvallisuutta ja viel\u00e4 kerran luontoa. Yksi matkanj\u00e4rjest\u00e4j\u00e4 kiteytti osuvasti n\u00e4in:<\/p>\n<blockquote><p><em>\u201cYou have already what is needed for post corona travel, I mean space and nature.\u201d<\/em><\/p><\/blockquote>\n<p>Merenkurkun matkakohteet Suomen ja Ruotsin puolella ovat kovin pieni\u00e4 yksin\u00e4\u00e4n Euroopasta katsottuna. Maiden yhteinen markkinointi ulkomaan markkinoilla voi olla j\u00e4rkev\u00e4\u00e4 alueen tunnettuuden kasvattamiseksi etenkin, kun matkanj\u00e4rjest\u00e4j\u00e4t kertoivat alueen olevan melko heikosti tunnettu. Se, ett\u00e4 matkanj\u00e4rjest\u00e4ji\u00e4 kiinnostaa 2-in-1, kahden maan yhdistelm\u00e4, kannustaa jatkamaan Suomen ja Ruotsin matkailun yhteist\u00e4 markkinointity\u00f6t\u00e4 Kvarken Destinations-alueella.<\/p>\n<div id=\"attachment_10007\" style=\"width: 475px\" class=\"wp-caption alignnone\"><img decoding=\"async\" aria-describedby=\"caption-attachment-10007\" class=\" wp-image-10007\" src=\"https:\/\/www.kvarken.org\/wp-content\/uploads\/2021\/03\/Aurora-Botnia-night-2-small-kopia-300x178.png\" alt=\"\" width=\"465\" height=\"276\" \/><p id=\"caption-attachment-10007\" class=\"wp-caption-text\">Aurora Botnia wasaline.com<\/p><\/div>\n<p>&nbsp;<\/p>\n<p><strong><a href=\"https:\/\/www.kvarken.org\/projekt\/survey-tour-operator-view\/\">Lue raportti T\u00c4\u00c4LL\u00c4<\/a><\/strong><\/p>\n<p><strong><a href=\"https:\/\/www.youtube.com\/watch?v=7WIputsSA6I\">Kuuntele ja katso Annika Pollarin esitys raportista T\u00c4\u00c4LL\u00c4<\/a><\/strong><\/p>\n<p>Teksti: Annika Pollari, projektikoordinaattori, Hanken Svenska handelsh\u00f6gskolan<\/p>\n<p>&nbsp;<\/p>\n<p><img decoding=\"async\" class=\"alignnone size-medium wp-image-7619\" src=\"https:\/\/www.kvarken.org\/wp-content\/uploads\/2021\/01\/Intrerreg-BA-SV-RGB-300x85.png\" alt=\"\" width=\"300\" height=\"85\" \/><\/p>\n","protected":false},"excerpt":{"rendered":"<p>Keski-Eurooppalaiset matkanj\u00e4rjest\u00e4j\u00e4t ovat kiinnostuneita lis\u00e4\u00e4m\u00e4\u00e4n Kvarken Destinations-matkailualueen tarjontaansa. T\u00e4m\u00e4 k\u00e4y ilmi\u00a0Hanken Svenska handelsh\u00f6gskolanin tekem\u00e4ss\u00e4 tutkimuksessa ulkomaalaisille matkanj\u00e4rjest\u00e4jille.<\/p>\n","protected":false},"author":5,"featured_media":10641,"comment_status":"open","ping_status":"open","sticky":false,"template":"","format":"standard","meta":{"_acf_changed":false,"_et_pb_use_builder":"","_et_pb_old_content":"","_et_gb_content_width":"","footnotes":""},"categories":[13],"tags":[],"amnen":[34,60,58,113,86],"class_list":["post-10656","post","type-post","status-publish","format-standard","has-post-thumbnail","hentry","category-uncategorized-fi","amnen-liiketoiminta","amnen-maailmanperinto","amnen-matkailu","amnen-utbildning-fi","amnen-yhteistyomuodot-fi"],"acf":[],"yoast_head":"<!-- This site is optimized with the Yoast SEO plugin v27.4 - https:\/\/yoast.com\/product\/yoast-seo-wordpress\/ -->\n<title>2-in-1 matkakohde luonnon syleilyss\u00e4 kiehtoo eurooppalaisia matkanj\u00e4rjest\u00e4ji\u00e4 - Kvarkenr\u00e5det<\/title>\n<meta name=\"robots\" content=\"index, follow, max-snippet:-1, max-image-preview:large, max-video-preview:-1\" \/>\n<link rel=\"canonical\" href=\"https:\/\/www.kvarken.org\/fi\/2-in-1-matkakohde\/\" \/>\n<meta property=\"og:locale\" content=\"fi_FI\" \/>\n<meta property=\"og:type\" content=\"article\" \/>\n<meta property=\"og:title\" content=\"2-in-1 matkakohde luonnon syleilyss\u00e4 kiehtoo eurooppalaisia matkanj\u00e4rjest\u00e4ji\u00e4 - Kvarkenr\u00e5det\" \/>\n<meta property=\"og:description\" content=\"Keski-Eurooppalaiset matkanj\u00e4rjest\u00e4j\u00e4t ovat kiinnostuneita lis\u00e4\u00e4m\u00e4\u00e4n Kvarken Destinations-matkailualueen tarjontaansa. T\u00e4m\u00e4 k\u00e4y ilmi\u00a0Hanken Svenska handelsh\u00f6gskolanin tekem\u00e4ss\u00e4 tutkimuksessa ulkomaalaisille matkanj\u00e4rjest\u00e4jille.\" \/>\n<meta property=\"og:url\" content=\"https:\/\/www.kvarken.org\/fi\/2-in-1-matkakohde\/\" \/>\n<meta property=\"og:site_name\" content=\"Kvarkenr\u00e5det\" \/>\n<meta property=\"article:published_time\" content=\"2021-06-03T14:20:06+00:00\" \/>\n<meta property=\"article:modified_time\" content=\"2022-08-04T08:42:24+00:00\" \/>\n<meta property=\"og:image\" content=\"https:\/\/www.kvarken.org\/wp-content\/uploads\/2021\/06\/Kvarken-Destinations-709.jpeg\" \/>\n\t<meta property=\"og:image:width\" content=\"2000\" \/>\n\t<meta property=\"og:image:height\" content=\"1333\" \/>\n\t<meta property=\"og:image:type\" content=\"image\/jpeg\" \/>\n<meta name=\"author\" content=\"johanna_kvarken\" \/>\n<meta name=\"twitter:card\" content=\"summary_large_image\" \/>\n<meta name=\"twitter:label1\" content=\"Kirjoittanut\" \/>\n\t<meta name=\"twitter:data1\" content=\"johanna_kvarken\" \/>\n\t<meta name=\"twitter:label2\" content=\"Arvioitu lukuaika\" \/>\n\t<meta name=\"twitter:data2\" content=\"4 minuuttia\" \/>\n<script type=\"application\/ld+json\" class=\"yoast-schema-graph\">{\"@context\":\"https:\\\/\\\/schema.org\",\"@graph\":[{\"@type\":\"Article\",\"@id\":\"https:\\\/\\\/www.kvarken.org\\\/fi\\\/2-in-1-matkakohde\\\/#article\",\"isPartOf\":{\"@id\":\"https:\\\/\\\/www.kvarken.org\\\/fi\\\/2-in-1-matkakohde\\\/\"},\"author\":{\"name\":\"johanna_kvarken\",\"@id\":\"https:\\\/\\\/www.kvarken.org\\\/fi\\\/#\\\/schema\\\/person\\\/a3c3f8bad7148ea67cff584ed1b3f1e2\"},\"headline\":\"2-in-1 matkakohde luonnon syleilyss\u00e4 kiehtoo eurooppalaisia matkanj\u00e4rjest\u00e4ji\u00e4\",\"datePublished\":\"2021-06-03T14:20:06+00:00\",\"dateModified\":\"2022-08-04T08:42:24+00:00\",\"mainEntityOfPage\":{\"@id\":\"https:\\\/\\\/www.kvarken.org\\\/fi\\\/2-in-1-matkakohde\\\/\"},\"wordCount\":654,\"commentCount\":0,\"image\":{\"@id\":\"https:\\\/\\\/www.kvarken.org\\\/fi\\\/2-in-1-matkakohde\\\/#primaryimage\"},\"thumbnailUrl\":\"https:\\\/\\\/www.kvarken.org\\\/wp-content\\\/uploads\\\/2021\\\/06\\\/Kvarken-Destinations-709.jpeg\",\"articleSection\":[\"Uncategorized @fi\"],\"inLanguage\":\"fi\",\"potentialAction\":[{\"@type\":\"CommentAction\",\"name\":\"Comment\",\"target\":[\"https:\\\/\\\/www.kvarken.org\\\/fi\\\/2-in-1-matkakohde\\\/#respond\"]}]},{\"@type\":\"WebPage\",\"@id\":\"https:\\\/\\\/www.kvarken.org\\\/fi\\\/2-in-1-matkakohde\\\/\",\"url\":\"https:\\\/\\\/www.kvarken.org\\\/fi\\\/2-in-1-matkakohde\\\/\",\"name\":\"2-in-1 matkakohde luonnon syleilyss\u00e4 kiehtoo eurooppalaisia matkanj\u00e4rjest\u00e4ji\u00e4 - Kvarkenr\u00e5det\",\"isPartOf\":{\"@id\":\"https:\\\/\\\/www.kvarken.org\\\/fi\\\/#website\"},\"primaryImageOfPage\":{\"@id\":\"https:\\\/\\\/www.kvarken.org\\\/fi\\\/2-in-1-matkakohde\\\/#primaryimage\"},\"image\":{\"@id\":\"https:\\\/\\\/www.kvarken.org\\\/fi\\\/2-in-1-matkakohde\\\/#primaryimage\"},\"thumbnailUrl\":\"https:\\\/\\\/www.kvarken.org\\\/wp-content\\\/uploads\\\/2021\\\/06\\\/Kvarken-Destinations-709.jpeg\",\"datePublished\":\"2021-06-03T14:20:06+00:00\",\"dateModified\":\"2022-08-04T08:42:24+00:00\",\"author\":{\"@id\":\"https:\\\/\\\/www.kvarken.org\\\/fi\\\/#\\\/schema\\\/person\\\/a3c3f8bad7148ea67cff584ed1b3f1e2\"},\"breadcrumb\":{\"@id\":\"https:\\\/\\\/www.kvarken.org\\\/fi\\\/2-in-1-matkakohde\\\/#breadcrumb\"},\"inLanguage\":\"fi\",\"potentialAction\":[{\"@type\":\"ReadAction\",\"target\":[\"https:\\\/\\\/www.kvarken.org\\\/fi\\\/2-in-1-matkakohde\\\/\"]}]},{\"@type\":\"ImageObject\",\"inLanguage\":\"fi\",\"@id\":\"https:\\\/\\\/www.kvarken.org\\\/fi\\\/2-in-1-matkakohde\\\/#primaryimage\",\"url\":\"https:\\\/\\\/www.kvarken.org\\\/wp-content\\\/uploads\\\/2021\\\/06\\\/Kvarken-Destinations-709.jpeg\",\"contentUrl\":\"https:\\\/\\\/www.kvarken.org\\\/wp-content\\\/uploads\\\/2021\\\/06\\\/Kvarken-Destinations-709.jpeg\",\"width\":2000,\"height\":1333,\"caption\":\"Hiking in Kvarken Archipelago Photo: Janicke Hansen\\\/Kvarken Destinations Contentbank\"},{\"@type\":\"BreadcrumbList\",\"@id\":\"https:\\\/\\\/www.kvarken.org\\\/fi\\\/2-in-1-matkakohde\\\/#breadcrumb\",\"itemListElement\":[{\"@type\":\"ListItem\",\"position\":1,\"name\":\"Hem\",\"item\":\"https:\\\/\\\/www.kvarken.org\\\/fi\\\/\"},{\"@type\":\"ListItem\",\"position\":2,\"name\":\"2-in-1 matkakohde luonnon syleilyss\u00e4 kiehtoo eurooppalaisia matkanj\u00e4rjest\u00e4ji\u00e4\"}]},{\"@type\":\"WebSite\",\"@id\":\"https:\\\/\\\/www.kvarken.org\\\/fi\\\/#website\",\"url\":\"https:\\\/\\\/www.kvarken.org\\\/fi\\\/\",\"name\":\"Kvarkenr\u00e5det\",\"description\":\"\",\"potentialAction\":[{\"@type\":\"SearchAction\",\"target\":{\"@type\":\"EntryPoint\",\"urlTemplate\":\"https:\\\/\\\/www.kvarken.org\\\/fi\\\/?s={search_term_string}\"},\"query-input\":{\"@type\":\"PropertyValueSpecification\",\"valueRequired\":true,\"valueName\":\"search_term_string\"}}],\"inLanguage\":\"fi\"},{\"@type\":\"Person\",\"@id\":\"https:\\\/\\\/www.kvarken.org\\\/fi\\\/#\\\/schema\\\/person\\\/a3c3f8bad7148ea67cff584ed1b3f1e2\",\"name\":\"johanna_kvarken\",\"image\":{\"@type\":\"ImageObject\",\"inLanguage\":\"fi\",\"@id\":\"https:\\\/\\\/secure.gravatar.com\\\/avatar\\\/47c65fbd7d5d363246bda56ee5b114e75c2d4727b75bd28a94072a1fe8d5f102?s=96&d=mm&r=g\",\"url\":\"https:\\\/\\\/secure.gravatar.com\\\/avatar\\\/47c65fbd7d5d363246bda56ee5b114e75c2d4727b75bd28a94072a1fe8d5f102?s=96&d=mm&r=g\",\"contentUrl\":\"https:\\\/\\\/secure.gravatar.com\\\/avatar\\\/47c65fbd7d5d363246bda56ee5b114e75c2d4727b75bd28a94072a1fe8d5f102?s=96&d=mm&r=g\",\"caption\":\"johanna_kvarken\"}}]}<\/script>\n<!-- \/ Yoast SEO plugin. -->","yoast_head_json":{"title":"2-in-1 matkakohde luonnon syleilyss\u00e4 kiehtoo eurooppalaisia matkanj\u00e4rjest\u00e4ji\u00e4 - Kvarkenr\u00e5det","robots":{"index":"index","follow":"follow","max-snippet":"max-snippet:-1","max-image-preview":"max-image-preview:large","max-video-preview":"max-video-preview:-1"},"canonical":"https:\/\/www.kvarken.org\/fi\/2-in-1-matkakohde\/","og_locale":"fi_FI","og_type":"article","og_title":"2-in-1 matkakohde luonnon syleilyss\u00e4 kiehtoo eurooppalaisia matkanj\u00e4rjest\u00e4ji\u00e4 - Kvarkenr\u00e5det","og_description":"Keski-Eurooppalaiset matkanj\u00e4rjest\u00e4j\u00e4t ovat kiinnostuneita lis\u00e4\u00e4m\u00e4\u00e4n Kvarken Destinations-matkailualueen tarjontaansa. T\u00e4m\u00e4 k\u00e4y ilmi\u00a0Hanken Svenska handelsh\u00f6gskolanin tekem\u00e4ss\u00e4 tutkimuksessa ulkomaalaisille matkanj\u00e4rjest\u00e4jille.","og_url":"https:\/\/www.kvarken.org\/fi\/2-in-1-matkakohde\/","og_site_name":"Kvarkenr\u00e5det","article_published_time":"2021-06-03T14:20:06+00:00","article_modified_time":"2022-08-04T08:42:24+00:00","og_image":[{"width":2000,"height":1333,"url":"https:\/\/www.kvarken.org\/wp-content\/uploads\/2021\/06\/Kvarken-Destinations-709.jpeg","type":"image\/jpeg"}],"author":"johanna_kvarken","twitter_card":"summary_large_image","twitter_misc":{"Kirjoittanut":"johanna_kvarken","Arvioitu lukuaika":"4 minuuttia"},"schema":{"@context":"https:\/\/schema.org","@graph":[{"@type":"Article","@id":"https:\/\/www.kvarken.org\/fi\/2-in-1-matkakohde\/#article","isPartOf":{"@id":"https:\/\/www.kvarken.org\/fi\/2-in-1-matkakohde\/"},"author":{"name":"johanna_kvarken","@id":"https:\/\/www.kvarken.org\/fi\/#\/schema\/person\/a3c3f8bad7148ea67cff584ed1b3f1e2"},"headline":"2-in-1 matkakohde luonnon syleilyss\u00e4 kiehtoo eurooppalaisia matkanj\u00e4rjest\u00e4ji\u00e4","datePublished":"2021-06-03T14:20:06+00:00","dateModified":"2022-08-04T08:42:24+00:00","mainEntityOfPage":{"@id":"https:\/\/www.kvarken.org\/fi\/2-in-1-matkakohde\/"},"wordCount":654,"commentCount":0,"image":{"@id":"https:\/\/www.kvarken.org\/fi\/2-in-1-matkakohde\/#primaryimage"},"thumbnailUrl":"https:\/\/www.kvarken.org\/wp-content\/uploads\/2021\/06\/Kvarken-Destinations-709.jpeg","articleSection":["Uncategorized @fi"],"inLanguage":"fi","potentialAction":[{"@type":"CommentAction","name":"Comment","target":["https:\/\/www.kvarken.org\/fi\/2-in-1-matkakohde\/#respond"]}]},{"@type":"WebPage","@id":"https:\/\/www.kvarken.org\/fi\/2-in-1-matkakohde\/","url":"https:\/\/www.kvarken.org\/fi\/2-in-1-matkakohde\/","name":"2-in-1 matkakohde luonnon syleilyss\u00e4 kiehtoo eurooppalaisia matkanj\u00e4rjest\u00e4ji\u00e4 - Kvarkenr\u00e5det","isPartOf":{"@id":"https:\/\/www.kvarken.org\/fi\/#website"},"primaryImageOfPage":{"@id":"https:\/\/www.kvarken.org\/fi\/2-in-1-matkakohde\/#primaryimage"},"image":{"@id":"https:\/\/www.kvarken.org\/fi\/2-in-1-matkakohde\/#primaryimage"},"thumbnailUrl":"https:\/\/www.kvarken.org\/wp-content\/uploads\/2021\/06\/Kvarken-Destinations-709.jpeg","datePublished":"2021-06-03T14:20:06+00:00","dateModified":"2022-08-04T08:42:24+00:00","author":{"@id":"https:\/\/www.kvarken.org\/fi\/#\/schema\/person\/a3c3f8bad7148ea67cff584ed1b3f1e2"},"breadcrumb":{"@id":"https:\/\/www.kvarken.org\/fi\/2-in-1-matkakohde\/#breadcrumb"},"inLanguage":"fi","potentialAction":[{"@type":"ReadAction","target":["https:\/\/www.kvarken.org\/fi\/2-in-1-matkakohde\/"]}]},{"@type":"ImageObject","inLanguage":"fi","@id":"https:\/\/www.kvarken.org\/fi\/2-in-1-matkakohde\/#primaryimage","url":"https:\/\/www.kvarken.org\/wp-content\/uploads\/2021\/06\/Kvarken-Destinations-709.jpeg","contentUrl":"https:\/\/www.kvarken.org\/wp-content\/uploads\/2021\/06\/Kvarken-Destinations-709.jpeg","width":2000,"height":1333,"caption":"Hiking in Kvarken Archipelago Photo: Janicke Hansen\/Kvarken Destinations Contentbank"},{"@type":"BreadcrumbList","@id":"https:\/\/www.kvarken.org\/fi\/2-in-1-matkakohde\/#breadcrumb","itemListElement":[{"@type":"ListItem","position":1,"name":"Hem","item":"https:\/\/www.kvarken.org\/fi\/"},{"@type":"ListItem","position":2,"name":"2-in-1 matkakohde luonnon syleilyss\u00e4 kiehtoo eurooppalaisia matkanj\u00e4rjest\u00e4ji\u00e4"}]},{"@type":"WebSite","@id":"https:\/\/www.kvarken.org\/fi\/#website","url":"https:\/\/www.kvarken.org\/fi\/","name":"Kvarkenr\u00e5det","description":"","potentialAction":[{"@type":"SearchAction","target":{"@type":"EntryPoint","urlTemplate":"https:\/\/www.kvarken.org\/fi\/?s={search_term_string}"},"query-input":{"@type":"PropertyValueSpecification","valueRequired":true,"valueName":"search_term_string"}}],"inLanguage":"fi"},{"@type":"Person","@id":"https:\/\/www.kvarken.org\/fi\/#\/schema\/person\/a3c3f8bad7148ea67cff584ed1b3f1e2","name":"johanna_kvarken","image":{"@type":"ImageObject","inLanguage":"fi","@id":"https:\/\/secure.gravatar.com\/avatar\/47c65fbd7d5d363246bda56ee5b114e75c2d4727b75bd28a94072a1fe8d5f102?s=96&d=mm&r=g","url":"https:\/\/secure.gravatar.com\/avatar\/47c65fbd7d5d363246bda56ee5b114e75c2d4727b75bd28a94072a1fe8d5f102?s=96&d=mm&r=g","contentUrl":"https:\/\/secure.gravatar.com\/avatar\/47c65fbd7d5d363246bda56ee5b114e75c2d4727b75bd28a94072a1fe8d5f102?s=96&d=mm&r=g","caption":"johanna_kvarken"}}]}},"_links":{"self":[{"href":"https:\/\/www.kvarken.org\/fi\/wp-json\/wp\/v2\/posts\/10656","targetHints":{"allow":["GET"]}}],"collection":[{"href":"https:\/\/www.kvarken.org\/fi\/wp-json\/wp\/v2\/posts"}],"about":[{"href":"https:\/\/www.kvarken.org\/fi\/wp-json\/wp\/v2\/types\/post"}],"author":[{"embeddable":true,"href":"https:\/\/www.kvarken.org\/fi\/wp-json\/wp\/v2\/users\/5"}],"replies":[{"embeddable":true,"href":"https:\/\/www.kvarken.org\/fi\/wp-json\/wp\/v2\/comments?post=10656"}],"version-history":[{"count":1,"href":"https:\/\/www.kvarken.org\/fi\/wp-json\/wp\/v2\/posts\/10656\/revisions"}],"predecessor-version":[{"id":13735,"href":"https:\/\/www.kvarken.org\/fi\/wp-json\/wp\/v2\/posts\/10656\/revisions\/13735"}],"wp:featuredmedia":[{"embeddable":true,"href":"https:\/\/www.kvarken.org\/fi\/wp-json\/wp\/v2\/media\/10641"}],"wp:attachment":[{"href":"https:\/\/www.kvarken.org\/fi\/wp-json\/wp\/v2\/media?parent=10656"}],"wp:term":[{"taxonomy":"category","embeddable":true,"href":"https:\/\/www.kvarken.org\/fi\/wp-json\/wp\/v2\/categories?post=10656"},{"taxonomy":"post_tag","embeddable":true,"href":"https:\/\/www.kvarken.org\/fi\/wp-json\/wp\/v2\/tags?post=10656"},{"taxonomy":"amnen","embeddable":true,"href":"https:\/\/www.kvarken.org\/fi\/wp-json\/wp\/v2\/amnen?post=10656"}],"curies":[{"name":"wp","href":"https:\/\/api.w.org\/{rel}","templated":true}]}}