{"id":12700,"date":"2022-02-04T13:53:49","date_gmt":"2022-02-04T10:53:49","guid":{"rendered":"https:\/\/kvarken.org\/?p=12700"},"modified":"2022-02-04T14:42:15","modified_gmt":"2022-02-04T11:42:15","slug":"storytagging-ja-maailman-tarinankerrontapaiva-laheta-kertomuksesi-meille","status":"publish","type":"post","link":"https:\/\/www.kvarken.org\/fi\/storytagging-ja-maailman-tarinankerrontapaiva-laheta-kertomuksesi-meille\/","title":{"rendered":"StoryTagging ja Maailman tarinankerrontap\u00e4iv\u00e4 \u2013 l\u00e4het\u00e4 kertomuksesi meille"},"content":{"rendered":"<p>[et_pb_section fb_built=&#8221;1&#8243; _builder_version=&#8221;4.9.1&#8243; custom_margin=&#8221;0px|0px|0px|0px|false|false&#8221; custom_padding=&#8221;0px|0px|0px|0px|false|false&#8221; global_colors_info=&#8221;{}&#8221;][et_pb_row _builder_version=&#8221;4.9.1&#8243; background_size=&#8221;initial&#8221; background_position=&#8221;top_left&#8221; background_repeat=&#8221;repeat&#8221; width=&#8221;90%&#8221; max_width=&#8221;1280px&#8221; global_colors_info=&#8221;{}&#8221;][et_pb_column type=&#8221;4_4&#8243; _builder_version=&#8221;4.9.1&#8243; custom_padding=&#8221;|||&#8221; global_colors_info=&#8221;{}&#8221; custom_padding__hover=&#8221;|||&#8221;][et_pb_text _builder_version=&#8221;4.9.7&#8243; background_size=&#8221;initial&#8221; background_position=&#8221;top_left&#8221; background_repeat=&#8221;repeat&#8221; global_colors_info=&#8221;{}&#8221;]Merenkurkun neuvosto EAYY on kumppanina kansainv\u00e4lisess\u00e4 hankkeessa nimelt\u00e4 \u201dStoryTagging\u201d. Hankkeen muut osapuolet ovat Skotlannista, Pohjois-Irlannista, V\u00e4sterbottenista Ruotsista ja Arkangelskista Ven\u00e4j\u00e4lt\u00e4. Paikkaperustaisten tarinoiden avulla hanke haluaa nostaa mielenkiintoisia paikkoja ja tuotteita. Apuna t\u00e4ss\u00e4 hanke k\u00e4ytt\u00e4\u00e4 meid\u00e4n kulttuuri- ja\/ tai luonnonperint\u00f6\u00e4mme. L\u00e4hiluonnossamme on nimitt\u00e4in paljon l\u00f6ydett\u00e4v\u00e4\u00e4, jota voi k\u00e4ytt\u00e4\u00e4 ideointiin. Yritysmaailma on my\u00f6s alkanut oivaltaa voiman, joka kertomuksissa piilee ja yh\u00e4 useampi k\u00e4ytt\u00e4\u00e4 tarinoita apuna muun muassa markkinoidakseen paikkaansa tai tuotettaan.<\/p>\n<p>20. maaliskuuta j\u00e4rjestet\u00e4\u00e4n \u201dMaailman tarinankerrontap\u00e4iv\u00e4\u201d ymp\u00e4ri maailmaa. Se voi n\u00e4ytt\u00e4\u00e4 erilaiselta eri puolilla maailmaa mutta punaisena lankana kaikissa tapahtumissa on tarinat, jotka ovat erityyppisi\u00e4 mutta monet niist\u00e4 liittyv\u00e4t kulttuuri- ja\/ tai luonnonperint\u00f6kohteeseen. Me kaikki kannamme mukanamme tarinoita, vaikkemme ehk\u00e4 mieti sit\u00e4. Osan olemme ehk\u00e4 lukeneet, toiset olemme ehk\u00e4 perineet aikaisempien sukupolvien toimesta. Luomme my\u00f6s itse tarinoita toiminnallamme.<\/p>\n<p>Maailman tarinankerrontap\u00e4iv\u00e4\u00e4 2022 ajatellen kutsumme my\u00f6s sinut jakamaan paikkaperustaisen tarinan Merenkurkun alueelta. Kirjoita yl\u00f6s paikallinen tarina, tapahtuma, episodi, satu tai vastaava, jonka haluat mielell\u00e4si jakaa eteenp\u00e4in. Sen tulee olla aika lyhyt, 500 sanaa tai 3000 kirjainta pitk\u00e4 (noin yhden A4-sivun pituinen). Jos mieluummin haluat \u00e4\u00e4nitt\u00e4\u00e4 tarinasi voit tehd\u00e4 sen esimerkiksi k\u00e4ytt\u00e4m\u00e4ll\u00e4 puhelintasi. Pid\u00e4 tarinasi lyhyen\u00e4, enint\u00e4\u00e4n 4 minuutin pituisena. Voit l\u00e4hett\u00e4\u00e4 tarinoita ruotsiksi, suomeksi, englanniksi ja jopa murteella. Voit l\u00e4hett\u00e4\u00e4 tarinoita koko helmikuun ajan. Tarinat voi l\u00e4hett\u00e4\u00e4 hankejohtajalle Ann-Sofi Backgren, <a href=\"mailto:ann-sofi.backgren@kvarken.org\">ann-sofi.backgren@kvarken.org<\/a>[\/et_pb_text][et_pb_text _builder_version=&#8221;4.9.7&#8243; background_size=&#8221;initial&#8221; background_position=&#8221;top_left&#8221; background_repeat=&#8221;repeat&#8221; global_colors_info=&#8221;{}&#8221;]<strong>Lis\u00e4tietoja:<\/strong><\/p>\n<p>Ann-Sofi Backgren, StoryTaggingin projektinjohtaja<\/p>\n<p><a href=\"mailto:ann-sofi.backgren@kvarken.org\">ann-sofi.backgren@kvarken.org<\/a><\/p>\n<p><a href=\"tel:+358%2050%20522%202642\">+358 50 522 2642<\/a><\/p>\n<p>&nbsp;<\/p>\n<p>Lyhyesti hankkeesta:<\/p>\n<p>Merenkurkun neuvosto osallistuu kansainv\u00e4liseen StoryTagging-hankkeeseen, jossa haluamme vangita omaan kulttuuri- ja luonnonperint\u00f6\u00f6mme liittyvi\u00e4 tarinoita. Haluamme tarinoillamme houkutella k\u00e4vij\u00f6it\u00e4 tarinoiden ja tuotteiden syntysijoille. Hankkeessa nostetaan esiin tarinoita koko Merenkurkun alueelta. Suomen puolella hanketta toteuttaa Merenkurkun neuvosto ja Ruotsin puolella Region V\u00e4sterbottens Turism.<\/p>\n<p>Hanke suuntautuu nyt syksyll\u00e4 matkailuun keskittyviin tai siihen kytkeytyviin yritt\u00e4jiin, jotka haluavat hy\u00f6dynt\u00e4\u00e4 yhteytt\u00e4, jossa heid\u00e4n omia tarinoitaan voidaan nostaa esille. Kilpailu on nyky\u00e4\u00e4n aika kovaa, ja yritt\u00e4j\u00e4n t\u00e4ytyy kaiken kohinankin l\u00e4pi pyrki\u00e4 tavoittamaan viestill\u00e4\u00e4n haluamansa asiakasryhm\u00e4t. Oman ainutlaatuisen tarinan ja n\u00e4k\u00f6kulman l\u00f6yt\u00e4minen, muotoileminen ja niist\u00e4 viestiminen kiinnostaa siksi yh\u00e4 useampia \u2013 siis tarinan, jota kell\u00e4\u00e4n muulla ei ole. Ehk\u00e4 kytke\u00e4 nykyinen toiminta paikkaan ja sen historiallisiin tapahtumiin. Tai todellisiin ihmisiin, legendoihin, luonnonvoimiin. Tai kaikkeen silt\u00e4 v\u00e4lilt\u00e4.<\/p>\n<p>&nbsp;[\/et_pb_text][et_pb_image src=&#8221;https:\/\/www.kvarken.org\/wp-content\/uploads\/2020\/12\/NORTHWORD-CMYK-2-3.png&#8221; title_text=&#8221;NORTHWORD-CMYK-2&#8243; _builder_version=&#8221;4.9.1&#8243; _module_preset=&#8221;default&#8221; global_colors_info=&#8221;{}&#8221;][\/et_pb_image][et_pb_image src=&#8221;https:\/\/www.kvarken.org\/wp-content\/uploads\/2020\/12\/NPA_Logotype_B1_RGB-2-5.png&#8221; title_text=&#8221;NPA_Logotype_B1_RGB-2&#8243; _builder_version=&#8221;4.9.1&#8243; _module_preset=&#8221;default&#8221; global_colors_info=&#8221;{}&#8221;][\/et_pb_image][\/et_pb_column][\/et_pb_row][\/et_pb_section]<\/p>\n","protected":false},"excerpt":{"rendered":"<p>Maailman tarinankerrontap\u00e4iv\u00e4\u00e4 2022 ajatellen kutsumme sinut jakamaan paikkaperustaisen tarinan Merenkurkun alueelta. Kirjoita yl\u00f6s tai \u00e4\u00e4nit\u00e4 paikallinen tarinasi helmikuun aikana!<\/p>\n","protected":false},"author":6,"featured_media":2626,"comment_status":"open","ping_status":"open","sticky":false,"template":"","format":"standard","meta":{"_acf_changed":false,"_et_pb_use_builder":"on","_et_pb_old_content":"","_et_gb_content_width":"","footnotes":""},"categories":[13],"tags":[],"amnen":[32,60,58,65],"class_list":["post-12700","post","type-post","status-publish","format-standard","has-post-thumbnail","hentry","category-uncategorized-fi","amnen-kulttuuri","amnen-maailmanperinto","amnen-matkailu","amnen-ymparisto"],"acf":[],"yoast_head":"<!-- This site is optimized with the Yoast SEO plugin v27.4 - https:\/\/yoast.com\/product\/yoast-seo-wordpress\/ -->\n<title>StoryTagging ja Maailman tarinankerrontap\u00e4iv\u00e4 \u2013 l\u00e4het\u00e4 kertomuksesi meille - Kvarkenr\u00e5det<\/title>\n<meta name=\"robots\" content=\"index, follow, max-snippet:-1, max-image-preview:large, max-video-preview:-1\" \/>\n<link rel=\"canonical\" href=\"https:\/\/www.kvarken.org\/fi\/storytagging-ja-maailman-tarinankerrontapaiva-laheta-kertomuksesi-meille\/\" \/>\n<meta property=\"og:locale\" content=\"fi_FI\" \/>\n<meta property=\"og:type\" content=\"article\" \/>\n<meta property=\"og:title\" content=\"StoryTagging ja Maailman tarinankerrontap\u00e4iv\u00e4 \u2013 l\u00e4het\u00e4 kertomuksesi meille - Kvarkenr\u00e5det\" \/>\n<meta property=\"og:description\" content=\"Maailman tarinankerrontap\u00e4iv\u00e4\u00e4 2022 ajatellen kutsumme sinut jakamaan paikkaperustaisen tarinan Merenkurkun alueelta. Kirjoita yl\u00f6s tai \u00e4\u00e4nit\u00e4 paikallinen tarinasi helmikuun aikana!\" \/>\n<meta property=\"og:url\" content=\"https:\/\/www.kvarken.org\/fi\/storytagging-ja-maailman-tarinankerrontapaiva-laheta-kertomuksesi-meille\/\" \/>\n<meta property=\"og:site_name\" content=\"Kvarkenr\u00e5det\" \/>\n<meta property=\"article:published_time\" content=\"2022-02-04T10:53:49+00:00\" \/>\n<meta property=\"article:modified_time\" content=\"2022-02-04T11:42:15+00:00\" \/>\n<meta property=\"og:image\" content=\"https:\/\/www.kvarken.org\/wp-content\/uploads\/2020\/12\/Kvarkenradet_bilder_webb_header7-scaled.jpg\" \/>\n\t<meta property=\"og:image:width\" content=\"2560\" \/>\n\t<meta property=\"og:image:height\" content=\"1227\" \/>\n\t<meta property=\"og:image:type\" content=\"image\/jpeg\" \/>\n<meta name=\"author\" content=\"Huuhka Ida-Maria\" \/>\n<meta name=\"twitter:card\" content=\"summary_large_image\" \/>\n<meta name=\"twitter:label1\" content=\"Kirjoittanut\" \/>\n\t<meta name=\"twitter:data1\" content=\"Huuhka Ida-Maria\" \/>\n\t<meta name=\"twitter:label2\" content=\"Arvioitu lukuaika\" \/>\n\t<meta name=\"twitter:data2\" content=\"2 minuuttia\" \/>\n<script type=\"application\/ld+json\" class=\"yoast-schema-graph\">{\"@context\":\"https:\\\/\\\/schema.org\",\"@graph\":[{\"@type\":\"Article\",\"@id\":\"https:\\\/\\\/www.kvarken.org\\\/fi\\\/storytagging-ja-maailman-tarinankerrontapaiva-laheta-kertomuksesi-meille\\\/#article\",\"isPartOf\":{\"@id\":\"https:\\\/\\\/www.kvarken.org\\\/fi\\\/storytagging-ja-maailman-tarinankerrontapaiva-laheta-kertomuksesi-meille\\\/\"},\"author\":{\"name\":\"Huuhka Ida-Maria\",\"@id\":\"https:\\\/\\\/www.kvarken.org\\\/fi\\\/#\\\/schema\\\/person\\\/0da9a52b8b8962cba7c963d7189046b5\"},\"headline\":\"StoryTagging ja Maailman tarinankerrontap\u00e4iv\u00e4 \u2013 l\u00e4het\u00e4 kertomuksesi meille\",\"datePublished\":\"2022-02-04T10:53:49+00:00\",\"dateModified\":\"2022-02-04T11:42:15+00:00\",\"mainEntityOfPage\":{\"@id\":\"https:\\\/\\\/www.kvarken.org\\\/fi\\\/storytagging-ja-maailman-tarinankerrontapaiva-laheta-kertomuksesi-meille\\\/\"},\"wordCount\":575,\"commentCount\":0,\"image\":{\"@id\":\"https:\\\/\\\/www.kvarken.org\\\/fi\\\/storytagging-ja-maailman-tarinankerrontapaiva-laheta-kertomuksesi-meille\\\/#primaryimage\"},\"thumbnailUrl\":\"https:\\\/\\\/www.kvarken.org\\\/wp-content\\\/uploads\\\/2020\\\/12\\\/Kvarkenradet_bilder_webb_header7-scaled.jpg\",\"articleSection\":[\"Uncategorized @fi\"],\"inLanguage\":\"fi\",\"potentialAction\":[{\"@type\":\"CommentAction\",\"name\":\"Comment\",\"target\":[\"https:\\\/\\\/www.kvarken.org\\\/fi\\\/storytagging-ja-maailman-tarinankerrontapaiva-laheta-kertomuksesi-meille\\\/#respond\"]}]},{\"@type\":\"WebPage\",\"@id\":\"https:\\\/\\\/www.kvarken.org\\\/fi\\\/storytagging-ja-maailman-tarinankerrontapaiva-laheta-kertomuksesi-meille\\\/\",\"url\":\"https:\\\/\\\/www.kvarken.org\\\/fi\\\/storytagging-ja-maailman-tarinankerrontapaiva-laheta-kertomuksesi-meille\\\/\",\"name\":\"StoryTagging ja Maailman tarinankerrontap\u00e4iv\u00e4 \u2013 l\u00e4het\u00e4 kertomuksesi meille - Kvarkenr\u00e5det\",\"isPartOf\":{\"@id\":\"https:\\\/\\\/www.kvarken.org\\\/fi\\\/#website\"},\"primaryImageOfPage\":{\"@id\":\"https:\\\/\\\/www.kvarken.org\\\/fi\\\/storytagging-ja-maailman-tarinankerrontapaiva-laheta-kertomuksesi-meille\\\/#primaryimage\"},\"image\":{\"@id\":\"https:\\\/\\\/www.kvarken.org\\\/fi\\\/storytagging-ja-maailman-tarinankerrontapaiva-laheta-kertomuksesi-meille\\\/#primaryimage\"},\"thumbnailUrl\":\"https:\\\/\\\/www.kvarken.org\\\/wp-content\\\/uploads\\\/2020\\\/12\\\/Kvarkenradet_bilder_webb_header7-scaled.jpg\",\"datePublished\":\"2022-02-04T10:53:49+00:00\",\"dateModified\":\"2022-02-04T11:42:15+00:00\",\"author\":{\"@id\":\"https:\\\/\\\/www.kvarken.org\\\/fi\\\/#\\\/schema\\\/person\\\/0da9a52b8b8962cba7c963d7189046b5\"},\"breadcrumb\":{\"@id\":\"https:\\\/\\\/www.kvarken.org\\\/fi\\\/storytagging-ja-maailman-tarinankerrontapaiva-laheta-kertomuksesi-meille\\\/#breadcrumb\"},\"inLanguage\":\"fi\",\"potentialAction\":[{\"@type\":\"ReadAction\",\"target\":[\"https:\\\/\\\/www.kvarken.org\\\/fi\\\/storytagging-ja-maailman-tarinankerrontapaiva-laheta-kertomuksesi-meille\\\/\"]}]},{\"@type\":\"ImageObject\",\"inLanguage\":\"fi\",\"@id\":\"https:\\\/\\\/www.kvarken.org\\\/fi\\\/storytagging-ja-maailman-tarinankerrontapaiva-laheta-kertomuksesi-meille\\\/#primaryimage\",\"url\":\"https:\\\/\\\/www.kvarken.org\\\/wp-content\\\/uploads\\\/2020\\\/12\\\/Kvarkenradet_bilder_webb_header7-scaled.jpg\",\"contentUrl\":\"https:\\\/\\\/www.kvarken.org\\\/wp-content\\\/uploads\\\/2020\\\/12\\\/Kvarkenradet_bilder_webb_header7-scaled.jpg\",\"width\":2560,\"height\":1227,\"caption\":\"dr\u00f6narbild paddling\"},{\"@type\":\"BreadcrumbList\",\"@id\":\"https:\\\/\\\/www.kvarken.org\\\/fi\\\/storytagging-ja-maailman-tarinankerrontapaiva-laheta-kertomuksesi-meille\\\/#breadcrumb\",\"itemListElement\":[{\"@type\":\"ListItem\",\"position\":1,\"name\":\"Hem\",\"item\":\"https:\\\/\\\/www.kvarken.org\\\/fi\\\/\"},{\"@type\":\"ListItem\",\"position\":2,\"name\":\"StoryTagging ja Maailman tarinankerrontap\u00e4iv\u00e4 \u2013 l\u00e4het\u00e4 kertomuksesi meille\"}]},{\"@type\":\"WebSite\",\"@id\":\"https:\\\/\\\/www.kvarken.org\\\/fi\\\/#website\",\"url\":\"https:\\\/\\\/www.kvarken.org\\\/fi\\\/\",\"name\":\"Kvarkenr\u00e5det\",\"description\":\"\",\"potentialAction\":[{\"@type\":\"SearchAction\",\"target\":{\"@type\":\"EntryPoint\",\"urlTemplate\":\"https:\\\/\\\/www.kvarken.org\\\/fi\\\/?s={search_term_string}\"},\"query-input\":{\"@type\":\"PropertyValueSpecification\",\"valueRequired\":true,\"valueName\":\"search_term_string\"}}],\"inLanguage\":\"fi\"},{\"@type\":\"Person\",\"@id\":\"https:\\\/\\\/www.kvarken.org\\\/fi\\\/#\\\/schema\\\/person\\\/0da9a52b8b8962cba7c963d7189046b5\",\"name\":\"Huuhka Ida-Maria\",\"image\":{\"@type\":\"ImageObject\",\"inLanguage\":\"fi\",\"@id\":\"https:\\\/\\\/secure.gravatar.com\\\/avatar\\\/8b0e50e08aa7a664dc6e2c23a82b9f95c7dc6946a41a69227e0712becda209aa?s=96&d=mm&r=g\",\"url\":\"https:\\\/\\\/secure.gravatar.com\\\/avatar\\\/8b0e50e08aa7a664dc6e2c23a82b9f95c7dc6946a41a69227e0712becda209aa?s=96&d=mm&r=g\",\"contentUrl\":\"https:\\\/\\\/secure.gravatar.com\\\/avatar\\\/8b0e50e08aa7a664dc6e2c23a82b9f95c7dc6946a41a69227e0712becda209aa?s=96&d=mm&r=g\",\"caption\":\"Huuhka Ida-Maria\"}}]}<\/script>\n<!-- \/ Yoast SEO plugin. -->","yoast_head_json":{"title":"StoryTagging ja Maailman tarinankerrontap\u00e4iv\u00e4 \u2013 l\u00e4het\u00e4 kertomuksesi meille - Kvarkenr\u00e5det","robots":{"index":"index","follow":"follow","max-snippet":"max-snippet:-1","max-image-preview":"max-image-preview:large","max-video-preview":"max-video-preview:-1"},"canonical":"https:\/\/www.kvarken.org\/fi\/storytagging-ja-maailman-tarinankerrontapaiva-laheta-kertomuksesi-meille\/","og_locale":"fi_FI","og_type":"article","og_title":"StoryTagging ja Maailman tarinankerrontap\u00e4iv\u00e4 \u2013 l\u00e4het\u00e4 kertomuksesi meille - Kvarkenr\u00e5det","og_description":"Maailman tarinankerrontap\u00e4iv\u00e4\u00e4 2022 ajatellen kutsumme sinut jakamaan paikkaperustaisen tarinan Merenkurkun alueelta. Kirjoita yl\u00f6s tai \u00e4\u00e4nit\u00e4 paikallinen tarinasi helmikuun aikana!","og_url":"https:\/\/www.kvarken.org\/fi\/storytagging-ja-maailman-tarinankerrontapaiva-laheta-kertomuksesi-meille\/","og_site_name":"Kvarkenr\u00e5det","article_published_time":"2022-02-04T10:53:49+00:00","article_modified_time":"2022-02-04T11:42:15+00:00","og_image":[{"width":2560,"height":1227,"url":"https:\/\/www.kvarken.org\/wp-content\/uploads\/2020\/12\/Kvarkenradet_bilder_webb_header7-scaled.jpg","type":"image\/jpeg"}],"author":"Huuhka Ida-Maria","twitter_card":"summary_large_image","twitter_misc":{"Kirjoittanut":"Huuhka Ida-Maria","Arvioitu lukuaika":"2 minuuttia"},"schema":{"@context":"https:\/\/schema.org","@graph":[{"@type":"Article","@id":"https:\/\/www.kvarken.org\/fi\/storytagging-ja-maailman-tarinankerrontapaiva-laheta-kertomuksesi-meille\/#article","isPartOf":{"@id":"https:\/\/www.kvarken.org\/fi\/storytagging-ja-maailman-tarinankerrontapaiva-laheta-kertomuksesi-meille\/"},"author":{"name":"Huuhka Ida-Maria","@id":"https:\/\/www.kvarken.org\/fi\/#\/schema\/person\/0da9a52b8b8962cba7c963d7189046b5"},"headline":"StoryTagging ja Maailman tarinankerrontap\u00e4iv\u00e4 \u2013 l\u00e4het\u00e4 kertomuksesi meille","datePublished":"2022-02-04T10:53:49+00:00","dateModified":"2022-02-04T11:42:15+00:00","mainEntityOfPage":{"@id":"https:\/\/www.kvarken.org\/fi\/storytagging-ja-maailman-tarinankerrontapaiva-laheta-kertomuksesi-meille\/"},"wordCount":575,"commentCount":0,"image":{"@id":"https:\/\/www.kvarken.org\/fi\/storytagging-ja-maailman-tarinankerrontapaiva-laheta-kertomuksesi-meille\/#primaryimage"},"thumbnailUrl":"https:\/\/www.kvarken.org\/wp-content\/uploads\/2020\/12\/Kvarkenradet_bilder_webb_header7-scaled.jpg","articleSection":["Uncategorized @fi"],"inLanguage":"fi","potentialAction":[{"@type":"CommentAction","name":"Comment","target":["https:\/\/www.kvarken.org\/fi\/storytagging-ja-maailman-tarinankerrontapaiva-laheta-kertomuksesi-meille\/#respond"]}]},{"@type":"WebPage","@id":"https:\/\/www.kvarken.org\/fi\/storytagging-ja-maailman-tarinankerrontapaiva-laheta-kertomuksesi-meille\/","url":"https:\/\/www.kvarken.org\/fi\/storytagging-ja-maailman-tarinankerrontapaiva-laheta-kertomuksesi-meille\/","name":"StoryTagging ja Maailman tarinankerrontap\u00e4iv\u00e4 \u2013 l\u00e4het\u00e4 kertomuksesi meille - Kvarkenr\u00e5det","isPartOf":{"@id":"https:\/\/www.kvarken.org\/fi\/#website"},"primaryImageOfPage":{"@id":"https:\/\/www.kvarken.org\/fi\/storytagging-ja-maailman-tarinankerrontapaiva-laheta-kertomuksesi-meille\/#primaryimage"},"image":{"@id":"https:\/\/www.kvarken.org\/fi\/storytagging-ja-maailman-tarinankerrontapaiva-laheta-kertomuksesi-meille\/#primaryimage"},"thumbnailUrl":"https:\/\/www.kvarken.org\/wp-content\/uploads\/2020\/12\/Kvarkenradet_bilder_webb_header7-scaled.jpg","datePublished":"2022-02-04T10:53:49+00:00","dateModified":"2022-02-04T11:42:15+00:00","author":{"@id":"https:\/\/www.kvarken.org\/fi\/#\/schema\/person\/0da9a52b8b8962cba7c963d7189046b5"},"breadcrumb":{"@id":"https:\/\/www.kvarken.org\/fi\/storytagging-ja-maailman-tarinankerrontapaiva-laheta-kertomuksesi-meille\/#breadcrumb"},"inLanguage":"fi","potentialAction":[{"@type":"ReadAction","target":["https:\/\/www.kvarken.org\/fi\/storytagging-ja-maailman-tarinankerrontapaiva-laheta-kertomuksesi-meille\/"]}]},{"@type":"ImageObject","inLanguage":"fi","@id":"https:\/\/www.kvarken.org\/fi\/storytagging-ja-maailman-tarinankerrontapaiva-laheta-kertomuksesi-meille\/#primaryimage","url":"https:\/\/www.kvarken.org\/wp-content\/uploads\/2020\/12\/Kvarkenradet_bilder_webb_header7-scaled.jpg","contentUrl":"https:\/\/www.kvarken.org\/wp-content\/uploads\/2020\/12\/Kvarkenradet_bilder_webb_header7-scaled.jpg","width":2560,"height":1227,"caption":"dr\u00f6narbild paddling"},{"@type":"BreadcrumbList","@id":"https:\/\/www.kvarken.org\/fi\/storytagging-ja-maailman-tarinankerrontapaiva-laheta-kertomuksesi-meille\/#breadcrumb","itemListElement":[{"@type":"ListItem","position":1,"name":"Hem","item":"https:\/\/www.kvarken.org\/fi\/"},{"@type":"ListItem","position":2,"name":"StoryTagging ja Maailman tarinankerrontap\u00e4iv\u00e4 \u2013 l\u00e4het\u00e4 kertomuksesi meille"}]},{"@type":"WebSite","@id":"https:\/\/www.kvarken.org\/fi\/#website","url":"https:\/\/www.kvarken.org\/fi\/","name":"Kvarkenr\u00e5det","description":"","potentialAction":[{"@type":"SearchAction","target":{"@type":"EntryPoint","urlTemplate":"https:\/\/www.kvarken.org\/fi\/?s={search_term_string}"},"query-input":{"@type":"PropertyValueSpecification","valueRequired":true,"valueName":"search_term_string"}}],"inLanguage":"fi"},{"@type":"Person","@id":"https:\/\/www.kvarken.org\/fi\/#\/schema\/person\/0da9a52b8b8962cba7c963d7189046b5","name":"Huuhka Ida-Maria","image":{"@type":"ImageObject","inLanguage":"fi","@id":"https:\/\/secure.gravatar.com\/avatar\/8b0e50e08aa7a664dc6e2c23a82b9f95c7dc6946a41a69227e0712becda209aa?s=96&d=mm&r=g","url":"https:\/\/secure.gravatar.com\/avatar\/8b0e50e08aa7a664dc6e2c23a82b9f95c7dc6946a41a69227e0712becda209aa?s=96&d=mm&r=g","contentUrl":"https:\/\/secure.gravatar.com\/avatar\/8b0e50e08aa7a664dc6e2c23a82b9f95c7dc6946a41a69227e0712becda209aa?s=96&d=mm&r=g","caption":"Huuhka Ida-Maria"}}]}},"_links":{"self":[{"href":"https:\/\/www.kvarken.org\/fi\/wp-json\/wp\/v2\/posts\/12700","targetHints":{"allow":["GET"]}}],"collection":[{"href":"https:\/\/www.kvarken.org\/fi\/wp-json\/wp\/v2\/posts"}],"about":[{"href":"https:\/\/www.kvarken.org\/fi\/wp-json\/wp\/v2\/types\/post"}],"author":[{"embeddable":true,"href":"https:\/\/www.kvarken.org\/fi\/wp-json\/wp\/v2\/users\/6"}],"replies":[{"embeddable":true,"href":"https:\/\/www.kvarken.org\/fi\/wp-json\/wp\/v2\/comments?post=12700"}],"version-history":[{"count":0,"href":"https:\/\/www.kvarken.org\/fi\/wp-json\/wp\/v2\/posts\/12700\/revisions"}],"wp:featuredmedia":[{"embeddable":true,"href":"https:\/\/www.kvarken.org\/fi\/wp-json\/wp\/v2\/media\/2626"}],"wp:attachment":[{"href":"https:\/\/www.kvarken.org\/fi\/wp-json\/wp\/v2\/media?parent=12700"}],"wp:term":[{"taxonomy":"category","embeddable":true,"href":"https:\/\/www.kvarken.org\/fi\/wp-json\/wp\/v2\/categories?post=12700"},{"taxonomy":"post_tag","embeddable":true,"href":"https:\/\/www.kvarken.org\/fi\/wp-json\/wp\/v2\/tags?post=12700"},{"taxonomy":"amnen","embeddable":true,"href":"https:\/\/www.kvarken.org\/fi\/wp-json\/wp\/v2\/amnen?post=12700"}],"curies":[{"name":"wp","href":"https:\/\/api.w.org\/{rel}","templated":true}]}}