{"id":13661,"date":"2022-01-31T14:05:50","date_gmt":"2022-01-31T11:05:50","guid":{"rendered":"https:\/\/www.kvarken.org\/?p=13661"},"modified":"2022-07-01T14:10:50","modified_gmt":"2022-07-01T11:10:50","slug":"hallituksen-puheenjohtajan-tervehdys-kohti-vielakin-vahvempaa-yhteistyota","status":"publish","type":"post","link":"https:\/\/www.kvarken.org\/fi\/hallituksen-puheenjohtajan-tervehdys-kohti-vielakin-vahvempaa-yhteistyota\/","title":{"rendered":"Hallituksen puheenjohtajan tervehdys \u2013 Kohti viel\u00e4kin vahvempaa yhteisty\u00f6t\u00e4"},"content":{"rendered":"<p><span data-contrast=\"none\">Pandemia piti meit\u00e4 otteessaan ja vaikeutti rajoja ylitt\u00e4v\u00e4\u00e4 yhteisty\u00f6t\u00e4 my\u00f6s vuonna 2021 mutta meill\u00e4 on useita ilonaiheita, joita voimme katsoa takaisin ja ty\u00f6kaluja tulevaisuutta varten.<\/span><span data-ccp-props=\"{&quot;134233117&quot;:true,&quot;134233118&quot;:true}\">\u00a0<\/span><\/p>\n<p><span data-contrast=\"none\">Kauan odotettu, alueellemme mukautettu uusi laiva, <\/span><i><span data-contrast=\"none\">Aurora Botnia<\/span><\/i><span data-contrast=\"none\"> saapui, vihittiin ja otettiin k\u00e4ytt\u00f6\u00f6n elokuussa 2021. On suuri ilo saada esitell\u00e4 laivan tilat, kertoa laivan teknologiasta, kuinka merkitt\u00e4v\u00e4\u00e4 laivan rakentaminen, aina suunnittelusta teknologiaan asti, on ollut Pohjoismaiselle teollisuudelle ty\u00f6llisyyden ja innovaatiokehityksen kannalta. Voimme my\u00f6s ylpe\u00e4n\u00e4 kuvailla prosessia, kuinka yhdess\u00e4 saavutimme t\u00e4m\u00e4n tuloksen varmistaaksemme yhteisty\u00f6n Merenkurkun alueella, vahvistaaksemme elinkeinoel\u00e4m\u00e4\u00e4 ja toimintaedellytyksi\u00e4 t\u00e4\u00e4ll\u00e4. Samalla vahvistamme Pohjoismaita ja annoimme jokaiselle alueella toimivalle mahdollisuuden aloittaa ja kehitt\u00e4\u00e4 pitk\u00e4j\u00e4nteist\u00e4 yhteisty\u00f6t\u00e4 riippumatta siit\u00e4, onko kyseess\u00e4 esimerkiksi matkailu, terveydenhuoltoyhteisty\u00f6, koulutus, tiedonvaihto tai vapaa-aika ja harrastukset.\u00a0<\/span><span data-ccp-props=\"{&quot;134233117&quot;:true,&quot;134233118&quot;:true}\">\u00a0<\/span><\/p>\n<p><span data-contrast=\"none\">Laivan tilaus ja toimitus tuli oikeaan aikaan alueen investointien osalta. Yhteisty\u00f6 laivan ymp\u00e4rill\u00e4 on konkreettinen esimerkki yhteisty\u00f6halukkuudesta ja -kyvyst\u00e4, silmi\u00e4 avaava asia ja osasyy siihen, miksi alueeseen sijoitetaan ja suuria suunnitelmia tehd\u00e4\u00e4n. My\u00f6s suurinvestointi Skellefte\u00e5ssa on edennyt pitk\u00e4lle ja ensimm\u00e4inen akkukenno valmistettiin jo vuonna 2021, mik\u00e4 antaa toivoa tulevaisuuden toiminnalle t\u00e4\u00e4ll\u00e4 pohjoisessa. Kokkolassa ja Pietarsaaressa akkuteollisuuteen liittyv\u00e4t yritykset ovat jo toiminnassa. Vaasassa, sek\u00e4 yhteisty\u00f6kumppaneidemme luona Norjassa, useita esisopimuksia on jo allekirjoitettu. Pohjoismainen akkuvy\u00f6hyke mainitaan yh\u00e4 useammin, ja silloin viitataan juuri meid\u00e4n leveysasteillamme toimivaan teollisuusklusteriin Merenkurkun alueella. Yhteisty\u00f6 on t\u00e4rke\u00e4\u00e4 my\u00f6s t\u00e4ss\u00e4 suhteessa, toimialat, jotka muodostuvat, luovat arvoketjun, joka hy\u00f6tyy koordinoinnista ja me-hengest\u00e4.\u00a0<\/span><span data-ccp-props=\"{&quot;134233117&quot;:true,&quot;134233118&quot;:true}\">\u00a0<\/span><\/p>\n<p><span data-contrast=\"none\">Suurten teollisuusinvestointien my\u00f6t\u00e4 on oikea aika valmistaa aluetta s\u00e4hk\u00f6lentoihin, tosiasiallisesti meill\u00e4 on jo s\u00e4hk\u00f6lentoja ilmassa alueella; Skellefte\u00e5 on edell\u00e4k\u00e4vij\u00e4 t\u00e4ss\u00e4 ja pian my\u00f6s Sein\u00e4joki. Lis\u00e4ksi saamme todenn\u00e4k\u00f6isesti jo syksyll\u00e4 2022 k\u00e4ytt\u00f6\u00f6n uusia it\u00e4l\u00e4ntisi\u00e4 reittej\u00e4 alueella. N\u00e4m\u00e4 lennot biopolttoaineella ovat k\u00e4yt\u00f6ss\u00e4 odottaessamme suurempien s\u00e4hk\u00f6lentojen tuloa markkinoille. T\u00e4m\u00e4 auttaaksemme seudun yrityksi\u00e4, kartoittaaksemme sek\u00e4 asukkaiden, ett\u00e4 elinkeinoel\u00e4m\u00e4n tarpeita ja k\u00e4ynnist\u00e4\u00e4ksemme muutoksen tulevaisuuden lentomatkustusmahdollisuuksien osalta. Yksinkertaisesti valmistellaksemme aluetta s\u00e4hk\u00f6lentoja varten. S\u00e4hk\u00f6lentohankkeella FAIR, jota vet\u00e4\u00e4 Merenkurkun neuvosto yhteisty\u00f6kumppaneiden kanssa, on merkitt\u00e4v\u00e4 rooli t\u00e4ss\u00e4 mutta my\u00f6s Merenkurkun alueen yritysten aktiivisuus ja kiinnostus ovat olleet merkitt\u00e4v\u00e4ss\u00e4 roolissa.\u00a0<\/span><span data-ccp-props=\"{&quot;134233117&quot;:true,&quot;134233118&quot;:true}\">\u00a0<\/span><\/p>\n<p><span data-contrast=\"none\">My\u00f6s Merenkurkun yli olevan kiinte\u00e4n yhteyden kartoitus on ollut aiempaa ajankohtaisempi. Teollisuusinvestointien my\u00f6t\u00e4 sek\u00e4 tavaroiden, ett\u00e4 ihmisten kuljetustarpeet kasvavat, ja Ukrainakriisin my\u00f6t\u00e4 on n\u00e4ht\u00e4viss\u00e4, ett\u00e4 yhteydell\u00e4 on suurempi geopoliittinen merkitys kuin koskaan aikaisemmin. Yhteyksill\u00e4 Merenkurkun ylitse on oma roolinsa my\u00f6s Suomen huoltovarmuuden kannalta.\u00a0<\/span><span data-ccp-props=\"{&quot;134233117&quot;:true,&quot;134233118&quot;:true}\">\u00a0<\/span><\/p>\n<p><span data-contrast=\"none\">Alueemme saa elinvoimaa yhteisty\u00f6n kautta. Jos digisiirtym\u00e4 tapahtui nopeasti pandemian my\u00f6t\u00e4, voi siirtyminen energiaomavaraisuuteen ja kest\u00e4viin polttoaineisiin olla seurauksena Ukrainan kriisist\u00e4. Alueelle rakennetaan klusteria, johon sis\u00e4ltyy prosessi mineraalien louhinnasta asti valmiiseen akkuun, ei ehk\u00e4 t\u00e4ysin omavaraisesti mutta ainakin suurilta osin. T\u00e4m\u00e4 tarkoittaa, ett\u00e4 it\u00e4l\u00e4ntiset yhteytemme koko alueella ja mahdollisuudet tavoittaa alueen teollisuudenalat ja satamat esimerkiksi Atlantin rannikolla, ovat t\u00e4rkeit\u00e4 yll\u00e4pit\u00e4\u00e4 ja kehitt\u00e4\u00e4.\u00a0<\/span><span data-ccp-props=\"{&quot;134233117&quot;:true,&quot;134233118&quot;:true}\">\u00a0<\/span><\/p>\n<p><span data-contrast=\"none\">Aika, jossa el\u00e4mme, on haastava mutta sis\u00e4lt\u00e4\u00e4 my\u00f6s isoja mahdollisuuksia tehd\u00e4 Merenkurkun alueesta houkuttelevimman, elinvoimaisimman ja turvallisimman alueen asua ja ty\u00f6skennell\u00e4.\u00a0<\/span><span data-ccp-props=\"{&quot;134233117&quot;:true,&quot;134233118&quot;:true}\">\u00a0<\/span><\/p>\n<p><em><b>Joakim Strand<\/b><br \/>\nHallituksen puheenjohtaja, Kvarkenr\u00e5det EGTS\u202f\u00a0<\/em><\/p>\n","protected":false},"excerpt":{"rendered":"<p>Joakim Strandin tervehdys.<\/p>\n","protected":false},"author":6,"featured_media":9361,"comment_status":"open","ping_status":"open","sticky":false,"template":"","format":"standard","meta":{"_acf_changed":false,"_et_pb_use_builder":"","_et_pb_old_content":"","_et_gb_content_width":"","footnotes":""},"categories":[13],"tags":[],"amnen":[87,119,86],"class_list":["post-13661","post","type-post","status-publish","format-standard","has-post-thumbnail","hentry","category-uncategorized-fi","amnen-tervehdys","amnen-verkostot","amnen-yhteistyomuodot-fi"],"acf":[],"yoast_head":"<!-- This site is optimized with the Yoast SEO plugin v27.4 - https:\/\/yoast.com\/product\/yoast-seo-wordpress\/ -->\n<title>Hallituksen puheenjohtajan tervehdys \u2013 Kohti viel\u00e4kin vahvempaa yhteisty\u00f6t\u00e4 - Kvarkenr\u00e5det<\/title>\n<meta name=\"robots\" content=\"index, follow, max-snippet:-1, max-image-preview:large, max-video-preview:-1\" \/>\n<link rel=\"canonical\" href=\"https:\/\/www.kvarken.org\/fi\/hallituksen-puheenjohtajan-tervehdys-kohti-vielakin-vahvempaa-yhteistyota\/\" \/>\n<meta property=\"og:locale\" content=\"fi_FI\" \/>\n<meta property=\"og:type\" content=\"article\" \/>\n<meta property=\"og:title\" content=\"Hallituksen puheenjohtajan tervehdys \u2013 Kohti viel\u00e4kin vahvempaa yhteisty\u00f6t\u00e4 - Kvarkenr\u00e5det\" \/>\n<meta property=\"og:description\" content=\"Joakim Strandin tervehdys.\" \/>\n<meta property=\"og:url\" content=\"https:\/\/www.kvarken.org\/fi\/hallituksen-puheenjohtajan-tervehdys-kohti-vielakin-vahvempaa-yhteistyota\/\" \/>\n<meta property=\"og:site_name\" content=\"Kvarkenr\u00e5det\" \/>\n<meta property=\"article:published_time\" content=\"2022-01-31T11:05:50+00:00\" \/>\n<meta property=\"article:modified_time\" content=\"2022-07-01T11:10:50+00:00\" \/>\n<meta property=\"og:image\" content=\"https:\/\/www.kvarken.org\/wp-content\/uploads\/2021\/03\/resizedimage600337-jocke.jpg\" \/>\n\t<meta property=\"og:image:width\" content=\"600\" \/>\n\t<meta property=\"og:image:height\" content=\"337\" \/>\n\t<meta property=\"og:image:type\" content=\"image\/jpeg\" \/>\n<meta name=\"author\" content=\"Huuhka Ida-Maria\" \/>\n<meta name=\"twitter:card\" content=\"summary_large_image\" \/>\n<meta name=\"twitter:label1\" content=\"Kirjoittanut\" \/>\n\t<meta name=\"twitter:data1\" content=\"Huuhka Ida-Maria\" \/>\n\t<meta name=\"twitter:label2\" content=\"Arvioitu lukuaika\" \/>\n\t<meta name=\"twitter:data2\" content=\"3 minuuttia\" \/>\n<script type=\"application\/ld+json\" class=\"yoast-schema-graph\">{\"@context\":\"https:\\\/\\\/schema.org\",\"@graph\":[{\"@type\":\"Article\",\"@id\":\"https:\\\/\\\/www.kvarken.org\\\/fi\\\/hallituksen-puheenjohtajan-tervehdys-kohti-vielakin-vahvempaa-yhteistyota\\\/#article\",\"isPartOf\":{\"@id\":\"https:\\\/\\\/www.kvarken.org\\\/fi\\\/hallituksen-puheenjohtajan-tervehdys-kohti-vielakin-vahvempaa-yhteistyota\\\/\"},\"author\":{\"name\":\"Huuhka Ida-Maria\",\"@id\":\"https:\\\/\\\/www.kvarken.org\\\/fi\\\/#\\\/schema\\\/person\\\/0da9a52b8b8962cba7c963d7189046b5\"},\"headline\":\"Hallituksen puheenjohtajan tervehdys \u2013 Kohti viel\u00e4kin vahvempaa yhteisty\u00f6t\u00e4\",\"datePublished\":\"2022-01-31T11:05:50+00:00\",\"dateModified\":\"2022-07-01T11:10:50+00:00\",\"mainEntityOfPage\":{\"@id\":\"https:\\\/\\\/www.kvarken.org\\\/fi\\\/hallituksen-puheenjohtajan-tervehdys-kohti-vielakin-vahvempaa-yhteistyota\\\/\"},\"wordCount\":534,\"commentCount\":0,\"image\":{\"@id\":\"https:\\\/\\\/www.kvarken.org\\\/fi\\\/hallituksen-puheenjohtajan-tervehdys-kohti-vielakin-vahvempaa-yhteistyota\\\/#primaryimage\"},\"thumbnailUrl\":\"https:\\\/\\\/www.kvarken.org\\\/wp-content\\\/uploads\\\/2021\\\/03\\\/resizedimage600337-jocke.jpg\",\"articleSection\":[\"Uncategorized @fi\"],\"inLanguage\":\"fi\",\"potentialAction\":[{\"@type\":\"CommentAction\",\"name\":\"Comment\",\"target\":[\"https:\\\/\\\/www.kvarken.org\\\/fi\\\/hallituksen-puheenjohtajan-tervehdys-kohti-vielakin-vahvempaa-yhteistyota\\\/#respond\"]}]},{\"@type\":\"WebPage\",\"@id\":\"https:\\\/\\\/www.kvarken.org\\\/fi\\\/hallituksen-puheenjohtajan-tervehdys-kohti-vielakin-vahvempaa-yhteistyota\\\/\",\"url\":\"https:\\\/\\\/www.kvarken.org\\\/fi\\\/hallituksen-puheenjohtajan-tervehdys-kohti-vielakin-vahvempaa-yhteistyota\\\/\",\"name\":\"Hallituksen puheenjohtajan tervehdys \u2013 Kohti viel\u00e4kin vahvempaa yhteisty\u00f6t\u00e4 - Kvarkenr\u00e5det\",\"isPartOf\":{\"@id\":\"https:\\\/\\\/www.kvarken.org\\\/fi\\\/#website\"},\"primaryImageOfPage\":{\"@id\":\"https:\\\/\\\/www.kvarken.org\\\/fi\\\/hallituksen-puheenjohtajan-tervehdys-kohti-vielakin-vahvempaa-yhteistyota\\\/#primaryimage\"},\"image\":{\"@id\":\"https:\\\/\\\/www.kvarken.org\\\/fi\\\/hallituksen-puheenjohtajan-tervehdys-kohti-vielakin-vahvempaa-yhteistyota\\\/#primaryimage\"},\"thumbnailUrl\":\"https:\\\/\\\/www.kvarken.org\\\/wp-content\\\/uploads\\\/2021\\\/03\\\/resizedimage600337-jocke.jpg\",\"datePublished\":\"2022-01-31T11:05:50+00:00\",\"dateModified\":\"2022-07-01T11:10:50+00:00\",\"author\":{\"@id\":\"https:\\\/\\\/www.kvarken.org\\\/fi\\\/#\\\/schema\\\/person\\\/0da9a52b8b8962cba7c963d7189046b5\"},\"breadcrumb\":{\"@id\":\"https:\\\/\\\/www.kvarken.org\\\/fi\\\/hallituksen-puheenjohtajan-tervehdys-kohti-vielakin-vahvempaa-yhteistyota\\\/#breadcrumb\"},\"inLanguage\":\"fi\",\"potentialAction\":[{\"@type\":\"ReadAction\",\"target\":[\"https:\\\/\\\/www.kvarken.org\\\/fi\\\/hallituksen-puheenjohtajan-tervehdys-kohti-vielakin-vahvempaa-yhteistyota\\\/\"]}]},{\"@type\":\"ImageObject\",\"inLanguage\":\"fi\",\"@id\":\"https:\\\/\\\/www.kvarken.org\\\/fi\\\/hallituksen-puheenjohtajan-tervehdys-kohti-vielakin-vahvempaa-yhteistyota\\\/#primaryimage\",\"url\":\"https:\\\/\\\/www.kvarken.org\\\/wp-content\\\/uploads\\\/2021\\\/03\\\/resizedimage600337-jocke.jpg\",\"contentUrl\":\"https:\\\/\\\/www.kvarken.org\\\/wp-content\\\/uploads\\\/2021\\\/03\\\/resizedimage600337-jocke.jpg\",\"width\":600,\"height\":337},{\"@type\":\"BreadcrumbList\",\"@id\":\"https:\\\/\\\/www.kvarken.org\\\/fi\\\/hallituksen-puheenjohtajan-tervehdys-kohti-vielakin-vahvempaa-yhteistyota\\\/#breadcrumb\",\"itemListElement\":[{\"@type\":\"ListItem\",\"position\":1,\"name\":\"Hem\",\"item\":\"https:\\\/\\\/www.kvarken.org\\\/fi\\\/\"},{\"@type\":\"ListItem\",\"position\":2,\"name\":\"Hallituksen puheenjohtajan tervehdys \u2013 Kohti viel\u00e4kin vahvempaa yhteisty\u00f6t\u00e4\"}]},{\"@type\":\"WebSite\",\"@id\":\"https:\\\/\\\/www.kvarken.org\\\/fi\\\/#website\",\"url\":\"https:\\\/\\\/www.kvarken.org\\\/fi\\\/\",\"name\":\"Kvarkenr\u00e5det\",\"description\":\"\",\"potentialAction\":[{\"@type\":\"SearchAction\",\"target\":{\"@type\":\"EntryPoint\",\"urlTemplate\":\"https:\\\/\\\/www.kvarken.org\\\/fi\\\/?s={search_term_string}\"},\"query-input\":{\"@type\":\"PropertyValueSpecification\",\"valueRequired\":true,\"valueName\":\"search_term_string\"}}],\"inLanguage\":\"fi\"},{\"@type\":\"Person\",\"@id\":\"https:\\\/\\\/www.kvarken.org\\\/fi\\\/#\\\/schema\\\/person\\\/0da9a52b8b8962cba7c963d7189046b5\",\"name\":\"Huuhka Ida-Maria\",\"image\":{\"@type\":\"ImageObject\",\"inLanguage\":\"fi\",\"@id\":\"https:\\\/\\\/secure.gravatar.com\\\/avatar\\\/8b0e50e08aa7a664dc6e2c23a82b9f95c7dc6946a41a69227e0712becda209aa?s=96&d=mm&r=g\",\"url\":\"https:\\\/\\\/secure.gravatar.com\\\/avatar\\\/8b0e50e08aa7a664dc6e2c23a82b9f95c7dc6946a41a69227e0712becda209aa?s=96&d=mm&r=g\",\"contentUrl\":\"https:\\\/\\\/secure.gravatar.com\\\/avatar\\\/8b0e50e08aa7a664dc6e2c23a82b9f95c7dc6946a41a69227e0712becda209aa?s=96&d=mm&r=g\",\"caption\":\"Huuhka Ida-Maria\"}}]}<\/script>\n<!-- \/ Yoast SEO plugin. -->","yoast_head_json":{"title":"Hallituksen puheenjohtajan tervehdys \u2013 Kohti viel\u00e4kin vahvempaa yhteisty\u00f6t\u00e4 - Kvarkenr\u00e5det","robots":{"index":"index","follow":"follow","max-snippet":"max-snippet:-1","max-image-preview":"max-image-preview:large","max-video-preview":"max-video-preview:-1"},"canonical":"https:\/\/www.kvarken.org\/fi\/hallituksen-puheenjohtajan-tervehdys-kohti-vielakin-vahvempaa-yhteistyota\/","og_locale":"fi_FI","og_type":"article","og_title":"Hallituksen puheenjohtajan tervehdys \u2013 Kohti viel\u00e4kin vahvempaa yhteisty\u00f6t\u00e4 - Kvarkenr\u00e5det","og_description":"Joakim Strandin tervehdys.","og_url":"https:\/\/www.kvarken.org\/fi\/hallituksen-puheenjohtajan-tervehdys-kohti-vielakin-vahvempaa-yhteistyota\/","og_site_name":"Kvarkenr\u00e5det","article_published_time":"2022-01-31T11:05:50+00:00","article_modified_time":"2022-07-01T11:10:50+00:00","og_image":[{"width":600,"height":337,"url":"https:\/\/www.kvarken.org\/wp-content\/uploads\/2021\/03\/resizedimage600337-jocke.jpg","type":"image\/jpeg"}],"author":"Huuhka Ida-Maria","twitter_card":"summary_large_image","twitter_misc":{"Kirjoittanut":"Huuhka Ida-Maria","Arvioitu lukuaika":"3 minuuttia"},"schema":{"@context":"https:\/\/schema.org","@graph":[{"@type":"Article","@id":"https:\/\/www.kvarken.org\/fi\/hallituksen-puheenjohtajan-tervehdys-kohti-vielakin-vahvempaa-yhteistyota\/#article","isPartOf":{"@id":"https:\/\/www.kvarken.org\/fi\/hallituksen-puheenjohtajan-tervehdys-kohti-vielakin-vahvempaa-yhteistyota\/"},"author":{"name":"Huuhka Ida-Maria","@id":"https:\/\/www.kvarken.org\/fi\/#\/schema\/person\/0da9a52b8b8962cba7c963d7189046b5"},"headline":"Hallituksen puheenjohtajan tervehdys \u2013 Kohti viel\u00e4kin vahvempaa yhteisty\u00f6t\u00e4","datePublished":"2022-01-31T11:05:50+00:00","dateModified":"2022-07-01T11:10:50+00:00","mainEntityOfPage":{"@id":"https:\/\/www.kvarken.org\/fi\/hallituksen-puheenjohtajan-tervehdys-kohti-vielakin-vahvempaa-yhteistyota\/"},"wordCount":534,"commentCount":0,"image":{"@id":"https:\/\/www.kvarken.org\/fi\/hallituksen-puheenjohtajan-tervehdys-kohti-vielakin-vahvempaa-yhteistyota\/#primaryimage"},"thumbnailUrl":"https:\/\/www.kvarken.org\/wp-content\/uploads\/2021\/03\/resizedimage600337-jocke.jpg","articleSection":["Uncategorized @fi"],"inLanguage":"fi","potentialAction":[{"@type":"CommentAction","name":"Comment","target":["https:\/\/www.kvarken.org\/fi\/hallituksen-puheenjohtajan-tervehdys-kohti-vielakin-vahvempaa-yhteistyota\/#respond"]}]},{"@type":"WebPage","@id":"https:\/\/www.kvarken.org\/fi\/hallituksen-puheenjohtajan-tervehdys-kohti-vielakin-vahvempaa-yhteistyota\/","url":"https:\/\/www.kvarken.org\/fi\/hallituksen-puheenjohtajan-tervehdys-kohti-vielakin-vahvempaa-yhteistyota\/","name":"Hallituksen puheenjohtajan tervehdys \u2013 Kohti viel\u00e4kin vahvempaa yhteisty\u00f6t\u00e4 - Kvarkenr\u00e5det","isPartOf":{"@id":"https:\/\/www.kvarken.org\/fi\/#website"},"primaryImageOfPage":{"@id":"https:\/\/www.kvarken.org\/fi\/hallituksen-puheenjohtajan-tervehdys-kohti-vielakin-vahvempaa-yhteistyota\/#primaryimage"},"image":{"@id":"https:\/\/www.kvarken.org\/fi\/hallituksen-puheenjohtajan-tervehdys-kohti-vielakin-vahvempaa-yhteistyota\/#primaryimage"},"thumbnailUrl":"https:\/\/www.kvarken.org\/wp-content\/uploads\/2021\/03\/resizedimage600337-jocke.jpg","datePublished":"2022-01-31T11:05:50+00:00","dateModified":"2022-07-01T11:10:50+00:00","author":{"@id":"https:\/\/www.kvarken.org\/fi\/#\/schema\/person\/0da9a52b8b8962cba7c963d7189046b5"},"breadcrumb":{"@id":"https:\/\/www.kvarken.org\/fi\/hallituksen-puheenjohtajan-tervehdys-kohti-vielakin-vahvempaa-yhteistyota\/#breadcrumb"},"inLanguage":"fi","potentialAction":[{"@type":"ReadAction","target":["https:\/\/www.kvarken.org\/fi\/hallituksen-puheenjohtajan-tervehdys-kohti-vielakin-vahvempaa-yhteistyota\/"]}]},{"@type":"ImageObject","inLanguage":"fi","@id":"https:\/\/www.kvarken.org\/fi\/hallituksen-puheenjohtajan-tervehdys-kohti-vielakin-vahvempaa-yhteistyota\/#primaryimage","url":"https:\/\/www.kvarken.org\/wp-content\/uploads\/2021\/03\/resizedimage600337-jocke.jpg","contentUrl":"https:\/\/www.kvarken.org\/wp-content\/uploads\/2021\/03\/resizedimage600337-jocke.jpg","width":600,"height":337},{"@type":"BreadcrumbList","@id":"https:\/\/www.kvarken.org\/fi\/hallituksen-puheenjohtajan-tervehdys-kohti-vielakin-vahvempaa-yhteistyota\/#breadcrumb","itemListElement":[{"@type":"ListItem","position":1,"name":"Hem","item":"https:\/\/www.kvarken.org\/fi\/"},{"@type":"ListItem","position":2,"name":"Hallituksen puheenjohtajan tervehdys \u2013 Kohti viel\u00e4kin vahvempaa yhteisty\u00f6t\u00e4"}]},{"@type":"WebSite","@id":"https:\/\/www.kvarken.org\/fi\/#website","url":"https:\/\/www.kvarken.org\/fi\/","name":"Kvarkenr\u00e5det","description":"","potentialAction":[{"@type":"SearchAction","target":{"@type":"EntryPoint","urlTemplate":"https:\/\/www.kvarken.org\/fi\/?s={search_term_string}"},"query-input":{"@type":"PropertyValueSpecification","valueRequired":true,"valueName":"search_term_string"}}],"inLanguage":"fi"},{"@type":"Person","@id":"https:\/\/www.kvarken.org\/fi\/#\/schema\/person\/0da9a52b8b8962cba7c963d7189046b5","name":"Huuhka Ida-Maria","image":{"@type":"ImageObject","inLanguage":"fi","@id":"https:\/\/secure.gravatar.com\/avatar\/8b0e50e08aa7a664dc6e2c23a82b9f95c7dc6946a41a69227e0712becda209aa?s=96&d=mm&r=g","url":"https:\/\/secure.gravatar.com\/avatar\/8b0e50e08aa7a664dc6e2c23a82b9f95c7dc6946a41a69227e0712becda209aa?s=96&d=mm&r=g","contentUrl":"https:\/\/secure.gravatar.com\/avatar\/8b0e50e08aa7a664dc6e2c23a82b9f95c7dc6946a41a69227e0712becda209aa?s=96&d=mm&r=g","caption":"Huuhka Ida-Maria"}}]}},"_links":{"self":[{"href":"https:\/\/www.kvarken.org\/fi\/wp-json\/wp\/v2\/posts\/13661","targetHints":{"allow":["GET"]}}],"collection":[{"href":"https:\/\/www.kvarken.org\/fi\/wp-json\/wp\/v2\/posts"}],"about":[{"href":"https:\/\/www.kvarken.org\/fi\/wp-json\/wp\/v2\/types\/post"}],"author":[{"embeddable":true,"href":"https:\/\/www.kvarken.org\/fi\/wp-json\/wp\/v2\/users\/6"}],"replies":[{"embeddable":true,"href":"https:\/\/www.kvarken.org\/fi\/wp-json\/wp\/v2\/comments?post=13661"}],"version-history":[{"count":2,"href":"https:\/\/www.kvarken.org\/fi\/wp-json\/wp\/v2\/posts\/13661\/revisions"}],"predecessor-version":[{"id":13669,"href":"https:\/\/www.kvarken.org\/fi\/wp-json\/wp\/v2\/posts\/13661\/revisions\/13669"}],"wp:featuredmedia":[{"embeddable":true,"href":"https:\/\/www.kvarken.org\/fi\/wp-json\/wp\/v2\/media\/9361"}],"wp:attachment":[{"href":"https:\/\/www.kvarken.org\/fi\/wp-json\/wp\/v2\/media?parent=13661"}],"wp:term":[{"taxonomy":"category","embeddable":true,"href":"https:\/\/www.kvarken.org\/fi\/wp-json\/wp\/v2\/categories?post=13661"},{"taxonomy":"post_tag","embeddable":true,"href":"https:\/\/www.kvarken.org\/fi\/wp-json\/wp\/v2\/tags?post=13661"},{"taxonomy":"amnen","embeddable":true,"href":"https:\/\/www.kvarken.org\/fi\/wp-json\/wp\/v2\/amnen?post=13661"}],"curies":[{"name":"wp","href":"https:\/\/api.w.org\/{rel}","templated":true}]}}