{"id":17794,"date":"2023-06-06T11:21:52","date_gmt":"2023-06-06T08:21:52","guid":{"rendered":"https:\/\/www.kvarken.org\/?p=17794"},"modified":"2023-06-09T08:39:27","modified_gmt":"2023-06-09T05:39:27","slug":"merenkurkun-neuvoston-kanslia-haluaa-kiittaa-tehtavansa-jattavia-hallituksen-jasenia","status":"publish","type":"post","link":"https:\/\/www.kvarken.org\/fi\/merenkurkun-neuvoston-kanslia-haluaa-kiittaa-tehtavansa-jattavia-hallituksen-jasenia\/","title":{"rendered":"Merenkurkun neuvoston kanslia haluaa kiitt\u00e4\u00e4 teht\u00e4v\u00e4ns\u00e4 j\u00e4tt\u00e4vi\u00e4 hallituksen j\u00e4seni\u00e4"},"content":{"rendered":"<p><span data-contrast=\"none\">T\u00e4m\u00e4 j\u00e4i <\/span><b><span data-contrast=\"none\">Lennart Holmlund<\/span><\/b><span data-contrast=\"none\">in, Region V\u00e4sterbotten, viimeiseksi vuosikokoukseksi hallituksen j\u00e4senen\u00e4. Holmlund on istunut Merenkurkun neuvoston hallituksessa ja toiminut aiemmin my\u00f6s Merenkurkun neuvoston puheenjohtajana ja varapuheenjohtajana.<\/span><span data-ccp-props=\"{&quot;201341983&quot;:0,&quot;335559740&quot;:276}\">\u00a0<\/span><\/p>\n<p><span data-contrast=\"none\">Holmlundilla on ollut vakituisia teht\u00e4vi\u00e4 Uumajan kunnassa 1970-luvulta l\u00e4htien. P\u00e4\u00e4toimiseksi poliitikoksi ryhtymisen j\u00e4lkeen h\u00e4n on muun muassa toiminut Uumajan kunnan kunnanneuvoksena ja kunnanvaltuuston puheenjohtajana. Aikaa Merenkurkun neuvostossa Holmlund muistelee l\u00e4mm\u00f6ll\u00e4.\u00a0<\/span><span data-ccp-props=\"{&quot;201341983&quot;:0,&quot;335559740&quot;:276}\">\u00a0<\/span><\/p>\n<p><span data-contrast=\"none\">\u2013 Nykyp\u00e4iv\u00e4\u00e4n verrattuna opimme hallituksessa aikaisemmin tuntemaan toisemme paremmin. Nyky\u00e4\u00e4n hallituksen kokoukset ovat lyhyit\u00e4 ja meill\u00e4 on vain harvoja tilaisuuksia tutustua toisiimme. Yhteisty\u00f6n kannalta olisi t\u00e4rke\u00e4\u00e4, ett\u00e4 siihenkin j\u00e4isi aikaa, Holmlund uskoo.<\/span><span data-ccp-props=\"{&quot;201341983&quot;:0,&quot;335559740&quot;:276}\">\u00a0<\/span><\/p>\n<p><span data-contrast=\"none\">\u2013 Kenties t\u00e4rkein asia Merenkurkun neuvostolle on ollut Merenkurkun liikenteen turvaaminen ja siin\u00e4 onnistuimme. Olemme onnistuneet l\u00e4hes kaikessa, johon olemme ryhtyneet, ja olemme olleet samaa mielt\u00e4 siit\u00e4 mihin suuntaan haluamme kehityst\u00e4 vied\u00e4. Nyt tuntuu oikealta j\u00e4tt\u00e4\u00e4 t\u00e4m\u00e4 teht\u00e4v\u00e4. Olen saanut monia elinik\u00e4isi\u00e4 yst\u00e4vi\u00e4 Pohjanmaalta ja Merenkurkun neuvoston kautta, Holmlund jatkaa.<\/span><span data-ccp-props=\"{&quot;201341983&quot;:0,&quot;335559740&quot;:276}\">\u00a0<\/span><\/p>\n<p><span data-contrast=\"none\">My\u00f6s nelj\u00e4 muuta hallituksen j\u00e4sent\u00e4 j\u00e4tti teht\u00e4v\u00e4ns\u00e4 vuosikokouksen yhteydess\u00e4: <\/span><b><span data-contrast=\"none\">Per Nyl\u00e9n<\/span><\/b><span data-contrast=\"none\"> \u00d6rnsk\u00f6ldsvikin kunnasta, <\/span><b><span data-contrast=\"none\">Christer R\u00f6nnlund<\/span><\/b><span data-contrast=\"none\"> Lyckselen kunnasta, <\/span><b><span data-contrast=\"none\">Hans Backlund<\/span><\/b><span data-contrast=\"none\"> Region V\u00e4sternorrlannista ja <\/span><b><span data-contrast=\"none\">Annica Engstr\u00f6m<\/span><\/b><span data-contrast=\"none\"> Region V\u00e4sternorrlannista.<\/span><span data-ccp-props=\"{&quot;201341983&quot;:0,&quot;335559740&quot;:276}\">\u00a0<\/span><\/p>\n<p><span data-contrast=\"none\">Lis\u00e4ksi vuosikokouksen yhteydess\u00e4 kiitettiin Merenkurkun neuvoston henkil\u00f6kunnan j\u00e4sent\u00e4 <\/span><b><span data-contrast=\"none\">Olav Jern<\/span><\/b><span data-contrast=\"none\">i\u00e4. Jern on entinen pitk\u00e4aikainen Merenkurkun neuvoston hallituksen j\u00e4sen ja h\u00e4nell\u00e4 on laaja kokemus pohjoismaisesta yhteisty\u00f6st\u00e4 aiempien ty\u00f6teht\u00e4viens\u00e4 kautta <\/span><span data-contrast=\"none\">Svenska \u00d6sterbottens Landskapsf\u00f6rbundissa, l\u00e4\u00e4ninhallituksessa ja Pohjanmaan liiton maakuntajohtajana. <\/span><span data-contrast=\"none\">H\u00e4n on nyky\u00e4\u00e4n el\u00e4kkeell\u00e4, mutta h\u00e4n on toiminut Merenkurkun neuvoston Senior Advisorina vuodesta 2017. T\u00e4n\u00e4 aikana h\u00e4n on auttanut muun muassa liikennehankkeissa, laatinut strategiasuunnitelmaa ja auttanut Merenkurkun neuvoston uudelleenj\u00e4rjest\u00e4ytymisess\u00e4 yhdistyksest\u00e4 vakaaksi juridiseksi toimielimeksi. Nyt Jern on p\u00e4\u00e4tt\u00e4nyt j\u00e4tt\u00e4\u00e4 teht\u00e4v\u00e4ns\u00e4.<\/span><span data-ccp-props=\"{&quot;201341983&quot;:0,&quot;335559740&quot;:276}\">\u00a0<\/span><\/p>\n<p><span data-contrast=\"none\">Kanslian puolesta haluamme esitt\u00e4\u00e4 suuret kiitokset kaikille, jotka j\u00e4tt\u00e4v\u00e4t teht\u00e4v\u00e4ns\u00e4.<\/span><\/p>\n<div id=\"attachment_17798\" style=\"width: 2536px\" class=\"wp-caption alignleft\"><img decoding=\"async\" aria-describedby=\"caption-attachment-17798\" class=\"wp-image-17798 size-full\" src=\"https:\/\/www.kvarken.org\/wp-content\/uploads\/2023\/06\/IMG_3667.jpg\" alt=\"\" width=\"2526\" height=\"3368\" srcset=\"https:\/\/www.kvarken.org\/wp-content\/uploads\/2023\/06\/IMG_3667.jpg 2526w, https:\/\/www.kvarken.org\/wp-content\/uploads\/2023\/06\/IMG_3667-1280x1707.jpg 1280w, https:\/\/www.kvarken.org\/wp-content\/uploads\/2023\/06\/IMG_3667-980x1307.jpg 980w, https:\/\/www.kvarken.org\/wp-content\/uploads\/2023\/06\/IMG_3667-480x640.jpg 480w\" sizes=\"(min-width: 0px) and (max-width: 480px) 480px, (min-width: 481px) and (max-width: 980px) 980px, (min-width: 981px) and (max-width: 1280px) 1280px, (min-width: 1281px) 2526px, 100vw\" \/><p id=\"caption-attachment-17798\" class=\"wp-caption-text\">Haluamme kiitt\u00e4\u00e4 sek\u00e4 Olav Jerni\u00e4, ett\u00e4 Lennart Holmlundia heid\u00e4n tekem\u00e4st\u00e4\u00e4n t\u00e4rke\u00e4st\u00e4 ty\u00f6st\u00e4 Merenkurkun neuvoston hyv\u00e4ksi.<\/p><\/div>\n","protected":false},"excerpt":{"rendered":"<p>Merenkurkun neuvosto EAYY:n vuosikokouksen yhteydess\u00e4 26. toukokuuta kiitettiin teht\u00e4v\u00e4ns\u00e4 j\u00e4tt\u00e4vi\u00e4 hallituksen j\u00e4seni\u00e4. Muun muassa Lennart Holmlundin, Merenkurkun neuvoston entisen puheenjohtajan ja yhden pitk\u00e4aikaisimmista hallituksen j\u00e4senist\u00e4, oli aika j\u00e4tt\u00e4\u00e4 hallitus.<\/p>\n","protected":false},"author":6,"featured_media":17797,"comment_status":"open","ping_status":"open","sticky":false,"template":"","format":"standard","meta":{"_acf_changed":false,"_et_pb_use_builder":"","_et_pb_old_content":"","_et_gb_content_width":"","footnotes":""},"categories":[13],"tags":[],"amnen":[100,119,86],"class_list":["post-17794","post","type-post","status-publish","format-standard","has-post-thumbnail","hentry","category-uncategorized-fi","amnen-eayy","amnen-verkostot","amnen-yhteistyomuodot-fi"],"acf":[],"yoast_head":"<!-- This site is optimized with the Yoast SEO plugin v27.4 - https:\/\/yoast.com\/product\/yoast-seo-wordpress\/ -->\n<title>Merenkurkun neuvoston kanslia haluaa kiitt\u00e4\u00e4 teht\u00e4v\u00e4ns\u00e4 j\u00e4tt\u00e4vi\u00e4 hallituksen j\u00e4seni\u00e4 - Kvarkenr\u00e5det<\/title>\n<meta name=\"robots\" content=\"index, follow, max-snippet:-1, max-image-preview:large, max-video-preview:-1\" \/>\n<link rel=\"canonical\" href=\"https:\/\/www.kvarken.org\/fi\/merenkurkun-neuvoston-kanslia-haluaa-kiittaa-tehtavansa-jattavia-hallituksen-jasenia\/\" \/>\n<meta property=\"og:locale\" content=\"fi_FI\" \/>\n<meta property=\"og:type\" content=\"article\" \/>\n<meta property=\"og:title\" content=\"Merenkurkun neuvoston kanslia haluaa kiitt\u00e4\u00e4 teht\u00e4v\u00e4ns\u00e4 j\u00e4tt\u00e4vi\u00e4 hallituksen j\u00e4seni\u00e4 - Kvarkenr\u00e5det\" \/>\n<meta property=\"og:description\" content=\"Merenkurkun neuvosto EAYY:n vuosikokouksen yhteydess\u00e4 26. toukokuuta kiitettiin teht\u00e4v\u00e4ns\u00e4 j\u00e4tt\u00e4vi\u00e4 hallituksen j\u00e4seni\u00e4. Muun muassa Lennart Holmlundin, Merenkurkun neuvoston entisen puheenjohtajan ja yhden pitk\u00e4aikaisimmista hallituksen j\u00e4senist\u00e4, oli aika j\u00e4tt\u00e4\u00e4 hallitus.\" \/>\n<meta property=\"og:url\" content=\"https:\/\/www.kvarken.org\/fi\/merenkurkun-neuvoston-kanslia-haluaa-kiittaa-tehtavansa-jattavia-hallituksen-jasenia\/\" \/>\n<meta property=\"og:site_name\" content=\"Kvarkenr\u00e5det\" \/>\n<meta property=\"article:published_time\" content=\"2023-06-06T08:21:52+00:00\" \/>\n<meta property=\"article:modified_time\" content=\"2023-06-09T05:39:27+00:00\" \/>\n<meta property=\"og:image\" content=\"https:\/\/www.kvarken.org\/wp-content\/uploads\/2023\/06\/IMG_3576-1024x768.jpg\" \/>\n\t<meta property=\"og:image:width\" content=\"1024\" \/>\n\t<meta property=\"og:image:height\" content=\"768\" \/>\n\t<meta property=\"og:image:type\" content=\"image\/jpeg\" \/>\n<meta name=\"author\" content=\"Huuhka Ida-Maria\" \/>\n<meta name=\"twitter:card\" content=\"summary_large_image\" \/>\n<meta name=\"twitter:label1\" content=\"Kirjoittanut\" \/>\n\t<meta name=\"twitter:data1\" content=\"Huuhka Ida-Maria\" \/>\n\t<meta name=\"twitter:label2\" content=\"Arvioitu lukuaika\" \/>\n\t<meta name=\"twitter:data2\" content=\"2 minuuttia\" \/>\n<script type=\"application\/ld+json\" class=\"yoast-schema-graph\">{\"@context\":\"https:\\\/\\\/schema.org\",\"@graph\":[{\"@type\":\"Article\",\"@id\":\"https:\\\/\\\/www.kvarken.org\\\/fi\\\/merenkurkun-neuvoston-kanslia-haluaa-kiittaa-tehtavansa-jattavia-hallituksen-jasenia\\\/#article\",\"isPartOf\":{\"@id\":\"https:\\\/\\\/www.kvarken.org\\\/fi\\\/merenkurkun-neuvoston-kanslia-haluaa-kiittaa-tehtavansa-jattavia-hallituksen-jasenia\\\/\"},\"author\":{\"name\":\"Huuhka Ida-Maria\",\"@id\":\"https:\\\/\\\/www.kvarken.org\\\/fi\\\/#\\\/schema\\\/person\\\/0da9a52b8b8962cba7c963d7189046b5\"},\"headline\":\"Merenkurkun neuvoston kanslia haluaa kiitt\u00e4\u00e4 teht\u00e4v\u00e4ns\u00e4 j\u00e4tt\u00e4vi\u00e4 hallituksen j\u00e4seni\u00e4\",\"datePublished\":\"2023-06-06T08:21:52+00:00\",\"dateModified\":\"2023-06-09T05:39:27+00:00\",\"mainEntityOfPage\":{\"@id\":\"https:\\\/\\\/www.kvarken.org\\\/fi\\\/merenkurkun-neuvoston-kanslia-haluaa-kiittaa-tehtavansa-jattavia-hallituksen-jasenia\\\/\"},\"wordCount\":355,\"commentCount\":0,\"image\":{\"@id\":\"https:\\\/\\\/www.kvarken.org\\\/fi\\\/merenkurkun-neuvoston-kanslia-haluaa-kiittaa-tehtavansa-jattavia-hallituksen-jasenia\\\/#primaryimage\"},\"thumbnailUrl\":\"https:\\\/\\\/www.kvarken.org\\\/wp-content\\\/uploads\\\/2023\\\/06\\\/IMG_3576.jpg\",\"articleSection\":[\"Uncategorized @fi\"],\"inLanguage\":\"fi\",\"potentialAction\":[{\"@type\":\"CommentAction\",\"name\":\"Comment\",\"target\":[\"https:\\\/\\\/www.kvarken.org\\\/fi\\\/merenkurkun-neuvoston-kanslia-haluaa-kiittaa-tehtavansa-jattavia-hallituksen-jasenia\\\/#respond\"]}]},{\"@type\":\"WebPage\",\"@id\":\"https:\\\/\\\/www.kvarken.org\\\/fi\\\/merenkurkun-neuvoston-kanslia-haluaa-kiittaa-tehtavansa-jattavia-hallituksen-jasenia\\\/\",\"url\":\"https:\\\/\\\/www.kvarken.org\\\/fi\\\/merenkurkun-neuvoston-kanslia-haluaa-kiittaa-tehtavansa-jattavia-hallituksen-jasenia\\\/\",\"name\":\"Merenkurkun neuvoston kanslia haluaa kiitt\u00e4\u00e4 teht\u00e4v\u00e4ns\u00e4 j\u00e4tt\u00e4vi\u00e4 hallituksen j\u00e4seni\u00e4 - Kvarkenr\u00e5det\",\"isPartOf\":{\"@id\":\"https:\\\/\\\/www.kvarken.org\\\/fi\\\/#website\"},\"primaryImageOfPage\":{\"@id\":\"https:\\\/\\\/www.kvarken.org\\\/fi\\\/merenkurkun-neuvoston-kanslia-haluaa-kiittaa-tehtavansa-jattavia-hallituksen-jasenia\\\/#primaryimage\"},\"image\":{\"@id\":\"https:\\\/\\\/www.kvarken.org\\\/fi\\\/merenkurkun-neuvoston-kanslia-haluaa-kiittaa-tehtavansa-jattavia-hallituksen-jasenia\\\/#primaryimage\"},\"thumbnailUrl\":\"https:\\\/\\\/www.kvarken.org\\\/wp-content\\\/uploads\\\/2023\\\/06\\\/IMG_3576.jpg\",\"datePublished\":\"2023-06-06T08:21:52+00:00\",\"dateModified\":\"2023-06-09T05:39:27+00:00\",\"author\":{\"@id\":\"https:\\\/\\\/www.kvarken.org\\\/fi\\\/#\\\/schema\\\/person\\\/0da9a52b8b8962cba7c963d7189046b5\"},\"breadcrumb\":{\"@id\":\"https:\\\/\\\/www.kvarken.org\\\/fi\\\/merenkurkun-neuvoston-kanslia-haluaa-kiittaa-tehtavansa-jattavia-hallituksen-jasenia\\\/#breadcrumb\"},\"inLanguage\":\"fi\",\"potentialAction\":[{\"@type\":\"ReadAction\",\"target\":[\"https:\\\/\\\/www.kvarken.org\\\/fi\\\/merenkurkun-neuvoston-kanslia-haluaa-kiittaa-tehtavansa-jattavia-hallituksen-jasenia\\\/\"]}]},{\"@type\":\"ImageObject\",\"inLanguage\":\"fi\",\"@id\":\"https:\\\/\\\/www.kvarken.org\\\/fi\\\/merenkurkun-neuvoston-kanslia-haluaa-kiittaa-tehtavansa-jattavia-hallituksen-jasenia\\\/#primaryimage\",\"url\":\"https:\\\/\\\/www.kvarken.org\\\/wp-content\\\/uploads\\\/2023\\\/06\\\/IMG_3576.jpg\",\"contentUrl\":\"https:\\\/\\\/www.kvarken.org\\\/wp-content\\\/uploads\\\/2023\\\/06\\\/IMG_3576.jpg\",\"width\":4032,\"height\":3024},{\"@type\":\"BreadcrumbList\",\"@id\":\"https:\\\/\\\/www.kvarken.org\\\/fi\\\/merenkurkun-neuvoston-kanslia-haluaa-kiittaa-tehtavansa-jattavia-hallituksen-jasenia\\\/#breadcrumb\",\"itemListElement\":[{\"@type\":\"ListItem\",\"position\":1,\"name\":\"Hem\",\"item\":\"https:\\\/\\\/www.kvarken.org\\\/fi\\\/\"},{\"@type\":\"ListItem\",\"position\":2,\"name\":\"Merenkurkun neuvoston kanslia haluaa kiitt\u00e4\u00e4 teht\u00e4v\u00e4ns\u00e4 j\u00e4tt\u00e4vi\u00e4 hallituksen j\u00e4seni\u00e4\"}]},{\"@type\":\"WebSite\",\"@id\":\"https:\\\/\\\/www.kvarken.org\\\/fi\\\/#website\",\"url\":\"https:\\\/\\\/www.kvarken.org\\\/fi\\\/\",\"name\":\"Kvarkenr\u00e5det\",\"description\":\"\",\"potentialAction\":[{\"@type\":\"SearchAction\",\"target\":{\"@type\":\"EntryPoint\",\"urlTemplate\":\"https:\\\/\\\/www.kvarken.org\\\/fi\\\/?s={search_term_string}\"},\"query-input\":{\"@type\":\"PropertyValueSpecification\",\"valueRequired\":true,\"valueName\":\"search_term_string\"}}],\"inLanguage\":\"fi\"},{\"@type\":\"Person\",\"@id\":\"https:\\\/\\\/www.kvarken.org\\\/fi\\\/#\\\/schema\\\/person\\\/0da9a52b8b8962cba7c963d7189046b5\",\"name\":\"Huuhka Ida-Maria\",\"image\":{\"@type\":\"ImageObject\",\"inLanguage\":\"fi\",\"@id\":\"https:\\\/\\\/secure.gravatar.com\\\/avatar\\\/8b0e50e08aa7a664dc6e2c23a82b9f95c7dc6946a41a69227e0712becda209aa?s=96&d=mm&r=g\",\"url\":\"https:\\\/\\\/secure.gravatar.com\\\/avatar\\\/8b0e50e08aa7a664dc6e2c23a82b9f95c7dc6946a41a69227e0712becda209aa?s=96&d=mm&r=g\",\"contentUrl\":\"https:\\\/\\\/secure.gravatar.com\\\/avatar\\\/8b0e50e08aa7a664dc6e2c23a82b9f95c7dc6946a41a69227e0712becda209aa?s=96&d=mm&r=g\",\"caption\":\"Huuhka Ida-Maria\"}}]}<\/script>\n<!-- \/ Yoast SEO plugin. -->","yoast_head_json":{"title":"Merenkurkun neuvoston kanslia haluaa kiitt\u00e4\u00e4 teht\u00e4v\u00e4ns\u00e4 j\u00e4tt\u00e4vi\u00e4 hallituksen j\u00e4seni\u00e4 - Kvarkenr\u00e5det","robots":{"index":"index","follow":"follow","max-snippet":"max-snippet:-1","max-image-preview":"max-image-preview:large","max-video-preview":"max-video-preview:-1"},"canonical":"https:\/\/www.kvarken.org\/fi\/merenkurkun-neuvoston-kanslia-haluaa-kiittaa-tehtavansa-jattavia-hallituksen-jasenia\/","og_locale":"fi_FI","og_type":"article","og_title":"Merenkurkun neuvoston kanslia haluaa kiitt\u00e4\u00e4 teht\u00e4v\u00e4ns\u00e4 j\u00e4tt\u00e4vi\u00e4 hallituksen j\u00e4seni\u00e4 - Kvarkenr\u00e5det","og_description":"Merenkurkun neuvosto EAYY:n vuosikokouksen yhteydess\u00e4 26. toukokuuta kiitettiin teht\u00e4v\u00e4ns\u00e4 j\u00e4tt\u00e4vi\u00e4 hallituksen j\u00e4seni\u00e4. Muun muassa Lennart Holmlundin, Merenkurkun neuvoston entisen puheenjohtajan ja yhden pitk\u00e4aikaisimmista hallituksen j\u00e4senist\u00e4, oli aika j\u00e4tt\u00e4\u00e4 hallitus.","og_url":"https:\/\/www.kvarken.org\/fi\/merenkurkun-neuvoston-kanslia-haluaa-kiittaa-tehtavansa-jattavia-hallituksen-jasenia\/","og_site_name":"Kvarkenr\u00e5det","article_published_time":"2023-06-06T08:21:52+00:00","article_modified_time":"2023-06-09T05:39:27+00:00","og_image":[{"width":1024,"height":768,"url":"https:\/\/www.kvarken.org\/wp-content\/uploads\/2023\/06\/IMG_3576-1024x768.jpg","type":"image\/jpeg"}],"author":"Huuhka Ida-Maria","twitter_card":"summary_large_image","twitter_misc":{"Kirjoittanut":"Huuhka Ida-Maria","Arvioitu lukuaika":"2 minuuttia"},"schema":{"@context":"https:\/\/schema.org","@graph":[{"@type":"Article","@id":"https:\/\/www.kvarken.org\/fi\/merenkurkun-neuvoston-kanslia-haluaa-kiittaa-tehtavansa-jattavia-hallituksen-jasenia\/#article","isPartOf":{"@id":"https:\/\/www.kvarken.org\/fi\/merenkurkun-neuvoston-kanslia-haluaa-kiittaa-tehtavansa-jattavia-hallituksen-jasenia\/"},"author":{"name":"Huuhka Ida-Maria","@id":"https:\/\/www.kvarken.org\/fi\/#\/schema\/person\/0da9a52b8b8962cba7c963d7189046b5"},"headline":"Merenkurkun neuvoston kanslia haluaa kiitt\u00e4\u00e4 teht\u00e4v\u00e4ns\u00e4 j\u00e4tt\u00e4vi\u00e4 hallituksen j\u00e4seni\u00e4","datePublished":"2023-06-06T08:21:52+00:00","dateModified":"2023-06-09T05:39:27+00:00","mainEntityOfPage":{"@id":"https:\/\/www.kvarken.org\/fi\/merenkurkun-neuvoston-kanslia-haluaa-kiittaa-tehtavansa-jattavia-hallituksen-jasenia\/"},"wordCount":355,"commentCount":0,"image":{"@id":"https:\/\/www.kvarken.org\/fi\/merenkurkun-neuvoston-kanslia-haluaa-kiittaa-tehtavansa-jattavia-hallituksen-jasenia\/#primaryimage"},"thumbnailUrl":"https:\/\/www.kvarken.org\/wp-content\/uploads\/2023\/06\/IMG_3576.jpg","articleSection":["Uncategorized @fi"],"inLanguage":"fi","potentialAction":[{"@type":"CommentAction","name":"Comment","target":["https:\/\/www.kvarken.org\/fi\/merenkurkun-neuvoston-kanslia-haluaa-kiittaa-tehtavansa-jattavia-hallituksen-jasenia\/#respond"]}]},{"@type":"WebPage","@id":"https:\/\/www.kvarken.org\/fi\/merenkurkun-neuvoston-kanslia-haluaa-kiittaa-tehtavansa-jattavia-hallituksen-jasenia\/","url":"https:\/\/www.kvarken.org\/fi\/merenkurkun-neuvoston-kanslia-haluaa-kiittaa-tehtavansa-jattavia-hallituksen-jasenia\/","name":"Merenkurkun neuvoston kanslia haluaa kiitt\u00e4\u00e4 teht\u00e4v\u00e4ns\u00e4 j\u00e4tt\u00e4vi\u00e4 hallituksen j\u00e4seni\u00e4 - Kvarkenr\u00e5det","isPartOf":{"@id":"https:\/\/www.kvarken.org\/fi\/#website"},"primaryImageOfPage":{"@id":"https:\/\/www.kvarken.org\/fi\/merenkurkun-neuvoston-kanslia-haluaa-kiittaa-tehtavansa-jattavia-hallituksen-jasenia\/#primaryimage"},"image":{"@id":"https:\/\/www.kvarken.org\/fi\/merenkurkun-neuvoston-kanslia-haluaa-kiittaa-tehtavansa-jattavia-hallituksen-jasenia\/#primaryimage"},"thumbnailUrl":"https:\/\/www.kvarken.org\/wp-content\/uploads\/2023\/06\/IMG_3576.jpg","datePublished":"2023-06-06T08:21:52+00:00","dateModified":"2023-06-09T05:39:27+00:00","author":{"@id":"https:\/\/www.kvarken.org\/fi\/#\/schema\/person\/0da9a52b8b8962cba7c963d7189046b5"},"breadcrumb":{"@id":"https:\/\/www.kvarken.org\/fi\/merenkurkun-neuvoston-kanslia-haluaa-kiittaa-tehtavansa-jattavia-hallituksen-jasenia\/#breadcrumb"},"inLanguage":"fi","potentialAction":[{"@type":"ReadAction","target":["https:\/\/www.kvarken.org\/fi\/merenkurkun-neuvoston-kanslia-haluaa-kiittaa-tehtavansa-jattavia-hallituksen-jasenia\/"]}]},{"@type":"ImageObject","inLanguage":"fi","@id":"https:\/\/www.kvarken.org\/fi\/merenkurkun-neuvoston-kanslia-haluaa-kiittaa-tehtavansa-jattavia-hallituksen-jasenia\/#primaryimage","url":"https:\/\/www.kvarken.org\/wp-content\/uploads\/2023\/06\/IMG_3576.jpg","contentUrl":"https:\/\/www.kvarken.org\/wp-content\/uploads\/2023\/06\/IMG_3576.jpg","width":4032,"height":3024},{"@type":"BreadcrumbList","@id":"https:\/\/www.kvarken.org\/fi\/merenkurkun-neuvoston-kanslia-haluaa-kiittaa-tehtavansa-jattavia-hallituksen-jasenia\/#breadcrumb","itemListElement":[{"@type":"ListItem","position":1,"name":"Hem","item":"https:\/\/www.kvarken.org\/fi\/"},{"@type":"ListItem","position":2,"name":"Merenkurkun neuvoston kanslia haluaa kiitt\u00e4\u00e4 teht\u00e4v\u00e4ns\u00e4 j\u00e4tt\u00e4vi\u00e4 hallituksen j\u00e4seni\u00e4"}]},{"@type":"WebSite","@id":"https:\/\/www.kvarken.org\/fi\/#website","url":"https:\/\/www.kvarken.org\/fi\/","name":"Kvarkenr\u00e5det","description":"","potentialAction":[{"@type":"SearchAction","target":{"@type":"EntryPoint","urlTemplate":"https:\/\/www.kvarken.org\/fi\/?s={search_term_string}"},"query-input":{"@type":"PropertyValueSpecification","valueRequired":true,"valueName":"search_term_string"}}],"inLanguage":"fi"},{"@type":"Person","@id":"https:\/\/www.kvarken.org\/fi\/#\/schema\/person\/0da9a52b8b8962cba7c963d7189046b5","name":"Huuhka Ida-Maria","image":{"@type":"ImageObject","inLanguage":"fi","@id":"https:\/\/secure.gravatar.com\/avatar\/8b0e50e08aa7a664dc6e2c23a82b9f95c7dc6946a41a69227e0712becda209aa?s=96&d=mm&r=g","url":"https:\/\/secure.gravatar.com\/avatar\/8b0e50e08aa7a664dc6e2c23a82b9f95c7dc6946a41a69227e0712becda209aa?s=96&d=mm&r=g","contentUrl":"https:\/\/secure.gravatar.com\/avatar\/8b0e50e08aa7a664dc6e2c23a82b9f95c7dc6946a41a69227e0712becda209aa?s=96&d=mm&r=g","caption":"Huuhka Ida-Maria"}}]}},"_links":{"self":[{"href":"https:\/\/www.kvarken.org\/fi\/wp-json\/wp\/v2\/posts\/17794","targetHints":{"allow":["GET"]}}],"collection":[{"href":"https:\/\/www.kvarken.org\/fi\/wp-json\/wp\/v2\/posts"}],"about":[{"href":"https:\/\/www.kvarken.org\/fi\/wp-json\/wp\/v2\/types\/post"}],"author":[{"embeddable":true,"href":"https:\/\/www.kvarken.org\/fi\/wp-json\/wp\/v2\/users\/6"}],"replies":[{"embeddable":true,"href":"https:\/\/www.kvarken.org\/fi\/wp-json\/wp\/v2\/comments?post=17794"}],"version-history":[{"count":2,"href":"https:\/\/www.kvarken.org\/fi\/wp-json\/wp\/v2\/posts\/17794\/revisions"}],"predecessor-version":[{"id":17805,"href":"https:\/\/www.kvarken.org\/fi\/wp-json\/wp\/v2\/posts\/17794\/revisions\/17805"}],"wp:featuredmedia":[{"embeddable":true,"href":"https:\/\/www.kvarken.org\/fi\/wp-json\/wp\/v2\/media\/17797"}],"wp:attachment":[{"href":"https:\/\/www.kvarken.org\/fi\/wp-json\/wp\/v2\/media?parent=17794"}],"wp:term":[{"taxonomy":"category","embeddable":true,"href":"https:\/\/www.kvarken.org\/fi\/wp-json\/wp\/v2\/categories?post=17794"},{"taxonomy":"post_tag","embeddable":true,"href":"https:\/\/www.kvarken.org\/fi\/wp-json\/wp\/v2\/tags?post=17794"},{"taxonomy":"amnen","embeddable":true,"href":"https:\/\/www.kvarken.org\/fi\/wp-json\/wp\/v2\/amnen?post=17794"}],"curies":[{"name":"wp","href":"https:\/\/api.w.org\/{rel}","templated":true}]}}