{"id":17853,"date":"2023-06-14T09:18:36","date_gmt":"2023-06-14T06:18:36","guid":{"rendered":"https:\/\/www.kvarken.org\/?p=17853"},"modified":"2023-06-16T10:49:59","modified_gmt":"2023-06-16T07:49:59","slug":"aloituskokous-kohdemarkkinointiorganisaatioiden-kanssa","status":"publish","type":"post","link":"https:\/\/www.kvarken.org\/fi\/aloituskokous-kohdemarkkinointiorganisaatioiden-kanssa\/","title":{"rendered":"Aloituskokous kohdemarkkinointiorganisaatioiden kanssa"},"content":{"rendered":"<p style=\"font-weight: 400;\">T\u00e4m\u00e4 oli ensimm\u00e4inen hankkeen j\u00e4rjest\u00e4m\u00e4 ulkoinen tapahtuma ty\u00f6paketissa\u00a01, Inventaario (lis\u00e4tietoa hankkeesta ja sen ty\u00f6paketeista l\u00f6ytyy <a href=\"https:\/\/www.kvarken.org\/en\/project\/bothnian-coastal-route\/\">t\u00e4\u00e4lt\u00e4<\/a>). Tapahtumaan osallistui runsaasti v\u00e4ke\u00e4 ja se sai osallistujilta erinomaista palautetta.<\/p>\n<p style=\"font-weight: 400;\">\u2013 Ty\u00f6paja toimi inspiroivana kick-off-tapahtumana ja esitteli valtiorajat ylitt\u00e4v\u00e4n ty\u00f6skentelyn etuja. P\u00e4\u00e4puhujamme, Nordic Marketingin toimitusjohtaja <strong>Jan Badur<\/strong>, nosti esiin monia t\u00e4rkeit\u00e4 pohdintoja voimien yhdist\u00e4misest\u00e4. Esimerkiksi sen, ett\u00e4 niin meri kuin saaristokin ovat houkuttelevia \u2013 ja niiss\u00e4 ymp\u00e4rist\u00f6iss\u00e4 tarjottavat aktiviteetit ovat t\u00e4rkeit\u00e4 ja niit\u00e4 tulee korostaa. Matkanj\u00e4rjest\u00e4j\u00e4t haluavat esimerkkej\u00e4 kahdesta eri maasta ja alueesta, jotka tekev\u00e4t yhteisty\u00f6t\u00e4 tarjotakseen aitoa paikalliskulttuuria ja el\u00e4myksi\u00e4.Keskieurooppalaiset matkustavat l\u00f6yt\u00e4\u00e4kseen tilaa, upeita maisemia ja luontoel\u00e4myksi\u00e4, kertoo Merenkurkun neuvoston hankejohtaja <strong>Marianne Sj\u00f6str\u00f6m.<\/strong><\/p>\n<p style=\"font-weight: 400;\">Osallistujat koostuivat 13 matkakohteesta kaikkialta hankealueelta, mm. kohdemarkkinointiorganisaatioista, kaupungeista ja kunnista sek\u00e4 reitin varrella sijaitsevista matkailuj\u00e4rjest\u00f6ist\u00e4, jotka edustivat oman kohteensa matkailualaa. Ahkerat ja innostuneet osallistujat loivat ty\u00f6pajassa p\u00e4iv\u00e4n p\u00e4\u00e4tteeksi enn\u00e4tysajassa useita teemallisia matkapaketteja.<\/p>\n<p style=\"font-weight: 400;\">\u2013 Alueella on paljon yhteist\u00e4 historiaa, kulttuuria ja perinteit\u00e4 sek\u00e4 my\u00f6s eritt\u00e4in kiehtova el\u00e4m\u00e4ntapa, jonka voi jakaa vierailijoiden kanssa.Matkailualan yhteisty\u00f6 on parhaimmillaan suurilla alueilla, jotka muistuttavat vierailijoiden usein suosimia matkustustottumuksia.<\/p>\n<p style=\"font-weight: 400;\">\u2013 On t\u00e4rke\u00e4\u00e4 tavata kollegoita s\u00e4\u00e4nn\u00f6llisesti ja pit\u00e4\u00e4 aivoriihi.T\u00e4m\u00e4 Haaparannan hanketapahtuma, joka oli suunnattu kohdemarkkinointiorganisaatioille, tarjosi t\u00e4ydellisen tilaisuuden tutustua toisiin kohteisiin paremmin, kertoo Visit Kokkolan toimitusjohtaja <strong>Teea Pietil\u00e4.<\/strong><\/p>\n<p style=\"font-weight: 400;\">\u2013 Saimme kaiken kaikkiaan luotua hyvin inspiroivan p\u00e4iv\u00e4n tuomalla kaikki kohteet yhteen ja laatimalla Bothnian Coastal Route -hankkeen kehykset, lis\u00e4\u00e4 <strong>Marianne Sj\u00f6str\u00f6m,<\/strong> Merenkurkun neuvoston hankejohtaja.<\/p>\n<p style=\"font-weight: 400;\"><span class=\"normaltextrun\"><span lang=\"FI\">Interreg Auroran rahoittama hanke k\u00e4ynnistyi 1. tammikuuta 2023. Lue lis\u00e4\u00e4 hankkeesta <\/span><\/span><span lang=\"SV\"><a href=\"https:\/\/www.kvarken.org\/en\/project\/bothnian-coastal-route\/\"><span lang=\"FI\">t\u00e4\u00e4lt\u00e4<\/span><\/a><\/span><span class=\"normaltextrun\"><span lang=\"FI\">.<\/span><\/span><\/p>\n<p>&nbsp;<\/p>\n<p><img decoding=\"async\" class=\"alignleft wp-image-15997 size-medium\" src=\"https:\/\/www.kvarken.org\/wp-content\/uploads\/2023\/01\/cropped-AURORA-RGB-Color-300x68.png\" alt=\"\" width=\"300\" height=\"68\" \/><\/p>\n<p>&nbsp;<\/p>\n<p>&nbsp;<\/p>\n<div id=\"attachment_17869\" style=\"width: 1962px\" class=\"wp-caption alignleft\"><img decoding=\"async\" aria-describedby=\"caption-attachment-17869\" class=\"wp-image-17869 size-full\" src=\"https:\/\/www.kvarken.org\/wp-content\/uploads\/2023\/06\/IMG_1874.jpg\" alt=\"\" width=\"1952\" height=\"1302\" srcset=\"https:\/\/www.kvarken.org\/wp-content\/uploads\/2023\/06\/IMG_1874.jpg 1952w, https:\/\/www.kvarken.org\/wp-content\/uploads\/2023\/06\/IMG_1874-1280x854.jpg 1280w, https:\/\/www.kvarken.org\/wp-content\/uploads\/2023\/06\/IMG_1874-980x654.jpg 980w, https:\/\/www.kvarken.org\/wp-content\/uploads\/2023\/06\/IMG_1874-480x320.jpg 480w\" sizes=\"(min-width: 0px) and (max-width: 480px) 480px, (min-width: 481px) and (max-width: 980px) 980px, (min-width: 981px) and (max-width: 1280px) 1280px, (min-width: 1281px) 1952px, 100vw\" \/><p id=\"caption-attachment-17869\" class=\"wp-caption-text\">Osallistujat istuivat samassa j\u00e4rjestyksess\u00e4 kuin miss\u00e4 he sijaitsevat reitin varrella. T\u00e4ss\u00e4 naapurit Luulajasta, Haaparannasta, Torniosta ja Oulusta.<\/p><\/div>\n<div id=\"attachment_17890\" style=\"width: 1928px\" class=\"wp-caption alignleft\"><img decoding=\"async\" aria-describedby=\"caption-attachment-17890\" class=\"wp-image-17890 size-full\" src=\"https:\/\/www.kvarken.org\/wp-content\/uploads\/2023\/06\/IMG_1991.jpg\" alt=\"\" width=\"1918\" height=\"1279\" srcset=\"https:\/\/www.kvarken.org\/wp-content\/uploads\/2023\/06\/IMG_1991.jpg 1918w, https:\/\/www.kvarken.org\/wp-content\/uploads\/2023\/06\/IMG_1991-1280x854.jpg 1280w, https:\/\/www.kvarken.org\/wp-content\/uploads\/2023\/06\/IMG_1991-980x654.jpg 980w, https:\/\/www.kvarken.org\/wp-content\/uploads\/2023\/06\/IMG_1991-480x320.jpg 480w\" sizes=\"(min-width: 0px) and (max-width: 480px) 480px, (min-width: 481px) and (max-width: 980px) 980px, (min-width: 981px) and (max-width: 1280px) 1280px, (min-width: 1281px) 1918px, 100vw\" \/><p id=\"caption-attachment-17890\" class=\"wp-caption-text\">Visit Kokkolan toimitusjohtaja Teea Pietil\u00e4 kertoo Kokkolan alueen ainutlaatuisista myyntivalteista.<\/p><\/div>\n<div id=\"attachment_17836\" style=\"width: 1862px\" class=\"wp-caption alignleft\"><img decoding=\"async\" aria-describedby=\"caption-attachment-17836\" class=\"wp-image-17836 size-full\" src=\"https:\/\/www.kvarken.org\/wp-content\/uploads\/2023\/06\/IMG_1864.jpg\" alt=\"\" width=\"1852\" height=\"1235\" srcset=\"https:\/\/www.kvarken.org\/wp-content\/uploads\/2023\/06\/IMG_1864.jpg 1852w, https:\/\/www.kvarken.org\/wp-content\/uploads\/2023\/06\/IMG_1864-1280x854.jpg 1280w, https:\/\/www.kvarken.org\/wp-content\/uploads\/2023\/06\/IMG_1864-980x654.jpg 980w, https:\/\/www.kvarken.org\/wp-content\/uploads\/2023\/06\/IMG_1864-480x320.jpg 480w\" sizes=\"(min-width: 0px) and (max-width: 480px) 480px, (min-width: 481px) and (max-width: 980px) 980px, (min-width: 981px) and (max-width: 1280px) 1280px, (min-width: 1281px) 1852px, 100vw\" \/><p id=\"caption-attachment-17836\" class=\"wp-caption-text\">Merenkurkun neuvoston (lead partner) hankejohtaja Marianne Sj\u00f6str\u00f6m esittelee hankkeen tavoitteet.<\/p><\/div>\n","protected":false},"excerpt":{"rendered":"<p>Bothnian Coastal Route -hanke, mukaan lukien pohjoisen Suomen ja Ruotsin matkakohteet, pyrkii lis\u00e4\u00e4m\u00e4\u00e4n tunnettuutta Per\u00e4meren ymp\u00e4ri ja Merenkurkun poikki kulkevasta rannikkoreitist\u00e4 houkuttelevana matkareittin\u00e4 sek\u00e4 ulkomaisten vierailijoiden ett\u00e4 paikallisen v\u00e4est\u00f6n keskuudessa. Hankeryhm\u00e4 j\u00e4rjesti maaliskuussa 2023 Haaparannassa aloituskokouksen hankealueen kohdemarkkinointiorganisaatioille. Tavoitteena oli koota yhteen koko hankealue, m\u00e4\u00e4ritell\u00e4 yhdess\u00e4 hankkeen sis\u00e4lt\u00f6, luoda yhteenkuuluvuuden tunnetta, perustaa verkostoja ja luoda yhteinen strategia tulevalle ty\u00f6skentelyprosessille.<\/p>\n","protected":false},"author":6,"featured_media":17839,"comment_status":"open","ping_status":"open","sticky":false,"template":"","format":"standard","meta":{"_acf_changed":false,"_et_pb_use_builder":"","_et_pb_old_content":"","_et_gb_content_width":"","footnotes":""},"categories":[13],"tags":[],"amnen":[58],"class_list":["post-17853","post","type-post","status-publish","format-standard","has-post-thumbnail","hentry","category-uncategorized-fi","amnen-matkailu"],"acf":[],"yoast_head":"<!-- This site is optimized with the Yoast SEO plugin v27.4 - https:\/\/yoast.com\/product\/yoast-seo-wordpress\/ -->\n<title>Aloituskokous kohdemarkkinointiorganisaatioiden kanssa - Kvarkenr\u00e5det<\/title>\n<meta name=\"robots\" content=\"index, follow, max-snippet:-1, max-image-preview:large, max-video-preview:-1\" \/>\n<link rel=\"canonical\" href=\"https:\/\/www.kvarken.org\/fi\/aloituskokous-kohdemarkkinointiorganisaatioiden-kanssa\/\" \/>\n<meta property=\"og:locale\" content=\"fi_FI\" \/>\n<meta property=\"og:type\" content=\"article\" \/>\n<meta property=\"og:title\" content=\"Aloituskokous kohdemarkkinointiorganisaatioiden kanssa - Kvarkenr\u00e5det\" \/>\n<meta property=\"og:description\" content=\"Bothnian Coastal Route -hanke, mukaan lukien pohjoisen Suomen ja Ruotsin matkakohteet, pyrkii lis\u00e4\u00e4m\u00e4\u00e4n tunnettuutta Per\u00e4meren ymp\u00e4ri ja Merenkurkun poikki kulkevasta rannikkoreitist\u00e4 houkuttelevana matkareittin\u00e4 sek\u00e4 ulkomaisten vierailijoiden ett\u00e4 paikallisen v\u00e4est\u00f6n keskuudessa. Hankeryhm\u00e4 j\u00e4rjesti maaliskuussa 2023 Haaparannassa aloituskokouksen hankealueen kohdemarkkinointiorganisaatioille. Tavoitteena oli koota yhteen koko hankealue, m\u00e4\u00e4ritell\u00e4 yhdess\u00e4 hankkeen sis\u00e4lt\u00f6, luoda yhteenkuuluvuuden tunnetta, perustaa verkostoja ja luoda yhteinen strategia tulevalle ty\u00f6skentelyprosessille.\" \/>\n<meta property=\"og:url\" content=\"https:\/\/www.kvarken.org\/fi\/aloituskokous-kohdemarkkinointiorganisaatioiden-kanssa\/\" \/>\n<meta property=\"og:site_name\" content=\"Kvarkenr\u00e5det\" \/>\n<meta property=\"article:published_time\" content=\"2023-06-14T06:18:36+00:00\" \/>\n<meta property=\"article:modified_time\" content=\"2023-06-16T07:49:59+00:00\" \/>\n<meta property=\"og:image\" content=\"https:\/\/www.kvarken.org\/wp-content\/uploads\/2023\/06\/IMG_1868.jpg\" \/>\n\t<meta property=\"og:image:width\" content=\"2000\" \/>\n\t<meta property=\"og:image:height\" content=\"1334\" \/>\n\t<meta property=\"og:image:type\" content=\"image\/jpeg\" \/>\n<meta name=\"author\" content=\"Huuhka Ida-Maria\" \/>\n<meta name=\"twitter:card\" content=\"summary_large_image\" \/>\n<meta name=\"twitter:label1\" content=\"Kirjoittanut\" \/>\n\t<meta name=\"twitter:data1\" content=\"Huuhka Ida-Maria\" \/>\n\t<meta name=\"twitter:label2\" content=\"Arvioitu lukuaika\" \/>\n\t<meta name=\"twitter:data2\" content=\"3 minuuttia\" \/>\n<script type=\"application\/ld+json\" class=\"yoast-schema-graph\">{\"@context\":\"https:\\\/\\\/schema.org\",\"@graph\":[{\"@type\":\"Article\",\"@id\":\"https:\\\/\\\/www.kvarken.org\\\/fi\\\/aloituskokous-kohdemarkkinointiorganisaatioiden-kanssa\\\/#article\",\"isPartOf\":{\"@id\":\"https:\\\/\\\/www.kvarken.org\\\/fi\\\/aloituskokous-kohdemarkkinointiorganisaatioiden-kanssa\\\/\"},\"author\":{\"name\":\"Huuhka Ida-Maria\",\"@id\":\"https:\\\/\\\/www.kvarken.org\\\/fi\\\/#\\\/schema\\\/person\\\/0da9a52b8b8962cba7c963d7189046b5\"},\"headline\":\"Aloituskokous kohdemarkkinointiorganisaatioiden kanssa\",\"datePublished\":\"2023-06-14T06:18:36+00:00\",\"dateModified\":\"2023-06-16T07:49:59+00:00\",\"mainEntityOfPage\":{\"@id\":\"https:\\\/\\\/www.kvarken.org\\\/fi\\\/aloituskokous-kohdemarkkinointiorganisaatioiden-kanssa\\\/\"},\"wordCount\":344,\"commentCount\":0,\"image\":{\"@id\":\"https:\\\/\\\/www.kvarken.org\\\/fi\\\/aloituskokous-kohdemarkkinointiorganisaatioiden-kanssa\\\/#primaryimage\"},\"thumbnailUrl\":\"https:\\\/\\\/www.kvarken.org\\\/wp-content\\\/uploads\\\/2023\\\/06\\\/IMG_1868.jpg\",\"articleSection\":[\"Uncategorized @fi\"],\"inLanguage\":\"fi\",\"potentialAction\":[{\"@type\":\"CommentAction\",\"name\":\"Comment\",\"target\":[\"https:\\\/\\\/www.kvarken.org\\\/fi\\\/aloituskokous-kohdemarkkinointiorganisaatioiden-kanssa\\\/#respond\"]}]},{\"@type\":\"WebPage\",\"@id\":\"https:\\\/\\\/www.kvarken.org\\\/fi\\\/aloituskokous-kohdemarkkinointiorganisaatioiden-kanssa\\\/\",\"url\":\"https:\\\/\\\/www.kvarken.org\\\/fi\\\/aloituskokous-kohdemarkkinointiorganisaatioiden-kanssa\\\/\",\"name\":\"Aloituskokous kohdemarkkinointiorganisaatioiden kanssa - Kvarkenr\u00e5det\",\"isPartOf\":{\"@id\":\"https:\\\/\\\/www.kvarken.org\\\/fi\\\/#website\"},\"primaryImageOfPage\":{\"@id\":\"https:\\\/\\\/www.kvarken.org\\\/fi\\\/aloituskokous-kohdemarkkinointiorganisaatioiden-kanssa\\\/#primaryimage\"},\"image\":{\"@id\":\"https:\\\/\\\/www.kvarken.org\\\/fi\\\/aloituskokous-kohdemarkkinointiorganisaatioiden-kanssa\\\/#primaryimage\"},\"thumbnailUrl\":\"https:\\\/\\\/www.kvarken.org\\\/wp-content\\\/uploads\\\/2023\\\/06\\\/IMG_1868.jpg\",\"datePublished\":\"2023-06-14T06:18:36+00:00\",\"dateModified\":\"2023-06-16T07:49:59+00:00\",\"author\":{\"@id\":\"https:\\\/\\\/www.kvarken.org\\\/fi\\\/#\\\/schema\\\/person\\\/0da9a52b8b8962cba7c963d7189046b5\"},\"breadcrumb\":{\"@id\":\"https:\\\/\\\/www.kvarken.org\\\/fi\\\/aloituskokous-kohdemarkkinointiorganisaatioiden-kanssa\\\/#breadcrumb\"},\"inLanguage\":\"fi\",\"potentialAction\":[{\"@type\":\"ReadAction\",\"target\":[\"https:\\\/\\\/www.kvarken.org\\\/fi\\\/aloituskokous-kohdemarkkinointiorganisaatioiden-kanssa\\\/\"]}]},{\"@type\":\"ImageObject\",\"inLanguage\":\"fi\",\"@id\":\"https:\\\/\\\/www.kvarken.org\\\/fi\\\/aloituskokous-kohdemarkkinointiorganisaatioiden-kanssa\\\/#primaryimage\",\"url\":\"https:\\\/\\\/www.kvarken.org\\\/wp-content\\\/uploads\\\/2023\\\/06\\\/IMG_1868.jpg\",\"contentUrl\":\"https:\\\/\\\/www.kvarken.org\\\/wp-content\\\/uploads\\\/2023\\\/06\\\/IMG_1868.jpg\",\"width\":2000,\"height\":1334},{\"@type\":\"BreadcrumbList\",\"@id\":\"https:\\\/\\\/www.kvarken.org\\\/fi\\\/aloituskokous-kohdemarkkinointiorganisaatioiden-kanssa\\\/#breadcrumb\",\"itemListElement\":[{\"@type\":\"ListItem\",\"position\":1,\"name\":\"Hem\",\"item\":\"https:\\\/\\\/www.kvarken.org\\\/fi\\\/\"},{\"@type\":\"ListItem\",\"position\":2,\"name\":\"Aloituskokous kohdemarkkinointiorganisaatioiden kanssa\"}]},{\"@type\":\"WebSite\",\"@id\":\"https:\\\/\\\/www.kvarken.org\\\/fi\\\/#website\",\"url\":\"https:\\\/\\\/www.kvarken.org\\\/fi\\\/\",\"name\":\"Kvarkenr\u00e5det\",\"description\":\"\",\"potentialAction\":[{\"@type\":\"SearchAction\",\"target\":{\"@type\":\"EntryPoint\",\"urlTemplate\":\"https:\\\/\\\/www.kvarken.org\\\/fi\\\/?s={search_term_string}\"},\"query-input\":{\"@type\":\"PropertyValueSpecification\",\"valueRequired\":true,\"valueName\":\"search_term_string\"}}],\"inLanguage\":\"fi\"},{\"@type\":\"Person\",\"@id\":\"https:\\\/\\\/www.kvarken.org\\\/fi\\\/#\\\/schema\\\/person\\\/0da9a52b8b8962cba7c963d7189046b5\",\"name\":\"Huuhka Ida-Maria\",\"image\":{\"@type\":\"ImageObject\",\"inLanguage\":\"fi\",\"@id\":\"https:\\\/\\\/secure.gravatar.com\\\/avatar\\\/8b0e50e08aa7a664dc6e2c23a82b9f95c7dc6946a41a69227e0712becda209aa?s=96&d=mm&r=g\",\"url\":\"https:\\\/\\\/secure.gravatar.com\\\/avatar\\\/8b0e50e08aa7a664dc6e2c23a82b9f95c7dc6946a41a69227e0712becda209aa?s=96&d=mm&r=g\",\"contentUrl\":\"https:\\\/\\\/secure.gravatar.com\\\/avatar\\\/8b0e50e08aa7a664dc6e2c23a82b9f95c7dc6946a41a69227e0712becda209aa?s=96&d=mm&r=g\",\"caption\":\"Huuhka Ida-Maria\"}}]}<\/script>\n<!-- \/ Yoast SEO plugin. -->","yoast_head_json":{"title":"Aloituskokous kohdemarkkinointiorganisaatioiden kanssa - Kvarkenr\u00e5det","robots":{"index":"index","follow":"follow","max-snippet":"max-snippet:-1","max-image-preview":"max-image-preview:large","max-video-preview":"max-video-preview:-1"},"canonical":"https:\/\/www.kvarken.org\/fi\/aloituskokous-kohdemarkkinointiorganisaatioiden-kanssa\/","og_locale":"fi_FI","og_type":"article","og_title":"Aloituskokous kohdemarkkinointiorganisaatioiden kanssa - Kvarkenr\u00e5det","og_description":"Bothnian Coastal Route -hanke, mukaan lukien pohjoisen Suomen ja Ruotsin matkakohteet, pyrkii lis\u00e4\u00e4m\u00e4\u00e4n tunnettuutta Per\u00e4meren ymp\u00e4ri ja Merenkurkun poikki kulkevasta rannikkoreitist\u00e4 houkuttelevana matkareittin\u00e4 sek\u00e4 ulkomaisten vierailijoiden ett\u00e4 paikallisen v\u00e4est\u00f6n keskuudessa. Hankeryhm\u00e4 j\u00e4rjesti maaliskuussa 2023 Haaparannassa aloituskokouksen hankealueen kohdemarkkinointiorganisaatioille. Tavoitteena oli koota yhteen koko hankealue, m\u00e4\u00e4ritell\u00e4 yhdess\u00e4 hankkeen sis\u00e4lt\u00f6, luoda yhteenkuuluvuuden tunnetta, perustaa verkostoja ja luoda yhteinen strategia tulevalle ty\u00f6skentelyprosessille.","og_url":"https:\/\/www.kvarken.org\/fi\/aloituskokous-kohdemarkkinointiorganisaatioiden-kanssa\/","og_site_name":"Kvarkenr\u00e5det","article_published_time":"2023-06-14T06:18:36+00:00","article_modified_time":"2023-06-16T07:49:59+00:00","og_image":[{"width":2000,"height":1334,"url":"https:\/\/www.kvarken.org\/wp-content\/uploads\/2023\/06\/IMG_1868.jpg","type":"image\/jpeg"}],"author":"Huuhka Ida-Maria","twitter_card":"summary_large_image","twitter_misc":{"Kirjoittanut":"Huuhka Ida-Maria","Arvioitu lukuaika":"3 minuuttia"},"schema":{"@context":"https:\/\/schema.org","@graph":[{"@type":"Article","@id":"https:\/\/www.kvarken.org\/fi\/aloituskokous-kohdemarkkinointiorganisaatioiden-kanssa\/#article","isPartOf":{"@id":"https:\/\/www.kvarken.org\/fi\/aloituskokous-kohdemarkkinointiorganisaatioiden-kanssa\/"},"author":{"name":"Huuhka Ida-Maria","@id":"https:\/\/www.kvarken.org\/fi\/#\/schema\/person\/0da9a52b8b8962cba7c963d7189046b5"},"headline":"Aloituskokous kohdemarkkinointiorganisaatioiden kanssa","datePublished":"2023-06-14T06:18:36+00:00","dateModified":"2023-06-16T07:49:59+00:00","mainEntityOfPage":{"@id":"https:\/\/www.kvarken.org\/fi\/aloituskokous-kohdemarkkinointiorganisaatioiden-kanssa\/"},"wordCount":344,"commentCount":0,"image":{"@id":"https:\/\/www.kvarken.org\/fi\/aloituskokous-kohdemarkkinointiorganisaatioiden-kanssa\/#primaryimage"},"thumbnailUrl":"https:\/\/www.kvarken.org\/wp-content\/uploads\/2023\/06\/IMG_1868.jpg","articleSection":["Uncategorized @fi"],"inLanguage":"fi","potentialAction":[{"@type":"CommentAction","name":"Comment","target":["https:\/\/www.kvarken.org\/fi\/aloituskokous-kohdemarkkinointiorganisaatioiden-kanssa\/#respond"]}]},{"@type":"WebPage","@id":"https:\/\/www.kvarken.org\/fi\/aloituskokous-kohdemarkkinointiorganisaatioiden-kanssa\/","url":"https:\/\/www.kvarken.org\/fi\/aloituskokous-kohdemarkkinointiorganisaatioiden-kanssa\/","name":"Aloituskokous kohdemarkkinointiorganisaatioiden kanssa - Kvarkenr\u00e5det","isPartOf":{"@id":"https:\/\/www.kvarken.org\/fi\/#website"},"primaryImageOfPage":{"@id":"https:\/\/www.kvarken.org\/fi\/aloituskokous-kohdemarkkinointiorganisaatioiden-kanssa\/#primaryimage"},"image":{"@id":"https:\/\/www.kvarken.org\/fi\/aloituskokous-kohdemarkkinointiorganisaatioiden-kanssa\/#primaryimage"},"thumbnailUrl":"https:\/\/www.kvarken.org\/wp-content\/uploads\/2023\/06\/IMG_1868.jpg","datePublished":"2023-06-14T06:18:36+00:00","dateModified":"2023-06-16T07:49:59+00:00","author":{"@id":"https:\/\/www.kvarken.org\/fi\/#\/schema\/person\/0da9a52b8b8962cba7c963d7189046b5"},"breadcrumb":{"@id":"https:\/\/www.kvarken.org\/fi\/aloituskokous-kohdemarkkinointiorganisaatioiden-kanssa\/#breadcrumb"},"inLanguage":"fi","potentialAction":[{"@type":"ReadAction","target":["https:\/\/www.kvarken.org\/fi\/aloituskokous-kohdemarkkinointiorganisaatioiden-kanssa\/"]}]},{"@type":"ImageObject","inLanguage":"fi","@id":"https:\/\/www.kvarken.org\/fi\/aloituskokous-kohdemarkkinointiorganisaatioiden-kanssa\/#primaryimage","url":"https:\/\/www.kvarken.org\/wp-content\/uploads\/2023\/06\/IMG_1868.jpg","contentUrl":"https:\/\/www.kvarken.org\/wp-content\/uploads\/2023\/06\/IMG_1868.jpg","width":2000,"height":1334},{"@type":"BreadcrumbList","@id":"https:\/\/www.kvarken.org\/fi\/aloituskokous-kohdemarkkinointiorganisaatioiden-kanssa\/#breadcrumb","itemListElement":[{"@type":"ListItem","position":1,"name":"Hem","item":"https:\/\/www.kvarken.org\/fi\/"},{"@type":"ListItem","position":2,"name":"Aloituskokous kohdemarkkinointiorganisaatioiden kanssa"}]},{"@type":"WebSite","@id":"https:\/\/www.kvarken.org\/fi\/#website","url":"https:\/\/www.kvarken.org\/fi\/","name":"Kvarkenr\u00e5det","description":"","potentialAction":[{"@type":"SearchAction","target":{"@type":"EntryPoint","urlTemplate":"https:\/\/www.kvarken.org\/fi\/?s={search_term_string}"},"query-input":{"@type":"PropertyValueSpecification","valueRequired":true,"valueName":"search_term_string"}}],"inLanguage":"fi"},{"@type":"Person","@id":"https:\/\/www.kvarken.org\/fi\/#\/schema\/person\/0da9a52b8b8962cba7c963d7189046b5","name":"Huuhka Ida-Maria","image":{"@type":"ImageObject","inLanguage":"fi","@id":"https:\/\/secure.gravatar.com\/avatar\/8b0e50e08aa7a664dc6e2c23a82b9f95c7dc6946a41a69227e0712becda209aa?s=96&d=mm&r=g","url":"https:\/\/secure.gravatar.com\/avatar\/8b0e50e08aa7a664dc6e2c23a82b9f95c7dc6946a41a69227e0712becda209aa?s=96&d=mm&r=g","contentUrl":"https:\/\/secure.gravatar.com\/avatar\/8b0e50e08aa7a664dc6e2c23a82b9f95c7dc6946a41a69227e0712becda209aa?s=96&d=mm&r=g","caption":"Huuhka Ida-Maria"}}]}},"_links":{"self":[{"href":"https:\/\/www.kvarken.org\/fi\/wp-json\/wp\/v2\/posts\/17853","targetHints":{"allow":["GET"]}}],"collection":[{"href":"https:\/\/www.kvarken.org\/fi\/wp-json\/wp\/v2\/posts"}],"about":[{"href":"https:\/\/www.kvarken.org\/fi\/wp-json\/wp\/v2\/types\/post"}],"author":[{"embeddable":true,"href":"https:\/\/www.kvarken.org\/fi\/wp-json\/wp\/v2\/users\/6"}],"replies":[{"embeddable":true,"href":"https:\/\/www.kvarken.org\/fi\/wp-json\/wp\/v2\/comments?post=17853"}],"version-history":[{"count":7,"href":"https:\/\/www.kvarken.org\/fi\/wp-json\/wp\/v2\/posts\/17853\/revisions"}],"predecessor-version":[{"id":17903,"href":"https:\/\/www.kvarken.org\/fi\/wp-json\/wp\/v2\/posts\/17853\/revisions\/17903"}],"wp:featuredmedia":[{"embeddable":true,"href":"https:\/\/www.kvarken.org\/fi\/wp-json\/wp\/v2\/media\/17839"}],"wp:attachment":[{"href":"https:\/\/www.kvarken.org\/fi\/wp-json\/wp\/v2\/media?parent=17853"}],"wp:term":[{"taxonomy":"category","embeddable":true,"href":"https:\/\/www.kvarken.org\/fi\/wp-json\/wp\/v2\/categories?post=17853"},{"taxonomy":"post_tag","embeddable":true,"href":"https:\/\/www.kvarken.org\/fi\/wp-json\/wp\/v2\/tags?post=17853"},{"taxonomy":"amnen","embeddable":true,"href":"https:\/\/www.kvarken.org\/fi\/wp-json\/wp\/v2\/amnen?post=17853"}],"curies":[{"name":"wp","href":"https:\/\/api.w.org\/{rel}","templated":true}]}}