{"id":17980,"date":"2023-06-21T10:17:25","date_gmt":"2023-06-21T07:17:25","guid":{"rendered":"https:\/\/www.kvarken.org\/?p=17980"},"modified":"2023-06-22T11:57:12","modified_gmt":"2023-06-22T08:57:12","slug":"hyvia-uutisia-merenkurkun-alueen-yhteistyolle-suomen-hallitusohjelma-sisaltaa-useita-myonteisia-signaaleja-merenkurkun-neuvostolle-kumppaneineen","status":"publish","type":"post","link":"https:\/\/www.kvarken.org\/fi\/hyvia-uutisia-merenkurkun-alueen-yhteistyolle-suomen-hallitusohjelma-sisaltaa-useita-myonteisia-signaaleja-merenkurkun-neuvostolle-kumppaneineen\/","title":{"rendered":"Hyvi\u00e4 uutisia Merenkurkun alueen yhteisty\u00f6lle \u2013 Suomen hallitusohjelma sis\u00e4lt\u00e4\u00e4 useita my\u00f6nteisi\u00e4 signaaleja Merenkurkun neuvostolle kumppaneineen"},"content":{"rendered":"<p><span data-contrast=\"auto\">Merenkurkun neuvoston johtaja <\/span><b><span data-contrast=\"auto\">Mathias Lindstr\u00f6m <\/span><\/b><span data-contrast=\"auto\">oli yksi 1\u202f099\u202fasiantuntijasta, joka vieraili Helsingin S\u00e4\u00e4tytalolla seitsem\u00e4n viikkoa kest\u00e4neiden neuvottelujen aikana.<\/span><\/p>\n<p><span data-contrast=\"auto\">\u2013 Yksi ohjelman monista my\u00f6nteisist\u00e4 lausunnoista, joka on ollut asialistallamme jo usean vuoden ajan, on Pohjoismaiden liikennej\u00e4rjestelmien koordinoinnin edist\u00e4minen valtiorajat ylitt\u00e4v\u00e4n liikenteen sujuvoittamiseksi.<\/span> <span data-contrast=\"auto\">Olemme erityisen iloisia siit\u00e4, ett\u00e4 hallitusohjelmassa esitet\u00e4\u00e4n liikenneasioita k\u00e4sittelev\u00e4n ministerineuvoston perustamista Pohjoismaiden neuvostoon.<\/span> <span data-contrast=\"auto\">Olemme ty\u00f6skennelleet asian eteen monta vuotta, Lindstr\u00f6m kertoo.<\/span><\/p>\n<p><span data-contrast=\"auto\">\u2013 Toinen mahtava uutinen on, ett\u00e4 hallitusohjelma nostaa esille selvityksen laatimisen Merenkurkun ylitt\u00e4v\u00e4st\u00e4, Vaasan ja Uumajan v\u00e4lisest\u00e4 kiinte\u00e4st\u00e4 yhteydest\u00e4.<\/span> <span data-contrast=\"auto\">T\u00e4m\u00e4 on todellakin ilahduttavaa ja antaa meille vahvan mandaatin jatkaa ty\u00f6t\u00e4 asian parissa, Lindstr\u00f6m lis\u00e4\u00e4.<\/span><span data-ccp-props=\"{&quot;335551550&quot;:6,&quot;335551620&quot;:6}\">\u00a0<\/span><\/p>\n<p><span data-contrast=\"auto\">Suomen uusi hallitus pyrkii turvaamaan huoltovarmuuden kaikissa olosuhteissa, mukaan lukien pohjoismaisen valmius-\u202fja huoltovarmuusyhteisty\u00f6n.<\/span><span data-contrast=\"auto\"> Osana <\/span><span data-contrast=\"auto\">Merenkurkun kiinte\u00e4n yhteyden selvityst\u00e4 arvioidaan my\u00f6s s\u00e4hk\u00f6n ja vedyn siirtoyhteyksien synergioita.<\/span><span data-ccp-props=\"{&quot;335551550&quot;:6,&quot;335551620&quot;:6}\">\u00a0<\/span><\/p>\n<p><span data-contrast=\"auto\">Ruotsin ja Norjan kanssa tavoitellaan yhdess\u00e4 EU:n ja Naton investointimahdollisuuksia Skandinavian pohjoisosan logistiikkayhteyksien parantamiseksi.<\/span><span data-ccp-props=\"{&quot;335551550&quot;:6,&quot;335551620&quot;:6}\">\u00a0<\/span><\/p>\n<p><span data-contrast=\"auto\">Lis\u00e4ksi L\u00e4nsi-Suomi ja Etel\u00e4-Suomi tunnustetaan t\u00e4rkeiksi alueiksi Suomen elinvoimaisuudelle ja kasvulle.<\/span> <span data-contrast=\"auto\">Hallitus haluaa omilla toimillaan mahdollistaa my\u00f6s n\u00e4iden alueiden m\u00e4\u00e4r\u00e4tietoisen kehitt\u00e4misen sek\u00e4 tukea investointialoitteita.<\/span><span data-ccp-props=\"{&quot;335551550&quot;:6,&quot;335551620&quot;:6}\">\u00a0<\/span><\/p>\n<p><span data-contrast=\"auto\">\u2013 T\u00e4rke\u00e4 kohta meille on my\u00f6s lentoliikenteen s\u00e4hk\u00f6istymisen ja lentoyhteyksien kehittymisen edist\u00e4minen koko Suomessa kolmen tunnin saavutettavuustavoitteen toteuttamiseksi.<\/span> <span data-contrast=\"auto\">Sill\u00e4 on suuri merkitys meneill\u00e4\u00e4n olevalle kehitysty\u00f6llemme Merenkurkun alueen elinkeinoel\u00e4m\u00e4n ja asukkaiden edellytysten parantamiseksi.<\/span> <span data-contrast=\"auto\">Finavian lentoasemaverkko s\u00e4ilytet\u00e4\u00e4n my\u00f6s nykymuodossaan.<\/span><span data-ccp-props=\"{&quot;335551550&quot;:6,&quot;335551620&quot;:6}\">\u00a0<\/span><\/p>\n<p><span data-contrast=\"auto\">Hallitusohjelman mukaan Merenkurkun laivaliikennett\u00e4 tuetaan EU:n p\u00e4\u00e4st\u00f6kaupan tuomien kustannusten v\u00e4hent\u00e4miseksi samalla tai saaripoikkeusta vastaavalla tavalla.<\/span> <span data-contrast=\"auto\">Se on my\u00f6nteinen uutinen Vaasan ja Uumajan v\u00e4liselle liikenteelle, sill\u00e4 tarkoituksena on, ett\u00e4 j\u00e4rjestelm\u00e4st\u00e4 muodostuu kilpailuneutraali.<\/span><span data-ccp-props=\"{&quot;335551550&quot;:6,&quot;335551620&quot;:6}\">\u00a0<\/span><\/p>\n<p><span data-contrast=\"auto\">\u2013 Ohjelmassa on runsaasti ilahduttavia kohtia meille, jotka ty\u00f6skentelemme valtiorajat ylitt\u00e4v\u00e4n yhteisty\u00f6n parissa.<\/span> <span data-contrast=\"auto\">Olemme kiitollisia taitaville poliitikoille, jotka ovat osallistuneet ty\u00f6h\u00f6n ja ymm\u00e4rt\u00e4v\u00e4t raja-alueemme tarpeita ja potentiaalia.<\/span> <span data-contrast=\"auto\">Kiitos kaikille heid\u00e4n kovasta ty\u00f6st\u00e4\u00e4n, Lindstr\u00f6m sanoo.<\/span><span data-ccp-props=\"{&quot;335551550&quot;:6,&quot;335551620&quot;:6}\">\u00a0<\/span><\/p>\n<p><span data-contrast=\"auto\">Kaiken lis\u00e4ksi pohjoismaisen yhteisty\u00f6n edist\u00e4minen mainitaan hallitusohjelmassa useita kertoja;<\/span><span data-ccp-props=\"{&quot;335551550&quot;:6,&quot;335551620&quot;:6}\">\u00a0<\/span><\/p>\n<ul>\n<li><span data-contrast=\"auto\">Hallitus pyrkii vahvistamaan ja syvent\u00e4m\u00e4\u00e4n Pohjoismaiden ja Baltian maiden yhteisty\u00f6t\u00e4.<\/span><span data-contrast=\"auto\">\u202f<\/span><\/li>\n<li><span data-contrast=\"auto\">Hallitus edist\u00e4\u00e4 Suomen maabr\u00e4ndi\u00e4 kansainv\u00e4lisill\u00e4 ty\u00f6markkinoilla yhteisty\u00f6ss\u00e4 muiden Pohjoismaiden kanssa.<\/span><\/li>\n<li><span data-contrast=\"auto\">Pyrit\u00e4\u00e4n luomaan Pohjoismaiden ja Baltian yhteinen s\u00e4hk\u00f6markkinastrategia.<\/span><\/li>\n<li><span data-contrast=\"auto\">Suomi toimii aktiivisesti osana pohjoismaista viiteryhm\u00e4\u00e4, syvent\u00e4\u00e4 pohjoismaista integraatiota ja pyrkii purkamaan maiden v\u00e4lisi\u00e4 rajaesteit\u00e4.<\/span><\/li>\n<li><span data-contrast=\"auto\">Suomen ja Norjan yhteisty\u00f6 tiivistyy nyt, kun kumpikin naapuri on Naton j\u00e4senmaa.<\/span><\/li>\n<li><span data-contrast=\"auto\">Pohjoismaista valmius-\u202fja huoltovarmuusyhteisty\u00f6t\u00e4 vahvistetaan.<\/span><span data-ccp-props=\"{&quot;335551550&quot;:6,&quot;335551620&quot;:6}\">\u00a0<\/span><\/li>\n<\/ul>\n<p><span data-contrast=\"auto\">Ty\u00f6skentelemme jo Merenkurkun alueella aktiivisesti useiden hallitusohjelmassa nimettyjen priorisointien parissa, t\u00e4m\u00e4 tuo legitimiteetti\u00e4 n\u00e4iden asioiden jatkotoimenpiteille.<\/span><\/p>\n<p><b><span data-contrast=\"auto\">Koko hallitusohjelma on luettavissa <a href=\"https:\/\/valtioneuvosto.fi\/documents\/10184\/158702198\/Neuvottelutulos+hallitusohjelmasta+16.6.2023.pdf\/2febf7a7-d5a1-6f17-df2d-95561de7a6de\/Neuvottelutulos+hallitusohjelmasta+16.6.2023.pdf?t=1686924779616%C2%A0\">T\u00c4\u00c4LT\u00c4<\/a>.<\/span><\/b><\/p>\n<p><em>Kuva: Lauri Heikkinen, Valtioneuvoston kanslia.<\/em><\/p>\n","protected":false},"excerpt":{"rendered":"<p>Suomen uusi hallitus, joka koostuu kokoomuksesta, perussuomalaisista, RKP:st\u00e4 ja kristillisdemokraateista, esitteli perjantaina kattavan hallitusohjelman. Vuosien 2023\u20132027 hallitusohjelma, nimelt\u00e4\u00e4n \u201dVahva ja v\u00e4litt\u00e4v\u00e4 Suomi\u201d, on 259\u202fsivua pitk\u00e4 ja sis\u00e4lt\u00e4\u00e4 monia my\u00f6nteisi\u00e4 kirjauksia, jotka koskevat selke\u00e4sti Merenkurkun aluetta ja pohjoismaista yhteisty\u00f6t\u00e4.<\/p>\n","protected":false},"author":6,"featured_media":17984,"comment_status":"open","ping_status":"open","sticky":false,"template":"","format":"standard","meta":{"_acf_changed":false,"_et_pb_use_builder":"","_et_pb_old_content":"","_et_gb_content_width":"","footnotes":""},"categories":[67,13],"tags":[],"amnen":[100,56,119,86],"class_list":["post-17980","post","type-post","status-publish","format-standard","has-post-thumbnail","hentry","category-lehdistotiedote","category-uncategorized-fi","amnen-eayy","amnen-infrastruktuuri","amnen-verkostot","amnen-yhteistyomuodot-fi"],"acf":[],"yoast_head":"<!-- This site is optimized with the Yoast SEO plugin v27.4 - https:\/\/yoast.com\/product\/yoast-seo-wordpress\/ -->\n<title>Hyvi\u00e4 uutisia Merenkurkun alueen yhteisty\u00f6lle \u2013 Suomen hallitusohjelma sis\u00e4lt\u00e4\u00e4 useita my\u00f6nteisi\u00e4 signaaleja Merenkurkun neuvostolle kumppaneineen - Kvarkenr\u00e5det<\/title>\n<meta name=\"robots\" content=\"index, follow, max-snippet:-1, max-image-preview:large, max-video-preview:-1\" \/>\n<link rel=\"canonical\" href=\"https:\/\/www.kvarken.org\/fi\/hyvia-uutisia-merenkurkun-alueen-yhteistyolle-suomen-hallitusohjelma-sisaltaa-useita-myonteisia-signaaleja-merenkurkun-neuvostolle-kumppaneineen\/\" \/>\n<meta property=\"og:locale\" content=\"fi_FI\" \/>\n<meta property=\"og:type\" content=\"article\" \/>\n<meta property=\"og:title\" content=\"Hyvi\u00e4 uutisia Merenkurkun alueen yhteisty\u00f6lle \u2013 Suomen hallitusohjelma sis\u00e4lt\u00e4\u00e4 useita my\u00f6nteisi\u00e4 signaaleja Merenkurkun neuvostolle kumppaneineen - Kvarkenr\u00e5det\" \/>\n<meta property=\"og:description\" content=\"Suomen uusi hallitus, joka koostuu kokoomuksesta, perussuomalaisista, RKP:st\u00e4 ja kristillisdemokraateista, esitteli perjantaina kattavan hallitusohjelman. Vuosien 2023\u20132027 hallitusohjelma, nimelt\u00e4\u00e4n \u201dVahva ja v\u00e4litt\u00e4v\u00e4 Suomi\u201d, on 259\u202fsivua pitk\u00e4 ja sis\u00e4lt\u00e4\u00e4 monia my\u00f6nteisi\u00e4 kirjauksia, jotka koskevat selke\u00e4sti Merenkurkun aluetta ja pohjoismaista yhteisty\u00f6t\u00e4.\" \/>\n<meta property=\"og:url\" content=\"https:\/\/www.kvarken.org\/fi\/hyvia-uutisia-merenkurkun-alueen-yhteistyolle-suomen-hallitusohjelma-sisaltaa-useita-myonteisia-signaaleja-merenkurkun-neuvostolle-kumppaneineen\/\" \/>\n<meta property=\"og:site_name\" content=\"Kvarkenr\u00e5det\" \/>\n<meta property=\"article:published_time\" content=\"2023-06-21T07:17:25+00:00\" \/>\n<meta property=\"article:modified_time\" content=\"2023-06-22T08:57:12+00:00\" \/>\n<meta property=\"og:image\" content=\"https:\/\/www.kvarken.org\/wp-content\/uploads\/2023\/06\/Foto-Lauri-Heikkinen-Valtioneuvoston-kanslia-1024x677.jpg\" \/>\n\t<meta property=\"og:image:width\" content=\"1024\" \/>\n\t<meta property=\"og:image:height\" content=\"677\" \/>\n\t<meta property=\"og:image:type\" content=\"image\/jpeg\" \/>\n<meta name=\"author\" content=\"Huuhka Ida-Maria\" \/>\n<meta name=\"twitter:card\" content=\"summary_large_image\" \/>\n<meta name=\"twitter:label1\" content=\"Kirjoittanut\" \/>\n\t<meta name=\"twitter:data1\" content=\"Huuhka Ida-Maria\" \/>\n\t<meta name=\"twitter:label2\" content=\"Arvioitu lukuaika\" \/>\n\t<meta name=\"twitter:data2\" content=\"2 minuuttia\" \/>\n<script type=\"application\/ld+json\" class=\"yoast-schema-graph\">{\"@context\":\"https:\\\/\\\/schema.org\",\"@graph\":[{\"@type\":\"Article\",\"@id\":\"https:\\\/\\\/www.kvarken.org\\\/fi\\\/hyvia-uutisia-merenkurkun-alueen-yhteistyolle-suomen-hallitusohjelma-sisaltaa-useita-myonteisia-signaaleja-merenkurkun-neuvostolle-kumppaneineen\\\/#article\",\"isPartOf\":{\"@id\":\"https:\\\/\\\/www.kvarken.org\\\/fi\\\/hyvia-uutisia-merenkurkun-alueen-yhteistyolle-suomen-hallitusohjelma-sisaltaa-useita-myonteisia-signaaleja-merenkurkun-neuvostolle-kumppaneineen\\\/\"},\"author\":{\"name\":\"Huuhka Ida-Maria\",\"@id\":\"https:\\\/\\\/www.kvarken.org\\\/fi\\\/#\\\/schema\\\/person\\\/0da9a52b8b8962cba7c963d7189046b5\"},\"headline\":\"Hyvi\u00e4 uutisia Merenkurkun alueen yhteisty\u00f6lle \u2013 Suomen hallitusohjelma sis\u00e4lt\u00e4\u00e4 useita my\u00f6nteisi\u00e4 signaaleja Merenkurkun neuvostolle kumppaneineen\",\"datePublished\":\"2023-06-21T07:17:25+00:00\",\"dateModified\":\"2023-06-22T08:57:12+00:00\",\"mainEntityOfPage\":{\"@id\":\"https:\\\/\\\/www.kvarken.org\\\/fi\\\/hyvia-uutisia-merenkurkun-alueen-yhteistyolle-suomen-hallitusohjelma-sisaltaa-useita-myonteisia-signaaleja-merenkurkun-neuvostolle-kumppaneineen\\\/\"},\"wordCount\":458,\"commentCount\":0,\"image\":{\"@id\":\"https:\\\/\\\/www.kvarken.org\\\/fi\\\/hyvia-uutisia-merenkurkun-alueen-yhteistyolle-suomen-hallitusohjelma-sisaltaa-useita-myonteisia-signaaleja-merenkurkun-neuvostolle-kumppaneineen\\\/#primaryimage\"},\"thumbnailUrl\":\"https:\\\/\\\/www.kvarken.org\\\/wp-content\\\/uploads\\\/2023\\\/06\\\/Foto-Lauri-Heikkinen-Valtioneuvoston-kanslia.jpg\",\"articleSection\":[\"Lehdist\u00f6tiedote\",\"Uncategorized @fi\"],\"inLanguage\":\"fi\",\"potentialAction\":[{\"@type\":\"CommentAction\",\"name\":\"Comment\",\"target\":[\"https:\\\/\\\/www.kvarken.org\\\/fi\\\/hyvia-uutisia-merenkurkun-alueen-yhteistyolle-suomen-hallitusohjelma-sisaltaa-useita-myonteisia-signaaleja-merenkurkun-neuvostolle-kumppaneineen\\\/#respond\"]}]},{\"@type\":\"WebPage\",\"@id\":\"https:\\\/\\\/www.kvarken.org\\\/fi\\\/hyvia-uutisia-merenkurkun-alueen-yhteistyolle-suomen-hallitusohjelma-sisaltaa-useita-myonteisia-signaaleja-merenkurkun-neuvostolle-kumppaneineen\\\/\",\"url\":\"https:\\\/\\\/www.kvarken.org\\\/fi\\\/hyvia-uutisia-merenkurkun-alueen-yhteistyolle-suomen-hallitusohjelma-sisaltaa-useita-myonteisia-signaaleja-merenkurkun-neuvostolle-kumppaneineen\\\/\",\"name\":\"Hyvi\u00e4 uutisia Merenkurkun alueen yhteisty\u00f6lle \u2013 Suomen hallitusohjelma sis\u00e4lt\u00e4\u00e4 useita my\u00f6nteisi\u00e4 signaaleja Merenkurkun neuvostolle kumppaneineen - Kvarkenr\u00e5det\",\"isPartOf\":{\"@id\":\"https:\\\/\\\/www.kvarken.org\\\/fi\\\/#website\"},\"primaryImageOfPage\":{\"@id\":\"https:\\\/\\\/www.kvarken.org\\\/fi\\\/hyvia-uutisia-merenkurkun-alueen-yhteistyolle-suomen-hallitusohjelma-sisaltaa-useita-myonteisia-signaaleja-merenkurkun-neuvostolle-kumppaneineen\\\/#primaryimage\"},\"image\":{\"@id\":\"https:\\\/\\\/www.kvarken.org\\\/fi\\\/hyvia-uutisia-merenkurkun-alueen-yhteistyolle-suomen-hallitusohjelma-sisaltaa-useita-myonteisia-signaaleja-merenkurkun-neuvostolle-kumppaneineen\\\/#primaryimage\"},\"thumbnailUrl\":\"https:\\\/\\\/www.kvarken.org\\\/wp-content\\\/uploads\\\/2023\\\/06\\\/Foto-Lauri-Heikkinen-Valtioneuvoston-kanslia.jpg\",\"datePublished\":\"2023-06-21T07:17:25+00:00\",\"dateModified\":\"2023-06-22T08:57:12+00:00\",\"author\":{\"@id\":\"https:\\\/\\\/www.kvarken.org\\\/fi\\\/#\\\/schema\\\/person\\\/0da9a52b8b8962cba7c963d7189046b5\"},\"breadcrumb\":{\"@id\":\"https:\\\/\\\/www.kvarken.org\\\/fi\\\/hyvia-uutisia-merenkurkun-alueen-yhteistyolle-suomen-hallitusohjelma-sisaltaa-useita-myonteisia-signaaleja-merenkurkun-neuvostolle-kumppaneineen\\\/#breadcrumb\"},\"inLanguage\":\"fi\",\"potentialAction\":[{\"@type\":\"ReadAction\",\"target\":[\"https:\\\/\\\/www.kvarken.org\\\/fi\\\/hyvia-uutisia-merenkurkun-alueen-yhteistyolle-suomen-hallitusohjelma-sisaltaa-useita-myonteisia-signaaleja-merenkurkun-neuvostolle-kumppaneineen\\\/\"]}]},{\"@type\":\"ImageObject\",\"inLanguage\":\"fi\",\"@id\":\"https:\\\/\\\/www.kvarken.org\\\/fi\\\/hyvia-uutisia-merenkurkun-alueen-yhteistyolle-suomen-hallitusohjelma-sisaltaa-useita-myonteisia-signaaleja-merenkurkun-neuvostolle-kumppaneineen\\\/#primaryimage\",\"url\":\"https:\\\/\\\/www.kvarken.org\\\/wp-content\\\/uploads\\\/2023\\\/06\\\/Foto-Lauri-Heikkinen-Valtioneuvoston-kanslia.jpg\",\"contentUrl\":\"https:\\\/\\\/www.kvarken.org\\\/wp-content\\\/uploads\\\/2023\\\/06\\\/Foto-Lauri-Heikkinen-Valtioneuvoston-kanslia.jpg\",\"width\":3500,\"height\":2314},{\"@type\":\"BreadcrumbList\",\"@id\":\"https:\\\/\\\/www.kvarken.org\\\/fi\\\/hyvia-uutisia-merenkurkun-alueen-yhteistyolle-suomen-hallitusohjelma-sisaltaa-useita-myonteisia-signaaleja-merenkurkun-neuvostolle-kumppaneineen\\\/#breadcrumb\",\"itemListElement\":[{\"@type\":\"ListItem\",\"position\":1,\"name\":\"Hem\",\"item\":\"https:\\\/\\\/www.kvarken.org\\\/fi\\\/\"},{\"@type\":\"ListItem\",\"position\":2,\"name\":\"Hyvi\u00e4 uutisia Merenkurkun alueen yhteisty\u00f6lle \u2013 Suomen hallitusohjelma sis\u00e4lt\u00e4\u00e4 useita my\u00f6nteisi\u00e4 signaaleja Merenkurkun neuvostolle kumppaneineen\"}]},{\"@type\":\"WebSite\",\"@id\":\"https:\\\/\\\/www.kvarken.org\\\/fi\\\/#website\",\"url\":\"https:\\\/\\\/www.kvarken.org\\\/fi\\\/\",\"name\":\"Kvarkenr\u00e5det\",\"description\":\"\",\"potentialAction\":[{\"@type\":\"SearchAction\",\"target\":{\"@type\":\"EntryPoint\",\"urlTemplate\":\"https:\\\/\\\/www.kvarken.org\\\/fi\\\/?s={search_term_string}\"},\"query-input\":{\"@type\":\"PropertyValueSpecification\",\"valueRequired\":true,\"valueName\":\"search_term_string\"}}],\"inLanguage\":\"fi\"},{\"@type\":\"Person\",\"@id\":\"https:\\\/\\\/www.kvarken.org\\\/fi\\\/#\\\/schema\\\/person\\\/0da9a52b8b8962cba7c963d7189046b5\",\"name\":\"Huuhka Ida-Maria\",\"image\":{\"@type\":\"ImageObject\",\"inLanguage\":\"fi\",\"@id\":\"https:\\\/\\\/secure.gravatar.com\\\/avatar\\\/8b0e50e08aa7a664dc6e2c23a82b9f95c7dc6946a41a69227e0712becda209aa?s=96&d=mm&r=g\",\"url\":\"https:\\\/\\\/secure.gravatar.com\\\/avatar\\\/8b0e50e08aa7a664dc6e2c23a82b9f95c7dc6946a41a69227e0712becda209aa?s=96&d=mm&r=g\",\"contentUrl\":\"https:\\\/\\\/secure.gravatar.com\\\/avatar\\\/8b0e50e08aa7a664dc6e2c23a82b9f95c7dc6946a41a69227e0712becda209aa?s=96&d=mm&r=g\",\"caption\":\"Huuhka Ida-Maria\"}}]}<\/script>\n<!-- \/ Yoast SEO plugin. -->","yoast_head_json":{"title":"Hyvi\u00e4 uutisia Merenkurkun alueen yhteisty\u00f6lle \u2013 Suomen hallitusohjelma sis\u00e4lt\u00e4\u00e4 useita my\u00f6nteisi\u00e4 signaaleja Merenkurkun neuvostolle kumppaneineen - Kvarkenr\u00e5det","robots":{"index":"index","follow":"follow","max-snippet":"max-snippet:-1","max-image-preview":"max-image-preview:large","max-video-preview":"max-video-preview:-1"},"canonical":"https:\/\/www.kvarken.org\/fi\/hyvia-uutisia-merenkurkun-alueen-yhteistyolle-suomen-hallitusohjelma-sisaltaa-useita-myonteisia-signaaleja-merenkurkun-neuvostolle-kumppaneineen\/","og_locale":"fi_FI","og_type":"article","og_title":"Hyvi\u00e4 uutisia Merenkurkun alueen yhteisty\u00f6lle \u2013 Suomen hallitusohjelma sis\u00e4lt\u00e4\u00e4 useita my\u00f6nteisi\u00e4 signaaleja Merenkurkun neuvostolle kumppaneineen - Kvarkenr\u00e5det","og_description":"Suomen uusi hallitus, joka koostuu kokoomuksesta, perussuomalaisista, RKP:st\u00e4 ja kristillisdemokraateista, esitteli perjantaina kattavan hallitusohjelman. Vuosien 2023\u20132027 hallitusohjelma, nimelt\u00e4\u00e4n \u201dVahva ja v\u00e4litt\u00e4v\u00e4 Suomi\u201d, on 259\u202fsivua pitk\u00e4 ja sis\u00e4lt\u00e4\u00e4 monia my\u00f6nteisi\u00e4 kirjauksia, jotka koskevat selke\u00e4sti Merenkurkun aluetta ja pohjoismaista yhteisty\u00f6t\u00e4.","og_url":"https:\/\/www.kvarken.org\/fi\/hyvia-uutisia-merenkurkun-alueen-yhteistyolle-suomen-hallitusohjelma-sisaltaa-useita-myonteisia-signaaleja-merenkurkun-neuvostolle-kumppaneineen\/","og_site_name":"Kvarkenr\u00e5det","article_published_time":"2023-06-21T07:17:25+00:00","article_modified_time":"2023-06-22T08:57:12+00:00","og_image":[{"width":1024,"height":677,"url":"https:\/\/www.kvarken.org\/wp-content\/uploads\/2023\/06\/Foto-Lauri-Heikkinen-Valtioneuvoston-kanslia-1024x677.jpg","type":"image\/jpeg"}],"author":"Huuhka Ida-Maria","twitter_card":"summary_large_image","twitter_misc":{"Kirjoittanut":"Huuhka Ida-Maria","Arvioitu lukuaika":"2 minuuttia"},"schema":{"@context":"https:\/\/schema.org","@graph":[{"@type":"Article","@id":"https:\/\/www.kvarken.org\/fi\/hyvia-uutisia-merenkurkun-alueen-yhteistyolle-suomen-hallitusohjelma-sisaltaa-useita-myonteisia-signaaleja-merenkurkun-neuvostolle-kumppaneineen\/#article","isPartOf":{"@id":"https:\/\/www.kvarken.org\/fi\/hyvia-uutisia-merenkurkun-alueen-yhteistyolle-suomen-hallitusohjelma-sisaltaa-useita-myonteisia-signaaleja-merenkurkun-neuvostolle-kumppaneineen\/"},"author":{"name":"Huuhka Ida-Maria","@id":"https:\/\/www.kvarken.org\/fi\/#\/schema\/person\/0da9a52b8b8962cba7c963d7189046b5"},"headline":"Hyvi\u00e4 uutisia Merenkurkun alueen yhteisty\u00f6lle \u2013 Suomen hallitusohjelma sis\u00e4lt\u00e4\u00e4 useita my\u00f6nteisi\u00e4 signaaleja Merenkurkun neuvostolle kumppaneineen","datePublished":"2023-06-21T07:17:25+00:00","dateModified":"2023-06-22T08:57:12+00:00","mainEntityOfPage":{"@id":"https:\/\/www.kvarken.org\/fi\/hyvia-uutisia-merenkurkun-alueen-yhteistyolle-suomen-hallitusohjelma-sisaltaa-useita-myonteisia-signaaleja-merenkurkun-neuvostolle-kumppaneineen\/"},"wordCount":458,"commentCount":0,"image":{"@id":"https:\/\/www.kvarken.org\/fi\/hyvia-uutisia-merenkurkun-alueen-yhteistyolle-suomen-hallitusohjelma-sisaltaa-useita-myonteisia-signaaleja-merenkurkun-neuvostolle-kumppaneineen\/#primaryimage"},"thumbnailUrl":"https:\/\/www.kvarken.org\/wp-content\/uploads\/2023\/06\/Foto-Lauri-Heikkinen-Valtioneuvoston-kanslia.jpg","articleSection":["Lehdist\u00f6tiedote","Uncategorized @fi"],"inLanguage":"fi","potentialAction":[{"@type":"CommentAction","name":"Comment","target":["https:\/\/www.kvarken.org\/fi\/hyvia-uutisia-merenkurkun-alueen-yhteistyolle-suomen-hallitusohjelma-sisaltaa-useita-myonteisia-signaaleja-merenkurkun-neuvostolle-kumppaneineen\/#respond"]}]},{"@type":"WebPage","@id":"https:\/\/www.kvarken.org\/fi\/hyvia-uutisia-merenkurkun-alueen-yhteistyolle-suomen-hallitusohjelma-sisaltaa-useita-myonteisia-signaaleja-merenkurkun-neuvostolle-kumppaneineen\/","url":"https:\/\/www.kvarken.org\/fi\/hyvia-uutisia-merenkurkun-alueen-yhteistyolle-suomen-hallitusohjelma-sisaltaa-useita-myonteisia-signaaleja-merenkurkun-neuvostolle-kumppaneineen\/","name":"Hyvi\u00e4 uutisia Merenkurkun alueen yhteisty\u00f6lle \u2013 Suomen hallitusohjelma sis\u00e4lt\u00e4\u00e4 useita my\u00f6nteisi\u00e4 signaaleja Merenkurkun neuvostolle kumppaneineen - Kvarkenr\u00e5det","isPartOf":{"@id":"https:\/\/www.kvarken.org\/fi\/#website"},"primaryImageOfPage":{"@id":"https:\/\/www.kvarken.org\/fi\/hyvia-uutisia-merenkurkun-alueen-yhteistyolle-suomen-hallitusohjelma-sisaltaa-useita-myonteisia-signaaleja-merenkurkun-neuvostolle-kumppaneineen\/#primaryimage"},"image":{"@id":"https:\/\/www.kvarken.org\/fi\/hyvia-uutisia-merenkurkun-alueen-yhteistyolle-suomen-hallitusohjelma-sisaltaa-useita-myonteisia-signaaleja-merenkurkun-neuvostolle-kumppaneineen\/#primaryimage"},"thumbnailUrl":"https:\/\/www.kvarken.org\/wp-content\/uploads\/2023\/06\/Foto-Lauri-Heikkinen-Valtioneuvoston-kanslia.jpg","datePublished":"2023-06-21T07:17:25+00:00","dateModified":"2023-06-22T08:57:12+00:00","author":{"@id":"https:\/\/www.kvarken.org\/fi\/#\/schema\/person\/0da9a52b8b8962cba7c963d7189046b5"},"breadcrumb":{"@id":"https:\/\/www.kvarken.org\/fi\/hyvia-uutisia-merenkurkun-alueen-yhteistyolle-suomen-hallitusohjelma-sisaltaa-useita-myonteisia-signaaleja-merenkurkun-neuvostolle-kumppaneineen\/#breadcrumb"},"inLanguage":"fi","potentialAction":[{"@type":"ReadAction","target":["https:\/\/www.kvarken.org\/fi\/hyvia-uutisia-merenkurkun-alueen-yhteistyolle-suomen-hallitusohjelma-sisaltaa-useita-myonteisia-signaaleja-merenkurkun-neuvostolle-kumppaneineen\/"]}]},{"@type":"ImageObject","inLanguage":"fi","@id":"https:\/\/www.kvarken.org\/fi\/hyvia-uutisia-merenkurkun-alueen-yhteistyolle-suomen-hallitusohjelma-sisaltaa-useita-myonteisia-signaaleja-merenkurkun-neuvostolle-kumppaneineen\/#primaryimage","url":"https:\/\/www.kvarken.org\/wp-content\/uploads\/2023\/06\/Foto-Lauri-Heikkinen-Valtioneuvoston-kanslia.jpg","contentUrl":"https:\/\/www.kvarken.org\/wp-content\/uploads\/2023\/06\/Foto-Lauri-Heikkinen-Valtioneuvoston-kanslia.jpg","width":3500,"height":2314},{"@type":"BreadcrumbList","@id":"https:\/\/www.kvarken.org\/fi\/hyvia-uutisia-merenkurkun-alueen-yhteistyolle-suomen-hallitusohjelma-sisaltaa-useita-myonteisia-signaaleja-merenkurkun-neuvostolle-kumppaneineen\/#breadcrumb","itemListElement":[{"@type":"ListItem","position":1,"name":"Hem","item":"https:\/\/www.kvarken.org\/fi\/"},{"@type":"ListItem","position":2,"name":"Hyvi\u00e4 uutisia Merenkurkun alueen yhteisty\u00f6lle \u2013 Suomen hallitusohjelma sis\u00e4lt\u00e4\u00e4 useita my\u00f6nteisi\u00e4 signaaleja Merenkurkun neuvostolle kumppaneineen"}]},{"@type":"WebSite","@id":"https:\/\/www.kvarken.org\/fi\/#website","url":"https:\/\/www.kvarken.org\/fi\/","name":"Kvarkenr\u00e5det","description":"","potentialAction":[{"@type":"SearchAction","target":{"@type":"EntryPoint","urlTemplate":"https:\/\/www.kvarken.org\/fi\/?s={search_term_string}"},"query-input":{"@type":"PropertyValueSpecification","valueRequired":true,"valueName":"search_term_string"}}],"inLanguage":"fi"},{"@type":"Person","@id":"https:\/\/www.kvarken.org\/fi\/#\/schema\/person\/0da9a52b8b8962cba7c963d7189046b5","name":"Huuhka Ida-Maria","image":{"@type":"ImageObject","inLanguage":"fi","@id":"https:\/\/secure.gravatar.com\/avatar\/8b0e50e08aa7a664dc6e2c23a82b9f95c7dc6946a41a69227e0712becda209aa?s=96&d=mm&r=g","url":"https:\/\/secure.gravatar.com\/avatar\/8b0e50e08aa7a664dc6e2c23a82b9f95c7dc6946a41a69227e0712becda209aa?s=96&d=mm&r=g","contentUrl":"https:\/\/secure.gravatar.com\/avatar\/8b0e50e08aa7a664dc6e2c23a82b9f95c7dc6946a41a69227e0712becda209aa?s=96&d=mm&r=g","caption":"Huuhka Ida-Maria"}}]}},"_links":{"self":[{"href":"https:\/\/www.kvarken.org\/fi\/wp-json\/wp\/v2\/posts\/17980","targetHints":{"allow":["GET"]}}],"collection":[{"href":"https:\/\/www.kvarken.org\/fi\/wp-json\/wp\/v2\/posts"}],"about":[{"href":"https:\/\/www.kvarken.org\/fi\/wp-json\/wp\/v2\/types\/post"}],"author":[{"embeddable":true,"href":"https:\/\/www.kvarken.org\/fi\/wp-json\/wp\/v2\/users\/6"}],"replies":[{"embeddable":true,"href":"https:\/\/www.kvarken.org\/fi\/wp-json\/wp\/v2\/comments?post=17980"}],"version-history":[{"count":5,"href":"https:\/\/www.kvarken.org\/fi\/wp-json\/wp\/v2\/posts\/17980\/revisions"}],"predecessor-version":[{"id":17997,"href":"https:\/\/www.kvarken.org\/fi\/wp-json\/wp\/v2\/posts\/17980\/revisions\/17997"}],"wp:featuredmedia":[{"embeddable":true,"href":"https:\/\/www.kvarken.org\/fi\/wp-json\/wp\/v2\/media\/17984"}],"wp:attachment":[{"href":"https:\/\/www.kvarken.org\/fi\/wp-json\/wp\/v2\/media?parent=17980"}],"wp:term":[{"taxonomy":"category","embeddable":true,"href":"https:\/\/www.kvarken.org\/fi\/wp-json\/wp\/v2\/categories?post=17980"},{"taxonomy":"post_tag","embeddable":true,"href":"https:\/\/www.kvarken.org\/fi\/wp-json\/wp\/v2\/tags?post=17980"},{"taxonomy":"amnen","embeddable":true,"href":"https:\/\/www.kvarken.org\/fi\/wp-json\/wp\/v2\/amnen?post=17980"}],"curies":[{"name":"wp","href":"https:\/\/api.w.org\/{rel}","templated":true}]}}