{"id":18262,"date":"2023-08-31T12:57:06","date_gmt":"2023-08-31T09:57:06","guid":{"rendered":"https:\/\/www.kvarken.org\/?p=18262"},"modified":"2023-12-22T01:20:30","modified_gmt":"2023-12-21T22:20:30","slug":"energiayhteistyo-ja-kestavat-kuljetukset-tarkeampia-kuin-koskaan","status":"publish","type":"post","link":"https:\/\/www.kvarken.org\/fi\/energiayhteistyo-ja-kestavat-kuljetukset-tarkeampia-kuin-koskaan\/","title":{"rendered":"Energiayhteisty\u00f6 ja kest\u00e4v\u00e4t kuljetukset t\u00e4rke\u00e4mpi\u00e4 kuin koskaan"},"content":{"rendered":"<p><span data-contrast=\"none\">Aamu alkoi moderaattori <\/span><b><span data-contrast=\"none\">Sarah V\u00e4reen<\/span><\/b><span data-contrast=\"none\"> ja Merenkurkun neuvoston johtaja <\/span><b><span data-contrast=\"none\">Mathias Lindstr\u00f6min<\/span><\/b><span data-contrast=\"none\"> lyhyill\u00e4 yhteenvedoilla edellisp\u00e4iv\u00e4n tapahtumista.<\/span> <span data-contrast=\"none\">Perjantain tilaisuuden aiheena olivat koordinointi Pohjoismaissa sek\u00e4 muut kriisivalmiuteen ja saavutettavuuteen vaikuttavat n\u00e4k\u00f6kulmat.<\/span><span data-ccp-props=\"{&quot;335551550&quot;:6,&quot;335551620&quot;:6}\">\u00a0<\/span><\/p>\n<p><span data-contrast=\"none\">P\u00e4iv\u00e4n p\u00e4\u00e4puhuja oli <\/span><b><span data-contrast=\"none\">Viktor Salenius,<\/span><\/b><span data-contrast=\"none\"> Oxfordin yliopiston Sa\u00efd Business Schoolin tohtorikoulutettava.<\/span> <span data-contrast=\"none\">H\u00e4n sanoi, ett\u00e4 valtiorajat ylitt\u00e4v\u00e4 yhteisty\u00f6 on alueella sek\u00e4 toivottavaa ett\u00e4 v\u00e4ltt\u00e4m\u00e4t\u00f6nt\u00e4 kest\u00e4v\u00e4ss\u00e4 siirtym\u00e4ss\u00e4 vihre\u00e4\u00e4n energiantuotantoon.<\/span> <span data-contrast=\"none\">Lue lis\u00e4\u00e4 Viktorin puheesta <\/span><span data-contrast=\"none\"><a href=\"https:\/\/www.kvarken.org\/fi\/vihrean-siirtyman-kohtaaminen-vaatii-yhteistyota-ja-kilpailua\/\"><strong>T\u00c4\u00c4LT\u00c4<\/strong><\/a>.<\/span><span data-ccp-props=\"{&quot;335551550&quot;:6,&quot;335551620&quot;:6}\">\u00a0<\/span><\/p>\n<p><span data-contrast=\"none\">Svenska Kraftn\u00e4tin ohjelmap\u00e4\u00e4llikk\u00f6 <\/span><b><span data-contrast=\"none\">Maria Jalvemo<\/span><\/b><span data-contrast=\"none\"> kertoi l\u00e4hes kaikkien s\u00e4hk\u00f6alan markkinaennusteiden parissa ty\u00f6skentelevien ihmisten tiedostavan, ett\u00e4 tarvitsisimme toisenkin Ruotsin puhuessamme s\u00e4hk\u00f6nkulutuksesta.<\/span><span data-ccp-props=\"{&quot;335551550&quot;:6,&quot;335551620&quot;:6}\">\u00a0<\/span><\/p>\n<p><span data-contrast=\"none\">\u2013 N\u00e4ht\u00e4viss\u00e4 on l\u00e4hes kolminkertainen s\u00e4hk\u00f6ntarve ruotsalaisteollisuuden eri aloilta, Jalvemo kertoi.<\/span><span data-ccp-props=\"{&quot;335551550&quot;:6,&quot;335551620&quot;:6}\">\u00a0<\/span><\/p>\n<p><span data-contrast=\"none\">H\u00e4n muistutti, ett\u00e4 Pohjois-Ruotsi on suuri s\u00e4hk\u00f6ntuottaja muulle Ruotsille; pohjoisesta toimitetaan paljon s\u00e4hk\u00f6\u00e4 etel\u00e4\u00e4n.<\/span><span data-ccp-props=\"{&quot;335551550&quot;:6,&quot;335551620&quot;:6}\">\u00a0<\/span><\/p>\n<p><span data-contrast=\"none\">\u2013 Tulemme kuitenkin saavuttamaan jo vuoden\u202f2027 paikkeilla k\u00e4\u00e4nt\u00f6pisteen, jossa Pohjois-Ruotsin t\u00e4ytyy alkaa k\u00e4ytt\u00e4\u00e4 tuontis\u00e4hk\u00f6\u00e4.<\/span><\/p>\n<h2><b><span data-contrast=\"none\">Bothnia Green Energy\u202f-hanke vahvistaa energia-alan yhteisty\u00f6t\u00e4<\/span><\/b><\/h2>\n<p><span data-contrast=\"none\">Bothnia Green Energyn hankejohtaja ja Regionakademien-konsulttiyrityksen toimitusjohtaja <\/span><b><span data-contrast=\"none\">Peter Hedman<\/span><\/b><span data-contrast=\"none\"> puhui energiayhteisty\u00f6n merkityksest\u00e4 ja esitteli Bothnia Green Energy\u202f-hanketta.<\/span><span data-ccp-props=\"{&quot;335551550&quot;:6,&quot;335551620&quot;:6}\">\u00a0<\/span><\/p>\n<p><span data-contrast=\"none\">Bothnia Green Energy tukee kest\u00e4vien energiaratkaisujen kehitt\u00e4mist\u00e4.<\/span> <span data-contrast=\"none\">T\u00e4ysin uutta on se, ett\u00e4 hanke tekee yhteisty\u00f6t\u00e4 rakentaakseen innovatiivisia verkostoja ja ekosysteemej\u00e4 alueen energiayhti\u00f6iden ymp\u00e4rille.<\/span><span data-ccp-props=\"{&quot;335551550&quot;:6,&quot;335551620&quot;:6}\">\u00a0<\/span><\/p>\n<p><span data-contrast=\"none\">\u2013 Energiayhteisty\u00f6 ja kest\u00e4v\u00e4t energiaratkaisut ovat t\u00e4rke\u00e4mpi\u00e4 kuin koskaan, Hedman korosti.<\/span><span data-ccp-props=\"{&quot;335551550&quot;:6,&quot;335551620&quot;:6}\">\u00a0<\/span><\/p>\n<h2><b><span data-contrast=\"none\">Alueen energiayhti\u00f6t pyrkiv\u00e4t lis\u00e4\u00e4m\u00e4\u00e4n yhteisty\u00f6t\u00e4 entisest\u00e4\u00e4n<\/span><\/b><\/h2>\n<p><span data-contrast=\"none\">Seuraavana oli vuorossa perjantain ensimm\u00e4inen paneelikeskustelu, jonka aiheena oli energiayhteisty\u00f6 Merenkurkun alueella.<\/span> <span data-contrast=\"none\">Keskusteluun osallistuivat Maria Jalvemo, Skellefte\u00e5 Kraftin tutkimus-\u202fja kehitysjohtaja <\/span><b><span data-contrast=\"none\">Ann-Christine Schmidt<\/span><\/b><span data-contrast=\"none\">, Herrforsin kehitysp\u00e4\u00e4llikk\u00f6 <\/span><b><span data-contrast=\"none\">Victor Wistbacka<\/span><\/b><span data-contrast=\"none\"> ja Kommerskollegium-kauppakollegion p\u00e4\u00e4johtaja <\/span><b><span data-contrast=\"none\">Anders Ahnlid.<\/span><\/b><span data-ccp-props=\"{&quot;335551550&quot;:6,&quot;335551620&quot;:6}\">\u00a0<\/span><\/p>\n<p><span data-contrast=\"none\">Jalvemo selitti, ett\u00e4 Svenska Kraftn\u00e4t ty\u00f6skentelee jo tiiviisti Skellefte\u00e5 Kraftin kaltaisten alueellisten toimijoiden kanssa, mutta yhteisty\u00f6t\u00e4 tarvitaan yh\u00e4 enemm\u00e4n.<\/span><span data-ccp-props=\"{&quot;335551550&quot;:6,&quot;335551620&quot;:6}\">\u00a0<\/span><\/p>\n<p><span data-contrast=\"none\">\u2013 Koska energiasta ja s\u00e4hk\u00f6st\u00e4 on tulossa niukka luonnonvara, meid\u00e4n t\u00e4ytyy uusien teknologisten ratkaisujen tarkastelussa hy\u00f6dynt\u00e4\u00e4 kaikkia energian ja s\u00e4hk\u00f6n eri muotoja ja l\u00e4hteit\u00e4 kaikkein tehokkaimmalla tavalla.<\/span> <span data-contrast=\"none\">Lis\u00e4ksi meid\u00e4n t\u00e4ytyy l\u00f6yt\u00e4\u00e4 paras tapa k\u00e4ytt\u00e4\u00e4 tarvitsemaamme energiaa, mik\u00e4 edellytt\u00e4\u00e4 tiiviimp\u00e4\u00e4 yhteisty\u00f6t\u00e4, jotta emme tuhlaa energiaa, Jalvemo selitti.<\/span><span data-ccp-props=\"{&quot;335551550&quot;:6,&quot;335551620&quot;:6}\">\u00a0<\/span><\/p>\n<p><span data-contrast=\"none\">Ann-Christine Schmidt painotti energiayhti\u00f6iden yhteisty\u00f6n merkityst\u00e4.<\/span><span data-ccp-props=\"{&quot;335551550&quot;:6,&quot;335551620&quot;:6}\">\u00a0<\/span><\/p>\n<p><span data-contrast=\"none\">\u2013 Voimme oppia toisiltamme, sek\u00e4 ihmisin\u00e4 ett\u00e4 yhti\u00f6in\u00e4.<\/span> <span data-contrast=\"none\">Meill\u00e4 on edess\u00e4mme samanlaisia haasteita.<\/span> <span data-contrast=\"none\">Mielest\u00e4ni Bothnia Green Energy\u202f-hanke on hyv\u00e4 tapa k\u00e4ynnist\u00e4\u00e4 energiayhteisty\u00f6 Merenkurkun alueella, Schmidt virkkoi.<\/span><span data-ccp-props=\"{&quot;335551550&quot;:6,&quot;335551620&quot;:6}\">\u00a0<\/span><\/p>\n<p><span data-contrast=\"none\">\u2013 Kun tuomme mielenkiintoisia ihmisi\u00e4 yhteen, saamme mielenkiintoisia ideoita, Victor Wistbacka jatkoi.<\/span><span data-ccp-props=\"{&quot;335551550&quot;:6,&quot;335551620&quot;:6}\">\u00a0<\/span><\/p>\n<p><span data-contrast=\"none\">Anders Ahnlid painotti, ett\u00e4 yhteisty\u00f6t\u00e4 tarvitaan aina.<\/span> <span data-contrast=\"none\">H\u00e4n sanoi EU:n energiamarkkinoiden kaipaavan parempaa s\u00e4\u00e4ntely\u00e4.<\/span> <span data-contrast=\"none\">Muiden energianl\u00e4hteiden kaupan toimintapuitteet muiden tuotteiden, tavaroiden ja palvelujen osalta muodostuvat ratkaiseviksi my\u00f6s energiayhti\u00f6iden kehitykselle.<\/span><span data-ccp-props=\"{&quot;335551550&quot;:6,&quot;335551620&quot;:6}\">\u00a0<\/span><\/p>\n<p><span data-contrast=\"none\">\u2013 Tulemme n\u00e4kem\u00e4\u00e4n s\u00e4hk\u00f6nkysynn\u00e4n suunnattoman kasvun.<\/span> <span data-contrast=\"none\">Tehokkaat markkinat ovat keskeinen edellytys, jotta voimme toimia yhdess\u00e4 vihre\u00e4n siirtym\u00e4n hyv\u00e4ksi. Kyseess\u00e4 on kuitenkin globaali ongelma, Ahnlid totesi.<\/span><span data-ccp-props=\"{&quot;335551550&quot;:6,&quot;335551620&quot;:6}\">\u00a0<\/span><\/p>\n<h2><b><span data-contrast=\"none\">Kest\u00e4v\u00e4t kuljetukset edist\u00e4v\u00e4t alueellista kehityst\u00e4<\/span><\/b><\/h2>\n<p><span data-contrast=\"none\">Perjantain ohjelman toinen osa koostui kest\u00e4vist\u00e4 kuljetuksista Merenkurkun alueella.<\/span> <b><span data-contrast=\"none\">Isak Br\u00e4ndstr\u00f6m, <\/span><\/b><span data-contrast=\"none\">FAIR\u202f2\u202f-hankkeen hankejohtaja ja Tyr\u00e9ns-konsulttiyrityksen infrastruktuuristrategi, piti lyhyen esityksen FAIR-hankkeen saavutuksista. Hankkeessa keskityttiin s\u00e4hk\u00f6ilmailun varhaiseen k\u00e4ytt\u00f6\u00f6nottoon.<\/span><span data-ccp-props=\"{&quot;335551550&quot;:6,&quot;335551620&quot;:6}\">\u00a0<\/span><\/p>\n<p><span data-contrast=\"none\">Br\u00e4ndstr\u00f6m my\u00f6s esitteli lyhyesti uudet hankkeet, joihin Merenkurkun neuvosto osallistuu tulevina vuosina, eli New North\u202f-hankkeen ja FAIR\u202f2 -hankkeen. J\u00e4lkimm\u00e4inen on jatkoa FAIR-hankkeelle, ja sen tavoitteena on lis\u00e4t\u00e4 ymm\u00e4rryst\u00e4 kest\u00e4v\u00e4n alueellisen lentoliikenteen kysynn\u00e4st\u00e4.<\/span> <span data-contrast=\"none\">New Northin tavoitteena on analysoida kuljetusj\u00e4rjestelmi\u00e4 Pohjoismaiden pohjoisosissa muuttuneen geopoliittisen tilanteen valossa.<\/span><span data-ccp-props=\"{&quot;335551550&quot;:6,&quot;335551620&quot;:6}\">\u00a0<\/span><\/p>\n<p><span data-contrast=\"none\">Kest\u00e4v\u00e4t kuljetukset olivat my\u00f6s perjantain toisen paneelikeskustelun aiheena.<\/span> <span data-contrast=\"none\">Keskusteluun osallistuivat VASEKin matkailualan projektip\u00e4\u00e4llikk\u00f6 <\/span><b><span data-contrast=\"none\">Peter K\u00e4llberg<\/span><\/b><span data-contrast=\"none\">, Into Sein\u00e4joen avainasiakasp\u00e4\u00e4llikk\u00f6 <\/span><b><span data-contrast=\"none\">Elisabet Kivim\u00e4ki<\/span><\/b><span data-contrast=\"none\">,\u202fSundsvallin kunnan infrastruktuuristrategi <\/span><b><span data-contrast=\"none\">Niklas Andersson<\/span><\/b><span data-contrast=\"none\"> ja Kokkola-Pietarsaaren lentoaseman toimitusjohtaja <\/span><b><span data-contrast=\"none\">Stig-G\u00f6ran Forsman.<\/span><\/b><span data-ccp-props=\"{&quot;335551550&quot;:6,&quot;335551620&quot;:6}\">\u00a0<\/span><\/p>\n<p><span data-contrast=\"none\">K\u00e4llberg uskoi s\u00e4hk\u00f6ilmailun tekev\u00e4n matkustamisesta helpompaa.<\/span><\/p>\n<p><span data-contrast=\"none\">\u2013 Uskon, ett\u00e4 lentomatkustajien m\u00e4\u00e4r\u00e4 kasvaa.<\/span> <span data-contrast=\"none\">Se helpottaa matkustustapaa ja my\u00f6s lyhent\u00e4\u00e4 matkustusaikoja.<\/span><span data-ccp-props=\"{&quot;335551550&quot;:6,&quot;335551620&quot;:6}\">\u00a0<\/span><\/p>\n<p><span data-contrast=\"none\">S\u00e4hk\u00f6ilmailusta muodostuu vain yksi osa kest\u00e4vi\u00e4 kuljetuksia.<\/span> <span data-contrast=\"none\">Markkinoilla on jo t\u00e4n\u00e4 p\u00e4iv\u00e4n\u00e4 erilaisia kest\u00e4vi\u00e4 polttoaineita.<\/span> <span data-contrast=\"none\">My\u00f6s lennokit ovat todellisuutta.<\/span><span data-ccp-props=\"{&quot;335551550&quot;:6,&quot;335551620&quot;:6}\">\u00a0<\/span><\/p>\n<p><span data-contrast=\"none\">\u2013 Lennokeilla voi tehd\u00e4 paljon.<\/span> <span data-contrast=\"none\">Lukuisat yritykset k\u00e4ytt\u00e4v\u00e4t niit\u00e4 jo monenlaisiin tarkoituksiin, esimerkiksi aurinkopaneelien nostamiseen.<\/span> <span data-contrast=\"none\">Olemme Sein\u00e4joella kiinnitt\u00e4neet paljon huomiota lennokkien logistiikkaan, Elisabet Kivim\u00e4ki selitti.<\/span><span data-ccp-props=\"{&quot;335551550&quot;:6,&quot;335551620&quot;:6}\">\u00a0<\/span><\/p>\n<p><span data-contrast=\"none\">\u2013 S\u00e4\u00e4ntely muodostunee tulevaisuudessa kaikista t\u00e4rkeimm\u00e4ksi asiaksi.<\/span> <span data-contrast=\"none\">Meid\u00e4n t\u00e4ytyy aloittaa 3D-yhdyskuntasuunnittelu, sill\u00e4 lennokkien k\u00e4ytt\u00e4m\u00e4 alailmatila muodostuu isoimmaksi ongelmaksi.<\/span> <span data-contrast=\"none\">Sit\u00e4 ei viel\u00e4 s\u00e4\u00e4ntele mik\u00e4\u00e4n, Niklas Andersson huomautti.<\/span><span data-ccp-props=\"{&quot;335551550&quot;:6,&quot;335551620&quot;:6}\">\u00a0<\/span><\/p>\n<p><span data-contrast=\"none\">Stig-G\u00f6ran Forsman esitti, ett\u00e4 kest\u00e4v\u00e4 ilmailu mahdollistaa pienten lentoasemien toiminnan jatkumisen.<\/span><span data-ccp-props=\"{&quot;335551550&quot;:6,&quot;335551620&quot;:6}\">\u00a0<\/span><\/p>\n<p><span data-contrast=\"none\">\u2013 Meill\u00e4 on pienempi\u00e4 lentokoneita eiv\u00e4tk\u00e4 kustannukset ole niin suuret.<\/span> <span data-contrast=\"none\">Voimme t\u00e4ll\u00e4 tavalla saada uusia yrityksi\u00e4 kiinnostumaan lentoasemainvestoinneista, Forsman sanoi.<\/span><span data-ccp-props=\"{&quot;335551550&quot;:6,&quot;335551620&quot;:6}\">\u00a0<\/span><\/p>\n<p><span data-contrast=\"none\">\u2013 Se antaa pienille lentoasemille toivoa, koska t\u00e4ll\u00e4 hetkell\u00e4 tiettyjen reittien liikenn\u00f6inti nykyisill\u00e4 lentokoneilla ei ole mahdollista.<\/span> <span data-contrast=\"none\">Saamme muutoksen my\u00f6t\u00e4 uusia reittej\u00e4, joita voidaan liikenn\u00f6id\u00e4 lentoasemiltamme.<\/span> <span data-contrast=\"none\">Se edist\u00e4\u00e4 alueellista kehityst\u00e4 sek\u00e4 lis\u00e4\u00e4 liiketoimintamahdollisuuksia ja matkailua.<\/span> <span data-contrast=\"none\">Meid\u00e4n n\u00e4k\u00f6kulmastamme kyse on hyvin my\u00f6nteisest\u00e4 kehityksest\u00e4, Kivim\u00e4ki jatkoi.<\/span><span data-ccp-props=\"{&quot;335551550&quot;:6,&quot;335551620&quot;:6}\">\u00a0<\/span><\/p>\n<p><span data-contrast=\"none\">Mathias Lindstr\u00f6m p\u00e4\u00e4tti tapahtuman vaatimalla kaikilta tekoja.<\/span><\/p>\n<p><span data-contrast=\"none\">\u2013 Mit\u00e4\u00e4n ei tapahdu, jos emme toimi.<\/span> <span data-contrast=\"none\">Toimiin ryhtyv\u00e4t henkil\u00f6t ovat kiinnostuneita alueen kehitt\u00e4misest\u00e4.<\/span> <span data-contrast=\"none\">Se tarkoittaa meit\u00e4 t\u00e4\u00e4ll\u00e4 t\u00e4n\u00e4\u00e4n.<\/span> <span data-contrast=\"none\">Meill\u00e4 kaikilla on vastuu ryhty\u00e4 sanoista tekoihin paremman alueen luomiseksi tulevaisuutta varten.<\/span><\/p>\n<p><span data-contrast=\"none\">Lataa Maria Jalvemon esitys <strong><a href=\"https:\/\/www.kvarken.org\/wp-content\/uploads\/2023\/08\/Maria-Jalvemo-Fossilfritt-ovre-Norrland-Kvarken-Council-Vaasa-230811.pptx\">T\u00c4\u00c4LT\u00c4<\/a><br \/>\n<\/strong><\/span><span data-contrast=\"none\">Lataa Peter Hedmanin esitys <a href=\"https:\/\/www.kvarken.org\/wp-content\/uploads\/2023\/08\/Wasa-Future-Festival.-Presentation-Peter-Hedman.pptx\"><strong>T\u00c4\u00c4LT\u00c4<\/strong><\/a><br \/>\nLataa Isak Br\u00e4ndstr\u00f6min esitys <a href=\"https:\/\/www.kvarken.org\/wp-content\/uploads\/2023\/08\/Isak-Brandstrom-FAIR2-WFF-2023.pptx\"><strong>T\u00c4\u00c4LT\u00c4<\/strong><\/a><br \/>\nKatso striimaus <a href=\"https:\/\/www.youtube.com\/watch?v=EL0xWTqwEb8\"><strong>T\u00c4\u00c4LT\u00c4<\/strong><\/a><br \/>\n<\/span><span data-contrast=\"none\">Lue muut tekstit Wasa Future Festivalista <a href=\"https:\/\/www.kvarken.org\/fi\/vihrean-siirtyman-kohtaaminen-vaatii-yhteistyota-ja-kilpailua\/\"><strong>T\u00c4\u00c4LT\u00c4<\/strong><\/a>, <a href=\"https:\/\/www.kvarken.org\/fi\/infrastruktuuri-markkinointi-ja-yhteistyo-tarpeellisia-ihmisten-houkuttelemiseksi-merenkurkun-alueelle\/\"><strong>T\u00c4\u00c4LT\u00c4<\/strong><\/a> ja <a href=\"https:\/\/www.kvarken.org\/fi\/suomen-ja-ruotsin-tulee-ajatella-pitkajanteisemmin\/\"><strong>T\u00c4\u00c4LT\u00c4<\/strong><\/a><\/span><span data-ccp-props=\"{}\"><br \/>\n<\/span><span data-contrast=\"none\">Lue lis\u00e4\u00e4 Bothnia Green Energy hankkeesta <a href=\"https:\/\/www.kvarken.org\/projekt\/bothnia-green-energy\/\"><strong>T\u00c4\u00c4LT\u00c4<\/strong><\/a><\/span><span data-ccp-props=\"{}\"><br \/>\n<\/span><span data-contrast=\"none\">Lue lis\u00e4\u00e4 FAIR hankkeesta <a href=\"https:\/\/www.kvarken.org\/projekt\/fair\/\"><strong>T\u00c4\u00c4LT\u00c4<\/strong><\/a><br \/>\n<\/span><span data-contrast=\"none\">Lue lis\u00e4\u00e4 FAIR 2- ja New North -hankkeista <a href=\"https:\/\/www.kvarken.org\/kvarkenradet-egts-med-partnerskap-fick-finansiering-for-ytterligare-tva-nya-projekt\/\"><strong>T\u00c4\u00c4LT\u00c4<\/strong><\/a><\/span><\/p>\n<p>&nbsp;<\/p>\n<p><img decoding=\"async\" class=\"alignleft wp-image-16002\" src=\"https:\/\/www.kvarken.org\/wp-content\/uploads\/2023\/01\/cropped-AURORA-RGB-Color-1.png\" alt=\"\" width=\"600\" height=\"136\" \/><\/p>\n<p>&nbsp;<\/p>\n<p>&nbsp;<\/p>\n<p>&nbsp;<\/p>\n<p>&nbsp;<\/p>\n<div id=\"attachment_18217\" style=\"width: 4618px\" class=\"wp-caption alignleft\"><img decoding=\"async\" aria-describedby=\"caption-attachment-18217\" class=\"wp-image-18217 size-full\" src=\"https:\/\/www.kvarken.org\/wp-content\/uploads\/2023\/08\/DSC_0235.jpg\" alt=\"\" width=\"4608\" height=\"3072\" srcset=\"https:\/\/www.kvarken.org\/wp-content\/uploads\/2023\/08\/DSC_0235.jpg 4608w, https:\/\/www.kvarken.org\/wp-content\/uploads\/2023\/08\/DSC_0235-1280x853.jpg 1280w, https:\/\/www.kvarken.org\/wp-content\/uploads\/2023\/08\/DSC_0235-980x653.jpg 980w, https:\/\/www.kvarken.org\/wp-content\/uploads\/2023\/08\/DSC_0235-480x320.jpg 480w\" sizes=\"(min-width: 0px) and (max-width: 480px) 480px, (min-width: 481px) and (max-width: 980px) 980px, (min-width: 981px) and (max-width: 1280px) 1280px, (min-width: 1281px) 4608px, 100vw\" \/><p id=\"caption-attachment-18217\" class=\"wp-caption-text\">Maria Jalvemo kertoi, ett\u00e4 n\u00e4ht\u00e4viss\u00e4 on l\u00e4hes kolminkertainen s\u00e4hk\u00f6ntarve ruotsalaisteollisuuden eri aloilta.<\/p><\/div>\n<div id=\"attachment_18220\" style=\"width: 3082px\" class=\"wp-caption alignleft\"><img decoding=\"async\" aria-describedby=\"caption-attachment-18220\" class=\"wp-image-18220 size-full\" src=\"https:\/\/www.kvarken.org\/wp-content\/uploads\/2023\/08\/DSC_0229.jpg\" alt=\"\" width=\"3072\" height=\"4608\" srcset=\"https:\/\/www.kvarken.org\/wp-content\/uploads\/2023\/08\/DSC_0229.jpg 3072w, https:\/\/www.kvarken.org\/wp-content\/uploads\/2023\/08\/DSC_0229-1280x1920.jpg 1280w, https:\/\/www.kvarken.org\/wp-content\/uploads\/2023\/08\/DSC_0229-980x1470.jpg 980w, https:\/\/www.kvarken.org\/wp-content\/uploads\/2023\/08\/DSC_0229-480x720.jpg 480w\" sizes=\"(min-width: 0px) and (max-width: 480px) 480px, (min-width: 481px) and (max-width: 980px) 980px, (min-width: 981px) and (max-width: 1280px) 1280px, (min-width: 1281px) 3072px, 100vw\" \/><p id=\"caption-attachment-18220\" class=\"wp-caption-text\">Anders Ahnlid kertoi, ett\u00e4 tehokkaat markkinat ovat keskeinen edellytys s\u00e4hk\u00f6nkysynn\u00e4n suunnattoman kasvun vuoksi.<\/p><\/div>\n<div id=\"attachment_18223\" style=\"width: 4352px\" class=\"wp-caption alignleft\"><img decoding=\"async\" aria-describedby=\"caption-attachment-18223\" class=\"wp-image-18223 size-full\" src=\"https:\/\/www.kvarken.org\/wp-content\/uploads\/2023\/08\/DSC_0220.jpg\" alt=\"\" width=\"4342\" height=\"2895\" srcset=\"https:\/\/www.kvarken.org\/wp-content\/uploads\/2023\/08\/DSC_0220.jpg 4342w, https:\/\/www.kvarken.org\/wp-content\/uploads\/2023\/08\/DSC_0220-1280x853.jpg 1280w, https:\/\/www.kvarken.org\/wp-content\/uploads\/2023\/08\/DSC_0220-980x653.jpg 980w, https:\/\/www.kvarken.org\/wp-content\/uploads\/2023\/08\/DSC_0220-480x320.jpg 480w\" sizes=\"(min-width: 0px) and (max-width: 480px) 480px, (min-width: 481px) and (max-width: 980px) 980px, (min-width: 981px) and (max-width: 1280px) 1280px, (min-width: 1281px) 4342px, 100vw\" \/><p id=\"caption-attachment-18223\" class=\"wp-caption-text\">Peter Hedman kertoi Bothnia Green Energy -hankkeesta Wasa Future Festivalilla.<\/p><\/div>\n<div id=\"attachment_18214\" style=\"width: 3973px\" class=\"wp-caption alignleft\"><img decoding=\"async\" aria-describedby=\"caption-attachment-18214\" class=\"wp-image-18214 size-full\" src=\"https:\/\/www.kvarken.org\/wp-content\/uploads\/2023\/08\/DSC_0250.jpg\" alt=\"\" width=\"3963\" height=\"2639\" srcset=\"https:\/\/www.kvarken.org\/wp-content\/uploads\/2023\/08\/DSC_0250.jpg 3963w, https:\/\/www.kvarken.org\/wp-content\/uploads\/2023\/08\/DSC_0250-1280x852.jpg 1280w, https:\/\/www.kvarken.org\/wp-content\/uploads\/2023\/08\/DSC_0250-980x653.jpg 980w, https:\/\/www.kvarken.org\/wp-content\/uploads\/2023\/08\/DSC_0250-480x320.jpg 480w\" sizes=\"(min-width: 0px) and (max-width: 480px) 480px, (min-width: 481px) and (max-width: 980px) 980px, (min-width: 981px) and (max-width: 1280px) 1280px, (min-width: 1281px) 3963px, 100vw\" \/><p id=\"caption-attachment-18214\" class=\"wp-caption-text\">Isak Br\u00e4ndstr\u00f6m Piti esitelm\u00e4n uusista hankkeista, nimelt\u00e4 FAIR 2 ja New North.<\/p><\/div>\n<div id=\"attachment_18208\" style=\"width: 4241px\" class=\"wp-caption alignleft\"><img decoding=\"async\" aria-describedby=\"caption-attachment-18208\" class=\"wp-image-18208 size-full\" src=\"https:\/\/www.kvarken.org\/wp-content\/uploads\/2023\/08\/DSC_0268.jpg\" alt=\"\" width=\"4231\" height=\"2821\" srcset=\"https:\/\/www.kvarken.org\/wp-content\/uploads\/2023\/08\/DSC_0268.jpg 4231w, https:\/\/www.kvarken.org\/wp-content\/uploads\/2023\/08\/DSC_0268-1280x853.jpg 1280w, https:\/\/www.kvarken.org\/wp-content\/uploads\/2023\/08\/DSC_0268-980x653.jpg 980w, https:\/\/www.kvarken.org\/wp-content\/uploads\/2023\/08\/DSC_0268-480x320.jpg 480w\" sizes=\"(min-width: 0px) and (max-width: 480px) 480px, (min-width: 481px) and (max-width: 980px) 980px, (min-width: 981px) and (max-width: 1280px) 1280px, (min-width: 1281px) 4231px, 100vw\" \/><p id=\"caption-attachment-18208\" class=\"wp-caption-text\">Peter K\u00e4llberg uskoi, ett\u00e4 s\u00e4hk\u00f6lent\u00e4minen tekee matkustamisesta helpompaa tulevaisuudessa.<\/p><\/div>\n<p>&nbsp;<\/p>\n","protected":false},"excerpt":{"rendered":"<p>Merenkurkun neuvoston tapahtumapaketin toinen osa Wasa Future Festivalilla k\u00e4ynnistyi perjantaina 11.\u202felokuuta. Tilaisuuden aiheet koostuivat energiayhteisty\u00f6st\u00e4 ja kest\u00e4vist\u00e4 kuljetuksista Merenkurkun alueella.<\/p>\n","protected":false},"author":6,"featured_media":18228,"comment_status":"open","ping_status":"open","sticky":false,"template":"","format":"standard","meta":{"_acf_changed":false,"_et_pb_use_builder":"","_et_pb_old_content":"","_et_gb_content_width":"","footnotes":""},"categories":[13],"tags":[],"amnen":[56,34,65],"class_list":["post-18262","post","type-post","status-publish","format-standard","has-post-thumbnail","hentry","category-uncategorized-fi","amnen-infrastruktuuri","amnen-liiketoiminta","amnen-ymparisto"],"acf":[],"yoast_head":"<!-- This site is optimized with the Yoast SEO plugin v27.4 - https:\/\/yoast.com\/product\/yoast-seo-wordpress\/ -->\n<title>Energiayhteisty\u00f6 ja kest\u00e4v\u00e4t kuljetukset t\u00e4rke\u00e4mpi\u00e4 kuin koskaan - Kvarkenr\u00e5det<\/title>\n<meta name=\"robots\" content=\"index, follow, max-snippet:-1, max-image-preview:large, max-video-preview:-1\" \/>\n<link rel=\"canonical\" href=\"https:\/\/www.kvarken.org\/fi\/energiayhteistyo-ja-kestavat-kuljetukset-tarkeampia-kuin-koskaan\/\" \/>\n<meta property=\"og:locale\" content=\"fi_FI\" \/>\n<meta property=\"og:type\" content=\"article\" \/>\n<meta property=\"og:title\" content=\"Energiayhteisty\u00f6 ja kest\u00e4v\u00e4t kuljetukset t\u00e4rke\u00e4mpi\u00e4 kuin koskaan - Kvarkenr\u00e5det\" \/>\n<meta property=\"og:description\" content=\"Merenkurkun neuvoston tapahtumapaketin toinen osa Wasa Future Festivalilla k\u00e4ynnistyi perjantaina 11.\u202felokuuta. Tilaisuuden aiheet koostuivat energiayhteisty\u00f6st\u00e4 ja kest\u00e4vist\u00e4 kuljetuksista Merenkurkun alueella.\" \/>\n<meta property=\"og:url\" content=\"https:\/\/www.kvarken.org\/fi\/energiayhteistyo-ja-kestavat-kuljetukset-tarkeampia-kuin-koskaan\/\" \/>\n<meta property=\"og:site_name\" content=\"Kvarkenr\u00e5det\" \/>\n<meta property=\"article:published_time\" content=\"2023-08-31T09:57:06+00:00\" \/>\n<meta property=\"article:modified_time\" content=\"2023-12-21T22:20:30+00:00\" \/>\n<meta property=\"og:image\" content=\"https:\/\/www.kvarken.org\/wp-content\/uploads\/2023\/08\/IMG_2158-1024x683.jpg\" \/>\n\t<meta property=\"og:image:width\" content=\"1024\" \/>\n\t<meta property=\"og:image:height\" content=\"683\" \/>\n\t<meta property=\"og:image:type\" content=\"image\/jpeg\" \/>\n<meta name=\"author\" content=\"Huuhka Ida-Maria\" \/>\n<meta name=\"twitter:card\" content=\"summary_large_image\" \/>\n<meta name=\"twitter:label1\" content=\"Kirjoittanut\" \/>\n\t<meta name=\"twitter:data1\" content=\"Huuhka Ida-Maria\" \/>\n\t<meta name=\"twitter:label2\" content=\"Arvioitu lukuaika\" \/>\n\t<meta name=\"twitter:data2\" content=\"6 minuuttia\" \/>\n<script type=\"application\/ld+json\" class=\"yoast-schema-graph\">{\"@context\":\"https:\\\/\\\/schema.org\",\"@graph\":[{\"@type\":\"Article\",\"@id\":\"https:\\\/\\\/www.kvarken.org\\\/fi\\\/energiayhteistyo-ja-kestavat-kuljetukset-tarkeampia-kuin-koskaan\\\/#article\",\"isPartOf\":{\"@id\":\"https:\\\/\\\/www.kvarken.org\\\/fi\\\/energiayhteistyo-ja-kestavat-kuljetukset-tarkeampia-kuin-koskaan\\\/\"},\"author\":{\"name\":\"Huuhka Ida-Maria\",\"@id\":\"https:\\\/\\\/www.kvarken.org\\\/fi\\\/#\\\/schema\\\/person\\\/0da9a52b8b8962cba7c963d7189046b5\"},\"headline\":\"Energiayhteisty\u00f6 ja kest\u00e4v\u00e4t kuljetukset t\u00e4rke\u00e4mpi\u00e4 kuin koskaan\",\"datePublished\":\"2023-08-31T09:57:06+00:00\",\"dateModified\":\"2023-12-21T22:20:30+00:00\",\"mainEntityOfPage\":{\"@id\":\"https:\\\/\\\/www.kvarken.org\\\/fi\\\/energiayhteistyo-ja-kestavat-kuljetukset-tarkeampia-kuin-koskaan\\\/\"},\"wordCount\":1047,\"commentCount\":0,\"image\":{\"@id\":\"https:\\\/\\\/www.kvarken.org\\\/fi\\\/energiayhteistyo-ja-kestavat-kuljetukset-tarkeampia-kuin-koskaan\\\/#primaryimage\"},\"thumbnailUrl\":\"https:\\\/\\\/www.kvarken.org\\\/wp-content\\\/uploads\\\/2023\\\/08\\\/IMG_2158.jpg\",\"articleSection\":[\"Uncategorized @fi\"],\"inLanguage\":\"fi\",\"potentialAction\":[{\"@type\":\"CommentAction\",\"name\":\"Comment\",\"target\":[\"https:\\\/\\\/www.kvarken.org\\\/fi\\\/energiayhteistyo-ja-kestavat-kuljetukset-tarkeampia-kuin-koskaan\\\/#respond\"]}]},{\"@type\":\"WebPage\",\"@id\":\"https:\\\/\\\/www.kvarken.org\\\/fi\\\/energiayhteistyo-ja-kestavat-kuljetukset-tarkeampia-kuin-koskaan\\\/\",\"url\":\"https:\\\/\\\/www.kvarken.org\\\/fi\\\/energiayhteistyo-ja-kestavat-kuljetukset-tarkeampia-kuin-koskaan\\\/\",\"name\":\"Energiayhteisty\u00f6 ja kest\u00e4v\u00e4t kuljetukset t\u00e4rke\u00e4mpi\u00e4 kuin koskaan - Kvarkenr\u00e5det\",\"isPartOf\":{\"@id\":\"https:\\\/\\\/www.kvarken.org\\\/fi\\\/#website\"},\"primaryImageOfPage\":{\"@id\":\"https:\\\/\\\/www.kvarken.org\\\/fi\\\/energiayhteistyo-ja-kestavat-kuljetukset-tarkeampia-kuin-koskaan\\\/#primaryimage\"},\"image\":{\"@id\":\"https:\\\/\\\/www.kvarken.org\\\/fi\\\/energiayhteistyo-ja-kestavat-kuljetukset-tarkeampia-kuin-koskaan\\\/#primaryimage\"},\"thumbnailUrl\":\"https:\\\/\\\/www.kvarken.org\\\/wp-content\\\/uploads\\\/2023\\\/08\\\/IMG_2158.jpg\",\"datePublished\":\"2023-08-31T09:57:06+00:00\",\"dateModified\":\"2023-12-21T22:20:30+00:00\",\"author\":{\"@id\":\"https:\\\/\\\/www.kvarken.org\\\/fi\\\/#\\\/schema\\\/person\\\/0da9a52b8b8962cba7c963d7189046b5\"},\"breadcrumb\":{\"@id\":\"https:\\\/\\\/www.kvarken.org\\\/fi\\\/energiayhteistyo-ja-kestavat-kuljetukset-tarkeampia-kuin-koskaan\\\/#breadcrumb\"},\"inLanguage\":\"fi\",\"potentialAction\":[{\"@type\":\"ReadAction\",\"target\":[\"https:\\\/\\\/www.kvarken.org\\\/fi\\\/energiayhteistyo-ja-kestavat-kuljetukset-tarkeampia-kuin-koskaan\\\/\"]}]},{\"@type\":\"ImageObject\",\"inLanguage\":\"fi\",\"@id\":\"https:\\\/\\\/www.kvarken.org\\\/fi\\\/energiayhteistyo-ja-kestavat-kuljetukset-tarkeampia-kuin-koskaan\\\/#primaryimage\",\"url\":\"https:\\\/\\\/www.kvarken.org\\\/wp-content\\\/uploads\\\/2023\\\/08\\\/IMG_2158.jpg\",\"contentUrl\":\"https:\\\/\\\/www.kvarken.org\\\/wp-content\\\/uploads\\\/2023\\\/08\\\/IMG_2158.jpg\",\"width\":4868,\"height\":3245},{\"@type\":\"BreadcrumbList\",\"@id\":\"https:\\\/\\\/www.kvarken.org\\\/fi\\\/energiayhteistyo-ja-kestavat-kuljetukset-tarkeampia-kuin-koskaan\\\/#breadcrumb\",\"itemListElement\":[{\"@type\":\"ListItem\",\"position\":1,\"name\":\"Hem\",\"item\":\"https:\\\/\\\/www.kvarken.org\\\/fi\\\/\"},{\"@type\":\"ListItem\",\"position\":2,\"name\":\"Energiayhteisty\u00f6 ja kest\u00e4v\u00e4t kuljetukset t\u00e4rke\u00e4mpi\u00e4 kuin koskaan\"}]},{\"@type\":\"WebSite\",\"@id\":\"https:\\\/\\\/www.kvarken.org\\\/fi\\\/#website\",\"url\":\"https:\\\/\\\/www.kvarken.org\\\/fi\\\/\",\"name\":\"Kvarkenr\u00e5det\",\"description\":\"\",\"potentialAction\":[{\"@type\":\"SearchAction\",\"target\":{\"@type\":\"EntryPoint\",\"urlTemplate\":\"https:\\\/\\\/www.kvarken.org\\\/fi\\\/?s={search_term_string}\"},\"query-input\":{\"@type\":\"PropertyValueSpecification\",\"valueRequired\":true,\"valueName\":\"search_term_string\"}}],\"inLanguage\":\"fi\"},{\"@type\":\"Person\",\"@id\":\"https:\\\/\\\/www.kvarken.org\\\/fi\\\/#\\\/schema\\\/person\\\/0da9a52b8b8962cba7c963d7189046b5\",\"name\":\"Huuhka Ida-Maria\",\"image\":{\"@type\":\"ImageObject\",\"inLanguage\":\"fi\",\"@id\":\"https:\\\/\\\/secure.gravatar.com\\\/avatar\\\/8b0e50e08aa7a664dc6e2c23a82b9f95c7dc6946a41a69227e0712becda209aa?s=96&d=mm&r=g\",\"url\":\"https:\\\/\\\/secure.gravatar.com\\\/avatar\\\/8b0e50e08aa7a664dc6e2c23a82b9f95c7dc6946a41a69227e0712becda209aa?s=96&d=mm&r=g\",\"contentUrl\":\"https:\\\/\\\/secure.gravatar.com\\\/avatar\\\/8b0e50e08aa7a664dc6e2c23a82b9f95c7dc6946a41a69227e0712becda209aa?s=96&d=mm&r=g\",\"caption\":\"Huuhka Ida-Maria\"}}]}<\/script>\n<!-- \/ Yoast SEO plugin. -->","yoast_head_json":{"title":"Energiayhteisty\u00f6 ja kest\u00e4v\u00e4t kuljetukset t\u00e4rke\u00e4mpi\u00e4 kuin koskaan - Kvarkenr\u00e5det","robots":{"index":"index","follow":"follow","max-snippet":"max-snippet:-1","max-image-preview":"max-image-preview:large","max-video-preview":"max-video-preview:-1"},"canonical":"https:\/\/www.kvarken.org\/fi\/energiayhteistyo-ja-kestavat-kuljetukset-tarkeampia-kuin-koskaan\/","og_locale":"fi_FI","og_type":"article","og_title":"Energiayhteisty\u00f6 ja kest\u00e4v\u00e4t kuljetukset t\u00e4rke\u00e4mpi\u00e4 kuin koskaan - Kvarkenr\u00e5det","og_description":"Merenkurkun neuvoston tapahtumapaketin toinen osa Wasa Future Festivalilla k\u00e4ynnistyi perjantaina 11.\u202felokuuta. Tilaisuuden aiheet koostuivat energiayhteisty\u00f6st\u00e4 ja kest\u00e4vist\u00e4 kuljetuksista Merenkurkun alueella.","og_url":"https:\/\/www.kvarken.org\/fi\/energiayhteistyo-ja-kestavat-kuljetukset-tarkeampia-kuin-koskaan\/","og_site_name":"Kvarkenr\u00e5det","article_published_time":"2023-08-31T09:57:06+00:00","article_modified_time":"2023-12-21T22:20:30+00:00","og_image":[{"width":1024,"height":683,"url":"https:\/\/www.kvarken.org\/wp-content\/uploads\/2023\/08\/IMG_2158-1024x683.jpg","type":"image\/jpeg"}],"author":"Huuhka Ida-Maria","twitter_card":"summary_large_image","twitter_misc":{"Kirjoittanut":"Huuhka Ida-Maria","Arvioitu lukuaika":"6 minuuttia"},"schema":{"@context":"https:\/\/schema.org","@graph":[{"@type":"Article","@id":"https:\/\/www.kvarken.org\/fi\/energiayhteistyo-ja-kestavat-kuljetukset-tarkeampia-kuin-koskaan\/#article","isPartOf":{"@id":"https:\/\/www.kvarken.org\/fi\/energiayhteistyo-ja-kestavat-kuljetukset-tarkeampia-kuin-koskaan\/"},"author":{"name":"Huuhka Ida-Maria","@id":"https:\/\/www.kvarken.org\/fi\/#\/schema\/person\/0da9a52b8b8962cba7c963d7189046b5"},"headline":"Energiayhteisty\u00f6 ja kest\u00e4v\u00e4t kuljetukset t\u00e4rke\u00e4mpi\u00e4 kuin koskaan","datePublished":"2023-08-31T09:57:06+00:00","dateModified":"2023-12-21T22:20:30+00:00","mainEntityOfPage":{"@id":"https:\/\/www.kvarken.org\/fi\/energiayhteistyo-ja-kestavat-kuljetukset-tarkeampia-kuin-koskaan\/"},"wordCount":1047,"commentCount":0,"image":{"@id":"https:\/\/www.kvarken.org\/fi\/energiayhteistyo-ja-kestavat-kuljetukset-tarkeampia-kuin-koskaan\/#primaryimage"},"thumbnailUrl":"https:\/\/www.kvarken.org\/wp-content\/uploads\/2023\/08\/IMG_2158.jpg","articleSection":["Uncategorized @fi"],"inLanguage":"fi","potentialAction":[{"@type":"CommentAction","name":"Comment","target":["https:\/\/www.kvarken.org\/fi\/energiayhteistyo-ja-kestavat-kuljetukset-tarkeampia-kuin-koskaan\/#respond"]}]},{"@type":"WebPage","@id":"https:\/\/www.kvarken.org\/fi\/energiayhteistyo-ja-kestavat-kuljetukset-tarkeampia-kuin-koskaan\/","url":"https:\/\/www.kvarken.org\/fi\/energiayhteistyo-ja-kestavat-kuljetukset-tarkeampia-kuin-koskaan\/","name":"Energiayhteisty\u00f6 ja kest\u00e4v\u00e4t kuljetukset t\u00e4rke\u00e4mpi\u00e4 kuin koskaan - Kvarkenr\u00e5det","isPartOf":{"@id":"https:\/\/www.kvarken.org\/fi\/#website"},"primaryImageOfPage":{"@id":"https:\/\/www.kvarken.org\/fi\/energiayhteistyo-ja-kestavat-kuljetukset-tarkeampia-kuin-koskaan\/#primaryimage"},"image":{"@id":"https:\/\/www.kvarken.org\/fi\/energiayhteistyo-ja-kestavat-kuljetukset-tarkeampia-kuin-koskaan\/#primaryimage"},"thumbnailUrl":"https:\/\/www.kvarken.org\/wp-content\/uploads\/2023\/08\/IMG_2158.jpg","datePublished":"2023-08-31T09:57:06+00:00","dateModified":"2023-12-21T22:20:30+00:00","author":{"@id":"https:\/\/www.kvarken.org\/fi\/#\/schema\/person\/0da9a52b8b8962cba7c963d7189046b5"},"breadcrumb":{"@id":"https:\/\/www.kvarken.org\/fi\/energiayhteistyo-ja-kestavat-kuljetukset-tarkeampia-kuin-koskaan\/#breadcrumb"},"inLanguage":"fi","potentialAction":[{"@type":"ReadAction","target":["https:\/\/www.kvarken.org\/fi\/energiayhteistyo-ja-kestavat-kuljetukset-tarkeampia-kuin-koskaan\/"]}]},{"@type":"ImageObject","inLanguage":"fi","@id":"https:\/\/www.kvarken.org\/fi\/energiayhteistyo-ja-kestavat-kuljetukset-tarkeampia-kuin-koskaan\/#primaryimage","url":"https:\/\/www.kvarken.org\/wp-content\/uploads\/2023\/08\/IMG_2158.jpg","contentUrl":"https:\/\/www.kvarken.org\/wp-content\/uploads\/2023\/08\/IMG_2158.jpg","width":4868,"height":3245},{"@type":"BreadcrumbList","@id":"https:\/\/www.kvarken.org\/fi\/energiayhteistyo-ja-kestavat-kuljetukset-tarkeampia-kuin-koskaan\/#breadcrumb","itemListElement":[{"@type":"ListItem","position":1,"name":"Hem","item":"https:\/\/www.kvarken.org\/fi\/"},{"@type":"ListItem","position":2,"name":"Energiayhteisty\u00f6 ja kest\u00e4v\u00e4t kuljetukset t\u00e4rke\u00e4mpi\u00e4 kuin koskaan"}]},{"@type":"WebSite","@id":"https:\/\/www.kvarken.org\/fi\/#website","url":"https:\/\/www.kvarken.org\/fi\/","name":"Kvarkenr\u00e5det","description":"","potentialAction":[{"@type":"SearchAction","target":{"@type":"EntryPoint","urlTemplate":"https:\/\/www.kvarken.org\/fi\/?s={search_term_string}"},"query-input":{"@type":"PropertyValueSpecification","valueRequired":true,"valueName":"search_term_string"}}],"inLanguage":"fi"},{"@type":"Person","@id":"https:\/\/www.kvarken.org\/fi\/#\/schema\/person\/0da9a52b8b8962cba7c963d7189046b5","name":"Huuhka Ida-Maria","image":{"@type":"ImageObject","inLanguage":"fi","@id":"https:\/\/secure.gravatar.com\/avatar\/8b0e50e08aa7a664dc6e2c23a82b9f95c7dc6946a41a69227e0712becda209aa?s=96&d=mm&r=g","url":"https:\/\/secure.gravatar.com\/avatar\/8b0e50e08aa7a664dc6e2c23a82b9f95c7dc6946a41a69227e0712becda209aa?s=96&d=mm&r=g","contentUrl":"https:\/\/secure.gravatar.com\/avatar\/8b0e50e08aa7a664dc6e2c23a82b9f95c7dc6946a41a69227e0712becda209aa?s=96&d=mm&r=g","caption":"Huuhka Ida-Maria"}}]}},"_links":{"self":[{"href":"https:\/\/www.kvarken.org\/fi\/wp-json\/wp\/v2\/posts\/18262","targetHints":{"allow":["GET"]}}],"collection":[{"href":"https:\/\/www.kvarken.org\/fi\/wp-json\/wp\/v2\/posts"}],"about":[{"href":"https:\/\/www.kvarken.org\/fi\/wp-json\/wp\/v2\/types\/post"}],"author":[{"embeddable":true,"href":"https:\/\/www.kvarken.org\/fi\/wp-json\/wp\/v2\/users\/6"}],"replies":[{"embeddable":true,"href":"https:\/\/www.kvarken.org\/fi\/wp-json\/wp\/v2\/comments?post=18262"}],"version-history":[{"count":5,"href":"https:\/\/www.kvarken.org\/fi\/wp-json\/wp\/v2\/posts\/18262\/revisions"}],"predecessor-version":[{"id":19475,"href":"https:\/\/www.kvarken.org\/fi\/wp-json\/wp\/v2\/posts\/18262\/revisions\/19475"}],"wp:featuredmedia":[{"embeddable":true,"href":"https:\/\/www.kvarken.org\/fi\/wp-json\/wp\/v2\/media\/18228"}],"wp:attachment":[{"href":"https:\/\/www.kvarken.org\/fi\/wp-json\/wp\/v2\/media?parent=18262"}],"wp:term":[{"taxonomy":"category","embeddable":true,"href":"https:\/\/www.kvarken.org\/fi\/wp-json\/wp\/v2\/categories?post=18262"},{"taxonomy":"post_tag","embeddable":true,"href":"https:\/\/www.kvarken.org\/fi\/wp-json\/wp\/v2\/tags?post=18262"},{"taxonomy":"amnen","embeddable":true,"href":"https:\/\/www.kvarken.org\/fi\/wp-json\/wp\/v2\/amnen?post=18262"}],"curies":[{"name":"wp","href":"https:\/\/api.w.org\/{rel}","templated":true}]}}