{"id":18266,"date":"2023-08-31T11:15:06","date_gmt":"2023-08-31T08:15:06","guid":{"rendered":"https:\/\/www.kvarken.org\/?p=18266"},"modified":"2023-12-22T01:22:27","modified_gmt":"2023-12-21T22:22:27","slug":"vihrean-siirtyman-kohtaaminen-vaatii-yhteistyota-ja-kilpailua","status":"publish","type":"post","link":"https:\/\/www.kvarken.org\/fi\/vihrean-siirtyman-kohtaaminen-vaatii-yhteistyota-ja-kilpailua\/","title":{"rendered":"Vihre\u00e4n siirtym\u00e4n kohtaaminen vaatii yhteisty\u00f6t\u00e4 ja kilpailua"},"content":{"rendered":"<p><b><span data-contrast=\"none\">Viktor Salenius,<\/span><\/b><span data-contrast=\"none\"> Oxfordin yliopiston<\/span> <span data-contrast=\"none\">Sa\u00efd Business Schoolin tohtorikoulutettava, kuvaili Merenkurkun alueen rajat ylitt\u00e4v\u00e4\u00e4 yhteisty\u00f6t\u00e4 sek\u00e4 toivottavaksi, luonnolliseksi ett\u00e4 v\u00e4ltt\u00e4m\u00e4tt\u00f6m\u00e4ksi kest\u00e4v\u00e4ss\u00e4 siirtym\u00e4ss\u00e4 vihre\u00e4\u00e4n energiantuotantoon.<\/span><span data-ccp-props=\"{&quot;335551550&quot;:6,&quot;335551620&quot;:6}\">\u00a0<\/span><\/p>\n<p><span data-contrast=\"none\">\u2013 Rajat ylitt\u00e4v\u00e4 yhteisty\u00f6 on hieno asia vihre\u00e4lle siirtym\u00e4lle, mutta my\u00f6s aivan v\u00e4ltt\u00e4m\u00e4t\u00f6n.<\/span> <span data-contrast=\"none\">Olemme pulassa, jos Merenkurkun ylitse ja muualla Pohjoismaissa ei rakenneta yhteistoimintaa.<\/span><span data-ccp-props=\"{&quot;335551550&quot;:6,&quot;335551620&quot;:6}\">\u00a0<\/span><\/p>\n<p><span data-contrast=\"none\">Saleniuksen mukaan energiasiirtym\u00e4 ja ilmastokriisi muuttavat taloudelliset yhteisty\u00f6muodot v\u00e4ltt\u00e4m\u00e4tt\u00f6miksi.<\/span> <span data-contrast=\"none\">H\u00e4n my\u00f6s kertoi Merenkurkun alueen olevan hyvin onnekas, koska alueella on pitk\u00e4\u00e4n vallinnut yhteisty\u00f6n perinne ja kulttuuri, joka on ainutlaatuinen sek\u00e4 Pohjoismaissa, Euroopassa ett\u00e4 muualla maailmassa.<\/span><span data-ccp-props=\"{&quot;335551550&quot;:6,&quot;335551620&quot;:6}\">\u00a0<\/span><\/p>\n<p><span data-contrast=\"none\">\u2013 T\u00e4m\u00e4 alue tarvitsee yhteiskilpailua (<\/span><i><span data-contrast=\"none\">co-opetition<\/span><\/i><span data-contrast=\"none\">), mik\u00e4 tarkoittaa samanaikaista yhteisty\u00f6t\u00e4 ja kilpailua.<\/span> <span data-contrast=\"none\">Se on sek\u00e4 hauskaa toimintaa ett\u00e4 ainoa asia, mink\u00e4 voimme tehd\u00e4.<\/span><span data-contrast=\"none\"> E<\/span><span data-contrast=\"none\">nergiasiirtym\u00e4t tapahtuvat joka tapauksessa noin kymmeness\u00e4 vuodessa, mutta me voimme yht\u00e4 hyvin aloittaa jo nyt.<\/span><span data-ccp-props=\"{&quot;335551550&quot;:6,&quot;335551620&quot;:6}\">\u00a0<\/span><\/p>\n<p><b><span data-contrast=\"none\">Piilaakson konsepti ei anna vastauksia vihre\u00e4\u00e4n siirtym\u00e4\u00e4n<\/span><\/b><span data-ccp-props=\"{&quot;335551550&quot;:6,&quot;335551620&quot;:6}\">\u00a0<\/span><\/p>\n<p><span data-contrast=\"none\">Salenius kertoo Piilaakson olevan uskomattoman menestynyt ja uraauurtava innovaatioalue, mutta samalla se on rakennettu vihre\u00e4\u00e4 siirtym\u00e4\u00e4 edelt\u00e4v\u00e4\u00e4 mennytt\u00e4 aikaa varten.<\/span><span data-contrast=\"none\">\u00a0<\/span><span data-ccp-props=\"{&quot;335551550&quot;:6,&quot;335551620&quot;:6}\">\u00a0<\/span><\/p>\n<p><span data-contrast=\"none\">\u2013 Vihre\u00e4 siirtym\u00e4 ei ole kuin digitaalinen siirtym\u00e4, vaikka ne ovatkin yhteydess\u00e4 toisiinsa.<\/span> <span data-contrast=\"none\">Emme voi en\u00e4\u00e4 soveltaa vanhoja malleja, joita olemme oppineet digitalisaatiosta, digitaalisesta siirtym\u00e4st\u00e4 ja siihen liittyvist\u00e4 innovaatioista.<\/span> <span data-contrast=\"none\">Tarvitsemme nyt t\u00e4ysin erilaista taloudellista mallia.<\/span><span data-ccp-props=\"{&quot;335551550&quot;:6,&quot;335551620&quot;:6}\">\u00a0<\/span><\/p>\n<p><span data-contrast=\"none\">Saleniuksen mukaan Piilaaksolla on rooli vihre\u00e4ss\u00e4 siirtym\u00e4ss\u00e4, mutta meid\u00e4n ei tule etsi\u00e4 sielt\u00e4 vastauksia omien malliemme rakentamiseen.<\/span> <span data-contrast=\"none\">Tarvitsemme digitaalisia teknologioita, mink\u00e4 lis\u00e4ksi meid\u00e4n t\u00e4ytyy selvitt\u00e4\u00e4, miten voimme muuttaa olemassa olevaa teollisuustuotannon kapasiteettiamme kest\u00e4v\u00e4ll\u00e4 tavalla.<\/span><span data-ccp-props=\"{&quot;335551550&quot;:6,&quot;335551620&quot;:6}\">\u00a0<\/span><\/p>\n<p><span data-contrast=\"none\">Salenius k\u00e4sitteli my\u00f6s lyhyesti alueen vetovoimaa ja osaamisen tarjontaa.<\/span> <span data-contrast=\"none\">H\u00e4n korosti, ett\u00e4 kyseess\u00e4 on enemm\u00e4nkin yhteiskunnallinen ongelma kuin teknologiaan ja vientiin liittyv\u00e4 asia.<\/span><span data-ccp-props=\"{&quot;335551550&quot;:6,&quot;335551620&quot;:6}\">\u00a0<\/span><\/p>\n<p><span data-contrast=\"none\">\u2013 T\u00e4m\u00e4 alue tulee tarvitsemaan paljon ihmisi\u00e4 tulevina vuosina siirtym\u00e4n onnistumiseksi.<\/span> <span data-contrast=\"none\">Ihmiset eiv\u00e4t muuta t\u00e4nne, jos t\u00e4\u00e4ll\u00e4 on vain yksi ty\u00f6paikkoja tarjoava sektori, sill\u00e4 he usein muuttavat perheens\u00e4 kanssa tai suuremmissa ryhmiss\u00e4.<\/span><span data-ccp-props=\"{&quot;335551550&quot;:6,&quot;335551620&quot;:6}\">\u00a0<\/span><\/p>\n<p><span data-contrast=\"none\">\u2013 Eik\u00f6 olisikin mahtavaa, jos Merenkurkun alue olisi maailman ensimm\u00e4inen paikka, jossa teollisuuden ilmastosiirtym\u00e4 voisi luoda laajemman alueellisen innovaatioj\u00e4rjestelm\u00e4n sek\u00e4 sosiaalisessa ett\u00e4 taloudellisessa mieless\u00e4?<\/span><span data-ccp-props=\"{&quot;335551550&quot;:6,&quot;335551620&quot;:6}\">\u00a0<\/span><\/p>\n<p><span data-contrast=\"none\">Lataa Viktor Saleniuksen esitys <a href=\"https:\/\/www.kvarken.org\/wp-content\/uploads\/2023\/08\/Viktor-Salenius_WFF_Aug2023.pptx\"><strong>T\u00c4\u00c4LT\u00c4<\/strong><\/a><br \/>\n<\/span><span data-contrast=\"none\">Katso striimaus <strong><a href=\"https:\/\/www.youtube.com\/watch?v=tk3Wtixgeys\">T\u00c4\u00c4LT\u00c4<\/a><\/strong><br \/>\n<\/span><span data-contrast=\"none\">Lue muut tekstit Wasa Future Festivalista <a href=\"https:\/\/www.kvarken.org\/fi\/energiayhteistyo-ja-kestavat-kuljetukset-tarkeampia-kuin-koskaan\/\"><strong>T\u00c4\u00c4LT\u00c4<\/strong><\/a>, <a href=\"https:\/\/www.kvarken.org\/fi\/infrastruktuuri-markkinointi-ja-yhteistyo-tarpeellisia-ihmisten-houkuttelemiseksi-merenkurkun-alueelle\/\"><strong>T\u00c4\u00c4LT\u00c4<\/strong><\/a> ja <a href=\"https:\/\/www.kvarken.org\/fi\/suomen-ja-ruotsin-tulee-ajatella-pitkajanteisemmin\/\"><strong>T\u00c4\u00c4LT\u00c4<\/strong><\/a><\/span><\/p>\n<p><img decoding=\"async\" class=\"alignleft wp-image-16001\" src=\"https:\/\/www.kvarken.org\/wp-content\/uploads\/2023\/01\/cropped-AURORA-RGB-Color-1.png\" alt=\"\" width=\"600\" height=\"136\" \/><\/p>\n","protected":false},"excerpt":{"rendered":"<p>Viktor Salenius oli er\u00e4s Merenkurkun neuvoston tapahtumapaketin p\u00e4\u00e4puhujista Wasa Future Festivalissa. H\u00e4n painotti, ett\u00e4 vastassamme oleva energiasiirtym\u00e4 ja ilmastokriisi vaativat Merenkurkun alueella erilaisia yhteisty\u00f6muotoja. <\/p>\n","protected":false},"author":6,"featured_media":18231,"comment_status":"open","ping_status":"open","sticky":false,"template":"","format":"standard","meta":{"_acf_changed":false,"_et_pb_use_builder":"","_et_pb_old_content":"","_et_gb_content_width":"","footnotes":""},"categories":[13],"tags":[],"amnen":[56,34,86,65],"class_list":["post-18266","post","type-post","status-publish","format-standard","has-post-thumbnail","hentry","category-uncategorized-fi","amnen-infrastruktuuri","amnen-liiketoiminta","amnen-yhteistyomuodot-fi","amnen-ymparisto"],"acf":[],"yoast_head":"<!-- This site is optimized with the Yoast SEO plugin v27.4 - https:\/\/yoast.com\/product\/yoast-seo-wordpress\/ -->\n<title>Vihre\u00e4n siirtym\u00e4n kohtaaminen vaatii yhteisty\u00f6t\u00e4 ja kilpailua - Kvarkenr\u00e5det<\/title>\n<meta name=\"robots\" content=\"index, follow, max-snippet:-1, max-image-preview:large, max-video-preview:-1\" \/>\n<link rel=\"canonical\" href=\"https:\/\/www.kvarken.org\/fi\/vihrean-siirtyman-kohtaaminen-vaatii-yhteistyota-ja-kilpailua\/\" \/>\n<meta property=\"og:locale\" content=\"fi_FI\" \/>\n<meta property=\"og:type\" content=\"article\" \/>\n<meta property=\"og:title\" content=\"Vihre\u00e4n siirtym\u00e4n kohtaaminen vaatii yhteisty\u00f6t\u00e4 ja kilpailua - Kvarkenr\u00e5det\" \/>\n<meta property=\"og:description\" content=\"Viktor Salenius oli er\u00e4s Merenkurkun neuvoston tapahtumapaketin p\u00e4\u00e4puhujista Wasa Future Festivalissa. H\u00e4n painotti, ett\u00e4 vastassamme oleva energiasiirtym\u00e4 ja ilmastokriisi vaativat Merenkurkun alueella erilaisia yhteisty\u00f6muotoja.\" \/>\n<meta property=\"og:url\" content=\"https:\/\/www.kvarken.org\/fi\/vihrean-siirtyman-kohtaaminen-vaatii-yhteistyota-ja-kilpailua\/\" \/>\n<meta property=\"og:site_name\" content=\"Kvarkenr\u00e5det\" \/>\n<meta property=\"article:published_time\" content=\"2023-08-31T08:15:06+00:00\" \/>\n<meta property=\"article:modified_time\" content=\"2023-12-21T22:22:27+00:00\" \/>\n<meta property=\"og:image\" content=\"https:\/\/www.kvarken.org\/wp-content\/uploads\/2023\/08\/DSC_0202-1024x683.jpg\" \/>\n\t<meta property=\"og:image:width\" content=\"1024\" \/>\n\t<meta property=\"og:image:height\" content=\"683\" \/>\n\t<meta property=\"og:image:type\" content=\"image\/jpeg\" \/>\n<meta name=\"author\" content=\"Huuhka Ida-Maria\" \/>\n<meta name=\"twitter:card\" content=\"summary_large_image\" \/>\n<meta name=\"twitter:label1\" content=\"Kirjoittanut\" \/>\n\t<meta name=\"twitter:data1\" content=\"Huuhka Ida-Maria\" \/>\n\t<meta name=\"twitter:label2\" content=\"Arvioitu lukuaika\" \/>\n\t<meta name=\"twitter:data2\" content=\"2 minuuttia\" \/>\n<script type=\"application\/ld+json\" class=\"yoast-schema-graph\">{\"@context\":\"https:\\\/\\\/schema.org\",\"@graph\":[{\"@type\":\"Article\",\"@id\":\"https:\\\/\\\/www.kvarken.org\\\/fi\\\/vihrean-siirtyman-kohtaaminen-vaatii-yhteistyota-ja-kilpailua\\\/#article\",\"isPartOf\":{\"@id\":\"https:\\\/\\\/www.kvarken.org\\\/fi\\\/vihrean-siirtyman-kohtaaminen-vaatii-yhteistyota-ja-kilpailua\\\/\"},\"author\":{\"name\":\"Huuhka Ida-Maria\",\"@id\":\"https:\\\/\\\/www.kvarken.org\\\/fi\\\/#\\\/schema\\\/person\\\/0da9a52b8b8962cba7c963d7189046b5\"},\"headline\":\"Vihre\u00e4n siirtym\u00e4n kohtaaminen vaatii yhteisty\u00f6t\u00e4 ja kilpailua\",\"datePublished\":\"2023-08-31T08:15:06+00:00\",\"dateModified\":\"2023-12-21T22:22:27+00:00\",\"mainEntityOfPage\":{\"@id\":\"https:\\\/\\\/www.kvarken.org\\\/fi\\\/vihrean-siirtyman-kohtaaminen-vaatii-yhteistyota-ja-kilpailua\\\/\"},\"wordCount\":382,\"commentCount\":0,\"image\":{\"@id\":\"https:\\\/\\\/www.kvarken.org\\\/fi\\\/vihrean-siirtyman-kohtaaminen-vaatii-yhteistyota-ja-kilpailua\\\/#primaryimage\"},\"thumbnailUrl\":\"https:\\\/\\\/www.kvarken.org\\\/wp-content\\\/uploads\\\/2023\\\/08\\\/DSC_0202.jpg\",\"articleSection\":[\"Uncategorized @fi\"],\"inLanguage\":\"fi\",\"potentialAction\":[{\"@type\":\"CommentAction\",\"name\":\"Comment\",\"target\":[\"https:\\\/\\\/www.kvarken.org\\\/fi\\\/vihrean-siirtyman-kohtaaminen-vaatii-yhteistyota-ja-kilpailua\\\/#respond\"]}]},{\"@type\":\"WebPage\",\"@id\":\"https:\\\/\\\/www.kvarken.org\\\/fi\\\/vihrean-siirtyman-kohtaaminen-vaatii-yhteistyota-ja-kilpailua\\\/\",\"url\":\"https:\\\/\\\/www.kvarken.org\\\/fi\\\/vihrean-siirtyman-kohtaaminen-vaatii-yhteistyota-ja-kilpailua\\\/\",\"name\":\"Vihre\u00e4n siirtym\u00e4n kohtaaminen vaatii yhteisty\u00f6t\u00e4 ja kilpailua - Kvarkenr\u00e5det\",\"isPartOf\":{\"@id\":\"https:\\\/\\\/www.kvarken.org\\\/fi\\\/#website\"},\"primaryImageOfPage\":{\"@id\":\"https:\\\/\\\/www.kvarken.org\\\/fi\\\/vihrean-siirtyman-kohtaaminen-vaatii-yhteistyota-ja-kilpailua\\\/#primaryimage\"},\"image\":{\"@id\":\"https:\\\/\\\/www.kvarken.org\\\/fi\\\/vihrean-siirtyman-kohtaaminen-vaatii-yhteistyota-ja-kilpailua\\\/#primaryimage\"},\"thumbnailUrl\":\"https:\\\/\\\/www.kvarken.org\\\/wp-content\\\/uploads\\\/2023\\\/08\\\/DSC_0202.jpg\",\"datePublished\":\"2023-08-31T08:15:06+00:00\",\"dateModified\":\"2023-12-21T22:22:27+00:00\",\"author\":{\"@id\":\"https:\\\/\\\/www.kvarken.org\\\/fi\\\/#\\\/schema\\\/person\\\/0da9a52b8b8962cba7c963d7189046b5\"},\"breadcrumb\":{\"@id\":\"https:\\\/\\\/www.kvarken.org\\\/fi\\\/vihrean-siirtyman-kohtaaminen-vaatii-yhteistyota-ja-kilpailua\\\/#breadcrumb\"},\"inLanguage\":\"fi\",\"potentialAction\":[{\"@type\":\"ReadAction\",\"target\":[\"https:\\\/\\\/www.kvarken.org\\\/fi\\\/vihrean-siirtyman-kohtaaminen-vaatii-yhteistyota-ja-kilpailua\\\/\"]}]},{\"@type\":\"ImageObject\",\"inLanguage\":\"fi\",\"@id\":\"https:\\\/\\\/www.kvarken.org\\\/fi\\\/vihrean-siirtyman-kohtaaminen-vaatii-yhteistyota-ja-kilpailua\\\/#primaryimage\",\"url\":\"https:\\\/\\\/www.kvarken.org\\\/wp-content\\\/uploads\\\/2023\\\/08\\\/DSC_0202.jpg\",\"contentUrl\":\"https:\\\/\\\/www.kvarken.org\\\/wp-content\\\/uploads\\\/2023\\\/08\\\/DSC_0202.jpg\",\"width\":4039,\"height\":2693},{\"@type\":\"BreadcrumbList\",\"@id\":\"https:\\\/\\\/www.kvarken.org\\\/fi\\\/vihrean-siirtyman-kohtaaminen-vaatii-yhteistyota-ja-kilpailua\\\/#breadcrumb\",\"itemListElement\":[{\"@type\":\"ListItem\",\"position\":1,\"name\":\"Hem\",\"item\":\"https:\\\/\\\/www.kvarken.org\\\/fi\\\/\"},{\"@type\":\"ListItem\",\"position\":2,\"name\":\"Vihre\u00e4n siirtym\u00e4n kohtaaminen vaatii yhteisty\u00f6t\u00e4 ja kilpailua\"}]},{\"@type\":\"WebSite\",\"@id\":\"https:\\\/\\\/www.kvarken.org\\\/fi\\\/#website\",\"url\":\"https:\\\/\\\/www.kvarken.org\\\/fi\\\/\",\"name\":\"Kvarkenr\u00e5det\",\"description\":\"\",\"potentialAction\":[{\"@type\":\"SearchAction\",\"target\":{\"@type\":\"EntryPoint\",\"urlTemplate\":\"https:\\\/\\\/www.kvarken.org\\\/fi\\\/?s={search_term_string}\"},\"query-input\":{\"@type\":\"PropertyValueSpecification\",\"valueRequired\":true,\"valueName\":\"search_term_string\"}}],\"inLanguage\":\"fi\"},{\"@type\":\"Person\",\"@id\":\"https:\\\/\\\/www.kvarken.org\\\/fi\\\/#\\\/schema\\\/person\\\/0da9a52b8b8962cba7c963d7189046b5\",\"name\":\"Huuhka Ida-Maria\",\"image\":{\"@type\":\"ImageObject\",\"inLanguage\":\"fi\",\"@id\":\"https:\\\/\\\/secure.gravatar.com\\\/avatar\\\/8b0e50e08aa7a664dc6e2c23a82b9f95c7dc6946a41a69227e0712becda209aa?s=96&d=mm&r=g\",\"url\":\"https:\\\/\\\/secure.gravatar.com\\\/avatar\\\/8b0e50e08aa7a664dc6e2c23a82b9f95c7dc6946a41a69227e0712becda209aa?s=96&d=mm&r=g\",\"contentUrl\":\"https:\\\/\\\/secure.gravatar.com\\\/avatar\\\/8b0e50e08aa7a664dc6e2c23a82b9f95c7dc6946a41a69227e0712becda209aa?s=96&d=mm&r=g\",\"caption\":\"Huuhka Ida-Maria\"}}]}<\/script>\n<!-- \/ Yoast SEO plugin. -->","yoast_head_json":{"title":"Vihre\u00e4n siirtym\u00e4n kohtaaminen vaatii yhteisty\u00f6t\u00e4 ja kilpailua - Kvarkenr\u00e5det","robots":{"index":"index","follow":"follow","max-snippet":"max-snippet:-1","max-image-preview":"max-image-preview:large","max-video-preview":"max-video-preview:-1"},"canonical":"https:\/\/www.kvarken.org\/fi\/vihrean-siirtyman-kohtaaminen-vaatii-yhteistyota-ja-kilpailua\/","og_locale":"fi_FI","og_type":"article","og_title":"Vihre\u00e4n siirtym\u00e4n kohtaaminen vaatii yhteisty\u00f6t\u00e4 ja kilpailua - Kvarkenr\u00e5det","og_description":"Viktor Salenius oli er\u00e4s Merenkurkun neuvoston tapahtumapaketin p\u00e4\u00e4puhujista Wasa Future Festivalissa. H\u00e4n painotti, ett\u00e4 vastassamme oleva energiasiirtym\u00e4 ja ilmastokriisi vaativat Merenkurkun alueella erilaisia yhteisty\u00f6muotoja.","og_url":"https:\/\/www.kvarken.org\/fi\/vihrean-siirtyman-kohtaaminen-vaatii-yhteistyota-ja-kilpailua\/","og_site_name":"Kvarkenr\u00e5det","article_published_time":"2023-08-31T08:15:06+00:00","article_modified_time":"2023-12-21T22:22:27+00:00","og_image":[{"width":1024,"height":683,"url":"https:\/\/www.kvarken.org\/wp-content\/uploads\/2023\/08\/DSC_0202-1024x683.jpg","type":"image\/jpeg"}],"author":"Huuhka Ida-Maria","twitter_card":"summary_large_image","twitter_misc":{"Kirjoittanut":"Huuhka Ida-Maria","Arvioitu lukuaika":"2 minuuttia"},"schema":{"@context":"https:\/\/schema.org","@graph":[{"@type":"Article","@id":"https:\/\/www.kvarken.org\/fi\/vihrean-siirtyman-kohtaaminen-vaatii-yhteistyota-ja-kilpailua\/#article","isPartOf":{"@id":"https:\/\/www.kvarken.org\/fi\/vihrean-siirtyman-kohtaaminen-vaatii-yhteistyota-ja-kilpailua\/"},"author":{"name":"Huuhka Ida-Maria","@id":"https:\/\/www.kvarken.org\/fi\/#\/schema\/person\/0da9a52b8b8962cba7c963d7189046b5"},"headline":"Vihre\u00e4n siirtym\u00e4n kohtaaminen vaatii yhteisty\u00f6t\u00e4 ja kilpailua","datePublished":"2023-08-31T08:15:06+00:00","dateModified":"2023-12-21T22:22:27+00:00","mainEntityOfPage":{"@id":"https:\/\/www.kvarken.org\/fi\/vihrean-siirtyman-kohtaaminen-vaatii-yhteistyota-ja-kilpailua\/"},"wordCount":382,"commentCount":0,"image":{"@id":"https:\/\/www.kvarken.org\/fi\/vihrean-siirtyman-kohtaaminen-vaatii-yhteistyota-ja-kilpailua\/#primaryimage"},"thumbnailUrl":"https:\/\/www.kvarken.org\/wp-content\/uploads\/2023\/08\/DSC_0202.jpg","articleSection":["Uncategorized @fi"],"inLanguage":"fi","potentialAction":[{"@type":"CommentAction","name":"Comment","target":["https:\/\/www.kvarken.org\/fi\/vihrean-siirtyman-kohtaaminen-vaatii-yhteistyota-ja-kilpailua\/#respond"]}]},{"@type":"WebPage","@id":"https:\/\/www.kvarken.org\/fi\/vihrean-siirtyman-kohtaaminen-vaatii-yhteistyota-ja-kilpailua\/","url":"https:\/\/www.kvarken.org\/fi\/vihrean-siirtyman-kohtaaminen-vaatii-yhteistyota-ja-kilpailua\/","name":"Vihre\u00e4n siirtym\u00e4n kohtaaminen vaatii yhteisty\u00f6t\u00e4 ja kilpailua - Kvarkenr\u00e5det","isPartOf":{"@id":"https:\/\/www.kvarken.org\/fi\/#website"},"primaryImageOfPage":{"@id":"https:\/\/www.kvarken.org\/fi\/vihrean-siirtyman-kohtaaminen-vaatii-yhteistyota-ja-kilpailua\/#primaryimage"},"image":{"@id":"https:\/\/www.kvarken.org\/fi\/vihrean-siirtyman-kohtaaminen-vaatii-yhteistyota-ja-kilpailua\/#primaryimage"},"thumbnailUrl":"https:\/\/www.kvarken.org\/wp-content\/uploads\/2023\/08\/DSC_0202.jpg","datePublished":"2023-08-31T08:15:06+00:00","dateModified":"2023-12-21T22:22:27+00:00","author":{"@id":"https:\/\/www.kvarken.org\/fi\/#\/schema\/person\/0da9a52b8b8962cba7c963d7189046b5"},"breadcrumb":{"@id":"https:\/\/www.kvarken.org\/fi\/vihrean-siirtyman-kohtaaminen-vaatii-yhteistyota-ja-kilpailua\/#breadcrumb"},"inLanguage":"fi","potentialAction":[{"@type":"ReadAction","target":["https:\/\/www.kvarken.org\/fi\/vihrean-siirtyman-kohtaaminen-vaatii-yhteistyota-ja-kilpailua\/"]}]},{"@type":"ImageObject","inLanguage":"fi","@id":"https:\/\/www.kvarken.org\/fi\/vihrean-siirtyman-kohtaaminen-vaatii-yhteistyota-ja-kilpailua\/#primaryimage","url":"https:\/\/www.kvarken.org\/wp-content\/uploads\/2023\/08\/DSC_0202.jpg","contentUrl":"https:\/\/www.kvarken.org\/wp-content\/uploads\/2023\/08\/DSC_0202.jpg","width":4039,"height":2693},{"@type":"BreadcrumbList","@id":"https:\/\/www.kvarken.org\/fi\/vihrean-siirtyman-kohtaaminen-vaatii-yhteistyota-ja-kilpailua\/#breadcrumb","itemListElement":[{"@type":"ListItem","position":1,"name":"Hem","item":"https:\/\/www.kvarken.org\/fi\/"},{"@type":"ListItem","position":2,"name":"Vihre\u00e4n siirtym\u00e4n kohtaaminen vaatii yhteisty\u00f6t\u00e4 ja kilpailua"}]},{"@type":"WebSite","@id":"https:\/\/www.kvarken.org\/fi\/#website","url":"https:\/\/www.kvarken.org\/fi\/","name":"Kvarkenr\u00e5det","description":"","potentialAction":[{"@type":"SearchAction","target":{"@type":"EntryPoint","urlTemplate":"https:\/\/www.kvarken.org\/fi\/?s={search_term_string}"},"query-input":{"@type":"PropertyValueSpecification","valueRequired":true,"valueName":"search_term_string"}}],"inLanguage":"fi"},{"@type":"Person","@id":"https:\/\/www.kvarken.org\/fi\/#\/schema\/person\/0da9a52b8b8962cba7c963d7189046b5","name":"Huuhka Ida-Maria","image":{"@type":"ImageObject","inLanguage":"fi","@id":"https:\/\/secure.gravatar.com\/avatar\/8b0e50e08aa7a664dc6e2c23a82b9f95c7dc6946a41a69227e0712becda209aa?s=96&d=mm&r=g","url":"https:\/\/secure.gravatar.com\/avatar\/8b0e50e08aa7a664dc6e2c23a82b9f95c7dc6946a41a69227e0712becda209aa?s=96&d=mm&r=g","contentUrl":"https:\/\/secure.gravatar.com\/avatar\/8b0e50e08aa7a664dc6e2c23a82b9f95c7dc6946a41a69227e0712becda209aa?s=96&d=mm&r=g","caption":"Huuhka Ida-Maria"}}]}},"_links":{"self":[{"href":"https:\/\/www.kvarken.org\/fi\/wp-json\/wp\/v2\/posts\/18266","targetHints":{"allow":["GET"]}}],"collection":[{"href":"https:\/\/www.kvarken.org\/fi\/wp-json\/wp\/v2\/posts"}],"about":[{"href":"https:\/\/www.kvarken.org\/fi\/wp-json\/wp\/v2\/types\/post"}],"author":[{"embeddable":true,"href":"https:\/\/www.kvarken.org\/fi\/wp-json\/wp\/v2\/users\/6"}],"replies":[{"embeddable":true,"href":"https:\/\/www.kvarken.org\/fi\/wp-json\/wp\/v2\/comments?post=18266"}],"version-history":[{"count":8,"href":"https:\/\/www.kvarken.org\/fi\/wp-json\/wp\/v2\/posts\/18266\/revisions"}],"predecessor-version":[{"id":19479,"href":"https:\/\/www.kvarken.org\/fi\/wp-json\/wp\/v2\/posts\/18266\/revisions\/19479"}],"wp:featuredmedia":[{"embeddable":true,"href":"https:\/\/www.kvarken.org\/fi\/wp-json\/wp\/v2\/media\/18231"}],"wp:attachment":[{"href":"https:\/\/www.kvarken.org\/fi\/wp-json\/wp\/v2\/media?parent=18266"}],"wp:term":[{"taxonomy":"category","embeddable":true,"href":"https:\/\/www.kvarken.org\/fi\/wp-json\/wp\/v2\/categories?post=18266"},{"taxonomy":"post_tag","embeddable":true,"href":"https:\/\/www.kvarken.org\/fi\/wp-json\/wp\/v2\/tags?post=18266"},{"taxonomy":"amnen","embeddable":true,"href":"https:\/\/www.kvarken.org\/fi\/wp-json\/wp\/v2\/amnen?post=18266"}],"curies":[{"name":"wp","href":"https:\/\/api.w.org\/{rel}","templated":true}]}}