{"id":18270,"date":"2023-08-31T11:11:41","date_gmt":"2023-08-31T08:11:41","guid":{"rendered":"https:\/\/www.kvarken.org\/?p=18270"},"modified":"2023-12-22T01:23:33","modified_gmt":"2023-12-21T22:23:33","slug":"suomen-ja-ruotsin-tulee-ajatella-pitkajanteisemmin","status":"publish","type":"post","link":"https:\/\/www.kvarken.org\/fi\/suomen-ja-ruotsin-tulee-ajatella-pitkajanteisemmin\/","title":{"rendered":"Suomen ja Ruotsin tulee ajatella pitk\u00e4j\u00e4nteisemmin"},"content":{"rendered":"<p><b><span data-contrast=\"none\">Niklas Eklund<\/span><\/b><span data-contrast=\"none\">, Uumajan yliopiston valtiotieteen laitoksen politiikan ja julkishallinnon professori, korosti geopolitiikan suurta merkityst\u00e4 tulevaisuudellemme.<\/span> <span data-contrast=\"none\">Ensimm\u00e4inen tilanteeseemme pitk\u00e4ll\u00e4 aikav\u00e4lill\u00e4 vaikuttava seikka on, ett\u00e4 Suomi ja Ruotsi sijaitsevat heti pohjoiseen Keski-Euroopan tasangosta, joka on muodostanut perinteisen reitin Ven\u00e4j\u00e4lle l\u00e4nnest\u00e4.<\/span><span data-ccp-props=\"{&quot;335551550&quot;:6,&quot;335551620&quot;:6}\">\u00a0<\/span><\/p>\n<p><span data-contrast=\"none\">Toinen oleellinen geopoliittinen konteksti on arktinen alue.<\/span> <span data-contrast=\"none\">Eklundin mukaan on hyvin ongelmallista, ettei meill\u00e4 ole aavistustakaan siit\u00e4, mit\u00e4 Ven\u00e4j\u00e4 arktisella alueella puuhaa.<\/span> <span data-contrast=\"none\">Ven\u00e4j\u00e4 on j\u00e4tetty pois kaikesta arktisen alueen diplomaattisesta yhteisty\u00f6st\u00e4, eik\u00e4 Yhdysvallat puolestaan ole kiinnostunut napa-alueesta.<\/span> <span data-contrast=\"none\">Suomi ja Ruotsi ajattelevat arktista aluetta enemm\u00e4n ymp\u00e4rist\u00f6n ja ilmastonmuutoksen kautta.<\/span><span data-ccp-props=\"{&quot;335551550&quot;:6,&quot;335551620&quot;:6}\">\u00a0<\/span><\/p>\n<p><span data-contrast=\"none\">\u2013 Tied\u00e4mme, ett\u00e4 Ven\u00e4j\u00e4 militarisoi arktista aluetta hyvin vahvasti.<\/span> <span data-contrast=\"none\">Miettiik\u00f6 tuo suurvalta seuraavaa liikett\u00e4\u00e4n arktisella alueella, riippumatta siit\u00e4 mit\u00e4 Ukrainassa tapahtuu?<\/span> <span data-contrast=\"none\">Emme voi en\u00e4\u00e4 luottaa vakauteen ja hallintaan.<\/span><span data-ccp-props=\"{&quot;335551550&quot;:6,&quot;335551620&quot;:6}\">\u00a0<\/span><\/p>\n<p><span data-contrast=\"none\">Eklund kritisoi Suomea ja Ruotsia liian lyhytj\u00e4nteisest\u00e4, yhteen hallituskauteen sidotusta ajattelusta.<\/span><span data-ccp-props=\"{&quot;335551550&quot;:6,&quot;335551620&quot;:6}\">\u00a0<\/span><\/p>\n<p><span data-contrast=\"none\">\u2013 Suomen ja Ruotsin pit\u00e4isi nykyisen ja tulevan turvallisuutensa kannalta ottaa hieman mallia ven\u00e4l\u00e4isist\u00e4; he ajattelevat pitk\u00e4j\u00e4nteisemmin.<\/span><span data-ccp-props=\"{&quot;335551550&quot;:6,&quot;335551620&quot;:6}\">\u00a0<\/span><\/p>\n<p><span data-contrast=\"none\">Eklund toteaa, ett\u00e4 jos haluamme varmistua kyvyst\u00e4mme puolustaa Suomea ja muita niemimaita, meid\u00e4n t\u00e4ytyy rakentaa jotain, joka ottaa huomioon arktisen alueen valtavan monimutkaisuuden.<\/span><span data-ccp-props=\"{&quot;335551550&quot;:6,&quot;335551620&quot;:6}\">\u00a0<\/span><\/p>\n<p><span data-contrast=\"none\">\u2013 Kannattaa seurata Kiinan t\u00e4m\u00e4nhetkist\u00e4 esimerkki\u00e4; parantaa infrastruktuuria ja t\u00e4ll\u00e4 tavalla houkutella ihmisi\u00e4, kasvattaa v\u00e4est\u00f6\u00e4 ja lujittaa infrastruktuuria rauhan aikana.<\/span> <span data-contrast=\"none\">Miksei vaikka rakentaisi sillan?<\/span><\/p>\n<p><span data-contrast=\"none\">Katso striimaus <strong><a href=\"https:\/\/www.youtube.com\/watch?v=tk3Wtixgeys\">T\u00c4\u00c4LT\u00c4<\/a><\/strong><br \/>\n<\/span><span data-contrast=\"none\">Lue muut tekstit Wasa Future Festivalista <a href=\"https:\/\/www.kvarken.org\/fi\/infrastruktuuri-markkinointi-ja-yhteistyo-tarpeellisia-ihmisten-houkuttelemiseksi-merenkurkun-alueelle\/\"><strong>T\u00c4\u00c4LT\u00c4<\/strong><\/a>, <a href=\"https:\/\/www.kvarken.org\/fi\/energiayhteistyo-ja-kestavat-kuljetukset-tarkeampia-kuin-koskaan\/\"><strong>T\u00c4\u00c4LT\u00c4<\/strong><\/a> ja <a href=\"https:\/\/www.kvarken.org\/fi\/vihrean-siirtyman-kohtaaminen-vaatii-yhteistyota-ja-kilpailua\/\"><strong>T\u00c4\u00c4LT\u00c4<\/strong><\/a><\/span><\/p>\n<p><img decoding=\"async\" class=\"alignleft wp-image-16001\" src=\"https:\/\/www.kvarken.org\/wp-content\/uploads\/2023\/01\/cropped-AURORA-RGB-Color-1.png\" alt=\"\" width=\"600\" height=\"136\" \/><\/p>\n","protected":false},"excerpt":{"rendered":"<p>Niklas Eklund oli Merenkurkun neuvoston torstain tilaisuuden p\u00e4\u00e4puhuja Wasa Future Festivalissa. H\u00e4n kritisoi Pohjoismaita siit\u00e4, etteiv\u00e4t ne tied\u00e4, mit\u00e4 Ven\u00e4j\u00e4 puuhaa arktisella alueella. <\/p>\n","protected":false},"author":6,"featured_media":18240,"comment_status":"open","ping_status":"open","sticky":false,"template":"","format":"standard","meta":{"_acf_changed":false,"_et_pb_use_builder":"","_et_pb_old_content":"","_et_gb_content_width":"","footnotes":""},"categories":[13],"tags":[],"amnen":[56,34,86,65],"class_list":["post-18270","post","type-post","status-publish","format-standard","has-post-thumbnail","hentry","category-uncategorized-fi","amnen-infrastruktuuri","amnen-liiketoiminta","amnen-yhteistyomuodot-fi","amnen-ymparisto"],"acf":[],"yoast_head":"<!-- This site is optimized with the Yoast SEO plugin v27.4 - https:\/\/yoast.com\/product\/yoast-seo-wordpress\/ -->\n<title>Suomen ja Ruotsin tulee ajatella pitk\u00e4j\u00e4nteisemmin - Kvarkenr\u00e5det<\/title>\n<meta name=\"robots\" content=\"index, follow, max-snippet:-1, max-image-preview:large, max-video-preview:-1\" \/>\n<link rel=\"canonical\" href=\"https:\/\/www.kvarken.org\/fi\/suomen-ja-ruotsin-tulee-ajatella-pitkajanteisemmin\/\" \/>\n<meta property=\"og:locale\" content=\"fi_FI\" \/>\n<meta property=\"og:type\" content=\"article\" \/>\n<meta property=\"og:title\" content=\"Suomen ja Ruotsin tulee ajatella pitk\u00e4j\u00e4nteisemmin - Kvarkenr\u00e5det\" \/>\n<meta property=\"og:description\" content=\"Niklas Eklund oli Merenkurkun neuvoston torstain tilaisuuden p\u00e4\u00e4puhuja Wasa Future Festivalissa. H\u00e4n kritisoi Pohjoismaita siit\u00e4, etteiv\u00e4t ne tied\u00e4, mit\u00e4 Ven\u00e4j\u00e4 puuhaa arktisella alueella.\" \/>\n<meta property=\"og:url\" content=\"https:\/\/www.kvarken.org\/fi\/suomen-ja-ruotsin-tulee-ajatella-pitkajanteisemmin\/\" \/>\n<meta property=\"og:site_name\" content=\"Kvarkenr\u00e5det\" \/>\n<meta property=\"article:published_time\" content=\"2023-08-31T08:11:41+00:00\" \/>\n<meta property=\"article:modified_time\" content=\"2023-12-21T22:23:33+00:00\" \/>\n<meta property=\"og:image\" content=\"https:\/\/www.kvarken.org\/wp-content\/uploads\/2023\/08\/DSC_0171-1024x683.jpg\" \/>\n\t<meta property=\"og:image:width\" content=\"1024\" \/>\n\t<meta property=\"og:image:height\" content=\"683\" \/>\n\t<meta property=\"og:image:type\" content=\"image\/jpeg\" \/>\n<meta name=\"author\" content=\"Huuhka Ida-Maria\" \/>\n<meta name=\"twitter:card\" content=\"summary_large_image\" \/>\n<meta name=\"twitter:label1\" content=\"Kirjoittanut\" \/>\n\t<meta name=\"twitter:data1\" content=\"Huuhka Ida-Maria\" \/>\n\t<meta name=\"twitter:label2\" content=\"Arvioitu lukuaika\" \/>\n\t<meta name=\"twitter:data2\" content=\"2 minuuttia\" \/>\n<script type=\"application\/ld+json\" class=\"yoast-schema-graph\">{\"@context\":\"https:\\\/\\\/schema.org\",\"@graph\":[{\"@type\":\"Article\",\"@id\":\"https:\\\/\\\/www.kvarken.org\\\/fi\\\/suomen-ja-ruotsin-tulee-ajatella-pitkajanteisemmin\\\/#article\",\"isPartOf\":{\"@id\":\"https:\\\/\\\/www.kvarken.org\\\/fi\\\/suomen-ja-ruotsin-tulee-ajatella-pitkajanteisemmin\\\/\"},\"author\":{\"name\":\"Huuhka Ida-Maria\",\"@id\":\"https:\\\/\\\/www.kvarken.org\\\/fi\\\/#\\\/schema\\\/person\\\/0da9a52b8b8962cba7c963d7189046b5\"},\"headline\":\"Suomen ja Ruotsin tulee ajatella pitk\u00e4j\u00e4nteisemmin\",\"datePublished\":\"2023-08-31T08:11:41+00:00\",\"dateModified\":\"2023-12-21T22:23:33+00:00\",\"mainEntityOfPage\":{\"@id\":\"https:\\\/\\\/www.kvarken.org\\\/fi\\\/suomen-ja-ruotsin-tulee-ajatella-pitkajanteisemmin\\\/\"},\"wordCount\":240,\"commentCount\":0,\"image\":{\"@id\":\"https:\\\/\\\/www.kvarken.org\\\/fi\\\/suomen-ja-ruotsin-tulee-ajatella-pitkajanteisemmin\\\/#primaryimage\"},\"thumbnailUrl\":\"https:\\\/\\\/www.kvarken.org\\\/wp-content\\\/uploads\\\/2023\\\/08\\\/DSC_0171.jpg\",\"articleSection\":[\"Uncategorized @fi\"],\"inLanguage\":\"fi\",\"potentialAction\":[{\"@type\":\"CommentAction\",\"name\":\"Comment\",\"target\":[\"https:\\\/\\\/www.kvarken.org\\\/fi\\\/suomen-ja-ruotsin-tulee-ajatella-pitkajanteisemmin\\\/#respond\"]}]},{\"@type\":\"WebPage\",\"@id\":\"https:\\\/\\\/www.kvarken.org\\\/fi\\\/suomen-ja-ruotsin-tulee-ajatella-pitkajanteisemmin\\\/\",\"url\":\"https:\\\/\\\/www.kvarken.org\\\/fi\\\/suomen-ja-ruotsin-tulee-ajatella-pitkajanteisemmin\\\/\",\"name\":\"Suomen ja Ruotsin tulee ajatella pitk\u00e4j\u00e4nteisemmin - Kvarkenr\u00e5det\",\"isPartOf\":{\"@id\":\"https:\\\/\\\/www.kvarken.org\\\/fi\\\/#website\"},\"primaryImageOfPage\":{\"@id\":\"https:\\\/\\\/www.kvarken.org\\\/fi\\\/suomen-ja-ruotsin-tulee-ajatella-pitkajanteisemmin\\\/#primaryimage\"},\"image\":{\"@id\":\"https:\\\/\\\/www.kvarken.org\\\/fi\\\/suomen-ja-ruotsin-tulee-ajatella-pitkajanteisemmin\\\/#primaryimage\"},\"thumbnailUrl\":\"https:\\\/\\\/www.kvarken.org\\\/wp-content\\\/uploads\\\/2023\\\/08\\\/DSC_0171.jpg\",\"datePublished\":\"2023-08-31T08:11:41+00:00\",\"dateModified\":\"2023-12-21T22:23:33+00:00\",\"author\":{\"@id\":\"https:\\\/\\\/www.kvarken.org\\\/fi\\\/#\\\/schema\\\/person\\\/0da9a52b8b8962cba7c963d7189046b5\"},\"breadcrumb\":{\"@id\":\"https:\\\/\\\/www.kvarken.org\\\/fi\\\/suomen-ja-ruotsin-tulee-ajatella-pitkajanteisemmin\\\/#breadcrumb\"},\"inLanguage\":\"fi\",\"potentialAction\":[{\"@type\":\"ReadAction\",\"target\":[\"https:\\\/\\\/www.kvarken.org\\\/fi\\\/suomen-ja-ruotsin-tulee-ajatella-pitkajanteisemmin\\\/\"]}]},{\"@type\":\"ImageObject\",\"inLanguage\":\"fi\",\"@id\":\"https:\\\/\\\/www.kvarken.org\\\/fi\\\/suomen-ja-ruotsin-tulee-ajatella-pitkajanteisemmin\\\/#primaryimage\",\"url\":\"https:\\\/\\\/www.kvarken.org\\\/wp-content\\\/uploads\\\/2023\\\/08\\\/DSC_0171.jpg\",\"contentUrl\":\"https:\\\/\\\/www.kvarken.org\\\/wp-content\\\/uploads\\\/2023\\\/08\\\/DSC_0171.jpg\",\"width\":4608,\"height\":3072},{\"@type\":\"BreadcrumbList\",\"@id\":\"https:\\\/\\\/www.kvarken.org\\\/fi\\\/suomen-ja-ruotsin-tulee-ajatella-pitkajanteisemmin\\\/#breadcrumb\",\"itemListElement\":[{\"@type\":\"ListItem\",\"position\":1,\"name\":\"Hem\",\"item\":\"https:\\\/\\\/www.kvarken.org\\\/fi\\\/\"},{\"@type\":\"ListItem\",\"position\":2,\"name\":\"Suomen ja Ruotsin tulee ajatella pitk\u00e4j\u00e4nteisemmin\"}]},{\"@type\":\"WebSite\",\"@id\":\"https:\\\/\\\/www.kvarken.org\\\/fi\\\/#website\",\"url\":\"https:\\\/\\\/www.kvarken.org\\\/fi\\\/\",\"name\":\"Kvarkenr\u00e5det\",\"description\":\"\",\"potentialAction\":[{\"@type\":\"SearchAction\",\"target\":{\"@type\":\"EntryPoint\",\"urlTemplate\":\"https:\\\/\\\/www.kvarken.org\\\/fi\\\/?s={search_term_string}\"},\"query-input\":{\"@type\":\"PropertyValueSpecification\",\"valueRequired\":true,\"valueName\":\"search_term_string\"}}],\"inLanguage\":\"fi\"},{\"@type\":\"Person\",\"@id\":\"https:\\\/\\\/www.kvarken.org\\\/fi\\\/#\\\/schema\\\/person\\\/0da9a52b8b8962cba7c963d7189046b5\",\"name\":\"Huuhka Ida-Maria\",\"image\":{\"@type\":\"ImageObject\",\"inLanguage\":\"fi\",\"@id\":\"https:\\\/\\\/secure.gravatar.com\\\/avatar\\\/8b0e50e08aa7a664dc6e2c23a82b9f95c7dc6946a41a69227e0712becda209aa?s=96&d=mm&r=g\",\"url\":\"https:\\\/\\\/secure.gravatar.com\\\/avatar\\\/8b0e50e08aa7a664dc6e2c23a82b9f95c7dc6946a41a69227e0712becda209aa?s=96&d=mm&r=g\",\"contentUrl\":\"https:\\\/\\\/secure.gravatar.com\\\/avatar\\\/8b0e50e08aa7a664dc6e2c23a82b9f95c7dc6946a41a69227e0712becda209aa?s=96&d=mm&r=g\",\"caption\":\"Huuhka Ida-Maria\"}}]}<\/script>\n<!-- \/ Yoast SEO plugin. -->","yoast_head_json":{"title":"Suomen ja Ruotsin tulee ajatella pitk\u00e4j\u00e4nteisemmin - Kvarkenr\u00e5det","robots":{"index":"index","follow":"follow","max-snippet":"max-snippet:-1","max-image-preview":"max-image-preview:large","max-video-preview":"max-video-preview:-1"},"canonical":"https:\/\/www.kvarken.org\/fi\/suomen-ja-ruotsin-tulee-ajatella-pitkajanteisemmin\/","og_locale":"fi_FI","og_type":"article","og_title":"Suomen ja Ruotsin tulee ajatella pitk\u00e4j\u00e4nteisemmin - Kvarkenr\u00e5det","og_description":"Niklas Eklund oli Merenkurkun neuvoston torstain tilaisuuden p\u00e4\u00e4puhuja Wasa Future Festivalissa. H\u00e4n kritisoi Pohjoismaita siit\u00e4, etteiv\u00e4t ne tied\u00e4, mit\u00e4 Ven\u00e4j\u00e4 puuhaa arktisella alueella.","og_url":"https:\/\/www.kvarken.org\/fi\/suomen-ja-ruotsin-tulee-ajatella-pitkajanteisemmin\/","og_site_name":"Kvarkenr\u00e5det","article_published_time":"2023-08-31T08:11:41+00:00","article_modified_time":"2023-12-21T22:23:33+00:00","og_image":[{"width":1024,"height":683,"url":"https:\/\/www.kvarken.org\/wp-content\/uploads\/2023\/08\/DSC_0171-1024x683.jpg","type":"image\/jpeg"}],"author":"Huuhka Ida-Maria","twitter_card":"summary_large_image","twitter_misc":{"Kirjoittanut":"Huuhka Ida-Maria","Arvioitu lukuaika":"2 minuuttia"},"schema":{"@context":"https:\/\/schema.org","@graph":[{"@type":"Article","@id":"https:\/\/www.kvarken.org\/fi\/suomen-ja-ruotsin-tulee-ajatella-pitkajanteisemmin\/#article","isPartOf":{"@id":"https:\/\/www.kvarken.org\/fi\/suomen-ja-ruotsin-tulee-ajatella-pitkajanteisemmin\/"},"author":{"name":"Huuhka Ida-Maria","@id":"https:\/\/www.kvarken.org\/fi\/#\/schema\/person\/0da9a52b8b8962cba7c963d7189046b5"},"headline":"Suomen ja Ruotsin tulee ajatella pitk\u00e4j\u00e4nteisemmin","datePublished":"2023-08-31T08:11:41+00:00","dateModified":"2023-12-21T22:23:33+00:00","mainEntityOfPage":{"@id":"https:\/\/www.kvarken.org\/fi\/suomen-ja-ruotsin-tulee-ajatella-pitkajanteisemmin\/"},"wordCount":240,"commentCount":0,"image":{"@id":"https:\/\/www.kvarken.org\/fi\/suomen-ja-ruotsin-tulee-ajatella-pitkajanteisemmin\/#primaryimage"},"thumbnailUrl":"https:\/\/www.kvarken.org\/wp-content\/uploads\/2023\/08\/DSC_0171.jpg","articleSection":["Uncategorized @fi"],"inLanguage":"fi","potentialAction":[{"@type":"CommentAction","name":"Comment","target":["https:\/\/www.kvarken.org\/fi\/suomen-ja-ruotsin-tulee-ajatella-pitkajanteisemmin\/#respond"]}]},{"@type":"WebPage","@id":"https:\/\/www.kvarken.org\/fi\/suomen-ja-ruotsin-tulee-ajatella-pitkajanteisemmin\/","url":"https:\/\/www.kvarken.org\/fi\/suomen-ja-ruotsin-tulee-ajatella-pitkajanteisemmin\/","name":"Suomen ja Ruotsin tulee ajatella pitk\u00e4j\u00e4nteisemmin - Kvarkenr\u00e5det","isPartOf":{"@id":"https:\/\/www.kvarken.org\/fi\/#website"},"primaryImageOfPage":{"@id":"https:\/\/www.kvarken.org\/fi\/suomen-ja-ruotsin-tulee-ajatella-pitkajanteisemmin\/#primaryimage"},"image":{"@id":"https:\/\/www.kvarken.org\/fi\/suomen-ja-ruotsin-tulee-ajatella-pitkajanteisemmin\/#primaryimage"},"thumbnailUrl":"https:\/\/www.kvarken.org\/wp-content\/uploads\/2023\/08\/DSC_0171.jpg","datePublished":"2023-08-31T08:11:41+00:00","dateModified":"2023-12-21T22:23:33+00:00","author":{"@id":"https:\/\/www.kvarken.org\/fi\/#\/schema\/person\/0da9a52b8b8962cba7c963d7189046b5"},"breadcrumb":{"@id":"https:\/\/www.kvarken.org\/fi\/suomen-ja-ruotsin-tulee-ajatella-pitkajanteisemmin\/#breadcrumb"},"inLanguage":"fi","potentialAction":[{"@type":"ReadAction","target":["https:\/\/www.kvarken.org\/fi\/suomen-ja-ruotsin-tulee-ajatella-pitkajanteisemmin\/"]}]},{"@type":"ImageObject","inLanguage":"fi","@id":"https:\/\/www.kvarken.org\/fi\/suomen-ja-ruotsin-tulee-ajatella-pitkajanteisemmin\/#primaryimage","url":"https:\/\/www.kvarken.org\/wp-content\/uploads\/2023\/08\/DSC_0171.jpg","contentUrl":"https:\/\/www.kvarken.org\/wp-content\/uploads\/2023\/08\/DSC_0171.jpg","width":4608,"height":3072},{"@type":"BreadcrumbList","@id":"https:\/\/www.kvarken.org\/fi\/suomen-ja-ruotsin-tulee-ajatella-pitkajanteisemmin\/#breadcrumb","itemListElement":[{"@type":"ListItem","position":1,"name":"Hem","item":"https:\/\/www.kvarken.org\/fi\/"},{"@type":"ListItem","position":2,"name":"Suomen ja Ruotsin tulee ajatella pitk\u00e4j\u00e4nteisemmin"}]},{"@type":"WebSite","@id":"https:\/\/www.kvarken.org\/fi\/#website","url":"https:\/\/www.kvarken.org\/fi\/","name":"Kvarkenr\u00e5det","description":"","potentialAction":[{"@type":"SearchAction","target":{"@type":"EntryPoint","urlTemplate":"https:\/\/www.kvarken.org\/fi\/?s={search_term_string}"},"query-input":{"@type":"PropertyValueSpecification","valueRequired":true,"valueName":"search_term_string"}}],"inLanguage":"fi"},{"@type":"Person","@id":"https:\/\/www.kvarken.org\/fi\/#\/schema\/person\/0da9a52b8b8962cba7c963d7189046b5","name":"Huuhka Ida-Maria","image":{"@type":"ImageObject","inLanguage":"fi","@id":"https:\/\/secure.gravatar.com\/avatar\/8b0e50e08aa7a664dc6e2c23a82b9f95c7dc6946a41a69227e0712becda209aa?s=96&d=mm&r=g","url":"https:\/\/secure.gravatar.com\/avatar\/8b0e50e08aa7a664dc6e2c23a82b9f95c7dc6946a41a69227e0712becda209aa?s=96&d=mm&r=g","contentUrl":"https:\/\/secure.gravatar.com\/avatar\/8b0e50e08aa7a664dc6e2c23a82b9f95c7dc6946a41a69227e0712becda209aa?s=96&d=mm&r=g","caption":"Huuhka Ida-Maria"}}]}},"_links":{"self":[{"href":"https:\/\/www.kvarken.org\/fi\/wp-json\/wp\/v2\/posts\/18270","targetHints":{"allow":["GET"]}}],"collection":[{"href":"https:\/\/www.kvarken.org\/fi\/wp-json\/wp\/v2\/posts"}],"about":[{"href":"https:\/\/www.kvarken.org\/fi\/wp-json\/wp\/v2\/types\/post"}],"author":[{"embeddable":true,"href":"https:\/\/www.kvarken.org\/fi\/wp-json\/wp\/v2\/users\/6"}],"replies":[{"embeddable":true,"href":"https:\/\/www.kvarken.org\/fi\/wp-json\/wp\/v2\/comments?post=18270"}],"version-history":[{"count":9,"href":"https:\/\/www.kvarken.org\/fi\/wp-json\/wp\/v2\/posts\/18270\/revisions"}],"predecessor-version":[{"id":19481,"href":"https:\/\/www.kvarken.org\/fi\/wp-json\/wp\/v2\/posts\/18270\/revisions\/19481"}],"wp:featuredmedia":[{"embeddable":true,"href":"https:\/\/www.kvarken.org\/fi\/wp-json\/wp\/v2\/media\/18240"}],"wp:attachment":[{"href":"https:\/\/www.kvarken.org\/fi\/wp-json\/wp\/v2\/media?parent=18270"}],"wp:term":[{"taxonomy":"category","embeddable":true,"href":"https:\/\/www.kvarken.org\/fi\/wp-json\/wp\/v2\/categories?post=18270"},{"taxonomy":"post_tag","embeddable":true,"href":"https:\/\/www.kvarken.org\/fi\/wp-json\/wp\/v2\/tags?post=18270"},{"taxonomy":"amnen","embeddable":true,"href":"https:\/\/www.kvarken.org\/fi\/wp-json\/wp\/v2\/amnen?post=18270"}],"curies":[{"name":"wp","href":"https:\/\/api.w.org\/{rel}","templated":true}]}}