{"id":19067,"date":"2023-11-17T13:54:52","date_gmt":"2023-11-17T10:54:52","guid":{"rendered":"https:\/\/www.kvarken.org\/?p=19067"},"modified":"2023-11-23T16:44:53","modified_gmt":"2023-11-23T13:44:53","slug":"bothnian-coastal-route-from-a-travel-journalists-point-of-view-a-perfect-mix-of-nature-and-culture","status":"publish","type":"post","link":"https:\/\/www.kvarken.org\/fi\/bothnian-coastal-route-from-a-travel-journalists-point-of-view-a-perfect-mix-of-nature-and-culture\/","title":{"rendered":"Bothnian Coastal Route matkatoimittajan n\u00e4k\u00f6kulmasta \u2013 T\u00e4ydellinen sekoitus luontoa ja kulttuuria"},"content":{"rendered":"<p><b><span data-contrast=\"none\">Andrea Ullius<\/span><\/b><span data-contrast=\"none\"> puhui kest\u00e4v\u00e4n rannikkomatkailun webinaarissa Per\u00e4meren rannikkoseudun ainutlaatuisista myyntivalteista.<\/span> <span data-contrast=\"none\">Ullius on sveitsil\u00e4inen matkatoimittaja, joka on matkustanut Per\u00e4meren rannikkoreitill\u00e4.<\/span><span data-ccp-props=\"{&quot;335551550&quot;:6,&quot;335551620&quot;:6}\">\u00a0<\/span><\/p>\n<p><span data-contrast=\"none\">Ulliuksen mukaan monet puhuvat kest\u00e4vyydest\u00e4, mutta harvat ryhtyv\u00e4t toimiin.<\/span> <span data-contrast=\"none\">H\u00e4n my\u00f6s huomautti, ett\u00e4 useimmat kest\u00e4vyyssertifikaatit eiv\u00e4t ole matkailijoille tuttuja.<\/span><span data-ccp-props=\"{&quot;335551550&quot;:6,&quot;335551620&quot;:6}\">\u00a0<\/span><\/p>\n<p><span data-contrast=\"none\">\u2013 Matkailu ei ole ikin\u00e4 kest\u00e4v\u00e4\u00e4; siit\u00e4 j\u00e4\u00e4 aina jalanj\u00e4lki.<\/span> <span data-contrast=\"none\">Kysymys kuuluukin, miten tarjota ymp\u00e4rist\u00f6llisesti, taloudellisesti ja sosiaalisesti kest\u00e4vi\u00e4 tuotteita?<\/span><span data-ccp-props=\"{&quot;335551550&quot;:6,&quot;335551620&quot;:6}\">\u00a0<\/span><\/p>\n<p><span data-contrast=\"none\">Ulliuksen mukaan on hyvin t\u00e4rke\u00e4\u00e4 tukea alueen pieni\u00e4 perheyrityksi\u00e4.<\/span> <span data-contrast=\"none\">Matkailijat haluavat tavata paikallisia asukkaita ja kuulla heid\u00e4n tarinoitaan.<\/span> <span data-contrast=\"none\">Ullius uskoo, ett\u00e4 alue voi entist\u00e4 tehokkaammin tutustuttaa matkailijoita paikallisten ihmisten arkeen ja heid\u00e4n toimintaansa.<\/span><\/p>\n<h2><b><span data-contrast=\"none\">Ainutlaatuinen sekoitus kaupunkeja, maisemia, saaria ja rantoja<\/span><\/b><span data-ccp-props=\"{&quot;335551550&quot;:6,&quot;335551620&quot;:6}\">\u00a0<\/span><\/h2>\n<p><span data-contrast=\"none\">Ullius kertoi, ett\u00e4 Per\u00e4meren rannikkoalue tarjoaa t\u00e4ydellisen sekoituksen luontoel\u00e4myksi\u00e4 ja kaupunkitunnelmaa.<\/span> <span data-contrast=\"none\">Alueen jokaisella suurella kaupungilla \u2013 kuten Vaasalla, Uumajalla ja Oululla \u2013 on tarjottavanaan ainutlaatuisia n\u00e4ht\u00e4vyyksi\u00e4 ja aktiviteetteja.<\/span> <span data-contrast=\"none\">Alueella on my\u00f6s Unescon maailmanperint\u00f6kohteita ja lukuisia kulttuurin\u00e4ht\u00e4vyyksi\u00e4.<\/span><span data-ccp-props=\"{&quot;335551550&quot;:6,&quot;335551620&quot;:6}\">\u00a0<\/span><\/p>\n<p><span data-contrast=\"none\">\u2013 Rannikkoalue tarjoaa vaihtelevia ja henke\u00e4salpaavia maisemia.<\/span> <span data-contrast=\"none\">Lukuisia j\u00e4rvi\u00e4, jokia ja rantoja.<\/span> <span data-contrast=\"none\">Hiekkarannat ovat hyvin erityisi\u00e4.<\/span> <span data-contrast=\"none\">Kaupunkien, maisemien ja saarten yhdistelm\u00e4 on j\u00e4nnitt\u00e4v\u00e4 ja ainutlaatuinen.<\/span><span data-ccp-props=\"{&quot;335551550&quot;:6,&quot;335551620&quot;:6}\">\u00a0<\/span><\/p>\n<p><span data-contrast=\"none\">\u2013 Matkailun tulee olla sopusoinnussa luonnon ja ihmisten kanssa.<\/span> <span data-contrast=\"none\">On kiehtovaa seurata matkailun kasvua t\u00e4ll\u00e4 alueella.<\/span><\/p>\n<p>&nbsp;<\/p>\n<p><i><span data-contrast=\"none\">Bothnian Coastal Route\u202f-hanke, mukaan lukien pohjoisen Suomen ja Ruotsin matkakohteet, pyrkii lis\u00e4\u00e4m\u00e4\u00e4n tunnettuutta Per\u00e4meren ymp\u00e4ri ja Merenkurkun poikki kulkevasta rannikkoreitist\u00e4 houkuttelevana matkareittin\u00e4 sek\u00e4 ulkomaisten vierailijoiden ett\u00e4 paikallisen v\u00e4est\u00f6n keskuudessa.<\/span><\/i><\/p>\n<p>Katso webinaaritallenne <strong><a href=\"https:\/\/www.youtube.com\/watch?v=h-plK_ho3yo\">T\u00c4\u00c4LT\u00c4<\/a><\/strong>.<br \/>\nLue lis\u00e4\u00e4 Bothnian Coastal Route -hankkeesta <strong><a href=\"https:\/\/www.kvarken.org\/fi\/hankkeet\/bothnian-coastal-route\/\">T\u00c4\u00c4LT\u00c4<\/a><\/strong>.<span data-ccp-props=\"{&quot;335551550&quot;:6,&quot;335551620&quot;:6}\">\u00a0<\/span><\/p>\n<div id=\"attachment_19072\" style=\"width: 2058px\" class=\"wp-caption alignleft\"><img decoding=\"async\" aria-describedby=\"caption-attachment-19072\" class=\"wp-image-19072 size-full\" src=\"https:\/\/www.kvarken.org\/wp-content\/uploads\/2023\/11\/1698743563695.jpeg\" alt=\"\" width=\"2048\" height=\"1111\" srcset=\"https:\/\/www.kvarken.org\/wp-content\/uploads\/2023\/11\/1698743563695.jpeg 2048w, https:\/\/www.kvarken.org\/wp-content\/uploads\/2023\/11\/1698743563695-1280x694.jpeg 1280w, https:\/\/www.kvarken.org\/wp-content\/uploads\/2023\/11\/1698743563695-980x532.jpeg 980w, https:\/\/www.kvarken.org\/wp-content\/uploads\/2023\/11\/1698743563695-480x260.jpeg 480w\" sizes=\"(min-width: 0px) and (max-width: 480px) 480px, (min-width: 481px) and (max-width: 980px) 980px, (min-width: 981px) and (max-width: 1280px) 1280px, (min-width: 1281px) 2048px, 100vw\" \/><p id=\"caption-attachment-19072\" class=\"wp-caption-text\">Matkatoimittaja Andrea Ullius oli yksi puhujista Bothnian Coastal Route\u202f-hankkeen kest\u00e4v\u00e4n rannikkomatkailun Sustainable Coastal Tourism\u202f-webinaarissa.<\/p><\/div>\n<p>&nbsp;<\/p>\n<p><img decoding=\"async\" class=\"alignleft wp-image-16002\" src=\"https:\/\/www.kvarken.org\/wp-content\/uploads\/2023\/01\/cropped-AURORA-RGB-Color-1.png\" alt=\"\" width=\"600\" height=\"136\" \/><\/p>\n<p>&nbsp;<\/p>\n","protected":false},"excerpt":{"rendered":"<p>Matkatoimittaja Andrea Ullius oli yksi puhujista Bothnian Coastal Route\u202f-hankkeen kest\u00e4v\u00e4n rannikkomatkailun Sustainable Coastal Tourism\u202f-webinaarissa. Hanke saa rahoitusta Interreg Aurora\u202f-ohjelman kautta. Ullius kuvaili Per\u00e4meren rannikkoseutua ainutlaatuiseksi paikaksi, jolla on paljon tarjottavaa matkailijoille.<\/p>\n","protected":false},"author":6,"featured_media":19074,"comment_status":"open","ping_status":"open","sticky":false,"template":"","format":"standard","meta":{"_acf_changed":false,"_et_pb_use_builder":"","_et_pb_old_content":"","_et_gb_content_width":"","footnotes":""},"categories":[13],"tags":[],"amnen":[58,65],"class_list":["post-19067","post","type-post","status-publish","format-standard","has-post-thumbnail","hentry","category-uncategorized-fi","amnen-matkailu","amnen-ymparisto"],"acf":[],"yoast_head":"<!-- This site is optimized with the Yoast SEO plugin v27.4 - https:\/\/yoast.com\/product\/yoast-seo-wordpress\/ -->\n<title>Bothnian Coastal Route matkatoimittajan n\u00e4k\u00f6kulmasta \u2013 T\u00e4ydellinen sekoitus luontoa ja kulttuuria - Kvarkenr\u00e5det<\/title>\n<meta name=\"robots\" content=\"index, follow, max-snippet:-1, max-image-preview:large, max-video-preview:-1\" \/>\n<link rel=\"canonical\" href=\"https:\/\/www.kvarken.org\/fi\/bothnian-coastal-route-from-a-travel-journalists-point-of-view-a-perfect-mix-of-nature-and-culture\/\" \/>\n<meta property=\"og:locale\" content=\"fi_FI\" \/>\n<meta property=\"og:type\" content=\"article\" \/>\n<meta property=\"og:title\" content=\"Bothnian Coastal Route matkatoimittajan n\u00e4k\u00f6kulmasta \u2013 T\u00e4ydellinen sekoitus luontoa ja kulttuuria - Kvarkenr\u00e5det\" \/>\n<meta property=\"og:description\" content=\"Matkatoimittaja Andrea Ullius oli yksi puhujista Bothnian Coastal Route\u202f-hankkeen kest\u00e4v\u00e4n rannikkomatkailun Sustainable Coastal Tourism\u202f-webinaarissa. Hanke saa rahoitusta Interreg Aurora\u202f-ohjelman kautta. Ullius kuvaili Per\u00e4meren rannikkoseutua ainutlaatuiseksi paikaksi, jolla on paljon tarjottavaa matkailijoille.\" \/>\n<meta property=\"og:url\" content=\"https:\/\/www.kvarken.org\/fi\/bothnian-coastal-route-from-a-travel-journalists-point-of-view-a-perfect-mix-of-nature-and-culture\/\" \/>\n<meta property=\"og:site_name\" content=\"Kvarkenr\u00e5det\" \/>\n<meta property=\"article:published_time\" content=\"2023-11-17T10:54:52+00:00\" \/>\n<meta property=\"article:modified_time\" content=\"2023-11-23T13:44:53+00:00\" \/>\n<meta property=\"og:image\" content=\"https:\/\/www.kvarken.org\/wp-content\/uploads\/2023\/11\/1698743563695.jpeg\" \/>\n\t<meta property=\"og:image:width\" content=\"2048\" \/>\n\t<meta property=\"og:image:height\" content=\"1111\" \/>\n\t<meta property=\"og:image:type\" content=\"image\/jpeg\" \/>\n<meta name=\"author\" content=\"Huuhka Ida-Maria\" \/>\n<meta name=\"twitter:card\" content=\"summary_large_image\" \/>\n<meta name=\"twitter:label1\" content=\"Kirjoittanut\" \/>\n\t<meta name=\"twitter:data1\" content=\"Huuhka Ida-Maria\" \/>\n\t<meta name=\"twitter:label2\" content=\"Arvioitu lukuaika\" \/>\n\t<meta name=\"twitter:data2\" content=\"2 minuuttia\" \/>\n<script type=\"application\/ld+json\" class=\"yoast-schema-graph\">{\"@context\":\"https:\\\/\\\/schema.org\",\"@graph\":[{\"@type\":\"Article\",\"@id\":\"https:\\\/\\\/www.kvarken.org\\\/fi\\\/bothnian-coastal-route-from-a-travel-journalists-point-of-view-a-perfect-mix-of-nature-and-culture\\\/#article\",\"isPartOf\":{\"@id\":\"https:\\\/\\\/www.kvarken.org\\\/fi\\\/bothnian-coastal-route-from-a-travel-journalists-point-of-view-a-perfect-mix-of-nature-and-culture\\\/\"},\"author\":{\"name\":\"Huuhka Ida-Maria\",\"@id\":\"https:\\\/\\\/www.kvarken.org\\\/fi\\\/#\\\/schema\\\/person\\\/0da9a52b8b8962cba7c963d7189046b5\"},\"headline\":\"Bothnian Coastal Route matkatoimittajan n\u00e4k\u00f6kulmasta \u2013 T\u00e4ydellinen sekoitus luontoa ja kulttuuria\",\"datePublished\":\"2023-11-17T10:54:52+00:00\",\"dateModified\":\"2023-11-23T13:44:53+00:00\",\"mainEntityOfPage\":{\"@id\":\"https:\\\/\\\/www.kvarken.org\\\/fi\\\/bothnian-coastal-route-from-a-travel-journalists-point-of-view-a-perfect-mix-of-nature-and-culture\\\/\"},\"wordCount\":292,\"commentCount\":0,\"image\":{\"@id\":\"https:\\\/\\\/www.kvarken.org\\\/fi\\\/bothnian-coastal-route-from-a-travel-journalists-point-of-view-a-perfect-mix-of-nature-and-culture\\\/#primaryimage\"},\"thumbnailUrl\":\"https:\\\/\\\/www.kvarken.org\\\/wp-content\\\/uploads\\\/2023\\\/11\\\/1698743563695.jpeg\",\"articleSection\":[\"Uncategorized @fi\"],\"inLanguage\":\"fi\",\"potentialAction\":[{\"@type\":\"CommentAction\",\"name\":\"Comment\",\"target\":[\"https:\\\/\\\/www.kvarken.org\\\/fi\\\/bothnian-coastal-route-from-a-travel-journalists-point-of-view-a-perfect-mix-of-nature-and-culture\\\/#respond\"]}]},{\"@type\":\"WebPage\",\"@id\":\"https:\\\/\\\/www.kvarken.org\\\/fi\\\/bothnian-coastal-route-from-a-travel-journalists-point-of-view-a-perfect-mix-of-nature-and-culture\\\/\",\"url\":\"https:\\\/\\\/www.kvarken.org\\\/fi\\\/bothnian-coastal-route-from-a-travel-journalists-point-of-view-a-perfect-mix-of-nature-and-culture\\\/\",\"name\":\"Bothnian Coastal Route matkatoimittajan n\u00e4k\u00f6kulmasta \u2013 T\u00e4ydellinen sekoitus luontoa ja kulttuuria - Kvarkenr\u00e5det\",\"isPartOf\":{\"@id\":\"https:\\\/\\\/www.kvarken.org\\\/fi\\\/#website\"},\"primaryImageOfPage\":{\"@id\":\"https:\\\/\\\/www.kvarken.org\\\/fi\\\/bothnian-coastal-route-from-a-travel-journalists-point-of-view-a-perfect-mix-of-nature-and-culture\\\/#primaryimage\"},\"image\":{\"@id\":\"https:\\\/\\\/www.kvarken.org\\\/fi\\\/bothnian-coastal-route-from-a-travel-journalists-point-of-view-a-perfect-mix-of-nature-and-culture\\\/#primaryimage\"},\"thumbnailUrl\":\"https:\\\/\\\/www.kvarken.org\\\/wp-content\\\/uploads\\\/2023\\\/11\\\/1698743563695.jpeg\",\"datePublished\":\"2023-11-17T10:54:52+00:00\",\"dateModified\":\"2023-11-23T13:44:53+00:00\",\"author\":{\"@id\":\"https:\\\/\\\/www.kvarken.org\\\/fi\\\/#\\\/schema\\\/person\\\/0da9a52b8b8962cba7c963d7189046b5\"},\"breadcrumb\":{\"@id\":\"https:\\\/\\\/www.kvarken.org\\\/fi\\\/bothnian-coastal-route-from-a-travel-journalists-point-of-view-a-perfect-mix-of-nature-and-culture\\\/#breadcrumb\"},\"inLanguage\":\"fi\",\"potentialAction\":[{\"@type\":\"ReadAction\",\"target\":[\"https:\\\/\\\/www.kvarken.org\\\/fi\\\/bothnian-coastal-route-from-a-travel-journalists-point-of-view-a-perfect-mix-of-nature-and-culture\\\/\"]}]},{\"@type\":\"ImageObject\",\"inLanguage\":\"fi\",\"@id\":\"https:\\\/\\\/www.kvarken.org\\\/fi\\\/bothnian-coastal-route-from-a-travel-journalists-point-of-view-a-perfect-mix-of-nature-and-culture\\\/#primaryimage\",\"url\":\"https:\\\/\\\/www.kvarken.org\\\/wp-content\\\/uploads\\\/2023\\\/11\\\/1698743563695.jpeg\",\"contentUrl\":\"https:\\\/\\\/www.kvarken.org\\\/wp-content\\\/uploads\\\/2023\\\/11\\\/1698743563695.jpeg\",\"width\":2048,\"height\":1111},{\"@type\":\"BreadcrumbList\",\"@id\":\"https:\\\/\\\/www.kvarken.org\\\/fi\\\/bothnian-coastal-route-from-a-travel-journalists-point-of-view-a-perfect-mix-of-nature-and-culture\\\/#breadcrumb\",\"itemListElement\":[{\"@type\":\"ListItem\",\"position\":1,\"name\":\"Hem\",\"item\":\"https:\\\/\\\/www.kvarken.org\\\/fi\\\/\"},{\"@type\":\"ListItem\",\"position\":2,\"name\":\"Bothnian Coastal Route matkatoimittajan n\u00e4k\u00f6kulmasta \u2013 T\u00e4ydellinen sekoitus luontoa ja kulttuuria\"}]},{\"@type\":\"WebSite\",\"@id\":\"https:\\\/\\\/www.kvarken.org\\\/fi\\\/#website\",\"url\":\"https:\\\/\\\/www.kvarken.org\\\/fi\\\/\",\"name\":\"Kvarkenr\u00e5det\",\"description\":\"\",\"potentialAction\":[{\"@type\":\"SearchAction\",\"target\":{\"@type\":\"EntryPoint\",\"urlTemplate\":\"https:\\\/\\\/www.kvarken.org\\\/fi\\\/?s={search_term_string}\"},\"query-input\":{\"@type\":\"PropertyValueSpecification\",\"valueRequired\":true,\"valueName\":\"search_term_string\"}}],\"inLanguage\":\"fi\"},{\"@type\":\"Person\",\"@id\":\"https:\\\/\\\/www.kvarken.org\\\/fi\\\/#\\\/schema\\\/person\\\/0da9a52b8b8962cba7c963d7189046b5\",\"name\":\"Huuhka Ida-Maria\",\"image\":{\"@type\":\"ImageObject\",\"inLanguage\":\"fi\",\"@id\":\"https:\\\/\\\/secure.gravatar.com\\\/avatar\\\/8b0e50e08aa7a664dc6e2c23a82b9f95c7dc6946a41a69227e0712becda209aa?s=96&d=mm&r=g\",\"url\":\"https:\\\/\\\/secure.gravatar.com\\\/avatar\\\/8b0e50e08aa7a664dc6e2c23a82b9f95c7dc6946a41a69227e0712becda209aa?s=96&d=mm&r=g\",\"contentUrl\":\"https:\\\/\\\/secure.gravatar.com\\\/avatar\\\/8b0e50e08aa7a664dc6e2c23a82b9f95c7dc6946a41a69227e0712becda209aa?s=96&d=mm&r=g\",\"caption\":\"Huuhka Ida-Maria\"}}]}<\/script>\n<!-- \/ Yoast SEO plugin. -->","yoast_head_json":{"title":"Bothnian Coastal Route matkatoimittajan n\u00e4k\u00f6kulmasta \u2013 T\u00e4ydellinen sekoitus luontoa ja kulttuuria - Kvarkenr\u00e5det","robots":{"index":"index","follow":"follow","max-snippet":"max-snippet:-1","max-image-preview":"max-image-preview:large","max-video-preview":"max-video-preview:-1"},"canonical":"https:\/\/www.kvarken.org\/fi\/bothnian-coastal-route-from-a-travel-journalists-point-of-view-a-perfect-mix-of-nature-and-culture\/","og_locale":"fi_FI","og_type":"article","og_title":"Bothnian Coastal Route matkatoimittajan n\u00e4k\u00f6kulmasta \u2013 T\u00e4ydellinen sekoitus luontoa ja kulttuuria - Kvarkenr\u00e5det","og_description":"Matkatoimittaja Andrea Ullius oli yksi puhujista Bothnian Coastal Route\u202f-hankkeen kest\u00e4v\u00e4n rannikkomatkailun Sustainable Coastal Tourism\u202f-webinaarissa. Hanke saa rahoitusta Interreg Aurora\u202f-ohjelman kautta. Ullius kuvaili Per\u00e4meren rannikkoseutua ainutlaatuiseksi paikaksi, jolla on paljon tarjottavaa matkailijoille.","og_url":"https:\/\/www.kvarken.org\/fi\/bothnian-coastal-route-from-a-travel-journalists-point-of-view-a-perfect-mix-of-nature-and-culture\/","og_site_name":"Kvarkenr\u00e5det","article_published_time":"2023-11-17T10:54:52+00:00","article_modified_time":"2023-11-23T13:44:53+00:00","og_image":[{"width":2048,"height":1111,"url":"https:\/\/www.kvarken.org\/wp-content\/uploads\/2023\/11\/1698743563695.jpeg","type":"image\/jpeg"}],"author":"Huuhka Ida-Maria","twitter_card":"summary_large_image","twitter_misc":{"Kirjoittanut":"Huuhka Ida-Maria","Arvioitu lukuaika":"2 minuuttia"},"schema":{"@context":"https:\/\/schema.org","@graph":[{"@type":"Article","@id":"https:\/\/www.kvarken.org\/fi\/bothnian-coastal-route-from-a-travel-journalists-point-of-view-a-perfect-mix-of-nature-and-culture\/#article","isPartOf":{"@id":"https:\/\/www.kvarken.org\/fi\/bothnian-coastal-route-from-a-travel-journalists-point-of-view-a-perfect-mix-of-nature-and-culture\/"},"author":{"name":"Huuhka Ida-Maria","@id":"https:\/\/www.kvarken.org\/fi\/#\/schema\/person\/0da9a52b8b8962cba7c963d7189046b5"},"headline":"Bothnian Coastal Route matkatoimittajan n\u00e4k\u00f6kulmasta \u2013 T\u00e4ydellinen sekoitus luontoa ja kulttuuria","datePublished":"2023-11-17T10:54:52+00:00","dateModified":"2023-11-23T13:44:53+00:00","mainEntityOfPage":{"@id":"https:\/\/www.kvarken.org\/fi\/bothnian-coastal-route-from-a-travel-journalists-point-of-view-a-perfect-mix-of-nature-and-culture\/"},"wordCount":292,"commentCount":0,"image":{"@id":"https:\/\/www.kvarken.org\/fi\/bothnian-coastal-route-from-a-travel-journalists-point-of-view-a-perfect-mix-of-nature-and-culture\/#primaryimage"},"thumbnailUrl":"https:\/\/www.kvarken.org\/wp-content\/uploads\/2023\/11\/1698743563695.jpeg","articleSection":["Uncategorized @fi"],"inLanguage":"fi","potentialAction":[{"@type":"CommentAction","name":"Comment","target":["https:\/\/www.kvarken.org\/fi\/bothnian-coastal-route-from-a-travel-journalists-point-of-view-a-perfect-mix-of-nature-and-culture\/#respond"]}]},{"@type":"WebPage","@id":"https:\/\/www.kvarken.org\/fi\/bothnian-coastal-route-from-a-travel-journalists-point-of-view-a-perfect-mix-of-nature-and-culture\/","url":"https:\/\/www.kvarken.org\/fi\/bothnian-coastal-route-from-a-travel-journalists-point-of-view-a-perfect-mix-of-nature-and-culture\/","name":"Bothnian Coastal Route matkatoimittajan n\u00e4k\u00f6kulmasta \u2013 T\u00e4ydellinen sekoitus luontoa ja kulttuuria - Kvarkenr\u00e5det","isPartOf":{"@id":"https:\/\/www.kvarken.org\/fi\/#website"},"primaryImageOfPage":{"@id":"https:\/\/www.kvarken.org\/fi\/bothnian-coastal-route-from-a-travel-journalists-point-of-view-a-perfect-mix-of-nature-and-culture\/#primaryimage"},"image":{"@id":"https:\/\/www.kvarken.org\/fi\/bothnian-coastal-route-from-a-travel-journalists-point-of-view-a-perfect-mix-of-nature-and-culture\/#primaryimage"},"thumbnailUrl":"https:\/\/www.kvarken.org\/wp-content\/uploads\/2023\/11\/1698743563695.jpeg","datePublished":"2023-11-17T10:54:52+00:00","dateModified":"2023-11-23T13:44:53+00:00","author":{"@id":"https:\/\/www.kvarken.org\/fi\/#\/schema\/person\/0da9a52b8b8962cba7c963d7189046b5"},"breadcrumb":{"@id":"https:\/\/www.kvarken.org\/fi\/bothnian-coastal-route-from-a-travel-journalists-point-of-view-a-perfect-mix-of-nature-and-culture\/#breadcrumb"},"inLanguage":"fi","potentialAction":[{"@type":"ReadAction","target":["https:\/\/www.kvarken.org\/fi\/bothnian-coastal-route-from-a-travel-journalists-point-of-view-a-perfect-mix-of-nature-and-culture\/"]}]},{"@type":"ImageObject","inLanguage":"fi","@id":"https:\/\/www.kvarken.org\/fi\/bothnian-coastal-route-from-a-travel-journalists-point-of-view-a-perfect-mix-of-nature-and-culture\/#primaryimage","url":"https:\/\/www.kvarken.org\/wp-content\/uploads\/2023\/11\/1698743563695.jpeg","contentUrl":"https:\/\/www.kvarken.org\/wp-content\/uploads\/2023\/11\/1698743563695.jpeg","width":2048,"height":1111},{"@type":"BreadcrumbList","@id":"https:\/\/www.kvarken.org\/fi\/bothnian-coastal-route-from-a-travel-journalists-point-of-view-a-perfect-mix-of-nature-and-culture\/#breadcrumb","itemListElement":[{"@type":"ListItem","position":1,"name":"Hem","item":"https:\/\/www.kvarken.org\/fi\/"},{"@type":"ListItem","position":2,"name":"Bothnian Coastal Route matkatoimittajan n\u00e4k\u00f6kulmasta \u2013 T\u00e4ydellinen sekoitus luontoa ja kulttuuria"}]},{"@type":"WebSite","@id":"https:\/\/www.kvarken.org\/fi\/#website","url":"https:\/\/www.kvarken.org\/fi\/","name":"Kvarkenr\u00e5det","description":"","potentialAction":[{"@type":"SearchAction","target":{"@type":"EntryPoint","urlTemplate":"https:\/\/www.kvarken.org\/fi\/?s={search_term_string}"},"query-input":{"@type":"PropertyValueSpecification","valueRequired":true,"valueName":"search_term_string"}}],"inLanguage":"fi"},{"@type":"Person","@id":"https:\/\/www.kvarken.org\/fi\/#\/schema\/person\/0da9a52b8b8962cba7c963d7189046b5","name":"Huuhka Ida-Maria","image":{"@type":"ImageObject","inLanguage":"fi","@id":"https:\/\/secure.gravatar.com\/avatar\/8b0e50e08aa7a664dc6e2c23a82b9f95c7dc6946a41a69227e0712becda209aa?s=96&d=mm&r=g","url":"https:\/\/secure.gravatar.com\/avatar\/8b0e50e08aa7a664dc6e2c23a82b9f95c7dc6946a41a69227e0712becda209aa?s=96&d=mm&r=g","contentUrl":"https:\/\/secure.gravatar.com\/avatar\/8b0e50e08aa7a664dc6e2c23a82b9f95c7dc6946a41a69227e0712becda209aa?s=96&d=mm&r=g","caption":"Huuhka Ida-Maria"}}]}},"_links":{"self":[{"href":"https:\/\/www.kvarken.org\/fi\/wp-json\/wp\/v2\/posts\/19067","targetHints":{"allow":["GET"]}}],"collection":[{"href":"https:\/\/www.kvarken.org\/fi\/wp-json\/wp\/v2\/posts"}],"about":[{"href":"https:\/\/www.kvarken.org\/fi\/wp-json\/wp\/v2\/types\/post"}],"author":[{"embeddable":true,"href":"https:\/\/www.kvarken.org\/fi\/wp-json\/wp\/v2\/users\/6"}],"replies":[{"embeddable":true,"href":"https:\/\/www.kvarken.org\/fi\/wp-json\/wp\/v2\/comments?post=19067"}],"version-history":[{"count":5,"href":"https:\/\/www.kvarken.org\/fi\/wp-json\/wp\/v2\/posts\/19067\/revisions"}],"predecessor-version":[{"id":19146,"href":"https:\/\/www.kvarken.org\/fi\/wp-json\/wp\/v2\/posts\/19067\/revisions\/19146"}],"wp:featuredmedia":[{"embeddable":true,"href":"https:\/\/www.kvarken.org\/fi\/wp-json\/wp\/v2\/media\/19074"}],"wp:attachment":[{"href":"https:\/\/www.kvarken.org\/fi\/wp-json\/wp\/v2\/media?parent=19067"}],"wp:term":[{"taxonomy":"category","embeddable":true,"href":"https:\/\/www.kvarken.org\/fi\/wp-json\/wp\/v2\/categories?post=19067"},{"taxonomy":"post_tag","embeddable":true,"href":"https:\/\/www.kvarken.org\/fi\/wp-json\/wp\/v2\/tags?post=19067"},{"taxonomy":"amnen","embeddable":true,"href":"https:\/\/www.kvarken.org\/fi\/wp-json\/wp\/v2\/amnen?post=19067"}],"curies":[{"name":"wp","href":"https:\/\/api.w.org\/{rel}","templated":true}]}}