{"id":19836,"date":"2024-02-07T13:03:03","date_gmt":"2024-02-07T10:03:03","guid":{"rendered":"https:\/\/www.kvarken.org\/?p=19836"},"modified":"2024-02-07T16:25:20","modified_gmt":"2024-02-07T13:25:20","slug":"vasterbottenin-pohjanmaan-ja-pohjoismaisen-yhteistyon-vahvistaminen-katseet-merenkurkun-yhteistyossa-vasterbotten-pa-grand-hotel-2024-tapahtumassa","status":"publish","type":"post","link":"https:\/\/www.kvarken.org\/fi\/vasterbottenin-pohjanmaan-ja-pohjoismaisen-yhteistyon-vahvistaminen-katseet-merenkurkun-yhteistyossa-vasterbotten-pa-grand-hotel-2024-tapahtumassa\/","title":{"rendered":"V\u00e4sterbottenin, Pohjanmaan ja pohjoismaisen yhteisty\u00f6n vahvistaminen \u2013 Katseet Merenkurkun yhteisty\u00f6ss\u00e4 V\u00e4sterbotten p\u00e5 Grand H\u00f4tel 2024\u202f-tapahtumassa"},"content":{"rendered":"<p><span data-contrast=\"auto\">Tapahtuman avajaistilaisuudessa 30.\u202ftammikuuta kuultiin esityksi\u00e4 kest\u00e4vist\u00e4 energiaratkaisuista, osaamisen tarjonnasta, yhteisty\u00f6st\u00e4 ja digitalisaatiosta. Puhujien joukossa oli edustajia Merenkurkun kummaltakin puolelta; he painottivat pohjoisen Pohjolan it\u00e4-l\u00e4nsisuuntaisten yhteyksien vahvistamisen t\u00e4rkeytt\u00e4.<\/span><\/p>\n<p><span data-contrast=\"auto\">Infrastruktuuri-\u202fja asuntoministeri <\/span><b><span data-contrast=\"auto\">Andreas Carlsson<\/span><\/b><span data-contrast=\"auto\">, pohjoismaisesta yhteisty\u00f6st\u00e4 vastaava opetusministeri ja RKP:n puoluejohtaja <\/span><b><span data-contrast=\"auto\">Anna-Maja Henriksson<\/span><\/b><span data-contrast=\"auto\"> sek\u00e4 vaasalainen kansanedustaja ja Merenkurkun neuvosto EAYY:n varapuheenjohtaja <\/span><b><span data-contrast=\"auto\">Joakim Strand<\/span><\/b><span data-contrast=\"auto\"> k\u00e4sitteliv\u00e4t pohjoisen Pohjolan liikenneverkkoa geopoliittisen kehityksen taustaa vasten.<\/span><\/p>\n<p><span data-contrast=\"auto\">Keskustelun j\u00e4lkeinen paneeli, johon osallistui nelj\u00e4 Merenkurkun neuvoston edustajaa, valaisi Merenkurkun yhteisty\u00f6n asialistaa, infrastruktuurin lujittamisen merkityst\u00e4 alueellisesta, pohjoismaisesta ja eurooppalaisesta n\u00e4k\u00f6kulmasta sek\u00e4 Merenkurkun yhteisty\u00f6n kehittymist\u00e4 ja vahvistumista Pohjoismaiden, Euroopan ja muun maailman kehityksen mukana.<\/span><\/p>\n<p><span data-contrast=\"auto\">Paneeliin osallistuivat Uumajan kunnanneuvos ja Merenkurkun neuvoston infrastruktuuriryhm\u00e4n puheenjohtaja <\/span><b><span data-contrast=\"auto\">Hans Lindberg<\/span><\/b><span data-contrast=\"auto\">, kansanedustaja ja Etel\u00e4-Pohjanmaan liiton maakuntavaltuuston puheenjohtaja <\/span><b><span data-contrast=\"auto\">Mikko Savola<\/span><\/b><span data-contrast=\"auto\"> sek\u00e4 kaksi Merenkurkun neuvoston varapuheenjohtajaa: kansanedustaja <\/span><b><span data-contrast=\"auto\">Joakim Strand <\/span><\/b><span data-contrast=\"auto\">ja<\/span><b><span data-contrast=\"auto\"> \u00c5sa \u00c5gren Wikstr\u00f6m<\/span><\/b><span data-contrast=\"auto\">, joka on my\u00f6s Region V\u00e4sterbottenin alueellisen kehityslautakunnan varapuheenjohtaja. Paneelikeskustelun tiivisti <\/span><b><span data-contrast=\"auto\">Rickard Carstedt,<\/span><\/b><span data-contrast=\"auto\"> Region V\u00e4sterbottenin alueneuvos ja Merenkurkun neuvosto EAYY:n puheenjohtaja.<\/span><\/p>\n<p><b><span data-contrast=\"auto\">Katso avajaispuheet, koko ohjelma ja paneelikeskustelu <a href=\"https:\/\/www.youtube.com\/watch?v=8LXrHZg3M9A\">T\u00c4\u00c4LT\u00c4<\/a>.<br \/>\n<\/span><\/b><span data-contrast=\"auto\">Kohdat, joissa Merenkurkun neuvoston edustajat esiintyv\u00e4t: 1:30.00\u20132.33:00, <\/span><span data-contrast=\"auto\">puheet 1:30:00\u20132:12:00 ja <\/span><span data-contrast=\"auto\">paneeli 2:12:00\u20132:33.00.<\/span><\/p>\n<div id=\"attachment_19852\" style=\"width: 8202px\" class=\"wp-caption alignleft\"><img decoding=\"async\" aria-describedby=\"caption-attachment-19852\" class=\"wp-image-19852 size-full\" src=\"https:\/\/www.kvarken.org\/wp-content\/uploads\/2024\/02\/240130-Grand109.jpg\" alt=\"\" width=\"8192\" height=\"5464\" srcset=\"https:\/\/www.kvarken.org\/wp-content\/uploads\/2024\/02\/240130-Grand109.jpg 8192w, https:\/\/www.kvarken.org\/wp-content\/uploads\/2024\/02\/240130-Grand109-1280x854.jpg 1280w, https:\/\/www.kvarken.org\/wp-content\/uploads\/2024\/02\/240130-Grand109-980x654.jpg 980w, https:\/\/www.kvarken.org\/wp-content\/uploads\/2024\/02\/240130-Grand109-480x320.jpg 480w\" sizes=\"(min-width: 0px) and (max-width: 480px) 480px, (min-width: 481px) and (max-width: 980px) 980px, (min-width: 981px) and (max-width: 1280px) 1280px, (min-width: 1281px) 8192px, 100vw\" \/><p id=\"caption-attachment-19852\" class=\"wp-caption-text\">\u00c5sa \u00c5gren Wikstr\u00f6m, Mikko Savola, Hans Lindberg, Rickard Carstedt ja Joakim Strand V\u00e4sterbotten p\u00e5 Grand H\u00f4tel 2024\u202f-tapahtumassa. Kuva: Patrick Tr\u00e4g\u00e5rdh.<\/p><\/div>\n","protected":false},"excerpt":{"rendered":"<p>Politiikan, elinkeinoel\u00e4m\u00e4n, akateemisen maailman, kansalaisyhteiskunnan ja julkisen sektorin toimijat kokoontuivat Tukholman Grand H\u00f4teliin kokemustenvaihtoa, uusia kontakteja, yhteisty\u00f6t\u00e4 ja vaikuttamista varten. Vuoden teema oli: \u201dV\u00e4sterbotten, siirtym\u00e4n edell\u00e4k\u00e4vij\u00e4. Miten voimme lis\u00e4t\u00e4 vauhtia?\u201d.<\/p>\n","protected":false},"author":6,"featured_media":19846,"comment_status":"open","ping_status":"open","sticky":false,"template":"","format":"standard","meta":{"_acf_changed":false,"_et_pb_use_builder":"","_et_pb_old_content":"","_et_gb_content_width":"","footnotes":""},"categories":[13],"tags":[],"amnen":[100,86],"class_list":["post-19836","post","type-post","status-publish","format-standard","has-post-thumbnail","hentry","category-uncategorized-fi","amnen-eayy","amnen-yhteistyomuodot-fi"],"acf":[],"yoast_head":"<!-- This site is optimized with the Yoast SEO plugin v27.4 - https:\/\/yoast.com\/product\/yoast-seo-wordpress\/ -->\n<title>V\u00e4sterbottenin, Pohjanmaan ja pohjoismaisen yhteisty\u00f6n vahvistaminen \u2013 Katseet Merenkurkun yhteisty\u00f6ss\u00e4 V\u00e4sterbotten p\u00e5 Grand H\u00f4tel 2024\u202f-tapahtumassa - Kvarkenr\u00e5det<\/title>\n<meta name=\"robots\" content=\"index, follow, max-snippet:-1, max-image-preview:large, max-video-preview:-1\" \/>\n<link rel=\"canonical\" href=\"https:\/\/www.kvarken.org\/fi\/vasterbottenin-pohjanmaan-ja-pohjoismaisen-yhteistyon-vahvistaminen-katseet-merenkurkun-yhteistyossa-vasterbotten-pa-grand-hotel-2024-tapahtumassa\/\" \/>\n<meta property=\"og:locale\" content=\"fi_FI\" \/>\n<meta property=\"og:type\" content=\"article\" \/>\n<meta property=\"og:title\" content=\"V\u00e4sterbottenin, Pohjanmaan ja pohjoismaisen yhteisty\u00f6n vahvistaminen \u2013 Katseet Merenkurkun yhteisty\u00f6ss\u00e4 V\u00e4sterbotten p\u00e5 Grand H\u00f4tel 2024\u202f-tapahtumassa - Kvarkenr\u00e5det\" \/>\n<meta property=\"og:description\" content=\"Politiikan, elinkeinoel\u00e4m\u00e4n, akateemisen maailman, kansalaisyhteiskunnan ja julkisen sektorin toimijat kokoontuivat Tukholman Grand H\u00f4teliin kokemustenvaihtoa, uusia kontakteja, yhteisty\u00f6t\u00e4 ja vaikuttamista varten. Vuoden teema oli: \u201dV\u00e4sterbotten, siirtym\u00e4n edell\u00e4k\u00e4vij\u00e4. Miten voimme lis\u00e4t\u00e4 vauhtia?\u201d.\" \/>\n<meta property=\"og:url\" content=\"https:\/\/www.kvarken.org\/fi\/vasterbottenin-pohjanmaan-ja-pohjoismaisen-yhteistyon-vahvistaminen-katseet-merenkurkun-yhteistyossa-vasterbotten-pa-grand-hotel-2024-tapahtumassa\/\" \/>\n<meta property=\"og:site_name\" content=\"Kvarkenr\u00e5det\" \/>\n<meta property=\"article:published_time\" content=\"2024-02-07T10:03:03+00:00\" \/>\n<meta property=\"article:modified_time\" content=\"2024-02-07T13:25:20+00:00\" \/>\n<meta property=\"og:image\" content=\"https:\/\/www.kvarken.org\/wp-content\/uploads\/2024\/02\/240130-Grand96-1024x683.jpg\" \/>\n\t<meta property=\"og:image:width\" content=\"1024\" \/>\n\t<meta property=\"og:image:height\" content=\"683\" \/>\n\t<meta property=\"og:image:type\" content=\"image\/jpeg\" \/>\n<meta name=\"author\" content=\"Huuhka Ida-Maria\" \/>\n<meta name=\"twitter:card\" content=\"summary_large_image\" \/>\n<meta name=\"twitter:label1\" content=\"Kirjoittanut\" \/>\n\t<meta name=\"twitter:data1\" content=\"Huuhka Ida-Maria\" \/>\n\t<meta name=\"twitter:label2\" content=\"Arvioitu lukuaika\" \/>\n\t<meta name=\"twitter:data2\" content=\"2 minuuttia\" \/>\n<script type=\"application\/ld+json\" class=\"yoast-schema-graph\">{\"@context\":\"https:\\\/\\\/schema.org\",\"@graph\":[{\"@type\":\"Article\",\"@id\":\"https:\\\/\\\/www.kvarken.org\\\/fi\\\/vasterbottenin-pohjanmaan-ja-pohjoismaisen-yhteistyon-vahvistaminen-katseet-merenkurkun-yhteistyossa-vasterbotten-pa-grand-hotel-2024-tapahtumassa\\\/#article\",\"isPartOf\":{\"@id\":\"https:\\\/\\\/www.kvarken.org\\\/fi\\\/vasterbottenin-pohjanmaan-ja-pohjoismaisen-yhteistyon-vahvistaminen-katseet-merenkurkun-yhteistyossa-vasterbotten-pa-grand-hotel-2024-tapahtumassa\\\/\"},\"author\":{\"name\":\"Huuhka Ida-Maria\",\"@id\":\"https:\\\/\\\/www.kvarken.org\\\/fi\\\/#\\\/schema\\\/person\\\/0da9a52b8b8962cba7c963d7189046b5\"},\"headline\":\"V\u00e4sterbottenin, Pohjanmaan ja pohjoismaisen yhteisty\u00f6n vahvistaminen \u2013 Katseet Merenkurkun yhteisty\u00f6ss\u00e4 V\u00e4sterbotten p\u00e5 Grand H\u00f4tel 2024\u202f-tapahtumassa\",\"datePublished\":\"2024-02-07T10:03:03+00:00\",\"dateModified\":\"2024-02-07T13:25:20+00:00\",\"mainEntityOfPage\":{\"@id\":\"https:\\\/\\\/www.kvarken.org\\\/fi\\\/vasterbottenin-pohjanmaan-ja-pohjoismaisen-yhteistyon-vahvistaminen-katseet-merenkurkun-yhteistyossa-vasterbotten-pa-grand-hotel-2024-tapahtumassa\\\/\"},\"wordCount\":235,\"commentCount\":0,\"image\":{\"@id\":\"https:\\\/\\\/www.kvarken.org\\\/fi\\\/vasterbottenin-pohjanmaan-ja-pohjoismaisen-yhteistyon-vahvistaminen-katseet-merenkurkun-yhteistyossa-vasterbotten-pa-grand-hotel-2024-tapahtumassa\\\/#primaryimage\"},\"thumbnailUrl\":\"https:\\\/\\\/www.kvarken.org\\\/wp-content\\\/uploads\\\/2024\\\/02\\\/240130-Grand96.jpg\",\"articleSection\":[\"Uncategorized @fi\"],\"inLanguage\":\"fi\",\"potentialAction\":[{\"@type\":\"CommentAction\",\"name\":\"Comment\",\"target\":[\"https:\\\/\\\/www.kvarken.org\\\/fi\\\/vasterbottenin-pohjanmaan-ja-pohjoismaisen-yhteistyon-vahvistaminen-katseet-merenkurkun-yhteistyossa-vasterbotten-pa-grand-hotel-2024-tapahtumassa\\\/#respond\"]}]},{\"@type\":\"WebPage\",\"@id\":\"https:\\\/\\\/www.kvarken.org\\\/fi\\\/vasterbottenin-pohjanmaan-ja-pohjoismaisen-yhteistyon-vahvistaminen-katseet-merenkurkun-yhteistyossa-vasterbotten-pa-grand-hotel-2024-tapahtumassa\\\/\",\"url\":\"https:\\\/\\\/www.kvarken.org\\\/fi\\\/vasterbottenin-pohjanmaan-ja-pohjoismaisen-yhteistyon-vahvistaminen-katseet-merenkurkun-yhteistyossa-vasterbotten-pa-grand-hotel-2024-tapahtumassa\\\/\",\"name\":\"V\u00e4sterbottenin, Pohjanmaan ja pohjoismaisen yhteisty\u00f6n vahvistaminen \u2013 Katseet Merenkurkun yhteisty\u00f6ss\u00e4 V\u00e4sterbotten p\u00e5 Grand H\u00f4tel 2024\u202f-tapahtumassa - Kvarkenr\u00e5det\",\"isPartOf\":{\"@id\":\"https:\\\/\\\/www.kvarken.org\\\/fi\\\/#website\"},\"primaryImageOfPage\":{\"@id\":\"https:\\\/\\\/www.kvarken.org\\\/fi\\\/vasterbottenin-pohjanmaan-ja-pohjoismaisen-yhteistyon-vahvistaminen-katseet-merenkurkun-yhteistyossa-vasterbotten-pa-grand-hotel-2024-tapahtumassa\\\/#primaryimage\"},\"image\":{\"@id\":\"https:\\\/\\\/www.kvarken.org\\\/fi\\\/vasterbottenin-pohjanmaan-ja-pohjoismaisen-yhteistyon-vahvistaminen-katseet-merenkurkun-yhteistyossa-vasterbotten-pa-grand-hotel-2024-tapahtumassa\\\/#primaryimage\"},\"thumbnailUrl\":\"https:\\\/\\\/www.kvarken.org\\\/wp-content\\\/uploads\\\/2024\\\/02\\\/240130-Grand96.jpg\",\"datePublished\":\"2024-02-07T10:03:03+00:00\",\"dateModified\":\"2024-02-07T13:25:20+00:00\",\"author\":{\"@id\":\"https:\\\/\\\/www.kvarken.org\\\/fi\\\/#\\\/schema\\\/person\\\/0da9a52b8b8962cba7c963d7189046b5\"},\"breadcrumb\":{\"@id\":\"https:\\\/\\\/www.kvarken.org\\\/fi\\\/vasterbottenin-pohjanmaan-ja-pohjoismaisen-yhteistyon-vahvistaminen-katseet-merenkurkun-yhteistyossa-vasterbotten-pa-grand-hotel-2024-tapahtumassa\\\/#breadcrumb\"},\"inLanguage\":\"fi\",\"potentialAction\":[{\"@type\":\"ReadAction\",\"target\":[\"https:\\\/\\\/www.kvarken.org\\\/fi\\\/vasterbottenin-pohjanmaan-ja-pohjoismaisen-yhteistyon-vahvistaminen-katseet-merenkurkun-yhteistyossa-vasterbotten-pa-grand-hotel-2024-tapahtumassa\\\/\"]}]},{\"@type\":\"ImageObject\",\"inLanguage\":\"fi\",\"@id\":\"https:\\\/\\\/www.kvarken.org\\\/fi\\\/vasterbottenin-pohjanmaan-ja-pohjoismaisen-yhteistyon-vahvistaminen-katseet-merenkurkun-yhteistyossa-vasterbotten-pa-grand-hotel-2024-tapahtumassa\\\/#primaryimage\",\"url\":\"https:\\\/\\\/www.kvarken.org\\\/wp-content\\\/uploads\\\/2024\\\/02\\\/240130-Grand96.jpg\",\"contentUrl\":\"https:\\\/\\\/www.kvarken.org\\\/wp-content\\\/uploads\\\/2024\\\/02\\\/240130-Grand96.jpg\",\"width\":8192,\"height\":5464,\"caption\":\"240130 Granddagarna\"},{\"@type\":\"BreadcrumbList\",\"@id\":\"https:\\\/\\\/www.kvarken.org\\\/fi\\\/vasterbottenin-pohjanmaan-ja-pohjoismaisen-yhteistyon-vahvistaminen-katseet-merenkurkun-yhteistyossa-vasterbotten-pa-grand-hotel-2024-tapahtumassa\\\/#breadcrumb\",\"itemListElement\":[{\"@type\":\"ListItem\",\"position\":1,\"name\":\"Hem\",\"item\":\"https:\\\/\\\/www.kvarken.org\\\/fi\\\/\"},{\"@type\":\"ListItem\",\"position\":2,\"name\":\"V\u00e4sterbottenin, Pohjanmaan ja pohjoismaisen yhteisty\u00f6n vahvistaminen \u2013 Katseet Merenkurkun yhteisty\u00f6ss\u00e4 V\u00e4sterbotten p\u00e5 Grand H\u00f4tel 2024\u202f-tapahtumassa\"}]},{\"@type\":\"WebSite\",\"@id\":\"https:\\\/\\\/www.kvarken.org\\\/fi\\\/#website\",\"url\":\"https:\\\/\\\/www.kvarken.org\\\/fi\\\/\",\"name\":\"Kvarkenr\u00e5det\",\"description\":\"\",\"potentialAction\":[{\"@type\":\"SearchAction\",\"target\":{\"@type\":\"EntryPoint\",\"urlTemplate\":\"https:\\\/\\\/www.kvarken.org\\\/fi\\\/?s={search_term_string}\"},\"query-input\":{\"@type\":\"PropertyValueSpecification\",\"valueRequired\":true,\"valueName\":\"search_term_string\"}}],\"inLanguage\":\"fi\"},{\"@type\":\"Person\",\"@id\":\"https:\\\/\\\/www.kvarken.org\\\/fi\\\/#\\\/schema\\\/person\\\/0da9a52b8b8962cba7c963d7189046b5\",\"name\":\"Huuhka Ida-Maria\",\"image\":{\"@type\":\"ImageObject\",\"inLanguage\":\"fi\",\"@id\":\"https:\\\/\\\/secure.gravatar.com\\\/avatar\\\/8b0e50e08aa7a664dc6e2c23a82b9f95c7dc6946a41a69227e0712becda209aa?s=96&d=mm&r=g\",\"url\":\"https:\\\/\\\/secure.gravatar.com\\\/avatar\\\/8b0e50e08aa7a664dc6e2c23a82b9f95c7dc6946a41a69227e0712becda209aa?s=96&d=mm&r=g\",\"contentUrl\":\"https:\\\/\\\/secure.gravatar.com\\\/avatar\\\/8b0e50e08aa7a664dc6e2c23a82b9f95c7dc6946a41a69227e0712becda209aa?s=96&d=mm&r=g\",\"caption\":\"Huuhka Ida-Maria\"}}]}<\/script>\n<!-- \/ Yoast SEO plugin. -->","yoast_head_json":{"title":"V\u00e4sterbottenin, Pohjanmaan ja pohjoismaisen yhteisty\u00f6n vahvistaminen \u2013 Katseet Merenkurkun yhteisty\u00f6ss\u00e4 V\u00e4sterbotten p\u00e5 Grand H\u00f4tel 2024\u202f-tapahtumassa - Kvarkenr\u00e5det","robots":{"index":"index","follow":"follow","max-snippet":"max-snippet:-1","max-image-preview":"max-image-preview:large","max-video-preview":"max-video-preview:-1"},"canonical":"https:\/\/www.kvarken.org\/fi\/vasterbottenin-pohjanmaan-ja-pohjoismaisen-yhteistyon-vahvistaminen-katseet-merenkurkun-yhteistyossa-vasterbotten-pa-grand-hotel-2024-tapahtumassa\/","og_locale":"fi_FI","og_type":"article","og_title":"V\u00e4sterbottenin, Pohjanmaan ja pohjoismaisen yhteisty\u00f6n vahvistaminen \u2013 Katseet Merenkurkun yhteisty\u00f6ss\u00e4 V\u00e4sterbotten p\u00e5 Grand H\u00f4tel 2024\u202f-tapahtumassa - Kvarkenr\u00e5det","og_description":"Politiikan, elinkeinoel\u00e4m\u00e4n, akateemisen maailman, kansalaisyhteiskunnan ja julkisen sektorin toimijat kokoontuivat Tukholman Grand H\u00f4teliin kokemustenvaihtoa, uusia kontakteja, yhteisty\u00f6t\u00e4 ja vaikuttamista varten. Vuoden teema oli: \u201dV\u00e4sterbotten, siirtym\u00e4n edell\u00e4k\u00e4vij\u00e4. Miten voimme lis\u00e4t\u00e4 vauhtia?\u201d.","og_url":"https:\/\/www.kvarken.org\/fi\/vasterbottenin-pohjanmaan-ja-pohjoismaisen-yhteistyon-vahvistaminen-katseet-merenkurkun-yhteistyossa-vasterbotten-pa-grand-hotel-2024-tapahtumassa\/","og_site_name":"Kvarkenr\u00e5det","article_published_time":"2024-02-07T10:03:03+00:00","article_modified_time":"2024-02-07T13:25:20+00:00","og_image":[{"width":1024,"height":683,"url":"https:\/\/www.kvarken.org\/wp-content\/uploads\/2024\/02\/240130-Grand96-1024x683.jpg","type":"image\/jpeg"}],"author":"Huuhka Ida-Maria","twitter_card":"summary_large_image","twitter_misc":{"Kirjoittanut":"Huuhka Ida-Maria","Arvioitu lukuaika":"2 minuuttia"},"schema":{"@context":"https:\/\/schema.org","@graph":[{"@type":"Article","@id":"https:\/\/www.kvarken.org\/fi\/vasterbottenin-pohjanmaan-ja-pohjoismaisen-yhteistyon-vahvistaminen-katseet-merenkurkun-yhteistyossa-vasterbotten-pa-grand-hotel-2024-tapahtumassa\/#article","isPartOf":{"@id":"https:\/\/www.kvarken.org\/fi\/vasterbottenin-pohjanmaan-ja-pohjoismaisen-yhteistyon-vahvistaminen-katseet-merenkurkun-yhteistyossa-vasterbotten-pa-grand-hotel-2024-tapahtumassa\/"},"author":{"name":"Huuhka Ida-Maria","@id":"https:\/\/www.kvarken.org\/fi\/#\/schema\/person\/0da9a52b8b8962cba7c963d7189046b5"},"headline":"V\u00e4sterbottenin, Pohjanmaan ja pohjoismaisen yhteisty\u00f6n vahvistaminen \u2013 Katseet Merenkurkun yhteisty\u00f6ss\u00e4 V\u00e4sterbotten p\u00e5 Grand H\u00f4tel 2024\u202f-tapahtumassa","datePublished":"2024-02-07T10:03:03+00:00","dateModified":"2024-02-07T13:25:20+00:00","mainEntityOfPage":{"@id":"https:\/\/www.kvarken.org\/fi\/vasterbottenin-pohjanmaan-ja-pohjoismaisen-yhteistyon-vahvistaminen-katseet-merenkurkun-yhteistyossa-vasterbotten-pa-grand-hotel-2024-tapahtumassa\/"},"wordCount":235,"commentCount":0,"image":{"@id":"https:\/\/www.kvarken.org\/fi\/vasterbottenin-pohjanmaan-ja-pohjoismaisen-yhteistyon-vahvistaminen-katseet-merenkurkun-yhteistyossa-vasterbotten-pa-grand-hotel-2024-tapahtumassa\/#primaryimage"},"thumbnailUrl":"https:\/\/www.kvarken.org\/wp-content\/uploads\/2024\/02\/240130-Grand96.jpg","articleSection":["Uncategorized @fi"],"inLanguage":"fi","potentialAction":[{"@type":"CommentAction","name":"Comment","target":["https:\/\/www.kvarken.org\/fi\/vasterbottenin-pohjanmaan-ja-pohjoismaisen-yhteistyon-vahvistaminen-katseet-merenkurkun-yhteistyossa-vasterbotten-pa-grand-hotel-2024-tapahtumassa\/#respond"]}]},{"@type":"WebPage","@id":"https:\/\/www.kvarken.org\/fi\/vasterbottenin-pohjanmaan-ja-pohjoismaisen-yhteistyon-vahvistaminen-katseet-merenkurkun-yhteistyossa-vasterbotten-pa-grand-hotel-2024-tapahtumassa\/","url":"https:\/\/www.kvarken.org\/fi\/vasterbottenin-pohjanmaan-ja-pohjoismaisen-yhteistyon-vahvistaminen-katseet-merenkurkun-yhteistyossa-vasterbotten-pa-grand-hotel-2024-tapahtumassa\/","name":"V\u00e4sterbottenin, Pohjanmaan ja pohjoismaisen yhteisty\u00f6n vahvistaminen \u2013 Katseet Merenkurkun yhteisty\u00f6ss\u00e4 V\u00e4sterbotten p\u00e5 Grand H\u00f4tel 2024\u202f-tapahtumassa - Kvarkenr\u00e5det","isPartOf":{"@id":"https:\/\/www.kvarken.org\/fi\/#website"},"primaryImageOfPage":{"@id":"https:\/\/www.kvarken.org\/fi\/vasterbottenin-pohjanmaan-ja-pohjoismaisen-yhteistyon-vahvistaminen-katseet-merenkurkun-yhteistyossa-vasterbotten-pa-grand-hotel-2024-tapahtumassa\/#primaryimage"},"image":{"@id":"https:\/\/www.kvarken.org\/fi\/vasterbottenin-pohjanmaan-ja-pohjoismaisen-yhteistyon-vahvistaminen-katseet-merenkurkun-yhteistyossa-vasterbotten-pa-grand-hotel-2024-tapahtumassa\/#primaryimage"},"thumbnailUrl":"https:\/\/www.kvarken.org\/wp-content\/uploads\/2024\/02\/240130-Grand96.jpg","datePublished":"2024-02-07T10:03:03+00:00","dateModified":"2024-02-07T13:25:20+00:00","author":{"@id":"https:\/\/www.kvarken.org\/fi\/#\/schema\/person\/0da9a52b8b8962cba7c963d7189046b5"},"breadcrumb":{"@id":"https:\/\/www.kvarken.org\/fi\/vasterbottenin-pohjanmaan-ja-pohjoismaisen-yhteistyon-vahvistaminen-katseet-merenkurkun-yhteistyossa-vasterbotten-pa-grand-hotel-2024-tapahtumassa\/#breadcrumb"},"inLanguage":"fi","potentialAction":[{"@type":"ReadAction","target":["https:\/\/www.kvarken.org\/fi\/vasterbottenin-pohjanmaan-ja-pohjoismaisen-yhteistyon-vahvistaminen-katseet-merenkurkun-yhteistyossa-vasterbotten-pa-grand-hotel-2024-tapahtumassa\/"]}]},{"@type":"ImageObject","inLanguage":"fi","@id":"https:\/\/www.kvarken.org\/fi\/vasterbottenin-pohjanmaan-ja-pohjoismaisen-yhteistyon-vahvistaminen-katseet-merenkurkun-yhteistyossa-vasterbotten-pa-grand-hotel-2024-tapahtumassa\/#primaryimage","url":"https:\/\/www.kvarken.org\/wp-content\/uploads\/2024\/02\/240130-Grand96.jpg","contentUrl":"https:\/\/www.kvarken.org\/wp-content\/uploads\/2024\/02\/240130-Grand96.jpg","width":8192,"height":5464,"caption":"240130 Granddagarna"},{"@type":"BreadcrumbList","@id":"https:\/\/www.kvarken.org\/fi\/vasterbottenin-pohjanmaan-ja-pohjoismaisen-yhteistyon-vahvistaminen-katseet-merenkurkun-yhteistyossa-vasterbotten-pa-grand-hotel-2024-tapahtumassa\/#breadcrumb","itemListElement":[{"@type":"ListItem","position":1,"name":"Hem","item":"https:\/\/www.kvarken.org\/fi\/"},{"@type":"ListItem","position":2,"name":"V\u00e4sterbottenin, Pohjanmaan ja pohjoismaisen yhteisty\u00f6n vahvistaminen \u2013 Katseet Merenkurkun yhteisty\u00f6ss\u00e4 V\u00e4sterbotten p\u00e5 Grand H\u00f4tel 2024\u202f-tapahtumassa"}]},{"@type":"WebSite","@id":"https:\/\/www.kvarken.org\/fi\/#website","url":"https:\/\/www.kvarken.org\/fi\/","name":"Kvarkenr\u00e5det","description":"","potentialAction":[{"@type":"SearchAction","target":{"@type":"EntryPoint","urlTemplate":"https:\/\/www.kvarken.org\/fi\/?s={search_term_string}"},"query-input":{"@type":"PropertyValueSpecification","valueRequired":true,"valueName":"search_term_string"}}],"inLanguage":"fi"},{"@type":"Person","@id":"https:\/\/www.kvarken.org\/fi\/#\/schema\/person\/0da9a52b8b8962cba7c963d7189046b5","name":"Huuhka Ida-Maria","image":{"@type":"ImageObject","inLanguage":"fi","@id":"https:\/\/secure.gravatar.com\/avatar\/8b0e50e08aa7a664dc6e2c23a82b9f95c7dc6946a41a69227e0712becda209aa?s=96&d=mm&r=g","url":"https:\/\/secure.gravatar.com\/avatar\/8b0e50e08aa7a664dc6e2c23a82b9f95c7dc6946a41a69227e0712becda209aa?s=96&d=mm&r=g","contentUrl":"https:\/\/secure.gravatar.com\/avatar\/8b0e50e08aa7a664dc6e2c23a82b9f95c7dc6946a41a69227e0712becda209aa?s=96&d=mm&r=g","caption":"Huuhka Ida-Maria"}}]}},"_links":{"self":[{"href":"https:\/\/www.kvarken.org\/fi\/wp-json\/wp\/v2\/posts\/19836","targetHints":{"allow":["GET"]}}],"collection":[{"href":"https:\/\/www.kvarken.org\/fi\/wp-json\/wp\/v2\/posts"}],"about":[{"href":"https:\/\/www.kvarken.org\/fi\/wp-json\/wp\/v2\/types\/post"}],"author":[{"embeddable":true,"href":"https:\/\/www.kvarken.org\/fi\/wp-json\/wp\/v2\/users\/6"}],"replies":[{"embeddable":true,"href":"https:\/\/www.kvarken.org\/fi\/wp-json\/wp\/v2\/comments?post=19836"}],"version-history":[{"count":3,"href":"https:\/\/www.kvarken.org\/fi\/wp-json\/wp\/v2\/posts\/19836\/revisions"}],"predecessor-version":[{"id":19864,"href":"https:\/\/www.kvarken.org\/fi\/wp-json\/wp\/v2\/posts\/19836\/revisions\/19864"}],"wp:featuredmedia":[{"embeddable":true,"href":"https:\/\/www.kvarken.org\/fi\/wp-json\/wp\/v2\/media\/19846"}],"wp:attachment":[{"href":"https:\/\/www.kvarken.org\/fi\/wp-json\/wp\/v2\/media?parent=19836"}],"wp:term":[{"taxonomy":"category","embeddable":true,"href":"https:\/\/www.kvarken.org\/fi\/wp-json\/wp\/v2\/categories?post=19836"},{"taxonomy":"post_tag","embeddable":true,"href":"https:\/\/www.kvarken.org\/fi\/wp-json\/wp\/v2\/tags?post=19836"},{"taxonomy":"amnen","embeddable":true,"href":"https:\/\/www.kvarken.org\/fi\/wp-json\/wp\/v2\/amnen?post=19836"}],"curies":[{"name":"wp","href":"https:\/\/api.w.org\/{rel}","templated":true}]}}