{"id":20640,"date":"2024-04-24T11:24:36","date_gmt":"2024-04-24T08:24:36","guid":{"rendered":"https:\/\/www.kvarken.org\/?p=20640"},"modified":"2024-05-29T15:18:43","modified_gmt":"2024-05-29T12:18:43","slug":"strand-ja-skinnari-vahvistivat-alueiden-aanta-jarnvagsforum-norr-2024-tapahtumassa","status":"publish","type":"post","link":"https:\/\/www.kvarken.org\/fi\/strand-ja-skinnari-vahvistivat-alueiden-aanta-jarnvagsforum-norr-2024-tapahtumassa\/","title":{"rendered":"Strand ja Skinnari vahvistivat alueiden \u00e4\u00e4nt\u00e4 J\u00e4rnv\u00e4gsforum Norr 2024 -tapahtumassa"},"content":{"rendered":"<p style=\"font-weight: 400;\">Kansanedustajat <strong>Joakim Strand<\/strong> (RKP) ja entinen kehitysyhteisty\u00f6 &#8211; ja ulkomaankauppaministeri <strong>Ville Skinnari<\/strong> (SDP) osallistuivat aktiivisesti J\u00e4rnv\u00e4gsforum Norr 2024 -konferenssiin, joka pidettiin Sundsvallissa 18.\u201319. huhtikuuta. Tapahtuma ker\u00e4si yhteen 250 johtavaa p\u00e4\u00e4tt\u00e4j\u00e4\u00e4, yritysjohtajaa ja mielipidevaikuttajaa keskustelemaan Pohjois-Ruotsin ja my\u00f6s Pohjois-Pohjolan infrastruktuurikehityksest\u00e4. Osallistujana oli my\u00f6s Ruotsin infrastruktuuriministeri, mik\u00e4 korostaa tilaisuuden merkityst\u00e4 pohjoisen alueen yhteisty\u00f6lle.<\/p>\n<p style=\"font-weight: 400;\">Skinnari ja Strand keskittyiv\u00e4t puheenvuoroissaan infrastruktuurin kehitt\u00e4misen ja turvallisuuspoliittisen yhteisty\u00f6n vahvistamiseen Pohjoismaissa. Nordic Connectorin, eli Merenkurkun kiinte\u00e4n yhteyden ja sen positiivisten vaikutusten, puolestapuhujina he korostivat yhteisty\u00f6n merkityst\u00e4 ja alueellisen kasvun mahdollisuuksia.<\/p>\n<h2 style=\"font-weight: 400;\">Kasvu on pohjoisessa, mutta kuulevatko p\u00e4\u00e4kaupungit alueiden \u00e4\u00e4nt\u00e4, kuuleeko EU?, he kysyiv\u00e4t yhdess\u00e4<\/h2>\n<p style=\"font-weight: 400;\">Ville Skinnari puhui tapahtumassa kokonaisturvallisuudesta ja logistisista ratkaisuista, joita tarvitaan Pohjoismaiden vihre\u00e4n siirtym\u00e4n mahdollistamiseksi. H\u00e4n korosti, ett\u00e4 Nato-j\u00e4senyytemme my\u00f6t\u00e4 meid\u00e4n on vahvistettava alueellista yhteisty\u00f6t\u00e4mme ja panostettava entist\u00e4 enemm\u00e4n poikittaisiin logistisiin yhteyksiin, jotka ovat keskeisi\u00e4 sek\u00e4 turvallisuudellemme ett\u00e4 taloudellemme.<\/p>\n<p style=\"font-weight: 400;\">\u2013 Merenkurkun alue on edell\u00e4k\u00e4vij\u00e4alue, jossa on todellista yhteisty\u00f6t\u00e4 maiden rajojen yli ja kehityshankkeiden toteuttamista alueen kasvun edist\u00e4miseksi \u2013 todellinen mallialue, jonka mallia tulisi hy\u00f6dynt\u00e4\u00e4, ei vain pohjoismaisella tasolla vaan my\u00f6s Euroopan tasolla. Twin city ajattelua pit\u00e4\u00e4 monistaa edelleen.<\/p>\n<p style=\"font-weight: 400;\">\u2013 Esimerkiksi Nordic Connector \u2013 eli kiinte\u00e4n yhteyden vuoksi teht\u00e4v\u00e4 ty\u00f6 \u2013 yhdist\u00e4\u00e4 ja edist\u00e4\u00e4 ei vain kyseist\u00e4 aluetta, vaan vaikutusalue on paljon suurempi, ja momentum on nyt!<\/p>\n<p style=\"font-weight: 400;\">\u2013 On aika, ett\u00e4 my\u00f6s korkeimmat p\u00e4\u00e4tt\u00e4j\u00e4t p\u00e4\u00e4kaupungeissamme ja EU:ssa tunnistavat t\u00e4m\u00e4n tarpeen ja sen tuomat mahdollisuudet pohjoisen Euroopan kasvuun ja kehitykseen, <strong>Skinnari<\/strong> jatkaa.<\/p>\n<p style=\"font-weight: 400;\">Joakim <strong>Strand<\/strong>, joka toimii my\u00f6s Merenkurkun neuvoston varapuheenjohtajana, keskittyi infrastruktuurin rooliin alueen taloudellisena selk\u00e4rankana.<\/p>\n<p style=\"font-weight: 400;\">\u2013 Nordic Connector ei ole vain hanke; se on porttimme tulevaisuuteen, jossa vahvistamme it\u00e4-l\u00e4nsi-suuntaisia yhteyksi\u00e4 ja luomme uusia kasvumahdollisuuksia koko Pohjois-Euroopalle, Strand sanoi.<\/p>\n<p style=\"font-weight: 400;\">\u2013 T\u00e4ll\u00e4 hetkell\u00e4 kehityshankkeen edist\u00e4minen edellytt\u00e4\u00e4, ett\u00e4 korkeimman tason p\u00e4\u00e4tt\u00e4j\u00e4t p\u00e4\u00e4kaupungeissamme ymm\u00e4rt\u00e4v\u00e4t tarpeen, sen tulevat vaikutukset ja ovat valmiita sis\u00e4ist\u00e4m\u00e4\u00e4n, miten t\u00e4m\u00e4 voisi vaikuttaa pohjoisen Euroopan kasvuun ja kehitykseen.<\/p>\n<p style=\"font-weight: 400;\">\u2013 Me olemme valmiita vastaamaan mahdollisiin kysymyksiin ja edist\u00e4m\u00e4\u00e4n dialogia kaikilla tasoilla, jotta voimme yhdess\u00e4 rakentaa kest\u00e4v\u00e4mp\u00e4\u00e4 ja elinvoimaista tulevaisuutta, edustajat toteavat.<\/p>\n<p>Katso ja kuuntele esitykset <a href=\"https:\/\/www.youtube.com\/watch?v=M0lhmKYuMO0\"><strong>T\u00c4\u00c4LL\u00c4<\/strong><\/a>.<\/p>\n<div id=\"attachment_20899\" style=\"width: 2058px\" class=\"wp-caption alignleft\"><img decoding=\"async\" aria-describedby=\"caption-attachment-20899\" class=\"wp-image-20899 size-full\" src=\"https:\/\/www.kvarken.org\/wp-content\/uploads\/2024\/05\/DSC0053_JVFN24_Pressbild_MariaGNilsson.jpg\" alt=\"\" width=\"2048\" height=\"1536\" srcset=\"https:\/\/www.kvarken.org\/wp-content\/uploads\/2024\/05\/DSC0053_JVFN24_Pressbild_MariaGNilsson.jpg 2048w, https:\/\/www.kvarken.org\/wp-content\/uploads\/2024\/05\/DSC0053_JVFN24_Pressbild_MariaGNilsson-1280x960.jpg 1280w, https:\/\/www.kvarken.org\/wp-content\/uploads\/2024\/05\/DSC0053_JVFN24_Pressbild_MariaGNilsson-980x735.jpg 980w, https:\/\/www.kvarken.org\/wp-content\/uploads\/2024\/05\/DSC0053_JVFN24_Pressbild_MariaGNilsson-480x360.jpg 480w\" sizes=\"(min-width: 0px) and (max-width: 480px) 480px, (min-width: 481px) and (max-width: 980px) 980px, (min-width: 981px) and (max-width: 1280px) 1280px, (min-width: 1281px) 2048px, 100vw\" \/><p id=\"caption-attachment-20899\" class=\"wp-caption-text\">Ville Skinnari puhui J\u00e4rnv\u00e4gsforum Norr 2024 -tapahtumassa kokonaisturvallisuudesta ja logistisista ratkaisuista, joita tarvitaan Pohjoismaiden vihre\u00e4n siirtym\u00e4n mahdollistamiseksi. Valokuvaaja: Maria G Nilsson.<\/p><\/div>\n<div id=\"attachment_20896\" style=\"width: 2058px\" class=\"wp-caption alignleft\"><img decoding=\"async\" aria-describedby=\"caption-attachment-20896\" class=\"wp-image-20896 size-full\" src=\"https:\/\/www.kvarken.org\/wp-content\/uploads\/2024\/05\/DSC0297_JVFN24_Pressbild_MariaGNilsson.jpg\" alt=\"\" width=\"2048\" height=\"1365\" srcset=\"https:\/\/www.kvarken.org\/wp-content\/uploads\/2024\/05\/DSC0297_JVFN24_Pressbild_MariaGNilsson.jpg 2048w, https:\/\/www.kvarken.org\/wp-content\/uploads\/2024\/05\/DSC0297_JVFN24_Pressbild_MariaGNilsson-1280x853.jpg 1280w, https:\/\/www.kvarken.org\/wp-content\/uploads\/2024\/05\/DSC0297_JVFN24_Pressbild_MariaGNilsson-980x653.jpg 980w, https:\/\/www.kvarken.org\/wp-content\/uploads\/2024\/05\/DSC0297_JVFN24_Pressbild_MariaGNilsson-480x320.jpg 480w\" sizes=\"(min-width: 0px) and (max-width: 480px) 480px, (min-width: 481px) and (max-width: 980px) 980px, (min-width: 981px) and (max-width: 1280px) 1280px, (min-width: 1281px) 2048px, 100vw\" \/><p id=\"caption-attachment-20896\" class=\"wp-caption-text\">Joakim Strand keskittyi puheessaan infrastruktuurin rooliin alueen taloudellisena selk\u00e4rankana. Valokuvaaja: Maria G Nilsson.<\/p><\/div>\n<p>&nbsp;<\/p>\n<p style=\"font-weight: 400;\"><em><strong>Merenkurkun neuvosto<\/strong> on Pohjanmaan kolmen maakunnan sek\u00e4 Ruotsin V\u00e4sterbottenin ja V\u00e4sternorrlandin maakuntien pohjoismainen, raja-alueellinen yhteisty\u00f6foorumi. Yhdess\u00e4 alueet muodostavat Merenkurkun alueen.<\/em><\/p>\n<p style=\"font-weight: 400;\"><em>Olemme Pohjoismaiden demokraattisin monitasoinen hallintorakenne ja ensimm\u00e4inen t\u00e4ysin pohjoismainen EAYY-alue. Edist\u00e4mme kaikenlaista rajat ylitt\u00e4v\u00e4\u00e4 yhteisty\u00f6t\u00e4 tavoitteenamme kehitt\u00e4\u00e4 aluettamme parhaaksi mahdolliseksi paikaksi tuleville sukupolville.\u00a0Merenkurkun neuvosto on yksi Pohjoismaiden ministerineuvoston virallisista raja-alueellisista yhteisty\u00f6elimist\u00e4.<\/em><\/p>\n","protected":false},"excerpt":{"rendered":"<p>Kansanedustajat Joakim Strand (RKP) ja Ville Skinnari (SDP) osallistuivat aktiivisesti J\u00e4rnv\u00e4gsforum Norr 2024 -konferenssiin, joka pidettiin Sundsvallissa 18.\u201319. huhtikuuta.<\/p>\n","protected":false},"author":6,"featured_media":20899,"comment_status":"open","ping_status":"open","sticky":false,"template":"","format":"standard","meta":{"_acf_changed":false,"_et_pb_use_builder":"","_et_pb_old_content":"","_et_gb_content_width":"","footnotes":""},"categories":[67,13],"tags":[],"amnen":[100,86],"class_list":["post-20640","post","type-post","status-publish","format-standard","has-post-thumbnail","hentry","category-lehdistotiedote","category-uncategorized-fi","amnen-eayy","amnen-yhteistyomuodot-fi"],"acf":[],"yoast_head":"<!-- This site is optimized with the Yoast SEO plugin v27.4 - https:\/\/yoast.com\/product\/yoast-seo-wordpress\/ -->\n<title>Strand ja Skinnari vahvistivat alueiden \u00e4\u00e4nt\u00e4 J\u00e4rnv\u00e4gsforum Norr 2024 -tapahtumassa - Kvarkenr\u00e5det<\/title>\n<meta name=\"robots\" content=\"index, follow, max-snippet:-1, max-image-preview:large, max-video-preview:-1\" \/>\n<link rel=\"canonical\" href=\"https:\/\/www.kvarken.org\/fi\/strand-ja-skinnari-vahvistivat-alueiden-aanta-jarnvagsforum-norr-2024-tapahtumassa\/\" \/>\n<meta property=\"og:locale\" content=\"fi_FI\" \/>\n<meta property=\"og:type\" content=\"article\" \/>\n<meta property=\"og:title\" content=\"Strand ja Skinnari vahvistivat alueiden \u00e4\u00e4nt\u00e4 J\u00e4rnv\u00e4gsforum Norr 2024 -tapahtumassa - Kvarkenr\u00e5det\" \/>\n<meta property=\"og:description\" content=\"Kansanedustajat Joakim Strand (RKP) ja Ville Skinnari (SDP) osallistuivat aktiivisesti J\u00e4rnv\u00e4gsforum Norr 2024 -konferenssiin, joka pidettiin Sundsvallissa 18.\u201319. huhtikuuta.\" \/>\n<meta property=\"og:url\" content=\"https:\/\/www.kvarken.org\/fi\/strand-ja-skinnari-vahvistivat-alueiden-aanta-jarnvagsforum-norr-2024-tapahtumassa\/\" \/>\n<meta property=\"og:site_name\" content=\"Kvarkenr\u00e5det\" \/>\n<meta property=\"article:published_time\" content=\"2024-04-24T08:24:36+00:00\" \/>\n<meta property=\"article:modified_time\" content=\"2024-05-29T12:18:43+00:00\" \/>\n<meta property=\"og:image\" content=\"https:\/\/www.kvarken.org\/wp-content\/uploads\/2024\/05\/DSC0053_JVFN24_Pressbild_MariaGNilsson.jpg\" \/>\n\t<meta property=\"og:image:width\" content=\"2048\" \/>\n\t<meta property=\"og:image:height\" content=\"1536\" \/>\n\t<meta property=\"og:image:type\" content=\"image\/jpeg\" \/>\n<meta name=\"author\" content=\"Huuhka Ida-Maria\" \/>\n<meta name=\"twitter:card\" content=\"summary_large_image\" \/>\n<meta name=\"twitter:label1\" content=\"Kirjoittanut\" \/>\n\t<meta name=\"twitter:data1\" content=\"Huuhka Ida-Maria\" \/>\n\t<meta name=\"twitter:label2\" content=\"Arvioitu lukuaika\" \/>\n\t<meta name=\"twitter:data2\" content=\"3 minuuttia\" \/>\n<script type=\"application\/ld+json\" class=\"yoast-schema-graph\">{\"@context\":\"https:\\\/\\\/schema.org\",\"@graph\":[{\"@type\":\"Article\",\"@id\":\"https:\\\/\\\/www.kvarken.org\\\/fi\\\/strand-ja-skinnari-vahvistivat-alueiden-aanta-jarnvagsforum-norr-2024-tapahtumassa\\\/#article\",\"isPartOf\":{\"@id\":\"https:\\\/\\\/www.kvarken.org\\\/fi\\\/strand-ja-skinnari-vahvistivat-alueiden-aanta-jarnvagsforum-norr-2024-tapahtumassa\\\/\"},\"author\":{\"name\":\"Huuhka Ida-Maria\",\"@id\":\"https:\\\/\\\/www.kvarken.org\\\/fi\\\/#\\\/schema\\\/person\\\/0da9a52b8b8962cba7c963d7189046b5\"},\"headline\":\"Strand ja Skinnari vahvistivat alueiden \u00e4\u00e4nt\u00e4 J\u00e4rnv\u00e4gsforum Norr 2024 -tapahtumassa\",\"datePublished\":\"2024-04-24T08:24:36+00:00\",\"dateModified\":\"2024-05-29T12:18:43+00:00\",\"mainEntityOfPage\":{\"@id\":\"https:\\\/\\\/www.kvarken.org\\\/fi\\\/strand-ja-skinnari-vahvistivat-alueiden-aanta-jarnvagsforum-norr-2024-tapahtumassa\\\/\"},\"wordCount\":493,\"commentCount\":0,\"image\":{\"@id\":\"https:\\\/\\\/www.kvarken.org\\\/fi\\\/strand-ja-skinnari-vahvistivat-alueiden-aanta-jarnvagsforum-norr-2024-tapahtumassa\\\/#primaryimage\"},\"thumbnailUrl\":\"https:\\\/\\\/www.kvarken.org\\\/wp-content\\\/uploads\\\/2024\\\/05\\\/DSC0053_JVFN24_Pressbild_MariaGNilsson.jpg\",\"articleSection\":[\"Lehdist\u00f6tiedote\",\"Uncategorized @fi\"],\"inLanguage\":\"fi\",\"potentialAction\":[{\"@type\":\"CommentAction\",\"name\":\"Comment\",\"target\":[\"https:\\\/\\\/www.kvarken.org\\\/fi\\\/strand-ja-skinnari-vahvistivat-alueiden-aanta-jarnvagsforum-norr-2024-tapahtumassa\\\/#respond\"]}]},{\"@type\":\"WebPage\",\"@id\":\"https:\\\/\\\/www.kvarken.org\\\/fi\\\/strand-ja-skinnari-vahvistivat-alueiden-aanta-jarnvagsforum-norr-2024-tapahtumassa\\\/\",\"url\":\"https:\\\/\\\/www.kvarken.org\\\/fi\\\/strand-ja-skinnari-vahvistivat-alueiden-aanta-jarnvagsforum-norr-2024-tapahtumassa\\\/\",\"name\":\"Strand ja Skinnari vahvistivat alueiden \u00e4\u00e4nt\u00e4 J\u00e4rnv\u00e4gsforum Norr 2024 -tapahtumassa - Kvarkenr\u00e5det\",\"isPartOf\":{\"@id\":\"https:\\\/\\\/www.kvarken.org\\\/fi\\\/#website\"},\"primaryImageOfPage\":{\"@id\":\"https:\\\/\\\/www.kvarken.org\\\/fi\\\/strand-ja-skinnari-vahvistivat-alueiden-aanta-jarnvagsforum-norr-2024-tapahtumassa\\\/#primaryimage\"},\"image\":{\"@id\":\"https:\\\/\\\/www.kvarken.org\\\/fi\\\/strand-ja-skinnari-vahvistivat-alueiden-aanta-jarnvagsforum-norr-2024-tapahtumassa\\\/#primaryimage\"},\"thumbnailUrl\":\"https:\\\/\\\/www.kvarken.org\\\/wp-content\\\/uploads\\\/2024\\\/05\\\/DSC0053_JVFN24_Pressbild_MariaGNilsson.jpg\",\"datePublished\":\"2024-04-24T08:24:36+00:00\",\"dateModified\":\"2024-05-29T12:18:43+00:00\",\"author\":{\"@id\":\"https:\\\/\\\/www.kvarken.org\\\/fi\\\/#\\\/schema\\\/person\\\/0da9a52b8b8962cba7c963d7189046b5\"},\"breadcrumb\":{\"@id\":\"https:\\\/\\\/www.kvarken.org\\\/fi\\\/strand-ja-skinnari-vahvistivat-alueiden-aanta-jarnvagsforum-norr-2024-tapahtumassa\\\/#breadcrumb\"},\"inLanguage\":\"fi\",\"potentialAction\":[{\"@type\":\"ReadAction\",\"target\":[\"https:\\\/\\\/www.kvarken.org\\\/fi\\\/strand-ja-skinnari-vahvistivat-alueiden-aanta-jarnvagsforum-norr-2024-tapahtumassa\\\/\"]}]},{\"@type\":\"ImageObject\",\"inLanguage\":\"fi\",\"@id\":\"https:\\\/\\\/www.kvarken.org\\\/fi\\\/strand-ja-skinnari-vahvistivat-alueiden-aanta-jarnvagsforum-norr-2024-tapahtumassa\\\/#primaryimage\",\"url\":\"https:\\\/\\\/www.kvarken.org\\\/wp-content\\\/uploads\\\/2024\\\/05\\\/DSC0053_JVFN24_Pressbild_MariaGNilsson.jpg\",\"contentUrl\":\"https:\\\/\\\/www.kvarken.org\\\/wp-content\\\/uploads\\\/2024\\\/05\\\/DSC0053_JVFN24_Pressbild_MariaGNilsson.jpg\",\"width\":2048,\"height\":1536},{\"@type\":\"BreadcrumbList\",\"@id\":\"https:\\\/\\\/www.kvarken.org\\\/fi\\\/strand-ja-skinnari-vahvistivat-alueiden-aanta-jarnvagsforum-norr-2024-tapahtumassa\\\/#breadcrumb\",\"itemListElement\":[{\"@type\":\"ListItem\",\"position\":1,\"name\":\"Hem\",\"item\":\"https:\\\/\\\/www.kvarken.org\\\/fi\\\/\"},{\"@type\":\"ListItem\",\"position\":2,\"name\":\"Strand ja Skinnari vahvistivat alueiden \u00e4\u00e4nt\u00e4 J\u00e4rnv\u00e4gsforum Norr 2024 -tapahtumassa\"}]},{\"@type\":\"WebSite\",\"@id\":\"https:\\\/\\\/www.kvarken.org\\\/fi\\\/#website\",\"url\":\"https:\\\/\\\/www.kvarken.org\\\/fi\\\/\",\"name\":\"Kvarkenr\u00e5det\",\"description\":\"\",\"potentialAction\":[{\"@type\":\"SearchAction\",\"target\":{\"@type\":\"EntryPoint\",\"urlTemplate\":\"https:\\\/\\\/www.kvarken.org\\\/fi\\\/?s={search_term_string}\"},\"query-input\":{\"@type\":\"PropertyValueSpecification\",\"valueRequired\":true,\"valueName\":\"search_term_string\"}}],\"inLanguage\":\"fi\"},{\"@type\":\"Person\",\"@id\":\"https:\\\/\\\/www.kvarken.org\\\/fi\\\/#\\\/schema\\\/person\\\/0da9a52b8b8962cba7c963d7189046b5\",\"name\":\"Huuhka Ida-Maria\",\"image\":{\"@type\":\"ImageObject\",\"inLanguage\":\"fi\",\"@id\":\"https:\\\/\\\/secure.gravatar.com\\\/avatar\\\/8b0e50e08aa7a664dc6e2c23a82b9f95c7dc6946a41a69227e0712becda209aa?s=96&d=mm&r=g\",\"url\":\"https:\\\/\\\/secure.gravatar.com\\\/avatar\\\/8b0e50e08aa7a664dc6e2c23a82b9f95c7dc6946a41a69227e0712becda209aa?s=96&d=mm&r=g\",\"contentUrl\":\"https:\\\/\\\/secure.gravatar.com\\\/avatar\\\/8b0e50e08aa7a664dc6e2c23a82b9f95c7dc6946a41a69227e0712becda209aa?s=96&d=mm&r=g\",\"caption\":\"Huuhka Ida-Maria\"}}]}<\/script>\n<!-- \/ Yoast SEO plugin. -->","yoast_head_json":{"title":"Strand ja Skinnari vahvistivat alueiden \u00e4\u00e4nt\u00e4 J\u00e4rnv\u00e4gsforum Norr 2024 -tapahtumassa - Kvarkenr\u00e5det","robots":{"index":"index","follow":"follow","max-snippet":"max-snippet:-1","max-image-preview":"max-image-preview:large","max-video-preview":"max-video-preview:-1"},"canonical":"https:\/\/www.kvarken.org\/fi\/strand-ja-skinnari-vahvistivat-alueiden-aanta-jarnvagsforum-norr-2024-tapahtumassa\/","og_locale":"fi_FI","og_type":"article","og_title":"Strand ja Skinnari vahvistivat alueiden \u00e4\u00e4nt\u00e4 J\u00e4rnv\u00e4gsforum Norr 2024 -tapahtumassa - Kvarkenr\u00e5det","og_description":"Kansanedustajat Joakim Strand (RKP) ja Ville Skinnari (SDP) osallistuivat aktiivisesti J\u00e4rnv\u00e4gsforum Norr 2024 -konferenssiin, joka pidettiin Sundsvallissa 18.\u201319. huhtikuuta.","og_url":"https:\/\/www.kvarken.org\/fi\/strand-ja-skinnari-vahvistivat-alueiden-aanta-jarnvagsforum-norr-2024-tapahtumassa\/","og_site_name":"Kvarkenr\u00e5det","article_published_time":"2024-04-24T08:24:36+00:00","article_modified_time":"2024-05-29T12:18:43+00:00","og_image":[{"width":2048,"height":1536,"url":"https:\/\/www.kvarken.org\/wp-content\/uploads\/2024\/05\/DSC0053_JVFN24_Pressbild_MariaGNilsson.jpg","type":"image\/jpeg"}],"author":"Huuhka Ida-Maria","twitter_card":"summary_large_image","twitter_misc":{"Kirjoittanut":"Huuhka Ida-Maria","Arvioitu lukuaika":"3 minuuttia"},"schema":{"@context":"https:\/\/schema.org","@graph":[{"@type":"Article","@id":"https:\/\/www.kvarken.org\/fi\/strand-ja-skinnari-vahvistivat-alueiden-aanta-jarnvagsforum-norr-2024-tapahtumassa\/#article","isPartOf":{"@id":"https:\/\/www.kvarken.org\/fi\/strand-ja-skinnari-vahvistivat-alueiden-aanta-jarnvagsforum-norr-2024-tapahtumassa\/"},"author":{"name":"Huuhka Ida-Maria","@id":"https:\/\/www.kvarken.org\/fi\/#\/schema\/person\/0da9a52b8b8962cba7c963d7189046b5"},"headline":"Strand ja Skinnari vahvistivat alueiden \u00e4\u00e4nt\u00e4 J\u00e4rnv\u00e4gsforum Norr 2024 -tapahtumassa","datePublished":"2024-04-24T08:24:36+00:00","dateModified":"2024-05-29T12:18:43+00:00","mainEntityOfPage":{"@id":"https:\/\/www.kvarken.org\/fi\/strand-ja-skinnari-vahvistivat-alueiden-aanta-jarnvagsforum-norr-2024-tapahtumassa\/"},"wordCount":493,"commentCount":0,"image":{"@id":"https:\/\/www.kvarken.org\/fi\/strand-ja-skinnari-vahvistivat-alueiden-aanta-jarnvagsforum-norr-2024-tapahtumassa\/#primaryimage"},"thumbnailUrl":"https:\/\/www.kvarken.org\/wp-content\/uploads\/2024\/05\/DSC0053_JVFN24_Pressbild_MariaGNilsson.jpg","articleSection":["Lehdist\u00f6tiedote","Uncategorized @fi"],"inLanguage":"fi","potentialAction":[{"@type":"CommentAction","name":"Comment","target":["https:\/\/www.kvarken.org\/fi\/strand-ja-skinnari-vahvistivat-alueiden-aanta-jarnvagsforum-norr-2024-tapahtumassa\/#respond"]}]},{"@type":"WebPage","@id":"https:\/\/www.kvarken.org\/fi\/strand-ja-skinnari-vahvistivat-alueiden-aanta-jarnvagsforum-norr-2024-tapahtumassa\/","url":"https:\/\/www.kvarken.org\/fi\/strand-ja-skinnari-vahvistivat-alueiden-aanta-jarnvagsforum-norr-2024-tapahtumassa\/","name":"Strand ja Skinnari vahvistivat alueiden \u00e4\u00e4nt\u00e4 J\u00e4rnv\u00e4gsforum Norr 2024 -tapahtumassa - Kvarkenr\u00e5det","isPartOf":{"@id":"https:\/\/www.kvarken.org\/fi\/#website"},"primaryImageOfPage":{"@id":"https:\/\/www.kvarken.org\/fi\/strand-ja-skinnari-vahvistivat-alueiden-aanta-jarnvagsforum-norr-2024-tapahtumassa\/#primaryimage"},"image":{"@id":"https:\/\/www.kvarken.org\/fi\/strand-ja-skinnari-vahvistivat-alueiden-aanta-jarnvagsforum-norr-2024-tapahtumassa\/#primaryimage"},"thumbnailUrl":"https:\/\/www.kvarken.org\/wp-content\/uploads\/2024\/05\/DSC0053_JVFN24_Pressbild_MariaGNilsson.jpg","datePublished":"2024-04-24T08:24:36+00:00","dateModified":"2024-05-29T12:18:43+00:00","author":{"@id":"https:\/\/www.kvarken.org\/fi\/#\/schema\/person\/0da9a52b8b8962cba7c963d7189046b5"},"breadcrumb":{"@id":"https:\/\/www.kvarken.org\/fi\/strand-ja-skinnari-vahvistivat-alueiden-aanta-jarnvagsforum-norr-2024-tapahtumassa\/#breadcrumb"},"inLanguage":"fi","potentialAction":[{"@type":"ReadAction","target":["https:\/\/www.kvarken.org\/fi\/strand-ja-skinnari-vahvistivat-alueiden-aanta-jarnvagsforum-norr-2024-tapahtumassa\/"]}]},{"@type":"ImageObject","inLanguage":"fi","@id":"https:\/\/www.kvarken.org\/fi\/strand-ja-skinnari-vahvistivat-alueiden-aanta-jarnvagsforum-norr-2024-tapahtumassa\/#primaryimage","url":"https:\/\/www.kvarken.org\/wp-content\/uploads\/2024\/05\/DSC0053_JVFN24_Pressbild_MariaGNilsson.jpg","contentUrl":"https:\/\/www.kvarken.org\/wp-content\/uploads\/2024\/05\/DSC0053_JVFN24_Pressbild_MariaGNilsson.jpg","width":2048,"height":1536},{"@type":"BreadcrumbList","@id":"https:\/\/www.kvarken.org\/fi\/strand-ja-skinnari-vahvistivat-alueiden-aanta-jarnvagsforum-norr-2024-tapahtumassa\/#breadcrumb","itemListElement":[{"@type":"ListItem","position":1,"name":"Hem","item":"https:\/\/www.kvarken.org\/fi\/"},{"@type":"ListItem","position":2,"name":"Strand ja Skinnari vahvistivat alueiden \u00e4\u00e4nt\u00e4 J\u00e4rnv\u00e4gsforum Norr 2024 -tapahtumassa"}]},{"@type":"WebSite","@id":"https:\/\/www.kvarken.org\/fi\/#website","url":"https:\/\/www.kvarken.org\/fi\/","name":"Kvarkenr\u00e5det","description":"","potentialAction":[{"@type":"SearchAction","target":{"@type":"EntryPoint","urlTemplate":"https:\/\/www.kvarken.org\/fi\/?s={search_term_string}"},"query-input":{"@type":"PropertyValueSpecification","valueRequired":true,"valueName":"search_term_string"}}],"inLanguage":"fi"},{"@type":"Person","@id":"https:\/\/www.kvarken.org\/fi\/#\/schema\/person\/0da9a52b8b8962cba7c963d7189046b5","name":"Huuhka Ida-Maria","image":{"@type":"ImageObject","inLanguage":"fi","@id":"https:\/\/secure.gravatar.com\/avatar\/8b0e50e08aa7a664dc6e2c23a82b9f95c7dc6946a41a69227e0712becda209aa?s=96&d=mm&r=g","url":"https:\/\/secure.gravatar.com\/avatar\/8b0e50e08aa7a664dc6e2c23a82b9f95c7dc6946a41a69227e0712becda209aa?s=96&d=mm&r=g","contentUrl":"https:\/\/secure.gravatar.com\/avatar\/8b0e50e08aa7a664dc6e2c23a82b9f95c7dc6946a41a69227e0712becda209aa?s=96&d=mm&r=g","caption":"Huuhka Ida-Maria"}}]}},"_links":{"self":[{"href":"https:\/\/www.kvarken.org\/fi\/wp-json\/wp\/v2\/posts\/20640","targetHints":{"allow":["GET"]}}],"collection":[{"href":"https:\/\/www.kvarken.org\/fi\/wp-json\/wp\/v2\/posts"}],"about":[{"href":"https:\/\/www.kvarken.org\/fi\/wp-json\/wp\/v2\/types\/post"}],"author":[{"embeddable":true,"href":"https:\/\/www.kvarken.org\/fi\/wp-json\/wp\/v2\/users\/6"}],"replies":[{"embeddable":true,"href":"https:\/\/www.kvarken.org\/fi\/wp-json\/wp\/v2\/comments?post=20640"}],"version-history":[{"count":5,"href":"https:\/\/www.kvarken.org\/fi\/wp-json\/wp\/v2\/posts\/20640\/revisions"}],"predecessor-version":[{"id":20980,"href":"https:\/\/www.kvarken.org\/fi\/wp-json\/wp\/v2\/posts\/20640\/revisions\/20980"}],"wp:featuredmedia":[{"embeddable":true,"href":"https:\/\/www.kvarken.org\/fi\/wp-json\/wp\/v2\/media\/20899"}],"wp:attachment":[{"href":"https:\/\/www.kvarken.org\/fi\/wp-json\/wp\/v2\/media?parent=20640"}],"wp:term":[{"taxonomy":"category","embeddable":true,"href":"https:\/\/www.kvarken.org\/fi\/wp-json\/wp\/v2\/categories?post=20640"},{"taxonomy":"post_tag","embeddable":true,"href":"https:\/\/www.kvarken.org\/fi\/wp-json\/wp\/v2\/tags?post=20640"},{"taxonomy":"amnen","embeddable":true,"href":"https:\/\/www.kvarken.org\/fi\/wp-json\/wp\/v2\/amnen?post=20640"}],"curies":[{"name":"wp","href":"https:\/\/api.w.org\/{rel}","templated":true}]}}