{"id":20687,"date":"2024-04-30T13:56:35","date_gmt":"2024-04-30T10:56:35","guid":{"rendered":"https:\/\/www.kvarken.org\/?p=20687"},"modified":"2024-05-02T13:08:29","modified_gmt":"2024-05-02T10:08:29","slug":"the-bothnian-coastal-route-project-participated-in-the-swedish-workshop-in-sodertalje","status":"publish","type":"post","link":"https:\/\/www.kvarken.org\/fi\/the-bothnian-coastal-route-project-participated-in-the-swedish-workshop-in-sodertalje\/","title":{"rendered":"The Bothnian Coastal Route project participated in the Swedish Workshop in S\u00f6dert\u00e4lje"},"content":{"rendered":"<p><span lang=\"EN-GB\">The Bothnian Coastal Route project was present at the Swedish Workshop in S\u00f6dert\u00e4lje on April 24th\u201325th, where 62 enticing destinations and businesses met 105 tour operators from 17 countries.<\/span><\/p>\n<p><strong>Peter K\u00e4llberg<\/strong> from VASEK and <strong>Erja Back<\/strong> from Visit Ume\u00e5, conducted 29 intensive sales meetings and can attest that the interest in our coastal tour spanning two Nordic countries is significant. Furthermore, the project is riding the trend wave as more and more international tour operators turn their attention to the Nordic countries.<\/p>\n<p><span lang=\"EN-GB\">The Bothnian Coastal Route website, that launched earlier this year with pre-planned tours that can be filtered, gathered <\/span><span lang=\"EN-GB\">great attention and admiration from tour operators. The tool allows tour operators to modify the pre-existing tours or create entirely new ones using the products in the supply. <\/span><\/p>\n<p><span lang=\"EN-GB\">\u2013 We heard comments like: <\/span><span lang=\"EN-GB\">\u201dAwesome, amazing, fantastic, and the best website for operators that I\u2019ve ever seen\u201d, from tour operators <\/span><span lang=\"EN-GB\">repeatedly, <strong>Erja Back<\/strong> explaines.<\/span><\/p>\n<p>&nbsp;<\/p>\n<p><i><span data-contrast=\"none\">The Bothnian Coastal Route project, including northern Finnish and Swedish destinations, aims to increase awareness of the coastal route around the Bothnian Bay and over the Kvarken strait as an attractive travel route for both international tourists and locals.\u202fRead more about the Bothnian Coastal Route project\u202f<\/span><\/i><a href=\"https:\/\/www.kvarken.org\/en\/project\/bothnian-coastal-route\/\"><b><i><span data-contrast=\"none\">HERE<\/span><\/i><\/b><\/a><i><span data-contrast=\"none\">.<\/span><\/i><\/p>\n<div id=\"attachment_20684\" style=\"width: 1034px\" class=\"wp-caption alignleft\"><img decoding=\"async\" aria-describedby=\"caption-attachment-20684\" class=\"wp-image-20684 size-full\" src=\"https:\/\/www.kvarken.org\/wp-content\/uploads\/2024\/04\/IMG_20240430_095654.jpg\" alt=\"\" width=\"1024\" height=\"768\" srcset=\"https:\/\/www.kvarken.org\/wp-content\/uploads\/2024\/04\/IMG_20240430_095654.jpg 1024w, https:\/\/www.kvarken.org\/wp-content\/uploads\/2024\/04\/IMG_20240430_095654-980x735.jpg 980w, https:\/\/www.kvarken.org\/wp-content\/uploads\/2024\/04\/IMG_20240430_095654-480x360.jpg 480w\" sizes=\"(min-width: 0px) and (max-width: 480px) 480px, (min-width: 481px) and (max-width: 980px) 980px, (min-width: 981px) 1024px, 100vw\" \/><p id=\"caption-attachment-20684\" class=\"wp-caption-text\">Erja Back from Visit Ume\u00e5 and Peter K\u00e4llberg from VASEK participated in the Swedish Workshop in S\u00f6dert\u00e4lje, where destinations and businesses met tour operators from several countries.<\/p><\/div>\n<p>&nbsp;<\/p>\n<p><img decoding=\"async\" class=\"alignleft wp-image-16002\" src=\"https:\/\/www.kvarken.org\/wp-content\/uploads\/2023\/01\/cropped-AURORA-RGB-Color-1.png\" alt=\"\" width=\"600\" height=\"136\" \/><\/p>\n<p>&nbsp;<\/p>\n","protected":false},"excerpt":{"rendered":"<p>The Interreg Aurora funded project Bothnian Coastal Route, encompassing 13 destinations around the Bothnian Bay and over the Kvarken strait, participated in Swedish Workshop in S\u00f6dert\u00e4lje in April.<\/p>\n","protected":false},"author":6,"featured_media":20684,"comment_status":"open","ping_status":"open","sticky":false,"template":"","format":"standard","meta":{"_acf_changed":false,"_et_pb_use_builder":"","_et_pb_old_content":"","_et_gb_content_width":"","footnotes":""},"categories":[13],"tags":[],"amnen":[58],"class_list":["post-20687","post","type-post","status-publish","format-standard","has-post-thumbnail","hentry","category-uncategorized-fi","amnen-matkailu"],"acf":[],"yoast_head":"<!-- This site is optimized with the Yoast SEO plugin v27.4 - https:\/\/yoast.com\/product\/yoast-seo-wordpress\/ -->\n<title>The Bothnian Coastal Route project participated in the Swedish Workshop in S\u00f6dert\u00e4lje - Kvarkenr\u00e5det<\/title>\n<meta name=\"robots\" content=\"index, follow, max-snippet:-1, max-image-preview:large, max-video-preview:-1\" \/>\n<link rel=\"canonical\" href=\"https:\/\/www.kvarken.org\/fi\/the-bothnian-coastal-route-project-participated-in-the-swedish-workshop-in-sodertalje\/\" \/>\n<meta property=\"og:locale\" content=\"fi_FI\" \/>\n<meta property=\"og:type\" content=\"article\" \/>\n<meta property=\"og:title\" content=\"The Bothnian Coastal Route project participated in the Swedish Workshop in S\u00f6dert\u00e4lje - Kvarkenr\u00e5det\" \/>\n<meta property=\"og:description\" content=\"The Interreg Aurora funded project Bothnian Coastal Route, encompassing 13 destinations around the Bothnian Bay and over the Kvarken strait, participated in Swedish Workshop in S\u00f6dert\u00e4lje in April.\" \/>\n<meta property=\"og:url\" content=\"https:\/\/www.kvarken.org\/fi\/the-bothnian-coastal-route-project-participated-in-the-swedish-workshop-in-sodertalje\/\" \/>\n<meta property=\"og:site_name\" content=\"Kvarkenr\u00e5det\" \/>\n<meta property=\"article:published_time\" content=\"2024-04-30T10:56:35+00:00\" \/>\n<meta property=\"article:modified_time\" content=\"2024-05-02T10:08:29+00:00\" \/>\n<meta property=\"og:image\" content=\"https:\/\/www.kvarken.org\/wp-content\/uploads\/2024\/04\/IMG_20240430_095654.jpg\" \/>\n\t<meta property=\"og:image:width\" content=\"1024\" \/>\n\t<meta property=\"og:image:height\" content=\"768\" \/>\n\t<meta property=\"og:image:type\" content=\"image\/jpeg\" \/>\n<meta name=\"author\" content=\"Huuhka Ida-Maria\" \/>\n<meta name=\"twitter:card\" content=\"summary_large_image\" \/>\n<meta name=\"twitter:label1\" content=\"Kirjoittanut\" \/>\n\t<meta name=\"twitter:data1\" content=\"Huuhka Ida-Maria\" \/>\n\t<meta name=\"twitter:label2\" content=\"Arvioitu lukuaika\" \/>\n\t<meta name=\"twitter:data2\" content=\"2 minuuttia\" \/>\n<script type=\"application\/ld+json\" class=\"yoast-schema-graph\">{\"@context\":\"https:\\\/\\\/schema.org\",\"@graph\":[{\"@type\":\"Article\",\"@id\":\"https:\\\/\\\/www.kvarken.org\\\/fi\\\/the-bothnian-coastal-route-project-participated-in-the-swedish-workshop-in-sodertalje\\\/#article\",\"isPartOf\":{\"@id\":\"https:\\\/\\\/www.kvarken.org\\\/fi\\\/the-bothnian-coastal-route-project-participated-in-the-swedish-workshop-in-sodertalje\\\/\"},\"author\":{\"name\":\"Huuhka Ida-Maria\",\"@id\":\"https:\\\/\\\/www.kvarken.org\\\/fi\\\/#\\\/schema\\\/person\\\/0da9a52b8b8962cba7c963d7189046b5\"},\"headline\":\"The Bothnian Coastal Route project participated in the Swedish Workshop in S\u00f6dert\u00e4lje\",\"datePublished\":\"2024-04-30T10:56:35+00:00\",\"dateModified\":\"2024-05-02T10:08:29+00:00\",\"mainEntityOfPage\":{\"@id\":\"https:\\\/\\\/www.kvarken.org\\\/fi\\\/the-bothnian-coastal-route-project-participated-in-the-swedish-workshop-in-sodertalje\\\/\"},\"wordCount\":255,\"commentCount\":0,\"image\":{\"@id\":\"https:\\\/\\\/www.kvarken.org\\\/fi\\\/the-bothnian-coastal-route-project-participated-in-the-swedish-workshop-in-sodertalje\\\/#primaryimage\"},\"thumbnailUrl\":\"https:\\\/\\\/www.kvarken.org\\\/wp-content\\\/uploads\\\/2024\\\/04\\\/IMG_20240430_095654.jpg\",\"articleSection\":[\"Uncategorized @fi\"],\"inLanguage\":\"fi\",\"potentialAction\":[{\"@type\":\"CommentAction\",\"name\":\"Comment\",\"target\":[\"https:\\\/\\\/www.kvarken.org\\\/fi\\\/the-bothnian-coastal-route-project-participated-in-the-swedish-workshop-in-sodertalje\\\/#respond\"]}]},{\"@type\":\"WebPage\",\"@id\":\"https:\\\/\\\/www.kvarken.org\\\/fi\\\/the-bothnian-coastal-route-project-participated-in-the-swedish-workshop-in-sodertalje\\\/\",\"url\":\"https:\\\/\\\/www.kvarken.org\\\/fi\\\/the-bothnian-coastal-route-project-participated-in-the-swedish-workshop-in-sodertalje\\\/\",\"name\":\"The Bothnian Coastal Route project participated in the Swedish Workshop in S\u00f6dert\u00e4lje - Kvarkenr\u00e5det\",\"isPartOf\":{\"@id\":\"https:\\\/\\\/www.kvarken.org\\\/fi\\\/#website\"},\"primaryImageOfPage\":{\"@id\":\"https:\\\/\\\/www.kvarken.org\\\/fi\\\/the-bothnian-coastal-route-project-participated-in-the-swedish-workshop-in-sodertalje\\\/#primaryimage\"},\"image\":{\"@id\":\"https:\\\/\\\/www.kvarken.org\\\/fi\\\/the-bothnian-coastal-route-project-participated-in-the-swedish-workshop-in-sodertalje\\\/#primaryimage\"},\"thumbnailUrl\":\"https:\\\/\\\/www.kvarken.org\\\/wp-content\\\/uploads\\\/2024\\\/04\\\/IMG_20240430_095654.jpg\",\"datePublished\":\"2024-04-30T10:56:35+00:00\",\"dateModified\":\"2024-05-02T10:08:29+00:00\",\"author\":{\"@id\":\"https:\\\/\\\/www.kvarken.org\\\/fi\\\/#\\\/schema\\\/person\\\/0da9a52b8b8962cba7c963d7189046b5\"},\"breadcrumb\":{\"@id\":\"https:\\\/\\\/www.kvarken.org\\\/fi\\\/the-bothnian-coastal-route-project-participated-in-the-swedish-workshop-in-sodertalje\\\/#breadcrumb\"},\"inLanguage\":\"fi\",\"potentialAction\":[{\"@type\":\"ReadAction\",\"target\":[\"https:\\\/\\\/www.kvarken.org\\\/fi\\\/the-bothnian-coastal-route-project-participated-in-the-swedish-workshop-in-sodertalje\\\/\"]}]},{\"@type\":\"ImageObject\",\"inLanguage\":\"fi\",\"@id\":\"https:\\\/\\\/www.kvarken.org\\\/fi\\\/the-bothnian-coastal-route-project-participated-in-the-swedish-workshop-in-sodertalje\\\/#primaryimage\",\"url\":\"https:\\\/\\\/www.kvarken.org\\\/wp-content\\\/uploads\\\/2024\\\/04\\\/IMG_20240430_095654.jpg\",\"contentUrl\":\"https:\\\/\\\/www.kvarken.org\\\/wp-content\\\/uploads\\\/2024\\\/04\\\/IMG_20240430_095654.jpg\",\"width\":1024,\"height\":768},{\"@type\":\"BreadcrumbList\",\"@id\":\"https:\\\/\\\/www.kvarken.org\\\/fi\\\/the-bothnian-coastal-route-project-participated-in-the-swedish-workshop-in-sodertalje\\\/#breadcrumb\",\"itemListElement\":[{\"@type\":\"ListItem\",\"position\":1,\"name\":\"Hem\",\"item\":\"https:\\\/\\\/www.kvarken.org\\\/fi\\\/\"},{\"@type\":\"ListItem\",\"position\":2,\"name\":\"The Bothnian Coastal Route project participated in the Swedish Workshop in S\u00f6dert\u00e4lje\"}]},{\"@type\":\"WebSite\",\"@id\":\"https:\\\/\\\/www.kvarken.org\\\/fi\\\/#website\",\"url\":\"https:\\\/\\\/www.kvarken.org\\\/fi\\\/\",\"name\":\"Kvarkenr\u00e5det\",\"description\":\"\",\"potentialAction\":[{\"@type\":\"SearchAction\",\"target\":{\"@type\":\"EntryPoint\",\"urlTemplate\":\"https:\\\/\\\/www.kvarken.org\\\/fi\\\/?s={search_term_string}\"},\"query-input\":{\"@type\":\"PropertyValueSpecification\",\"valueRequired\":true,\"valueName\":\"search_term_string\"}}],\"inLanguage\":\"fi\"},{\"@type\":\"Person\",\"@id\":\"https:\\\/\\\/www.kvarken.org\\\/fi\\\/#\\\/schema\\\/person\\\/0da9a52b8b8962cba7c963d7189046b5\",\"name\":\"Huuhka Ida-Maria\",\"image\":{\"@type\":\"ImageObject\",\"inLanguage\":\"fi\",\"@id\":\"https:\\\/\\\/secure.gravatar.com\\\/avatar\\\/8b0e50e08aa7a664dc6e2c23a82b9f95c7dc6946a41a69227e0712becda209aa?s=96&d=mm&r=g\",\"url\":\"https:\\\/\\\/secure.gravatar.com\\\/avatar\\\/8b0e50e08aa7a664dc6e2c23a82b9f95c7dc6946a41a69227e0712becda209aa?s=96&d=mm&r=g\",\"contentUrl\":\"https:\\\/\\\/secure.gravatar.com\\\/avatar\\\/8b0e50e08aa7a664dc6e2c23a82b9f95c7dc6946a41a69227e0712becda209aa?s=96&d=mm&r=g\",\"caption\":\"Huuhka Ida-Maria\"}}]}<\/script>\n<!-- \/ Yoast SEO plugin. -->","yoast_head_json":{"title":"The Bothnian Coastal Route project participated in the Swedish Workshop in S\u00f6dert\u00e4lje - Kvarkenr\u00e5det","robots":{"index":"index","follow":"follow","max-snippet":"max-snippet:-1","max-image-preview":"max-image-preview:large","max-video-preview":"max-video-preview:-1"},"canonical":"https:\/\/www.kvarken.org\/fi\/the-bothnian-coastal-route-project-participated-in-the-swedish-workshop-in-sodertalje\/","og_locale":"fi_FI","og_type":"article","og_title":"The Bothnian Coastal Route project participated in the Swedish Workshop in S\u00f6dert\u00e4lje - Kvarkenr\u00e5det","og_description":"The Interreg Aurora funded project Bothnian Coastal Route, encompassing 13 destinations around the Bothnian Bay and over the Kvarken strait, participated in Swedish Workshop in S\u00f6dert\u00e4lje in April.","og_url":"https:\/\/www.kvarken.org\/fi\/the-bothnian-coastal-route-project-participated-in-the-swedish-workshop-in-sodertalje\/","og_site_name":"Kvarkenr\u00e5det","article_published_time":"2024-04-30T10:56:35+00:00","article_modified_time":"2024-05-02T10:08:29+00:00","og_image":[{"width":1024,"height":768,"url":"https:\/\/www.kvarken.org\/wp-content\/uploads\/2024\/04\/IMG_20240430_095654.jpg","type":"image\/jpeg"}],"author":"Huuhka Ida-Maria","twitter_card":"summary_large_image","twitter_misc":{"Kirjoittanut":"Huuhka Ida-Maria","Arvioitu lukuaika":"2 minuuttia"},"schema":{"@context":"https:\/\/schema.org","@graph":[{"@type":"Article","@id":"https:\/\/www.kvarken.org\/fi\/the-bothnian-coastal-route-project-participated-in-the-swedish-workshop-in-sodertalje\/#article","isPartOf":{"@id":"https:\/\/www.kvarken.org\/fi\/the-bothnian-coastal-route-project-participated-in-the-swedish-workshop-in-sodertalje\/"},"author":{"name":"Huuhka Ida-Maria","@id":"https:\/\/www.kvarken.org\/fi\/#\/schema\/person\/0da9a52b8b8962cba7c963d7189046b5"},"headline":"The Bothnian Coastal Route project participated in the Swedish Workshop in S\u00f6dert\u00e4lje","datePublished":"2024-04-30T10:56:35+00:00","dateModified":"2024-05-02T10:08:29+00:00","mainEntityOfPage":{"@id":"https:\/\/www.kvarken.org\/fi\/the-bothnian-coastal-route-project-participated-in-the-swedish-workshop-in-sodertalje\/"},"wordCount":255,"commentCount":0,"image":{"@id":"https:\/\/www.kvarken.org\/fi\/the-bothnian-coastal-route-project-participated-in-the-swedish-workshop-in-sodertalje\/#primaryimage"},"thumbnailUrl":"https:\/\/www.kvarken.org\/wp-content\/uploads\/2024\/04\/IMG_20240430_095654.jpg","articleSection":["Uncategorized @fi"],"inLanguage":"fi","potentialAction":[{"@type":"CommentAction","name":"Comment","target":["https:\/\/www.kvarken.org\/fi\/the-bothnian-coastal-route-project-participated-in-the-swedish-workshop-in-sodertalje\/#respond"]}]},{"@type":"WebPage","@id":"https:\/\/www.kvarken.org\/fi\/the-bothnian-coastal-route-project-participated-in-the-swedish-workshop-in-sodertalje\/","url":"https:\/\/www.kvarken.org\/fi\/the-bothnian-coastal-route-project-participated-in-the-swedish-workshop-in-sodertalje\/","name":"The Bothnian Coastal Route project participated in the Swedish Workshop in S\u00f6dert\u00e4lje - Kvarkenr\u00e5det","isPartOf":{"@id":"https:\/\/www.kvarken.org\/fi\/#website"},"primaryImageOfPage":{"@id":"https:\/\/www.kvarken.org\/fi\/the-bothnian-coastal-route-project-participated-in-the-swedish-workshop-in-sodertalje\/#primaryimage"},"image":{"@id":"https:\/\/www.kvarken.org\/fi\/the-bothnian-coastal-route-project-participated-in-the-swedish-workshop-in-sodertalje\/#primaryimage"},"thumbnailUrl":"https:\/\/www.kvarken.org\/wp-content\/uploads\/2024\/04\/IMG_20240430_095654.jpg","datePublished":"2024-04-30T10:56:35+00:00","dateModified":"2024-05-02T10:08:29+00:00","author":{"@id":"https:\/\/www.kvarken.org\/fi\/#\/schema\/person\/0da9a52b8b8962cba7c963d7189046b5"},"breadcrumb":{"@id":"https:\/\/www.kvarken.org\/fi\/the-bothnian-coastal-route-project-participated-in-the-swedish-workshop-in-sodertalje\/#breadcrumb"},"inLanguage":"fi","potentialAction":[{"@type":"ReadAction","target":["https:\/\/www.kvarken.org\/fi\/the-bothnian-coastal-route-project-participated-in-the-swedish-workshop-in-sodertalje\/"]}]},{"@type":"ImageObject","inLanguage":"fi","@id":"https:\/\/www.kvarken.org\/fi\/the-bothnian-coastal-route-project-participated-in-the-swedish-workshop-in-sodertalje\/#primaryimage","url":"https:\/\/www.kvarken.org\/wp-content\/uploads\/2024\/04\/IMG_20240430_095654.jpg","contentUrl":"https:\/\/www.kvarken.org\/wp-content\/uploads\/2024\/04\/IMG_20240430_095654.jpg","width":1024,"height":768},{"@type":"BreadcrumbList","@id":"https:\/\/www.kvarken.org\/fi\/the-bothnian-coastal-route-project-participated-in-the-swedish-workshop-in-sodertalje\/#breadcrumb","itemListElement":[{"@type":"ListItem","position":1,"name":"Hem","item":"https:\/\/www.kvarken.org\/fi\/"},{"@type":"ListItem","position":2,"name":"The Bothnian Coastal Route project participated in the Swedish Workshop in S\u00f6dert\u00e4lje"}]},{"@type":"WebSite","@id":"https:\/\/www.kvarken.org\/fi\/#website","url":"https:\/\/www.kvarken.org\/fi\/","name":"Kvarkenr\u00e5det","description":"","potentialAction":[{"@type":"SearchAction","target":{"@type":"EntryPoint","urlTemplate":"https:\/\/www.kvarken.org\/fi\/?s={search_term_string}"},"query-input":{"@type":"PropertyValueSpecification","valueRequired":true,"valueName":"search_term_string"}}],"inLanguage":"fi"},{"@type":"Person","@id":"https:\/\/www.kvarken.org\/fi\/#\/schema\/person\/0da9a52b8b8962cba7c963d7189046b5","name":"Huuhka Ida-Maria","image":{"@type":"ImageObject","inLanguage":"fi","@id":"https:\/\/secure.gravatar.com\/avatar\/8b0e50e08aa7a664dc6e2c23a82b9f95c7dc6946a41a69227e0712becda209aa?s=96&d=mm&r=g","url":"https:\/\/secure.gravatar.com\/avatar\/8b0e50e08aa7a664dc6e2c23a82b9f95c7dc6946a41a69227e0712becda209aa?s=96&d=mm&r=g","contentUrl":"https:\/\/secure.gravatar.com\/avatar\/8b0e50e08aa7a664dc6e2c23a82b9f95c7dc6946a41a69227e0712becda209aa?s=96&d=mm&r=g","caption":"Huuhka Ida-Maria"}}]}},"_links":{"self":[{"href":"https:\/\/www.kvarken.org\/fi\/wp-json\/wp\/v2\/posts\/20687","targetHints":{"allow":["GET"]}}],"collection":[{"href":"https:\/\/www.kvarken.org\/fi\/wp-json\/wp\/v2\/posts"}],"about":[{"href":"https:\/\/www.kvarken.org\/fi\/wp-json\/wp\/v2\/types\/post"}],"author":[{"embeddable":true,"href":"https:\/\/www.kvarken.org\/fi\/wp-json\/wp\/v2\/users\/6"}],"replies":[{"embeddable":true,"href":"https:\/\/www.kvarken.org\/fi\/wp-json\/wp\/v2\/comments?post=20687"}],"version-history":[{"count":3,"href":"https:\/\/www.kvarken.org\/fi\/wp-json\/wp\/v2\/posts\/20687\/revisions"}],"predecessor-version":[{"id":20728,"href":"https:\/\/www.kvarken.org\/fi\/wp-json\/wp\/v2\/posts\/20687\/revisions\/20728"}],"wp:featuredmedia":[{"embeddable":true,"href":"https:\/\/www.kvarken.org\/fi\/wp-json\/wp\/v2\/media\/20684"}],"wp:attachment":[{"href":"https:\/\/www.kvarken.org\/fi\/wp-json\/wp\/v2\/media?parent=20687"}],"wp:term":[{"taxonomy":"category","embeddable":true,"href":"https:\/\/www.kvarken.org\/fi\/wp-json\/wp\/v2\/categories?post=20687"},{"taxonomy":"post_tag","embeddable":true,"href":"https:\/\/www.kvarken.org\/fi\/wp-json\/wp\/v2\/tags?post=20687"},{"taxonomy":"amnen","embeddable":true,"href":"https:\/\/www.kvarken.org\/fi\/wp-json\/wp\/v2\/amnen?post=20687"}],"curies":[{"name":"wp","href":"https:\/\/api.w.org\/{rel}","templated":true}]}}