{"id":20864,"date":"2024-05-20T10:21:17","date_gmt":"2024-05-20T07:21:17","guid":{"rendered":"https:\/\/www.kvarken.org\/?p=20864"},"modified":"2024-06-03T16:41:33","modified_gmt":"2024-06-03T13:41:33","slug":"kestava-lentaminen-nousussa-pohjoisessa-pohjolassa-fair-2-hanke-esittelee-edistymistaan","status":"publish","type":"post","link":"https:\/\/www.kvarken.org\/fi\/kestava-lentaminen-nousussa-pohjoisessa-pohjolassa-fair-2-hanke-esittelee-edistymistaan\/","title":{"rendered":"Kest\u00e4v\u00e4 lent\u00e4minen nousussa pohjoisessa Pohjolassa \u2013 FAIR 2-hanke esittelee edistymist\u00e4\u00e4n"},"content":{"rendered":"<p>FAIR 2-hanke etenee menestyksekk\u00e4\u00e4sti, paljastaen kiinnostavia oivalluksia matkan varrelta. Kuudes-konsulttiyhti\u00f6n kumppani DAIN Studios on analysoinut hankealueen nykyisi\u00e4 matkustustottumuksia hy\u00f6dynt\u00e4m\u00e4ll\u00e4 Telian ja eri julkisten l\u00e4hteiden dataa. T\u00e4m\u00e4 analyysi auttaa hankekumppaneita ymm\u00e4rt\u00e4m\u00e4\u00e4n nykyist\u00e4 matkustusk\u00e4ytt\u00e4ytymist\u00e4, matkakohteita ja kuljetusmuotoja. Kuudes on my\u00f6s tehnyt haastatteluja hankealueen monenlaisten organisaatioiden kanssa, niin Suomessa kuin Ruotsissakin. N\u00e4m\u00e4 organisaatiot edustavat julkista sektoria, koulutusalaa, teollisuutta ja infrastruktuurirakentamista.<\/p>\n<p>Kest\u00e4v\u00e4 lent\u00e4minen her\u00e4tt\u00e4\u00e4 kiinnostusta mainituissa kohderyhmiss\u00e4. He n\u00e4kev\u00e4t, ett\u00e4 sill\u00e4 voi olla merkitt\u00e4v\u00e4 rooli Merenkurkun alueen ja pohjoisen Pohjolan tulevassa kehityksess\u00e4. Alueiden sis\u00e4inen ja v\u00e4linen liiketoimintayhteisty\u00f6 kukoistaa jo nyt, mutta hy\u00f6dynt\u00e4m\u00e4t\u00f6nt\u00e4 potentiaalia on paljon. Kest\u00e4v\u00e4ll\u00e4 lent\u00e4misell\u00e4 voisi olla avainasema t\u00e4m\u00e4n potentiaalin vapauttamisessa.<\/p>\n<p>\u2013 Ihmiset ovat nyt valmiita omaksumaan s\u00e4hk\u00f6isen lent\u00e4misen, sill\u00e4 heill\u00e4 on usean vuoden kokemus muista s\u00e4hk\u00f6ajoneuvoista, kertoo <strong>Terhi Hyv\u00f6nen<\/strong>, Kuudes-konsulttiyhti\u00f6n Senior Insight Specialist.<\/p>\n<p>\u2013 Lentoliikenne tarvitsee vallankumouksen, erityisesti koska matkailuala on siit\u00e4 voimakkaasti riippuvainen. Osallistuvat kohderyhm\u00e4t ovat korostaneet keskeisi\u00e4 tekij\u00f6it\u00e4, jotka tulee ottaa huomioon suunniteltaessa seuraavan sukupolven lentoliikennett\u00e4 k\u00e4ytt\u00e4j\u00e4keskeisest\u00e4 n\u00e4k\u00f6kulmasta, unohtamatta alueen yritysten erityistarpeita.<\/p>\n<p>Hankkeessa on todettu, ett\u00e4 ilmailualan innovaatiot hy\u00f6dytt\u00e4isiv\u00e4t liiketoimintaa. Lis\u00e4ksi siin\u00e4 on opittu paljon siit\u00e4, miten edist\u00e4\u00e4 v\u00e4est\u00f6nkasvua ja hyvinvointia alueella sek\u00e4 olla merkitt\u00e4v\u00e4 tekij\u00e4 vakauden ja turvallisuuden kannalta Pohjoismaissa.<\/p>\n<p>Haastattelujen lis\u00e4ksi Kuudes j\u00e4rjesti skenaarioty\u00f6pajan joidenkin haastateltujen yritysten, FAIR 2-hanketiimin ja viiteryhm\u00e4n kanssa. T\u00e4ss\u00e4 ty\u00f6pajassa visioitiin ja kehitettiin kest\u00e4v\u00e4lle lentoliikenteelle tulevaisuuden skenaarioita, joita arvioidaan hankkeen seuraavassa vaiheessa. Seuraavana askeleena on kyselyn jakaminen pohjoisen Pohjolan asukkaille ja yrityksille heid\u00e4n asenteidensa ja kiinnostuksensa ymm\u00e4rt\u00e4miseksi kest\u00e4v\u00e4\u00e4 lentoliikennett\u00e4 kohtaan.<\/p>\n<p>\u2013 Olemme ymm\u00e4rt\u00e4neet, ett\u00e4 kest\u00e4v\u00e4ss\u00e4 lent\u00e4misess\u00e4 ei ole kyse vain teknologiasta, vaan my\u00f6s mahdollisuuksien luomisesta alueen ihmisille ja yrityksille, jotta ne voivat kasvaa ja menesty\u00e4, kertoo <strong>Saara J\u00e4rvinen<\/strong>, Kuudes-konsulttiyhti\u00f6n Senior Insight Strategist.<\/p>\n<p>\u2013 El\u00e4mme j\u00e4nnitt\u00e4v\u00e4\u00e4 aikaa ja odotamme innolla n\u00e4kev\u00e4mme, miten t\u00e4m\u00e4 kehitys vaikuttaa my\u00f6nteisesti hankealueeseen.<\/p>\n<p>Kuudes-konsulttiyhti\u00f6n ja sen DAIN Studios\u00a0-kumppanin tekem\u00e4 tutkimus valmistuu ennen kes\u00e4\u00e4\u00a02024.<\/p>\n<p>&nbsp;<\/p>\n<p><em>FAIR\u202f2<b>,<\/b> on jatkoa lokakuussa\u202f2022 p\u00e4\u00e4ttyneelle FAIR-s\u00e4hk\u00f6lentohankkeelle. Uuden hankkeen tavoitteena on parantaa ymm\u00e4rryst\u00e4 kest\u00e4v\u00e4n alueellisen ilmailun kysynn\u00e4st\u00e4. Lue lis\u00e4\u00e4 hankkeesta <a href=\"https:\/\/www.kvarken.org\/fi\/hankkeet\/fair2\/\"><strong>T\u00c4\u00c4LT\u00c4<\/strong><\/a>.<\/em><\/p>\n<div id=\"attachment_20867\" style=\"width: 690px\" class=\"wp-caption alignleft\"><img decoding=\"async\" aria-describedby=\"caption-attachment-20867\" class=\"wp-image-20867 size-large\" src=\"https:\/\/www.kvarken.org\/wp-content\/uploads\/2024\/05\/Kuudes-Portraits_Saara_LoRes-680x1024.jpg\" alt=\"\" width=\"680\" height=\"1024\" \/><p id=\"caption-attachment-20867\" class=\"wp-caption-text\">Saara J\u00e4rvinen, Kuudes-konsulttiyhti\u00f6n Senior Insight Strategist.<\/p><\/div>\n<div id=\"attachment_20870\" style=\"width: 693px\" class=\"wp-caption alignleft\"><img decoding=\"async\" aria-describedby=\"caption-attachment-20870\" class=\"wp-image-20870 size-large\" src=\"https:\/\/www.kvarken.org\/wp-content\/uploads\/2024\/05\/Kuudes-Portraits_Terhi_LoRes-683x1024.jpg\" alt=\"\" width=\"683\" height=\"1024\" \/><p id=\"caption-attachment-20870\" class=\"wp-caption-text\">Terhi Hyv\u00f6nen, Kuudes-konsulttiyhti\u00f6n Senior Insight Specialist.<\/p><\/div>\n<p>&nbsp;<\/p>\n<p><img decoding=\"async\" class=\"alignleft wp-image-16002\" src=\"https:\/\/www.kvarken.org\/wp-content\/uploads\/2023\/01\/cropped-AURORA-RGB-Color-1.png\" alt=\"\" width=\"600\" height=\"136\" \/><\/p>\n<p>&nbsp;<\/p>\n<p>&nbsp;<\/p>\n","protected":false},"excerpt":{"rendered":"<p>FAIR2-hanke etenee menestyksekk\u00e4\u00e4sti, paljastaen kiinnostavia oivalluksia matkan varrelta.<\/p>\n","protected":false},"author":6,"featured_media":20873,"comment_status":"open","ping_status":"open","sticky":false,"template":"","format":"standard","meta":{"_acf_changed":false,"_et_pb_use_builder":"","_et_pb_old_content":"","_et_gb_content_width":"","footnotes":""},"categories":[13],"tags":[],"amnen":[130,56,132,50,65],"class_list":["post-20864","post","type-post","status-publish","format-standard","has-post-thumbnail","hentry","category-uncategorized-fi","amnen-environment-2-fi","amnen-infrastruktuuri","amnen-transport-and-infrastructure-fi","amnen-infrastruktur","amnen-ymparisto"],"acf":[],"yoast_head":"<!-- This site is optimized with the Yoast SEO plugin v27.4 - https:\/\/yoast.com\/product\/yoast-seo-wordpress\/ -->\n<title>Kest\u00e4v\u00e4 lent\u00e4minen nousussa pohjoisessa Pohjolassa \u2013 FAIR 2-hanke esittelee edistymist\u00e4\u00e4n - Kvarkenr\u00e5det<\/title>\n<meta name=\"robots\" content=\"index, follow, max-snippet:-1, max-image-preview:large, max-video-preview:-1\" \/>\n<link rel=\"canonical\" href=\"https:\/\/www.kvarken.org\/fi\/kestava-lentaminen-nousussa-pohjoisessa-pohjolassa-fair-2-hanke-esittelee-edistymistaan\/\" \/>\n<meta property=\"og:locale\" content=\"fi_FI\" \/>\n<meta property=\"og:type\" content=\"article\" \/>\n<meta property=\"og:title\" content=\"Kest\u00e4v\u00e4 lent\u00e4minen nousussa pohjoisessa Pohjolassa \u2013 FAIR 2-hanke esittelee edistymist\u00e4\u00e4n - Kvarkenr\u00e5det\" \/>\n<meta property=\"og:description\" content=\"FAIR2-hanke etenee menestyksekk\u00e4\u00e4sti, paljastaen kiinnostavia oivalluksia matkan varrelta.\" \/>\n<meta property=\"og:url\" content=\"https:\/\/www.kvarken.org\/fi\/kestava-lentaminen-nousussa-pohjoisessa-pohjolassa-fair-2-hanke-esittelee-edistymistaan\/\" \/>\n<meta property=\"og:site_name\" content=\"Kvarkenr\u00e5det\" \/>\n<meta property=\"article:published_time\" content=\"2024-05-20T07:21:17+00:00\" \/>\n<meta property=\"article:modified_time\" content=\"2024-06-03T13:41:33+00:00\" \/>\n<meta property=\"og:image\" content=\"https:\/\/www.kvarken.org\/wp-content\/uploads\/2024\/05\/Kvarken_Skenaario1.jpg\" \/>\n\t<meta property=\"og:image:width\" content=\"2310\" \/>\n\t<meta property=\"og:image:height\" content=\"1492\" \/>\n\t<meta property=\"og:image:type\" content=\"image\/jpeg\" \/>\n<meta name=\"author\" content=\"Huuhka Ida-Maria\" \/>\n<meta name=\"twitter:card\" content=\"summary_large_image\" \/>\n<meta name=\"twitter:label1\" content=\"Kirjoittanut\" \/>\n\t<meta name=\"twitter:data1\" content=\"Huuhka Ida-Maria\" \/>\n\t<meta name=\"twitter:label2\" content=\"Arvioitu lukuaika\" \/>\n\t<meta name=\"twitter:data2\" content=\"3 minuuttia\" \/>\n<script type=\"application\/ld+json\" class=\"yoast-schema-graph\">{\"@context\":\"https:\\\/\\\/schema.org\",\"@graph\":[{\"@type\":\"Article\",\"@id\":\"https:\\\/\\\/www.kvarken.org\\\/fi\\\/kestava-lentaminen-nousussa-pohjoisessa-pohjolassa-fair-2-hanke-esittelee-edistymistaan\\\/#article\",\"isPartOf\":{\"@id\":\"https:\\\/\\\/www.kvarken.org\\\/fi\\\/kestava-lentaminen-nousussa-pohjoisessa-pohjolassa-fair-2-hanke-esittelee-edistymistaan\\\/\"},\"author\":{\"name\":\"Huuhka Ida-Maria\",\"@id\":\"https:\\\/\\\/www.kvarken.org\\\/fi\\\/#\\\/schema\\\/person\\\/0da9a52b8b8962cba7c963d7189046b5\"},\"headline\":\"Kest\u00e4v\u00e4 lent\u00e4minen nousussa pohjoisessa Pohjolassa \u2013 FAIR 2-hanke esittelee edistymist\u00e4\u00e4n\",\"datePublished\":\"2024-05-20T07:21:17+00:00\",\"dateModified\":\"2024-06-03T13:41:33+00:00\",\"mainEntityOfPage\":{\"@id\":\"https:\\\/\\\/www.kvarken.org\\\/fi\\\/kestava-lentaminen-nousussa-pohjoisessa-pohjolassa-fair-2-hanke-esittelee-edistymistaan\\\/\"},\"wordCount\":434,\"commentCount\":0,\"image\":{\"@id\":\"https:\\\/\\\/www.kvarken.org\\\/fi\\\/kestava-lentaminen-nousussa-pohjoisessa-pohjolassa-fair-2-hanke-esittelee-edistymistaan\\\/#primaryimage\"},\"thumbnailUrl\":\"https:\\\/\\\/www.kvarken.org\\\/wp-content\\\/uploads\\\/2024\\\/05\\\/Kvarken_Skenaario1.jpg\",\"articleSection\":[\"Uncategorized @fi\"],\"inLanguage\":\"fi\",\"potentialAction\":[{\"@type\":\"CommentAction\",\"name\":\"Comment\",\"target\":[\"https:\\\/\\\/www.kvarken.org\\\/fi\\\/kestava-lentaminen-nousussa-pohjoisessa-pohjolassa-fair-2-hanke-esittelee-edistymistaan\\\/#respond\"]}]},{\"@type\":\"WebPage\",\"@id\":\"https:\\\/\\\/www.kvarken.org\\\/fi\\\/kestava-lentaminen-nousussa-pohjoisessa-pohjolassa-fair-2-hanke-esittelee-edistymistaan\\\/\",\"url\":\"https:\\\/\\\/www.kvarken.org\\\/fi\\\/kestava-lentaminen-nousussa-pohjoisessa-pohjolassa-fair-2-hanke-esittelee-edistymistaan\\\/\",\"name\":\"Kest\u00e4v\u00e4 lent\u00e4minen nousussa pohjoisessa Pohjolassa \u2013 FAIR 2-hanke esittelee edistymist\u00e4\u00e4n - Kvarkenr\u00e5det\",\"isPartOf\":{\"@id\":\"https:\\\/\\\/www.kvarken.org\\\/fi\\\/#website\"},\"primaryImageOfPage\":{\"@id\":\"https:\\\/\\\/www.kvarken.org\\\/fi\\\/kestava-lentaminen-nousussa-pohjoisessa-pohjolassa-fair-2-hanke-esittelee-edistymistaan\\\/#primaryimage\"},\"image\":{\"@id\":\"https:\\\/\\\/www.kvarken.org\\\/fi\\\/kestava-lentaminen-nousussa-pohjoisessa-pohjolassa-fair-2-hanke-esittelee-edistymistaan\\\/#primaryimage\"},\"thumbnailUrl\":\"https:\\\/\\\/www.kvarken.org\\\/wp-content\\\/uploads\\\/2024\\\/05\\\/Kvarken_Skenaario1.jpg\",\"datePublished\":\"2024-05-20T07:21:17+00:00\",\"dateModified\":\"2024-06-03T13:41:33+00:00\",\"author\":{\"@id\":\"https:\\\/\\\/www.kvarken.org\\\/fi\\\/#\\\/schema\\\/person\\\/0da9a52b8b8962cba7c963d7189046b5\"},\"breadcrumb\":{\"@id\":\"https:\\\/\\\/www.kvarken.org\\\/fi\\\/kestava-lentaminen-nousussa-pohjoisessa-pohjolassa-fair-2-hanke-esittelee-edistymistaan\\\/#breadcrumb\"},\"inLanguage\":\"fi\",\"potentialAction\":[{\"@type\":\"ReadAction\",\"target\":[\"https:\\\/\\\/www.kvarken.org\\\/fi\\\/kestava-lentaminen-nousussa-pohjoisessa-pohjolassa-fair-2-hanke-esittelee-edistymistaan\\\/\"]}]},{\"@type\":\"ImageObject\",\"inLanguage\":\"fi\",\"@id\":\"https:\\\/\\\/www.kvarken.org\\\/fi\\\/kestava-lentaminen-nousussa-pohjoisessa-pohjolassa-fair-2-hanke-esittelee-edistymistaan\\\/#primaryimage\",\"url\":\"https:\\\/\\\/www.kvarken.org\\\/wp-content\\\/uploads\\\/2024\\\/05\\\/Kvarken_Skenaario1.jpg\",\"contentUrl\":\"https:\\\/\\\/www.kvarken.org\\\/wp-content\\\/uploads\\\/2024\\\/05\\\/Kvarken_Skenaario1.jpg\",\"width\":2310,\"height\":1492},{\"@type\":\"BreadcrumbList\",\"@id\":\"https:\\\/\\\/www.kvarken.org\\\/fi\\\/kestava-lentaminen-nousussa-pohjoisessa-pohjolassa-fair-2-hanke-esittelee-edistymistaan\\\/#breadcrumb\",\"itemListElement\":[{\"@type\":\"ListItem\",\"position\":1,\"name\":\"Hem\",\"item\":\"https:\\\/\\\/www.kvarken.org\\\/fi\\\/\"},{\"@type\":\"ListItem\",\"position\":2,\"name\":\"Kest\u00e4v\u00e4 lent\u00e4minen nousussa pohjoisessa Pohjolassa \u2013 FAIR 2-hanke esittelee edistymist\u00e4\u00e4n\"}]},{\"@type\":\"WebSite\",\"@id\":\"https:\\\/\\\/www.kvarken.org\\\/fi\\\/#website\",\"url\":\"https:\\\/\\\/www.kvarken.org\\\/fi\\\/\",\"name\":\"Kvarkenr\u00e5det\",\"description\":\"\",\"potentialAction\":[{\"@type\":\"SearchAction\",\"target\":{\"@type\":\"EntryPoint\",\"urlTemplate\":\"https:\\\/\\\/www.kvarken.org\\\/fi\\\/?s={search_term_string}\"},\"query-input\":{\"@type\":\"PropertyValueSpecification\",\"valueRequired\":true,\"valueName\":\"search_term_string\"}}],\"inLanguage\":\"fi\"},{\"@type\":\"Person\",\"@id\":\"https:\\\/\\\/www.kvarken.org\\\/fi\\\/#\\\/schema\\\/person\\\/0da9a52b8b8962cba7c963d7189046b5\",\"name\":\"Huuhka Ida-Maria\",\"image\":{\"@type\":\"ImageObject\",\"inLanguage\":\"fi\",\"@id\":\"https:\\\/\\\/secure.gravatar.com\\\/avatar\\\/8b0e50e08aa7a664dc6e2c23a82b9f95c7dc6946a41a69227e0712becda209aa?s=96&d=mm&r=g\",\"url\":\"https:\\\/\\\/secure.gravatar.com\\\/avatar\\\/8b0e50e08aa7a664dc6e2c23a82b9f95c7dc6946a41a69227e0712becda209aa?s=96&d=mm&r=g\",\"contentUrl\":\"https:\\\/\\\/secure.gravatar.com\\\/avatar\\\/8b0e50e08aa7a664dc6e2c23a82b9f95c7dc6946a41a69227e0712becda209aa?s=96&d=mm&r=g\",\"caption\":\"Huuhka Ida-Maria\"}}]}<\/script>\n<!-- \/ Yoast SEO plugin. -->","yoast_head_json":{"title":"Kest\u00e4v\u00e4 lent\u00e4minen nousussa pohjoisessa Pohjolassa \u2013 FAIR 2-hanke esittelee edistymist\u00e4\u00e4n - Kvarkenr\u00e5det","robots":{"index":"index","follow":"follow","max-snippet":"max-snippet:-1","max-image-preview":"max-image-preview:large","max-video-preview":"max-video-preview:-1"},"canonical":"https:\/\/www.kvarken.org\/fi\/kestava-lentaminen-nousussa-pohjoisessa-pohjolassa-fair-2-hanke-esittelee-edistymistaan\/","og_locale":"fi_FI","og_type":"article","og_title":"Kest\u00e4v\u00e4 lent\u00e4minen nousussa pohjoisessa Pohjolassa \u2013 FAIR 2-hanke esittelee edistymist\u00e4\u00e4n - Kvarkenr\u00e5det","og_description":"FAIR2-hanke etenee menestyksekk\u00e4\u00e4sti, paljastaen kiinnostavia oivalluksia matkan varrelta.","og_url":"https:\/\/www.kvarken.org\/fi\/kestava-lentaminen-nousussa-pohjoisessa-pohjolassa-fair-2-hanke-esittelee-edistymistaan\/","og_site_name":"Kvarkenr\u00e5det","article_published_time":"2024-05-20T07:21:17+00:00","article_modified_time":"2024-06-03T13:41:33+00:00","og_image":[{"width":2310,"height":1492,"url":"https:\/\/www.kvarken.org\/wp-content\/uploads\/2024\/05\/Kvarken_Skenaario1.jpg","type":"image\/jpeg"}],"author":"Huuhka Ida-Maria","twitter_card":"summary_large_image","twitter_misc":{"Kirjoittanut":"Huuhka Ida-Maria","Arvioitu lukuaika":"3 minuuttia"},"schema":{"@context":"https:\/\/schema.org","@graph":[{"@type":"Article","@id":"https:\/\/www.kvarken.org\/fi\/kestava-lentaminen-nousussa-pohjoisessa-pohjolassa-fair-2-hanke-esittelee-edistymistaan\/#article","isPartOf":{"@id":"https:\/\/www.kvarken.org\/fi\/kestava-lentaminen-nousussa-pohjoisessa-pohjolassa-fair-2-hanke-esittelee-edistymistaan\/"},"author":{"name":"Huuhka Ida-Maria","@id":"https:\/\/www.kvarken.org\/fi\/#\/schema\/person\/0da9a52b8b8962cba7c963d7189046b5"},"headline":"Kest\u00e4v\u00e4 lent\u00e4minen nousussa pohjoisessa Pohjolassa \u2013 FAIR 2-hanke esittelee edistymist\u00e4\u00e4n","datePublished":"2024-05-20T07:21:17+00:00","dateModified":"2024-06-03T13:41:33+00:00","mainEntityOfPage":{"@id":"https:\/\/www.kvarken.org\/fi\/kestava-lentaminen-nousussa-pohjoisessa-pohjolassa-fair-2-hanke-esittelee-edistymistaan\/"},"wordCount":434,"commentCount":0,"image":{"@id":"https:\/\/www.kvarken.org\/fi\/kestava-lentaminen-nousussa-pohjoisessa-pohjolassa-fair-2-hanke-esittelee-edistymistaan\/#primaryimage"},"thumbnailUrl":"https:\/\/www.kvarken.org\/wp-content\/uploads\/2024\/05\/Kvarken_Skenaario1.jpg","articleSection":["Uncategorized @fi"],"inLanguage":"fi","potentialAction":[{"@type":"CommentAction","name":"Comment","target":["https:\/\/www.kvarken.org\/fi\/kestava-lentaminen-nousussa-pohjoisessa-pohjolassa-fair-2-hanke-esittelee-edistymistaan\/#respond"]}]},{"@type":"WebPage","@id":"https:\/\/www.kvarken.org\/fi\/kestava-lentaminen-nousussa-pohjoisessa-pohjolassa-fair-2-hanke-esittelee-edistymistaan\/","url":"https:\/\/www.kvarken.org\/fi\/kestava-lentaminen-nousussa-pohjoisessa-pohjolassa-fair-2-hanke-esittelee-edistymistaan\/","name":"Kest\u00e4v\u00e4 lent\u00e4minen nousussa pohjoisessa Pohjolassa \u2013 FAIR 2-hanke esittelee edistymist\u00e4\u00e4n - Kvarkenr\u00e5det","isPartOf":{"@id":"https:\/\/www.kvarken.org\/fi\/#website"},"primaryImageOfPage":{"@id":"https:\/\/www.kvarken.org\/fi\/kestava-lentaminen-nousussa-pohjoisessa-pohjolassa-fair-2-hanke-esittelee-edistymistaan\/#primaryimage"},"image":{"@id":"https:\/\/www.kvarken.org\/fi\/kestava-lentaminen-nousussa-pohjoisessa-pohjolassa-fair-2-hanke-esittelee-edistymistaan\/#primaryimage"},"thumbnailUrl":"https:\/\/www.kvarken.org\/wp-content\/uploads\/2024\/05\/Kvarken_Skenaario1.jpg","datePublished":"2024-05-20T07:21:17+00:00","dateModified":"2024-06-03T13:41:33+00:00","author":{"@id":"https:\/\/www.kvarken.org\/fi\/#\/schema\/person\/0da9a52b8b8962cba7c963d7189046b5"},"breadcrumb":{"@id":"https:\/\/www.kvarken.org\/fi\/kestava-lentaminen-nousussa-pohjoisessa-pohjolassa-fair-2-hanke-esittelee-edistymistaan\/#breadcrumb"},"inLanguage":"fi","potentialAction":[{"@type":"ReadAction","target":["https:\/\/www.kvarken.org\/fi\/kestava-lentaminen-nousussa-pohjoisessa-pohjolassa-fair-2-hanke-esittelee-edistymistaan\/"]}]},{"@type":"ImageObject","inLanguage":"fi","@id":"https:\/\/www.kvarken.org\/fi\/kestava-lentaminen-nousussa-pohjoisessa-pohjolassa-fair-2-hanke-esittelee-edistymistaan\/#primaryimage","url":"https:\/\/www.kvarken.org\/wp-content\/uploads\/2024\/05\/Kvarken_Skenaario1.jpg","contentUrl":"https:\/\/www.kvarken.org\/wp-content\/uploads\/2024\/05\/Kvarken_Skenaario1.jpg","width":2310,"height":1492},{"@type":"BreadcrumbList","@id":"https:\/\/www.kvarken.org\/fi\/kestava-lentaminen-nousussa-pohjoisessa-pohjolassa-fair-2-hanke-esittelee-edistymistaan\/#breadcrumb","itemListElement":[{"@type":"ListItem","position":1,"name":"Hem","item":"https:\/\/www.kvarken.org\/fi\/"},{"@type":"ListItem","position":2,"name":"Kest\u00e4v\u00e4 lent\u00e4minen nousussa pohjoisessa Pohjolassa \u2013 FAIR 2-hanke esittelee edistymist\u00e4\u00e4n"}]},{"@type":"WebSite","@id":"https:\/\/www.kvarken.org\/fi\/#website","url":"https:\/\/www.kvarken.org\/fi\/","name":"Kvarkenr\u00e5det","description":"","potentialAction":[{"@type":"SearchAction","target":{"@type":"EntryPoint","urlTemplate":"https:\/\/www.kvarken.org\/fi\/?s={search_term_string}"},"query-input":{"@type":"PropertyValueSpecification","valueRequired":true,"valueName":"search_term_string"}}],"inLanguage":"fi"},{"@type":"Person","@id":"https:\/\/www.kvarken.org\/fi\/#\/schema\/person\/0da9a52b8b8962cba7c963d7189046b5","name":"Huuhka Ida-Maria","image":{"@type":"ImageObject","inLanguage":"fi","@id":"https:\/\/secure.gravatar.com\/avatar\/8b0e50e08aa7a664dc6e2c23a82b9f95c7dc6946a41a69227e0712becda209aa?s=96&d=mm&r=g","url":"https:\/\/secure.gravatar.com\/avatar\/8b0e50e08aa7a664dc6e2c23a82b9f95c7dc6946a41a69227e0712becda209aa?s=96&d=mm&r=g","contentUrl":"https:\/\/secure.gravatar.com\/avatar\/8b0e50e08aa7a664dc6e2c23a82b9f95c7dc6946a41a69227e0712becda209aa?s=96&d=mm&r=g","caption":"Huuhka Ida-Maria"}}]}},"_links":{"self":[{"href":"https:\/\/www.kvarken.org\/fi\/wp-json\/wp\/v2\/posts\/20864","targetHints":{"allow":["GET"]}}],"collection":[{"href":"https:\/\/www.kvarken.org\/fi\/wp-json\/wp\/v2\/posts"}],"about":[{"href":"https:\/\/www.kvarken.org\/fi\/wp-json\/wp\/v2\/types\/post"}],"author":[{"embeddable":true,"href":"https:\/\/www.kvarken.org\/fi\/wp-json\/wp\/v2\/users\/6"}],"replies":[{"embeddable":true,"href":"https:\/\/www.kvarken.org\/fi\/wp-json\/wp\/v2\/comments?post=20864"}],"version-history":[{"count":4,"href":"https:\/\/www.kvarken.org\/fi\/wp-json\/wp\/v2\/posts\/20864\/revisions"}],"predecessor-version":[{"id":21040,"href":"https:\/\/www.kvarken.org\/fi\/wp-json\/wp\/v2\/posts\/20864\/revisions\/21040"}],"wp:featuredmedia":[{"embeddable":true,"href":"https:\/\/www.kvarken.org\/fi\/wp-json\/wp\/v2\/media\/20873"}],"wp:attachment":[{"href":"https:\/\/www.kvarken.org\/fi\/wp-json\/wp\/v2\/media?parent=20864"}],"wp:term":[{"taxonomy":"category","embeddable":true,"href":"https:\/\/www.kvarken.org\/fi\/wp-json\/wp\/v2\/categories?post=20864"},{"taxonomy":"post_tag","embeddable":true,"href":"https:\/\/www.kvarken.org\/fi\/wp-json\/wp\/v2\/tags?post=20864"},{"taxonomy":"amnen","embeddable":true,"href":"https:\/\/www.kvarken.org\/fi\/wp-json\/wp\/v2\/amnen?post=20864"}],"curies":[{"name":"wp","href":"https:\/\/api.w.org\/{rel}","templated":true}]}}