{"id":21064,"date":"2024-06-18T08:39:11","date_gmt":"2024-06-18T05:39:11","guid":{"rendered":"https:\/\/www.kvarken.org\/?p=21064"},"modified":"2024-06-18T08:41:48","modified_gmt":"2024-06-18T05:41:48","slug":"fair-2-kumppanuus-vastaanotti-kestavaa-lentamista-koskevan-kartoituksen","status":"publish","type":"post","link":"https:\/\/www.kvarken.org\/fi\/fair-2-kumppanuus-vastaanotti-kestavaa-lentamista-koskevan-kartoituksen\/","title":{"rendered":"FAIR\u202f2\u202f-kumppanuus vastaanotti kest\u00e4v\u00e4\u00e4 lent\u00e4mist\u00e4 koskevan kartoituksen"},"content":{"rendered":"<p style=\"font-weight: 400;\">FAIR\u00a02\u00a0-kumppanuus vastaanotti viime viikolla pohjoisen Pohjolan kest\u00e4v\u00e4\u00e4 lent\u00e4mist\u00e4 koskevan tutkimuksen. T\u00e4m\u00e4 tutkimus tarjoaa t\u00e4rkeit\u00e4 oivalluksia alueellisista matkustusmalleista ja kest\u00e4v\u00e4n lent\u00e4misen tulevaisuudesta. FAIR\u00a02\u00a0-hanke pyrkii edist\u00e4m\u00e4\u00e4n kest\u00e4v\u00e4\u00e4 lentoliikennett\u00e4 sek\u00e4 lis\u00e4\u00e4m\u00e4\u00e4n tietoisuutta kest\u00e4v\u00e4n alueellisen lent\u00e4misen kysynn\u00e4st\u00e4 rajat ylitt\u00e4v\u00e4st\u00e4 n\u00e4k\u00f6kulmasta pohjoisessa Pohjolassa.<\/p>\n<p style=\"font-weight: 400;\">Kuudes-konsulttiyhti\u00f6n toteuttama tutkimus koostui kolmesta yksityiskohtaisesta vaiheesta: nykyisten matkustusmallien kartoituksesta Telian datan ja virallisten tilastojen avulla, laadullisista haastatteluista 20\u00a0eri alojen organisaatioiden kanssa sek\u00e4 m\u00e4\u00e4r\u00e4llisest\u00e4 kyselyst\u00e4, johon osallistui l\u00e4hes tuhat henkil\u00f6\u00e4 ja organisaatiota Suomesta ja Ruotsista.<\/p>\n<p style=\"font-weight: 400;\">\u2013 Kest\u00e4v\u00e4 lent\u00e4minen on nousemassa paikalliseksi kiinnostuksen kohteeksi kohderyhmiemme keskuudessa. L\u00f6yd\u00f6ksemme osoittavat valmiutta siirty\u00e4 kest\u00e4v\u00e4n lent\u00e4misen uusiin muotoihin, mik\u00e4 heijastaa yhteytt\u00e4 globaaleihin kest\u00e4v\u00e4n kehityksen trendeihin, mutta my\u00f6s muuttunutta matkustusk\u00e4ytt\u00e4ytymist\u00e4, sill\u00e4 alueelliset lennot eiv\u00e4t ole nyky\u00e4\u00e4n laajasti k\u00e4yt\u00f6ss\u00e4, totesi <strong>Terhi Hyv\u00f6nen<\/strong>, Kuudes-konsulttiyhti\u00f6n Senior Insight Specialist.<\/p>\n<p style=\"font-weight: 400;\"><strong>T\u00e4rkeimm\u00e4t p\u00e4\u00e4telm\u00e4t:<\/strong><\/p>\n<ul>\n<li style=\"font-weight: 400;\"><strong>Kest\u00e4v\u00e4n lent\u00e4misen kasvava kysynt\u00e4:<\/strong> Kest\u00e4v\u00e4mmille ja k\u00e4tev\u00e4mmille lentovaihtoehdoille on merkitt\u00e4v\u00e4 kysynt\u00e4, etenkin pohjoismaisten kaupunkien v\u00e4lill\u00e4.<\/li>\n<li style=\"font-weight: 400;\"><strong>Parempien rajat ylitt\u00e4vien yhteyksien tarpeellisuus: <\/strong>Erityisesti yritykset pit\u00e4v\u00e4t yhteyksien parantamista t\u00e4rke\u00e4n\u00e4 rajat ylitt\u00e4vien liiketoimintamahdollisuuksien, matkailun ja alueellisen vakauden edist\u00e4miseksi kaikkialla Pohjoismaissa.<\/li>\n<li style=\"font-weight: 400;\"><strong>Tulevat haasteet:<\/strong> Tutkimus tunnisti useita esteit\u00e4, mukaan lukien kulttuuristen yhteyksien puutteen joidenkin alueiden v\u00e4lill\u00e4, autoriippuvuuden, korkeita kest\u00e4vyysodotuksia sek\u00e4 huolen lent\u00e4misen k\u00e4tevyydest\u00e4 ja hinnoittelusta.<\/li>\n<\/ul>\n<p>T\u00e4m\u00e4n seurauksena Kuudes havaitsi, ett\u00e4 kest\u00e4v\u00e4 lent\u00e4minen on saamassa kannatusta kohderyhmien parissa, sek\u00e4 tunnisti sen potentiaalisen roolin alueen tulevassa kehityksess\u00e4. S\u00e4hk\u00f6ajoneuvojen tuttuuden my\u00f6t\u00e4 ihmiset ovat valmiita omaksumaan uusia lent\u00e4misen muotoja. Tutkimuksen perusteella ihmiset kyseenalaistavat nykyisten lentoliikennepalveluiden kest\u00e4vyyden ja k\u00e4tevyyden sek\u00e4 toivovat uudistusta. Kest\u00e4v\u00e4 lent\u00e4minen voisi muuttaa pohjoisen Pohjolan houkuttelemalla enemm\u00e4n liiketoimintaa, matkailua ja asukkaita. Esimerkiksi pohjoismaisten kaupunkien v\u00e4lisille lennoille on kysynt\u00e4\u00e4.<\/p>\n<p>Lentoliikennett\u00e4 kehitett\u00e4ess\u00e4 ja markkinoitaessa tulee hintojen, k\u00e4tevyyden ja koko toimitusketjun tinkim\u00e4tt\u00f6m\u00e4n kest\u00e4vyyden olla keskeisi\u00e4 tekij\u00f6it\u00e4. Kest\u00e4vyys on t\u00e4rke\u00e4\u00e4 molemmissa maissa, varsinkin Ruotsissa. Ihmiset haluavat lent\u00e4\u00e4 paremmin ja yksinkertaisempia reittej\u00e4 pitkin, mutta he eiv\u00e4t halua aiheuttaa p\u00e4\u00e4st\u00f6j\u00e4 matkustamalla liikaa. Lis\u00e4ksi kohderyhmi\u00e4 tulee valistaa siit\u00e4, ett\u00e4 lent\u00e4minen on realistinen vaihtoehto. Vapaa-ajan matkustuksessa odotetaan matalia hintoja.<\/p>\n<p><strong>Kest\u00e4v\u00e4n lent\u00e4misen keskeiset haasteet:<\/strong><\/p>\n<ol>\n<li><strong>Vuorovaikutuksen puute:<\/strong> Suomen rannikko on kulttuurisesti yhteydess\u00e4 Ruotsiin, mutta t\u00e4m\u00e4 yhteys puuttuu muilla alueilla. Kysynt\u00e4 ei ole yht\u00e4 vahvaa molempiin suuntiin; monet ruotsalaiset eiv\u00e4t tunne Suomea hyvin.<\/li>\n<li><strong>Autoriippuvuus:<\/strong> Pohjoisessa Pohjolassa ihmiset luottavat autoihinsa ja ovat tottuneet ajamaan pitki\u00e4 matkoja. Automatkailu tarjoaa joustavat aikataulut ja mahdollisuuden kuljettaa matkatavaroita. Monet saattavat vastustaa siirtymist\u00e4 lentomatkustamiseen, vaikka se s\u00e4\u00e4st\u00e4isi aikaa.<\/li>\n<li><strong>Lent\u00e4misen koettu ep\u00e4mukavuus:<\/strong> Menestys riippuu uuden sukupolven lentomatkustamisen luomisesta, joka on sujuvampaa ja k\u00e4tev\u00e4mp\u00e4\u00e4 ovelta ovelle, etenkin lyhyemmill\u00e4 matkoilla.<\/li>\n<\/ol>\n<p>N\u00e4iden haasteiden voittamiseksi sidosryhmien on vahvistettava kysynt\u00e4\u00e4 <strong>vaikuttamalla saatavuuteen, asenteisiin ja motivaatioon.<\/strong> Tutkimus osoitti, ett\u00e4 nykyinen geopoliittinen tilanne tarjoaa <strong>hyv\u00e4n hetken syvent\u00e4\u00e4 rajat ylitt\u00e4vi\u00e4 suhteita.<\/strong><\/p>\n<p>\u2013 FAIR 2 -hanke tarjoaa arvokasta tietoa kest\u00e4v\u00e4n lent\u00e4misen nykytilasta ja tulevaisuuden potentiaalista alueellamme. Ymm\u00e4rt\u00e4m\u00e4ll\u00e4 yhteis\u00f6jemme tarpeita ja odotuksia voimme kehitt\u00e4\u00e4 lentoratkaisuja, jotka ovat sek\u00e4 kest\u00e4vi\u00e4 ett\u00e4 my\u00f6s taloudellisesti kannattavia ja yhteiskuntaa hy\u00f6dytt\u00e4vi\u00e4. T\u00e4m\u00e4 on ratkaiseva askel kohti yhten\u00e4isemp\u00e4\u00e4 ja ymp\u00e4rist\u00f6tietoisempaa pohjoista Pohjolaa, kommentoi Merenkurkun neuvosto EAYY:n johtaja <strong>Mathias<\/strong> <strong>Lindstr\u00f6m.<\/strong><\/p>\n<p>FAIR\u00a02\u00a0-hankkeen tutkimusalue rajoittuu maantieteellisesti Merenkurkun neuvosto EAYY:n j\u00e4senalueisiin Suomessa ja Ruotsissa sek\u00e4 Luulajan kuntaan Ruotsissa. N\u00e4ist\u00e4 alueista k\u00e4ytet\u00e4\u00e4n hankkeessa nimityst\u00e4 pohjoinen Pohjola.<\/p>\n<div id=\"attachment_21101\" style=\"width: 5194px\" class=\"wp-caption alignleft\"><img decoding=\"async\" aria-describedby=\"caption-attachment-21101\" class=\"wp-image-21101 size-full\" src=\"https:\/\/www.kvarken.org\/wp-content\/uploads\/2024\/06\/IMG_2963.jpg\" alt=\"\" width=\"5184\" height=\"3456\" srcset=\"https:\/\/www.kvarken.org\/wp-content\/uploads\/2024\/06\/IMG_2963.jpg 5184w, https:\/\/www.kvarken.org\/wp-content\/uploads\/2024\/06\/IMG_2963-1280x853.jpg 1280w, https:\/\/www.kvarken.org\/wp-content\/uploads\/2024\/06\/IMG_2963-980x653.jpg 980w, https:\/\/www.kvarken.org\/wp-content\/uploads\/2024\/06\/IMG_2963-480x320.jpg 480w\" sizes=\"(min-width: 0px) and (max-width: 480px) 480px, (min-width: 481px) and (max-width: 980px) 980px, (min-width: 981px) and (max-width: 1280px) 1280px, (min-width: 1281px) 5184px, 100vw\" \/><p id=\"caption-attachment-21101\" class=\"wp-caption-text\">Tapahtumassa, jossa kest\u00e4v\u00e4\u00e4 lent\u00e4mist\u00e4 koskevan tutkimuksen l\u00f6yd\u00f6kset julkaistiin, Visit Vaasan toimitusjohtaja Max Jansson puhui uusista mahdollisuuksista, joita uusi ilmailuteknologia voi tuoda alueen matkailualalle.<\/p><\/div>\n<div id=\"attachment_21104\" style=\"width: 5194px\" class=\"wp-caption alignleft\"><img decoding=\"async\" aria-describedby=\"caption-attachment-21104\" class=\"wp-image-21104 size-full\" src=\"https:\/\/www.kvarken.org\/wp-content\/uploads\/2024\/06\/IMG_3102.jpg\" alt=\"\" width=\"5184\" height=\"3456\" srcset=\"https:\/\/www.kvarken.org\/wp-content\/uploads\/2024\/06\/IMG_3102.jpg 5184w, https:\/\/www.kvarken.org\/wp-content\/uploads\/2024\/06\/IMG_3102-1280x853.jpg 1280w, https:\/\/www.kvarken.org\/wp-content\/uploads\/2024\/06\/IMG_3102-980x653.jpg 980w, https:\/\/www.kvarken.org\/wp-content\/uploads\/2024\/06\/IMG_3102-480x320.jpg 480w\" sizes=\"(min-width: 0px) and (max-width: 480px) 480px, (min-width: 481px) and (max-width: 980px) 980px, (min-width: 981px) and (max-width: 1280px) 1280px, (min-width: 1281px) 5184px, 100vw\" \/><p id=\"caption-attachment-21104\" class=\"wp-caption-text\">Terhi Hyv\u00f6nen, Kuudes-konsulttiyhti\u00f6n Senior Insight Specialist ja Saara J\u00e4rvinen, Kuudes-konsulttiyhti\u00f6n Senior Insight Strategist, esitteliv\u00e4t kest\u00e4v\u00e4n lent\u00e4misen koskevan tutkimuksen tulokset.<\/p><\/div>\n<p>&nbsp;<\/p>\n<p><em><strong>Merenkurkun neuvosto<\/strong> on Pohjanmaan kolmen maakunnan sek\u00e4 Ruotsin V\u00e4sterbottenin ja V\u00e4sternorrlandin maakuntien pohjoismainen, raja-alueellinen yhteisty\u00f6foorumi. Yhdess\u00e4 alueet muodostavat Merenkurkun alueen. <\/em><em>Olemme Pohjoismaiden demokraattisin monitasoinen hallintorakenne ja ensimm\u00e4inen t\u00e4ysin pohjoismainen EAYY-alue. Edist\u00e4mme kaikenlaista rajat ylitt\u00e4v\u00e4\u00e4 yhteisty\u00f6t\u00e4 tavoitteenamme kehitt\u00e4\u00e4 aluettamme parhaaksi mahdolliseksi paikaksi tuleville sukupolville.\u00a0Merenkurkun neuvosto on yksi Pohjoismaiden ministerineuvoston virallisista raja-alueellisista yhteisty\u00f6elimist\u00e4.<\/em><\/p>\n<p><b><span lang=\"FI\">FAIR 2 \u2013 Kest\u00e4v\u00e4n lent\u00e4misen edist\u00e4minen<\/span><\/b><\/p>\n<p><i><span lang=\"FI\">FAIR-hankkeet ovat edell\u00e4k\u00e4vij\u00f6it\u00e4 alueellisen ja rajat ylitt\u00e4v\u00e4n lentoliikenteen muuttamisessa ymp\u00e4rist\u00f6yst\u00e4v\u00e4llisemm\u00e4ksi.<\/span><\/i><i> <\/i><i><span lang=\"FI\">N\u00e4m\u00e4 hankkeet ovat suuria askeleita meille Merenkurkun alueella ja pohjoisessa Pohjolassa pyrkimyksiss\u00e4mme k\u00e4ytt\u00e4\u00e4 alueellamme vihreit\u00e4 lentomatkustustapoja.<\/span><\/i><i> <\/i><i><span lang=\"FI\">Tavoitteenamme on siirty\u00e4 ensimm\u00e4isten joukossa t\u00e4llaiseen lentomatkustukseen heti kun sertifioinnit valmistuvat.<\/span><\/i><\/p>\n<p><i><span lang=\"FI\">Alkuper\u00e4inen FAIR-hanke paransi tiet\u00e4myst\u00e4 s\u00e4hk\u00f6isest\u00e4 lent\u00e4misest\u00e4 ja sen mahdollisista vaikutuksista sek\u00e4 Merenkurkun alueelle Suomessa ja Ruotsissa ett\u00e4 Nordlandiin Norjassa.<\/span><\/i><i> <\/i><i><span lang=\"FI\">Hankkeen tulokset viittasivat <\/span><\/i><i><span lang=\"FI\">merkitt\u00e4viin etuihin, kuten matka-aikojen lyhentymiseen, p\u00e4\u00e4st\u00f6jen v\u00e4henemiseen ja mahdollisiin kustannuss\u00e4\u00e4st\u00f6ihin, jotka yhdess\u00e4 voisivat vahvistaa siteit\u00e4 rajat ylitt\u00e4v\u00e4ll\u00e4 alueella. <\/span><\/i><i><span lang=\"FI\">Hanke ehdotti n\u00e4iden oivallusten pohjalta alueellisille sidosryhmille toimenpiteit\u00e4 s\u00e4hk\u00f6isen lent\u00e4misen varhaiseen k\u00e4ytt\u00f6\u00f6nottoon. <\/span><\/i><i><\/i><i><span lang=\"FI\">Useat ehdotetuista toimenpiteist\u00e4 kuitenkin vaativat parempaa tietoa mitoittamista varten.<\/span><\/i><i> <\/i><i><span lang=\"FI\">Kysynt\u00e4\u00e4 koskevan tiedon tuottaminen on EU:n Interreg-ohjelmaan kuuluvan FAIR\u00a02\u00a0-hankkeen p\u00e4\u00e4teht\u00e4v\u00e4.<\/span><\/i><\/p>\n<p><i><span lang=\"FI\">Lue lis\u00e4\u00e4 aiemmasta FAIR-hankkeesta <\/span><\/i><span lang=\"SV-FI\"><a href=\"https:\/\/www.kvarken.org\/fi\/hankkeet\/fair\/\" target=\"_blank\" rel=\"noopener\"><i><span lang=\"FI\"><strong>T\u00c4\u00c4LT\u00c4<\/strong>.<\/span><\/i><\/a><\/span><i> <\/i><i><span lang=\"FI\">Loppuraportti ja ehdotetut toimenpiteet l\u00f6ytyv\u00e4t <\/span><\/i><span lang=\"SV-FI\"><a href=\"https:\/\/www.kvarken.org\/wp-content\/uploads\/2022\/09\/FAIR_Slutrapport_A4_Aug_2022_v002_DIGITAL.pdf\" target=\"_blank\" rel=\"noopener\"><i><span lang=\"FI\"><strong>T\u00c4\u00c4LT\u00c4<\/strong>.<\/span><\/i><\/a><\/span><em>\u00a0Lue lis\u00e4\u00e4 FAIR 2 -hankkeesta <a href=\"https:\/\/www.kvarken.org\/fi\/hankkeet\/fair2\/\"><strong>T\u00c4\u00c4LT\u00c4<\/strong><\/a>.<\/em><\/p>\n<p><strong><em>FAIR 2 \u2013 Hankekumppanuus\u00a0<\/em><\/strong><\/p>\n<p><strong><em>Lead partner EU<\/em><\/strong><em><br \/>\n<\/em><em>Merenkurkun neuvosto EAYY (ainoa tuensaaja, EAYY)<br \/>\n<\/em><strong><em>Rahoittajat<\/em><\/strong><em><br \/>\n<\/em><em>Interreg Aurora, Lapin liitto, Merenkurkun neuvosto EAYY, KOY Kruunupyyn lentohalli, Vaasanseudun Kehitys Oy VASEK, Uumajan kunta, Skellefte\u00e5n lentoasema, Skellefte\u00e5 Kraft, Lule\u00e5 Business Region, Sundsvallin kunta, Into Sein\u00e4joki, V\u00e4sterbottenin l\u00e4\u00e4ninhallitus, \u00d6rnsk\u00f6ldsvikin kunta, Lyckselen kunta, Region V\u00e4sterbotten, MidtSkandia.<\/em><\/p>\n<p><img decoding=\"async\" class=\"alignleft wp-image-16002\" src=\"https:\/\/www.kvarken.org\/wp-content\/uploads\/2023\/01\/cropped-AURORA-RGB-Color-1.png\" alt=\"\" width=\"600\" height=\"136\" \/><\/p>\n<p>&nbsp;<\/p>\n<p>&nbsp;<\/p>\n","protected":false},"excerpt":{"rendered":"<p>FAIR 2 -kumppanuus vastaanotti viime viikolla pohjoisen Pohjolan kest\u00e4v\u00e4\u00e4 lent\u00e4mist\u00e4 koskevan tutkimuksen. T\u00e4m\u00e4 tutkimus tarjoaa t\u00e4rkeit\u00e4 oivalluksia alueellisista matkustusmalleista ja kest\u00e4v\u00e4n lent\u00e4misen tulevaisuudesta.<\/p>\n","protected":false},"author":6,"featured_media":21104,"comment_status":"open","ping_status":"open","sticky":false,"template":"","format":"standard","meta":{"_acf_changed":false,"_et_pb_use_builder":"","_et_pb_old_content":"","_et_gb_content_width":"","footnotes":""},"categories":[67,13],"tags":[],"amnen":[130,56,132,50,65],"class_list":["post-21064","post","type-post","status-publish","format-standard","has-post-thumbnail","hentry","category-lehdistotiedote","category-uncategorized-fi","amnen-environment-2-fi","amnen-infrastruktuuri","amnen-transport-and-infrastructure-fi","amnen-infrastruktur","amnen-ymparisto"],"acf":[],"yoast_head":"<!-- This site is optimized with the Yoast SEO plugin v27.4 - https:\/\/yoast.com\/product\/yoast-seo-wordpress\/ -->\n<title>FAIR\u202f2\u202f-kumppanuus vastaanotti kest\u00e4v\u00e4\u00e4 lent\u00e4mist\u00e4 koskevan kartoituksen - Kvarkenr\u00e5det<\/title>\n<meta name=\"robots\" content=\"index, follow, max-snippet:-1, max-image-preview:large, max-video-preview:-1\" \/>\n<link rel=\"canonical\" href=\"https:\/\/www.kvarken.org\/fi\/fair-2-kumppanuus-vastaanotti-kestavaa-lentamista-koskevan-kartoituksen\/\" \/>\n<meta property=\"og:locale\" content=\"fi_FI\" \/>\n<meta property=\"og:type\" content=\"article\" \/>\n<meta property=\"og:title\" content=\"FAIR\u202f2\u202f-kumppanuus vastaanotti kest\u00e4v\u00e4\u00e4 lent\u00e4mist\u00e4 koskevan kartoituksen - Kvarkenr\u00e5det\" \/>\n<meta property=\"og:description\" content=\"FAIR 2 -kumppanuus vastaanotti viime viikolla pohjoisen Pohjolan kest\u00e4v\u00e4\u00e4 lent\u00e4mist\u00e4 koskevan tutkimuksen. T\u00e4m\u00e4 tutkimus tarjoaa t\u00e4rkeit\u00e4 oivalluksia alueellisista matkustusmalleista ja kest\u00e4v\u00e4n lent\u00e4misen tulevaisuudesta.\" \/>\n<meta property=\"og:url\" content=\"https:\/\/www.kvarken.org\/fi\/fair-2-kumppanuus-vastaanotti-kestavaa-lentamista-koskevan-kartoituksen\/\" \/>\n<meta property=\"og:site_name\" content=\"Kvarkenr\u00e5det\" \/>\n<meta property=\"article:published_time\" content=\"2024-06-18T05:39:11+00:00\" \/>\n<meta property=\"article:modified_time\" content=\"2024-06-18T05:41:48+00:00\" \/>\n<meta property=\"og:image\" content=\"https:\/\/www.kvarken.org\/wp-content\/uploads\/2024\/06\/IMG_3102-1024x683.jpg\" \/>\n\t<meta property=\"og:image:width\" content=\"1024\" \/>\n\t<meta property=\"og:image:height\" content=\"683\" \/>\n\t<meta property=\"og:image:type\" content=\"image\/jpeg\" \/>\n<meta name=\"author\" content=\"Huuhka Ida-Maria\" \/>\n<meta name=\"twitter:card\" content=\"summary_large_image\" \/>\n<meta name=\"twitter:label1\" content=\"Kirjoittanut\" \/>\n\t<meta name=\"twitter:data1\" content=\"Huuhka Ida-Maria\" \/>\n\t<meta name=\"twitter:label2\" content=\"Arvioitu lukuaika\" \/>\n\t<meta name=\"twitter:data2\" content=\"5 minuuttia\" \/>\n<script type=\"application\/ld+json\" class=\"yoast-schema-graph\">{\"@context\":\"https:\\\/\\\/schema.org\",\"@graph\":[{\"@type\":\"Article\",\"@id\":\"https:\\\/\\\/www.kvarken.org\\\/fi\\\/fair-2-kumppanuus-vastaanotti-kestavaa-lentamista-koskevan-kartoituksen\\\/#article\",\"isPartOf\":{\"@id\":\"https:\\\/\\\/www.kvarken.org\\\/fi\\\/fair-2-kumppanuus-vastaanotti-kestavaa-lentamista-koskevan-kartoituksen\\\/\"},\"author\":{\"name\":\"Huuhka Ida-Maria\",\"@id\":\"https:\\\/\\\/www.kvarken.org\\\/fi\\\/#\\\/schema\\\/person\\\/0da9a52b8b8962cba7c963d7189046b5\"},\"headline\":\"FAIR\u202f2\u202f-kumppanuus vastaanotti kest\u00e4v\u00e4\u00e4 lent\u00e4mist\u00e4 koskevan kartoituksen\",\"datePublished\":\"2024-06-18T05:39:11+00:00\",\"dateModified\":\"2024-06-18T05:41:48+00:00\",\"mainEntityOfPage\":{\"@id\":\"https:\\\/\\\/www.kvarken.org\\\/fi\\\/fair-2-kumppanuus-vastaanotti-kestavaa-lentamista-koskevan-kartoituksen\\\/\"},\"wordCount\":968,\"commentCount\":0,\"image\":{\"@id\":\"https:\\\/\\\/www.kvarken.org\\\/fi\\\/fair-2-kumppanuus-vastaanotti-kestavaa-lentamista-koskevan-kartoituksen\\\/#primaryimage\"},\"thumbnailUrl\":\"https:\\\/\\\/www.kvarken.org\\\/wp-content\\\/uploads\\\/2024\\\/06\\\/IMG_3102.jpg\",\"articleSection\":[\"Lehdist\u00f6tiedote\",\"Uncategorized @fi\"],\"inLanguage\":\"fi\",\"potentialAction\":[{\"@type\":\"CommentAction\",\"name\":\"Comment\",\"target\":[\"https:\\\/\\\/www.kvarken.org\\\/fi\\\/fair-2-kumppanuus-vastaanotti-kestavaa-lentamista-koskevan-kartoituksen\\\/#respond\"]}]},{\"@type\":\"WebPage\",\"@id\":\"https:\\\/\\\/www.kvarken.org\\\/fi\\\/fair-2-kumppanuus-vastaanotti-kestavaa-lentamista-koskevan-kartoituksen\\\/\",\"url\":\"https:\\\/\\\/www.kvarken.org\\\/fi\\\/fair-2-kumppanuus-vastaanotti-kestavaa-lentamista-koskevan-kartoituksen\\\/\",\"name\":\"FAIR\u202f2\u202f-kumppanuus vastaanotti kest\u00e4v\u00e4\u00e4 lent\u00e4mist\u00e4 koskevan kartoituksen - Kvarkenr\u00e5det\",\"isPartOf\":{\"@id\":\"https:\\\/\\\/www.kvarken.org\\\/fi\\\/#website\"},\"primaryImageOfPage\":{\"@id\":\"https:\\\/\\\/www.kvarken.org\\\/fi\\\/fair-2-kumppanuus-vastaanotti-kestavaa-lentamista-koskevan-kartoituksen\\\/#primaryimage\"},\"image\":{\"@id\":\"https:\\\/\\\/www.kvarken.org\\\/fi\\\/fair-2-kumppanuus-vastaanotti-kestavaa-lentamista-koskevan-kartoituksen\\\/#primaryimage\"},\"thumbnailUrl\":\"https:\\\/\\\/www.kvarken.org\\\/wp-content\\\/uploads\\\/2024\\\/06\\\/IMG_3102.jpg\",\"datePublished\":\"2024-06-18T05:39:11+00:00\",\"dateModified\":\"2024-06-18T05:41:48+00:00\",\"author\":{\"@id\":\"https:\\\/\\\/www.kvarken.org\\\/fi\\\/#\\\/schema\\\/person\\\/0da9a52b8b8962cba7c963d7189046b5\"},\"breadcrumb\":{\"@id\":\"https:\\\/\\\/www.kvarken.org\\\/fi\\\/fair-2-kumppanuus-vastaanotti-kestavaa-lentamista-koskevan-kartoituksen\\\/#breadcrumb\"},\"inLanguage\":\"fi\",\"potentialAction\":[{\"@type\":\"ReadAction\",\"target\":[\"https:\\\/\\\/www.kvarken.org\\\/fi\\\/fair-2-kumppanuus-vastaanotti-kestavaa-lentamista-koskevan-kartoituksen\\\/\"]}]},{\"@type\":\"ImageObject\",\"inLanguage\":\"fi\",\"@id\":\"https:\\\/\\\/www.kvarken.org\\\/fi\\\/fair-2-kumppanuus-vastaanotti-kestavaa-lentamista-koskevan-kartoituksen\\\/#primaryimage\",\"url\":\"https:\\\/\\\/www.kvarken.org\\\/wp-content\\\/uploads\\\/2024\\\/06\\\/IMG_3102.jpg\",\"contentUrl\":\"https:\\\/\\\/www.kvarken.org\\\/wp-content\\\/uploads\\\/2024\\\/06\\\/IMG_3102.jpg\",\"width\":5184,\"height\":3456},{\"@type\":\"BreadcrumbList\",\"@id\":\"https:\\\/\\\/www.kvarken.org\\\/fi\\\/fair-2-kumppanuus-vastaanotti-kestavaa-lentamista-koskevan-kartoituksen\\\/#breadcrumb\",\"itemListElement\":[{\"@type\":\"ListItem\",\"position\":1,\"name\":\"Hem\",\"item\":\"https:\\\/\\\/www.kvarken.org\\\/fi\\\/\"},{\"@type\":\"ListItem\",\"position\":2,\"name\":\"FAIR\u202f2\u202f-kumppanuus vastaanotti kest\u00e4v\u00e4\u00e4 lent\u00e4mist\u00e4 koskevan kartoituksen\"}]},{\"@type\":\"WebSite\",\"@id\":\"https:\\\/\\\/www.kvarken.org\\\/fi\\\/#website\",\"url\":\"https:\\\/\\\/www.kvarken.org\\\/fi\\\/\",\"name\":\"Kvarkenr\u00e5det\",\"description\":\"\",\"potentialAction\":[{\"@type\":\"SearchAction\",\"target\":{\"@type\":\"EntryPoint\",\"urlTemplate\":\"https:\\\/\\\/www.kvarken.org\\\/fi\\\/?s={search_term_string}\"},\"query-input\":{\"@type\":\"PropertyValueSpecification\",\"valueRequired\":true,\"valueName\":\"search_term_string\"}}],\"inLanguage\":\"fi\"},{\"@type\":\"Person\",\"@id\":\"https:\\\/\\\/www.kvarken.org\\\/fi\\\/#\\\/schema\\\/person\\\/0da9a52b8b8962cba7c963d7189046b5\",\"name\":\"Huuhka Ida-Maria\",\"image\":{\"@type\":\"ImageObject\",\"inLanguage\":\"fi\",\"@id\":\"https:\\\/\\\/secure.gravatar.com\\\/avatar\\\/8b0e50e08aa7a664dc6e2c23a82b9f95c7dc6946a41a69227e0712becda209aa?s=96&d=mm&r=g\",\"url\":\"https:\\\/\\\/secure.gravatar.com\\\/avatar\\\/8b0e50e08aa7a664dc6e2c23a82b9f95c7dc6946a41a69227e0712becda209aa?s=96&d=mm&r=g\",\"contentUrl\":\"https:\\\/\\\/secure.gravatar.com\\\/avatar\\\/8b0e50e08aa7a664dc6e2c23a82b9f95c7dc6946a41a69227e0712becda209aa?s=96&d=mm&r=g\",\"caption\":\"Huuhka Ida-Maria\"}}]}<\/script>\n<!-- \/ Yoast SEO plugin. -->","yoast_head_json":{"title":"FAIR\u202f2\u202f-kumppanuus vastaanotti kest\u00e4v\u00e4\u00e4 lent\u00e4mist\u00e4 koskevan kartoituksen - Kvarkenr\u00e5det","robots":{"index":"index","follow":"follow","max-snippet":"max-snippet:-1","max-image-preview":"max-image-preview:large","max-video-preview":"max-video-preview:-1"},"canonical":"https:\/\/www.kvarken.org\/fi\/fair-2-kumppanuus-vastaanotti-kestavaa-lentamista-koskevan-kartoituksen\/","og_locale":"fi_FI","og_type":"article","og_title":"FAIR\u202f2\u202f-kumppanuus vastaanotti kest\u00e4v\u00e4\u00e4 lent\u00e4mist\u00e4 koskevan kartoituksen - Kvarkenr\u00e5det","og_description":"FAIR 2 -kumppanuus vastaanotti viime viikolla pohjoisen Pohjolan kest\u00e4v\u00e4\u00e4 lent\u00e4mist\u00e4 koskevan tutkimuksen. T\u00e4m\u00e4 tutkimus tarjoaa t\u00e4rkeit\u00e4 oivalluksia alueellisista matkustusmalleista ja kest\u00e4v\u00e4n lent\u00e4misen tulevaisuudesta.","og_url":"https:\/\/www.kvarken.org\/fi\/fair-2-kumppanuus-vastaanotti-kestavaa-lentamista-koskevan-kartoituksen\/","og_site_name":"Kvarkenr\u00e5det","article_published_time":"2024-06-18T05:39:11+00:00","article_modified_time":"2024-06-18T05:41:48+00:00","og_image":[{"width":1024,"height":683,"url":"https:\/\/www.kvarken.org\/wp-content\/uploads\/2024\/06\/IMG_3102-1024x683.jpg","type":"image\/jpeg"}],"author":"Huuhka Ida-Maria","twitter_card":"summary_large_image","twitter_misc":{"Kirjoittanut":"Huuhka Ida-Maria","Arvioitu lukuaika":"5 minuuttia"},"schema":{"@context":"https:\/\/schema.org","@graph":[{"@type":"Article","@id":"https:\/\/www.kvarken.org\/fi\/fair-2-kumppanuus-vastaanotti-kestavaa-lentamista-koskevan-kartoituksen\/#article","isPartOf":{"@id":"https:\/\/www.kvarken.org\/fi\/fair-2-kumppanuus-vastaanotti-kestavaa-lentamista-koskevan-kartoituksen\/"},"author":{"name":"Huuhka Ida-Maria","@id":"https:\/\/www.kvarken.org\/fi\/#\/schema\/person\/0da9a52b8b8962cba7c963d7189046b5"},"headline":"FAIR\u202f2\u202f-kumppanuus vastaanotti kest\u00e4v\u00e4\u00e4 lent\u00e4mist\u00e4 koskevan kartoituksen","datePublished":"2024-06-18T05:39:11+00:00","dateModified":"2024-06-18T05:41:48+00:00","mainEntityOfPage":{"@id":"https:\/\/www.kvarken.org\/fi\/fair-2-kumppanuus-vastaanotti-kestavaa-lentamista-koskevan-kartoituksen\/"},"wordCount":968,"commentCount":0,"image":{"@id":"https:\/\/www.kvarken.org\/fi\/fair-2-kumppanuus-vastaanotti-kestavaa-lentamista-koskevan-kartoituksen\/#primaryimage"},"thumbnailUrl":"https:\/\/www.kvarken.org\/wp-content\/uploads\/2024\/06\/IMG_3102.jpg","articleSection":["Lehdist\u00f6tiedote","Uncategorized @fi"],"inLanguage":"fi","potentialAction":[{"@type":"CommentAction","name":"Comment","target":["https:\/\/www.kvarken.org\/fi\/fair-2-kumppanuus-vastaanotti-kestavaa-lentamista-koskevan-kartoituksen\/#respond"]}]},{"@type":"WebPage","@id":"https:\/\/www.kvarken.org\/fi\/fair-2-kumppanuus-vastaanotti-kestavaa-lentamista-koskevan-kartoituksen\/","url":"https:\/\/www.kvarken.org\/fi\/fair-2-kumppanuus-vastaanotti-kestavaa-lentamista-koskevan-kartoituksen\/","name":"FAIR\u202f2\u202f-kumppanuus vastaanotti kest\u00e4v\u00e4\u00e4 lent\u00e4mist\u00e4 koskevan kartoituksen - Kvarkenr\u00e5det","isPartOf":{"@id":"https:\/\/www.kvarken.org\/fi\/#website"},"primaryImageOfPage":{"@id":"https:\/\/www.kvarken.org\/fi\/fair-2-kumppanuus-vastaanotti-kestavaa-lentamista-koskevan-kartoituksen\/#primaryimage"},"image":{"@id":"https:\/\/www.kvarken.org\/fi\/fair-2-kumppanuus-vastaanotti-kestavaa-lentamista-koskevan-kartoituksen\/#primaryimage"},"thumbnailUrl":"https:\/\/www.kvarken.org\/wp-content\/uploads\/2024\/06\/IMG_3102.jpg","datePublished":"2024-06-18T05:39:11+00:00","dateModified":"2024-06-18T05:41:48+00:00","author":{"@id":"https:\/\/www.kvarken.org\/fi\/#\/schema\/person\/0da9a52b8b8962cba7c963d7189046b5"},"breadcrumb":{"@id":"https:\/\/www.kvarken.org\/fi\/fair-2-kumppanuus-vastaanotti-kestavaa-lentamista-koskevan-kartoituksen\/#breadcrumb"},"inLanguage":"fi","potentialAction":[{"@type":"ReadAction","target":["https:\/\/www.kvarken.org\/fi\/fair-2-kumppanuus-vastaanotti-kestavaa-lentamista-koskevan-kartoituksen\/"]}]},{"@type":"ImageObject","inLanguage":"fi","@id":"https:\/\/www.kvarken.org\/fi\/fair-2-kumppanuus-vastaanotti-kestavaa-lentamista-koskevan-kartoituksen\/#primaryimage","url":"https:\/\/www.kvarken.org\/wp-content\/uploads\/2024\/06\/IMG_3102.jpg","contentUrl":"https:\/\/www.kvarken.org\/wp-content\/uploads\/2024\/06\/IMG_3102.jpg","width":5184,"height":3456},{"@type":"BreadcrumbList","@id":"https:\/\/www.kvarken.org\/fi\/fair-2-kumppanuus-vastaanotti-kestavaa-lentamista-koskevan-kartoituksen\/#breadcrumb","itemListElement":[{"@type":"ListItem","position":1,"name":"Hem","item":"https:\/\/www.kvarken.org\/fi\/"},{"@type":"ListItem","position":2,"name":"FAIR\u202f2\u202f-kumppanuus vastaanotti kest\u00e4v\u00e4\u00e4 lent\u00e4mist\u00e4 koskevan kartoituksen"}]},{"@type":"WebSite","@id":"https:\/\/www.kvarken.org\/fi\/#website","url":"https:\/\/www.kvarken.org\/fi\/","name":"Kvarkenr\u00e5det","description":"","potentialAction":[{"@type":"SearchAction","target":{"@type":"EntryPoint","urlTemplate":"https:\/\/www.kvarken.org\/fi\/?s={search_term_string}"},"query-input":{"@type":"PropertyValueSpecification","valueRequired":true,"valueName":"search_term_string"}}],"inLanguage":"fi"},{"@type":"Person","@id":"https:\/\/www.kvarken.org\/fi\/#\/schema\/person\/0da9a52b8b8962cba7c963d7189046b5","name":"Huuhka Ida-Maria","image":{"@type":"ImageObject","inLanguage":"fi","@id":"https:\/\/secure.gravatar.com\/avatar\/8b0e50e08aa7a664dc6e2c23a82b9f95c7dc6946a41a69227e0712becda209aa?s=96&d=mm&r=g","url":"https:\/\/secure.gravatar.com\/avatar\/8b0e50e08aa7a664dc6e2c23a82b9f95c7dc6946a41a69227e0712becda209aa?s=96&d=mm&r=g","contentUrl":"https:\/\/secure.gravatar.com\/avatar\/8b0e50e08aa7a664dc6e2c23a82b9f95c7dc6946a41a69227e0712becda209aa?s=96&d=mm&r=g","caption":"Huuhka Ida-Maria"}}]}},"_links":{"self":[{"href":"https:\/\/www.kvarken.org\/fi\/wp-json\/wp\/v2\/posts\/21064","targetHints":{"allow":["GET"]}}],"collection":[{"href":"https:\/\/www.kvarken.org\/fi\/wp-json\/wp\/v2\/posts"}],"about":[{"href":"https:\/\/www.kvarken.org\/fi\/wp-json\/wp\/v2\/types\/post"}],"author":[{"embeddable":true,"href":"https:\/\/www.kvarken.org\/fi\/wp-json\/wp\/v2\/users\/6"}],"replies":[{"embeddable":true,"href":"https:\/\/www.kvarken.org\/fi\/wp-json\/wp\/v2\/comments?post=21064"}],"version-history":[{"count":5,"href":"https:\/\/www.kvarken.org\/fi\/wp-json\/wp\/v2\/posts\/21064\/revisions"}],"predecessor-version":[{"id":21113,"href":"https:\/\/www.kvarken.org\/fi\/wp-json\/wp\/v2\/posts\/21064\/revisions\/21113"}],"wp:featuredmedia":[{"embeddable":true,"href":"https:\/\/www.kvarken.org\/fi\/wp-json\/wp\/v2\/media\/21104"}],"wp:attachment":[{"href":"https:\/\/www.kvarken.org\/fi\/wp-json\/wp\/v2\/media?parent=21064"}],"wp:term":[{"taxonomy":"category","embeddable":true,"href":"https:\/\/www.kvarken.org\/fi\/wp-json\/wp\/v2\/categories?post=21064"},{"taxonomy":"post_tag","embeddable":true,"href":"https:\/\/www.kvarken.org\/fi\/wp-json\/wp\/v2\/tags?post=21064"},{"taxonomy":"amnen","embeddable":true,"href":"https:\/\/www.kvarken.org\/fi\/wp-json\/wp\/v2\/amnen?post=21064"}],"curies":[{"name":"wp","href":"https:\/\/api.w.org\/{rel}","templated":true}]}}