{"id":21314,"date":"2024-08-20T14:08:26","date_gmt":"2024-08-20T11:08:26","guid":{"rendered":"https:\/\/www.kvarken.org\/?p=21314"},"modified":"2024-08-21T14:02:58","modified_gmt":"2024-08-21T11:02:58","slug":"pohjoismainen-yhteistyo-tarkeampaa-kuin-koskaan","status":"publish","type":"post","link":"https:\/\/www.kvarken.org\/fi\/pohjoismainen-yhteistyo-tarkeampaa-kuin-koskaan\/","title":{"rendered":"Pohjoismainen yhteisty\u00f6 t\u00e4rke\u00e4mp\u00e4\u00e4 kuin koskaan"},"content":{"rendered":"<p><span data-contrast=\"none\">Ensimm\u00e4isen\u00e4 \u00e4\u00e4neen p\u00e4\u00e4si Norjan Suomen-suurl\u00e4hettil\u00e4s <\/span><b><span data-contrast=\"none\">Wegger Christian Str\u00f8mmen<\/span><\/b><span data-contrast=\"none\">.<\/span> <span data-contrast=\"none\">H\u00e4n puhui pohjoismaisen yhteisty\u00f6n haasteista ja mahdollisuuksista korostaen, ett\u00e4 suhteet Pohjoismaiden v\u00e4lill\u00e4 ovat paremmat kuin koskaan aiemmin.<\/span> <span data-contrast=\"none\">Siteet Norjaan ovat vahvistuneet Suomen ja Ruotsin liitytty\u00e4 Natoon.<\/span><\/p>\n<p><span data-contrast=\"none\">\u2013 Kaikki, mik\u00e4 on hyv\u00e4ksi Suomelle ja Ruotsille, on my\u00f6s hyv\u00e4ksi Norjalle, Str\u00f8mmen totesi.<\/span><\/p>\n<div id=\"attachment_21323\" style=\"width: 4461px\" class=\"wp-caption alignleft\"><img decoding=\"async\" aria-describedby=\"caption-attachment-21323\" class=\"wp-image-21323 size-full\" src=\"https:\/\/www.kvarken.org\/wp-content\/uploads\/2024\/08\/DSC_0074.jpg\" alt=\"\" width=\"4451\" height=\"2967\" srcset=\"https:\/\/www.kvarken.org\/wp-content\/uploads\/2024\/08\/DSC_0074.jpg 4451w, https:\/\/www.kvarken.org\/wp-content\/uploads\/2024\/08\/DSC_0074-1280x853.jpg 1280w, https:\/\/www.kvarken.org\/wp-content\/uploads\/2024\/08\/DSC_0074-980x653.jpg 980w, https:\/\/www.kvarken.org\/wp-content\/uploads\/2024\/08\/DSC_0074-480x320.jpg 480w\" sizes=\"(min-width: 0px) and (max-width: 480px) 480px, (min-width: 481px) and (max-width: 980px) 980px, (min-width: 981px) and (max-width: 1280px) 1280px, (min-width: 1281px) 4451px, 100vw\" \/><p id=\"caption-attachment-21323\" class=\"wp-caption-text\">Norjan Suomen-suurl\u00e4hettil\u00e4s Wegger Christian Str\u00f8mmen korosti, ett\u00e4 suhteet Pohjoismaiden v\u00e4lill\u00e4 ovat paremmat kuin koskaan aiemmin.<\/p><\/div>\n<h2><b><span data-contrast=\"none\">Siviilivalmius sotilaallisena intressin\u00e4<\/span><\/b><\/h2>\n<p><span data-contrast=\"none\">Uumajan yliopiston valtiotieteen laitoksen professori<\/span><b><span data-contrast=\"none\"> Niklas Eklund<\/span><\/b><span data-contrast=\"none\"> puhui pohjoismaisesta ja arktisesta turvallisuudesta, mink\u00e4 lis\u00e4ksi h\u00e4n toi esille kasvavan disinformaatio-ongelman.<\/span> <span data-contrast=\"none\">Eklund muistutti, ett\u00e4 p\u00e4\u00e4asiallinen syy Suomen ja Ruotsin liittymiselle Natoon oli sotilaallinen puolustus.<\/span> <span data-contrast=\"none\">Nyt kun maat ovat j\u00e4seni\u00e4, niiden on kuitenkin noudatettava my\u00f6s Naton kolmatta artiklaa, joka koskee siviilipuolustusta ja\u202f-valmiutta.<\/span><\/p>\n<p><span data-contrast=\"none\">Eklund on tutkinut, lukevatko ihmiset valeuutisia ja uskovatko he niihin. H\u00e4nen Ruotsissa ja Norjassa tekem\u00e4ns\u00e4 tutkimuksen mukaan vanhemmat ihmiset ovat parempia kriittisess\u00e4 ajattelussa kuin nuoremmat.<\/span> <span data-contrast=\"none\">Eklund korosti, miten t\u00e4rke\u00e4\u00e4 on selke\u00e4sti osoittaa, mist\u00e4 luotettavaa tietoa l\u00f6ytyy ja miksi siihen voi luottaa, erityisesti nuorten kouluttamisen osalta.<\/span><span data-ccp-props=\"{&quot;134233117&quot;:false,&quot;134233118&quot;:false,&quot;335551550&quot;:6,&quot;335551620&quot;:6,&quot;335559738&quot;:0,&quot;335559739&quot;:0}\">\u00a0<\/span><\/p>\n<p><span data-contrast=\"none\">\u2013 Meid\u00e4n t\u00e4ytyy pohtia, miten voimme tuoda kansalaisemme l\u00e4hemm\u00e4ksi toisiaan ja parantaa heid\u00e4n ymm\u00e4rryst\u00e4\u00e4n siit\u00e4, mik\u00e4 on totta ja mik\u00e4 ei.<\/span> <span data-contrast=\"none\">T\u00e4m\u00e4 on sotilaallinen intressi, Eklund painotti.<\/span><\/p>\n<div id=\"attachment_21338\" style=\"width: 4502px\" class=\"wp-caption alignleft\"><img decoding=\"async\" aria-describedby=\"caption-attachment-21338\" class=\"wp-image-21338 size-full\" src=\"https:\/\/www.kvarken.org\/wp-content\/uploads\/2024\/08\/DSC_0166.jpg\" alt=\"\" width=\"4492\" height=\"2995\" srcset=\"https:\/\/www.kvarken.org\/wp-content\/uploads\/2024\/08\/DSC_0166.jpg 4492w, https:\/\/www.kvarken.org\/wp-content\/uploads\/2024\/08\/DSC_0166-1280x853.jpg 1280w, https:\/\/www.kvarken.org\/wp-content\/uploads\/2024\/08\/DSC_0166-980x653.jpg 980w, https:\/\/www.kvarken.org\/wp-content\/uploads\/2024\/08\/DSC_0166-480x320.jpg 480w\" sizes=\"(min-width: 0px) and (max-width: 480px) 480px, (min-width: 481px) and (max-width: 980px) 980px, (min-width: 981px) and (max-width: 1280px) 1280px, (min-width: 1281px) 4492px, 100vw\" \/><p id=\"caption-attachment-21338\" class=\"wp-caption-text\">Uumajan yliopiston valtiotieteen laitoksen professori Niklas Eklund puhui pohjoismaisesta ja arktisesta turvallisuudesta, mink\u00e4 lis\u00e4ksi h\u00e4n toi esille kasvavan disinformaatio-ongelman.<\/p><\/div>\n<h2><b><span data-contrast=\"none\">Pohjoismaiden B-suunnitelma<\/span><\/b><\/h2>\n<p>Nordic West Officen toimitusjohtaja <b><span data-contrast=\"none\">Risto E. J. Penttil\u00e4n <\/span><\/b><span data-contrast=\"none\">esityksen aiheena oli <\/span><i><span data-contrast=\"none\">\u201dPohjoismaiden B-suunnitelma\u201d.<\/span><\/i> <span data-contrast=\"none\">H\u00e4n selitti B-suunnitelman liittyv\u00e4n siihen, kuka valitaan seuraavaksi Yhdysvaltain presidentiksi ja miten Pohjoismaiden tulisi valmistautua siihen.<\/span><\/p>\n<p><span data-contrast=\"none\">Sek\u00e4 republikaaneilla ett\u00e4 demokraateilla on \u201dAmerikka ensin\u201d\u202f-periaate, mik\u00e4 vaikuttaa Eurooppaan.<\/span> <span data-contrast=\"none\">Pohjoismaiden voimien yhdist\u00e4minen on eritt\u00e4in j\u00e4rkev\u00e4\u00e4, mink\u00e4 vuoksi Penttil\u00e4 uskoo, ett\u00e4 Naton sis\u00e4lle olisi hyv\u00e4 idea rakentaa pohjoismainen ryhmittym\u00e4.<\/span><span data-ccp-props=\"{&quot;134233117&quot;:false,&quot;134233118&quot;:false,&quot;335551550&quot;:6,&quot;335551620&quot;:6,&quot;335559738&quot;:0,&quot;335559739&quot;:0}\">\u00a0<\/span><\/p>\n<p><span data-contrast=\"none\">\u2013 B-suunnitelma tarkoittaa, ett\u00e4 Euroopan tulee keskitty\u00e4 enemm\u00e4n omaan turvallisuuteensa, Penttil\u00e4 selitti.<\/span><\/p>\n<div id=\"attachment_21332\" style=\"width: 4618px\" class=\"wp-caption alignleft\"><img decoding=\"async\" aria-describedby=\"caption-attachment-21332\" class=\"wp-image-21332 size-full\" src=\"https:\/\/www.kvarken.org\/wp-content\/uploads\/2024\/08\/DSC_0174.jpg\" alt=\"\" width=\"4608\" height=\"3072\" srcset=\"https:\/\/www.kvarken.org\/wp-content\/uploads\/2024\/08\/DSC_0174.jpg 4608w, https:\/\/www.kvarken.org\/wp-content\/uploads\/2024\/08\/DSC_0174-1280x853.jpg 1280w, https:\/\/www.kvarken.org\/wp-content\/uploads\/2024\/08\/DSC_0174-980x653.jpg 980w, https:\/\/www.kvarken.org\/wp-content\/uploads\/2024\/08\/DSC_0174-480x320.jpg 480w\" sizes=\"(min-width: 0px) and (max-width: 480px) 480px, (min-width: 481px) and (max-width: 980px) 980px, (min-width: 981px) and (max-width: 1280px) 1280px, (min-width: 1281px) 4608px, 100vw\" \/><p id=\"caption-attachment-21332\" class=\"wp-caption-text\">Risto E. J. Penttil\u00e4, Nordic West Officen toimitusjohtaja, selitti, ett\u00e4 Euroopan tulee keskitty\u00e4 enemm\u00e4n omaan turvallisuuteensa.<\/p><\/div>\n<p>&nbsp;<\/p>\n<p><span data-contrast=\"none\">Katso videotallenne tapahtumasta <\/span><a href=\"https:\/\/www.youtube.com\/watch?v=Ep-kNsfu_j0\"><b><span data-contrast=\"none\">T\u00c4\u00c4LT\u00c4<\/span><\/b><\/a><span data-contrast=\"none\">.<\/span><span data-ccp-props=\"{&quot;134233117&quot;:false,&quot;134233118&quot;:false,&quot;335551550&quot;:6,&quot;335551620&quot;:6,&quot;335559738&quot;:0,&quot;335559739&quot;:0}\"><br \/>\n<\/span><span data-contrast=\"none\">Lue toinen teksti Wasa Future Festivalin seminaaristamme <\/span><a href=\"https:\/\/www.kvarken.org\/fi\/tien-raivaaminen-pohjoismaiden-taloudellisen-vision-ja-infrastruktuurin-edistamiseksi\/\"><b><span data-contrast=\"none\">T\u00c4\u00c4LT\u00c4<\/span><\/b><\/a><span data-contrast=\"none\">.<\/span><\/p>\n","protected":false},"excerpt":{"rendered":"<p>Merenkurkun neuvosto EAYY ja Suomalais-ruotsalainen kauppakamari j\u00e4rjestiv\u00e4t Wasa Future Festivalilla \u201dKasvua ja turvallisuutta Pohjolassa\u201d\u202f-seminaarin torstaina 8.\u202felokuuta. Wegger Christian Str\u00f8mmen, Niklas Eklund ja Risto E. J. Penttil\u00e4 puhuivat tapahtumassa geopoliittisesta tilanteesta.<\/p>\n","protected":false},"author":6,"featured_media":21332,"comment_status":"open","ping_status":"open","sticky":false,"template":"","format":"standard","meta":{"_acf_changed":false,"_et_pb_use_builder":"","_et_pb_old_content":"","_et_gb_content_width":"","footnotes":""},"categories":[13],"tags":[],"amnen":[100,34,119,86],"class_list":["post-21314","post","type-post","status-publish","format-standard","has-post-thumbnail","hentry","category-uncategorized-fi","amnen-eayy","amnen-liiketoiminta","amnen-verkostot","amnen-yhteistyomuodot-fi"],"acf":[],"yoast_head":"<!-- This site is optimized with the Yoast SEO plugin v27.4 - https:\/\/yoast.com\/product\/yoast-seo-wordpress\/ -->\n<title>Pohjoismainen yhteisty\u00f6 t\u00e4rke\u00e4mp\u00e4\u00e4 kuin koskaan - Kvarkenr\u00e5det<\/title>\n<meta name=\"robots\" content=\"index, follow, max-snippet:-1, max-image-preview:large, max-video-preview:-1\" \/>\n<link rel=\"canonical\" href=\"https:\/\/www.kvarken.org\/fi\/pohjoismainen-yhteistyo-tarkeampaa-kuin-koskaan\/\" \/>\n<meta property=\"og:locale\" content=\"fi_FI\" \/>\n<meta property=\"og:type\" content=\"article\" \/>\n<meta property=\"og:title\" content=\"Pohjoismainen yhteisty\u00f6 t\u00e4rke\u00e4mp\u00e4\u00e4 kuin koskaan - Kvarkenr\u00e5det\" \/>\n<meta property=\"og:description\" content=\"Merenkurkun neuvosto EAYY ja Suomalais-ruotsalainen kauppakamari j\u00e4rjestiv\u00e4t Wasa Future Festivalilla \u201dKasvua ja turvallisuutta Pohjolassa\u201d\u202f-seminaarin torstaina 8.\u202felokuuta. Wegger Christian Str\u00f8mmen, Niklas Eklund ja Risto E. J. Penttil\u00e4 puhuivat tapahtumassa geopoliittisesta tilanteesta.\" \/>\n<meta property=\"og:url\" content=\"https:\/\/www.kvarken.org\/fi\/pohjoismainen-yhteistyo-tarkeampaa-kuin-koskaan\/\" \/>\n<meta property=\"og:site_name\" content=\"Kvarkenr\u00e5det\" \/>\n<meta property=\"article:published_time\" content=\"2024-08-20T11:08:26+00:00\" \/>\n<meta property=\"article:modified_time\" content=\"2024-08-21T11:02:58+00:00\" \/>\n<meta property=\"og:image\" content=\"https:\/\/www.kvarken.org\/wp-content\/uploads\/2024\/08\/DSC_0174-1024x683.jpg\" \/>\n\t<meta property=\"og:image:width\" content=\"1024\" \/>\n\t<meta property=\"og:image:height\" content=\"683\" \/>\n\t<meta property=\"og:image:type\" content=\"image\/jpeg\" \/>\n<meta name=\"author\" content=\"Huuhka Ida-Maria\" \/>\n<meta name=\"twitter:card\" content=\"summary_large_image\" \/>\n<meta name=\"twitter:label1\" content=\"Kirjoittanut\" \/>\n\t<meta name=\"twitter:data1\" content=\"Huuhka Ida-Maria\" \/>\n\t<meta name=\"twitter:label2\" content=\"Arvioitu lukuaika\" \/>\n\t<meta name=\"twitter:data2\" content=\"3 minuuttia\" \/>\n<script type=\"application\/ld+json\" class=\"yoast-schema-graph\">{\"@context\":\"https:\\\/\\\/schema.org\",\"@graph\":[{\"@type\":\"Article\",\"@id\":\"https:\\\/\\\/www.kvarken.org\\\/fi\\\/pohjoismainen-yhteistyo-tarkeampaa-kuin-koskaan\\\/#article\",\"isPartOf\":{\"@id\":\"https:\\\/\\\/www.kvarken.org\\\/fi\\\/pohjoismainen-yhteistyo-tarkeampaa-kuin-koskaan\\\/\"},\"author\":{\"name\":\"Huuhka Ida-Maria\",\"@id\":\"https:\\\/\\\/www.kvarken.org\\\/fi\\\/#\\\/schema\\\/person\\\/0da9a52b8b8962cba7c963d7189046b5\"},\"headline\":\"Pohjoismainen yhteisty\u00f6 t\u00e4rke\u00e4mp\u00e4\u00e4 kuin koskaan\",\"datePublished\":\"2024-08-20T11:08:26+00:00\",\"dateModified\":\"2024-08-21T11:02:58+00:00\",\"mainEntityOfPage\":{\"@id\":\"https:\\\/\\\/www.kvarken.org\\\/fi\\\/pohjoismainen-yhteistyo-tarkeampaa-kuin-koskaan\\\/\"},\"wordCount\":381,\"commentCount\":0,\"image\":{\"@id\":\"https:\\\/\\\/www.kvarken.org\\\/fi\\\/pohjoismainen-yhteistyo-tarkeampaa-kuin-koskaan\\\/#primaryimage\"},\"thumbnailUrl\":\"https:\\\/\\\/www.kvarken.org\\\/wp-content\\\/uploads\\\/2024\\\/08\\\/DSC_0174.jpg\",\"articleSection\":[\"Uncategorized @fi\"],\"inLanguage\":\"fi\",\"potentialAction\":[{\"@type\":\"CommentAction\",\"name\":\"Comment\",\"target\":[\"https:\\\/\\\/www.kvarken.org\\\/fi\\\/pohjoismainen-yhteistyo-tarkeampaa-kuin-koskaan\\\/#respond\"]}]},{\"@type\":\"WebPage\",\"@id\":\"https:\\\/\\\/www.kvarken.org\\\/fi\\\/pohjoismainen-yhteistyo-tarkeampaa-kuin-koskaan\\\/\",\"url\":\"https:\\\/\\\/www.kvarken.org\\\/fi\\\/pohjoismainen-yhteistyo-tarkeampaa-kuin-koskaan\\\/\",\"name\":\"Pohjoismainen yhteisty\u00f6 t\u00e4rke\u00e4mp\u00e4\u00e4 kuin koskaan - Kvarkenr\u00e5det\",\"isPartOf\":{\"@id\":\"https:\\\/\\\/www.kvarken.org\\\/fi\\\/#website\"},\"primaryImageOfPage\":{\"@id\":\"https:\\\/\\\/www.kvarken.org\\\/fi\\\/pohjoismainen-yhteistyo-tarkeampaa-kuin-koskaan\\\/#primaryimage\"},\"image\":{\"@id\":\"https:\\\/\\\/www.kvarken.org\\\/fi\\\/pohjoismainen-yhteistyo-tarkeampaa-kuin-koskaan\\\/#primaryimage\"},\"thumbnailUrl\":\"https:\\\/\\\/www.kvarken.org\\\/wp-content\\\/uploads\\\/2024\\\/08\\\/DSC_0174.jpg\",\"datePublished\":\"2024-08-20T11:08:26+00:00\",\"dateModified\":\"2024-08-21T11:02:58+00:00\",\"author\":{\"@id\":\"https:\\\/\\\/www.kvarken.org\\\/fi\\\/#\\\/schema\\\/person\\\/0da9a52b8b8962cba7c963d7189046b5\"},\"breadcrumb\":{\"@id\":\"https:\\\/\\\/www.kvarken.org\\\/fi\\\/pohjoismainen-yhteistyo-tarkeampaa-kuin-koskaan\\\/#breadcrumb\"},\"inLanguage\":\"fi\",\"potentialAction\":[{\"@type\":\"ReadAction\",\"target\":[\"https:\\\/\\\/www.kvarken.org\\\/fi\\\/pohjoismainen-yhteistyo-tarkeampaa-kuin-koskaan\\\/\"]}]},{\"@type\":\"ImageObject\",\"inLanguage\":\"fi\",\"@id\":\"https:\\\/\\\/www.kvarken.org\\\/fi\\\/pohjoismainen-yhteistyo-tarkeampaa-kuin-koskaan\\\/#primaryimage\",\"url\":\"https:\\\/\\\/www.kvarken.org\\\/wp-content\\\/uploads\\\/2024\\\/08\\\/DSC_0174.jpg\",\"contentUrl\":\"https:\\\/\\\/www.kvarken.org\\\/wp-content\\\/uploads\\\/2024\\\/08\\\/DSC_0174.jpg\",\"width\":4608,\"height\":3072},{\"@type\":\"BreadcrumbList\",\"@id\":\"https:\\\/\\\/www.kvarken.org\\\/fi\\\/pohjoismainen-yhteistyo-tarkeampaa-kuin-koskaan\\\/#breadcrumb\",\"itemListElement\":[{\"@type\":\"ListItem\",\"position\":1,\"name\":\"Hem\",\"item\":\"https:\\\/\\\/www.kvarken.org\\\/fi\\\/\"},{\"@type\":\"ListItem\",\"position\":2,\"name\":\"Pohjoismainen yhteisty\u00f6 t\u00e4rke\u00e4mp\u00e4\u00e4 kuin koskaan\"}]},{\"@type\":\"WebSite\",\"@id\":\"https:\\\/\\\/www.kvarken.org\\\/fi\\\/#website\",\"url\":\"https:\\\/\\\/www.kvarken.org\\\/fi\\\/\",\"name\":\"Kvarkenr\u00e5det\",\"description\":\"\",\"potentialAction\":[{\"@type\":\"SearchAction\",\"target\":{\"@type\":\"EntryPoint\",\"urlTemplate\":\"https:\\\/\\\/www.kvarken.org\\\/fi\\\/?s={search_term_string}\"},\"query-input\":{\"@type\":\"PropertyValueSpecification\",\"valueRequired\":true,\"valueName\":\"search_term_string\"}}],\"inLanguage\":\"fi\"},{\"@type\":\"Person\",\"@id\":\"https:\\\/\\\/www.kvarken.org\\\/fi\\\/#\\\/schema\\\/person\\\/0da9a52b8b8962cba7c963d7189046b5\",\"name\":\"Huuhka Ida-Maria\",\"image\":{\"@type\":\"ImageObject\",\"inLanguage\":\"fi\",\"@id\":\"https:\\\/\\\/secure.gravatar.com\\\/avatar\\\/8b0e50e08aa7a664dc6e2c23a82b9f95c7dc6946a41a69227e0712becda209aa?s=96&d=mm&r=g\",\"url\":\"https:\\\/\\\/secure.gravatar.com\\\/avatar\\\/8b0e50e08aa7a664dc6e2c23a82b9f95c7dc6946a41a69227e0712becda209aa?s=96&d=mm&r=g\",\"contentUrl\":\"https:\\\/\\\/secure.gravatar.com\\\/avatar\\\/8b0e50e08aa7a664dc6e2c23a82b9f95c7dc6946a41a69227e0712becda209aa?s=96&d=mm&r=g\",\"caption\":\"Huuhka Ida-Maria\"}}]}<\/script>\n<!-- \/ Yoast SEO plugin. -->","yoast_head_json":{"title":"Pohjoismainen yhteisty\u00f6 t\u00e4rke\u00e4mp\u00e4\u00e4 kuin koskaan - Kvarkenr\u00e5det","robots":{"index":"index","follow":"follow","max-snippet":"max-snippet:-1","max-image-preview":"max-image-preview:large","max-video-preview":"max-video-preview:-1"},"canonical":"https:\/\/www.kvarken.org\/fi\/pohjoismainen-yhteistyo-tarkeampaa-kuin-koskaan\/","og_locale":"fi_FI","og_type":"article","og_title":"Pohjoismainen yhteisty\u00f6 t\u00e4rke\u00e4mp\u00e4\u00e4 kuin koskaan - Kvarkenr\u00e5det","og_description":"Merenkurkun neuvosto EAYY ja Suomalais-ruotsalainen kauppakamari j\u00e4rjestiv\u00e4t Wasa Future Festivalilla \u201dKasvua ja turvallisuutta Pohjolassa\u201d\u202f-seminaarin torstaina 8.\u202felokuuta. Wegger Christian Str\u00f8mmen, Niklas Eklund ja Risto E. J. Penttil\u00e4 puhuivat tapahtumassa geopoliittisesta tilanteesta.","og_url":"https:\/\/www.kvarken.org\/fi\/pohjoismainen-yhteistyo-tarkeampaa-kuin-koskaan\/","og_site_name":"Kvarkenr\u00e5det","article_published_time":"2024-08-20T11:08:26+00:00","article_modified_time":"2024-08-21T11:02:58+00:00","og_image":[{"width":1024,"height":683,"url":"https:\/\/www.kvarken.org\/wp-content\/uploads\/2024\/08\/DSC_0174-1024x683.jpg","type":"image\/jpeg"}],"author":"Huuhka Ida-Maria","twitter_card":"summary_large_image","twitter_misc":{"Kirjoittanut":"Huuhka Ida-Maria","Arvioitu lukuaika":"3 minuuttia"},"schema":{"@context":"https:\/\/schema.org","@graph":[{"@type":"Article","@id":"https:\/\/www.kvarken.org\/fi\/pohjoismainen-yhteistyo-tarkeampaa-kuin-koskaan\/#article","isPartOf":{"@id":"https:\/\/www.kvarken.org\/fi\/pohjoismainen-yhteistyo-tarkeampaa-kuin-koskaan\/"},"author":{"name":"Huuhka Ida-Maria","@id":"https:\/\/www.kvarken.org\/fi\/#\/schema\/person\/0da9a52b8b8962cba7c963d7189046b5"},"headline":"Pohjoismainen yhteisty\u00f6 t\u00e4rke\u00e4mp\u00e4\u00e4 kuin koskaan","datePublished":"2024-08-20T11:08:26+00:00","dateModified":"2024-08-21T11:02:58+00:00","mainEntityOfPage":{"@id":"https:\/\/www.kvarken.org\/fi\/pohjoismainen-yhteistyo-tarkeampaa-kuin-koskaan\/"},"wordCount":381,"commentCount":0,"image":{"@id":"https:\/\/www.kvarken.org\/fi\/pohjoismainen-yhteistyo-tarkeampaa-kuin-koskaan\/#primaryimage"},"thumbnailUrl":"https:\/\/www.kvarken.org\/wp-content\/uploads\/2024\/08\/DSC_0174.jpg","articleSection":["Uncategorized @fi"],"inLanguage":"fi","potentialAction":[{"@type":"CommentAction","name":"Comment","target":["https:\/\/www.kvarken.org\/fi\/pohjoismainen-yhteistyo-tarkeampaa-kuin-koskaan\/#respond"]}]},{"@type":"WebPage","@id":"https:\/\/www.kvarken.org\/fi\/pohjoismainen-yhteistyo-tarkeampaa-kuin-koskaan\/","url":"https:\/\/www.kvarken.org\/fi\/pohjoismainen-yhteistyo-tarkeampaa-kuin-koskaan\/","name":"Pohjoismainen yhteisty\u00f6 t\u00e4rke\u00e4mp\u00e4\u00e4 kuin koskaan - Kvarkenr\u00e5det","isPartOf":{"@id":"https:\/\/www.kvarken.org\/fi\/#website"},"primaryImageOfPage":{"@id":"https:\/\/www.kvarken.org\/fi\/pohjoismainen-yhteistyo-tarkeampaa-kuin-koskaan\/#primaryimage"},"image":{"@id":"https:\/\/www.kvarken.org\/fi\/pohjoismainen-yhteistyo-tarkeampaa-kuin-koskaan\/#primaryimage"},"thumbnailUrl":"https:\/\/www.kvarken.org\/wp-content\/uploads\/2024\/08\/DSC_0174.jpg","datePublished":"2024-08-20T11:08:26+00:00","dateModified":"2024-08-21T11:02:58+00:00","author":{"@id":"https:\/\/www.kvarken.org\/fi\/#\/schema\/person\/0da9a52b8b8962cba7c963d7189046b5"},"breadcrumb":{"@id":"https:\/\/www.kvarken.org\/fi\/pohjoismainen-yhteistyo-tarkeampaa-kuin-koskaan\/#breadcrumb"},"inLanguage":"fi","potentialAction":[{"@type":"ReadAction","target":["https:\/\/www.kvarken.org\/fi\/pohjoismainen-yhteistyo-tarkeampaa-kuin-koskaan\/"]}]},{"@type":"ImageObject","inLanguage":"fi","@id":"https:\/\/www.kvarken.org\/fi\/pohjoismainen-yhteistyo-tarkeampaa-kuin-koskaan\/#primaryimage","url":"https:\/\/www.kvarken.org\/wp-content\/uploads\/2024\/08\/DSC_0174.jpg","contentUrl":"https:\/\/www.kvarken.org\/wp-content\/uploads\/2024\/08\/DSC_0174.jpg","width":4608,"height":3072},{"@type":"BreadcrumbList","@id":"https:\/\/www.kvarken.org\/fi\/pohjoismainen-yhteistyo-tarkeampaa-kuin-koskaan\/#breadcrumb","itemListElement":[{"@type":"ListItem","position":1,"name":"Hem","item":"https:\/\/www.kvarken.org\/fi\/"},{"@type":"ListItem","position":2,"name":"Pohjoismainen yhteisty\u00f6 t\u00e4rke\u00e4mp\u00e4\u00e4 kuin koskaan"}]},{"@type":"WebSite","@id":"https:\/\/www.kvarken.org\/fi\/#website","url":"https:\/\/www.kvarken.org\/fi\/","name":"Kvarkenr\u00e5det","description":"","potentialAction":[{"@type":"SearchAction","target":{"@type":"EntryPoint","urlTemplate":"https:\/\/www.kvarken.org\/fi\/?s={search_term_string}"},"query-input":{"@type":"PropertyValueSpecification","valueRequired":true,"valueName":"search_term_string"}}],"inLanguage":"fi"},{"@type":"Person","@id":"https:\/\/www.kvarken.org\/fi\/#\/schema\/person\/0da9a52b8b8962cba7c963d7189046b5","name":"Huuhka Ida-Maria","image":{"@type":"ImageObject","inLanguage":"fi","@id":"https:\/\/secure.gravatar.com\/avatar\/8b0e50e08aa7a664dc6e2c23a82b9f95c7dc6946a41a69227e0712becda209aa?s=96&d=mm&r=g","url":"https:\/\/secure.gravatar.com\/avatar\/8b0e50e08aa7a664dc6e2c23a82b9f95c7dc6946a41a69227e0712becda209aa?s=96&d=mm&r=g","contentUrl":"https:\/\/secure.gravatar.com\/avatar\/8b0e50e08aa7a664dc6e2c23a82b9f95c7dc6946a41a69227e0712becda209aa?s=96&d=mm&r=g","caption":"Huuhka Ida-Maria"}}]}},"_links":{"self":[{"href":"https:\/\/www.kvarken.org\/fi\/wp-json\/wp\/v2\/posts\/21314","targetHints":{"allow":["GET"]}}],"collection":[{"href":"https:\/\/www.kvarken.org\/fi\/wp-json\/wp\/v2\/posts"}],"about":[{"href":"https:\/\/www.kvarken.org\/fi\/wp-json\/wp\/v2\/types\/post"}],"author":[{"embeddable":true,"href":"https:\/\/www.kvarken.org\/fi\/wp-json\/wp\/v2\/users\/6"}],"replies":[{"embeddable":true,"href":"https:\/\/www.kvarken.org\/fi\/wp-json\/wp\/v2\/comments?post=21314"}],"version-history":[{"count":2,"href":"https:\/\/www.kvarken.org\/fi\/wp-json\/wp\/v2\/posts\/21314\/revisions"}],"predecessor-version":[{"id":21359,"href":"https:\/\/www.kvarken.org\/fi\/wp-json\/wp\/v2\/posts\/21314\/revisions\/21359"}],"wp:featuredmedia":[{"embeddable":true,"href":"https:\/\/www.kvarken.org\/fi\/wp-json\/wp\/v2\/media\/21332"}],"wp:attachment":[{"href":"https:\/\/www.kvarken.org\/fi\/wp-json\/wp\/v2\/media?parent=21314"}],"wp:term":[{"taxonomy":"category","embeddable":true,"href":"https:\/\/www.kvarken.org\/fi\/wp-json\/wp\/v2\/categories?post=21314"},{"taxonomy":"post_tag","embeddable":true,"href":"https:\/\/www.kvarken.org\/fi\/wp-json\/wp\/v2\/tags?post=21314"},{"taxonomy":"amnen","embeddable":true,"href":"https:\/\/www.kvarken.org\/fi\/wp-json\/wp\/v2\/amnen?post=21314"}],"curies":[{"name":"wp","href":"https:\/\/api.w.org\/{rel}","templated":true}]}}