{"id":21346,"date":"2024-08-21T13:53:07","date_gmt":"2024-08-21T10:53:07","guid":{"rendered":"https:\/\/www.kvarken.org\/?p=21346"},"modified":"2024-08-21T13:56:41","modified_gmt":"2024-08-21T10:56:41","slug":"tien-raivaaminen-pohjoismaiden-taloudellisen-vision-ja-infrastruktuurin-edistamiseksi","status":"publish","type":"post","link":"https:\/\/www.kvarken.org\/fi\/tien-raivaaminen-pohjoismaiden-taloudellisen-vision-ja-infrastruktuurin-edistamiseksi\/","title":{"rendered":"Tien raivaaminen Pohjoismaiden taloudellisen vision ja infrastruktuurin edist\u00e4miseksi"},"content":{"rendered":"<p><span data-contrast=\"none\">Suomen uusi kansanedustaja <\/span><b><span data-contrast=\"none\">Martin Paasi<\/span><\/b><span data-contrast=\"none\"> oli yksi seminaarin puhujista.<\/span> <span data-contrast=\"none\">H\u00e4nen aiheenaan oli <\/span><i><span data-contrast=\"none\">\u201dSuomi tarvitsee tulevaisuudestaan innostavan vision:<\/span><\/i> <i><span data-contrast=\"none\">pohjoismaisen l\u00e4hestymistavan\u201d.<\/span><\/i> <span data-contrast=\"none\">Paasi esitteli n\u00e4kemyksi\u00e4\u00e4n Suomen taloudellisesta tulevaisuudesta, jota kuormittavat laskeva ty\u00f6voiman tuottavuus ja kasvava valtionvelka.<\/span> <span data-contrast=\"none\">Lis\u00e4ksi h\u00e4n painotti ulkomaisten sijoitusten ja ty\u00f6voiman tarvetta.<\/span><span data-ccp-props=\"{&quot;134233117&quot;:false,&quot;134233118&quot;:false,&quot;335551550&quot;:6,&quot;335551620&quot;:6,&quot;335559738&quot;:0,&quot;335559739&quot;:0}\">\u00a0<\/span><\/p>\n<p><span data-contrast=\"none\">\u2013 Meist\u00e4 tulee vahvempia Euroopassa ja maailman taloudessa, jos panostamme vahvasti Pohjoismaihin, Paasi sanoi.<\/span><span data-ccp-props=\"{&quot;134233117&quot;:false,&quot;134233118&quot;:false,&quot;335551550&quot;:6,&quot;335551620&quot;:6,&quot;335559738&quot;:0,&quot;335559739&quot;:0}\">\u00a0<\/span><\/p>\n<p><span data-contrast=\"none\">Paasi my\u00f6s toi esille Suomen ainutlaatuisen aseman ainoana EU-maana, josta on l\u00f6ydetty litiumin ja koboltin kaltaisia kriittisi\u00e4 mineraaleja, jotka ovat v\u00e4ltt\u00e4m\u00e4tt\u00f6mi\u00e4 esimerkiksi akkuteollisuudelle.<\/span> <span data-contrast=\"none\">H\u00e4nen mukaansa Suomen tulisi ottaa haltuunsa mineraalien kaivostoiminta, jotta maa v\u00e4lttyisi joutumasta EU-direktiivien nujertamaksi.<\/span><\/p>\n<div id=\"attachment_21326\" style=\"width: 4618px\" class=\"wp-caption alignleft\"><img decoding=\"async\" aria-describedby=\"caption-attachment-21326\" class=\"wp-image-21326 size-full\" src=\"https:\/\/www.kvarken.org\/wp-content\/uploads\/2024\/08\/DSC_0121.jpg\" alt=\"\" width=\"4608\" height=\"3072\" srcset=\"https:\/\/www.kvarken.org\/wp-content\/uploads\/2024\/08\/DSC_0121.jpg 4608w, https:\/\/www.kvarken.org\/wp-content\/uploads\/2024\/08\/DSC_0121-1280x853.jpg 1280w, https:\/\/www.kvarken.org\/wp-content\/uploads\/2024\/08\/DSC_0121-980x653.jpg 980w, https:\/\/www.kvarken.org\/wp-content\/uploads\/2024\/08\/DSC_0121-480x320.jpg 480w\" sizes=\"(min-width: 0px) and (max-width: 480px) 480px, (min-width: 481px) and (max-width: 980px) 980px, (min-width: 981px) and (max-width: 1280px) 1280px, (min-width: 1281px) 4608px, 100vw\" \/><p id=\"caption-attachment-21326\" class=\"wp-caption-text\">Suomen uusi kansanedustaja Martin Paasi esitteli n\u00e4kemyksi\u00e4\u00e4n Suomen taloudellisesta tulevaisuudesta.<\/p><\/div>\n<h2><b><span data-contrast=\"none\">Merenkurkun kiinte\u00e4 yhteys tarvitsee sek\u00e4 julkista ett\u00e4 yksityist\u00e4 rahoitusta<\/span><\/b><\/h2>\n<p><span data-contrast=\"none\">\u00c5bo Akademin teollisuustalouden professori<\/span><b><span data-contrast=\"none\"> Kim Wikstr\u00f6m<\/span><\/b><span data-contrast=\"none\"> kertoi, miten rahoittaa kiinte\u00e4 yhteys Merenkurkun ylitse.<\/span> <span data-contrast=\"none\">Wikstr\u00f6m ehdotti sek\u00e4 julkisesta ett\u00e4 yksityisest\u00e4 rahoituksesta koostuvaa hybridimallia, joka olisi toteuttamiskelpoisin ratkaisu t\u00e4lle valtiorajat ylitt\u00e4v\u00e4lle infrastruktuurihankkeelle.<\/span><\/p>\n<p><span data-contrast=\"none\">\u2013 Rajat ylitt\u00e4viss\u00e4 hankkeissa t\u00e4ytyy sovittaa maiden intressit yhteen, Wikstr\u00f6m huomautti.<\/span><span data-ccp-props=\"{&quot;134233117&quot;:false,&quot;134233118&quot;:false,&quot;335551550&quot;:6,&quot;335551620&quot;:6,&quot;335559738&quot;:0,&quot;335559739&quot;:0}\">\u00a0<\/span><\/p>\n<p><span data-contrast=\"none\">H\u00e4n t\u00e4hdensi, ett\u00e4 Merenkurkun kiinte\u00e4 yhteys on kauas tulevaisuuteen ulottuva hanke, mink\u00e4 takia se tulisi n\u00e4hd\u00e4 muunakin kuin vain tavallisena infrastruktuurihankkeena.<\/span> <span data-contrast=\"none\">Jos perustamme laskelmamme Vaasan ja Uumajan v\u00e4liseen t\u00e4m\u00e4nhetkiseen liikenteeseen, hanke ei tule onnistumaan.<\/span> <span data-contrast=\"none\">Siksi on t\u00e4rke\u00e4\u00e4 osoittaa, ett\u00e4 kiinte\u00e4ll\u00e4 yhteydell\u00e4 on alueelle laajempia, pitk\u00e4n aikav\u00e4lin hy\u00f6tyj\u00e4.<\/span><\/p>\n<div id=\"attachment_21329\" style=\"width: 4251px\" class=\"wp-caption alignleft\"><img decoding=\"async\" aria-describedby=\"caption-attachment-21329\" class=\"wp-image-21329 size-full\" src=\"https:\/\/www.kvarken.org\/wp-content\/uploads\/2024\/08\/DSC_0193.jpg\" alt=\"\" width=\"4241\" height=\"2827\" srcset=\"https:\/\/www.kvarken.org\/wp-content\/uploads\/2024\/08\/DSC_0193.jpg 4241w, https:\/\/www.kvarken.org\/wp-content\/uploads\/2024\/08\/DSC_0193-1280x853.jpg 1280w, https:\/\/www.kvarken.org\/wp-content\/uploads\/2024\/08\/DSC_0193-980x653.jpg 980w, https:\/\/www.kvarken.org\/wp-content\/uploads\/2024\/08\/DSC_0193-480x320.jpg 480w\" sizes=\"(min-width: 0px) and (max-width: 480px) 480px, (min-width: 481px) and (max-width: 980px) 980px, (min-width: 981px) and (max-width: 1280px) 1280px, (min-width: 1281px) 4241px, 100vw\" \/><p id=\"caption-attachment-21329\" class=\"wp-caption-text\">\u00c5bo Akademin teollisuustalouden professori Kim Wikstr\u00f6m kertoi, miten rahoittaa kiinte\u00e4 yhteys Merenkurkun ylitse.<\/p><\/div>\n<h2><b><span data-contrast=\"none\">Maailman parhaat suhteet<\/span><\/b><\/h2>\n<p><span data-contrast=\"none\">Paasi ja Wikstr\u00f6m sek\u00e4 muut puhujat \u2013 <\/span><b><span data-contrast=\"none\">Wegger Christian Str\u00f8mmen<\/span><\/b><span data-contrast=\"none\">, <\/span><b><span data-contrast=\"none\">Niklas Eklund<\/span><\/b><span data-contrast=\"none\"> ja <\/span><b><span data-contrast=\"none\">Risto E. J. Penttil\u00e4<\/span><\/b><span data-contrast=\"none\"> \u2013 osallistuivat my\u00f6s paneelikeskusteluun seminaarin p\u00e4\u00e4tteeksi.<\/span> <span data-contrast=\"none\">Keskustelussa k\u00e4siteltiin mm. geopoliittista tilannetta, Suomen ja Ruotsin Nato-j\u00e4senyytt\u00e4, pohjoismaista yhteisty\u00f6t\u00e4 ja Merenkurkun kiinte\u00e4\u00e4 yhteytt\u00e4.<\/span><span data-ccp-props=\"{&quot;134233117&quot;:false,&quot;134233118&quot;:false,&quot;335551550&quot;:6,&quot;335551620&quot;:6,&quot;335559738&quot;:0,&quot;335559739&quot;:0}\">\u00a0<\/span><\/p>\n<p><span data-contrast=\"none\">\u2013 Meid\u00e4n tulisi v\u00e4ltt\u00e4\u00e4 toimettomuutta.<\/span> <span data-contrast=\"none\">Suuret hankkeet toimivat symboleina ja lis\u00e4\u00e4v\u00e4t aloitteellisuutta, mik\u00e4 osoittaa, ett\u00e4 voimme todella muuttaa asioita, Paasi sanoi.<\/span><span data-ccp-props=\"{&quot;134233117&quot;:false,&quot;134233118&quot;:false,&quot;335551550&quot;:6,&quot;335551620&quot;:6,&quot;335559738&quot;:0,&quot;335559739&quot;:0}\">\u00a0<\/span><\/p>\n<p><span data-contrast=\"none\">Panelistit keskustelivat my\u00f6s pohjoismaisten yliopistojen v\u00e4lisest\u00e4 yhteisty\u00f6st\u00e4.<\/span> <span data-contrast=\"none\">Kaikki olivat yht\u00e4 mielt\u00e4 siit\u00e4, ett\u00e4 n\u00e4iden yliopistojen v\u00e4lill\u00e4 tulisi olla enemm\u00e4n vaihtoa.<\/span><span data-ccp-props=\"{&quot;134233117&quot;:false,&quot;134233118&quot;:false,&quot;335551550&quot;:6,&quot;335551620&quot;:6,&quot;335559738&quot;:0,&quot;335559739&quot;:0}\">\u00a0<\/span><\/p>\n<p><span data-contrast=\"none\">\u2013 Parasta nuorille on l\u00e4hte\u00e4 ulkomaille.<\/span> <span data-contrast=\"none\">Kun menet Eurooppaan, huomaat olevasi pohjoismainen.<\/span> <span data-contrast=\"none\">Kun menet Euroopan ulkopuolelle, huomaat olevasi eurooppalainen, Penttil\u00e4 totesi.<\/span><span data-ccp-props=\"{&quot;134233117&quot;:false,&quot;134233118&quot;:false,&quot;335551550&quot;:6,&quot;335551620&quot;:6,&quot;335559738&quot;:0,&quot;335559739&quot;:0}\">\u00a0<\/span><\/p>\n<p><span data-contrast=\"none\">\u2013 Onko maailmassa paikkaa, jossa maiden v\u00e4liset suhteet ovat paremmat kuin Pohjoismaissa?<\/span> <span data-contrast=\"none\">En ole varma.<\/span> <span data-contrast=\"none\">Meid\u00e4n t\u00e4ytyy hy\u00f6dynt\u00e4\u00e4 sit\u00e4, Str\u00f8mmen sanoi.<\/span><\/p>\n<p>&nbsp;<\/p>\n<p><span data-contrast=\"none\">Katso video tapahtumasta <\/span><a href=\"https:\/\/www.youtube.com\/watch?v=Ep-kNsfu_j0\"><b><span data-contrast=\"none\">T\u00c4\u00c4LT\u00c4<\/span><\/b><\/a><span data-contrast=\"none\">.<\/span><span data-ccp-props=\"{&quot;134233117&quot;:false,&quot;134233118&quot;:false,&quot;335551550&quot;:6,&quot;335551620&quot;:6,&quot;335559738&quot;:0,&quot;335559739&quot;:0}\"><br \/>\n<\/span><span data-contrast=\"none\">Lue toinen teksti Wasa Future Festivalin seminaaristamme <\/span><a href=\"https:\/\/www.kvarken.org\/fi\/pohjoismainen-yhteistyo-tarkeampaa-kuin-koskaan\/\"><b><span data-contrast=\"none\">T\u00c4\u00c4LT\u00c4<\/span><\/b><\/a><span data-contrast=\"none\">.<\/span><\/p>\n","protected":false},"excerpt":{"rendered":"<p>Merenkurkun neuvosto EAYY ja Suomalais-ruotsalainen kauppakamari j\u00e4rjestiv\u00e4t Wasa Future Festivalilla \u201dKasvua ja turvallisuutta Pohjolassa\u201d\u202f-seminaarin torstaina 8.\u202felokuuta. Vaikka seminaari painottuikin p\u00e4\u00e4asiassa puolustusyhteisty\u00f6h\u00f6n, siin\u00e4 my\u00f6s sivuttiin taloudellista kehityst\u00e4.<\/p>\n","protected":false},"author":6,"featured_media":21320,"comment_status":"open","ping_status":"open","sticky":false,"template":"","format":"standard","meta":{"_acf_changed":false,"_et_pb_use_builder":"","_et_pb_old_content":"","_et_gb_content_width":"","footnotes":""},"categories":[13],"tags":[],"amnen":[100,34,119,86],"class_list":["post-21346","post","type-post","status-publish","format-standard","has-post-thumbnail","hentry","category-uncategorized-fi","amnen-eayy","amnen-liiketoiminta","amnen-verkostot","amnen-yhteistyomuodot-fi"],"acf":[],"yoast_head":"<!-- This site is optimized with the Yoast SEO plugin v27.4 - https:\/\/yoast.com\/product\/yoast-seo-wordpress\/ -->\n<title>Tien raivaaminen Pohjoismaiden taloudellisen vision ja infrastruktuurin edist\u00e4miseksi - Kvarkenr\u00e5det<\/title>\n<meta name=\"robots\" content=\"index, follow, max-snippet:-1, max-image-preview:large, max-video-preview:-1\" \/>\n<link rel=\"canonical\" href=\"https:\/\/www.kvarken.org\/fi\/tien-raivaaminen-pohjoismaiden-taloudellisen-vision-ja-infrastruktuurin-edistamiseksi\/\" \/>\n<meta property=\"og:locale\" content=\"fi_FI\" \/>\n<meta property=\"og:type\" content=\"article\" \/>\n<meta property=\"og:title\" content=\"Tien raivaaminen Pohjoismaiden taloudellisen vision ja infrastruktuurin edist\u00e4miseksi - Kvarkenr\u00e5det\" \/>\n<meta property=\"og:description\" content=\"Merenkurkun neuvosto EAYY ja Suomalais-ruotsalainen kauppakamari j\u00e4rjestiv\u00e4t Wasa Future Festivalilla \u201dKasvua ja turvallisuutta Pohjolassa\u201d\u202f-seminaarin torstaina 8.\u202felokuuta. Vaikka seminaari painottuikin p\u00e4\u00e4asiassa puolustusyhteisty\u00f6h\u00f6n, siin\u00e4 my\u00f6s sivuttiin taloudellista kehityst\u00e4.\" \/>\n<meta property=\"og:url\" content=\"https:\/\/www.kvarken.org\/fi\/tien-raivaaminen-pohjoismaiden-taloudellisen-vision-ja-infrastruktuurin-edistamiseksi\/\" \/>\n<meta property=\"og:site_name\" content=\"Kvarkenr\u00e5det\" \/>\n<meta property=\"article:published_time\" content=\"2024-08-21T10:53:07+00:00\" \/>\n<meta property=\"article:modified_time\" content=\"2024-08-21T10:56:41+00:00\" \/>\n<meta property=\"og:image\" content=\"https:\/\/www.kvarken.org\/wp-content\/uploads\/2024\/08\/IMG_0842-1024x768.jpg\" \/>\n\t<meta property=\"og:image:width\" content=\"1024\" \/>\n\t<meta property=\"og:image:height\" content=\"768\" \/>\n\t<meta property=\"og:image:type\" content=\"image\/jpeg\" \/>\n<meta name=\"author\" content=\"Huuhka Ida-Maria\" \/>\n<meta name=\"twitter:card\" content=\"summary_large_image\" \/>\n<meta name=\"twitter:label1\" content=\"Kirjoittanut\" \/>\n\t<meta name=\"twitter:data1\" content=\"Huuhka Ida-Maria\" \/>\n\t<meta name=\"twitter:label2\" content=\"Arvioitu lukuaika\" \/>\n\t<meta name=\"twitter:data2\" content=\"3 minuuttia\" \/>\n<script type=\"application\/ld+json\" class=\"yoast-schema-graph\">{\"@context\":\"https:\\\/\\\/schema.org\",\"@graph\":[{\"@type\":\"Article\",\"@id\":\"https:\\\/\\\/www.kvarken.org\\\/fi\\\/tien-raivaaminen-pohjoismaiden-taloudellisen-vision-ja-infrastruktuurin-edistamiseksi\\\/#article\",\"isPartOf\":{\"@id\":\"https:\\\/\\\/www.kvarken.org\\\/fi\\\/tien-raivaaminen-pohjoismaiden-taloudellisen-vision-ja-infrastruktuurin-edistamiseksi\\\/\"},\"author\":{\"name\":\"Huuhka Ida-Maria\",\"@id\":\"https:\\\/\\\/www.kvarken.org\\\/fi\\\/#\\\/schema\\\/person\\\/0da9a52b8b8962cba7c963d7189046b5\"},\"headline\":\"Tien raivaaminen Pohjoismaiden taloudellisen vision ja infrastruktuurin edist\u00e4miseksi\",\"datePublished\":\"2024-08-21T10:53:07+00:00\",\"dateModified\":\"2024-08-21T10:56:41+00:00\",\"mainEntityOfPage\":{\"@id\":\"https:\\\/\\\/www.kvarken.org\\\/fi\\\/tien-raivaaminen-pohjoismaiden-taloudellisen-vision-ja-infrastruktuurin-edistamiseksi\\\/\"},\"wordCount\":428,\"commentCount\":0,\"image\":{\"@id\":\"https:\\\/\\\/www.kvarken.org\\\/fi\\\/tien-raivaaminen-pohjoismaiden-taloudellisen-vision-ja-infrastruktuurin-edistamiseksi\\\/#primaryimage\"},\"thumbnailUrl\":\"https:\\\/\\\/www.kvarken.org\\\/wp-content\\\/uploads\\\/2024\\\/08\\\/IMG_0842.jpg\",\"articleSection\":[\"Uncategorized @fi\"],\"inLanguage\":\"fi\",\"potentialAction\":[{\"@type\":\"CommentAction\",\"name\":\"Comment\",\"target\":[\"https:\\\/\\\/www.kvarken.org\\\/fi\\\/tien-raivaaminen-pohjoismaiden-taloudellisen-vision-ja-infrastruktuurin-edistamiseksi\\\/#respond\"]}]},{\"@type\":\"WebPage\",\"@id\":\"https:\\\/\\\/www.kvarken.org\\\/fi\\\/tien-raivaaminen-pohjoismaiden-taloudellisen-vision-ja-infrastruktuurin-edistamiseksi\\\/\",\"url\":\"https:\\\/\\\/www.kvarken.org\\\/fi\\\/tien-raivaaminen-pohjoismaiden-taloudellisen-vision-ja-infrastruktuurin-edistamiseksi\\\/\",\"name\":\"Tien raivaaminen Pohjoismaiden taloudellisen vision ja infrastruktuurin edist\u00e4miseksi - Kvarkenr\u00e5det\",\"isPartOf\":{\"@id\":\"https:\\\/\\\/www.kvarken.org\\\/fi\\\/#website\"},\"primaryImageOfPage\":{\"@id\":\"https:\\\/\\\/www.kvarken.org\\\/fi\\\/tien-raivaaminen-pohjoismaiden-taloudellisen-vision-ja-infrastruktuurin-edistamiseksi\\\/#primaryimage\"},\"image\":{\"@id\":\"https:\\\/\\\/www.kvarken.org\\\/fi\\\/tien-raivaaminen-pohjoismaiden-taloudellisen-vision-ja-infrastruktuurin-edistamiseksi\\\/#primaryimage\"},\"thumbnailUrl\":\"https:\\\/\\\/www.kvarken.org\\\/wp-content\\\/uploads\\\/2024\\\/08\\\/IMG_0842.jpg\",\"datePublished\":\"2024-08-21T10:53:07+00:00\",\"dateModified\":\"2024-08-21T10:56:41+00:00\",\"author\":{\"@id\":\"https:\\\/\\\/www.kvarken.org\\\/fi\\\/#\\\/schema\\\/person\\\/0da9a52b8b8962cba7c963d7189046b5\"},\"breadcrumb\":{\"@id\":\"https:\\\/\\\/www.kvarken.org\\\/fi\\\/tien-raivaaminen-pohjoismaiden-taloudellisen-vision-ja-infrastruktuurin-edistamiseksi\\\/#breadcrumb\"},\"inLanguage\":\"fi\",\"potentialAction\":[{\"@type\":\"ReadAction\",\"target\":[\"https:\\\/\\\/www.kvarken.org\\\/fi\\\/tien-raivaaminen-pohjoismaiden-taloudellisen-vision-ja-infrastruktuurin-edistamiseksi\\\/\"]}]},{\"@type\":\"ImageObject\",\"inLanguage\":\"fi\",\"@id\":\"https:\\\/\\\/www.kvarken.org\\\/fi\\\/tien-raivaaminen-pohjoismaiden-taloudellisen-vision-ja-infrastruktuurin-edistamiseksi\\\/#primaryimage\",\"url\":\"https:\\\/\\\/www.kvarken.org\\\/wp-content\\\/uploads\\\/2024\\\/08\\\/IMG_0842.jpg\",\"contentUrl\":\"https:\\\/\\\/www.kvarken.org\\\/wp-content\\\/uploads\\\/2024\\\/08\\\/IMG_0842.jpg\",\"width\":5712,\"height\":4284},{\"@type\":\"BreadcrumbList\",\"@id\":\"https:\\\/\\\/www.kvarken.org\\\/fi\\\/tien-raivaaminen-pohjoismaiden-taloudellisen-vision-ja-infrastruktuurin-edistamiseksi\\\/#breadcrumb\",\"itemListElement\":[{\"@type\":\"ListItem\",\"position\":1,\"name\":\"Hem\",\"item\":\"https:\\\/\\\/www.kvarken.org\\\/fi\\\/\"},{\"@type\":\"ListItem\",\"position\":2,\"name\":\"Tien raivaaminen Pohjoismaiden taloudellisen vision ja infrastruktuurin edist\u00e4miseksi\"}]},{\"@type\":\"WebSite\",\"@id\":\"https:\\\/\\\/www.kvarken.org\\\/fi\\\/#website\",\"url\":\"https:\\\/\\\/www.kvarken.org\\\/fi\\\/\",\"name\":\"Kvarkenr\u00e5det\",\"description\":\"\",\"potentialAction\":[{\"@type\":\"SearchAction\",\"target\":{\"@type\":\"EntryPoint\",\"urlTemplate\":\"https:\\\/\\\/www.kvarken.org\\\/fi\\\/?s={search_term_string}\"},\"query-input\":{\"@type\":\"PropertyValueSpecification\",\"valueRequired\":true,\"valueName\":\"search_term_string\"}}],\"inLanguage\":\"fi\"},{\"@type\":\"Person\",\"@id\":\"https:\\\/\\\/www.kvarken.org\\\/fi\\\/#\\\/schema\\\/person\\\/0da9a52b8b8962cba7c963d7189046b5\",\"name\":\"Huuhka Ida-Maria\",\"image\":{\"@type\":\"ImageObject\",\"inLanguage\":\"fi\",\"@id\":\"https:\\\/\\\/secure.gravatar.com\\\/avatar\\\/8b0e50e08aa7a664dc6e2c23a82b9f95c7dc6946a41a69227e0712becda209aa?s=96&d=mm&r=g\",\"url\":\"https:\\\/\\\/secure.gravatar.com\\\/avatar\\\/8b0e50e08aa7a664dc6e2c23a82b9f95c7dc6946a41a69227e0712becda209aa?s=96&d=mm&r=g\",\"contentUrl\":\"https:\\\/\\\/secure.gravatar.com\\\/avatar\\\/8b0e50e08aa7a664dc6e2c23a82b9f95c7dc6946a41a69227e0712becda209aa?s=96&d=mm&r=g\",\"caption\":\"Huuhka Ida-Maria\"}}]}<\/script>\n<!-- \/ Yoast SEO plugin. -->","yoast_head_json":{"title":"Tien raivaaminen Pohjoismaiden taloudellisen vision ja infrastruktuurin edist\u00e4miseksi - Kvarkenr\u00e5det","robots":{"index":"index","follow":"follow","max-snippet":"max-snippet:-1","max-image-preview":"max-image-preview:large","max-video-preview":"max-video-preview:-1"},"canonical":"https:\/\/www.kvarken.org\/fi\/tien-raivaaminen-pohjoismaiden-taloudellisen-vision-ja-infrastruktuurin-edistamiseksi\/","og_locale":"fi_FI","og_type":"article","og_title":"Tien raivaaminen Pohjoismaiden taloudellisen vision ja infrastruktuurin edist\u00e4miseksi - Kvarkenr\u00e5det","og_description":"Merenkurkun neuvosto EAYY ja Suomalais-ruotsalainen kauppakamari j\u00e4rjestiv\u00e4t Wasa Future Festivalilla \u201dKasvua ja turvallisuutta Pohjolassa\u201d\u202f-seminaarin torstaina 8.\u202felokuuta. Vaikka seminaari painottuikin p\u00e4\u00e4asiassa puolustusyhteisty\u00f6h\u00f6n, siin\u00e4 my\u00f6s sivuttiin taloudellista kehityst\u00e4.","og_url":"https:\/\/www.kvarken.org\/fi\/tien-raivaaminen-pohjoismaiden-taloudellisen-vision-ja-infrastruktuurin-edistamiseksi\/","og_site_name":"Kvarkenr\u00e5det","article_published_time":"2024-08-21T10:53:07+00:00","article_modified_time":"2024-08-21T10:56:41+00:00","og_image":[{"width":1024,"height":768,"url":"https:\/\/www.kvarken.org\/wp-content\/uploads\/2024\/08\/IMG_0842-1024x768.jpg","type":"image\/jpeg"}],"author":"Huuhka Ida-Maria","twitter_card":"summary_large_image","twitter_misc":{"Kirjoittanut":"Huuhka Ida-Maria","Arvioitu lukuaika":"3 minuuttia"},"schema":{"@context":"https:\/\/schema.org","@graph":[{"@type":"Article","@id":"https:\/\/www.kvarken.org\/fi\/tien-raivaaminen-pohjoismaiden-taloudellisen-vision-ja-infrastruktuurin-edistamiseksi\/#article","isPartOf":{"@id":"https:\/\/www.kvarken.org\/fi\/tien-raivaaminen-pohjoismaiden-taloudellisen-vision-ja-infrastruktuurin-edistamiseksi\/"},"author":{"name":"Huuhka Ida-Maria","@id":"https:\/\/www.kvarken.org\/fi\/#\/schema\/person\/0da9a52b8b8962cba7c963d7189046b5"},"headline":"Tien raivaaminen Pohjoismaiden taloudellisen vision ja infrastruktuurin edist\u00e4miseksi","datePublished":"2024-08-21T10:53:07+00:00","dateModified":"2024-08-21T10:56:41+00:00","mainEntityOfPage":{"@id":"https:\/\/www.kvarken.org\/fi\/tien-raivaaminen-pohjoismaiden-taloudellisen-vision-ja-infrastruktuurin-edistamiseksi\/"},"wordCount":428,"commentCount":0,"image":{"@id":"https:\/\/www.kvarken.org\/fi\/tien-raivaaminen-pohjoismaiden-taloudellisen-vision-ja-infrastruktuurin-edistamiseksi\/#primaryimage"},"thumbnailUrl":"https:\/\/www.kvarken.org\/wp-content\/uploads\/2024\/08\/IMG_0842.jpg","articleSection":["Uncategorized @fi"],"inLanguage":"fi","potentialAction":[{"@type":"CommentAction","name":"Comment","target":["https:\/\/www.kvarken.org\/fi\/tien-raivaaminen-pohjoismaiden-taloudellisen-vision-ja-infrastruktuurin-edistamiseksi\/#respond"]}]},{"@type":"WebPage","@id":"https:\/\/www.kvarken.org\/fi\/tien-raivaaminen-pohjoismaiden-taloudellisen-vision-ja-infrastruktuurin-edistamiseksi\/","url":"https:\/\/www.kvarken.org\/fi\/tien-raivaaminen-pohjoismaiden-taloudellisen-vision-ja-infrastruktuurin-edistamiseksi\/","name":"Tien raivaaminen Pohjoismaiden taloudellisen vision ja infrastruktuurin edist\u00e4miseksi - Kvarkenr\u00e5det","isPartOf":{"@id":"https:\/\/www.kvarken.org\/fi\/#website"},"primaryImageOfPage":{"@id":"https:\/\/www.kvarken.org\/fi\/tien-raivaaminen-pohjoismaiden-taloudellisen-vision-ja-infrastruktuurin-edistamiseksi\/#primaryimage"},"image":{"@id":"https:\/\/www.kvarken.org\/fi\/tien-raivaaminen-pohjoismaiden-taloudellisen-vision-ja-infrastruktuurin-edistamiseksi\/#primaryimage"},"thumbnailUrl":"https:\/\/www.kvarken.org\/wp-content\/uploads\/2024\/08\/IMG_0842.jpg","datePublished":"2024-08-21T10:53:07+00:00","dateModified":"2024-08-21T10:56:41+00:00","author":{"@id":"https:\/\/www.kvarken.org\/fi\/#\/schema\/person\/0da9a52b8b8962cba7c963d7189046b5"},"breadcrumb":{"@id":"https:\/\/www.kvarken.org\/fi\/tien-raivaaminen-pohjoismaiden-taloudellisen-vision-ja-infrastruktuurin-edistamiseksi\/#breadcrumb"},"inLanguage":"fi","potentialAction":[{"@type":"ReadAction","target":["https:\/\/www.kvarken.org\/fi\/tien-raivaaminen-pohjoismaiden-taloudellisen-vision-ja-infrastruktuurin-edistamiseksi\/"]}]},{"@type":"ImageObject","inLanguage":"fi","@id":"https:\/\/www.kvarken.org\/fi\/tien-raivaaminen-pohjoismaiden-taloudellisen-vision-ja-infrastruktuurin-edistamiseksi\/#primaryimage","url":"https:\/\/www.kvarken.org\/wp-content\/uploads\/2024\/08\/IMG_0842.jpg","contentUrl":"https:\/\/www.kvarken.org\/wp-content\/uploads\/2024\/08\/IMG_0842.jpg","width":5712,"height":4284},{"@type":"BreadcrumbList","@id":"https:\/\/www.kvarken.org\/fi\/tien-raivaaminen-pohjoismaiden-taloudellisen-vision-ja-infrastruktuurin-edistamiseksi\/#breadcrumb","itemListElement":[{"@type":"ListItem","position":1,"name":"Hem","item":"https:\/\/www.kvarken.org\/fi\/"},{"@type":"ListItem","position":2,"name":"Tien raivaaminen Pohjoismaiden taloudellisen vision ja infrastruktuurin edist\u00e4miseksi"}]},{"@type":"WebSite","@id":"https:\/\/www.kvarken.org\/fi\/#website","url":"https:\/\/www.kvarken.org\/fi\/","name":"Kvarkenr\u00e5det","description":"","potentialAction":[{"@type":"SearchAction","target":{"@type":"EntryPoint","urlTemplate":"https:\/\/www.kvarken.org\/fi\/?s={search_term_string}"},"query-input":{"@type":"PropertyValueSpecification","valueRequired":true,"valueName":"search_term_string"}}],"inLanguage":"fi"},{"@type":"Person","@id":"https:\/\/www.kvarken.org\/fi\/#\/schema\/person\/0da9a52b8b8962cba7c963d7189046b5","name":"Huuhka Ida-Maria","image":{"@type":"ImageObject","inLanguage":"fi","@id":"https:\/\/secure.gravatar.com\/avatar\/8b0e50e08aa7a664dc6e2c23a82b9f95c7dc6946a41a69227e0712becda209aa?s=96&d=mm&r=g","url":"https:\/\/secure.gravatar.com\/avatar\/8b0e50e08aa7a664dc6e2c23a82b9f95c7dc6946a41a69227e0712becda209aa?s=96&d=mm&r=g","contentUrl":"https:\/\/secure.gravatar.com\/avatar\/8b0e50e08aa7a664dc6e2c23a82b9f95c7dc6946a41a69227e0712becda209aa?s=96&d=mm&r=g","caption":"Huuhka Ida-Maria"}}]}},"_links":{"self":[{"href":"https:\/\/www.kvarken.org\/fi\/wp-json\/wp\/v2\/posts\/21346","targetHints":{"allow":["GET"]}}],"collection":[{"href":"https:\/\/www.kvarken.org\/fi\/wp-json\/wp\/v2\/posts"}],"about":[{"href":"https:\/\/www.kvarken.org\/fi\/wp-json\/wp\/v2\/types\/post"}],"author":[{"embeddable":true,"href":"https:\/\/www.kvarken.org\/fi\/wp-json\/wp\/v2\/users\/6"}],"replies":[{"embeddable":true,"href":"https:\/\/www.kvarken.org\/fi\/wp-json\/wp\/v2\/comments?post=21346"}],"version-history":[{"count":2,"href":"https:\/\/www.kvarken.org\/fi\/wp-json\/wp\/v2\/posts\/21346\/revisions"}],"predecessor-version":[{"id":21356,"href":"https:\/\/www.kvarken.org\/fi\/wp-json\/wp\/v2\/posts\/21346\/revisions\/21356"}],"wp:featuredmedia":[{"embeddable":true,"href":"https:\/\/www.kvarken.org\/fi\/wp-json\/wp\/v2\/media\/21320"}],"wp:attachment":[{"href":"https:\/\/www.kvarken.org\/fi\/wp-json\/wp\/v2\/media?parent=21346"}],"wp:term":[{"taxonomy":"category","embeddable":true,"href":"https:\/\/www.kvarken.org\/fi\/wp-json\/wp\/v2\/categories?post=21346"},{"taxonomy":"post_tag","embeddable":true,"href":"https:\/\/www.kvarken.org\/fi\/wp-json\/wp\/v2\/tags?post=21346"},{"taxonomy":"amnen","embeddable":true,"href":"https:\/\/www.kvarken.org\/fi\/wp-json\/wp\/v2\/amnen?post=21346"}],"curies":[{"name":"wp","href":"https:\/\/api.w.org\/{rel}","templated":true}]}}