{"id":21906,"date":"2024-12-11T10:13:53","date_gmt":"2024-12-11T07:13:53","guid":{"rendered":"https:\/\/www.kvarken.org\/?p=21906"},"modified":"2024-12-11T11:23:38","modified_gmt":"2024-12-11T08:23:38","slug":"esiselvityksessa-kartoitettu-merenkurkun-alueen-elokuva-alaa","status":"publish","type":"post","link":"https:\/\/www.kvarken.org\/fi\/esiselvityksessa-kartoitettu-merenkurkun-alueen-elokuva-alaa\/","title":{"rendered":"Esiselvityksess\u00e4 kartoitettu Merenkurkun alueen elokuva-alaa"},"content":{"rendered":"<div>\n<p class=\"Standard\"><span lang=\"FI\">Esiselvityksen tavoitteena on kartoittaa Merenkurkun alueen elokuva-alaa ja tutkia mahdollisuuksia kehitt\u00e4\u00e4 Merenkurkun alueelle elokuvakeskittym\u00e4, joka toimisi yhteisen elokuva-\u00a0ja tv-kent\u00e4n perustana. Merenkurkun neuvosto EAYY toimii hankkeen p\u00e4\u00e4kumppanina, ja muut hankekumppanit ovat Svenska \u00d6sterbottens f\u00f6rbund f\u00f6r utbildning och kultur, Yrkesh\u00f6gskolan Novia ja Region V\u00e4sterbotten.<\/span><\/p>\n<p class=\"Standard\">\u2013 Elokuvakeskittym\u00e4n p\u00e4\u00e4tavoitteena on rakentaa osaamista ja rakenteita, jotka mahdollistavat suurten elokuva- ja tv-tuotantojen m\u00e4\u00e4r\u00e4n kasvun Merenkurkun alueella, kertoo Yrkesh\u00f6gskolan Novian\u00a0<b><\/b>hankejohtaja<b> Andreas Westerberg.<\/b><\/p>\n<p class=\"Standard\">Pohjanmaan ja V\u00e4sterbottenin elokuva-alaa on kartoitettu hankeryhm\u00e4n laatiman kyselytutkimuksen avulla. Kyselyyn saatiin yhteens\u00e4 64\u00a0vastausta.<\/p>\n<p class=\"Standard\">\u2013 Olemme kartoituksen avulla saaneet kuvan vahvuuksista ja tarpeista molemmin puolin Merenkurkkua. Voimme pitk\u00e4ll\u00e4 aikav\u00e4lill\u00e4 vahvistaa niit\u00e4 alueita, joilla on jo osaamista, sek\u00e4 samalla puuttua niihin osa-alueisiin, jotka kaipaavat tukea, kertoo Westerberg.<\/p>\n<h2 class=\"Standard\"><b><span lang=\"FI\">Tavoitteena suurempi toteutushanke<\/span><\/b><\/h2>\n<p class=\"Standard\"><span lang=\"FI\">Hankeryhm\u00e4 on ehtinyt toteuttaa useita aktiviteetteja hankkeen aikana sek\u00e4 j\u00e4rjest\u00e4nyt kaksi ty\u00f6pajaa \u2013 yhden Vaasassa ja toisen Uumajassa. Syyskuussa Vaasassa pidettiin my\u00f6s verkostotapaaminen ja alan tapahtuma nimelt\u00e4 KickOff, johon kokoontui audiovisuaalisen alan toimijoita. Tapahtumassa esiteltiin mm. <\/span><span lang=\"FI\">Kvarken Film Network\u00a0-esiselvitys.<\/span> <span lang=\"FI\">Film i V\u00e4sterbotten\u00a0-resurssikeskus on my\u00f6s j\u00e4rjest\u00e4nyt Uumajan elokuvafestivaalin yhteydess\u00e4 alalle suunnattuja p\u00e4ivi\u00e4, joihin hankeryhm\u00e4 osallistui.<\/span><\/p>\n<p class=\"Standard\">Lis\u00e4ksi hankkeen aikana on aloitettu tukirakenteiden ja rahoitusmallien kehitysty\u00f6.<\/p>\n<p class=\"Standard\">\u2013 V\u00e4sterbottenissa on laadittu ehdotus uudesta alueellisesta elokuvarahastomallista, joka tukisi suurempia elokuvatuotantoja. Pohjanmaalla on selvitetty mahdollisuuksia perustaa elokuvatoimikunta, k\u00e4ynnistetty yhteisty\u00f6 Sein\u00e4joen elokuva-alan toimijoiden kanssa ja tutkittu mahdollisuuksia koota pienet toimijat suuremmaksi kokonaisuudeksi, Westerberg kertoo.<\/p>\n<p class=\"Standard\">Keskusteluja on k\u00e4yty my\u00f6s tulevasta Interreg-rahoitteisesta toteutushankkeesta ja siit\u00e4, ketk\u00e4 voisivat olla potentiaalisia yhteisty\u00f6kumppaneita t\u00e4llaisessa hankkeessa.<\/p>\n<p class=\"Standard\">\u2013 Toteutushankkeessa kehitett\u00e4isiin taloudellisesti kest\u00e4v\u00e4 rakenne Merenkurkun alueen elokuva-alan tukemiseen ja kehitt\u00e4miseen, Westerberg sanoo.<\/p>\n<p class=\"Standard\"><span lang=\"FI\">Lue lis\u00e4\u00e4 Kvarken Film Networkista <\/span><strong><span lang=\"EN-US\"><a href=\"https:\/\/www.kvarken.org\/fi\/hankkeet\/kvarken-film-network\/\"><span class=\"Hyperlink0\"><span lang=\"FI\">T\u00c4\u00c4LL\u00c4<\/span><\/span><\/a><\/span><\/strong><span lang=\"FI\">.<\/span><\/p>\n<div id=\"attachment_21897\" style=\"width: 5009px\" class=\"wp-caption alignleft\"><img decoding=\"async\" aria-describedby=\"caption-attachment-21897\" class=\"wp-image-21897 size-full\" src=\"https:\/\/www.kvarken.org\/wp-content\/uploads\/2024\/12\/Gruppbild-Vasa2.jpg\" alt=\"\" width=\"4999\" height=\"3276\" srcset=\"https:\/\/www.kvarken.org\/wp-content\/uploads\/2024\/12\/Gruppbild-Vasa2.jpg 4999w, https:\/\/www.kvarken.org\/wp-content\/uploads\/2024\/12\/Gruppbild-Vasa2-1280x839.jpg 1280w, https:\/\/www.kvarken.org\/wp-content\/uploads\/2024\/12\/Gruppbild-Vasa2-980x642.jpg 980w, https:\/\/www.kvarken.org\/wp-content\/uploads\/2024\/12\/Gruppbild-Vasa2-480x315.jpg 480w\" sizes=\"(min-width: 0px) and (max-width: 480px) 480px, (min-width: 481px) and (max-width: 980px) 980px, (min-width: 981px) and (max-width: 1280px) 1280px, (min-width: 1281px) 4999px, 100vw\" \/><p id=\"caption-attachment-21897\" class=\"wp-caption-text\">Felicia Vesterlund Film i V\u00e4sterbottenista, Andreas Westerberg Yrkesh\u00f6gskolan Noviasta, Fredric Larsson Film i V\u00e4sterbottenista, Johan Lundkvist Film i V\u00e4sterbottenista, Simon Staffans ReThink NMS:ta ja Sofia Sundholm Yrkesakademin i \u00d6sterbottenista ovat olleet mukana Kvarken Film Network esiselvityksess\u00e4.<\/p><\/div>\n<\/div>\n<p><img decoding=\"async\" class=\"alignleft wp-image-18522\" src=\"https:\/\/www.kvarken.org\/wp-content\/uploads\/2023\/09\/AURORA-CMYK-Color-1.png\" alt=\"\" width=\"600\" height=\"181\" \/><\/p>\n","protected":false},"excerpt":{"rendered":"<p>Huhtikuussa k\u00e4ynnistynyt Kvarken Film Network -esiselvitys on loppusuoralla. EU-rahoitteisen hankkeen tavoitteena on l\u00e4hitulevaisuudessa kehitt\u00e4\u00e4 entisest\u00e4\u00e4n Merenkurkun alueen elokuva-alaa suuremman toteutushankkeen avulla.<\/p>\n","protected":false},"author":6,"featured_media":21897,"comment_status":"open","ping_status":"open","sticky":false,"template":"","format":"standard","meta":{"_acf_changed":false,"_et_pb_use_builder":"","_et_pb_old_content":"","_et_gb_content_width":"","footnotes":""},"categories":[13],"tags":[],"amnen":[32],"class_list":["post-21906","post","type-post","status-publish","format-standard","has-post-thumbnail","hentry","category-uncategorized-fi","amnen-kulttuuri"],"acf":[],"yoast_head":"<!-- This site is optimized with the Yoast SEO plugin v27.4 - https:\/\/yoast.com\/product\/yoast-seo-wordpress\/ -->\n<title>Esiselvityksess\u00e4 kartoitettu Merenkurkun alueen elokuva-alaa - Kvarkenr\u00e5det<\/title>\n<meta name=\"robots\" content=\"index, follow, max-snippet:-1, max-image-preview:large, max-video-preview:-1\" \/>\n<link rel=\"canonical\" href=\"https:\/\/www.kvarken.org\/fi\/esiselvityksessa-kartoitettu-merenkurkun-alueen-elokuva-alaa\/\" \/>\n<meta property=\"og:locale\" content=\"fi_FI\" \/>\n<meta property=\"og:type\" content=\"article\" \/>\n<meta property=\"og:title\" content=\"Esiselvityksess\u00e4 kartoitettu Merenkurkun alueen elokuva-alaa - Kvarkenr\u00e5det\" \/>\n<meta property=\"og:description\" content=\"Huhtikuussa k\u00e4ynnistynyt Kvarken Film Network -esiselvitys on loppusuoralla. EU-rahoitteisen hankkeen tavoitteena on l\u00e4hitulevaisuudessa kehitt\u00e4\u00e4 entisest\u00e4\u00e4n Merenkurkun alueen elokuva-alaa suuremman toteutushankkeen avulla.\" \/>\n<meta property=\"og:url\" content=\"https:\/\/www.kvarken.org\/fi\/esiselvityksessa-kartoitettu-merenkurkun-alueen-elokuva-alaa\/\" \/>\n<meta property=\"og:site_name\" content=\"Kvarkenr\u00e5det\" \/>\n<meta property=\"article:published_time\" content=\"2024-12-11T07:13:53+00:00\" \/>\n<meta property=\"article:modified_time\" content=\"2024-12-11T08:23:38+00:00\" \/>\n<meta property=\"og:image\" content=\"https:\/\/www.kvarken.org\/wp-content\/uploads\/2024\/12\/Gruppbild-Vasa2-1024x671.jpg\" \/>\n\t<meta property=\"og:image:width\" content=\"1024\" \/>\n\t<meta property=\"og:image:height\" content=\"671\" \/>\n\t<meta property=\"og:image:type\" content=\"image\/jpeg\" \/>\n<meta name=\"author\" content=\"Huuhka Ida-Maria\" \/>\n<meta name=\"twitter:card\" content=\"summary_large_image\" \/>\n<meta name=\"twitter:label1\" content=\"Kirjoittanut\" \/>\n\t<meta name=\"twitter:data1\" content=\"Huuhka Ida-Maria\" \/>\n\t<meta name=\"twitter:label2\" content=\"Arvioitu lukuaika\" \/>\n\t<meta name=\"twitter:data2\" content=\"3 minuuttia\" \/>\n<script type=\"application\/ld+json\" class=\"yoast-schema-graph\">{\"@context\":\"https:\\\/\\\/schema.org\",\"@graph\":[{\"@type\":\"Article\",\"@id\":\"https:\\\/\\\/www.kvarken.org\\\/fi\\\/esiselvityksessa-kartoitettu-merenkurkun-alueen-elokuva-alaa\\\/#article\",\"isPartOf\":{\"@id\":\"https:\\\/\\\/www.kvarken.org\\\/fi\\\/esiselvityksessa-kartoitettu-merenkurkun-alueen-elokuva-alaa\\\/\"},\"author\":{\"name\":\"Huuhka Ida-Maria\",\"@id\":\"https:\\\/\\\/www.kvarken.org\\\/fi\\\/#\\\/schema\\\/person\\\/0da9a52b8b8962cba7c963d7189046b5\"},\"headline\":\"Esiselvityksess\u00e4 kartoitettu Merenkurkun alueen elokuva-alaa\",\"datePublished\":\"2024-12-11T07:13:53+00:00\",\"dateModified\":\"2024-12-11T08:23:38+00:00\",\"mainEntityOfPage\":{\"@id\":\"https:\\\/\\\/www.kvarken.org\\\/fi\\\/esiselvityksessa-kartoitettu-merenkurkun-alueen-elokuva-alaa\\\/\"},\"wordCount\":335,\"commentCount\":0,\"image\":{\"@id\":\"https:\\\/\\\/www.kvarken.org\\\/fi\\\/esiselvityksessa-kartoitettu-merenkurkun-alueen-elokuva-alaa\\\/#primaryimage\"},\"thumbnailUrl\":\"https:\\\/\\\/www.kvarken.org\\\/wp-content\\\/uploads\\\/2024\\\/12\\\/Gruppbild-Vasa2.jpg\",\"articleSection\":[\"Uncategorized @fi\"],\"inLanguage\":\"fi\",\"potentialAction\":[{\"@type\":\"CommentAction\",\"name\":\"Comment\",\"target\":[\"https:\\\/\\\/www.kvarken.org\\\/fi\\\/esiselvityksessa-kartoitettu-merenkurkun-alueen-elokuva-alaa\\\/#respond\"]}]},{\"@type\":\"WebPage\",\"@id\":\"https:\\\/\\\/www.kvarken.org\\\/fi\\\/esiselvityksessa-kartoitettu-merenkurkun-alueen-elokuva-alaa\\\/\",\"url\":\"https:\\\/\\\/www.kvarken.org\\\/fi\\\/esiselvityksessa-kartoitettu-merenkurkun-alueen-elokuva-alaa\\\/\",\"name\":\"Esiselvityksess\u00e4 kartoitettu Merenkurkun alueen elokuva-alaa - Kvarkenr\u00e5det\",\"isPartOf\":{\"@id\":\"https:\\\/\\\/www.kvarken.org\\\/fi\\\/#website\"},\"primaryImageOfPage\":{\"@id\":\"https:\\\/\\\/www.kvarken.org\\\/fi\\\/esiselvityksessa-kartoitettu-merenkurkun-alueen-elokuva-alaa\\\/#primaryimage\"},\"image\":{\"@id\":\"https:\\\/\\\/www.kvarken.org\\\/fi\\\/esiselvityksessa-kartoitettu-merenkurkun-alueen-elokuva-alaa\\\/#primaryimage\"},\"thumbnailUrl\":\"https:\\\/\\\/www.kvarken.org\\\/wp-content\\\/uploads\\\/2024\\\/12\\\/Gruppbild-Vasa2.jpg\",\"datePublished\":\"2024-12-11T07:13:53+00:00\",\"dateModified\":\"2024-12-11T08:23:38+00:00\",\"author\":{\"@id\":\"https:\\\/\\\/www.kvarken.org\\\/fi\\\/#\\\/schema\\\/person\\\/0da9a52b8b8962cba7c963d7189046b5\"},\"breadcrumb\":{\"@id\":\"https:\\\/\\\/www.kvarken.org\\\/fi\\\/esiselvityksessa-kartoitettu-merenkurkun-alueen-elokuva-alaa\\\/#breadcrumb\"},\"inLanguage\":\"fi\",\"potentialAction\":[{\"@type\":\"ReadAction\",\"target\":[\"https:\\\/\\\/www.kvarken.org\\\/fi\\\/esiselvityksessa-kartoitettu-merenkurkun-alueen-elokuva-alaa\\\/\"]}]},{\"@type\":\"ImageObject\",\"inLanguage\":\"fi\",\"@id\":\"https:\\\/\\\/www.kvarken.org\\\/fi\\\/esiselvityksessa-kartoitettu-merenkurkun-alueen-elokuva-alaa\\\/#primaryimage\",\"url\":\"https:\\\/\\\/www.kvarken.org\\\/wp-content\\\/uploads\\\/2024\\\/12\\\/Gruppbild-Vasa2.jpg\",\"contentUrl\":\"https:\\\/\\\/www.kvarken.org\\\/wp-content\\\/uploads\\\/2024\\\/12\\\/Gruppbild-Vasa2.jpg\",\"width\":4999,\"height\":3276},{\"@type\":\"BreadcrumbList\",\"@id\":\"https:\\\/\\\/www.kvarken.org\\\/fi\\\/esiselvityksessa-kartoitettu-merenkurkun-alueen-elokuva-alaa\\\/#breadcrumb\",\"itemListElement\":[{\"@type\":\"ListItem\",\"position\":1,\"name\":\"Hem\",\"item\":\"https:\\\/\\\/www.kvarken.org\\\/fi\\\/\"},{\"@type\":\"ListItem\",\"position\":2,\"name\":\"Esiselvityksess\u00e4 kartoitettu Merenkurkun alueen elokuva-alaa\"}]},{\"@type\":\"WebSite\",\"@id\":\"https:\\\/\\\/www.kvarken.org\\\/fi\\\/#website\",\"url\":\"https:\\\/\\\/www.kvarken.org\\\/fi\\\/\",\"name\":\"Kvarkenr\u00e5det\",\"description\":\"\",\"potentialAction\":[{\"@type\":\"SearchAction\",\"target\":{\"@type\":\"EntryPoint\",\"urlTemplate\":\"https:\\\/\\\/www.kvarken.org\\\/fi\\\/?s={search_term_string}\"},\"query-input\":{\"@type\":\"PropertyValueSpecification\",\"valueRequired\":true,\"valueName\":\"search_term_string\"}}],\"inLanguage\":\"fi\"},{\"@type\":\"Person\",\"@id\":\"https:\\\/\\\/www.kvarken.org\\\/fi\\\/#\\\/schema\\\/person\\\/0da9a52b8b8962cba7c963d7189046b5\",\"name\":\"Huuhka Ida-Maria\",\"image\":{\"@type\":\"ImageObject\",\"inLanguage\":\"fi\",\"@id\":\"https:\\\/\\\/secure.gravatar.com\\\/avatar\\\/8b0e50e08aa7a664dc6e2c23a82b9f95c7dc6946a41a69227e0712becda209aa?s=96&d=mm&r=g\",\"url\":\"https:\\\/\\\/secure.gravatar.com\\\/avatar\\\/8b0e50e08aa7a664dc6e2c23a82b9f95c7dc6946a41a69227e0712becda209aa?s=96&d=mm&r=g\",\"contentUrl\":\"https:\\\/\\\/secure.gravatar.com\\\/avatar\\\/8b0e50e08aa7a664dc6e2c23a82b9f95c7dc6946a41a69227e0712becda209aa?s=96&d=mm&r=g\",\"caption\":\"Huuhka Ida-Maria\"}}]}<\/script>\n<!-- \/ Yoast SEO plugin. -->","yoast_head_json":{"title":"Esiselvityksess\u00e4 kartoitettu Merenkurkun alueen elokuva-alaa - Kvarkenr\u00e5det","robots":{"index":"index","follow":"follow","max-snippet":"max-snippet:-1","max-image-preview":"max-image-preview:large","max-video-preview":"max-video-preview:-1"},"canonical":"https:\/\/www.kvarken.org\/fi\/esiselvityksessa-kartoitettu-merenkurkun-alueen-elokuva-alaa\/","og_locale":"fi_FI","og_type":"article","og_title":"Esiselvityksess\u00e4 kartoitettu Merenkurkun alueen elokuva-alaa - Kvarkenr\u00e5det","og_description":"Huhtikuussa k\u00e4ynnistynyt Kvarken Film Network -esiselvitys on loppusuoralla. EU-rahoitteisen hankkeen tavoitteena on l\u00e4hitulevaisuudessa kehitt\u00e4\u00e4 entisest\u00e4\u00e4n Merenkurkun alueen elokuva-alaa suuremman toteutushankkeen avulla.","og_url":"https:\/\/www.kvarken.org\/fi\/esiselvityksessa-kartoitettu-merenkurkun-alueen-elokuva-alaa\/","og_site_name":"Kvarkenr\u00e5det","article_published_time":"2024-12-11T07:13:53+00:00","article_modified_time":"2024-12-11T08:23:38+00:00","og_image":[{"width":1024,"height":671,"url":"https:\/\/www.kvarken.org\/wp-content\/uploads\/2024\/12\/Gruppbild-Vasa2-1024x671.jpg","type":"image\/jpeg"}],"author":"Huuhka Ida-Maria","twitter_card":"summary_large_image","twitter_misc":{"Kirjoittanut":"Huuhka Ida-Maria","Arvioitu lukuaika":"3 minuuttia"},"schema":{"@context":"https:\/\/schema.org","@graph":[{"@type":"Article","@id":"https:\/\/www.kvarken.org\/fi\/esiselvityksessa-kartoitettu-merenkurkun-alueen-elokuva-alaa\/#article","isPartOf":{"@id":"https:\/\/www.kvarken.org\/fi\/esiselvityksessa-kartoitettu-merenkurkun-alueen-elokuva-alaa\/"},"author":{"name":"Huuhka Ida-Maria","@id":"https:\/\/www.kvarken.org\/fi\/#\/schema\/person\/0da9a52b8b8962cba7c963d7189046b5"},"headline":"Esiselvityksess\u00e4 kartoitettu Merenkurkun alueen elokuva-alaa","datePublished":"2024-12-11T07:13:53+00:00","dateModified":"2024-12-11T08:23:38+00:00","mainEntityOfPage":{"@id":"https:\/\/www.kvarken.org\/fi\/esiselvityksessa-kartoitettu-merenkurkun-alueen-elokuva-alaa\/"},"wordCount":335,"commentCount":0,"image":{"@id":"https:\/\/www.kvarken.org\/fi\/esiselvityksessa-kartoitettu-merenkurkun-alueen-elokuva-alaa\/#primaryimage"},"thumbnailUrl":"https:\/\/www.kvarken.org\/wp-content\/uploads\/2024\/12\/Gruppbild-Vasa2.jpg","articleSection":["Uncategorized @fi"],"inLanguage":"fi","potentialAction":[{"@type":"CommentAction","name":"Comment","target":["https:\/\/www.kvarken.org\/fi\/esiselvityksessa-kartoitettu-merenkurkun-alueen-elokuva-alaa\/#respond"]}]},{"@type":"WebPage","@id":"https:\/\/www.kvarken.org\/fi\/esiselvityksessa-kartoitettu-merenkurkun-alueen-elokuva-alaa\/","url":"https:\/\/www.kvarken.org\/fi\/esiselvityksessa-kartoitettu-merenkurkun-alueen-elokuva-alaa\/","name":"Esiselvityksess\u00e4 kartoitettu Merenkurkun alueen elokuva-alaa - Kvarkenr\u00e5det","isPartOf":{"@id":"https:\/\/www.kvarken.org\/fi\/#website"},"primaryImageOfPage":{"@id":"https:\/\/www.kvarken.org\/fi\/esiselvityksessa-kartoitettu-merenkurkun-alueen-elokuva-alaa\/#primaryimage"},"image":{"@id":"https:\/\/www.kvarken.org\/fi\/esiselvityksessa-kartoitettu-merenkurkun-alueen-elokuva-alaa\/#primaryimage"},"thumbnailUrl":"https:\/\/www.kvarken.org\/wp-content\/uploads\/2024\/12\/Gruppbild-Vasa2.jpg","datePublished":"2024-12-11T07:13:53+00:00","dateModified":"2024-12-11T08:23:38+00:00","author":{"@id":"https:\/\/www.kvarken.org\/fi\/#\/schema\/person\/0da9a52b8b8962cba7c963d7189046b5"},"breadcrumb":{"@id":"https:\/\/www.kvarken.org\/fi\/esiselvityksessa-kartoitettu-merenkurkun-alueen-elokuva-alaa\/#breadcrumb"},"inLanguage":"fi","potentialAction":[{"@type":"ReadAction","target":["https:\/\/www.kvarken.org\/fi\/esiselvityksessa-kartoitettu-merenkurkun-alueen-elokuva-alaa\/"]}]},{"@type":"ImageObject","inLanguage":"fi","@id":"https:\/\/www.kvarken.org\/fi\/esiselvityksessa-kartoitettu-merenkurkun-alueen-elokuva-alaa\/#primaryimage","url":"https:\/\/www.kvarken.org\/wp-content\/uploads\/2024\/12\/Gruppbild-Vasa2.jpg","contentUrl":"https:\/\/www.kvarken.org\/wp-content\/uploads\/2024\/12\/Gruppbild-Vasa2.jpg","width":4999,"height":3276},{"@type":"BreadcrumbList","@id":"https:\/\/www.kvarken.org\/fi\/esiselvityksessa-kartoitettu-merenkurkun-alueen-elokuva-alaa\/#breadcrumb","itemListElement":[{"@type":"ListItem","position":1,"name":"Hem","item":"https:\/\/www.kvarken.org\/fi\/"},{"@type":"ListItem","position":2,"name":"Esiselvityksess\u00e4 kartoitettu Merenkurkun alueen elokuva-alaa"}]},{"@type":"WebSite","@id":"https:\/\/www.kvarken.org\/fi\/#website","url":"https:\/\/www.kvarken.org\/fi\/","name":"Kvarkenr\u00e5det","description":"","potentialAction":[{"@type":"SearchAction","target":{"@type":"EntryPoint","urlTemplate":"https:\/\/www.kvarken.org\/fi\/?s={search_term_string}"},"query-input":{"@type":"PropertyValueSpecification","valueRequired":true,"valueName":"search_term_string"}}],"inLanguage":"fi"},{"@type":"Person","@id":"https:\/\/www.kvarken.org\/fi\/#\/schema\/person\/0da9a52b8b8962cba7c963d7189046b5","name":"Huuhka Ida-Maria","image":{"@type":"ImageObject","inLanguage":"fi","@id":"https:\/\/secure.gravatar.com\/avatar\/8b0e50e08aa7a664dc6e2c23a82b9f95c7dc6946a41a69227e0712becda209aa?s=96&d=mm&r=g","url":"https:\/\/secure.gravatar.com\/avatar\/8b0e50e08aa7a664dc6e2c23a82b9f95c7dc6946a41a69227e0712becda209aa?s=96&d=mm&r=g","contentUrl":"https:\/\/secure.gravatar.com\/avatar\/8b0e50e08aa7a664dc6e2c23a82b9f95c7dc6946a41a69227e0712becda209aa?s=96&d=mm&r=g","caption":"Huuhka Ida-Maria"}}]}},"_links":{"self":[{"href":"https:\/\/www.kvarken.org\/fi\/wp-json\/wp\/v2\/posts\/21906","targetHints":{"allow":["GET"]}}],"collection":[{"href":"https:\/\/www.kvarken.org\/fi\/wp-json\/wp\/v2\/posts"}],"about":[{"href":"https:\/\/www.kvarken.org\/fi\/wp-json\/wp\/v2\/types\/post"}],"author":[{"embeddable":true,"href":"https:\/\/www.kvarken.org\/fi\/wp-json\/wp\/v2\/users\/6"}],"replies":[{"embeddable":true,"href":"https:\/\/www.kvarken.org\/fi\/wp-json\/wp\/v2\/comments?post=21906"}],"version-history":[{"count":1,"href":"https:\/\/www.kvarken.org\/fi\/wp-json\/wp\/v2\/posts\/21906\/revisions"}],"predecessor-version":[{"id":21908,"href":"https:\/\/www.kvarken.org\/fi\/wp-json\/wp\/v2\/posts\/21906\/revisions\/21908"}],"wp:featuredmedia":[{"embeddable":true,"href":"https:\/\/www.kvarken.org\/fi\/wp-json\/wp\/v2\/media\/21897"}],"wp:attachment":[{"href":"https:\/\/www.kvarken.org\/fi\/wp-json\/wp\/v2\/media?parent=21906"}],"wp:term":[{"taxonomy":"category","embeddable":true,"href":"https:\/\/www.kvarken.org\/fi\/wp-json\/wp\/v2\/categories?post=21906"},{"taxonomy":"post_tag","embeddable":true,"href":"https:\/\/www.kvarken.org\/fi\/wp-json\/wp\/v2\/tags?post=21906"},{"taxonomy":"amnen","embeddable":true,"href":"https:\/\/www.kvarken.org\/fi\/wp-json\/wp\/v2\/amnen?post=21906"}],"curies":[{"name":"wp","href":"https:\/\/api.w.org\/{rel}","templated":true}]}}