{"id":23247,"date":"2025-06-06T16:45:27","date_gmt":"2025-06-06T13:45:27","guid":{"rendered":"https:\/\/www.kvarken.org\/?p=23247"},"modified":"2025-06-12T13:35:35","modified_gmt":"2025-06-12T10:35:35","slug":"unicollab","status":"publish","type":"post","link":"https:\/\/www.kvarken.org\/fi\/unicollab\/","title":{"rendered":"Unicollab rakentaa siltoja Merenkurkun alueen korkeakoulujen v\u00e4lille"},"content":{"rendered":"<h1>Unicollab rakentaa siltoja Merenkurkun alueen korkeakoulujen v\u00e4lille<\/h1>\n<p><strong>Esitutkimus on luonut pohjan syvemm\u00e4lle rajat ylitt\u00e4v\u00e4lle korkeakouluyhteisty\u00f6lle<\/strong><\/p>\n<p>Kuusi Merenkurkun alueen yliopistoa ja korkeakoulua on nyt kartoittanut, miten ne voisivat yhdess\u00e4 vahvistaa asemaansa kansainv\u00e4lisell\u00e4 koulutuskent\u00e4ll\u00e4. Unicollab-esitutkimus on tarkastellut uusia mahdollisuuksia rajat ylitt\u00e4v\u00e4\u00e4n yhteisty\u00f6h\u00f6n ja tunnistanut keinoja edet\u00e4. Aloitteen teki Vaasan ammattikorkeakoulu (VAMK), joka totesi, ett\u00e4 alueelta puuttui kokonaisvaltainen l\u00e4hestymistapa korkeakouluyhteisty\u00f6h\u00f6n. Merenkurkun neuvoston hallitus piti ideaa hyv\u00e4n\u00e4, joten Merenkurkun neuvosto laati hankesuunnitelman ja haki rahoituksen. Merenkurkun neuvosto on toiminut hankkeen alustana ja mahdollistanut tapaamisia, kun taas korkeakoulutoimijat itse ovat vastanneet sis\u00e4ll\u00f6st\u00e4, keskusteluista ja yhteisty\u00f6st\u00e4.<\/p>\n<p><img decoding=\"async\" class=\"alignnone wp-image-23235\" src=\"https:\/\/www.kvarken.org\/wp-content\/uploads\/2025\/06\/WhatsApp-Image-2025-05-16-at-14.54.55-2-225x300.jpeg\" alt=\"\" width=\"307\" height=\"410\" \/> <img decoding=\"async\" class=\"alignnone wp-image-23241\" src=\"https:\/\/www.kvarken.org\/wp-content\/uploads\/2025\/06\/WhatsApp-Image-2025-05-16-at-14.54.54-225x300.jpeg\" alt=\"\" width=\"307\" height=\"409\" data-wp-editing=\"1\" \/><br \/>\n<em>Unicollab-esitutkimuksen viimeinen tapaaminen pidettiin Ruotsin Sundsvallissa toukokuussa\u00a02025.<\/em><\/p>\n<h2>Esitutkimukseen osallistui kuusi korkeakoulua<\/h2>\n<p>Unicollab-esitutkimus toteutettiin niin sanotussa <em>small scale project<\/em>\u00a0-muodossa Interreg Aurora\u00a0-ohjelmassa, jonka rahoituksesta vastasi aluekehitysrahasto. Merenkurkun neuvosto oli hankkeen ainoa tuensaaja ja lead part, ja hankkeeseen osallistuivat seuraavat kuusi yliopistoa ja korkeakoulua: Uumajan yliopisto, Mittuniversitetet, Vaasan yliopisto, Hanken, VAMK ja NOVIA.<\/p>\n<p>Tavoitteena oli selvitt\u00e4\u00e4, miten yhteisty\u00f6t\u00e4 voitaisiin vahvistaa strategisella ja rakenteellisella tasolla. Hanke on tarjonnut arvokkaita oivalluksia, vaikka ylimm\u00e4n johdon sitouttaminen osoittautui haastavaksi etenkin kiireisten kalentereiden ja rinnakkaisten eurooppalaisten yliopistoliittoumien vuoksi.<\/p>\n<h2>Konkreettisia tuloksia ja tulevaisuudensuunnitelmia<\/h2>\n<p>Osallistujat perehtyiv\u00e4t nelj\u00e4n tapaamisen aikana toistensa koulutus-\u00a0ja tutkimusymp\u00e4rist\u00f6ihin paikan p\u00e4\u00e4ll\u00e4. Yksi t\u00e4rkeimmist\u00e4 havainnoista oli tutkimusinfrastruktuurit, joita voidaan hy\u00f6dynt\u00e4\u00e4 yhteisesti yli rajojen.<\/p>\n<p>&#8211; On ollut eritt\u00e4in arvokasta p\u00e4\u00e4st\u00e4 tutustumaan toistemme ymp\u00e4rist\u00f6ihin, ja tarvitsemme t\u00e4t\u00e4 lis\u00e4\u00e4, toteaa <strong>Heidi Hansson,<\/strong> Uumajan yliopiston professori ja esitutkimuksen ohjausryhm\u00e4n puheenjohtaja.<\/p>\n<p>Sundsvallin p\u00e4\u00e4t\u00f6stapaamisessa konkretisoitiin jatkoyhteisty\u00f6n muotoja sek\u00e4 koulutuksen ett\u00e4 tutkimus-\u00a0ja kehitystoiminnan osalta. Eri ryhm\u00e4t l\u00e4htev\u00e4t nyt kehitt\u00e4m\u00e4\u00e4n:<\/p>\n<ul>\n<li>Yhteist\u00e4 kes\u00e4koulua ja tutkijakoulua<\/li>\n<li>Verkkokursseja ja\u00a0-ohjelmia<\/li>\n<li>Yhteisty\u00f6t\u00e4 energiatutkimuksessa<\/li>\n<li>Tutkimusta resilienssist\u00e4, kokonaisturvallisuudesta ja terveydest\u00e4.<\/li>\n<\/ul>\n<p>&#8211; Suunnittelemamme konkreettiset yhteisty\u00f6muodot \u2013 aina yhteisist\u00e4 kes\u00e4kouluista energiatutkimukseen ja turvallisuuteen \u2013 luovat perustan pitk\u00e4j\u00e4nteiselle yhteisty\u00f6lle, josta hy\u00f6tyv\u00e4t opettajat, opiskelijat, tutkijat, sidosryhm\u00e4mme ja koko alue, tiivist\u00e4\u00e4 VAMKin johtaja <strong>Marja-Riitta Vest.<\/strong><\/p>\n<h2>Strategisia panostuksia tulevaisuuteen<\/h2>\n<p>Konkreettisten yhteisty\u00f6muotojen lis\u00e4ksi suunnitteilla on strategisia aloitteita, kuten j\u00e4senten rekrytoiminen eri toimielimiin toistensa korkeakouluista, edustajien kutsuminen tapahtumiin sek\u00e4 kollegoiden hy\u00f6dynt\u00e4minen asiantuntijoina ja vierailevina luennoitsijoina. Yksi k\u00e4yt\u00e4nn\u00f6n esimerkki t\u00e4st\u00e4 on se, ett\u00e4 Uumajan yliopiston hallitus pit\u00e4\u00e4 syyskokouksensa Vaasassa.<\/p>\n<h2>Tulevaisuuden toimenpiteit\u00e4 yhteisty\u00f6n syvent\u00e4miseksi<\/h2>\n<p>Er\u00e4s hankkeen keskeisist\u00e4 opeista on ollut tarve kehitt\u00e4\u00e4 rakenteita korkeakoulujen pitk\u00e4j\u00e4nteist\u00e4 yhteisty\u00f6t\u00e4 varten. Alueelliset aloitteet tarvitsevat erityist\u00e4 huomiota ja tukea kansainv\u00e4lisess\u00e4 korkeakoulukilpailussa.<\/p>\n<p>Yhteinen tavoite s\u00e4ilyy: luoda vahva ja kansainv\u00e4linen koulutusymp\u00e4rist\u00f6, joka houkuttelee kansainv\u00e4lisi\u00e4 opiskelijoita ja saa heid\u00e4t j\u00e4\u00e4m\u00e4\u00e4n alueelle. Unicollab-esitutkimuksen luoman perustan ansiosta edellytykset vakaan, pitk\u00e4j\u00e4nteisen ja joustavan yhteisty\u00f6alustan rakentamiselle ovat nyt paremmat kuin koskaan.<\/p>\n<p><em>Unicollab-esitutkimus toteutettiin vuosina 2024\u20132025 Interreg Aurora\u00a0-hankkeena, jossa Merenkurkun neuvosto toimi ainoana tuensaajana ja lead partina. Lue lis\u00e4\u00e4 hankkeesta <\/em><a href=\"https:\/\/www.kvarken.org\/fi\/hankkeet\/kvarken-unicollab\/\"><em>T\u00c4\u00c4LT\u00c4<\/em><\/a><em> ja tutustu Merenkurkun alueen koulutustarjontaan osoitteessa <\/em><a href=\"http:\/\/www.kvarkenuniversity.com\/\"><em>kvarkenuniversity.com<\/em><\/a>.<\/p>\n<p>&nbsp;<\/p>\n<p><img decoding=\"async\" class=\"alignleft wp-image-16002\" src=\"https:\/\/www.kvarken.org\/wp-content\/uploads\/2023\/01\/cropped-AURORA-RGB-Color-1.png\" alt=\"\" width=\"600\" height=\"136\" \/><\/p>\n","protected":false},"excerpt":{"rendered":"<p>Esitutkimus on luonut pohjan syvemm\u00e4lle rajat ylitt\u00e4v\u00e4lle korkeakouluyhteisty\u00f6lle<\/p>\n","protected":false},"author":5,"featured_media":23240,"comment_status":"open","ping_status":"open","sticky":false,"template":"","format":"standard","meta":{"_acf_changed":false,"_et_pb_use_builder":"","_et_pb_old_content":"","_et_gb_content_width":"","footnotes":""},"categories":[13],"tags":[],"amnen":[100,32,113],"class_list":["post-23247","post","type-post","status-publish","format-standard","has-post-thumbnail","hentry","category-uncategorized-fi","amnen-eayy","amnen-kulttuuri","amnen-utbildning-fi"],"acf":[],"yoast_head":"<!-- This site is optimized with the Yoast SEO plugin v27.4 - https:\/\/yoast.com\/product\/yoast-seo-wordpress\/ -->\n<title>Unicollab rakentaa siltoja Merenkurkun alueen korkeakoulujen v\u00e4lille - Kvarkenr\u00e5det<\/title>\n<meta name=\"robots\" content=\"index, follow, max-snippet:-1, max-image-preview:large, max-video-preview:-1\" \/>\n<link rel=\"canonical\" href=\"https:\/\/www.kvarken.org\/fi\/unicollab\/\" \/>\n<meta property=\"og:locale\" content=\"fi_FI\" \/>\n<meta property=\"og:type\" content=\"article\" \/>\n<meta property=\"og:title\" content=\"Unicollab rakentaa siltoja Merenkurkun alueen korkeakoulujen v\u00e4lille - Kvarkenr\u00e5det\" \/>\n<meta property=\"og:description\" content=\"Esitutkimus on luonut pohjan syvemm\u00e4lle rajat ylitt\u00e4v\u00e4lle korkeakouluyhteisty\u00f6lle\" \/>\n<meta property=\"og:url\" content=\"https:\/\/www.kvarken.org\/fi\/unicollab\/\" \/>\n<meta property=\"og:site_name\" content=\"Kvarkenr\u00e5det\" \/>\n<meta property=\"article:published_time\" content=\"2025-06-06T13:45:27+00:00\" \/>\n<meta property=\"article:modified_time\" content=\"2025-06-12T10:35:35+00:00\" \/>\n<meta property=\"og:image\" content=\"https:\/\/www.kvarken.org\/wp-content\/uploads\/2025\/06\/WhatsApp-Image-2025-05-16-at-14.54.55.jpeg\" \/>\n\t<meta property=\"og:image:width\" content=\"2048\" \/>\n\t<meta property=\"og:image:height\" content=\"1098\" \/>\n\t<meta property=\"og:image:type\" content=\"image\/jpeg\" \/>\n<meta name=\"author\" content=\"johanna_kvarken\" \/>\n<meta name=\"twitter:card\" content=\"summary_large_image\" \/>\n<meta name=\"twitter:label1\" content=\"Kirjoittanut\" \/>\n\t<meta name=\"twitter:data1\" content=\"johanna_kvarken\" \/>\n\t<meta name=\"twitter:label2\" content=\"Arvioitu lukuaika\" \/>\n\t<meta name=\"twitter:data2\" content=\"3 minuuttia\" \/>\n<script type=\"application\/ld+json\" class=\"yoast-schema-graph\">{\"@context\":\"https:\\\/\\\/schema.org\",\"@graph\":[{\"@type\":\"Article\",\"@id\":\"https:\\\/\\\/www.kvarken.org\\\/fi\\\/unicollab\\\/#article\",\"isPartOf\":{\"@id\":\"https:\\\/\\\/www.kvarken.org\\\/fi\\\/unicollab\\\/\"},\"author\":{\"name\":\"johanna_kvarken\",\"@id\":\"https:\\\/\\\/www.kvarken.org\\\/fi\\\/#\\\/schema\\\/person\\\/a3c3f8bad7148ea67cff584ed1b3f1e2\"},\"headline\":\"Unicollab rakentaa siltoja Merenkurkun alueen korkeakoulujen v\u00e4lille\",\"datePublished\":\"2025-06-06T13:45:27+00:00\",\"dateModified\":\"2025-06-12T10:35:35+00:00\",\"mainEntityOfPage\":{\"@id\":\"https:\\\/\\\/www.kvarken.org\\\/fi\\\/unicollab\\\/\"},\"wordCount\":493,\"commentCount\":0,\"image\":{\"@id\":\"https:\\\/\\\/www.kvarken.org\\\/fi\\\/unicollab\\\/#primaryimage\"},\"thumbnailUrl\":\"https:\\\/\\\/www.kvarken.org\\\/wp-content\\\/uploads\\\/2025\\\/06\\\/WhatsApp-Image-2025-05-16-at-14.54.55.jpeg\",\"articleSection\":[\"Uncategorized @fi\"],\"inLanguage\":\"fi\",\"potentialAction\":[{\"@type\":\"CommentAction\",\"name\":\"Comment\",\"target\":[\"https:\\\/\\\/www.kvarken.org\\\/fi\\\/unicollab\\\/#respond\"]}]},{\"@type\":\"WebPage\",\"@id\":\"https:\\\/\\\/www.kvarken.org\\\/fi\\\/unicollab\\\/\",\"url\":\"https:\\\/\\\/www.kvarken.org\\\/fi\\\/unicollab\\\/\",\"name\":\"Unicollab rakentaa siltoja Merenkurkun alueen korkeakoulujen v\u00e4lille - Kvarkenr\u00e5det\",\"isPartOf\":{\"@id\":\"https:\\\/\\\/www.kvarken.org\\\/fi\\\/#website\"},\"primaryImageOfPage\":{\"@id\":\"https:\\\/\\\/www.kvarken.org\\\/fi\\\/unicollab\\\/#primaryimage\"},\"image\":{\"@id\":\"https:\\\/\\\/www.kvarken.org\\\/fi\\\/unicollab\\\/#primaryimage\"},\"thumbnailUrl\":\"https:\\\/\\\/www.kvarken.org\\\/wp-content\\\/uploads\\\/2025\\\/06\\\/WhatsApp-Image-2025-05-16-at-14.54.55.jpeg\",\"datePublished\":\"2025-06-06T13:45:27+00:00\",\"dateModified\":\"2025-06-12T10:35:35+00:00\",\"author\":{\"@id\":\"https:\\\/\\\/www.kvarken.org\\\/fi\\\/#\\\/schema\\\/person\\\/a3c3f8bad7148ea67cff584ed1b3f1e2\"},\"breadcrumb\":{\"@id\":\"https:\\\/\\\/www.kvarken.org\\\/fi\\\/unicollab\\\/#breadcrumb\"},\"inLanguage\":\"fi\",\"potentialAction\":[{\"@type\":\"ReadAction\",\"target\":[\"https:\\\/\\\/www.kvarken.org\\\/fi\\\/unicollab\\\/\"]}]},{\"@type\":\"ImageObject\",\"inLanguage\":\"fi\",\"@id\":\"https:\\\/\\\/www.kvarken.org\\\/fi\\\/unicollab\\\/#primaryimage\",\"url\":\"https:\\\/\\\/www.kvarken.org\\\/wp-content\\\/uploads\\\/2025\\\/06\\\/WhatsApp-Image-2025-05-16-at-14.54.55.jpeg\",\"contentUrl\":\"https:\\\/\\\/www.kvarken.org\\\/wp-content\\\/uploads\\\/2025\\\/06\\\/WhatsApp-Image-2025-05-16-at-14.54.55.jpeg\",\"width\":2048,\"height\":1098},{\"@type\":\"BreadcrumbList\",\"@id\":\"https:\\\/\\\/www.kvarken.org\\\/fi\\\/unicollab\\\/#breadcrumb\",\"itemListElement\":[{\"@type\":\"ListItem\",\"position\":1,\"name\":\"Hem\",\"item\":\"https:\\\/\\\/www.kvarken.org\\\/fi\\\/\"},{\"@type\":\"ListItem\",\"position\":2,\"name\":\"Unicollab rakentaa siltoja Merenkurkun alueen korkeakoulujen v\u00e4lille\"}]},{\"@type\":\"WebSite\",\"@id\":\"https:\\\/\\\/www.kvarken.org\\\/fi\\\/#website\",\"url\":\"https:\\\/\\\/www.kvarken.org\\\/fi\\\/\",\"name\":\"Kvarkenr\u00e5det\",\"description\":\"\",\"potentialAction\":[{\"@type\":\"SearchAction\",\"target\":{\"@type\":\"EntryPoint\",\"urlTemplate\":\"https:\\\/\\\/www.kvarken.org\\\/fi\\\/?s={search_term_string}\"},\"query-input\":{\"@type\":\"PropertyValueSpecification\",\"valueRequired\":true,\"valueName\":\"search_term_string\"}}],\"inLanguage\":\"fi\"},{\"@type\":\"Person\",\"@id\":\"https:\\\/\\\/www.kvarken.org\\\/fi\\\/#\\\/schema\\\/person\\\/a3c3f8bad7148ea67cff584ed1b3f1e2\",\"name\":\"johanna_kvarken\",\"image\":{\"@type\":\"ImageObject\",\"inLanguage\":\"fi\",\"@id\":\"https:\\\/\\\/secure.gravatar.com\\\/avatar\\\/47c65fbd7d5d363246bda56ee5b114e75c2d4727b75bd28a94072a1fe8d5f102?s=96&d=mm&r=g\",\"url\":\"https:\\\/\\\/secure.gravatar.com\\\/avatar\\\/47c65fbd7d5d363246bda56ee5b114e75c2d4727b75bd28a94072a1fe8d5f102?s=96&d=mm&r=g\",\"contentUrl\":\"https:\\\/\\\/secure.gravatar.com\\\/avatar\\\/47c65fbd7d5d363246bda56ee5b114e75c2d4727b75bd28a94072a1fe8d5f102?s=96&d=mm&r=g\",\"caption\":\"johanna_kvarken\"}}]}<\/script>\n<!-- \/ Yoast SEO plugin. -->","yoast_head_json":{"title":"Unicollab rakentaa siltoja Merenkurkun alueen korkeakoulujen v\u00e4lille - Kvarkenr\u00e5det","robots":{"index":"index","follow":"follow","max-snippet":"max-snippet:-1","max-image-preview":"max-image-preview:large","max-video-preview":"max-video-preview:-1"},"canonical":"https:\/\/www.kvarken.org\/fi\/unicollab\/","og_locale":"fi_FI","og_type":"article","og_title":"Unicollab rakentaa siltoja Merenkurkun alueen korkeakoulujen v\u00e4lille - Kvarkenr\u00e5det","og_description":"Esitutkimus on luonut pohjan syvemm\u00e4lle rajat ylitt\u00e4v\u00e4lle korkeakouluyhteisty\u00f6lle","og_url":"https:\/\/www.kvarken.org\/fi\/unicollab\/","og_site_name":"Kvarkenr\u00e5det","article_published_time":"2025-06-06T13:45:27+00:00","article_modified_time":"2025-06-12T10:35:35+00:00","og_image":[{"width":2048,"height":1098,"url":"https:\/\/www.kvarken.org\/wp-content\/uploads\/2025\/06\/WhatsApp-Image-2025-05-16-at-14.54.55.jpeg","type":"image\/jpeg"}],"author":"johanna_kvarken","twitter_card":"summary_large_image","twitter_misc":{"Kirjoittanut":"johanna_kvarken","Arvioitu lukuaika":"3 minuuttia"},"schema":{"@context":"https:\/\/schema.org","@graph":[{"@type":"Article","@id":"https:\/\/www.kvarken.org\/fi\/unicollab\/#article","isPartOf":{"@id":"https:\/\/www.kvarken.org\/fi\/unicollab\/"},"author":{"name":"johanna_kvarken","@id":"https:\/\/www.kvarken.org\/fi\/#\/schema\/person\/a3c3f8bad7148ea67cff584ed1b3f1e2"},"headline":"Unicollab rakentaa siltoja Merenkurkun alueen korkeakoulujen v\u00e4lille","datePublished":"2025-06-06T13:45:27+00:00","dateModified":"2025-06-12T10:35:35+00:00","mainEntityOfPage":{"@id":"https:\/\/www.kvarken.org\/fi\/unicollab\/"},"wordCount":493,"commentCount":0,"image":{"@id":"https:\/\/www.kvarken.org\/fi\/unicollab\/#primaryimage"},"thumbnailUrl":"https:\/\/www.kvarken.org\/wp-content\/uploads\/2025\/06\/WhatsApp-Image-2025-05-16-at-14.54.55.jpeg","articleSection":["Uncategorized @fi"],"inLanguage":"fi","potentialAction":[{"@type":"CommentAction","name":"Comment","target":["https:\/\/www.kvarken.org\/fi\/unicollab\/#respond"]}]},{"@type":"WebPage","@id":"https:\/\/www.kvarken.org\/fi\/unicollab\/","url":"https:\/\/www.kvarken.org\/fi\/unicollab\/","name":"Unicollab rakentaa siltoja Merenkurkun alueen korkeakoulujen v\u00e4lille - Kvarkenr\u00e5det","isPartOf":{"@id":"https:\/\/www.kvarken.org\/fi\/#website"},"primaryImageOfPage":{"@id":"https:\/\/www.kvarken.org\/fi\/unicollab\/#primaryimage"},"image":{"@id":"https:\/\/www.kvarken.org\/fi\/unicollab\/#primaryimage"},"thumbnailUrl":"https:\/\/www.kvarken.org\/wp-content\/uploads\/2025\/06\/WhatsApp-Image-2025-05-16-at-14.54.55.jpeg","datePublished":"2025-06-06T13:45:27+00:00","dateModified":"2025-06-12T10:35:35+00:00","author":{"@id":"https:\/\/www.kvarken.org\/fi\/#\/schema\/person\/a3c3f8bad7148ea67cff584ed1b3f1e2"},"breadcrumb":{"@id":"https:\/\/www.kvarken.org\/fi\/unicollab\/#breadcrumb"},"inLanguage":"fi","potentialAction":[{"@type":"ReadAction","target":["https:\/\/www.kvarken.org\/fi\/unicollab\/"]}]},{"@type":"ImageObject","inLanguage":"fi","@id":"https:\/\/www.kvarken.org\/fi\/unicollab\/#primaryimage","url":"https:\/\/www.kvarken.org\/wp-content\/uploads\/2025\/06\/WhatsApp-Image-2025-05-16-at-14.54.55.jpeg","contentUrl":"https:\/\/www.kvarken.org\/wp-content\/uploads\/2025\/06\/WhatsApp-Image-2025-05-16-at-14.54.55.jpeg","width":2048,"height":1098},{"@type":"BreadcrumbList","@id":"https:\/\/www.kvarken.org\/fi\/unicollab\/#breadcrumb","itemListElement":[{"@type":"ListItem","position":1,"name":"Hem","item":"https:\/\/www.kvarken.org\/fi\/"},{"@type":"ListItem","position":2,"name":"Unicollab rakentaa siltoja Merenkurkun alueen korkeakoulujen v\u00e4lille"}]},{"@type":"WebSite","@id":"https:\/\/www.kvarken.org\/fi\/#website","url":"https:\/\/www.kvarken.org\/fi\/","name":"Kvarkenr\u00e5det","description":"","potentialAction":[{"@type":"SearchAction","target":{"@type":"EntryPoint","urlTemplate":"https:\/\/www.kvarken.org\/fi\/?s={search_term_string}"},"query-input":{"@type":"PropertyValueSpecification","valueRequired":true,"valueName":"search_term_string"}}],"inLanguage":"fi"},{"@type":"Person","@id":"https:\/\/www.kvarken.org\/fi\/#\/schema\/person\/a3c3f8bad7148ea67cff584ed1b3f1e2","name":"johanna_kvarken","image":{"@type":"ImageObject","inLanguage":"fi","@id":"https:\/\/secure.gravatar.com\/avatar\/47c65fbd7d5d363246bda56ee5b114e75c2d4727b75bd28a94072a1fe8d5f102?s=96&d=mm&r=g","url":"https:\/\/secure.gravatar.com\/avatar\/47c65fbd7d5d363246bda56ee5b114e75c2d4727b75bd28a94072a1fe8d5f102?s=96&d=mm&r=g","contentUrl":"https:\/\/secure.gravatar.com\/avatar\/47c65fbd7d5d363246bda56ee5b114e75c2d4727b75bd28a94072a1fe8d5f102?s=96&d=mm&r=g","caption":"johanna_kvarken"}}]}},"_links":{"self":[{"href":"https:\/\/www.kvarken.org\/fi\/wp-json\/wp\/v2\/posts\/23247","targetHints":{"allow":["GET"]}}],"collection":[{"href":"https:\/\/www.kvarken.org\/fi\/wp-json\/wp\/v2\/posts"}],"about":[{"href":"https:\/\/www.kvarken.org\/fi\/wp-json\/wp\/v2\/types\/post"}],"author":[{"embeddable":true,"href":"https:\/\/www.kvarken.org\/fi\/wp-json\/wp\/v2\/users\/5"}],"replies":[{"embeddable":true,"href":"https:\/\/www.kvarken.org\/fi\/wp-json\/wp\/v2\/comments?post=23247"}],"version-history":[{"count":4,"href":"https:\/\/www.kvarken.org\/fi\/wp-json\/wp\/v2\/posts\/23247\/revisions"}],"predecessor-version":[{"id":23371,"href":"https:\/\/www.kvarken.org\/fi\/wp-json\/wp\/v2\/posts\/23247\/revisions\/23371"}],"wp:featuredmedia":[{"embeddable":true,"href":"https:\/\/www.kvarken.org\/fi\/wp-json\/wp\/v2\/media\/23240"}],"wp:attachment":[{"href":"https:\/\/www.kvarken.org\/fi\/wp-json\/wp\/v2\/media?parent=23247"}],"wp:term":[{"taxonomy":"category","embeddable":true,"href":"https:\/\/www.kvarken.org\/fi\/wp-json\/wp\/v2\/categories?post=23247"},{"taxonomy":"post_tag","embeddable":true,"href":"https:\/\/www.kvarken.org\/fi\/wp-json\/wp\/v2\/tags?post=23247"},{"taxonomy":"amnen","embeddable":true,"href":"https:\/\/www.kvarken.org\/fi\/wp-json\/wp\/v2\/amnen?post=23247"}],"curies":[{"name":"wp","href":"https:\/\/api.w.org\/{rel}","templated":true}]}}