{"id":23306,"date":"2025-06-06T17:01:37","date_gmt":"2025-06-06T14:01:37","guid":{"rendered":"https:\/\/www.kvarken.org\/ostersjons-nya-roll-efter-nato-utvidgningen\/"},"modified":"2025-06-12T13:22:10","modified_gmt":"2025-06-12T10:22:10","slug":"itameren-uusi-rooli-naton-laajentumisen-jalkeen","status":"publish","type":"post","link":"https:\/\/www.kvarken.org\/fi\/itameren-uusi-rooli-naton-laajentumisen-jalkeen\/","title":{"rendered":"It\u00e4meren uusi rooli Naton laajentumisen j\u00e4lkeen"},"content":{"rendered":"<h1>It\u00e4meren uusi rooli Naton laajentumisen j\u00e4lkeen<\/h1>\n<p><strong><em>Koko Pohjolan turvallisuuspoliittinen tilanne muuttui, kun Suomi ja Ruotsi liittyiv\u00e4t Natoon. <\/em><em>Alueen satamien kautta kulkee vuosittain 95\u00a0miljoonaa tonnia tavaraa, ja n\u00e4m\u00e4 kuljetukset voivat tulevaisuudessa kohdata uusia haasteita It\u00e4merell\u00e4 hybridioperaatioiden vuoksi. \u201dGeopoliittiset mannerlaatat liikkuvat\u201d, totesi puolustusanalyytikko Robin H\u00e4ggblom Merenkurkun neuvoston vuosikokouksen yhteydess\u00e4 j\u00e4rjestetyss\u00e4 seminaarissa.<\/em><\/strong><\/p>\n<p>Diplomi-insin\u00f6\u00f6ri ja riippumaton puolustusanalyytikko <strong>Robin H\u00e4ggblom<\/strong>, joka kirjoittaa <em>Corporal Frisk\u00a0&#8211;<\/em>sodank\u00e4yntiblogia, ty\u00f6skentelee Senior Advisorina tanskalaisessa Risk Intelligence\u00a0-yrityksess\u00e4. H\u00e4n kuvaili seminaarissa maailmaa, jossa vakiintuneet olosuhteet ovat muutoksessa.<\/p>\n<p>Donald Trumpin aikainen Yhdysvaltain politiikka on yksi keskeinen syy nykyiseen ep\u00e4varmuuteen, vaikka amerikkalaiset \u00e4\u00e4nest\u00e4j\u00e4t ovat jo 25\u00a0vuoden ajan johdonmukaisesti suosineet ehdokkaita, jotka ajavat Yhdysvalloille pienemp\u00e4\u00e4 globaalia roolia.<\/p>\n<p>&#8211; Trump on tavallaan pitk\u00e4\u00e4n jatkuneen kehityksen looginen, populistinen p\u00e4\u00e4tepiste, H\u00e4ggblom totesi.<\/p>\n<p>Samalla maailman taloudellinen painopiste siirtyy kohti Aasiaa, ja yhden alueen konfliktit heijastuvat globalisaation my\u00f6t\u00e4 laajalle. Monet konfliktit ovat vailla selkeit\u00e4 p\u00e4\u00e4m\u00e4\u00e4ri\u00e4, esimerkiksi Gazan alueelta aina Huthien ohjussotaan Punaisellamerell\u00e4.<\/p>\n<p>&#8211; On hyvin vaikeaa arvioida, mihin t\u00e4m\u00e4 lopulta johtaa, h\u00e4n sanoi.<\/p>\n<p>Toinen nykyiseen turvallisuuspolitiikkaan vaikuttava tekij\u00e4 on ydinaseet ja niin kutsuttu \u201d<em>stability-instability-paradoksi\u201d<\/em>; ydinaseet toisaalta v\u00e4hent\u00e4v\u00e4t suurvaltasodan riski\u00e4, mutta samalla ne luovat ep\u00e4vakautta, koska niiden tarjoama suoja mahdollistaa matalan tason konfliktit. Kiinnostus ydinaseisiin kasvaa eri puolilla maailmaa osittain siksi, ett\u00e4 luottamus Yhdysvaltojen ydinsateenvarjoon on \u201dsaanut pienen kolauksen\u201d.<\/p>\n<div class=\"mceTemp\"><\/div>\n<div id=\"attachment_23301\" style=\"width: 1034px\" class=\"wp-caption alignnone\"><img decoding=\"async\" aria-describedby=\"caption-attachment-23301\" class=\"wp-image-23301 size-large\" src=\"https:\/\/www.kvarken.org\/wp-content\/uploads\/2025\/06\/DSC00671-Enhanced-NR-1-1024x683.jpg\" alt=\"\" width=\"1024\" height=\"683\" srcset=\"https:\/\/www.kvarken.org\/wp-content\/uploads\/2025\/06\/DSC00671-Enhanced-NR-1-980x653.jpg 980w, https:\/\/www.kvarken.org\/wp-content\/uploads\/2025\/06\/DSC00671-Enhanced-NR-1-480x320.jpg 480w\" sizes=\"(min-width: 0px) and (max-width: 480px) 480px, (min-width: 481px) and (max-width: 980px) 980px, (min-width: 981px) 1024px, 100vw\" \/><p id=\"caption-attachment-23301\" class=\"wp-caption-text\">Diplomi-insin\u00f6\u00f6ri ja riippumaton puolustusanalyytikko Robin H\u00e4ggblom, joka kirjoittaa Corporal Frisk\u00a0-sodank\u00e4yntiblogia, ty\u00f6skentelee Senior Advisorina tanskalaisessa Risk Intelligence\u00a0-riskianalyysiyrityksess\u00e4. H\u00e4n esitteli Sundsvallissa analyysin Euroopan muuttuneesta turvallisuustilanteesta ja sen vaikutuksista Merenkurkun alueeseen.<\/p><\/div>\n<p>&nbsp;<\/p>\n<h2>Kansallisesta puolustuksesta liittoutuneisiin joukkoihin<\/h2>\n<p>Nato-j\u00e4senyys on H\u00e4ggblomin mukaan muuttanut koko Pohjolan turvallisuuspoliittista karttaa.<\/p>\n<p>&#8211; Ruotsin puolustusvoimien ensisijaisena teht\u00e4v\u00e4n\u00e4 ei ole en\u00e4\u00e4 yritt\u00e4\u00e4 pys\u00e4ytt\u00e4\u00e4 It\u00e4meren yli Gotlantiin tai Ruotsin rannikolle suuntautuvaa hy\u00f6kk\u00e4yslaivastoa, h\u00e4n selitti.<\/p>\n<p>&#8211; Sen sijaan nyt puolustetaan liittolaisten kanssa Baltiaa tai Pohjois-Suomea sek\u00e4 yll\u00e4pidet\u00e4\u00e4n It\u00e4meren hallintaa.<\/p>\n<p>It\u00e4meri muodostaa t\u00e4ss\u00e4 yhteydess\u00e4 keskeisen haasteen. H\u00e4ggblom korosti meren valtavaa merkityst\u00e4 \u2013 Suomen satamien kautta kulkee noin 95\u00a0miljoonaa tonnia tavaraa vuodessa, mik\u00e4 vastaa noin 85:t\u00e4 prosenttia maan tuonnista ja viennist\u00e4.<\/p>\n<p>&#8211; It\u00e4meren merkityst\u00e4 yhteiskunnillemme on vaikea liioitella, h\u00e4n totesi.<\/p>\n<p>Samaan aikaan t\u00e4m\u00e4 toimii my\u00f6s toiseen suuntaan: 55\u00a0prosenttia Ven\u00e4j\u00e4n kaasu-\u00a0ja \u00f6ljyviennist\u00e4 kulkee It\u00e4meren kautta, mik\u00e4 vastaa 15\u201330:t\u00e4\u00a0prosenttia koko Ven\u00e4j\u00e4n federaation valtionbudjetin arvosta.<\/p>\n<h2>It\u00e4meren hybridioperaatiot<\/h2>\n<p>H\u00e4ggblomin mukaan Ven\u00e4j\u00e4 on alkanut k\u00e4ytt\u00e4\u00e4 hybridioperaatioita vaikuttaakseen l\u00e4nsimaiden kaupank\u00e4yntiin. T\u00e4m\u00e4 sis\u00e4lt\u00e4\u00e4 harjoitusalueita, jotka h\u00e4iritsev\u00e4t kauppamerenkulkua, sek\u00e4 alusten pys\u00e4ytyksi\u00e4 ja tarkastuksia. Esimerkkin\u00e4 h\u00e4n mainitsi viimeaikaiset toimet er\u00e4st\u00e4 virolaista tankkialusta vastaan Suomenlahdella.<\/p>\n<p>Seuraava askel t\u00e4ss\u00e4 kehityksess\u00e4 voisi olla merimiinojen k\u00e4ytt\u00f6 \u2013 niiden alkuper\u00e4\u00e4 on vaikea j\u00e4ljitt\u00e4\u00e4, mutta jo pienet m\u00e4\u00e4r\u00e4t voivat vaikuttaa merenkulkuun merkitt\u00e4v\u00e4sti.<\/p>\n<p>Jos kriisi puhkeaisi, logistiikkavirtoja ei olisi mahdollista ohjata nopeasti pois It\u00e4merelt\u00e4.<\/p>\n<p>&#8211; 95\u00a0miljoonaa tonnia vain Suomen satamien kautta. Miss\u00e4\u00e4n ei ole olemassa sellaisia m\u00e4\u00e4ri\u00e4 tyhji\u00e4 rekkoja, rekkakuskeja tai junavaunuja odottamassa, H\u00e4ggblom selitti.<\/p>\n<p>Kauppamerenkulku on yksinkertaisesti liian tehokasta, jotta reservikapasiteettia voitaisiin pit\u00e4\u00e4 jatkuvasti valmiudessa. Ruotsin osalta vaikutukset eiv\u00e4t koskisi ainoastaan G\u00f6teborgin suurta satamaa, vaan my\u00f6s esimerkiksi Sundsvallin satama vaatii kuljetuksia It\u00e4meren yli, jos tavaraa vied\u00e4\u00e4n Kalixia etel\u00e4mm\u00e4s.<\/p>\n<p>H\u00e4ggblom totesi, ett\u00e4 merenkulku reagoi kriisitilanteissa eri tavoin. Ukrainassa osa aluksista jatkaa liikenn\u00f6inti\u00e4 sodasta huolimatta, kun taas Punaisellamerell\u00e4 varustamot kiert\u00e4v\u00e4t Huthien ohjusiskujen takia pidempi\u00e4 reittej\u00e4.<\/p>\n<p>&#8211; Konttivarustamoilla on t\u00e4ll\u00e4 hetkell\u00e4 hyv\u00e4t mahdollisuudet ottaa k\u00e4ytt\u00f6\u00f6n hieman pidempi\u00e4 reittej\u00e4, h\u00e4n totesi, mutta korosti, ett\u00e4 tietyt logistiset virrat tulevat joka tapauksessa muuttumaan kriisitilanteessa.<\/p>\n<p>Yht\u00e4\u00e4lt\u00e4 alukset valitsevat toisia reittej\u00e4, jos ne kokevat riskin suureksi. Toisaalta kysynt\u00e4 v\u00e4henee, kun kuljetuskustannukset nousevat. Viranomaisten ensimm\u00e4isen\u00e4 teht\u00e4v\u00e4n\u00e4 onkin pyrki\u00e4 varmistamaan, ett\u00e4 logistiikkavirrat jatkuvat mahdollisimman normaalisti my\u00f6s kriisin aikana. T\u00e4m\u00e4 selitt\u00e4\u00e4, miksi sek\u00e4 Suomen ett\u00e4 Ruotsin merivoimat suunnittelevat suurempia aluskokoja, jotta ne voisivat paremmin saattaa kauppa-aluksia.<\/p>\n<p>H\u00e4ggblomin esitys osoitti, ett\u00e4 Merenkurkun alue ja Pohjola kokonaisuudessaan kohtaavat uudenlaisia turvallisuuspoliittisia l\u00e4ht\u00f6kohtia Naton laajentumisen my\u00f6t\u00e4. Etenkin Suomen talous on vahvasti riippuvainen It\u00e4meren yli kulkevista logistisista ketjuista, mik\u00e4 tuo mukanaan haasteita muuttuvassa turvallisuuspoliittisessa ymp\u00e4rist\u00f6ss\u00e4.<\/p>\n<p>Seuraa Robinin analyysej\u00e4 <a href=\"https:\/\/corporalfrisk.com\/\">t\u00e4\u00e4ll\u00e4<\/a>.<\/p>\n<p><img decoding=\"async\" class=\"alignnone size-medium wp-image-23263\" src=\"https:\/\/www.kvarken.org\/wp-content\/uploads\/2025\/06\/DSC00615-Enhanced-NR-300x200.jpg\" alt=\"\" width=\"300\" height=\"200\" \/> <img decoding=\"async\" class=\"alignnone size-medium wp-image-23266\" src=\"https:\/\/www.kvarken.org\/wp-content\/uploads\/2025\/06\/DSC00689-Enhanced-NR-300x200.jpg\" alt=\"\" width=\"300\" height=\"200\" \/> <img decoding=\"async\" class=\"alignnone size-medium wp-image-23269\" src=\"https:\/\/www.kvarken.org\/wp-content\/uploads\/2025\/06\/DSC00696-Enhanced-NR-300x200.jpg\" alt=\"\" width=\"300\" height=\"200\" \/> <img decoding=\"async\" class=\"alignnone size-medium wp-image-23272\" src=\"https:\/\/www.kvarken.org\/wp-content\/uploads\/2025\/06\/DSC00702-Enhanced-NR-300x200.jpg\" alt=\"\" width=\"300\" height=\"200\" \/> <img decoding=\"async\" class=\"alignnone size-medium wp-image-23275\" src=\"https:\/\/www.kvarken.org\/wp-content\/uploads\/2025\/06\/DSC00838-Enhanced-NR-300x200.jpg\" alt=\"\" width=\"300\" height=\"200\" \/> <img decoding=\"async\" class=\"alignnone size-medium wp-image-23278\" src=\"https:\/\/www.kvarken.org\/wp-content\/uploads\/2025\/06\/DSC00843-Enhanced-NR-300x200.jpg\" alt=\"\" width=\"300\" height=\"200\" \/> <img decoding=\"async\" class=\"alignnone size-medium wp-image-23281\" src=\"https:\/\/www.kvarken.org\/wp-content\/uploads\/2025\/06\/DSC00873-Enhanced-NR-300x200.jpg\" alt=\"\" width=\"300\" height=\"200\" \/> <img decoding=\"async\" class=\"alignnone size-medium wp-image-23284\" src=\"https:\/\/www.kvarken.org\/wp-content\/uploads\/2025\/06\/DSC00890-Enhanced-NR-300x200.jpg\" alt=\"\" width=\"300\" height=\"200\" \/> <img decoding=\"async\" class=\"alignnone size-medium wp-image-23287\" src=\"https:\/\/www.kvarken.org\/wp-content\/uploads\/2025\/06\/DSC00912-Enhanced-NR-3-300x200.jpg\" alt=\"\" width=\"300\" height=\"200\" \/> <img decoding=\"async\" class=\"alignnone size-medium wp-image-23290\" src=\"https:\/\/www.kvarken.org\/wp-content\/uploads\/2025\/06\/DSC00920-Enhanced-NR-300x200.jpg\" alt=\"\" width=\"300\" height=\"200\" \/> <img decoding=\"async\" class=\"alignnone size-medium wp-image-23293\" src=\"https:\/\/www.kvarken.org\/wp-content\/uploads\/2025\/06\/DSC00808-Enhanced-NR-300x200.jpg\" alt=\"\" width=\"300\" height=\"200\" \/> <img decoding=\"async\" class=\"alignnone size-medium wp-image-23296\" src=\"https:\/\/www.kvarken.org\/wp-content\/uploads\/2025\/06\/DSC00823-Enhanced-NR-300x200.jpg\" alt=\"\" width=\"300\" height=\"200\" \/><br \/>\n<em>Merenkurkun neuvoston vuosikokous ja seminaari\u00a02025 tarjosivat analyysej\u00e4, verkostoitumista ja konkreettisia tulevaisuudenkysymyksi\u00e4.<\/em><\/p>\n<p>&nbsp;<\/p>\n<p><img decoding=\"async\" class=\"alignleft wp-image-16002\" src=\"https:\/\/www.kvarken.org\/wp-content\/uploads\/2023\/01\/cropped-AURORA-RGB-Color-1.png\" alt=\"\" width=\"600\" height=\"136\" \/><\/p>\n","protected":false},"excerpt":{"rendered":"<p>Diplomi-insin\u00f6\u00f6ri ja riippumaton puolustusanalyytikko Robin H\u00e4ggblom, joka kirjoittaa Corporal Frisk -sodank\u00e4yntiblogia, ty\u00f6skentelee Senior Advisorina tanskalaisessa Risk Intelligence -riskianalyysiyrityksess\u00e4. H\u00e4n esitteli Sundsvallissa analyysin Euroopan muuttuneesta turvallisuustilanteesta ja sen vaikutuksista Merenkurkun alueeseen.<\/p>\n","protected":false},"author":5,"featured_media":23262,"comment_status":"open","ping_status":"open","sticky":false,"template":"","format":"standard","meta":{"_acf_changed":false,"_et_pb_use_builder":"","_et_pb_old_content":"","_et_gb_content_width":"","footnotes":""},"categories":[13],"tags":[],"amnen":[100,56,119,86],"class_list":["post-23306","post","type-post","status-publish","format-standard","has-post-thumbnail","hentry","category-uncategorized-fi","amnen-eayy","amnen-infrastruktuuri","amnen-verkostot","amnen-yhteistyomuodot-fi"],"acf":[],"yoast_head":"<!-- This site is optimized with the Yoast SEO plugin v27.4 - https:\/\/yoast.com\/product\/yoast-seo-wordpress\/ -->\n<title>It\u00e4meren uusi rooli Naton laajentumisen j\u00e4lkeen - Kvarkenr\u00e5det<\/title>\n<meta name=\"robots\" content=\"index, follow, max-snippet:-1, max-image-preview:large, max-video-preview:-1\" \/>\n<link rel=\"canonical\" href=\"https:\/\/www.kvarken.org\/fi\/itameren-uusi-rooli-naton-laajentumisen-jalkeen\/\" \/>\n<meta property=\"og:locale\" content=\"fi_FI\" \/>\n<meta property=\"og:type\" content=\"article\" \/>\n<meta property=\"og:title\" content=\"It\u00e4meren uusi rooli Naton laajentumisen j\u00e4lkeen - Kvarkenr\u00e5det\" \/>\n<meta property=\"og:description\" content=\"Diplomi-insin\u00f6\u00f6ri ja riippumaton puolustusanalyytikko Robin H\u00e4ggblom, joka kirjoittaa Corporal Frisk -sodank\u00e4yntiblogia, ty\u00f6skentelee Senior Advisorina tanskalaisessa Risk Intelligence -riskianalyysiyrityksess\u00e4. H\u00e4n esitteli Sundsvallissa analyysin Euroopan muuttuneesta turvallisuustilanteesta ja sen vaikutuksista Merenkurkun alueeseen.\" \/>\n<meta property=\"og:url\" content=\"https:\/\/www.kvarken.org\/fi\/itameren-uusi-rooli-naton-laajentumisen-jalkeen\/\" \/>\n<meta property=\"og:site_name\" content=\"Kvarkenr\u00e5det\" \/>\n<meta property=\"article:published_time\" content=\"2025-06-06T14:01:37+00:00\" \/>\n<meta property=\"article:modified_time\" content=\"2025-06-12T10:22:10+00:00\" \/>\n<meta property=\"og:image\" content=\"https:\/\/www.kvarken.org\/wp-content\/uploads\/2025\/06\/DSC00659-Enhanced-NR.jpg\" \/>\n\t<meta property=\"og:image:width\" content=\"2048\" \/>\n\t<meta property=\"og:image:height\" content=\"1365\" \/>\n\t<meta property=\"og:image:type\" content=\"image\/jpeg\" \/>\n<meta name=\"author\" content=\"johanna_kvarken\" \/>\n<meta name=\"twitter:card\" content=\"summary_large_image\" \/>\n<meta name=\"twitter:label1\" content=\"Kirjoittanut\" \/>\n\t<meta name=\"twitter:data1\" content=\"johanna_kvarken\" \/>\n\t<meta name=\"twitter:label2\" content=\"Arvioitu lukuaika\" \/>\n\t<meta name=\"twitter:data2\" content=\"7 minuuttia\" \/>\n<script type=\"application\/ld+json\" class=\"yoast-schema-graph\">{\"@context\":\"https:\\\/\\\/schema.org\",\"@graph\":[{\"@type\":\"Article\",\"@id\":\"https:\\\/\\\/www.kvarken.org\\\/fi\\\/itameren-uusi-rooli-naton-laajentumisen-jalkeen\\\/#article\",\"isPartOf\":{\"@id\":\"https:\\\/\\\/www.kvarken.org\\\/fi\\\/itameren-uusi-rooli-naton-laajentumisen-jalkeen\\\/\"},\"author\":{\"name\":\"johanna_kvarken\",\"@id\":\"https:\\\/\\\/www.kvarken.org\\\/fi\\\/#\\\/schema\\\/person\\\/a3c3f8bad7148ea67cff584ed1b3f1e2\"},\"headline\":\"It\u00e4meren uusi rooli Naton laajentumisen j\u00e4lkeen\",\"datePublished\":\"2025-06-06T14:01:37+00:00\",\"dateModified\":\"2025-06-12T10:22:10+00:00\",\"mainEntityOfPage\":{\"@id\":\"https:\\\/\\\/www.kvarken.org\\\/fi\\\/itameren-uusi-rooli-naton-laajentumisen-jalkeen\\\/\"},\"wordCount\":732,\"commentCount\":0,\"image\":{\"@id\":\"https:\\\/\\\/www.kvarken.org\\\/fi\\\/itameren-uusi-rooli-naton-laajentumisen-jalkeen\\\/#primaryimage\"},\"thumbnailUrl\":\"https:\\\/\\\/www.kvarken.org\\\/wp-content\\\/uploads\\\/2025\\\/06\\\/DSC00659-Enhanced-NR.jpg\",\"articleSection\":[\"Uncategorized @fi\"],\"inLanguage\":\"fi\",\"potentialAction\":[{\"@type\":\"CommentAction\",\"name\":\"Comment\",\"target\":[\"https:\\\/\\\/www.kvarken.org\\\/fi\\\/itameren-uusi-rooli-naton-laajentumisen-jalkeen\\\/#respond\"]}]},{\"@type\":\"WebPage\",\"@id\":\"https:\\\/\\\/www.kvarken.org\\\/fi\\\/itameren-uusi-rooli-naton-laajentumisen-jalkeen\\\/\",\"url\":\"https:\\\/\\\/www.kvarken.org\\\/fi\\\/itameren-uusi-rooli-naton-laajentumisen-jalkeen\\\/\",\"name\":\"It\u00e4meren uusi rooli Naton laajentumisen j\u00e4lkeen - Kvarkenr\u00e5det\",\"isPartOf\":{\"@id\":\"https:\\\/\\\/www.kvarken.org\\\/fi\\\/#website\"},\"primaryImageOfPage\":{\"@id\":\"https:\\\/\\\/www.kvarken.org\\\/fi\\\/itameren-uusi-rooli-naton-laajentumisen-jalkeen\\\/#primaryimage\"},\"image\":{\"@id\":\"https:\\\/\\\/www.kvarken.org\\\/fi\\\/itameren-uusi-rooli-naton-laajentumisen-jalkeen\\\/#primaryimage\"},\"thumbnailUrl\":\"https:\\\/\\\/www.kvarken.org\\\/wp-content\\\/uploads\\\/2025\\\/06\\\/DSC00659-Enhanced-NR.jpg\",\"datePublished\":\"2025-06-06T14:01:37+00:00\",\"dateModified\":\"2025-06-12T10:22:10+00:00\",\"author\":{\"@id\":\"https:\\\/\\\/www.kvarken.org\\\/fi\\\/#\\\/schema\\\/person\\\/a3c3f8bad7148ea67cff584ed1b3f1e2\"},\"breadcrumb\":{\"@id\":\"https:\\\/\\\/www.kvarken.org\\\/fi\\\/itameren-uusi-rooli-naton-laajentumisen-jalkeen\\\/#breadcrumb\"},\"inLanguage\":\"fi\",\"potentialAction\":[{\"@type\":\"ReadAction\",\"target\":[\"https:\\\/\\\/www.kvarken.org\\\/fi\\\/itameren-uusi-rooli-naton-laajentumisen-jalkeen\\\/\"]}]},{\"@type\":\"ImageObject\",\"inLanguage\":\"fi\",\"@id\":\"https:\\\/\\\/www.kvarken.org\\\/fi\\\/itameren-uusi-rooli-naton-laajentumisen-jalkeen\\\/#primaryimage\",\"url\":\"https:\\\/\\\/www.kvarken.org\\\/wp-content\\\/uploads\\\/2025\\\/06\\\/DSC00659-Enhanced-NR.jpg\",\"contentUrl\":\"https:\\\/\\\/www.kvarken.org\\\/wp-content\\\/uploads\\\/2025\\\/06\\\/DSC00659-Enhanced-NR.jpg\",\"width\":2048,\"height\":1365},{\"@type\":\"BreadcrumbList\",\"@id\":\"https:\\\/\\\/www.kvarken.org\\\/fi\\\/itameren-uusi-rooli-naton-laajentumisen-jalkeen\\\/#breadcrumb\",\"itemListElement\":[{\"@type\":\"ListItem\",\"position\":1,\"name\":\"Hem\",\"item\":\"https:\\\/\\\/www.kvarken.org\\\/fi\\\/\"},{\"@type\":\"ListItem\",\"position\":2,\"name\":\"It\u00e4meren uusi rooli Naton laajentumisen j\u00e4lkeen\"}]},{\"@type\":\"WebSite\",\"@id\":\"https:\\\/\\\/www.kvarken.org\\\/fi\\\/#website\",\"url\":\"https:\\\/\\\/www.kvarken.org\\\/fi\\\/\",\"name\":\"Kvarkenr\u00e5det\",\"description\":\"\",\"potentialAction\":[{\"@type\":\"SearchAction\",\"target\":{\"@type\":\"EntryPoint\",\"urlTemplate\":\"https:\\\/\\\/www.kvarken.org\\\/fi\\\/?s={search_term_string}\"},\"query-input\":{\"@type\":\"PropertyValueSpecification\",\"valueRequired\":true,\"valueName\":\"search_term_string\"}}],\"inLanguage\":\"fi\"},{\"@type\":\"Person\",\"@id\":\"https:\\\/\\\/www.kvarken.org\\\/fi\\\/#\\\/schema\\\/person\\\/a3c3f8bad7148ea67cff584ed1b3f1e2\",\"name\":\"johanna_kvarken\",\"image\":{\"@type\":\"ImageObject\",\"inLanguage\":\"fi\",\"@id\":\"https:\\\/\\\/secure.gravatar.com\\\/avatar\\\/47c65fbd7d5d363246bda56ee5b114e75c2d4727b75bd28a94072a1fe8d5f102?s=96&d=mm&r=g\",\"url\":\"https:\\\/\\\/secure.gravatar.com\\\/avatar\\\/47c65fbd7d5d363246bda56ee5b114e75c2d4727b75bd28a94072a1fe8d5f102?s=96&d=mm&r=g\",\"contentUrl\":\"https:\\\/\\\/secure.gravatar.com\\\/avatar\\\/47c65fbd7d5d363246bda56ee5b114e75c2d4727b75bd28a94072a1fe8d5f102?s=96&d=mm&r=g\",\"caption\":\"johanna_kvarken\"}}]}<\/script>\n<!-- \/ Yoast SEO plugin. -->","yoast_head_json":{"title":"It\u00e4meren uusi rooli Naton laajentumisen j\u00e4lkeen - Kvarkenr\u00e5det","robots":{"index":"index","follow":"follow","max-snippet":"max-snippet:-1","max-image-preview":"max-image-preview:large","max-video-preview":"max-video-preview:-1"},"canonical":"https:\/\/www.kvarken.org\/fi\/itameren-uusi-rooli-naton-laajentumisen-jalkeen\/","og_locale":"fi_FI","og_type":"article","og_title":"It\u00e4meren uusi rooli Naton laajentumisen j\u00e4lkeen - Kvarkenr\u00e5det","og_description":"Diplomi-insin\u00f6\u00f6ri ja riippumaton puolustusanalyytikko Robin H\u00e4ggblom, joka kirjoittaa Corporal Frisk -sodank\u00e4yntiblogia, ty\u00f6skentelee Senior Advisorina tanskalaisessa Risk Intelligence -riskianalyysiyrityksess\u00e4. H\u00e4n esitteli Sundsvallissa analyysin Euroopan muuttuneesta turvallisuustilanteesta ja sen vaikutuksista Merenkurkun alueeseen.","og_url":"https:\/\/www.kvarken.org\/fi\/itameren-uusi-rooli-naton-laajentumisen-jalkeen\/","og_site_name":"Kvarkenr\u00e5det","article_published_time":"2025-06-06T14:01:37+00:00","article_modified_time":"2025-06-12T10:22:10+00:00","og_image":[{"width":2048,"height":1365,"url":"https:\/\/www.kvarken.org\/wp-content\/uploads\/2025\/06\/DSC00659-Enhanced-NR.jpg","type":"image\/jpeg"}],"author":"johanna_kvarken","twitter_card":"summary_large_image","twitter_misc":{"Kirjoittanut":"johanna_kvarken","Arvioitu lukuaika":"7 minuuttia"},"schema":{"@context":"https:\/\/schema.org","@graph":[{"@type":"Article","@id":"https:\/\/www.kvarken.org\/fi\/itameren-uusi-rooli-naton-laajentumisen-jalkeen\/#article","isPartOf":{"@id":"https:\/\/www.kvarken.org\/fi\/itameren-uusi-rooli-naton-laajentumisen-jalkeen\/"},"author":{"name":"johanna_kvarken","@id":"https:\/\/www.kvarken.org\/fi\/#\/schema\/person\/a3c3f8bad7148ea67cff584ed1b3f1e2"},"headline":"It\u00e4meren uusi rooli Naton laajentumisen j\u00e4lkeen","datePublished":"2025-06-06T14:01:37+00:00","dateModified":"2025-06-12T10:22:10+00:00","mainEntityOfPage":{"@id":"https:\/\/www.kvarken.org\/fi\/itameren-uusi-rooli-naton-laajentumisen-jalkeen\/"},"wordCount":732,"commentCount":0,"image":{"@id":"https:\/\/www.kvarken.org\/fi\/itameren-uusi-rooli-naton-laajentumisen-jalkeen\/#primaryimage"},"thumbnailUrl":"https:\/\/www.kvarken.org\/wp-content\/uploads\/2025\/06\/DSC00659-Enhanced-NR.jpg","articleSection":["Uncategorized @fi"],"inLanguage":"fi","potentialAction":[{"@type":"CommentAction","name":"Comment","target":["https:\/\/www.kvarken.org\/fi\/itameren-uusi-rooli-naton-laajentumisen-jalkeen\/#respond"]}]},{"@type":"WebPage","@id":"https:\/\/www.kvarken.org\/fi\/itameren-uusi-rooli-naton-laajentumisen-jalkeen\/","url":"https:\/\/www.kvarken.org\/fi\/itameren-uusi-rooli-naton-laajentumisen-jalkeen\/","name":"It\u00e4meren uusi rooli Naton laajentumisen j\u00e4lkeen - Kvarkenr\u00e5det","isPartOf":{"@id":"https:\/\/www.kvarken.org\/fi\/#website"},"primaryImageOfPage":{"@id":"https:\/\/www.kvarken.org\/fi\/itameren-uusi-rooli-naton-laajentumisen-jalkeen\/#primaryimage"},"image":{"@id":"https:\/\/www.kvarken.org\/fi\/itameren-uusi-rooli-naton-laajentumisen-jalkeen\/#primaryimage"},"thumbnailUrl":"https:\/\/www.kvarken.org\/wp-content\/uploads\/2025\/06\/DSC00659-Enhanced-NR.jpg","datePublished":"2025-06-06T14:01:37+00:00","dateModified":"2025-06-12T10:22:10+00:00","author":{"@id":"https:\/\/www.kvarken.org\/fi\/#\/schema\/person\/a3c3f8bad7148ea67cff584ed1b3f1e2"},"breadcrumb":{"@id":"https:\/\/www.kvarken.org\/fi\/itameren-uusi-rooli-naton-laajentumisen-jalkeen\/#breadcrumb"},"inLanguage":"fi","potentialAction":[{"@type":"ReadAction","target":["https:\/\/www.kvarken.org\/fi\/itameren-uusi-rooli-naton-laajentumisen-jalkeen\/"]}]},{"@type":"ImageObject","inLanguage":"fi","@id":"https:\/\/www.kvarken.org\/fi\/itameren-uusi-rooli-naton-laajentumisen-jalkeen\/#primaryimage","url":"https:\/\/www.kvarken.org\/wp-content\/uploads\/2025\/06\/DSC00659-Enhanced-NR.jpg","contentUrl":"https:\/\/www.kvarken.org\/wp-content\/uploads\/2025\/06\/DSC00659-Enhanced-NR.jpg","width":2048,"height":1365},{"@type":"BreadcrumbList","@id":"https:\/\/www.kvarken.org\/fi\/itameren-uusi-rooli-naton-laajentumisen-jalkeen\/#breadcrumb","itemListElement":[{"@type":"ListItem","position":1,"name":"Hem","item":"https:\/\/www.kvarken.org\/fi\/"},{"@type":"ListItem","position":2,"name":"It\u00e4meren uusi rooli Naton laajentumisen j\u00e4lkeen"}]},{"@type":"WebSite","@id":"https:\/\/www.kvarken.org\/fi\/#website","url":"https:\/\/www.kvarken.org\/fi\/","name":"Kvarkenr\u00e5det","description":"","potentialAction":[{"@type":"SearchAction","target":{"@type":"EntryPoint","urlTemplate":"https:\/\/www.kvarken.org\/fi\/?s={search_term_string}"},"query-input":{"@type":"PropertyValueSpecification","valueRequired":true,"valueName":"search_term_string"}}],"inLanguage":"fi"},{"@type":"Person","@id":"https:\/\/www.kvarken.org\/fi\/#\/schema\/person\/a3c3f8bad7148ea67cff584ed1b3f1e2","name":"johanna_kvarken","image":{"@type":"ImageObject","inLanguage":"fi","@id":"https:\/\/secure.gravatar.com\/avatar\/47c65fbd7d5d363246bda56ee5b114e75c2d4727b75bd28a94072a1fe8d5f102?s=96&d=mm&r=g","url":"https:\/\/secure.gravatar.com\/avatar\/47c65fbd7d5d363246bda56ee5b114e75c2d4727b75bd28a94072a1fe8d5f102?s=96&d=mm&r=g","contentUrl":"https:\/\/secure.gravatar.com\/avatar\/47c65fbd7d5d363246bda56ee5b114e75c2d4727b75bd28a94072a1fe8d5f102?s=96&d=mm&r=g","caption":"johanna_kvarken"}}]}},"_links":{"self":[{"href":"https:\/\/www.kvarken.org\/fi\/wp-json\/wp\/v2\/posts\/23306","targetHints":{"allow":["GET"]}}],"collection":[{"href":"https:\/\/www.kvarken.org\/fi\/wp-json\/wp\/v2\/posts"}],"about":[{"href":"https:\/\/www.kvarken.org\/fi\/wp-json\/wp\/v2\/types\/post"}],"author":[{"embeddable":true,"href":"https:\/\/www.kvarken.org\/fi\/wp-json\/wp\/v2\/users\/5"}],"replies":[{"embeddable":true,"href":"https:\/\/www.kvarken.org\/fi\/wp-json\/wp\/v2\/comments?post=23306"}],"version-history":[{"count":6,"href":"https:\/\/www.kvarken.org\/fi\/wp-json\/wp\/v2\/posts\/23306\/revisions"}],"predecessor-version":[{"id":23363,"href":"https:\/\/www.kvarken.org\/fi\/wp-json\/wp\/v2\/posts\/23306\/revisions\/23363"}],"wp:featuredmedia":[{"embeddable":true,"href":"https:\/\/www.kvarken.org\/fi\/wp-json\/wp\/v2\/media\/23262"}],"wp:attachment":[{"href":"https:\/\/www.kvarken.org\/fi\/wp-json\/wp\/v2\/media?parent=23306"}],"wp:term":[{"taxonomy":"category","embeddable":true,"href":"https:\/\/www.kvarken.org\/fi\/wp-json\/wp\/v2\/categories?post=23306"},{"taxonomy":"post_tag","embeddable":true,"href":"https:\/\/www.kvarken.org\/fi\/wp-json\/wp\/v2\/tags?post=23306"},{"taxonomy":"amnen","embeddable":true,"href":"https:\/\/www.kvarken.org\/fi\/wp-json\/wp\/v2\/amnen?post=23306"}],"curies":[{"name":"wp","href":"https:\/\/api.w.org\/{rel}","templated":true}]}}