{"id":23985,"date":"2025-10-29T15:49:46","date_gmt":"2025-10-29T12:49:46","guid":{"rendered":"https:\/\/www.kvarken.org\/?p=23985"},"modified":"2025-10-30T18:47:44","modified_gmt":"2025-10-30T15:47:44","slug":"the-beyond-border-conference-showcased-the-internationally-recognized-value-of-cross-border-energy-collaboration","status":"publish","type":"post","link":"https:\/\/www.kvarken.org\/fi\/the-beyond-border-conference-showcased-the-internationally-recognized-value-of-cross-border-energy-collaboration\/","title":{"rendered":"Beyond Borders -konferenssi esitteli kansainv\u00e4lisesti arvostettua rajat ylitt\u00e4v\u00e4\u00e4 energiayhteisty\u00f6t\u00e4"},"content":{"rendered":"<p style=\"font-weight: 400;\">Interreg Auroran rahoittama Bothnia Green Energy\u00a0-hanke on yhdist\u00e4nyt Suomen ja Ruotsin kaupunkeja, alueita ja energiayhti\u00f6it\u00e4 viimeisten kolmen vuoden aikana. Hanke on osoittanut, kuinka rajat ylitt\u00e4v\u00e4 yhteisty\u00f6 voi tuottaa k\u00e4yt\u00e4nn\u00f6nl\u00e4heisi\u00e4 ja kest\u00e4vi\u00e4 tuloksia energiasiirtym\u00e4n edist\u00e4misess\u00e4. Toimien mallina Euroopan muille alueille, hanke on edist\u00e4nyt yhteisty\u00f6t\u00e4, tiedonvaihtoa ja k\u00e4yt\u00e4nn\u00f6n energiaratkaisuja Merenkurkun molemmin puolin. Hankkeen saavutukset esiteltiin <em>Beyond Borders<\/em>\u00a0-p\u00e4\u00e4t\u00f6skonferenssissa Ruotsin \u00d6rnsk\u00f6ldsvikiss\u00e4 23.\u00a0lokakuuta.<\/p>\n<p style=\"font-weight: 400;\">Konferenssin osallistujat \u2013 energia-alan ammattilaiset, alueelliset toimijat ja yhteisty\u00f6kumppanit \u2013 saivat kuulla, miten Merenkurkun alueen ponnistelut ovat saaneet kansainv\u00e4list\u00e4 tunnustusta. Projektip\u00e4\u00e4llikk\u00f6 <strong>Sofia T\u00f6rm\u00e4 <\/strong>kertoi esimerkkin\u00e4, kuinka hankkeen yhteisty\u00f6h\u00f6n perustuva toimintatapa ja k\u00e4yt\u00e4nn\u00f6n ratkaisut yhteisiin eurooppalaisiin energiahaasteisiin hiljattain tekiv\u00e4t vaikutuksen pohjoismaisiin suurl\u00e4hettil\u00e4isiin, Romanian energiaministeriin sek\u00e4 suurten energiayhti\u00f6iden johtajiin Romanian Bukarestissa j\u00e4rjestetyss\u00e4 konferenssissa.<\/p>\n<div id=\"attachment_23958\" style=\"width: 1034px\" class=\"wp-caption alignnone\"><img decoding=\"async\" aria-describedby=\"caption-attachment-23958\" class=\"wp-image-23958 size-large\" src=\"https:\/\/www.kvarken.org\/wp-content\/uploads\/2025\/10\/Sofia-Torma-1024x768.jpeg\" alt=\"\" width=\"1024\" height=\"768\" srcset=\"https:\/\/www.kvarken.org\/wp-content\/uploads\/2025\/10\/Sofia-Torma-980x735.jpeg 980w, https:\/\/www.kvarken.org\/wp-content\/uploads\/2025\/10\/Sofia-Torma-480x360.jpeg 480w\" sizes=\"(min-width: 0px) and (max-width: 480px) 480px, (min-width: 481px) and (max-width: 980px) 980px, (min-width: 981px) 1024px, 100vw\" \/><p id=\"caption-attachment-23958\" class=\"wp-caption-text\">Projektip\u00e4\u00e4llikk\u00f6 Sofia T\u00f6rm\u00e4 kertoi, kuinka hankkeen yhteisty\u00f6h\u00f6n perustuva toimintatapa ja k\u00e4yt\u00e4nn\u00f6n ratkaisut olivat hiljattain tekiv\u00e4t vaikutuksen Romanian Bukarestissa j\u00e4rjestetyss\u00e4 konferenssissa.<\/p><\/div>\n<p>&nbsp;<\/p>\n<p style=\"font-weight: 400;\">Bothnia Green Energy\u00a0-hankkeen k\u00e4yt\u00e4nn\u00f6nl\u00e4heinen toimintatapa on her\u00e4tt\u00e4nyt my\u00f6s poliittista kiinnostusta, sill\u00e4 se on osoittanut kykyns\u00e4 rakentaa luottamusta ja pitk\u00e4j\u00e4nteist\u00e4 yhteisty\u00f6t\u00e4 yli rajojen. Suomen Eurooppa-\u00a0ja omistajaohjausministeri <strong>Joakim Strand<\/strong> korosti videotervehdyksess\u00e4\u00e4n konferenssille t\u00e4m\u00e4n rajat ylitt\u00e4v\u00e4n ty\u00f6n laajempaa merkityst\u00e4:<\/p>\n<p style=\"font-weight: 400;\">\u201dT\u00e4m\u00e4 yhteisty\u00f6 ei koske pelk\u00e4st\u00e4\u00e4n teknologiaa tai infrastruktuuria. Kyse on my\u00f6s luottamuksesta, yhteisist\u00e4 arvoista ja halusta oppia toisiltamme.\u201d<\/p>\n<p>&nbsp;<\/p>\n<p style=\"font-weight: 400;\"><strong>K\u00e4yt\u00e4nn\u00f6n ratkaisuja ja tiedon jakamista<\/strong><\/p>\n<p style=\"font-weight: 400;\">Luottamus ja yhteisty\u00f6 olivat Beyond Borders -konferenssin keskeisi\u00e4 teemoja, ja osallistujat p\u00e4\u00e4siv\u00e4t tilaisuudessa jakamaan aiheesta kokemuksiaan ja n\u00e4kemyksi\u00e4\u00e4n.<\/p>\n<p style=\"font-weight: 400;\">Osallistujat tutustuivat useisiin Bothnia Green Energy -hankkeen aloitteisiin, joilla kullakin voi olla mittavia vaikutuksia. Teolliseen ja kaupalliseen k\u00e4ytt\u00f6\u00f6n tarkoitetuista tasas\u00e4hk\u00f6verkoista tehty tutkimus on paljastanut mahdollisia tehokkuusparannuksia ja kustannuss\u00e4\u00e4st\u00f6j\u00e4. Ruotsalaisen \u00d6vik Energi\u00a0-energiayhti\u00f6n ja suomalaisen Herrforsin v\u00e4liset ty\u00f6varjostusohjelmat ovat taas tarjonneet ty\u00f6ntekij\u00f6ille mahdollisuuden k\u00e4yt\u00e4nn\u00f6n oppimiseen ja hyvien k\u00e4yt\u00e4nt\u00f6jen vaihtoon, korostaen ihmisten roolia rajat ylitt\u00e4v\u00e4ss\u00e4 yhteisty\u00f6ss\u00e4.<\/p>\n<div id=\"attachment_23973\" style=\"width: 778px\" class=\"wp-caption alignnone\"><img decoding=\"async\" aria-describedby=\"caption-attachment-23973\" class=\"wp-image-23973 size-large\" src=\"https:\/\/www.kvarken.org\/wp-content\/uploads\/2025\/10\/Michaela-Dahlsten-Axel-Lindberg-768x1024.jpeg\" alt=\"\" width=\"768\" height=\"1024\" \/><p id=\"caption-attachment-23973\" class=\"wp-caption-text\">Michaela Dahlsten Herrforsilta ja Axel Lindberg \u00d6vik Energilt\u00e4 jakoivat paneelikeskustelussa kokemuksiaan ty\u00f6varjostuksesta.<\/p><\/div>\n<p>&nbsp;<\/p>\n<p style=\"font-weight: 400;\">Hankkeen rakennuksiin ja kiinteist\u00f6ihin keskittyneen pilotin verkostoitumistapahtumat ovat yhdist\u00e4neet startup-yrityksi\u00e4 ja pk-yrityksi\u00e4 kiinteist\u00f6nomistajiin, mik\u00e4 on johtanut noin 70\u00a0tapaamiseen energiatehokkaiden ratkaisujen tiimoilta. Hankkeen hukkal\u00e4mp\u00f6webinaarit vuorostaan ovat osoittaneet, miten matalal\u00e4mp\u00f6ist\u00e4 energiaa voidaan hy\u00f6dynt\u00e4\u00e4 kasvihuoneissa ja kaupunkialueilla, mill\u00e4 on sek\u00e4 ymp\u00e4rist\u00f6llisi\u00e4 ett\u00e4 taloudellisia hy\u00f6tyj\u00e4.<\/p>\n<p>&nbsp;<\/p>\n<p style=\"font-weight: 400;\"><strong>Innovaatioita yhteisty\u00f6n kautta<\/strong><\/p>\n<p style=\"font-weight: 400;\">Konferenssissa j\u00e4rjestettiin my\u00f6s interaktiivisia paneelikeskusteluja, joissa korostettiin avoimuuden ja vuoropuhelun merkityst\u00e4.<\/p>\n<p style=\"font-weight: 400;\">\u201dYhteisty\u00f6 on avainasemassa kaikessa edist\u00e4misess\u00e4\u201d, sanoi Business Developer <strong>Ulrica Johansson<\/strong> Liquid Wind\u00a0-yrityksest\u00e4.<\/p>\n<div id=\"attachment_23962\" style=\"width: 778px\" class=\"wp-caption alignnone\"><img decoding=\"async\" aria-describedby=\"caption-attachment-23962\" class=\"wp-image-23962 size-large\" src=\"https:\/\/www.kvarken.org\/wp-content\/uploads\/2025\/10\/Ulrica-Johansson-768x1024.jpeg\" alt=\"\" width=\"768\" height=\"1024\" \/><p id=\"caption-attachment-23962\" class=\"wp-caption-text\">\u201dYhteisty\u00f6 on avainasemassa kaikessa edist\u00e4misess\u00e4\u201d, sanoi Business Developer Ulrica Johansson Liquid Wind\u00a0-yrityksest\u00e4.<\/p><\/div>\n<p>&nbsp;<\/p>\n<p style=\"font-weight: 400;\">Hankkeen aikana Merenkurkun neuvoston alaisuuteen perustettu energiaty\u00f6komitea tarjoaa nyt pysyv\u00e4n alustan jatkuvalle yhteisty\u00f6lle suomalaisten ja ruotsalaisten energiayhti\u00f6iden, maakuntien, kuntien ja korkeakoulujen v\u00e4lill\u00e4. Projektip\u00e4\u00e4llikk\u00f6 <strong>Peter Hedman<\/strong> pohti hankkeen pysyvi\u00e4 vaikutuksia:<\/p>\n<p style=\"font-weight: 400;\">\u201dEnergiaty\u00f6komitea takaa, ett\u00e4 Bothnia Green Energyn luoma vauhti jatkuu. Olemme ylpeit\u00e4 siit\u00e4, ett\u00e4 olemme vahvistaneet Merenkurkun energia-alan yhteisty\u00f6t\u00e4.\u201d<\/p>\n<div id=\"attachment_23966\" style=\"width: 778px\" class=\"wp-caption alignnone\"><img decoding=\"async\" aria-describedby=\"caption-attachment-23966\" class=\"wp-image-23966 size-large\" src=\"https:\/\/www.kvarken.org\/wp-content\/uploads\/2025\/10\/Peter-Hedman-768x1024.jpeg\" alt=\"\" width=\"768\" height=\"1024\" \/><p id=\"caption-attachment-23966\" class=\"wp-caption-text\">\u201dEnergiaty\u00f6komitea takaa, ett\u00e4 Bothnia Green Energyn luoma vauhti jatkuu. Olemme ylpeit\u00e4 siit\u00e4, ett\u00e4 olemme vahvistaneet Merenkurkun energia-alan yhteisty\u00f6t\u00e4,\u201d sanoi projektip\u00e4\u00e4llikk\u00f6 Peter Hedman.<\/p><\/div>\n<p>&nbsp;<\/p>\n<p style=\"font-weight: 400;\"><strong>Katse tulevaisuuteen<\/strong><\/p>\n<p style=\"font-weight: 400;\">Bothnia Green Energy on osoittanut, ett\u00e4 rajat ylitt\u00e4v\u00e4 yhteisty\u00f6 voi tuottaa todellisia ratkaisuja ja ett\u00e4 Merenkurkun alueen toimintatapa \u2013 joka perustuu luottamukseen, tiedon jakamiseen ja yhteiseen ongelmanratkaisuun \u2013 on merkityksellinen paljon Suomea ja Ruotsia laajemminkin. Merenkurkun alue on t\u00e4m\u00e4n ty\u00f6n pohjalta valmis jatkamaan kest\u00e4v\u00e4n ja innovatiivisen energia-alan kehitt\u00e4mist\u00e4 tulevaisuudessa.<\/p>\n<p>&nbsp;<\/p>\n<p>&nbsp;<\/p>\n<p><img decoding=\"async\" class=\"alignleft wp-image-16002\" src=\"https:\/\/www.kvarken.org\/wp-content\/uploads\/2023\/01\/cropped-AURORA-RGB-Color-1.png\" alt=\"\" width=\"600\" height=\"136\" \/><\/p>\n","protected":false},"excerpt":{"rendered":"<p>Bothnia Green Energy -hankkeen saavutukset esiteltiin Beyond Borders\u00a0-p\u00e4\u00e4t\u00f6skonferenssissa Ruotsin \u00d6rnsk\u00f6ldsvikiss\u00e4 23.\u00a0lokakuuta.<\/p>\n","protected":false},"author":11,"featured_media":23971,"comment_status":"open","ping_status":"open","sticky":false,"template":"","format":"standard","meta":{"_acf_changed":false,"_et_pb_use_builder":"","_et_pb_old_content":"","_et_gb_content_width":"","footnotes":""},"categories":[13],"tags":[],"amnen":[129,63,119],"class_list":["post-23985","post","type-post","status-publish","format-standard","has-post-thumbnail","hentry","category-uncategorized-fi","amnen-business-2-fi","amnen-innovaatio","amnen-verkostot"],"acf":[],"yoast_head":"<!-- This site is optimized with the Yoast SEO plugin v27.4 - https:\/\/yoast.com\/product\/yoast-seo-wordpress\/ -->\n<title>Beyond Borders -konferenssi esitteli kansainv\u00e4lisesti arvostettua rajat ylitt\u00e4v\u00e4\u00e4 energiayhteisty\u00f6t\u00e4 - Kvarkenr\u00e5det<\/title>\n<meta name=\"description\" content=\"Bothnia Green Energy -hankkeen saavutukset esiteltiin Beyond Borders\u00a0-p\u00e4\u00e4t\u00f6skonferenssissa Ruotsin \u00d6rnsk\u00f6ldsvikiss\u00e4 23.\u00a0lokakuuta.\" \/>\n<meta name=\"robots\" content=\"index, follow, max-snippet:-1, max-image-preview:large, max-video-preview:-1\" \/>\n<link rel=\"canonical\" href=\"https:\/\/www.kvarken.org\/fi\/the-beyond-border-conference-showcased-the-internationally-recognized-value-of-cross-border-energy-collaboration\/\" \/>\n<meta property=\"og:locale\" content=\"fi_FI\" \/>\n<meta property=\"og:type\" content=\"article\" \/>\n<meta property=\"og:title\" content=\"Beyond Borders -konferenssi esitteli kansainv\u00e4lisesti arvostettua rajat ylitt\u00e4v\u00e4\u00e4 energiayhteisty\u00f6t\u00e4 - Kvarkenr\u00e5det\" \/>\n<meta property=\"og:description\" content=\"Bothnia Green Energy -hankkeen saavutukset esiteltiin Beyond Borders\u00a0-p\u00e4\u00e4t\u00f6skonferenssissa Ruotsin \u00d6rnsk\u00f6ldsvikiss\u00e4 23.\u00a0lokakuuta.\" \/>\n<meta property=\"og:url\" content=\"https:\/\/www.kvarken.org\/fi\/the-beyond-border-conference-showcased-the-internationally-recognized-value-of-cross-border-energy-collaboration\/\" \/>\n<meta property=\"og:site_name\" content=\"Kvarkenr\u00e5det\" \/>\n<meta property=\"article:published_time\" content=\"2025-10-29T12:49:46+00:00\" \/>\n<meta property=\"article:modified_time\" content=\"2025-10-30T15:47:44+00:00\" \/>\n<meta property=\"og:image\" content=\"https:\/\/www.kvarken.org\/wp-content\/uploads\/2025\/10\/Alla-pa-scen-1024x768.jpeg\" \/>\n\t<meta property=\"og:image:width\" content=\"1024\" \/>\n\t<meta property=\"og:image:height\" content=\"768\" \/>\n\t<meta property=\"og:image:type\" content=\"image\/jpeg\" \/>\n<meta name=\"author\" content=\"Sarah Vare\" \/>\n<meta name=\"twitter:card\" content=\"summary_large_image\" \/>\n<meta name=\"twitter:label1\" content=\"Kirjoittanut\" \/>\n\t<meta name=\"twitter:data1\" content=\"Sarah Vare\" \/>\n\t<meta name=\"twitter:label2\" content=\"Arvioitu lukuaika\" \/>\n\t<meta name=\"twitter:data2\" content=\"4 minuuttia\" \/>\n<script type=\"application\/ld+json\" class=\"yoast-schema-graph\">{\"@context\":\"https:\\\/\\\/schema.org\",\"@graph\":[{\"@type\":\"Article\",\"@id\":\"https:\\\/\\\/www.kvarken.org\\\/fi\\\/the-beyond-border-conference-showcased-the-internationally-recognized-value-of-cross-border-energy-collaboration\\\/#article\",\"isPartOf\":{\"@id\":\"https:\\\/\\\/www.kvarken.org\\\/fi\\\/the-beyond-border-conference-showcased-the-internationally-recognized-value-of-cross-border-energy-collaboration\\\/\"},\"author\":{\"name\":\"Sarah Vare\",\"@id\":\"https:\\\/\\\/www.kvarken.org\\\/fi\\\/#\\\/schema\\\/person\\\/8587fbbc8b62e750686246897615ae36\"},\"headline\":\"Beyond Borders -konferenssi esitteli kansainv\u00e4lisesti arvostettua rajat ylitt\u00e4v\u00e4\u00e4 energiayhteisty\u00f6t\u00e4\",\"datePublished\":\"2025-10-29T12:49:46+00:00\",\"dateModified\":\"2025-10-30T15:47:44+00:00\",\"mainEntityOfPage\":{\"@id\":\"https:\\\/\\\/www.kvarken.org\\\/fi\\\/the-beyond-border-conference-showcased-the-internationally-recognized-value-of-cross-border-energy-collaboration\\\/\"},\"wordCount\":644,\"commentCount\":0,\"image\":{\"@id\":\"https:\\\/\\\/www.kvarken.org\\\/fi\\\/the-beyond-border-conference-showcased-the-internationally-recognized-value-of-cross-border-energy-collaboration\\\/#primaryimage\"},\"thumbnailUrl\":\"https:\\\/\\\/www.kvarken.org\\\/wp-content\\\/uploads\\\/2025\\\/10\\\/Alla-pa-scen-rotated.jpeg\",\"articleSection\":[\"Uncategorized @fi\"],\"inLanguage\":\"fi\",\"potentialAction\":[{\"@type\":\"CommentAction\",\"name\":\"Comment\",\"target\":[\"https:\\\/\\\/www.kvarken.org\\\/fi\\\/the-beyond-border-conference-showcased-the-internationally-recognized-value-of-cross-border-energy-collaboration\\\/#respond\"]}]},{\"@type\":\"WebPage\",\"@id\":\"https:\\\/\\\/www.kvarken.org\\\/fi\\\/the-beyond-border-conference-showcased-the-internationally-recognized-value-of-cross-border-energy-collaboration\\\/\",\"url\":\"https:\\\/\\\/www.kvarken.org\\\/fi\\\/the-beyond-border-conference-showcased-the-internationally-recognized-value-of-cross-border-energy-collaboration\\\/\",\"name\":\"Beyond Borders -konferenssi esitteli kansainv\u00e4lisesti arvostettua rajat ylitt\u00e4v\u00e4\u00e4 energiayhteisty\u00f6t\u00e4 - Kvarkenr\u00e5det\",\"isPartOf\":{\"@id\":\"https:\\\/\\\/www.kvarken.org\\\/fi\\\/#website\"},\"primaryImageOfPage\":{\"@id\":\"https:\\\/\\\/www.kvarken.org\\\/fi\\\/the-beyond-border-conference-showcased-the-internationally-recognized-value-of-cross-border-energy-collaboration\\\/#primaryimage\"},\"image\":{\"@id\":\"https:\\\/\\\/www.kvarken.org\\\/fi\\\/the-beyond-border-conference-showcased-the-internationally-recognized-value-of-cross-border-energy-collaboration\\\/#primaryimage\"},\"thumbnailUrl\":\"https:\\\/\\\/www.kvarken.org\\\/wp-content\\\/uploads\\\/2025\\\/10\\\/Alla-pa-scen-rotated.jpeg\",\"datePublished\":\"2025-10-29T12:49:46+00:00\",\"dateModified\":\"2025-10-30T15:47:44+00:00\",\"author\":{\"@id\":\"https:\\\/\\\/www.kvarken.org\\\/fi\\\/#\\\/schema\\\/person\\\/8587fbbc8b62e750686246897615ae36\"},\"description\":\"Bothnia Green Energy -hankkeen saavutukset esiteltiin Beyond Borders\u00a0-p\u00e4\u00e4t\u00f6skonferenssissa Ruotsin \u00d6rnsk\u00f6ldsvikiss\u00e4 23.\u00a0lokakuuta.\",\"breadcrumb\":{\"@id\":\"https:\\\/\\\/www.kvarken.org\\\/fi\\\/the-beyond-border-conference-showcased-the-internationally-recognized-value-of-cross-border-energy-collaboration\\\/#breadcrumb\"},\"inLanguage\":\"fi\",\"potentialAction\":[{\"@type\":\"ReadAction\",\"target\":[\"https:\\\/\\\/www.kvarken.org\\\/fi\\\/the-beyond-border-conference-showcased-the-internationally-recognized-value-of-cross-border-energy-collaboration\\\/\"]}]},{\"@type\":\"ImageObject\",\"inLanguage\":\"fi\",\"@id\":\"https:\\\/\\\/www.kvarken.org\\\/fi\\\/the-beyond-border-conference-showcased-the-internationally-recognized-value-of-cross-border-energy-collaboration\\\/#primaryimage\",\"url\":\"https:\\\/\\\/www.kvarken.org\\\/wp-content\\\/uploads\\\/2025\\\/10\\\/Alla-pa-scen-rotated.jpeg\",\"contentUrl\":\"https:\\\/\\\/www.kvarken.org\\\/wp-content\\\/uploads\\\/2025\\\/10\\\/Alla-pa-scen-rotated.jpeg\",\"width\":5712,\"height\":4284},{\"@type\":\"BreadcrumbList\",\"@id\":\"https:\\\/\\\/www.kvarken.org\\\/fi\\\/the-beyond-border-conference-showcased-the-internationally-recognized-value-of-cross-border-energy-collaboration\\\/#breadcrumb\",\"itemListElement\":[{\"@type\":\"ListItem\",\"position\":1,\"name\":\"Hem\",\"item\":\"https:\\\/\\\/www.kvarken.org\\\/fi\\\/\"},{\"@type\":\"ListItem\",\"position\":2,\"name\":\"Beyond Borders -konferenssi esitteli kansainv\u00e4lisesti arvostettua rajat ylitt\u00e4v\u00e4\u00e4 energiayhteisty\u00f6t\u00e4\"}]},{\"@type\":\"WebSite\",\"@id\":\"https:\\\/\\\/www.kvarken.org\\\/fi\\\/#website\",\"url\":\"https:\\\/\\\/www.kvarken.org\\\/fi\\\/\",\"name\":\"Kvarkenr\u00e5det\",\"description\":\"\",\"potentialAction\":[{\"@type\":\"SearchAction\",\"target\":{\"@type\":\"EntryPoint\",\"urlTemplate\":\"https:\\\/\\\/www.kvarken.org\\\/fi\\\/?s={search_term_string}\"},\"query-input\":{\"@type\":\"PropertyValueSpecification\",\"valueRequired\":true,\"valueName\":\"search_term_string\"}}],\"inLanguage\":\"fi\"},{\"@type\":\"Person\",\"@id\":\"https:\\\/\\\/www.kvarken.org\\\/fi\\\/#\\\/schema\\\/person\\\/8587fbbc8b62e750686246897615ae36\",\"name\":\"Sarah Vare\",\"image\":{\"@type\":\"ImageObject\",\"inLanguage\":\"fi\",\"@id\":\"https:\\\/\\\/secure.gravatar.com\\\/avatar\\\/8cba9ab7b5877b43adb4c11f7fe4d418f3eed873c94358af86d9b1b4e2f2c313?s=96&d=mm&r=g\",\"url\":\"https:\\\/\\\/secure.gravatar.com\\\/avatar\\\/8cba9ab7b5877b43adb4c11f7fe4d418f3eed873c94358af86d9b1b4e2f2c313?s=96&d=mm&r=g\",\"contentUrl\":\"https:\\\/\\\/secure.gravatar.com\\\/avatar\\\/8cba9ab7b5877b43adb4c11f7fe4d418f3eed873c94358af86d9b1b4e2f2c313?s=96&d=mm&r=g\",\"caption\":\"Sarah Vare\"}}]}<\/script>\n<!-- \/ Yoast SEO plugin. -->","yoast_head_json":{"title":"Beyond Borders -konferenssi esitteli kansainv\u00e4lisesti arvostettua rajat ylitt\u00e4v\u00e4\u00e4 energiayhteisty\u00f6t\u00e4 - Kvarkenr\u00e5det","description":"Bothnia Green Energy -hankkeen saavutukset esiteltiin Beyond Borders\u00a0-p\u00e4\u00e4t\u00f6skonferenssissa Ruotsin \u00d6rnsk\u00f6ldsvikiss\u00e4 23.\u00a0lokakuuta.","robots":{"index":"index","follow":"follow","max-snippet":"max-snippet:-1","max-image-preview":"max-image-preview:large","max-video-preview":"max-video-preview:-1"},"canonical":"https:\/\/www.kvarken.org\/fi\/the-beyond-border-conference-showcased-the-internationally-recognized-value-of-cross-border-energy-collaboration\/","og_locale":"fi_FI","og_type":"article","og_title":"Beyond Borders -konferenssi esitteli kansainv\u00e4lisesti arvostettua rajat ylitt\u00e4v\u00e4\u00e4 energiayhteisty\u00f6t\u00e4 - Kvarkenr\u00e5det","og_description":"Bothnia Green Energy -hankkeen saavutukset esiteltiin Beyond Borders\u00a0-p\u00e4\u00e4t\u00f6skonferenssissa Ruotsin \u00d6rnsk\u00f6ldsvikiss\u00e4 23.\u00a0lokakuuta.","og_url":"https:\/\/www.kvarken.org\/fi\/the-beyond-border-conference-showcased-the-internationally-recognized-value-of-cross-border-energy-collaboration\/","og_site_name":"Kvarkenr\u00e5det","article_published_time":"2025-10-29T12:49:46+00:00","article_modified_time":"2025-10-30T15:47:44+00:00","og_image":[{"width":1024,"height":768,"url":"https:\/\/www.kvarken.org\/wp-content\/uploads\/2025\/10\/Alla-pa-scen-1024x768.jpeg","type":"image\/jpeg"}],"author":"Sarah Vare","twitter_card":"summary_large_image","twitter_misc":{"Kirjoittanut":"Sarah Vare","Arvioitu lukuaika":"4 minuuttia"},"schema":{"@context":"https:\/\/schema.org","@graph":[{"@type":"Article","@id":"https:\/\/www.kvarken.org\/fi\/the-beyond-border-conference-showcased-the-internationally-recognized-value-of-cross-border-energy-collaboration\/#article","isPartOf":{"@id":"https:\/\/www.kvarken.org\/fi\/the-beyond-border-conference-showcased-the-internationally-recognized-value-of-cross-border-energy-collaboration\/"},"author":{"name":"Sarah Vare","@id":"https:\/\/www.kvarken.org\/fi\/#\/schema\/person\/8587fbbc8b62e750686246897615ae36"},"headline":"Beyond Borders -konferenssi esitteli kansainv\u00e4lisesti arvostettua rajat ylitt\u00e4v\u00e4\u00e4 energiayhteisty\u00f6t\u00e4","datePublished":"2025-10-29T12:49:46+00:00","dateModified":"2025-10-30T15:47:44+00:00","mainEntityOfPage":{"@id":"https:\/\/www.kvarken.org\/fi\/the-beyond-border-conference-showcased-the-internationally-recognized-value-of-cross-border-energy-collaboration\/"},"wordCount":644,"commentCount":0,"image":{"@id":"https:\/\/www.kvarken.org\/fi\/the-beyond-border-conference-showcased-the-internationally-recognized-value-of-cross-border-energy-collaboration\/#primaryimage"},"thumbnailUrl":"https:\/\/www.kvarken.org\/wp-content\/uploads\/2025\/10\/Alla-pa-scen-rotated.jpeg","articleSection":["Uncategorized @fi"],"inLanguage":"fi","potentialAction":[{"@type":"CommentAction","name":"Comment","target":["https:\/\/www.kvarken.org\/fi\/the-beyond-border-conference-showcased-the-internationally-recognized-value-of-cross-border-energy-collaboration\/#respond"]}]},{"@type":"WebPage","@id":"https:\/\/www.kvarken.org\/fi\/the-beyond-border-conference-showcased-the-internationally-recognized-value-of-cross-border-energy-collaboration\/","url":"https:\/\/www.kvarken.org\/fi\/the-beyond-border-conference-showcased-the-internationally-recognized-value-of-cross-border-energy-collaboration\/","name":"Beyond Borders -konferenssi esitteli kansainv\u00e4lisesti arvostettua rajat ylitt\u00e4v\u00e4\u00e4 energiayhteisty\u00f6t\u00e4 - Kvarkenr\u00e5det","isPartOf":{"@id":"https:\/\/www.kvarken.org\/fi\/#website"},"primaryImageOfPage":{"@id":"https:\/\/www.kvarken.org\/fi\/the-beyond-border-conference-showcased-the-internationally-recognized-value-of-cross-border-energy-collaboration\/#primaryimage"},"image":{"@id":"https:\/\/www.kvarken.org\/fi\/the-beyond-border-conference-showcased-the-internationally-recognized-value-of-cross-border-energy-collaboration\/#primaryimage"},"thumbnailUrl":"https:\/\/www.kvarken.org\/wp-content\/uploads\/2025\/10\/Alla-pa-scen-rotated.jpeg","datePublished":"2025-10-29T12:49:46+00:00","dateModified":"2025-10-30T15:47:44+00:00","author":{"@id":"https:\/\/www.kvarken.org\/fi\/#\/schema\/person\/8587fbbc8b62e750686246897615ae36"},"description":"Bothnia Green Energy -hankkeen saavutukset esiteltiin Beyond Borders\u00a0-p\u00e4\u00e4t\u00f6skonferenssissa Ruotsin \u00d6rnsk\u00f6ldsvikiss\u00e4 23.\u00a0lokakuuta.","breadcrumb":{"@id":"https:\/\/www.kvarken.org\/fi\/the-beyond-border-conference-showcased-the-internationally-recognized-value-of-cross-border-energy-collaboration\/#breadcrumb"},"inLanguage":"fi","potentialAction":[{"@type":"ReadAction","target":["https:\/\/www.kvarken.org\/fi\/the-beyond-border-conference-showcased-the-internationally-recognized-value-of-cross-border-energy-collaboration\/"]}]},{"@type":"ImageObject","inLanguage":"fi","@id":"https:\/\/www.kvarken.org\/fi\/the-beyond-border-conference-showcased-the-internationally-recognized-value-of-cross-border-energy-collaboration\/#primaryimage","url":"https:\/\/www.kvarken.org\/wp-content\/uploads\/2025\/10\/Alla-pa-scen-rotated.jpeg","contentUrl":"https:\/\/www.kvarken.org\/wp-content\/uploads\/2025\/10\/Alla-pa-scen-rotated.jpeg","width":5712,"height":4284},{"@type":"BreadcrumbList","@id":"https:\/\/www.kvarken.org\/fi\/the-beyond-border-conference-showcased-the-internationally-recognized-value-of-cross-border-energy-collaboration\/#breadcrumb","itemListElement":[{"@type":"ListItem","position":1,"name":"Hem","item":"https:\/\/www.kvarken.org\/fi\/"},{"@type":"ListItem","position":2,"name":"Beyond Borders -konferenssi esitteli kansainv\u00e4lisesti arvostettua rajat ylitt\u00e4v\u00e4\u00e4 energiayhteisty\u00f6t\u00e4"}]},{"@type":"WebSite","@id":"https:\/\/www.kvarken.org\/fi\/#website","url":"https:\/\/www.kvarken.org\/fi\/","name":"Kvarkenr\u00e5det","description":"","potentialAction":[{"@type":"SearchAction","target":{"@type":"EntryPoint","urlTemplate":"https:\/\/www.kvarken.org\/fi\/?s={search_term_string}"},"query-input":{"@type":"PropertyValueSpecification","valueRequired":true,"valueName":"search_term_string"}}],"inLanguage":"fi"},{"@type":"Person","@id":"https:\/\/www.kvarken.org\/fi\/#\/schema\/person\/8587fbbc8b62e750686246897615ae36","name":"Sarah Vare","image":{"@type":"ImageObject","inLanguage":"fi","@id":"https:\/\/secure.gravatar.com\/avatar\/8cba9ab7b5877b43adb4c11f7fe4d418f3eed873c94358af86d9b1b4e2f2c313?s=96&d=mm&r=g","url":"https:\/\/secure.gravatar.com\/avatar\/8cba9ab7b5877b43adb4c11f7fe4d418f3eed873c94358af86d9b1b4e2f2c313?s=96&d=mm&r=g","contentUrl":"https:\/\/secure.gravatar.com\/avatar\/8cba9ab7b5877b43adb4c11f7fe4d418f3eed873c94358af86d9b1b4e2f2c313?s=96&d=mm&r=g","caption":"Sarah Vare"}}]}},"_links":{"self":[{"href":"https:\/\/www.kvarken.org\/fi\/wp-json\/wp\/v2\/posts\/23985","targetHints":{"allow":["GET"]}}],"collection":[{"href":"https:\/\/www.kvarken.org\/fi\/wp-json\/wp\/v2\/posts"}],"about":[{"href":"https:\/\/www.kvarken.org\/fi\/wp-json\/wp\/v2\/types\/post"}],"author":[{"embeddable":true,"href":"https:\/\/www.kvarken.org\/fi\/wp-json\/wp\/v2\/users\/11"}],"replies":[{"embeddable":true,"href":"https:\/\/www.kvarken.org\/fi\/wp-json\/wp\/v2\/comments?post=23985"}],"version-history":[{"count":4,"href":"https:\/\/www.kvarken.org\/fi\/wp-json\/wp\/v2\/posts\/23985\/revisions"}],"predecessor-version":[{"id":23999,"href":"https:\/\/www.kvarken.org\/fi\/wp-json\/wp\/v2\/posts\/23985\/revisions\/23999"}],"wp:featuredmedia":[{"embeddable":true,"href":"https:\/\/www.kvarken.org\/fi\/wp-json\/wp\/v2\/media\/23971"}],"wp:attachment":[{"href":"https:\/\/www.kvarken.org\/fi\/wp-json\/wp\/v2\/media?parent=23985"}],"wp:term":[{"taxonomy":"category","embeddable":true,"href":"https:\/\/www.kvarken.org\/fi\/wp-json\/wp\/v2\/categories?post=23985"},{"taxonomy":"post_tag","embeddable":true,"href":"https:\/\/www.kvarken.org\/fi\/wp-json\/wp\/v2\/tags?post=23985"},{"taxonomy":"amnen","embeddable":true,"href":"https:\/\/www.kvarken.org\/fi\/wp-json\/wp\/v2\/amnen?post=23985"}],"curies":[{"name":"wp","href":"https:\/\/api.w.org\/{rel}","templated":true}]}}