{"id":24285,"date":"2025-12-15T16:56:19","date_gmt":"2025-12-15T13:56:19","guid":{"rendered":"https:\/\/www.kvarken.org\/?p=24285"},"modified":"2025-12-15T18:37:14","modified_gmt":"2025-12-15T15:37:14","slug":"ideasta-toteutukseen","status":"publish","type":"post","link":"https:\/\/www.kvarken.org\/fi\/ideasta-toteutukseen\/","title":{"rendered":"Ideasta toteutukseen \u2013 Bothnian Coastal Route -rannikkoreitist\u00e4 rajat ylitt\u00e4v\u00e4 pohjoismainen matkailukohde"},"content":{"rendered":"<h1>Ideasta toteutukseen \u2013 Bothnian Coastal Route -rannikkoreitist\u00e4 rajat ylitt\u00e4v\u00e4 pohjoismainen matkailukohde<\/h1>\n<p><em>Bothnian Coastal Route -hanke huipentui Oulussa 26. marraskuuta j\u00e4rjestettyyn seminaariin, jonne yhteisty\u00f6kumppanit, yritykset ja kansainv\u00e4liset matkailualan edustajat kokoontuivat arvioimaan suomalais-ruotsalaisen hankkeen kolmevuotista taivalta. P\u00e4iv\u00e4n keskusteluissa nousivat esiin hankkeen saavutukset ja alueen kasvupotentiaali kahden maan yhteisen\u00e4 kohteena.<\/em><\/p>\n<div id=\"attachment_24202\" style=\"width: 1034px\" class=\"wp-caption alignnone\"><img decoding=\"async\" aria-describedby=\"caption-attachment-24202\" class=\"wp-image-24202 size-large\" src=\"https:\/\/www.kvarken.org\/wp-content\/uploads\/2025\/12\/DSC01687-2-1024x683.jpg\" alt=\"\" width=\"1024\" height=\"683\" srcset=\"https:\/\/www.kvarken.org\/wp-content\/uploads\/2025\/12\/DSC01687-2-980x653.jpg 980w, https:\/\/www.kvarken.org\/wp-content\/uploads\/2025\/12\/DSC01687-2-480x320.jpg 480w\" sizes=\"(min-width: 0px) and (max-width: 480px) 480px, (min-width: 481px) and (max-width: 980px) 980px, (min-width: 981px) 1024px, 100vw\" \/><p id=\"caption-attachment-24202\" class=\"wp-caption-text\">Projektip\u00e4\u00e4llikk\u00f6 Marianne Sj\u00f6str\u00f6m avasi Oulussa j\u00e4rjestetyn p\u00e4\u00e4t\u00f6sseminaarin luomalla katsauksen kolmivuotisen Bothnian Coastal Route -hankkeen vaiheisiin.<\/p><\/div>\n<p>&nbsp;<\/p>\n<p>Muistellessaan Bothnian Coastal Route -hankematkaa projektip\u00e4\u00e4llikk\u00f6 <strong>Marianne Sj\u00f6str\u00f6m<\/strong> totesi hetken her\u00e4tt\u00e4v\u00e4n h\u00e4ness\u00e4 monenlaisia tunteita \u2013 ylpeytt\u00e4 siit\u00e4, mit\u00e4 matkan varrella on onnistuttu rakentamaan, mutta my\u00f6s haikeutta siit\u00e4, ett\u00e4 hanke nyt on tullut p\u00e4\u00e4t\u00f6kseens\u00e4.<\/p>\n<p>Nelj\u00e4 ja puoli vuotta sitten Per\u00e4meren rannikkoalueella toimivat suomalaiset ja ruotsalaiset yhteisty\u00f6kumppanit ryhtyiv\u00e4t luonnostelemaan rohkeaa hakemusta uuteen Interreg Aurora -ohjelmaan. Tavoite oli kunnianhimoinen: pyrki\u00e4 lis\u00e4\u00e4m\u00e4\u00e4n Per\u00e4meren ymp\u00e4ri ja Merenkurkun poikki kulkevan rannikkoreitin tunnettuutta houkuttelevana matkareittin\u00e4 niin vierailijoiden kuin paikallisen v\u00e4est\u00f6n keskuudessa sek\u00e4 tarjota vakaa perusta kasvulle ja kest\u00e4v\u00e4lle matkailulle.<\/p>\n<p>Idea oli yksinkertainen, mutta samalla vaikuttava. Kuusi hankekumppania sek\u00e4 p\u00e4\u00e4hakija rakentaisivat omista kohteistaan kahden maan alueelle levitt\u00e4ytyv\u00e4n matkailureitin, jonka Wasalinen matkustaja- ja autolautta yhdist\u00e4isi. P\u00e4ivitt\u00e4in Merenkurkun ylitt\u00e4v\u00e4 laivayhteys mahdollistaisi saumattoman siirtym\u00e4n maiden v\u00e4lill\u00e4 ja yhdist\u00e4isi kohteen toimivaksi reitiksi. Hanke her\u00e4ttikin nopeasti kiinnostusta:<\/p>\n<p><em>\u201cReitin varrella olevien kohteiden kiinnostus hanketta kohtaan ylitti odotuksemme,\u201d <\/em>Marianne muisteli. T\u00e4ll\u00e4 hetkell\u00e4 Bothnian Coastal Route -reittikokonaisuuteen kuuluu 13 kohdetta sek\u00e4 Suomen ett\u00e4 Ruotsin puolella.<\/p>\n<div id=\"attachment_22879\" style=\"width: 1034px\" class=\"wp-caption alignnone\"><img decoding=\"async\" aria-describedby=\"caption-attachment-22879\" class=\"wp-image-22879 size-large\" src=\"https:\/\/www.kvarken.org\/wp-content\/uploads\/2025\/05\/BCR_PPT-1024x576.png\" alt=\"\" width=\"1024\" height=\"576\" srcset=\"https:\/\/www.kvarken.org\/wp-content\/uploads\/2025\/05\/BCR_PPT-980x551.png 980w, https:\/\/www.kvarken.org\/wp-content\/uploads\/2025\/05\/BCR_PPT-480x270.png 480w\" sizes=\"(min-width: 0px) and (max-width: 480px) 480px, (min-width: 481px) and (max-width: 980px) 980px, (min-width: 981px) 1024px, 100vw\" \/><p id=\"caption-attachment-22879\" class=\"wp-caption-text\">Hankekumppanit sek\u00e4 Suomessa ett\u00e4 Ruotsissa ovat rakentaneet Bothnian Coastal Route -rannikkoreitist\u00e4 maiden yhteisen matkailukohteen, joka k\u00e4sitt\u00e4\u00e4 13 kohdetta Per\u00e4meren rannikolla.<\/p><\/div>\n<p>&nbsp;<\/p>\n<p>Aivan alusta saakka hanketta on rakennettu vankalle kohdetuntemukselle ja matkailualan k\u00e4yt\u00e4nn\u00f6n kokemukselle. Juuri tuo yhdistelm\u00e4 on ollut ratkaiseva hankkeen onnistumisen kannalta. Matkailuyritykset ja julkiset toimijat ovat ty\u00f6skennelleet rinta rinnan kansainv\u00e4listen kumppanien kanssa rakentaakseen yhteisty\u00f6verkoston, joka mahdollistaisi konkreettiset, varattavissa olevat matkailutuotteet sek\u00e4 pitk\u00e4n aikav\u00e4lin liiketoimintamahdollisuuksia alueelle.<\/p>\n<p>Kolmen vuoden toteutuksen j\u00e4lkeen Marianne voi aidosti todeta, ett\u00e4 tiimi on saavuttanut sen, mit\u00e4 l\u00e4hdettiin tavoittelemaan. Hanke on:<\/p>\n<ul>\n<li>luonut uuden, rajat ylitt\u00e4v\u00e4n kohdebr\u00e4ndin Per\u00e4meren rannikkoalueelle,<\/li>\n<li>rakentanut k\u00e4yt\u00e4nn\u00f6nl\u00e4heisen B2B-matkansuunnitteluty\u00f6kalun ja markkinointialustan, joka toimii osoitteessa bothniancoastalroute.com sek\u00e4<\/li>\n<li>saavuttanut konkreettisia tuloksia, jotka konkretisoituvat Euroopan avainmarkkinoilla toimivien matkanj\u00e4rjest\u00e4jien uusina kiertomatkoina ja varauksina.<\/li>\n<\/ul>\n<p><em>\u201cHankkeen saavutusten ja sen puitteissa tehdyn pohjaty\u00f6n ansiosta meill\u00e4 on hyv\u00e4t valmiudet tulevaisuuden suhteen\u201d<\/em>, h\u00e4n painotti. Hankkeen p\u00e4\u00e4t\u00f6ssuunnitelmassa ohjeistetaan, miten kumppanit onnistuvat yll\u00e4pit\u00e4m\u00e4\u00e4n saavutettuja tuloksia sek\u00e4 jatkamaan reitin kehitt\u00e4mist\u00e4 my\u00f6s hankkeen p\u00e4\u00e4tytty\u00e4.<\/p>\n<p>Kuten Marianne Oulussa totesi, hankkeessa on onnistuttu luomaan perusta kahden Pohjoismaan yhteiselle matkailukohteelle, jolla on vahva kasvupotentiaali Euroopan markkinoilla \u2013 matkailukohteelle, jota on rakennettu yhdess\u00e4 molemmin puolin Per\u00e4merta.<\/p>\n<p>Vierailijat, paikalliset asukkaat ja kansainv\u00e4liset matkailualan toimijat voivat tutustua reittiin hankkeen markkinointiin suunnitellulla verkkosivustolla osoitteessa bothniancoastalroute.com. Verkkosivuilta l\u00f6ytyy tietoa kohteista, esittelyvideoita sek\u00e4 k\u00e4yt\u00e4nn\u00f6n ty\u00f6kaluja matkan suunnitteluun. Hankkeen saavutuksiin voi tutustua my\u00f6s katsomalla hankkeen tuloksista laaditun <a href=\"https:\/\/youtu.be\/ktUWd1Kbwdg\">videon (LINKKI)<\/a> sek\u00e4 vierailemalla sivustolla <a href=\"https:\/\/www.kvarken.org\/fi\/hankkeet\/bothnian-coastal-route\/\">kvarken.org<\/a>.<\/p>\n<div id=\"attachment_19598\" style=\"width: 1034px\" class=\"wp-caption alignnone\"><img decoding=\"async\" aria-describedby=\"caption-attachment-19598\" class=\"wp-image-19598 size-large\" src=\"https:\/\/www.kvarken.org\/wp-content\/uploads\/2024\/01\/BCR_Mockup_Webb_Low-e1765806536576-1024x712.jpg\" alt=\"\" width=\"1024\" height=\"712\" \/><p id=\"caption-attachment-19598\" class=\"wp-caption-text\">Hankkeen B2B-matkansuunnitteluty\u00f6kalu sek\u00e4 markkinointialusta osoitteessa bothniancoastalroute.com tarjoaa kumppaneille apua ja tukea kohteidensa kehitt\u00e4miseen my\u00f6s hankkeen p\u00e4\u00e4tytty\u00e4.<\/p><\/div>\n<p>&nbsp;<\/p>\n<h3><\/h3>\n<h3><em><b>Lyhyesti Bothnian Coastal Route\u00a0-hankkeesta (BCR)<\/b><\/em><\/h3>\n<p><em>Hankkeen tarkoituksena on tehd\u00e4 pohjoisen Suomen ja Ruotsin rannikkolinjasta tunnettu matkailukohde sen ainutlaatuisen luonnon ja kulttuuriperinn\u00f6n ansiosta. Hanke on yhteisen markkinoinnin, uusien matkapakettien kehitt\u00e4misen ja kest\u00e4vyyteen panostamisen kautta luonut edellytyksi\u00e4 sille, ett\u00e4 yh\u00e4 useammat matkailijat l\u00f6yt\u00e4v\u00e4t koko rannikon \u2013 ja viipyv\u00e4t alueella pidemp\u00e4\u00e4n.<\/em><\/p>\n<p><em>Lue lis\u00e4\u00e4 hankkeesta:\u00a0<u><a href=\"https:\/\/www.kvarken.org\/fi\/hankkeet\/bothnian-coastal-route\/\" data-outlook-id=\"c0f2d6f4-d9bd-4980-8105-283fa7d600f3\">kvarken.org \u2013 Bothnian Coastal Route<\/a><\/u><\/em><\/p>\n<p><em>Tutustu markkinointisivuun:\u00a0<u><a href=\"https:\/\/www.bothniancoastalroute.com\/\" data-outlook-id=\"cbf65e54-42da-44f5-a7e8-512a304d6927\">www.bothniancoastalroute.com<\/a><\/u><\/em><\/p>\n<p><em>Hankeaika: 1.1.2023\u201331.12.2025<\/em><\/p>\n<p><em>Hankekumppanit:<\/em><\/p>\n<p><em>Merenkurkun neuvosto EAYY (lead partner ja johtava tuensaaja), Kalajoen kaupunki, Lule\u00e5 Business Region AB ja Luulajan kunta, Oulun kaupunki\/BusinessOulu, Vaasanseudun Kehitys Oy VASEK, Visit Skellefte\u00e5 AB ja Visit Ume\u00e5 AB.<\/em><\/p>\n<p><em>Rahoittajat:<\/em><\/p>\n<p><em>Interreg Aurora, Lapin liitto, Region V\u00e4sterbotten, Merenkurkun neuvosto EAYY, Uumajan kunta, Vaasanseudun Kehitys Oy VASEK, Kalajoen kaupunki, Lule\u00e5 Business Region AB ja Luulajan kunta, Oulun kaupunki\/BusinessOulu, Visit Skellefte\u00e5 AB, Vaasan kaupunki, Kokkolan Matkailu Oy, Haaparannan kunta (Haaparanta\/Tornio), Bothnian Arc ry, Pietarsaaren kaupunki, Pite\u00e5n kunta, Kemin Matkailu Oy, NLC Ferry Ab Oy.<\/em><\/p>\n<p>&nbsp;<\/p>\n<p><em><img decoding=\"async\" class=\"alignleft wp-image-16002\" src=\"https:\/\/www.kvarken.org\/wp-content\/uploads\/2023\/01\/cropped-AURORA-RGB-Color-1.png\" alt=\"\" width=\"600\" height=\"136\" \/><\/em><\/p>\n<p>&nbsp;<\/p>\n<p>&nbsp;<\/p>\n<p>&nbsp;<\/p>\n","protected":false},"excerpt":{"rendered":"<p>Bothnian Coastal Route -hanke huipentui Oulussa 26. marraskuuta j\u00e4rjestettyyn seminaariin, jonne yhteisty\u00f6kumppanit, yritykset ja kansainv\u00e4liset matkailualan edustajat kokoontuivat arvioimaan suomalais-ruotsalaisen hankkeen kolmevuotista taivalta. P\u00e4iv\u00e4n keskusteluissa nousivat esiin hankkeen saavutukset ja alueen kasvupotentiaali kahden maan yhteisen\u00e4 kohteena.<\/p>\n","protected":false},"author":5,"featured_media":24266,"comment_status":"open","ping_status":"open","sticky":false,"template":"","format":"standard","meta":{"_acf_changed":false,"_et_pb_use_builder":"","_et_pb_old_content":"","_et_gb_content_width":"","footnotes":""},"categories":[13],"tags":[],"amnen":[58,119,86],"class_list":["post-24285","post","type-post","status-publish","format-standard","has-post-thumbnail","hentry","category-uncategorized-fi","amnen-matkailu","amnen-verkostot","amnen-yhteistyomuodot-fi"],"acf":[],"yoast_head":"<!-- This site is optimized with the Yoast SEO plugin v27.4 - https:\/\/yoast.com\/product\/yoast-seo-wordpress\/ -->\n<title>Ideasta toteutukseen \u2013 Bothnian Coastal Route -rannikkoreitist\u00e4 rajat ylitt\u00e4v\u00e4 pohjoismainen matkailukohde - Kvarkenr\u00e5det<\/title>\n<meta name=\"robots\" content=\"index, follow, max-snippet:-1, max-image-preview:large, max-video-preview:-1\" \/>\n<link rel=\"canonical\" href=\"https:\/\/www.kvarken.org\/fi\/ideasta-toteutukseen\/\" \/>\n<meta property=\"og:locale\" content=\"fi_FI\" \/>\n<meta property=\"og:type\" content=\"article\" \/>\n<meta property=\"og:title\" content=\"Ideasta toteutukseen \u2013 Bothnian Coastal Route -rannikkoreitist\u00e4 rajat ylitt\u00e4v\u00e4 pohjoismainen matkailukohde - Kvarkenr\u00e5det\" \/>\n<meta property=\"og:description\" content=\"Bothnian Coastal Route -hanke huipentui Oulussa 26. marraskuuta j\u00e4rjestettyyn seminaariin, jonne yhteisty\u00f6kumppanit, yritykset ja kansainv\u00e4liset matkailualan edustajat kokoontuivat arvioimaan suomalais-ruotsalaisen hankkeen kolmevuotista taivalta. P\u00e4iv\u00e4n keskusteluissa nousivat esiin hankkeen saavutukset ja alueen kasvupotentiaali kahden maan yhteisen\u00e4 kohteena.\" \/>\n<meta property=\"og:url\" content=\"https:\/\/www.kvarken.org\/fi\/ideasta-toteutukseen\/\" \/>\n<meta property=\"og:site_name\" content=\"Kvarkenr\u00e5det\" \/>\n<meta property=\"article:published_time\" content=\"2025-12-15T13:56:19+00:00\" \/>\n<meta property=\"article:modified_time\" content=\"2025-12-15T15:37:14+00:00\" \/>\n<meta property=\"og:image\" content=\"https:\/\/www.kvarken.org\/wp-content\/uploads\/2025\/12\/BCR-slutseminarium-1024x618.png\" \/>\n\t<meta property=\"og:image:width\" content=\"1024\" \/>\n\t<meta property=\"og:image:height\" content=\"618\" \/>\n\t<meta property=\"og:image:type\" content=\"image\/png\" \/>\n<meta name=\"author\" content=\"johanna_kvarken\" \/>\n<meta name=\"twitter:card\" content=\"summary_large_image\" \/>\n<meta name=\"twitter:label1\" content=\"Kirjoittanut\" \/>\n\t<meta name=\"twitter:data1\" content=\"johanna_kvarken\" \/>\n\t<meta name=\"twitter:label2\" content=\"Arvioitu lukuaika\" \/>\n\t<meta name=\"twitter:data2\" content=\"4 minuuttia\" \/>\n<script type=\"application\/ld+json\" class=\"yoast-schema-graph\">{\"@context\":\"https:\\\/\\\/schema.org\",\"@graph\":[{\"@type\":\"Article\",\"@id\":\"https:\\\/\\\/www.kvarken.org\\\/fi\\\/ideasta-toteutukseen\\\/#article\",\"isPartOf\":{\"@id\":\"https:\\\/\\\/www.kvarken.org\\\/fi\\\/ideasta-toteutukseen\\\/\"},\"author\":{\"name\":\"johanna_kvarken\",\"@id\":\"https:\\\/\\\/www.kvarken.org\\\/fi\\\/#\\\/schema\\\/person\\\/a3c3f8bad7148ea67cff584ed1b3f1e2\"},\"headline\":\"Ideasta toteutukseen \u2013 Bothnian Coastal Route -rannikkoreitist\u00e4 rajat ylitt\u00e4v\u00e4 pohjoismainen matkailukohde\",\"datePublished\":\"2025-12-15T13:56:19+00:00\",\"dateModified\":\"2025-12-15T15:37:14+00:00\",\"mainEntityOfPage\":{\"@id\":\"https:\\\/\\\/www.kvarken.org\\\/fi\\\/ideasta-toteutukseen\\\/\"},\"wordCount\":729,\"commentCount\":0,\"image\":{\"@id\":\"https:\\\/\\\/www.kvarken.org\\\/fi\\\/ideasta-toteutukseen\\\/#primaryimage\"},\"thumbnailUrl\":\"https:\\\/\\\/www.kvarken.org\\\/wp-content\\\/uploads\\\/2025\\\/12\\\/BCR-slutseminarium.png\",\"articleSection\":[\"Uncategorized @fi\"],\"inLanguage\":\"fi\",\"potentialAction\":[{\"@type\":\"CommentAction\",\"name\":\"Comment\",\"target\":[\"https:\\\/\\\/www.kvarken.org\\\/fi\\\/ideasta-toteutukseen\\\/#respond\"]}]},{\"@type\":\"WebPage\",\"@id\":\"https:\\\/\\\/www.kvarken.org\\\/fi\\\/ideasta-toteutukseen\\\/\",\"url\":\"https:\\\/\\\/www.kvarken.org\\\/fi\\\/ideasta-toteutukseen\\\/\",\"name\":\"Ideasta toteutukseen \u2013 Bothnian Coastal Route -rannikkoreitist\u00e4 rajat ylitt\u00e4v\u00e4 pohjoismainen matkailukohde - Kvarkenr\u00e5det\",\"isPartOf\":{\"@id\":\"https:\\\/\\\/www.kvarken.org\\\/fi\\\/#website\"},\"primaryImageOfPage\":{\"@id\":\"https:\\\/\\\/www.kvarken.org\\\/fi\\\/ideasta-toteutukseen\\\/#primaryimage\"},\"image\":{\"@id\":\"https:\\\/\\\/www.kvarken.org\\\/fi\\\/ideasta-toteutukseen\\\/#primaryimage\"},\"thumbnailUrl\":\"https:\\\/\\\/www.kvarken.org\\\/wp-content\\\/uploads\\\/2025\\\/12\\\/BCR-slutseminarium.png\",\"datePublished\":\"2025-12-15T13:56:19+00:00\",\"dateModified\":\"2025-12-15T15:37:14+00:00\",\"author\":{\"@id\":\"https:\\\/\\\/www.kvarken.org\\\/fi\\\/#\\\/schema\\\/person\\\/a3c3f8bad7148ea67cff584ed1b3f1e2\"},\"breadcrumb\":{\"@id\":\"https:\\\/\\\/www.kvarken.org\\\/fi\\\/ideasta-toteutukseen\\\/#breadcrumb\"},\"inLanguage\":\"fi\",\"potentialAction\":[{\"@type\":\"ReadAction\",\"target\":[\"https:\\\/\\\/www.kvarken.org\\\/fi\\\/ideasta-toteutukseen\\\/\"]}]},{\"@type\":\"ImageObject\",\"inLanguage\":\"fi\",\"@id\":\"https:\\\/\\\/www.kvarken.org\\\/fi\\\/ideasta-toteutukseen\\\/#primaryimage\",\"url\":\"https:\\\/\\\/www.kvarken.org\\\/wp-content\\\/uploads\\\/2025\\\/12\\\/BCR-slutseminarium.png\",\"contentUrl\":\"https:\\\/\\\/www.kvarken.org\\\/wp-content\\\/uploads\\\/2025\\\/12\\\/BCR-slutseminarium.png\",\"width\":5904,\"height\":3561},{\"@type\":\"BreadcrumbList\",\"@id\":\"https:\\\/\\\/www.kvarken.org\\\/fi\\\/ideasta-toteutukseen\\\/#breadcrumb\",\"itemListElement\":[{\"@type\":\"ListItem\",\"position\":1,\"name\":\"Hem\",\"item\":\"https:\\\/\\\/www.kvarken.org\\\/fi\\\/\"},{\"@type\":\"ListItem\",\"position\":2,\"name\":\"Ideasta toteutukseen \u2013 Bothnian Coastal Route -rannikkoreitist\u00e4 rajat ylitt\u00e4v\u00e4 pohjoismainen matkailukohde\"}]},{\"@type\":\"WebSite\",\"@id\":\"https:\\\/\\\/www.kvarken.org\\\/fi\\\/#website\",\"url\":\"https:\\\/\\\/www.kvarken.org\\\/fi\\\/\",\"name\":\"Kvarkenr\u00e5det\",\"description\":\"\",\"potentialAction\":[{\"@type\":\"SearchAction\",\"target\":{\"@type\":\"EntryPoint\",\"urlTemplate\":\"https:\\\/\\\/www.kvarken.org\\\/fi\\\/?s={search_term_string}\"},\"query-input\":{\"@type\":\"PropertyValueSpecification\",\"valueRequired\":true,\"valueName\":\"search_term_string\"}}],\"inLanguage\":\"fi\"},{\"@type\":\"Person\",\"@id\":\"https:\\\/\\\/www.kvarken.org\\\/fi\\\/#\\\/schema\\\/person\\\/a3c3f8bad7148ea67cff584ed1b3f1e2\",\"name\":\"johanna_kvarken\",\"image\":{\"@type\":\"ImageObject\",\"inLanguage\":\"fi\",\"@id\":\"https:\\\/\\\/secure.gravatar.com\\\/avatar\\\/47c65fbd7d5d363246bda56ee5b114e75c2d4727b75bd28a94072a1fe8d5f102?s=96&d=mm&r=g\",\"url\":\"https:\\\/\\\/secure.gravatar.com\\\/avatar\\\/47c65fbd7d5d363246bda56ee5b114e75c2d4727b75bd28a94072a1fe8d5f102?s=96&d=mm&r=g\",\"contentUrl\":\"https:\\\/\\\/secure.gravatar.com\\\/avatar\\\/47c65fbd7d5d363246bda56ee5b114e75c2d4727b75bd28a94072a1fe8d5f102?s=96&d=mm&r=g\",\"caption\":\"johanna_kvarken\"}}]}<\/script>\n<!-- \/ Yoast SEO plugin. -->","yoast_head_json":{"title":"Ideasta toteutukseen \u2013 Bothnian Coastal Route -rannikkoreitist\u00e4 rajat ylitt\u00e4v\u00e4 pohjoismainen matkailukohde - Kvarkenr\u00e5det","robots":{"index":"index","follow":"follow","max-snippet":"max-snippet:-1","max-image-preview":"max-image-preview:large","max-video-preview":"max-video-preview:-1"},"canonical":"https:\/\/www.kvarken.org\/fi\/ideasta-toteutukseen\/","og_locale":"fi_FI","og_type":"article","og_title":"Ideasta toteutukseen \u2013 Bothnian Coastal Route -rannikkoreitist\u00e4 rajat ylitt\u00e4v\u00e4 pohjoismainen matkailukohde - Kvarkenr\u00e5det","og_description":"Bothnian Coastal Route -hanke huipentui Oulussa 26. marraskuuta j\u00e4rjestettyyn seminaariin, jonne yhteisty\u00f6kumppanit, yritykset ja kansainv\u00e4liset matkailualan edustajat kokoontuivat arvioimaan suomalais-ruotsalaisen hankkeen kolmevuotista taivalta. P\u00e4iv\u00e4n keskusteluissa nousivat esiin hankkeen saavutukset ja alueen kasvupotentiaali kahden maan yhteisen\u00e4 kohteena.","og_url":"https:\/\/www.kvarken.org\/fi\/ideasta-toteutukseen\/","og_site_name":"Kvarkenr\u00e5det","article_published_time":"2025-12-15T13:56:19+00:00","article_modified_time":"2025-12-15T15:37:14+00:00","og_image":[{"width":1024,"height":618,"url":"https:\/\/www.kvarken.org\/wp-content\/uploads\/2025\/12\/BCR-slutseminarium-1024x618.png","type":"image\/png"}],"author":"johanna_kvarken","twitter_card":"summary_large_image","twitter_misc":{"Kirjoittanut":"johanna_kvarken","Arvioitu lukuaika":"4 minuuttia"},"schema":{"@context":"https:\/\/schema.org","@graph":[{"@type":"Article","@id":"https:\/\/www.kvarken.org\/fi\/ideasta-toteutukseen\/#article","isPartOf":{"@id":"https:\/\/www.kvarken.org\/fi\/ideasta-toteutukseen\/"},"author":{"name":"johanna_kvarken","@id":"https:\/\/www.kvarken.org\/fi\/#\/schema\/person\/a3c3f8bad7148ea67cff584ed1b3f1e2"},"headline":"Ideasta toteutukseen \u2013 Bothnian Coastal Route -rannikkoreitist\u00e4 rajat ylitt\u00e4v\u00e4 pohjoismainen matkailukohde","datePublished":"2025-12-15T13:56:19+00:00","dateModified":"2025-12-15T15:37:14+00:00","mainEntityOfPage":{"@id":"https:\/\/www.kvarken.org\/fi\/ideasta-toteutukseen\/"},"wordCount":729,"commentCount":0,"image":{"@id":"https:\/\/www.kvarken.org\/fi\/ideasta-toteutukseen\/#primaryimage"},"thumbnailUrl":"https:\/\/www.kvarken.org\/wp-content\/uploads\/2025\/12\/BCR-slutseminarium.png","articleSection":["Uncategorized @fi"],"inLanguage":"fi","potentialAction":[{"@type":"CommentAction","name":"Comment","target":["https:\/\/www.kvarken.org\/fi\/ideasta-toteutukseen\/#respond"]}]},{"@type":"WebPage","@id":"https:\/\/www.kvarken.org\/fi\/ideasta-toteutukseen\/","url":"https:\/\/www.kvarken.org\/fi\/ideasta-toteutukseen\/","name":"Ideasta toteutukseen \u2013 Bothnian Coastal Route -rannikkoreitist\u00e4 rajat ylitt\u00e4v\u00e4 pohjoismainen matkailukohde - Kvarkenr\u00e5det","isPartOf":{"@id":"https:\/\/www.kvarken.org\/fi\/#website"},"primaryImageOfPage":{"@id":"https:\/\/www.kvarken.org\/fi\/ideasta-toteutukseen\/#primaryimage"},"image":{"@id":"https:\/\/www.kvarken.org\/fi\/ideasta-toteutukseen\/#primaryimage"},"thumbnailUrl":"https:\/\/www.kvarken.org\/wp-content\/uploads\/2025\/12\/BCR-slutseminarium.png","datePublished":"2025-12-15T13:56:19+00:00","dateModified":"2025-12-15T15:37:14+00:00","author":{"@id":"https:\/\/www.kvarken.org\/fi\/#\/schema\/person\/a3c3f8bad7148ea67cff584ed1b3f1e2"},"breadcrumb":{"@id":"https:\/\/www.kvarken.org\/fi\/ideasta-toteutukseen\/#breadcrumb"},"inLanguage":"fi","potentialAction":[{"@type":"ReadAction","target":["https:\/\/www.kvarken.org\/fi\/ideasta-toteutukseen\/"]}]},{"@type":"ImageObject","inLanguage":"fi","@id":"https:\/\/www.kvarken.org\/fi\/ideasta-toteutukseen\/#primaryimage","url":"https:\/\/www.kvarken.org\/wp-content\/uploads\/2025\/12\/BCR-slutseminarium.png","contentUrl":"https:\/\/www.kvarken.org\/wp-content\/uploads\/2025\/12\/BCR-slutseminarium.png","width":5904,"height":3561},{"@type":"BreadcrumbList","@id":"https:\/\/www.kvarken.org\/fi\/ideasta-toteutukseen\/#breadcrumb","itemListElement":[{"@type":"ListItem","position":1,"name":"Hem","item":"https:\/\/www.kvarken.org\/fi\/"},{"@type":"ListItem","position":2,"name":"Ideasta toteutukseen \u2013 Bothnian Coastal Route -rannikkoreitist\u00e4 rajat ylitt\u00e4v\u00e4 pohjoismainen matkailukohde"}]},{"@type":"WebSite","@id":"https:\/\/www.kvarken.org\/fi\/#website","url":"https:\/\/www.kvarken.org\/fi\/","name":"Kvarkenr\u00e5det","description":"","potentialAction":[{"@type":"SearchAction","target":{"@type":"EntryPoint","urlTemplate":"https:\/\/www.kvarken.org\/fi\/?s={search_term_string}"},"query-input":{"@type":"PropertyValueSpecification","valueRequired":true,"valueName":"search_term_string"}}],"inLanguage":"fi"},{"@type":"Person","@id":"https:\/\/www.kvarken.org\/fi\/#\/schema\/person\/a3c3f8bad7148ea67cff584ed1b3f1e2","name":"johanna_kvarken","image":{"@type":"ImageObject","inLanguage":"fi","@id":"https:\/\/secure.gravatar.com\/avatar\/47c65fbd7d5d363246bda56ee5b114e75c2d4727b75bd28a94072a1fe8d5f102?s=96&d=mm&r=g","url":"https:\/\/secure.gravatar.com\/avatar\/47c65fbd7d5d363246bda56ee5b114e75c2d4727b75bd28a94072a1fe8d5f102?s=96&d=mm&r=g","contentUrl":"https:\/\/secure.gravatar.com\/avatar\/47c65fbd7d5d363246bda56ee5b114e75c2d4727b75bd28a94072a1fe8d5f102?s=96&d=mm&r=g","caption":"johanna_kvarken"}}]}},"_links":{"self":[{"href":"https:\/\/www.kvarken.org\/fi\/wp-json\/wp\/v2\/posts\/24285","targetHints":{"allow":["GET"]}}],"collection":[{"href":"https:\/\/www.kvarken.org\/fi\/wp-json\/wp\/v2\/posts"}],"about":[{"href":"https:\/\/www.kvarken.org\/fi\/wp-json\/wp\/v2\/types\/post"}],"author":[{"embeddable":true,"href":"https:\/\/www.kvarken.org\/fi\/wp-json\/wp\/v2\/users\/5"}],"replies":[{"embeddable":true,"href":"https:\/\/www.kvarken.org\/fi\/wp-json\/wp\/v2\/comments?post=24285"}],"version-history":[{"count":5,"href":"https:\/\/www.kvarken.org\/fi\/wp-json\/wp\/v2\/posts\/24285\/revisions"}],"predecessor-version":[{"id":24310,"href":"https:\/\/www.kvarken.org\/fi\/wp-json\/wp\/v2\/posts\/24285\/revisions\/24310"}],"wp:featuredmedia":[{"embeddable":true,"href":"https:\/\/www.kvarken.org\/fi\/wp-json\/wp\/v2\/media\/24266"}],"wp:attachment":[{"href":"https:\/\/www.kvarken.org\/fi\/wp-json\/wp\/v2\/media?parent=24285"}],"wp:term":[{"taxonomy":"category","embeddable":true,"href":"https:\/\/www.kvarken.org\/fi\/wp-json\/wp\/v2\/categories?post=24285"},{"taxonomy":"post_tag","embeddable":true,"href":"https:\/\/www.kvarken.org\/fi\/wp-json\/wp\/v2\/tags?post=24285"},{"taxonomy":"amnen","embeddable":true,"href":"https:\/\/www.kvarken.org\/fi\/wp-json\/wp\/v2\/amnen?post=24285"}],"curies":[{"name":"wp","href":"https:\/\/api.w.org\/{rel}","templated":true}]}}