{"id":24722,"date":"2026-03-24T21:47:53","date_gmt":"2026-03-24T18:47:53","guid":{"rendered":"https:\/\/www.kvarken.org\/?p=24722"},"modified":"2026-03-26T10:12:36","modified_gmt":"2026-03-26T07:12:36","slug":"merenkurkun-kiintea-yhteys-ruotsin-valtiopaivilla-jarjestetyssa-seminaarissa","status":"publish","type":"post","link":"https:\/\/www.kvarken.org\/fi\/merenkurkun-kiintea-yhteys-ruotsin-valtiopaivilla-jarjestetyssa-seminaarissa\/","title":{"rendered":"Merenkurkun kiinte\u00e4 yhteys Ruotsin valtiop\u00e4ivill\u00e4 j\u00e4rjestetyss\u00e4 seminaarissa"},"content":{"rendered":"<h1>Merenkurkun kiinte\u00e4 yhteys esill\u00e4 Ruotsin valtiop\u00e4ivill\u00e4\u2013 it\u00e4\u2013l\u00e4nsi-yhteydet strategiseksi kysymykseksi Pohjolassa<\/h1>\n<p><em>Pohjoisen Euroopan ja Pohjolan it\u00e4\u2013l\u00e4nsi-yhteyksien vahvistaminen nostettiin strategiseksi kysymykseksi, kun kansanedustajat kautta koko ruotsalaisen poliittisen kent\u00e4n yhdess\u00e4 Suomesta vierailleiden poliittisten edustajien ja puhujien kanssa kokoontuivat Ruotsin valtiop\u00e4ivill\u00e4 j\u00e4rjestetyss\u00e4 seminaarissa 19. maaliskuuta.<\/em><\/p>\n<p><em>Tapaamisen keski\u00f6ss\u00e4 oli Merenkurkun kiinte\u00e4 yhteys sek\u00e4 Nordic Connector -aloite eli pohjoisen Pohjolan it\u00e4<\/em>\u2013<em>l\u00e4nsi-suuntainen kuljetus- ja kasvuk\u00e4yt\u00e4v\u00e4, jonka toteutumisessa ratkaisevana askeleena on kiinte\u00e4 yhteys Vaasan ja Uumajan v\u00e4lill\u00e4. Keskustelu osoitti, ett\u00e4 kuljetusinfrastruktuuria pohdittaessa n\u00e4k\u00f6kulmaa on tarpeen vaihtaa yksitt\u00e4isist\u00e4 kansallisista investoinneista pohjoismaiseen kokonaisperspektiiviin, jossa painopiste on yhteisess\u00e4 suunnittelussa ja priorisoinnissa.<\/em><\/p>\n<p>&nbsp;<\/p>\n<div id=\"attachment_24723\" style=\"width: 1034px\" class=\"wp-caption alignnone\"><img decoding=\"async\" aria-describedby=\"caption-attachment-24723\" class=\"wp-image-24723 size-large\" src=\"https:\/\/www.kvarken.org\/wp-content\/uploads\/2026\/03\/20260319-Riksdagsseminarium-Lindh-och-Deremar-1024x768.jpg\" alt=\"\" width=\"1024\" height=\"768\" srcset=\"https:\/\/www.kvarken.org\/wp-content\/uploads\/2026\/03\/20260319-Riksdagsseminarium-Lindh-och-Deremar-980x735.jpg 980w, https:\/\/www.kvarken.org\/wp-content\/uploads\/2026\/03\/20260319-Riksdagsseminarium-Lindh-och-Deremar-480x360.jpg 480w\" sizes=\"(min-width: 0px) and (max-width: 480px) 480px, (min-width: 481px) and (max-width: 980px) 980px, (min-width: 981px) 1024px, 100vw\" \/><p id=\"caption-attachment-24723\" class=\"wp-caption-text\">Seminaarin <i>\u201cEn game changer f\u00f6r Sverige och Finland\u201d<\/i> j\u00e4rjestiv\u00e4t kansanedustajat Catarina Deremar (C) ja Eva Lindh (S).<\/p><\/div>\n<p>&nbsp;<\/p>\n<p>Seminaarin j\u00e4rjestiv\u00e4t kansanedustajat <strong>Catarina Deremar<\/strong> (Ruotsin keskustapuolue) ja <strong>Eva Lindh<\/strong> (Ruotsin sosiaalidemokraattinen ty\u00f6v\u00e4enpuolue). Tilaisuudessa esiteltiin Suomessa Merenkurkun kiinte\u00e4st\u00e4 yhteydest\u00e4 tehdyn viranomaisselvityksen tuloksia sek\u00e4 tekeill\u00e4 olevia analyysej\u00e4 Suomen ja Ruotsin v\u00e4lisest\u00e4 rajat ylitt\u00e4v\u00e4st\u00e4 yhteisty\u00f6st\u00e4.<\/p>\n<p>Seminaaria, selvityksi\u00e4 ja analyysej\u00e4 tulee tarkastella ennen kaikkea pohjoisen Pohjolan nopeasti kasvavan teollisuuden sek\u00e4 Euroopan muuttuneen turvallisuustilanteen valossa. Samalla on huomioitava kest\u00e4vien, toimintavarmojen ja kustannustehokkaiden kuljetusratkaisujen tarpeen kasvu Pohjoismaiden v\u00e4lill\u00e4.<\/p>\n<p>\u2013 Infrastruktuuri, kilpailukyky ja valmius ovat tiiviisti kytk\u00f6ksiss\u00e4 toisiinsa.\u00a0T\u00e4ss\u00e4 ajassa tarvitaan yh\u00e4 enemm\u00e4n yhteist\u00e4 suunnittelua ja konkreettisia priorisointeja pohjoismaisella tasolla, sanoo kansanedustaja ja Pohjoismaiden neuvoston j\u00e4sen\u00a0<strong>Eva Lindh<\/strong>.<\/p>\n<p>&nbsp;<\/p>\n<div id=\"attachment_24726\" style=\"width: 1034px\" class=\"wp-caption alignnone\"><img decoding=\"async\" aria-describedby=\"caption-attachment-24726\" class=\"wp-image-24726 size-large\" src=\"https:\/\/www.kvarken.org\/wp-content\/uploads\/2026\/03\/20260319-Riksdagsseminarium-Skinnari-1024x768.jpg\" alt=\"\" width=\"1024\" height=\"768\" srcset=\"https:\/\/www.kvarken.org\/wp-content\/uploads\/2026\/03\/20260319-Riksdagsseminarium-Skinnari-980x735.jpg 980w, https:\/\/www.kvarken.org\/wp-content\/uploads\/2026\/03\/20260319-Riksdagsseminarium-Skinnari-480x360.jpg 480w\" sizes=\"(min-width: 0px) and (max-width: 480px) 480px, (min-width: 481px) and (max-width: 980px) 980px, (min-width: 981px) 1024px, 100vw\" \/><p id=\"caption-attachment-24726\" class=\"wp-caption-text\">Suomen kansanedustaja ja entinen kehitysyhteisty\u00f6- ja ulkomaankauppaministeri Ville Skinnari (SDP) puhui seminaarissa, jossa oli l\u00e4sn\u00e4 kansanedustajia koko Ruotsin poliittiselta kent\u00e4lt\u00e4.<\/p><\/div>\n<p>&nbsp;<\/p>\n<p>Puhujana seminaariin osallistunut kansanedustaja ja entinen kehitysyhteisty\u00f6- ja ulkomaankauppaministeri <strong>Ville Skinnari<\/strong> (SDP) painotti puheenvuorossaan strategiseen infrastruktuuriin kohdistuvien yhteisten investointien tarvetta.<\/p>\n<p>\u2013 Infrastruktuurin tulee alusta l\u00e4htien olla toimiva niin elinkeinoel\u00e4m\u00e4n kuin turvallisuuden n\u00e4k\u00f6kulmasta. T\u00e4m\u00e4 edellytt\u00e4\u00e4 yhteist\u00e4 suunnittelua ja Pohjoismaiden v\u00e4lisi\u00e4 investointeja, <strong>Ville Skinnari<\/strong> sanoo.<\/p>\n<p>Merenkurkun ylitt\u00e4v\u00e4 kiinte\u00e4 yhteys mainitaan Suomen valtakunnallisessa liikennej\u00e4rjestelm\u00e4suunnitelmassa Liikenne 12 (2026-2037) sek\u00e4 nykyisess\u00e4 hallitusohjelmassa. Suomessa ty\u00f6 on siis jo edennyt, ja Ruotsissa nyt k\u00e4yty keskustelu osoitti selv\u00e4sti, ett\u00e4 maiden v\u00e4liselle yhteiselle suunnittelulle on tarvetta.<\/p>\n<h2>Nordic Connector ja kiinte\u00e4n yhteyden rooli<\/h2>\n<p>Vaasan ja Uumajan v\u00e4linen kiinte\u00e4 yhteys on keskeinen osa Nordic Connector -aloitetta. T\u00e4m\u00e4 it\u00e4\u2013l\u00e4nsi-suuntainen kuljetusk\u00e4yt\u00e4v\u00e4 yhdist\u00e4isi Suomen ja Ruotsin, ja toimisi linkkin\u00e4 my\u00f6s Norjaan ja sit\u00e4 kautta Atlantin rannikolle. Yhteys loisi lyhyempi\u00e4, ymp\u00e4rist\u00f6- ja kustannustehokkaampia kuljetusketjuja, parantaisi huoltovarmuutta sek\u00e4 edist\u00e4isi vahvempaa ja integroidumpaa pohjoismaista kuljetusj\u00e4rjestelm\u00e4\u00e4.<\/p>\n<p>Merenkurkun neuvosto EAYY osallistui seminaariin Suomen ja Ruotsin v\u00e4lisen\u00e4 rajat ylitt\u00e4v\u00e4n\u00e4 yhteisty\u00f6alustana ja Nordic Connector -aloitteen keskeisen\u00e4 toimijana. EU:n rahoittama Interreg Aurora -hanke FLINC tuottaa analyysej\u00e4 ja p\u00e4\u00e4t\u00f6ksentekoa tukevaa aineistoa rahoituksen, laajempien yhteiskunnallisten hy\u00f6tyjen ja suurten, rajat ylitt\u00e4vien infrastruktuuri-investointien mahdollistamiseksi. Nordic Connectoria k\u00e4ytet\u00e4\u00e4n hankkeessa konkreettisena esimerkkin\u00e4. T\u00e4t\u00e4 ty\u00f6t\u00e4 esiteltiin my\u00f6s seminaarissa.<\/p>\n<p>\u2013 Asiassa etenemiselle on olemassa selke\u00e4 poliittinen tahto. Keskustelu osoittaa, ett\u00e4 tarvitaan yhteist\u00e4 suunnittelua ja kest\u00e4vi\u00e4 rahoitusratkaisuja. T\u00e4ss\u00e4 ty\u00f6ss\u00e4 elinkeinoel\u00e4m\u00e4n tarpeet ja osallisuus ovat ratkaisevassa roolissa, jotta investoinnit toimisivat k\u00e4yt\u00e4nn\u00f6ss\u00e4 ja edist\u00e4isiv\u00e4t vahvempaa pohjoismaista kilpailukyky\u00e4, huoltovarmuutta ja kriisinsietokyky\u00e4. Merenkurkun kiinte\u00e4 yhteys on konkreettinen askel t\u00e4h\u00e4n suuntaan, sanoo V\u00e4sterbottenin aluevaltuutettu ja Merenkurkun neuvosto EAYY:n hallituksen puheenjohtaja <strong>Rickard Carstedt<\/strong>.<\/p>\n<p>FLINC-hankkeen puitteissa tehdyt analyysit valmistuvat vuoden 2026 aikana ja tarjoavat maidemme p\u00e4\u00e4tt\u00e4jille vahvaa tietoa kiinte\u00e4\u00e4 yhteytt\u00e4 koskevan tulevan p\u00e4\u00e4t\u00f6ksenteon tueksi. Aineistot kattavat muun muassa rahoitusmalleja, laajemman yhteiskunnallisen hy\u00f6dyn arvioimiseksi laadittuja menetelmi\u00e4 sek\u00e4 sotilaalliseen liikkuvuuteen ja huoltovarmuuteen liittyvi\u00e4 kysymyksi\u00e4. Ty\u00f6n tavoitteena on lis\u00e4ksi tukea vastaavia panostuksia muilla rajaseuduilla.<\/p>\n<p>&nbsp;<\/p>\n<div id=\"attachment_24729\" style=\"width: 805px\" class=\"wp-caption alignnone\"><img decoding=\"async\" aria-describedby=\"caption-attachment-24729\" class=\"wp-image-24729 size-large\" src=\"https:\/\/www.kvarken.org\/wp-content\/uploads\/2026\/03\/Asa-Karlsson-Ville-Rickard-795x1024.png\" alt=\"\" width=\"795\" height=\"1024\" \/><p id=\"caption-attachment-24729\" class=\"wp-caption-text\">Kansanedustaj \u00c5sa Karlsson (S), valtiop\u00e4ivien liikennevaliokunnan j\u00e4sen ja Pohjoismaiden neuvoston Ruotsin valtuuskunnan j\u00e4sen, Ville Skinnari (SDP), kansanedustaja ja entinen kehitysyhteisty\u00f6- ja ulkomaankauppaministeri, sek\u00e4 Rickard Carstedt (S), V\u00e4sterbottenin aluevaltuutettu ja Merenkurkun neuvosto EAYY:n hallituksen puheenjohtaja.<\/p><\/div>\n<p>&nbsp;<\/p>\n<h4><em>FLINC-hanke<\/em><\/h4>\n<p><em>FLINC (Financing Large-Scale Cross-Border Infrastructure \u2013 Case Nordic Connector) kehitt\u00e4\u00e4 rahoitusmalleja ja analyysimenetelmi\u00e4 suuren mittakaavan rajat ylitt\u00e4v\u00e4n infrastruktuurin yhteiskunnallisten hy\u00f6tyjen arvioimiseksi. Nordic Connector toimii hankkeen tapaustutkimuksena.<\/em><\/p>\n<p><em>Hankekumppanit: Merenkurkun neuvosto EAYY (ainoa tuensaaja, EAYY)<\/em><br \/>\n<em>Ohjausryhm\u00e4\u00e4n kuuluu edustajia muun muassa V\u00e4yl\u00e4virastosta, Traficomista ja Ruotsin Trafikverketist\u00e4.<\/em><br \/>\n<em>Rahoittajat: Interreg Aurora, Lapin liitto, V\u00e4yl\u00e4virasto, Vaasan kaupunki, Uumajan kunta<\/em><\/p>\n<p><em>Hankeaika: 1.4.2025\u201331.12.2026<\/em><br \/>\n<em>Hankkeen budjetti: 599 600 euroa<\/em><\/p>\n<p><em>Lis\u00e4tietoa FLINC hankkeesta: <a href=\"https:\/\/www.kvarken.org\/fi\/hankkeet\/flinc\/\">https:\/\/www.kvarken.org\/fi\/hankkeet\/flinc\/<\/a><\/em><\/p>\n<p>&nbsp;<\/p>\n<p><img decoding=\"async\" class=\"alignleft wp-image-16002\" src=\"https:\/\/www.kvarken.org\/wp-content\/uploads\/2023\/01\/cropped-AURORA-RGB-Color-1.png\" alt=\"\" width=\"600\" height=\"136\" \/><\/p>\n<p>&nbsp;<\/p>\n<p>&nbsp;<\/p>\n<p>&nbsp;<\/p>\n","protected":false},"excerpt":{"rendered":"<p>Merenkurkun kiinte\u00e4 yhteys esill\u00e4 Ruotsin valtiop\u00e4ivill\u00e4\u2013 it\u00e4\u2013l\u00e4nsi-yhteydet strategiseksi kysymykseksi Pohjolassa<\/p>\n","protected":false},"author":5,"featured_media":24725,"comment_status":"open","ping_status":"open","sticky":false,"template":"","format":"standard","meta":{"_acf_changed":false,"_et_pb_use_builder":"","_et_pb_old_content":"","_et_gb_content_width":"","footnotes":""},"categories":[67,13],"tags":[],"amnen":[129,63,56,34,131,132,119,86],"class_list":["post-24722","post","type-post","status-publish","format-standard","has-post-thumbnail","hentry","category-lehdistotiedote","category-uncategorized-fi","amnen-business-2-fi","amnen-innovaatio","amnen-infrastruktuuri","amnen-liiketoiminta","amnen-networks-2-fi","amnen-transport-and-infrastructure-fi","amnen-verkostot","amnen-yhteistyomuodot-fi"],"acf":[],"yoast_head":"<!-- This site is optimized with the Yoast SEO plugin v27.4 - https:\/\/yoast.com\/product\/yoast-seo-wordpress\/ -->\n<title>Merenkurkun kiinte\u00e4 yhteys Ruotsin valtiop\u00e4ivill\u00e4 j\u00e4rjestetyss\u00e4 seminaarissa - Kvarkenr\u00e5det<\/title>\n<meta name=\"robots\" content=\"index, follow, max-snippet:-1, max-image-preview:large, max-video-preview:-1\" \/>\n<link rel=\"canonical\" href=\"https:\/\/www.kvarken.org\/fi\/merenkurkun-kiintea-yhteys-ruotsin-valtiopaivilla-jarjestetyssa-seminaarissa\/\" \/>\n<meta property=\"og:locale\" content=\"fi_FI\" \/>\n<meta property=\"og:type\" content=\"article\" \/>\n<meta property=\"og:title\" content=\"Merenkurkun kiinte\u00e4 yhteys Ruotsin valtiop\u00e4ivill\u00e4 j\u00e4rjestetyss\u00e4 seminaarissa - Kvarkenr\u00e5det\" \/>\n<meta property=\"og:description\" content=\"Merenkurkun kiinte\u00e4 yhteys esill\u00e4 Ruotsin valtiop\u00e4ivill\u00e4\u2013 it\u00e4\u2013l\u00e4nsi-yhteydet strategiseksi kysymykseksi Pohjolassa\" \/>\n<meta property=\"og:url\" content=\"https:\/\/www.kvarken.org\/fi\/merenkurkun-kiintea-yhteys-ruotsin-valtiopaivilla-jarjestetyssa-seminaarissa\/\" \/>\n<meta property=\"og:site_name\" content=\"Kvarkenr\u00e5det\" \/>\n<meta property=\"article:published_time\" content=\"2026-03-24T18:47:53+00:00\" \/>\n<meta property=\"article:modified_time\" content=\"2026-03-26T07:12:36+00:00\" \/>\n<meta property=\"og:image\" content=\"https:\/\/www.kvarken.org\/wp-content\/uploads\/2026\/03\/20260319-Riksdagsseminarium-Lindh-och-Deremar-1024x768.jpg\" \/>\n\t<meta property=\"og:image:width\" content=\"1024\" \/>\n\t<meta property=\"og:image:height\" content=\"768\" \/>\n\t<meta property=\"og:image:type\" content=\"image\/jpeg\" \/>\n<meta name=\"author\" content=\"johanna_kvarken\" \/>\n<meta name=\"twitter:card\" content=\"summary_large_image\" \/>\n<meta name=\"twitter:label1\" content=\"Kirjoittanut\" \/>\n\t<meta name=\"twitter:data1\" content=\"johanna_kvarken\" \/>\n\t<meta name=\"twitter:label2\" content=\"Arvioitu lukuaika\" \/>\n\t<meta name=\"twitter:data2\" content=\"5 minuuttia\" \/>\n<script type=\"application\/ld+json\" class=\"yoast-schema-graph\">{\"@context\":\"https:\\\/\\\/schema.org\",\"@graph\":[{\"@type\":\"Article\",\"@id\":\"https:\\\/\\\/www.kvarken.org\\\/fi\\\/merenkurkun-kiintea-yhteys-ruotsin-valtiopaivilla-jarjestetyssa-seminaarissa\\\/#article\",\"isPartOf\":{\"@id\":\"https:\\\/\\\/www.kvarken.org\\\/fi\\\/merenkurkun-kiintea-yhteys-ruotsin-valtiopaivilla-jarjestetyssa-seminaarissa\\\/\"},\"author\":{\"name\":\"johanna_kvarken\",\"@id\":\"https:\\\/\\\/www.kvarken.org\\\/fi\\\/#\\\/schema\\\/person\\\/a3c3f8bad7148ea67cff584ed1b3f1e2\"},\"headline\":\"Merenkurkun kiinte\u00e4 yhteys Ruotsin valtiop\u00e4ivill\u00e4 j\u00e4rjestetyss\u00e4 seminaarissa\",\"datePublished\":\"2026-03-24T18:47:53+00:00\",\"dateModified\":\"2026-03-26T07:12:36+00:00\",\"mainEntityOfPage\":{\"@id\":\"https:\\\/\\\/www.kvarken.org\\\/fi\\\/merenkurkun-kiintea-yhteys-ruotsin-valtiopaivilla-jarjestetyssa-seminaarissa\\\/\"},\"wordCount\":752,\"commentCount\":0,\"image\":{\"@id\":\"https:\\\/\\\/www.kvarken.org\\\/fi\\\/merenkurkun-kiintea-yhteys-ruotsin-valtiopaivilla-jarjestetyssa-seminaarissa\\\/#primaryimage\"},\"thumbnailUrl\":\"https:\\\/\\\/www.kvarken.org\\\/wp-content\\\/uploads\\\/2026\\\/03\\\/20260319-Riksdagsseminarium-Lindh-och-Deremar.jpg\",\"articleSection\":[\"Lehdist\u00f6tiedote\",\"Uncategorized @fi\"],\"inLanguage\":\"fi\",\"potentialAction\":[{\"@type\":\"CommentAction\",\"name\":\"Comment\",\"target\":[\"https:\\\/\\\/www.kvarken.org\\\/fi\\\/merenkurkun-kiintea-yhteys-ruotsin-valtiopaivilla-jarjestetyssa-seminaarissa\\\/#respond\"]}]},{\"@type\":\"WebPage\",\"@id\":\"https:\\\/\\\/www.kvarken.org\\\/fi\\\/merenkurkun-kiintea-yhteys-ruotsin-valtiopaivilla-jarjestetyssa-seminaarissa\\\/\",\"url\":\"https:\\\/\\\/www.kvarken.org\\\/fi\\\/merenkurkun-kiintea-yhteys-ruotsin-valtiopaivilla-jarjestetyssa-seminaarissa\\\/\",\"name\":\"Merenkurkun kiinte\u00e4 yhteys Ruotsin valtiop\u00e4ivill\u00e4 j\u00e4rjestetyss\u00e4 seminaarissa - Kvarkenr\u00e5det\",\"isPartOf\":{\"@id\":\"https:\\\/\\\/www.kvarken.org\\\/fi\\\/#website\"},\"primaryImageOfPage\":{\"@id\":\"https:\\\/\\\/www.kvarken.org\\\/fi\\\/merenkurkun-kiintea-yhteys-ruotsin-valtiopaivilla-jarjestetyssa-seminaarissa\\\/#primaryimage\"},\"image\":{\"@id\":\"https:\\\/\\\/www.kvarken.org\\\/fi\\\/merenkurkun-kiintea-yhteys-ruotsin-valtiopaivilla-jarjestetyssa-seminaarissa\\\/#primaryimage\"},\"thumbnailUrl\":\"https:\\\/\\\/www.kvarken.org\\\/wp-content\\\/uploads\\\/2026\\\/03\\\/20260319-Riksdagsseminarium-Lindh-och-Deremar.jpg\",\"datePublished\":\"2026-03-24T18:47:53+00:00\",\"dateModified\":\"2026-03-26T07:12:36+00:00\",\"author\":{\"@id\":\"https:\\\/\\\/www.kvarken.org\\\/fi\\\/#\\\/schema\\\/person\\\/a3c3f8bad7148ea67cff584ed1b3f1e2\"},\"breadcrumb\":{\"@id\":\"https:\\\/\\\/www.kvarken.org\\\/fi\\\/merenkurkun-kiintea-yhteys-ruotsin-valtiopaivilla-jarjestetyssa-seminaarissa\\\/#breadcrumb\"},\"inLanguage\":\"fi\",\"potentialAction\":[{\"@type\":\"ReadAction\",\"target\":[\"https:\\\/\\\/www.kvarken.org\\\/fi\\\/merenkurkun-kiintea-yhteys-ruotsin-valtiopaivilla-jarjestetyssa-seminaarissa\\\/\"]}]},{\"@type\":\"ImageObject\",\"inLanguage\":\"fi\",\"@id\":\"https:\\\/\\\/www.kvarken.org\\\/fi\\\/merenkurkun-kiintea-yhteys-ruotsin-valtiopaivilla-jarjestetyssa-seminaarissa\\\/#primaryimage\",\"url\":\"https:\\\/\\\/www.kvarken.org\\\/wp-content\\\/uploads\\\/2026\\\/03\\\/20260319-Riksdagsseminarium-Lindh-och-Deremar.jpg\",\"contentUrl\":\"https:\\\/\\\/www.kvarken.org\\\/wp-content\\\/uploads\\\/2026\\\/03\\\/20260319-Riksdagsseminarium-Lindh-och-Deremar.jpg\",\"width\":11424,\"height\":8568},{\"@type\":\"BreadcrumbList\",\"@id\":\"https:\\\/\\\/www.kvarken.org\\\/fi\\\/merenkurkun-kiintea-yhteys-ruotsin-valtiopaivilla-jarjestetyssa-seminaarissa\\\/#breadcrumb\",\"itemListElement\":[{\"@type\":\"ListItem\",\"position\":1,\"name\":\"Hem\",\"item\":\"https:\\\/\\\/www.kvarken.org\\\/fi\\\/\"},{\"@type\":\"ListItem\",\"position\":2,\"name\":\"Merenkurkun kiinte\u00e4 yhteys Ruotsin valtiop\u00e4ivill\u00e4 j\u00e4rjestetyss\u00e4 seminaarissa\"}]},{\"@type\":\"WebSite\",\"@id\":\"https:\\\/\\\/www.kvarken.org\\\/fi\\\/#website\",\"url\":\"https:\\\/\\\/www.kvarken.org\\\/fi\\\/\",\"name\":\"Kvarkenr\u00e5det\",\"description\":\"\",\"potentialAction\":[{\"@type\":\"SearchAction\",\"target\":{\"@type\":\"EntryPoint\",\"urlTemplate\":\"https:\\\/\\\/www.kvarken.org\\\/fi\\\/?s={search_term_string}\"},\"query-input\":{\"@type\":\"PropertyValueSpecification\",\"valueRequired\":true,\"valueName\":\"search_term_string\"}}],\"inLanguage\":\"fi\"},{\"@type\":\"Person\",\"@id\":\"https:\\\/\\\/www.kvarken.org\\\/fi\\\/#\\\/schema\\\/person\\\/a3c3f8bad7148ea67cff584ed1b3f1e2\",\"name\":\"johanna_kvarken\",\"image\":{\"@type\":\"ImageObject\",\"inLanguage\":\"fi\",\"@id\":\"https:\\\/\\\/secure.gravatar.com\\\/avatar\\\/47c65fbd7d5d363246bda56ee5b114e75c2d4727b75bd28a94072a1fe8d5f102?s=96&d=mm&r=g\",\"url\":\"https:\\\/\\\/secure.gravatar.com\\\/avatar\\\/47c65fbd7d5d363246bda56ee5b114e75c2d4727b75bd28a94072a1fe8d5f102?s=96&d=mm&r=g\",\"contentUrl\":\"https:\\\/\\\/secure.gravatar.com\\\/avatar\\\/47c65fbd7d5d363246bda56ee5b114e75c2d4727b75bd28a94072a1fe8d5f102?s=96&d=mm&r=g\",\"caption\":\"johanna_kvarken\"}}]}<\/script>\n<!-- \/ Yoast SEO plugin. -->","yoast_head_json":{"title":"Merenkurkun kiinte\u00e4 yhteys Ruotsin valtiop\u00e4ivill\u00e4 j\u00e4rjestetyss\u00e4 seminaarissa - Kvarkenr\u00e5det","robots":{"index":"index","follow":"follow","max-snippet":"max-snippet:-1","max-image-preview":"max-image-preview:large","max-video-preview":"max-video-preview:-1"},"canonical":"https:\/\/www.kvarken.org\/fi\/merenkurkun-kiintea-yhteys-ruotsin-valtiopaivilla-jarjestetyssa-seminaarissa\/","og_locale":"fi_FI","og_type":"article","og_title":"Merenkurkun kiinte\u00e4 yhteys Ruotsin valtiop\u00e4ivill\u00e4 j\u00e4rjestetyss\u00e4 seminaarissa - Kvarkenr\u00e5det","og_description":"Merenkurkun kiinte\u00e4 yhteys esill\u00e4 Ruotsin valtiop\u00e4ivill\u00e4\u2013 it\u00e4\u2013l\u00e4nsi-yhteydet strategiseksi kysymykseksi Pohjolassa","og_url":"https:\/\/www.kvarken.org\/fi\/merenkurkun-kiintea-yhteys-ruotsin-valtiopaivilla-jarjestetyssa-seminaarissa\/","og_site_name":"Kvarkenr\u00e5det","article_published_time":"2026-03-24T18:47:53+00:00","article_modified_time":"2026-03-26T07:12:36+00:00","og_image":[{"width":1024,"height":768,"url":"https:\/\/www.kvarken.org\/wp-content\/uploads\/2026\/03\/20260319-Riksdagsseminarium-Lindh-och-Deremar-1024x768.jpg","type":"image\/jpeg"}],"author":"johanna_kvarken","twitter_card":"summary_large_image","twitter_misc":{"Kirjoittanut":"johanna_kvarken","Arvioitu lukuaika":"5 minuuttia"},"schema":{"@context":"https:\/\/schema.org","@graph":[{"@type":"Article","@id":"https:\/\/www.kvarken.org\/fi\/merenkurkun-kiintea-yhteys-ruotsin-valtiopaivilla-jarjestetyssa-seminaarissa\/#article","isPartOf":{"@id":"https:\/\/www.kvarken.org\/fi\/merenkurkun-kiintea-yhteys-ruotsin-valtiopaivilla-jarjestetyssa-seminaarissa\/"},"author":{"name":"johanna_kvarken","@id":"https:\/\/www.kvarken.org\/fi\/#\/schema\/person\/a3c3f8bad7148ea67cff584ed1b3f1e2"},"headline":"Merenkurkun kiinte\u00e4 yhteys Ruotsin valtiop\u00e4ivill\u00e4 j\u00e4rjestetyss\u00e4 seminaarissa","datePublished":"2026-03-24T18:47:53+00:00","dateModified":"2026-03-26T07:12:36+00:00","mainEntityOfPage":{"@id":"https:\/\/www.kvarken.org\/fi\/merenkurkun-kiintea-yhteys-ruotsin-valtiopaivilla-jarjestetyssa-seminaarissa\/"},"wordCount":752,"commentCount":0,"image":{"@id":"https:\/\/www.kvarken.org\/fi\/merenkurkun-kiintea-yhteys-ruotsin-valtiopaivilla-jarjestetyssa-seminaarissa\/#primaryimage"},"thumbnailUrl":"https:\/\/www.kvarken.org\/wp-content\/uploads\/2026\/03\/20260319-Riksdagsseminarium-Lindh-och-Deremar.jpg","articleSection":["Lehdist\u00f6tiedote","Uncategorized @fi"],"inLanguage":"fi","potentialAction":[{"@type":"CommentAction","name":"Comment","target":["https:\/\/www.kvarken.org\/fi\/merenkurkun-kiintea-yhteys-ruotsin-valtiopaivilla-jarjestetyssa-seminaarissa\/#respond"]}]},{"@type":"WebPage","@id":"https:\/\/www.kvarken.org\/fi\/merenkurkun-kiintea-yhteys-ruotsin-valtiopaivilla-jarjestetyssa-seminaarissa\/","url":"https:\/\/www.kvarken.org\/fi\/merenkurkun-kiintea-yhteys-ruotsin-valtiopaivilla-jarjestetyssa-seminaarissa\/","name":"Merenkurkun kiinte\u00e4 yhteys Ruotsin valtiop\u00e4ivill\u00e4 j\u00e4rjestetyss\u00e4 seminaarissa - Kvarkenr\u00e5det","isPartOf":{"@id":"https:\/\/www.kvarken.org\/fi\/#website"},"primaryImageOfPage":{"@id":"https:\/\/www.kvarken.org\/fi\/merenkurkun-kiintea-yhteys-ruotsin-valtiopaivilla-jarjestetyssa-seminaarissa\/#primaryimage"},"image":{"@id":"https:\/\/www.kvarken.org\/fi\/merenkurkun-kiintea-yhteys-ruotsin-valtiopaivilla-jarjestetyssa-seminaarissa\/#primaryimage"},"thumbnailUrl":"https:\/\/www.kvarken.org\/wp-content\/uploads\/2026\/03\/20260319-Riksdagsseminarium-Lindh-och-Deremar.jpg","datePublished":"2026-03-24T18:47:53+00:00","dateModified":"2026-03-26T07:12:36+00:00","author":{"@id":"https:\/\/www.kvarken.org\/fi\/#\/schema\/person\/a3c3f8bad7148ea67cff584ed1b3f1e2"},"breadcrumb":{"@id":"https:\/\/www.kvarken.org\/fi\/merenkurkun-kiintea-yhteys-ruotsin-valtiopaivilla-jarjestetyssa-seminaarissa\/#breadcrumb"},"inLanguage":"fi","potentialAction":[{"@type":"ReadAction","target":["https:\/\/www.kvarken.org\/fi\/merenkurkun-kiintea-yhteys-ruotsin-valtiopaivilla-jarjestetyssa-seminaarissa\/"]}]},{"@type":"ImageObject","inLanguage":"fi","@id":"https:\/\/www.kvarken.org\/fi\/merenkurkun-kiintea-yhteys-ruotsin-valtiopaivilla-jarjestetyssa-seminaarissa\/#primaryimage","url":"https:\/\/www.kvarken.org\/wp-content\/uploads\/2026\/03\/20260319-Riksdagsseminarium-Lindh-och-Deremar.jpg","contentUrl":"https:\/\/www.kvarken.org\/wp-content\/uploads\/2026\/03\/20260319-Riksdagsseminarium-Lindh-och-Deremar.jpg","width":11424,"height":8568},{"@type":"BreadcrumbList","@id":"https:\/\/www.kvarken.org\/fi\/merenkurkun-kiintea-yhteys-ruotsin-valtiopaivilla-jarjestetyssa-seminaarissa\/#breadcrumb","itemListElement":[{"@type":"ListItem","position":1,"name":"Hem","item":"https:\/\/www.kvarken.org\/fi\/"},{"@type":"ListItem","position":2,"name":"Merenkurkun kiinte\u00e4 yhteys Ruotsin valtiop\u00e4ivill\u00e4 j\u00e4rjestetyss\u00e4 seminaarissa"}]},{"@type":"WebSite","@id":"https:\/\/www.kvarken.org\/fi\/#website","url":"https:\/\/www.kvarken.org\/fi\/","name":"Kvarkenr\u00e5det","description":"","potentialAction":[{"@type":"SearchAction","target":{"@type":"EntryPoint","urlTemplate":"https:\/\/www.kvarken.org\/fi\/?s={search_term_string}"},"query-input":{"@type":"PropertyValueSpecification","valueRequired":true,"valueName":"search_term_string"}}],"inLanguage":"fi"},{"@type":"Person","@id":"https:\/\/www.kvarken.org\/fi\/#\/schema\/person\/a3c3f8bad7148ea67cff584ed1b3f1e2","name":"johanna_kvarken","image":{"@type":"ImageObject","inLanguage":"fi","@id":"https:\/\/secure.gravatar.com\/avatar\/47c65fbd7d5d363246bda56ee5b114e75c2d4727b75bd28a94072a1fe8d5f102?s=96&d=mm&r=g","url":"https:\/\/secure.gravatar.com\/avatar\/47c65fbd7d5d363246bda56ee5b114e75c2d4727b75bd28a94072a1fe8d5f102?s=96&d=mm&r=g","contentUrl":"https:\/\/secure.gravatar.com\/avatar\/47c65fbd7d5d363246bda56ee5b114e75c2d4727b75bd28a94072a1fe8d5f102?s=96&d=mm&r=g","caption":"johanna_kvarken"}}]}},"_links":{"self":[{"href":"https:\/\/www.kvarken.org\/fi\/wp-json\/wp\/v2\/posts\/24722","targetHints":{"allow":["GET"]}}],"collection":[{"href":"https:\/\/www.kvarken.org\/fi\/wp-json\/wp\/v2\/posts"}],"about":[{"href":"https:\/\/www.kvarken.org\/fi\/wp-json\/wp\/v2\/types\/post"}],"author":[{"embeddable":true,"href":"https:\/\/www.kvarken.org\/fi\/wp-json\/wp\/v2\/users\/5"}],"replies":[{"embeddable":true,"href":"https:\/\/www.kvarken.org\/fi\/wp-json\/wp\/v2\/comments?post=24722"}],"version-history":[{"count":4,"href":"https:\/\/www.kvarken.org\/fi\/wp-json\/wp\/v2\/posts\/24722\/revisions"}],"predecessor-version":[{"id":24746,"href":"https:\/\/www.kvarken.org\/fi\/wp-json\/wp\/v2\/posts\/24722\/revisions\/24746"}],"wp:featuredmedia":[{"embeddable":true,"href":"https:\/\/www.kvarken.org\/fi\/wp-json\/wp\/v2\/media\/24725"}],"wp:attachment":[{"href":"https:\/\/www.kvarken.org\/fi\/wp-json\/wp\/v2\/media?parent=24722"}],"wp:term":[{"taxonomy":"category","embeddable":true,"href":"https:\/\/www.kvarken.org\/fi\/wp-json\/wp\/v2\/categories?post=24722"},{"taxonomy":"post_tag","embeddable":true,"href":"https:\/\/www.kvarken.org\/fi\/wp-json\/wp\/v2\/tags?post=24722"},{"taxonomy":"amnen","embeddable":true,"href":"https:\/\/www.kvarken.org\/fi\/wp-json\/wp\/v2\/amnen?post=24722"}],"curies":[{"name":"wp","href":"https:\/\/api.w.org\/{rel}","templated":true}]}}