{"id":3075,"date":"2020-06-12T15:10:26","date_gmt":"2020-06-12T12:10:26","guid":{"rendered":"http:\/\/kvarken.org\/merenkurkun-alue-hittikohde-koronakriisin-jalkeisessa-matkailussa"},"modified":"2020-12-08T16:18:06","modified_gmt":"2020-12-08T16:18:06","slug":"merenkurkun-alue-hittikohde-koronakriisin-jalkeisessa-matkailussa","status":"publish","type":"post","link":"https:\/\/www.kvarken.org\/fi\/merenkurkun-alue-hittikohde-koronakriisin-jalkeisessa-matkailussa\/","title":{"rendered":"Merenkurkun alue \u2013 hittikohde Koronakriisin j\u00e4lkeisess\u00e4 matkailussa?"},"content":{"rendered":"<p>Koronakriisin j\u00e4lkeen matkailijat suosivat todenn\u00e4k\u00f6isesti kohteita, joissa on puhdas luonto, tekemist\u00e4 luonnossa, meren l\u00e4heisyys, el\u00e4myksi\u00e4, tilaa ja yksityisyytt\u00e4. Erityisesti turvallisuus ja kohteen rauhallisuus ovat oletettavasti t\u00e4rkeit\u00e4 kriteerej\u00e4, kun kotimaiset ja etenkin ulkomaiset matkailijat valitsevat matkakohdettaan. Merenkurkun matkailukohteilla, Kvarken Destinations, on edess\u00e4\u00e4n hyv\u00e4t tulevaisuuden n\u00e4kym\u00e4t, sill\u00e4 alueella on tarjota kaikkea t\u00e4t\u00e4.<\/p>\n<p>Destination Kvarken -hankkeen matkailuyrityksill\u00e4 on yh\u00e4 tulevaisuudenuskoa, vaikka koronakriisi on aiheuttanut huolta, ep\u00e4varmuutta ja vastoink\u00e4ymisi\u00e4 yritysten toimintaan. T\u00e4m\u00e4 selvisi yritystutkimuksesta, jonka Hanken Svenska handelsh\u00f6gskolan toteutti projektin osana huhtikuussa 2020.<\/p>\n<p>Positiivista on, ett\u00e4 yritykset eiv\u00e4t ole t\u00e4ysin lamaantuneita kriisin edess\u00e4, vaan useimmat ovat aktiivisesti k\u00e4ytt\u00e4neet ajan kehitt\u00e4miseen ollakseen paremmin valmistautuneita, kun kriisi on ohi. Yritykset ovat mm. tehneet kehitysty\u00f6t\u00e4 verkkosivujen ja varausj\u00e4rjestelmien parissa sek\u00e4 panostaneet tuotteiden, palveluiden ja turvallisuuden kehitt\u00e4miseen. Osa yrityksist\u00e4 on ehtinyt my\u00f6s korjata ja remontoida kriisin aikana.<\/p>\n<p>Hanken tutustui analyysiss\u00e4\u00e4n vastaaviin Ruotsissa tehtyihin yrityskyselyihin saadakseen kokonaiskuvan Merenkurkun matkailutoimijoiden n\u00e4kemyksist\u00e4. Analyysin mukaan yritysten suhtautuminen kriisiin ja sen mukana tuomiin haasteisiin on hyvin samanlaista Merenkurkun molemmilla puolilla.<\/p>\n<p>Useimmat yritt\u00e4j\u00e4t arvelevat kotimaan matkailun elpyv\u00e4n ensimm\u00e4iseksi, ja ulkomaisia matkailijoita odotetaan saapuvaksi ehk\u00e4 vasta ensi vuoden puolella. Yksityisen matkailun sek\u00e4 automatkailun odotetaan lis\u00e4\u00e4ntyv\u00e4n. Suomi ja Ruotsi, sek\u00e4 Pohjoismaat koetaan yleisesti turvallisina matkakohteina, sill\u00e4 meit\u00e4 ei miellet\u00e4 massaturismikohteiksi.<\/p>\n<p>Mit\u00e4 yritykset t\u00e4ss\u00e4 tilanteessa mm. toivovat matkailun alueorganisaatioilta, on tukea markkinointiin esim. yhteismarkkinointia Pohjoismaissa. Markkinointiaktiviteetteihin osallistuu luonnollisesti my\u00f6s Destination Kvarken -hanke, joka panostaa Merenkurkun matkailun markkinointiin huomioiden kuitenkin t\u00e4m\u00e4nhetkiset matkailurajoitukset.<\/p>\n<p>Koronavirus pandemia aiheuttaa suurta harmia matkailulle, mutta samalla tilanne on vahvistanut yritysten innovaatioprosesseja. My\u00f6s matkailun alueorganisaatiot ehk\u00e4 joutuvat uudelleen arvioimaan strategioitaan ja pohtia laajempaa matkailualueiden v\u00e4list\u00e4 yhteisty\u00f6t\u00e4. Yhteisty\u00f6n avulla Merenkurkun matkailualueilla on mahdollisuus saavuttaa huomattavasti suurempi n\u00e4kyvyys kansainv\u00e4lisill\u00e4 matkailumarkkinoilla.<\/p>\n<p><strong>Linkit yhteenvetoon ja raporttiin:<\/strong><br \/>\n<a href=\"https:\/\/www.kvarken.org\/nyheter1\/effekter-av-krisen-covid-19-i-turistforetag-i-kvarkenregionen\">https:\/\/www.kvarken.org\/nyheter1\/effekter-av-krisen-covid-19-i-turistforetag-i-kvarkenregionen<\/a><br \/>\n<a href=\"https:\/\/www.kvarken.org\/assets\/Uploads\/COVID-19-REPORT-Hanken-6-2.pdf\">https:\/\/www.kvarken.org\/assets\/Uploads\/COVID-19-REPORT-Hanken-6-2.pdf<\/a><\/p>\n<p><strong>Lis\u00e4tietoja tutkimuksesta:<\/strong><br \/>\nMarkkinoinnin professori, Peter Bj\u00f6rk peter.bjork@hanken.fi, 040-352 1723<br \/>\ntai<br \/>\nProjektikoordinaattori, Destination Kvarken, Annika Pollari annika.pollari@hanken.fi, 050- 415 6440<\/p>\n<p>***<br \/>\n<strong>Yhdess\u00e4 kohti uusia ja suurempia markkinoita<\/strong><br \/>\nDestination Kvarken (markkinointinimelt\u00e4\u00e4n Kvarken Destinations) auttaa matkailuelinkeinon parissa toimivia vientikelpoisia pk-yrityksi\u00e4 saavuttamaan uusia, yrityksen kasvuun johtavia ja sen kilpailukyky\u00e4 parantavia markkinoita. Tavoitteena on lis\u00e4t\u00e4 k\u00e4vij\u00e4m\u00e4\u00e4ri\u00e4 seuraavien matkailuorganisaatioiden toimialueilla: Visit Vaasa, Visit Ume\u00e5, H\u00f6ga Kusten, Visit Sein\u00e4joen seutu, Visit Kokkola, Visit Pietarsaaren seutu sek\u00e4 Visit Kristiinankaupunki.<br \/>\nTavoitteena on lis\u00e4t\u00e4 kohteemme ohjelmatarjontaansa sis\u00e4llytt\u00e4vien matkanj\u00e4rjest\u00e4jien m\u00e4\u00e4r\u00e4\u00e4. Haluamme my\u00f6s her\u00e4tt\u00e4\u00e4 median kiinnostus matkakohdetta kohtaan n\u00e4kyvyyden lis\u00e4\u00e4miseksi. Hankkeessa painotetaan lis\u00e4ksi voimakkaasti alueen matkailualan digitalisaatiota, tutkimusta ja kehitt\u00e4mist\u00e4.<\/p>\n<p>Lue lis\u00e4\u00e4 ja tutustu materiaaleihin, joita on t\u00e4h\u00e4n menness\u00e4 tuotettu sivulla kvarken.org ja tutustu matkanj\u00e4rjest\u00e4jille ja medialle suunnattuun verkkosivuun <a href=\"http:\/\/www.kvarkendestinations.com\">kvarkendestinations.com<\/a><\/p>\n<p><strong>Hankekumppanit:<\/strong><br \/>\nMerenkurkun neuvosto (Lead Part) | Vaasanseudun Kehitys Oy VASEK | Hanken Svenska handelsh\u00f6gskolan | Uumajan kunta | Visit Ume\u00e5 AB | H\u00f6ga Kusten Destinationsutveckling AB<br \/>\nP\u00e4\u00e4rahoittaja: Interreg Botnia-Atlantica<br \/>\n<strong>Vastinrahoittajat:<\/strong><br \/>\nMerenkurkun neuvosto (FI) | Vaasanseudun Kehitys Oy VASEK (FI) | Hanken Svenska handelsh\u00f6gskolan (FI) | Uumajan kunta (SE) | H\u00f6ga Kusten Destinationsutveckling AB (SE) | Pohjanmaan liitto (FI) | Region V\u00e4sterbotten (SE) | Region V\u00e4sternorrland (SE) | V\u00e4sternorrlandin l\u00e4\u00e4ninhallitus (SE) | Vaasan kaupunki\/Visit Vaasa (FI) | Etel\u00e4-Pohjanmaan Matkailu (FI) | Kokkolan Matkailu Oy (FI) | Oy Pietarsaaren seudun Kehitt\u00e4misyhti\u00f6 Concordia (FI) | Kristiinankaupungin Elinkeinokeskus (FI) | NLC Ferry (FI)<\/p>\n","protected":false},"excerpt":{"rendered":"<p>Koronakriisin j\u00e4lkeen matkailijat suosivat todenn\u00e4k\u00f6isesti kohteita, joissa on puhdas luonto, tekemist\u00e4 luonnossa, meren l\u00e4heisyys, el\u00e4myksi\u00e4, tilaa ja yksityisyytt\u00e4.<\/p>\n","protected":false},"author":2,"featured_media":2164,"comment_status":"open","ping_status":"open","sticky":false,"template":"","format":"standard","meta":{"_acf_changed":false,"_et_pb_use_builder":"","_et_pb_old_content":"","_et_gb_content_width":"","footnotes":""},"categories":[13],"tags":[],"amnen":[34,58],"class_list":["post-3075","post","type-post","status-publish","format-standard","has-post-thumbnail","hentry","category-uncategorized-fi","amnen-liiketoiminta","amnen-matkailu"],"acf":[],"yoast_head":"<!-- This site is optimized with the Yoast SEO plugin v27.4 - https:\/\/yoast.com\/product\/yoast-seo-wordpress\/ -->\n<title>Merenkurkun alue \u2013 hittikohde Koronakriisin j\u00e4lkeisess\u00e4 matkailussa? - Kvarkenr\u00e5det<\/title>\n<meta name=\"robots\" content=\"index, follow, max-snippet:-1, max-image-preview:large, max-video-preview:-1\" \/>\n<link rel=\"canonical\" href=\"https:\/\/www.kvarken.org\/fi\/merenkurkun-alue-hittikohde-koronakriisin-jalkeisessa-matkailussa\/\" \/>\n<meta property=\"og:locale\" content=\"fi_FI\" \/>\n<meta property=\"og:type\" content=\"article\" \/>\n<meta property=\"og:title\" content=\"Merenkurkun alue \u2013 hittikohde Koronakriisin j\u00e4lkeisess\u00e4 matkailussa? - Kvarkenr\u00e5det\" \/>\n<meta property=\"og:description\" content=\"Koronakriisin j\u00e4lkeen matkailijat suosivat todenn\u00e4k\u00f6isesti kohteita, joissa on puhdas luonto, tekemist\u00e4 luonnossa, meren l\u00e4heisyys, el\u00e4myksi\u00e4, tilaa ja yksityisyytt\u00e4.\" \/>\n<meta property=\"og:url\" content=\"https:\/\/www.kvarken.org\/fi\/merenkurkun-alue-hittikohde-koronakriisin-jalkeisessa-matkailussa\/\" \/>\n<meta property=\"og:site_name\" content=\"Kvarkenr\u00e5det\" \/>\n<meta property=\"article:published_time\" content=\"2020-06-12T12:10:26+00:00\" \/>\n<meta property=\"article:modified_time\" content=\"2020-12-08T16:18:06+00:00\" \/>\n<meta property=\"og:image\" content=\"https:\/\/www.kvarken.org\/wp-content\/uploads\/2020\/06\/EdelPhoto-1-1024x895.jpg\" \/>\n\t<meta property=\"og:image:width\" content=\"1024\" \/>\n\t<meta property=\"og:image:height\" content=\"895\" \/>\n\t<meta property=\"og:image:type\" content=\"image\/jpeg\" \/>\n<meta name=\"author\" content=\"jokommunikation_agency\" \/>\n<meta name=\"twitter:card\" content=\"summary_large_image\" \/>\n<meta name=\"twitter:label1\" content=\"Kirjoittanut\" \/>\n\t<meta name=\"twitter:data1\" content=\"jokommunikation_agency\" \/>\n\t<meta name=\"twitter:label2\" content=\"Arvioitu lukuaika\" \/>\n\t<meta name=\"twitter:data2\" content=\"3 minuuttia\" \/>\n<script type=\"application\/ld+json\" class=\"yoast-schema-graph\">{\"@context\":\"https:\\\/\\\/schema.org\",\"@graph\":[{\"@type\":\"Article\",\"@id\":\"https:\\\/\\\/www.kvarken.org\\\/fi\\\/merenkurkun-alue-hittikohde-koronakriisin-jalkeisessa-matkailussa\\\/#article\",\"isPartOf\":{\"@id\":\"https:\\\/\\\/www.kvarken.org\\\/fi\\\/merenkurkun-alue-hittikohde-koronakriisin-jalkeisessa-matkailussa\\\/\"},\"author\":{\"name\":\"jokommunikation_agency\",\"@id\":\"https:\\\/\\\/www.kvarken.org\\\/fi\\\/#\\\/schema\\\/person\\\/c0191caa861afff47bc50292a6905da2\"},\"headline\":\"Merenkurkun alue \u2013 hittikohde Koronakriisin j\u00e4lkeisess\u00e4 matkailussa?\",\"datePublished\":\"2020-06-12T12:10:26+00:00\",\"dateModified\":\"2020-12-08T16:18:06+00:00\",\"mainEntityOfPage\":{\"@id\":\"https:\\\/\\\/www.kvarken.org\\\/fi\\\/merenkurkun-alue-hittikohde-koronakriisin-jalkeisessa-matkailussa\\\/\"},\"wordCount\":571,\"commentCount\":0,\"image\":{\"@id\":\"https:\\\/\\\/www.kvarken.org\\\/fi\\\/merenkurkun-alue-hittikohde-koronakriisin-jalkeisessa-matkailussa\\\/#primaryimage\"},\"thumbnailUrl\":\"https:\\\/\\\/www.kvarken.org\\\/wp-content\\\/uploads\\\/2020\\\/06\\\/EdelPhoto-1.jpg\",\"articleSection\":[\"Uncategorized @fi\"],\"inLanguage\":\"fi\",\"potentialAction\":[{\"@type\":\"CommentAction\",\"name\":\"Comment\",\"target\":[\"https:\\\/\\\/www.kvarken.org\\\/fi\\\/merenkurkun-alue-hittikohde-koronakriisin-jalkeisessa-matkailussa\\\/#respond\"]}]},{\"@type\":\"WebPage\",\"@id\":\"https:\\\/\\\/www.kvarken.org\\\/fi\\\/merenkurkun-alue-hittikohde-koronakriisin-jalkeisessa-matkailussa\\\/\",\"url\":\"https:\\\/\\\/www.kvarken.org\\\/fi\\\/merenkurkun-alue-hittikohde-koronakriisin-jalkeisessa-matkailussa\\\/\",\"name\":\"Merenkurkun alue \u2013 hittikohde Koronakriisin j\u00e4lkeisess\u00e4 matkailussa? - Kvarkenr\u00e5det\",\"isPartOf\":{\"@id\":\"https:\\\/\\\/www.kvarken.org\\\/fi\\\/#website\"},\"primaryImageOfPage\":{\"@id\":\"https:\\\/\\\/www.kvarken.org\\\/fi\\\/merenkurkun-alue-hittikohde-koronakriisin-jalkeisessa-matkailussa\\\/#primaryimage\"},\"image\":{\"@id\":\"https:\\\/\\\/www.kvarken.org\\\/fi\\\/merenkurkun-alue-hittikohde-koronakriisin-jalkeisessa-matkailussa\\\/#primaryimage\"},\"thumbnailUrl\":\"https:\\\/\\\/www.kvarken.org\\\/wp-content\\\/uploads\\\/2020\\\/06\\\/EdelPhoto-1.jpg\",\"datePublished\":\"2020-06-12T12:10:26+00:00\",\"dateModified\":\"2020-12-08T16:18:06+00:00\",\"author\":{\"@id\":\"https:\\\/\\\/www.kvarken.org\\\/fi\\\/#\\\/schema\\\/person\\\/c0191caa861afff47bc50292a6905da2\"},\"breadcrumb\":{\"@id\":\"https:\\\/\\\/www.kvarken.org\\\/fi\\\/merenkurkun-alue-hittikohde-koronakriisin-jalkeisessa-matkailussa\\\/#breadcrumb\"},\"inLanguage\":\"fi\",\"potentialAction\":[{\"@type\":\"ReadAction\",\"target\":[\"https:\\\/\\\/www.kvarken.org\\\/fi\\\/merenkurkun-alue-hittikohde-koronakriisin-jalkeisessa-matkailussa\\\/\"]}]},{\"@type\":\"ImageObject\",\"inLanguage\":\"fi\",\"@id\":\"https:\\\/\\\/www.kvarken.org\\\/fi\\\/merenkurkun-alue-hittikohde-koronakriisin-jalkeisessa-matkailussa\\\/#primaryimage\",\"url\":\"https:\\\/\\\/www.kvarken.org\\\/wp-content\\\/uploads\\\/2020\\\/06\\\/EdelPhoto-1.jpg\",\"contentUrl\":\"https:\\\/\\\/www.kvarken.org\\\/wp-content\\\/uploads\\\/2020\\\/06\\\/EdelPhoto-1.jpg\",\"width\":1920,\"height\":1679,\"caption\":\"dr\u00f6narbild holmsundsbron\"},{\"@type\":\"BreadcrumbList\",\"@id\":\"https:\\\/\\\/www.kvarken.org\\\/fi\\\/merenkurkun-alue-hittikohde-koronakriisin-jalkeisessa-matkailussa\\\/#breadcrumb\",\"itemListElement\":[{\"@type\":\"ListItem\",\"position\":1,\"name\":\"Hem\",\"item\":\"https:\\\/\\\/www.kvarken.org\\\/fi\\\/\"},{\"@type\":\"ListItem\",\"position\":2,\"name\":\"Merenkurkun alue \u2013 hittikohde Koronakriisin j\u00e4lkeisess\u00e4 matkailussa?\"}]},{\"@type\":\"WebSite\",\"@id\":\"https:\\\/\\\/www.kvarken.org\\\/fi\\\/#website\",\"url\":\"https:\\\/\\\/www.kvarken.org\\\/fi\\\/\",\"name\":\"Kvarkenr\u00e5det\",\"description\":\"\",\"potentialAction\":[{\"@type\":\"SearchAction\",\"target\":{\"@type\":\"EntryPoint\",\"urlTemplate\":\"https:\\\/\\\/www.kvarken.org\\\/fi\\\/?s={search_term_string}\"},\"query-input\":{\"@type\":\"PropertyValueSpecification\",\"valueRequired\":true,\"valueName\":\"search_term_string\"}}],\"inLanguage\":\"fi\"},{\"@type\":\"Person\",\"@id\":\"https:\\\/\\\/www.kvarken.org\\\/fi\\\/#\\\/schema\\\/person\\\/c0191caa861afff47bc50292a6905da2\",\"name\":\"jokommunikation_agency\",\"image\":{\"@type\":\"ImageObject\",\"inLanguage\":\"fi\",\"@id\":\"https:\\\/\\\/secure.gravatar.com\\\/avatar\\\/747179557db7fa831269f4829d55b0109a7684b8dd784a3f8f606bce8610f828?s=96&d=mm&r=g\",\"url\":\"https:\\\/\\\/secure.gravatar.com\\\/avatar\\\/747179557db7fa831269f4829d55b0109a7684b8dd784a3f8f606bce8610f828?s=96&d=mm&r=g\",\"contentUrl\":\"https:\\\/\\\/secure.gravatar.com\\\/avatar\\\/747179557db7fa831269f4829d55b0109a7684b8dd784a3f8f606bce8610f828?s=96&d=mm&r=g\",\"caption\":\"jokommunikation_agency\"}}]}<\/script>\n<!-- \/ Yoast SEO plugin. -->","yoast_head_json":{"title":"Merenkurkun alue \u2013 hittikohde Koronakriisin j\u00e4lkeisess\u00e4 matkailussa? - Kvarkenr\u00e5det","robots":{"index":"index","follow":"follow","max-snippet":"max-snippet:-1","max-image-preview":"max-image-preview:large","max-video-preview":"max-video-preview:-1"},"canonical":"https:\/\/www.kvarken.org\/fi\/merenkurkun-alue-hittikohde-koronakriisin-jalkeisessa-matkailussa\/","og_locale":"fi_FI","og_type":"article","og_title":"Merenkurkun alue \u2013 hittikohde Koronakriisin j\u00e4lkeisess\u00e4 matkailussa? - Kvarkenr\u00e5det","og_description":"Koronakriisin j\u00e4lkeen matkailijat suosivat todenn\u00e4k\u00f6isesti kohteita, joissa on puhdas luonto, tekemist\u00e4 luonnossa, meren l\u00e4heisyys, el\u00e4myksi\u00e4, tilaa ja yksityisyytt\u00e4.","og_url":"https:\/\/www.kvarken.org\/fi\/merenkurkun-alue-hittikohde-koronakriisin-jalkeisessa-matkailussa\/","og_site_name":"Kvarkenr\u00e5det","article_published_time":"2020-06-12T12:10:26+00:00","article_modified_time":"2020-12-08T16:18:06+00:00","og_image":[{"width":1024,"height":895,"url":"https:\/\/www.kvarken.org\/wp-content\/uploads\/2020\/06\/EdelPhoto-1-1024x895.jpg","type":"image\/jpeg"}],"author":"jokommunikation_agency","twitter_card":"summary_large_image","twitter_misc":{"Kirjoittanut":"jokommunikation_agency","Arvioitu lukuaika":"3 minuuttia"},"schema":{"@context":"https:\/\/schema.org","@graph":[{"@type":"Article","@id":"https:\/\/www.kvarken.org\/fi\/merenkurkun-alue-hittikohde-koronakriisin-jalkeisessa-matkailussa\/#article","isPartOf":{"@id":"https:\/\/www.kvarken.org\/fi\/merenkurkun-alue-hittikohde-koronakriisin-jalkeisessa-matkailussa\/"},"author":{"name":"jokommunikation_agency","@id":"https:\/\/www.kvarken.org\/fi\/#\/schema\/person\/c0191caa861afff47bc50292a6905da2"},"headline":"Merenkurkun alue \u2013 hittikohde Koronakriisin j\u00e4lkeisess\u00e4 matkailussa?","datePublished":"2020-06-12T12:10:26+00:00","dateModified":"2020-12-08T16:18:06+00:00","mainEntityOfPage":{"@id":"https:\/\/www.kvarken.org\/fi\/merenkurkun-alue-hittikohde-koronakriisin-jalkeisessa-matkailussa\/"},"wordCount":571,"commentCount":0,"image":{"@id":"https:\/\/www.kvarken.org\/fi\/merenkurkun-alue-hittikohde-koronakriisin-jalkeisessa-matkailussa\/#primaryimage"},"thumbnailUrl":"https:\/\/www.kvarken.org\/wp-content\/uploads\/2020\/06\/EdelPhoto-1.jpg","articleSection":["Uncategorized @fi"],"inLanguage":"fi","potentialAction":[{"@type":"CommentAction","name":"Comment","target":["https:\/\/www.kvarken.org\/fi\/merenkurkun-alue-hittikohde-koronakriisin-jalkeisessa-matkailussa\/#respond"]}]},{"@type":"WebPage","@id":"https:\/\/www.kvarken.org\/fi\/merenkurkun-alue-hittikohde-koronakriisin-jalkeisessa-matkailussa\/","url":"https:\/\/www.kvarken.org\/fi\/merenkurkun-alue-hittikohde-koronakriisin-jalkeisessa-matkailussa\/","name":"Merenkurkun alue \u2013 hittikohde Koronakriisin j\u00e4lkeisess\u00e4 matkailussa? - Kvarkenr\u00e5det","isPartOf":{"@id":"https:\/\/www.kvarken.org\/fi\/#website"},"primaryImageOfPage":{"@id":"https:\/\/www.kvarken.org\/fi\/merenkurkun-alue-hittikohde-koronakriisin-jalkeisessa-matkailussa\/#primaryimage"},"image":{"@id":"https:\/\/www.kvarken.org\/fi\/merenkurkun-alue-hittikohde-koronakriisin-jalkeisessa-matkailussa\/#primaryimage"},"thumbnailUrl":"https:\/\/www.kvarken.org\/wp-content\/uploads\/2020\/06\/EdelPhoto-1.jpg","datePublished":"2020-06-12T12:10:26+00:00","dateModified":"2020-12-08T16:18:06+00:00","author":{"@id":"https:\/\/www.kvarken.org\/fi\/#\/schema\/person\/c0191caa861afff47bc50292a6905da2"},"breadcrumb":{"@id":"https:\/\/www.kvarken.org\/fi\/merenkurkun-alue-hittikohde-koronakriisin-jalkeisessa-matkailussa\/#breadcrumb"},"inLanguage":"fi","potentialAction":[{"@type":"ReadAction","target":["https:\/\/www.kvarken.org\/fi\/merenkurkun-alue-hittikohde-koronakriisin-jalkeisessa-matkailussa\/"]}]},{"@type":"ImageObject","inLanguage":"fi","@id":"https:\/\/www.kvarken.org\/fi\/merenkurkun-alue-hittikohde-koronakriisin-jalkeisessa-matkailussa\/#primaryimage","url":"https:\/\/www.kvarken.org\/wp-content\/uploads\/2020\/06\/EdelPhoto-1.jpg","contentUrl":"https:\/\/www.kvarken.org\/wp-content\/uploads\/2020\/06\/EdelPhoto-1.jpg","width":1920,"height":1679,"caption":"dr\u00f6narbild holmsundsbron"},{"@type":"BreadcrumbList","@id":"https:\/\/www.kvarken.org\/fi\/merenkurkun-alue-hittikohde-koronakriisin-jalkeisessa-matkailussa\/#breadcrumb","itemListElement":[{"@type":"ListItem","position":1,"name":"Hem","item":"https:\/\/www.kvarken.org\/fi\/"},{"@type":"ListItem","position":2,"name":"Merenkurkun alue \u2013 hittikohde Koronakriisin j\u00e4lkeisess\u00e4 matkailussa?"}]},{"@type":"WebSite","@id":"https:\/\/www.kvarken.org\/fi\/#website","url":"https:\/\/www.kvarken.org\/fi\/","name":"Kvarkenr\u00e5det","description":"","potentialAction":[{"@type":"SearchAction","target":{"@type":"EntryPoint","urlTemplate":"https:\/\/www.kvarken.org\/fi\/?s={search_term_string}"},"query-input":{"@type":"PropertyValueSpecification","valueRequired":true,"valueName":"search_term_string"}}],"inLanguage":"fi"},{"@type":"Person","@id":"https:\/\/www.kvarken.org\/fi\/#\/schema\/person\/c0191caa861afff47bc50292a6905da2","name":"jokommunikation_agency","image":{"@type":"ImageObject","inLanguage":"fi","@id":"https:\/\/secure.gravatar.com\/avatar\/747179557db7fa831269f4829d55b0109a7684b8dd784a3f8f606bce8610f828?s=96&d=mm&r=g","url":"https:\/\/secure.gravatar.com\/avatar\/747179557db7fa831269f4829d55b0109a7684b8dd784a3f8f606bce8610f828?s=96&d=mm&r=g","contentUrl":"https:\/\/secure.gravatar.com\/avatar\/747179557db7fa831269f4829d55b0109a7684b8dd784a3f8f606bce8610f828?s=96&d=mm&r=g","caption":"jokommunikation_agency"}}]}},"_links":{"self":[{"href":"https:\/\/www.kvarken.org\/fi\/wp-json\/wp\/v2\/posts\/3075","targetHints":{"allow":["GET"]}}],"collection":[{"href":"https:\/\/www.kvarken.org\/fi\/wp-json\/wp\/v2\/posts"}],"about":[{"href":"https:\/\/www.kvarken.org\/fi\/wp-json\/wp\/v2\/types\/post"}],"author":[{"embeddable":true,"href":"https:\/\/www.kvarken.org\/fi\/wp-json\/wp\/v2\/users\/2"}],"replies":[{"embeddable":true,"href":"https:\/\/www.kvarken.org\/fi\/wp-json\/wp\/v2\/comments?post=3075"}],"version-history":[{"count":0,"href":"https:\/\/www.kvarken.org\/fi\/wp-json\/wp\/v2\/posts\/3075\/revisions"}],"wp:featuredmedia":[{"embeddable":true,"href":"https:\/\/www.kvarken.org\/fi\/wp-json\/wp\/v2\/media\/2164"}],"wp:attachment":[{"href":"https:\/\/www.kvarken.org\/fi\/wp-json\/wp\/v2\/media?parent=3075"}],"wp:term":[{"taxonomy":"category","embeddable":true,"href":"https:\/\/www.kvarken.org\/fi\/wp-json\/wp\/v2\/categories?post=3075"},{"taxonomy":"post_tag","embeddable":true,"href":"https:\/\/www.kvarken.org\/fi\/wp-json\/wp\/v2\/tags?post=3075"},{"taxonomy":"amnen","embeddable":true,"href":"https:\/\/www.kvarken.org\/fi\/wp-json\/wp\/v2\/amnen?post=3075"}],"curies":[{"name":"wp","href":"https:\/\/api.w.org\/{rel}","templated":true}]}}