{"id":4446,"date":"2020-01-20T07:56:25","date_gmt":"2020-01-20T07:56:25","guid":{"rendered":"http:\/\/kvarken.org\/kvarken-destinations-far-berom-och-erkannande-av-internationella-researrangorer"},"modified":"2020-12-18T09:43:12","modified_gmt":"2020-12-18T09:43:12","slug":"kvarken-destinations-far-berom-och-erkannande-av-internationella-researrangorer","status":"publish","type":"post","link":"https:\/\/www.kvarken.org\/fi\/kvarken-destinations-far-berom-och-erkannande-av-internationella-researrangorer\/","title":{"rendered":"Kvarken Destinations f\u00e5r ber\u00f6m och erk\u00e4nnande av internationella researrang\u00f6rer"},"content":{"rendered":"<p><strong><em>Tv\u00e5 l\u00e4nder och sju destinationer med sina exportmogna f\u00f6retag presenteras tillsammans under namnet Kvarken Destinations och n\u00e5r framg\u00e5ng bland internationella researrang\u00f6rer.<\/em><\/strong><\/p>\n<p>Kvarken Destinations har tagit fram ett informationspaket f\u00f6r att inspirera internationella researrang\u00f6rer till att skapa och s\u00e4lja resor till Kvarkenregionen. Informationspaketet inneh\u00e5ller en produktmanual och en webbplats, <a href=\"https:\/\/kvarkendestinations.com\/\" target=\"_blank\" rel=\"noopener\">kvarkendestinations.com<\/a>, med produkter, en interaktiv karta samt en inneh\u00e5llsbank med bilder och filmer. Helheten presenterades f\u00f6r f\u00f6rsta g\u00e5ngen, med stor framg\u00e5ng, under Matka 2020 Workshop Day i Helsingfors den 15. januari. Eventet samlade omkring tv\u00e5tusen k\u00f6pare och s\u00e4ljare fr\u00e5n hela v\u00e4rlden.<\/p>\n<p>I produktmanualen introduceras, f\u00f6rutom de sju destinationerna, \u00e4ven ca 40 av omr\u00e5dets exportmogna f\u00f6retag med detaljinformation som anpassats efter researrang\u00f6rernas behov.<\/p>\n<p>Webbplatsen i sin tur ska inspirera och hj\u00e4lpa researrang\u00f6rerna att bygga rundturer i Kvarkenregionen bl.a. med hj\u00e4lp av kartan som till\u00e5ter att s\u00f6ka efter produkter enligt ett tema och\/eller geografi. Slutligen hittar arrang\u00f6ren \u00e4ven bilder och filmer som kommer v\u00e4l till pass n\u00e4r produkterna skall s\u00e4ljas till slutkunden.<\/p>\n<p>Kvarken Destinations hade under Matka Workshop Day s\u00e4ljm\u00f6ten med 27 researrang\u00f6rer fr\u00e5n ett flertal europeiska l\u00e4nder. N\u00e5gra av dessa k\u00e4nde till omr\u00e5det, men s\u00e5g ocks\u00e5 m\u00f6jligheter att hitta flera intressanta f\u00f6retag. Gemensamt f\u00f6r alla var gl\u00e4djen \u00f6ver den marknadsanpassade produktmanualen och webbplatsens funktioner som b\u00e5de inspirerade och gav dem verktyg till att jobba med rundturer. De s\u00e5g \u00e4ven framemot att anv\u00e4nda sig av den konkreta hj\u00e4lpen med bilder och filmer i sina egna produktioner av kataloger, p\u00e5 sina webbsidor, i sociala medier etc.<\/p>\n<p><img decoding=\"async\" class=\"size-medium wp-image-4438 alignnone\" src=\"https:\/\/www.kvarken.org\/wp-content\/uploads\/2020\/12\/resizedimage600450-IMG-1876-300x225.jpeg\" alt=\"\" width=\"300\" height=\"225\" \/><\/p>\n<p>H\u00e4r n\u00e5gra av kommentarerna fr\u00e5n workshopen:<br \/>\n<em>&#8211; You have done a great work!<\/em><br \/>\n<em>&#8211; Danke f\u00fcr die Filme Kvarken-Destinations!<\/em><br \/>\n<em>&#8211; Die Website ist klasse &#8230;sehr schick gemacht!<\/em><br \/>\n<em>&#8211; Kvarken Destinations seems to be on everyone\u2019s lips at the workshop today!<\/em><br \/>\n<em>&#8211; This is really a fresh and different kind of destination! Just what we are looking for!<\/em><br \/>\n<em>&#8211; We really appreciate this cooperation involving two countries!<\/em><\/p>\n<p><strong>Erja Back<\/strong>, Visit Ume\u00e5 och <strong>Marianne Sj\u00f6str\u00f6m<\/strong>, Kvarkenr\u00e5det, som representerade Kvarken Destinations, s\u00e4ger enst\u00e4mmigt: \u2013 <em>Vi \u00e4r mer \u00e4n n\u00f6jda med workshopen och gl\u00e4ds \u00f6ver det stora intresset som ser v\u00e4ldigt lovande ut f\u00f6r hela omr\u00e5det.<\/em><\/p>\n<p><img decoding=\"async\" class=\"size-medium wp-image-4441 alignnone\" src=\"https:\/\/www.kvarken.org\/wp-content\/uploads\/2020\/12\/resizedimage590443-IMG-1873-1-300x225.jpg\" alt=\"\" width=\"300\" height=\"225\" \/><\/p>\n<h6><em>Erja Back, Visit Ume\u00e5 och Marianne Sj\u00f6str\u00f6m, Kvarkenr\u00e5det, som representerade Kvarken Destinations\u00a0under Matka 2020 Workshop Day i Helsingfors den 15. januari.<\/em><\/h6>\n<p><em>***<br \/>\n<\/em><em>Projektet Destination Kvarken hj\u00e4lper exportmogna sm\u00e5 och medelstora f\u00f6retag med fokus p\u00e5 bes\u00f6ksn\u00e4ring att n\u00e5 ut till nya marknader f\u00f6r \u00f6kad tillv\u00e4xt och konkurrenskraft. Syftet \u00e4r att \u00f6ka antalet bes\u00f6kare p\u00e5 f\u00f6ljande destinationsorganisationers verksamhetsomr\u00e5den: Visit Vaasa, Visit Ume\u00e5, H\u00f6ga Kusten, Visit Sein\u00e4joki region, Visit Kokkola, Visit Jakobstad region samt Visit Kristinestad.<\/em><\/p>\n<p><em>M\u00e5let \u00e4r att ta fram koncept f\u00f6r gemensamma intensifierade marknadsbearbetningsinsatser och p\u00e5 s\u00e5 vis \u00f6ka antalet researrang\u00f6rer som tar med v\u00e5rt omr\u00e5de i sitt programutbud. Vi vill ocks\u00e5 v\u00e4cka det mediala intresset f\u00f6r destinationerna, vilket resulterar i \u00f6kad synlighet. Inom projektet l\u00e4ggs fokus \u00e4ven starkt p\u00e5 digitalisering, forskning och utveckling inom bes\u00f6ksn\u00e4ringen.<br \/>\n<\/em><a href=\"http:\/\/kvarkendestinations.com\/\">kvarken.org\/kvarkendestinations<\/a><\/p>\n<p><img decoding=\"async\" class=\"size-medium wp-image-2977 alignnone\" src=\"https:\/\/www.kvarken.org\/wp-content\/uploads\/2020\/12\/Intrerreg-BA-SV-RGB_650x160-300x74.png\" alt=\"\" width=\"300\" height=\"74\" \/><\/p>\n","protected":false},"excerpt":{"rendered":"<p>Tv\u00e5 l\u00e4nder och sju destinationer med sina exportmogna f\u00f6retag presenteras tillsammans under namnet Kvarken Destinations och n\u00e5r framg\u00e5ng bland internationella researrang\u00f6rer.<\/p>\n","protected":false},"author":2,"featured_media":4441,"comment_status":"open","ping_status":"open","sticky":false,"template":"","format":"standard","meta":{"_acf_changed":false,"_et_pb_use_builder":"","_et_pb_old_content":"","_et_gb_content_width":"","footnotes":""},"categories":[13],"tags":[],"amnen":[60,58],"class_list":["post-4446","post","type-post","status-publish","format-standard","has-post-thumbnail","hentry","category-uncategorized-fi","amnen-maailmanperinto","amnen-matkailu"],"acf":[],"yoast_head":"<!-- This site is optimized with the Yoast SEO plugin v27.4 - https:\/\/yoast.com\/product\/yoast-seo-wordpress\/ -->\n<title>Kvarken Destinations f\u00e5r ber\u00f6m och erk\u00e4nnande av internationella researrang\u00f6rer - Kvarkenr\u00e5det<\/title>\n<meta name=\"robots\" content=\"index, follow, max-snippet:-1, max-image-preview:large, max-video-preview:-1\" \/>\n<link rel=\"canonical\" href=\"https:\/\/www.kvarken.org\/fi\/kvarken-destinations-far-berom-och-erkannande-av-internationella-researrangorer\/\" \/>\n<meta property=\"og:locale\" content=\"fi_FI\" \/>\n<meta property=\"og:type\" content=\"article\" \/>\n<meta property=\"og:title\" content=\"Kvarken Destinations f\u00e5r ber\u00f6m och erk\u00e4nnande av internationella researrang\u00f6rer - Kvarkenr\u00e5det\" \/>\n<meta property=\"og:description\" content=\"Tv\u00e5 l\u00e4nder och sju destinationer med sina exportmogna f\u00f6retag presenteras tillsammans under namnet Kvarken Destinations och n\u00e5r framg\u00e5ng bland internationella researrang\u00f6rer.\" \/>\n<meta property=\"og:url\" content=\"https:\/\/www.kvarken.org\/fi\/kvarken-destinations-far-berom-och-erkannande-av-internationella-researrangorer\/\" \/>\n<meta property=\"og:site_name\" content=\"Kvarkenr\u00e5det\" \/>\n<meta property=\"article:published_time\" content=\"2020-01-20T07:56:25+00:00\" \/>\n<meta property=\"article:modified_time\" content=\"2020-12-18T09:43:12+00:00\" \/>\n<meta property=\"og:image\" content=\"https:\/\/www.kvarken.org\/wp-content\/uploads\/2020\/12\/resizedimage590443-IMG-1873-1.jpg\" \/>\n\t<meta property=\"og:image:width\" content=\"590\" \/>\n\t<meta property=\"og:image:height\" content=\"443\" \/>\n\t<meta property=\"og:image:type\" content=\"image\/jpeg\" \/>\n<meta name=\"author\" content=\"jokommunikation_agency\" \/>\n<meta name=\"twitter:card\" content=\"summary_large_image\" \/>\n<meta name=\"twitter:label1\" content=\"Kirjoittanut\" \/>\n\t<meta name=\"twitter:data1\" content=\"jokommunikation_agency\" \/>\n\t<meta name=\"twitter:label2\" content=\"Arvioitu lukuaika\" \/>\n\t<meta name=\"twitter:data2\" content=\"3 minuuttia\" \/>\n<script type=\"application\/ld+json\" class=\"yoast-schema-graph\">{\"@context\":\"https:\\\/\\\/schema.org\",\"@graph\":[{\"@type\":\"Article\",\"@id\":\"https:\\\/\\\/www.kvarken.org\\\/fi\\\/kvarken-destinations-far-berom-och-erkannande-av-internationella-researrangorer\\\/#article\",\"isPartOf\":{\"@id\":\"https:\\\/\\\/www.kvarken.org\\\/fi\\\/kvarken-destinations-far-berom-och-erkannande-av-internationella-researrangorer\\\/\"},\"author\":{\"name\":\"jokommunikation_agency\",\"@id\":\"https:\\\/\\\/www.kvarken.org\\\/fi\\\/#\\\/schema\\\/person\\\/c0191caa861afff47bc50292a6905da2\"},\"headline\":\"Kvarken Destinations f\u00e5r ber\u00f6m och erk\u00e4nnande av internationella researrang\u00f6rer\",\"datePublished\":\"2020-01-20T07:56:25+00:00\",\"dateModified\":\"2020-12-18T09:43:12+00:00\",\"mainEntityOfPage\":{\"@id\":\"https:\\\/\\\/www.kvarken.org\\\/fi\\\/kvarken-destinations-far-berom-och-erkannande-av-internationella-researrangorer\\\/\"},\"wordCount\":568,\"commentCount\":0,\"image\":{\"@id\":\"https:\\\/\\\/www.kvarken.org\\\/fi\\\/kvarken-destinations-far-berom-och-erkannande-av-internationella-researrangorer\\\/#primaryimage\"},\"thumbnailUrl\":\"https:\\\/\\\/www.kvarken.org\\\/wp-content\\\/uploads\\\/2020\\\/12\\\/resizedimage590443-IMG-1873-1.jpg\",\"articleSection\":[\"Uncategorized @fi\"],\"inLanguage\":\"fi\",\"potentialAction\":[{\"@type\":\"CommentAction\",\"name\":\"Comment\",\"target\":[\"https:\\\/\\\/www.kvarken.org\\\/fi\\\/kvarken-destinations-far-berom-och-erkannande-av-internationella-researrangorer\\\/#respond\"]}]},{\"@type\":\"WebPage\",\"@id\":\"https:\\\/\\\/www.kvarken.org\\\/fi\\\/kvarken-destinations-far-berom-och-erkannande-av-internationella-researrangorer\\\/\",\"url\":\"https:\\\/\\\/www.kvarken.org\\\/fi\\\/kvarken-destinations-far-berom-och-erkannande-av-internationella-researrangorer\\\/\",\"name\":\"Kvarken Destinations f\u00e5r ber\u00f6m och erk\u00e4nnande av internationella researrang\u00f6rer - Kvarkenr\u00e5det\",\"isPartOf\":{\"@id\":\"https:\\\/\\\/www.kvarken.org\\\/fi\\\/#website\"},\"primaryImageOfPage\":{\"@id\":\"https:\\\/\\\/www.kvarken.org\\\/fi\\\/kvarken-destinations-far-berom-och-erkannande-av-internationella-researrangorer\\\/#primaryimage\"},\"image\":{\"@id\":\"https:\\\/\\\/www.kvarken.org\\\/fi\\\/kvarken-destinations-far-berom-och-erkannande-av-internationella-researrangorer\\\/#primaryimage\"},\"thumbnailUrl\":\"https:\\\/\\\/www.kvarken.org\\\/wp-content\\\/uploads\\\/2020\\\/12\\\/resizedimage590443-IMG-1873-1.jpg\",\"datePublished\":\"2020-01-20T07:56:25+00:00\",\"dateModified\":\"2020-12-18T09:43:12+00:00\",\"author\":{\"@id\":\"https:\\\/\\\/www.kvarken.org\\\/fi\\\/#\\\/schema\\\/person\\\/c0191caa861afff47bc50292a6905da2\"},\"breadcrumb\":{\"@id\":\"https:\\\/\\\/www.kvarken.org\\\/fi\\\/kvarken-destinations-far-berom-och-erkannande-av-internationella-researrangorer\\\/#breadcrumb\"},\"inLanguage\":\"fi\",\"potentialAction\":[{\"@type\":\"ReadAction\",\"target\":[\"https:\\\/\\\/www.kvarken.org\\\/fi\\\/kvarken-destinations-far-berom-och-erkannande-av-internationella-researrangorer\\\/\"]}]},{\"@type\":\"ImageObject\",\"inLanguage\":\"fi\",\"@id\":\"https:\\\/\\\/www.kvarken.org\\\/fi\\\/kvarken-destinations-far-berom-och-erkannande-av-internationella-researrangorer\\\/#primaryimage\",\"url\":\"https:\\\/\\\/www.kvarken.org\\\/wp-content\\\/uploads\\\/2020\\\/12\\\/resizedimage590443-IMG-1873-1.jpg\",\"contentUrl\":\"https:\\\/\\\/www.kvarken.org\\\/wp-content\\\/uploads\\\/2020\\\/12\\\/resizedimage590443-IMG-1873-1.jpg\",\"width\":590,\"height\":443,\"caption\":\"Two women at a table\"},{\"@type\":\"BreadcrumbList\",\"@id\":\"https:\\\/\\\/www.kvarken.org\\\/fi\\\/kvarken-destinations-far-berom-och-erkannande-av-internationella-researrangorer\\\/#breadcrumb\",\"itemListElement\":[{\"@type\":\"ListItem\",\"position\":1,\"name\":\"Hem\",\"item\":\"https:\\\/\\\/www.kvarken.org\\\/fi\\\/\"},{\"@type\":\"ListItem\",\"position\":2,\"name\":\"Kvarken Destinations f\u00e5r ber\u00f6m och erk\u00e4nnande av internationella researrang\u00f6rer\"}]},{\"@type\":\"WebSite\",\"@id\":\"https:\\\/\\\/www.kvarken.org\\\/fi\\\/#website\",\"url\":\"https:\\\/\\\/www.kvarken.org\\\/fi\\\/\",\"name\":\"Kvarkenr\u00e5det\",\"description\":\"\",\"potentialAction\":[{\"@type\":\"SearchAction\",\"target\":{\"@type\":\"EntryPoint\",\"urlTemplate\":\"https:\\\/\\\/www.kvarken.org\\\/fi\\\/?s={search_term_string}\"},\"query-input\":{\"@type\":\"PropertyValueSpecification\",\"valueRequired\":true,\"valueName\":\"search_term_string\"}}],\"inLanguage\":\"fi\"},{\"@type\":\"Person\",\"@id\":\"https:\\\/\\\/www.kvarken.org\\\/fi\\\/#\\\/schema\\\/person\\\/c0191caa861afff47bc50292a6905da2\",\"name\":\"jokommunikation_agency\",\"image\":{\"@type\":\"ImageObject\",\"inLanguage\":\"fi\",\"@id\":\"https:\\\/\\\/secure.gravatar.com\\\/avatar\\\/747179557db7fa831269f4829d55b0109a7684b8dd784a3f8f606bce8610f828?s=96&d=mm&r=g\",\"url\":\"https:\\\/\\\/secure.gravatar.com\\\/avatar\\\/747179557db7fa831269f4829d55b0109a7684b8dd784a3f8f606bce8610f828?s=96&d=mm&r=g\",\"contentUrl\":\"https:\\\/\\\/secure.gravatar.com\\\/avatar\\\/747179557db7fa831269f4829d55b0109a7684b8dd784a3f8f606bce8610f828?s=96&d=mm&r=g\",\"caption\":\"jokommunikation_agency\"}}]}<\/script>\n<!-- \/ Yoast SEO plugin. -->","yoast_head_json":{"title":"Kvarken Destinations f\u00e5r ber\u00f6m och erk\u00e4nnande av internationella researrang\u00f6rer - Kvarkenr\u00e5det","robots":{"index":"index","follow":"follow","max-snippet":"max-snippet:-1","max-image-preview":"max-image-preview:large","max-video-preview":"max-video-preview:-1"},"canonical":"https:\/\/www.kvarken.org\/fi\/kvarken-destinations-far-berom-och-erkannande-av-internationella-researrangorer\/","og_locale":"fi_FI","og_type":"article","og_title":"Kvarken Destinations f\u00e5r ber\u00f6m och erk\u00e4nnande av internationella researrang\u00f6rer - Kvarkenr\u00e5det","og_description":"Tv\u00e5 l\u00e4nder och sju destinationer med sina exportmogna f\u00f6retag presenteras tillsammans under namnet Kvarken Destinations och n\u00e5r framg\u00e5ng bland internationella researrang\u00f6rer.","og_url":"https:\/\/www.kvarken.org\/fi\/kvarken-destinations-far-berom-och-erkannande-av-internationella-researrangorer\/","og_site_name":"Kvarkenr\u00e5det","article_published_time":"2020-01-20T07:56:25+00:00","article_modified_time":"2020-12-18T09:43:12+00:00","og_image":[{"width":590,"height":443,"url":"https:\/\/www.kvarken.org\/wp-content\/uploads\/2020\/12\/resizedimage590443-IMG-1873-1.jpg","type":"image\/jpeg"}],"author":"jokommunikation_agency","twitter_card":"summary_large_image","twitter_misc":{"Kirjoittanut":"jokommunikation_agency","Arvioitu lukuaika":"3 minuuttia"},"schema":{"@context":"https:\/\/schema.org","@graph":[{"@type":"Article","@id":"https:\/\/www.kvarken.org\/fi\/kvarken-destinations-far-berom-och-erkannande-av-internationella-researrangorer\/#article","isPartOf":{"@id":"https:\/\/www.kvarken.org\/fi\/kvarken-destinations-far-berom-och-erkannande-av-internationella-researrangorer\/"},"author":{"name":"jokommunikation_agency","@id":"https:\/\/www.kvarken.org\/fi\/#\/schema\/person\/c0191caa861afff47bc50292a6905da2"},"headline":"Kvarken Destinations f\u00e5r ber\u00f6m och erk\u00e4nnande av internationella researrang\u00f6rer","datePublished":"2020-01-20T07:56:25+00:00","dateModified":"2020-12-18T09:43:12+00:00","mainEntityOfPage":{"@id":"https:\/\/www.kvarken.org\/fi\/kvarken-destinations-far-berom-och-erkannande-av-internationella-researrangorer\/"},"wordCount":568,"commentCount":0,"image":{"@id":"https:\/\/www.kvarken.org\/fi\/kvarken-destinations-far-berom-och-erkannande-av-internationella-researrangorer\/#primaryimage"},"thumbnailUrl":"https:\/\/www.kvarken.org\/wp-content\/uploads\/2020\/12\/resizedimage590443-IMG-1873-1.jpg","articleSection":["Uncategorized @fi"],"inLanguage":"fi","potentialAction":[{"@type":"CommentAction","name":"Comment","target":["https:\/\/www.kvarken.org\/fi\/kvarken-destinations-far-berom-och-erkannande-av-internationella-researrangorer\/#respond"]}]},{"@type":"WebPage","@id":"https:\/\/www.kvarken.org\/fi\/kvarken-destinations-far-berom-och-erkannande-av-internationella-researrangorer\/","url":"https:\/\/www.kvarken.org\/fi\/kvarken-destinations-far-berom-och-erkannande-av-internationella-researrangorer\/","name":"Kvarken Destinations f\u00e5r ber\u00f6m och erk\u00e4nnande av internationella researrang\u00f6rer - Kvarkenr\u00e5det","isPartOf":{"@id":"https:\/\/www.kvarken.org\/fi\/#website"},"primaryImageOfPage":{"@id":"https:\/\/www.kvarken.org\/fi\/kvarken-destinations-far-berom-och-erkannande-av-internationella-researrangorer\/#primaryimage"},"image":{"@id":"https:\/\/www.kvarken.org\/fi\/kvarken-destinations-far-berom-och-erkannande-av-internationella-researrangorer\/#primaryimage"},"thumbnailUrl":"https:\/\/www.kvarken.org\/wp-content\/uploads\/2020\/12\/resizedimage590443-IMG-1873-1.jpg","datePublished":"2020-01-20T07:56:25+00:00","dateModified":"2020-12-18T09:43:12+00:00","author":{"@id":"https:\/\/www.kvarken.org\/fi\/#\/schema\/person\/c0191caa861afff47bc50292a6905da2"},"breadcrumb":{"@id":"https:\/\/www.kvarken.org\/fi\/kvarken-destinations-far-berom-och-erkannande-av-internationella-researrangorer\/#breadcrumb"},"inLanguage":"fi","potentialAction":[{"@type":"ReadAction","target":["https:\/\/www.kvarken.org\/fi\/kvarken-destinations-far-berom-och-erkannande-av-internationella-researrangorer\/"]}]},{"@type":"ImageObject","inLanguage":"fi","@id":"https:\/\/www.kvarken.org\/fi\/kvarken-destinations-far-berom-och-erkannande-av-internationella-researrangorer\/#primaryimage","url":"https:\/\/www.kvarken.org\/wp-content\/uploads\/2020\/12\/resizedimage590443-IMG-1873-1.jpg","contentUrl":"https:\/\/www.kvarken.org\/wp-content\/uploads\/2020\/12\/resizedimage590443-IMG-1873-1.jpg","width":590,"height":443,"caption":"Two women at a table"},{"@type":"BreadcrumbList","@id":"https:\/\/www.kvarken.org\/fi\/kvarken-destinations-far-berom-och-erkannande-av-internationella-researrangorer\/#breadcrumb","itemListElement":[{"@type":"ListItem","position":1,"name":"Hem","item":"https:\/\/www.kvarken.org\/fi\/"},{"@type":"ListItem","position":2,"name":"Kvarken Destinations f\u00e5r ber\u00f6m och erk\u00e4nnande av internationella researrang\u00f6rer"}]},{"@type":"WebSite","@id":"https:\/\/www.kvarken.org\/fi\/#website","url":"https:\/\/www.kvarken.org\/fi\/","name":"Kvarkenr\u00e5det","description":"","potentialAction":[{"@type":"SearchAction","target":{"@type":"EntryPoint","urlTemplate":"https:\/\/www.kvarken.org\/fi\/?s={search_term_string}"},"query-input":{"@type":"PropertyValueSpecification","valueRequired":true,"valueName":"search_term_string"}}],"inLanguage":"fi"},{"@type":"Person","@id":"https:\/\/www.kvarken.org\/fi\/#\/schema\/person\/c0191caa861afff47bc50292a6905da2","name":"jokommunikation_agency","image":{"@type":"ImageObject","inLanguage":"fi","@id":"https:\/\/secure.gravatar.com\/avatar\/747179557db7fa831269f4829d55b0109a7684b8dd784a3f8f606bce8610f828?s=96&d=mm&r=g","url":"https:\/\/secure.gravatar.com\/avatar\/747179557db7fa831269f4829d55b0109a7684b8dd784a3f8f606bce8610f828?s=96&d=mm&r=g","contentUrl":"https:\/\/secure.gravatar.com\/avatar\/747179557db7fa831269f4829d55b0109a7684b8dd784a3f8f606bce8610f828?s=96&d=mm&r=g","caption":"jokommunikation_agency"}}]}},"_links":{"self":[{"href":"https:\/\/www.kvarken.org\/fi\/wp-json\/wp\/v2\/posts\/4446","targetHints":{"allow":["GET"]}}],"collection":[{"href":"https:\/\/www.kvarken.org\/fi\/wp-json\/wp\/v2\/posts"}],"about":[{"href":"https:\/\/www.kvarken.org\/fi\/wp-json\/wp\/v2\/types\/post"}],"author":[{"embeddable":true,"href":"https:\/\/www.kvarken.org\/fi\/wp-json\/wp\/v2\/users\/2"}],"replies":[{"embeddable":true,"href":"https:\/\/www.kvarken.org\/fi\/wp-json\/wp\/v2\/comments?post=4446"}],"version-history":[{"count":0,"href":"https:\/\/www.kvarken.org\/fi\/wp-json\/wp\/v2\/posts\/4446\/revisions"}],"wp:featuredmedia":[{"embeddable":true,"href":"https:\/\/www.kvarken.org\/fi\/wp-json\/wp\/v2\/media\/4441"}],"wp:attachment":[{"href":"https:\/\/www.kvarken.org\/fi\/wp-json\/wp\/v2\/media?parent=4446"}],"wp:term":[{"taxonomy":"category","embeddable":true,"href":"https:\/\/www.kvarken.org\/fi\/wp-json\/wp\/v2\/categories?post=4446"},{"taxonomy":"post_tag","embeddable":true,"href":"https:\/\/www.kvarken.org\/fi\/wp-json\/wp\/v2\/tags?post=4446"},{"taxonomy":"amnen","embeddable":true,"href":"https:\/\/www.kvarken.org\/fi\/wp-json\/wp\/v2\/amnen?post=4446"}],"curies":[{"name":"wp","href":"https:\/\/api.w.org\/{rel}","templated":true}]}}