{"id":6272,"date":"2020-12-10T09:31:15","date_gmt":"2020-12-10T09:31:15","guid":{"rendered":"http:\/\/kvarken.org\/kvarken-destinations-valtava-potentiaali-ja-monia-valttikortteja"},"modified":"2020-12-18T10:03:53","modified_gmt":"2020-12-18T10:03:53","slug":"kvarken-destinations-valtava-potentiaali-ja-monia-valttikortteja","status":"publish","type":"post","link":"https:\/\/www.kvarken.org\/fi\/kvarken-destinations-valtava-potentiaali-ja-monia-valttikortteja\/","title":{"rendered":"Kvarken Destinations &#8211; Valtava potentiaali ja monia valttikortteja"},"content":{"rendered":"<p><strong>Merenkurkku tunnetuksi eurooppalaisille matkailijoille <\/strong><\/p>\n<p>Ulkomaisten matkanj\u00e4rjest\u00e4jien mukaan meid\u00e4n yhteinen Merenkurkun alue (Kvarken) n\u00e4hd\u00e4\u00e4n mielell\u00e4\u00e4n yhten\u00e4 kokonaisuutena, vaikka matkakohde sis\u00e4lt\u00e4\u00e4kin kaksi maata. Juuri matkakohteen kiehtovat vastakohdat olivat t\u00e4rke\u00e4 l\u00e4ht\u00f6kohta Kvarken Destinations-hankkeelle, joka k\u00e4ynnistettiin tavoitteena lis\u00e4t\u00e4 matkailijoiden m\u00e4\u00e4r\u00e4\u00e4 Merenkurkun alueella.<\/p>\n<p>T\u00e4t\u00e4 ty\u00f6t\u00e4 tehd\u00e4\u00e4n nyt matkailuyrityksiss\u00e4, jotka sis\u00e4llytt\u00e4v\u00e4t tavoitteen suunnitelmiinsa ja aktiviteetteihin. Hankkeen p\u00e4\u00e4tavoite on lis\u00e4t\u00e4 niiden ulkomaalaisten matkanj\u00e4rjest\u00e4jien m\u00e4\u00e4r\u00e4\u00e4, jotka ottavat Merenkurkun alueen tarjontaansa. Nordic Marketing on hankkeemme saksalainen yhteisty\u00f6kumppani, joka on erikoistunut B2B \u2013 kaupank\u00e4yntiin matkanj\u00e4rjest\u00e4jien kanssa saksankielisiss\u00e4 maissa.<br \/>\n<strong><br \/>\n<img decoding=\"async\" class=\"size-medium wp-image-6222 aligncenter\" src=\"https:\/\/www.kvarken.org\/wp-content\/uploads\/2020\/12\/Screenshot-2020-12-17-at-10.23.09-300x199.png\" alt=\"\" width=\"300\" height=\"199\" \/><\/strong><em><br \/>\nJan Badur, saksalaisesta matkailumarkkinointitoimistosta, Nordic Marketingista, n\u00e4kee Merenkurkun alueessa suurta potentiaalia saksankielisill\u00e4 matkailumarkkinoilla. &#8211; T\u00e4rkeint\u00e4 on, ett\u00e4 alueen matkailutoimijat ja -yritykset n\u00e4kev\u00e4t Merenkurkun alueen kokonaisuutena ja kehitt\u00e4v\u00e4t matkailualuetta eteenp\u00e4in yhteisty\u00f6ss\u00e4, jotta matkailijoille voidaan tarjota laajempia koko alueen ja kahden maan kattavia matkailupaketteja. <\/em><strong><em><br \/>\n<\/em><br \/>\n<\/strong>\u2013 Meid\u00e4n osuutemme hankkeessa on esitell\u00e4 konsepti, jossa kehitet\u00e4\u00e4n tehokkaasti markkinoille sopivia tuotteita niin, ett\u00e4 matkanj\u00e4rjest\u00e4j\u00e4t pystyv\u00e4t myyd\u00e4 alueen tuotteita. Me luomme verkoston, koulutamme, valmistelemme sek\u00e4 jaamme tietoa ja luomme myyntity\u00f6kaluja matkanj\u00e4rjest\u00e4jille, kuten tuotemanuaaleja, joiden sis\u00e4lt\u00f6n\u00e4 on alueen tarjonta. T\u00e4ss\u00e4 hankkeessa teht\u00e4v\u00e4n\u00e4mme on tehd\u00e4 Merenkurkkua tunnetuksi eurooppalaisten matkailijoiden keskuudessa, kertoo Jan Badur, toimitusjohtaja yrityksess\u00e4 Nordic Marketing. Janin mukaan Merenkurkku (Kvarken) k\u00e4sitteen\u00e4 tai maantieteellisen\u00e4 alueena on edelleen verrattain tuntematon Euroopassa. \u2013 Monet kuulevat Merenkurkusta ensimm\u00e4ist\u00e4 kertaa ja meid\u00e4n teht\u00e4v\u00e4n\u00e4 on rakentaa pohjaa sille, ett\u00e4 tieto alueesta tavoittaisi matkailijat matkanj\u00e4rjest\u00e4jien kautta.<\/p>\n<p>Badurin mielest\u00e4 alueella on paljon vahvuuksia.<\/p>\n<p>\u2013 Jo se seikka, ett\u00e4 matkailualue k\u00e4sitt\u00e4\u00e4 kaksi maata on iso vahvuustekij\u00e4. Matkailijat voivat vierailla kahdessa maassa saman matkan aikana ja vain pieni laivamatka erottaa maat toisistaan. Meri jo pelk\u00e4st\u00e4\u00e4n, sek\u00e4 saaristo ja luonto ovat hyvin merkitt\u00e4vi\u00e4 vetovoimatekij\u00f6it\u00e4 sek\u00e4 tietenkin maailmanperint\u00f6alue. Unesco on tunnettu \u201dbr\u00e4ndi\u201d Euroopassa, sill\u00e4 Euroopasta l\u00f6ytyy monta kulttuuriperint\u00f6kohdetta \u2013 Mutta Unescon luonnonperint\u00f6kohde\u00a0onkin jotain uutta monelle, lis\u00e4\u00e4 Badur.<strong><em><img decoding=\"async\" class=\"size-medium wp-image-6225 alignright\" src=\"https:\/\/www.kvarken.org\/wp-content\/uploads\/2020\/12\/Screenshot-2020-12-17-at-10.23.26-300x200.png\" alt=\"\" width=\"300\" height=\"200\" \/><\/em><\/strong><\/p>\n<p>&nbsp;<\/p>\n<p><em>Se ett\u00e4 Merenkurkun alue kattaa kaksi maata on ehdoton vahvuus matkailuyrityksen n\u00e4k\u00f6kulmasta \u2013 niin kuin my\u00f6s se, ett\u00e4 t\u00e4\u00e4ll\u00e4 et\u00e4isyyden pit\u00e4minen on helppoa. Lis\u00e4ksi Merenkurkussa sijaitseva Unescon maailmanperint\u00f6kohde on oikein hyv\u00e4 valttikortti markkinointiin.<\/em><\/p>\n<p><strong>T\u00e4m\u00e4n hetkisess\u00e4 maailman tilanteessa Skandinavialla ja koko Pohjolalla on melkoiset valttikortit k\u00e4siss\u00e4\u00e4n<\/strong>, koska t\u00e4\u00e4ll\u00e4 on helppo pit\u00e4\u00e4 et\u00e4isyytt\u00e4 muihin. Mielikuva Suomesta on pysynyt positiivisena ja Suomen onnistunut koronakriisin hoitaminen tulee olemaan etu matkailun uudelleen k\u00e4ynnistyess\u00e4. \u2013 Me n\u00e4emme jo merkkej\u00e4 uusista trendeist\u00e4, mit\u00e4 tulee eurooppalaisten tapaan matkustaa. Yh\u00e4 useammat tulevat tekem\u00e4\u00e4n kiertomatkoja omalla tai vuokra-autolla \u2013 vastaavasti n\u00e4ytt\u00e4\u00e4 silt\u00e4, ett\u00e4 kiinnostus ryhm\u00e4matkoja ja risteilyit\u00e4 kohtaan v\u00e4henee, toteaa Badur.<\/p>\n<p>Merenkurkun alueella on siis valtava potentiaali ja hankkeessa pyrit\u00e4\u00e4nkin l\u00f6yt\u00e4m\u00e4\u00e4n ratkaisuja niihin heikkouksiin, mit\u00e4 alueella on.<br \/>\n\u2013 T\u00e4ll\u00e4 hetkell\u00e4 rajat ylitt\u00e4v\u00e4\u00e4 yhteisty\u00f6t\u00e4 ei ole riitt\u00e4v\u00e4sti alueen matkailuyritysten tai matkailuorganisaatioiden v\u00e4lill\u00e4. Strategia yhteisen alueen digitaaliseen profiloitumiseen puuttuu toistaiseksi ja yritysten v\u00e4list\u00e4 yhteisty\u00f6t\u00e4 tulisi kehitt\u00e4\u00e4, pohtii Badur. Hankkeessa on pidetty useita myyntiin liittyvi\u00e4 workshoppeja ja on luotu digitaalisia materiaaleja, joiden aluetta voidaan esitell\u00e4 eurooppalaisille matkanj\u00e4rjest\u00e4jille. Seuraava askel on kutsua heid\u00e4t tutustumaan Merenkurkkuun, jotta he oppivat tuntemaan alueen paremmin \u2013 t\u00e4m\u00e4kin voidaan toteuttaa virtuaalisesti.<\/p>\n<p>Saksalaiset matkailijat eiv\u00e4t tule Merenkurkun alueelle vain pitk\u00e4ksi viikonlopuksi , vaan he tulevat yhden tai kahden viikon kiertomatkalle \u2013 mielell\u00e4\u00e4n j\u00e4rjestetyn ohjelman mukaan. Yhteinen koordinointi on siksi eritt\u00e4in keskeist\u00e4 \u2013 matkakohteen t\u00e4ytyy tuntua yhten\u00e4iselt\u00e4 kokonaisuudelta matkailijalle.<\/p>\n<p>\u2013 Mieluiten he haluavat valmiin paketin, jossa mukana k\u00e4ynti- ja matkakohteet, el\u00e4mykset ja ohjelma. T\u00e4m\u00e4 vaatii nyt isoimman ty\u00f6panoksen, mutta t\u00e4ss\u00e4 my\u00f6s piilee suurin potentiaali, miettii Badur haastattelun lopuksi.<\/p>\n<p>Teksti: Anna Sand\u2028 Kuvat: Lehdist\u00f6kuva ja Destination Kvarkenin Janicke Hansenin ja Lola Akinmade \u00c5kerstr\u00f6min ottamia materiaalipankkikuvia<\/p>\n","protected":false},"excerpt":{"rendered":"<p>Ulkomaisten matkanj\u00e4rjest\u00e4jien mukaan meid\u00e4n yhteinen Merenkurkun alue (Kvarken) n\u00e4hd\u00e4\u00e4n mielell\u00e4\u00e4n yhten\u00e4 kokonaisuutena, vaikka matkakohde sis\u00e4lt\u00e4\u00e4kin kaksi maata. Juuri matkakohteen kiehtovat vastakohdat olivat t\u00e4rke\u00e4 l\u00e4ht\u00f6kohta Kvarken Destinations-hankkeelle, joka k\u00e4ynnistettiin tavoitteena lis\u00e4t\u00e4 matkailijoiden m\u00e4\u00e4r\u00e4\u00e4 Merenkurkun alueella.<\/p>\n","protected":false},"author":2,"featured_media":6239,"comment_status":"open","ping_status":"open","sticky":false,"template":"","format":"standard","meta":{"_acf_changed":false,"_et_pb_use_builder":"","_et_pb_old_content":"","_et_gb_content_width":"","footnotes":""},"categories":[13],"tags":[],"amnen":[60,58],"class_list":["post-6272","post","type-post","status-publish","format-standard","has-post-thumbnail","hentry","category-uncategorized-fi","amnen-maailmanperinto","amnen-matkailu"],"acf":[],"yoast_head":"<!-- This site is optimized with the Yoast SEO plugin v27.4 - https:\/\/yoast.com\/product\/yoast-seo-wordpress\/ -->\n<title>Kvarken Destinations - Valtava potentiaali ja monia valttikortteja - Kvarkenr\u00e5det<\/title>\n<meta name=\"robots\" content=\"index, follow, max-snippet:-1, max-image-preview:large, max-video-preview:-1\" \/>\n<link rel=\"canonical\" href=\"https:\/\/www.kvarken.org\/fi\/kvarken-destinations-valtava-potentiaali-ja-monia-valttikortteja\/\" \/>\n<meta property=\"og:locale\" content=\"fi_FI\" \/>\n<meta property=\"og:type\" content=\"article\" \/>\n<meta property=\"og:title\" content=\"Kvarken Destinations - Valtava potentiaali ja monia valttikortteja - Kvarkenr\u00e5det\" \/>\n<meta property=\"og:description\" content=\"Ulkomaisten matkanj\u00e4rjest\u00e4jien mukaan meid\u00e4n yhteinen Merenkurkun alue (Kvarken) n\u00e4hd\u00e4\u00e4n mielell\u00e4\u00e4n yhten\u00e4 kokonaisuutena, vaikka matkakohde sis\u00e4lt\u00e4\u00e4kin kaksi maata. Juuri matkakohteen kiehtovat vastakohdat olivat t\u00e4rke\u00e4 l\u00e4ht\u00f6kohta Kvarken Destinations-hankkeelle, joka k\u00e4ynnistettiin tavoitteena lis\u00e4t\u00e4 matkailijoiden m\u00e4\u00e4r\u00e4\u00e4 Merenkurkun alueella.\" \/>\n<meta property=\"og:url\" content=\"https:\/\/www.kvarken.org\/fi\/kvarken-destinations-valtava-potentiaali-ja-monia-valttikortteja\/\" \/>\n<meta property=\"og:site_name\" content=\"Kvarkenr\u00e5det\" \/>\n<meta property=\"article:published_time\" content=\"2020-12-10T09:31:15+00:00\" \/>\n<meta property=\"article:modified_time\" content=\"2020-12-18T10:03:53+00:00\" \/>\n<meta property=\"og:image\" content=\"https:\/\/www.kvarken.org\/wp-content\/uploads\/2020\/12\/Screenshot-2020-12-17-at-10.32.20-1024x682.png\" \/>\n\t<meta property=\"og:image:width\" content=\"1024\" \/>\n\t<meta property=\"og:image:height\" content=\"682\" \/>\n\t<meta property=\"og:image:type\" content=\"image\/png\" \/>\n<meta name=\"author\" content=\"jokommunikation_agency\" \/>\n<meta name=\"twitter:card\" content=\"summary_large_image\" \/>\n<meta name=\"twitter:label1\" content=\"Kirjoittanut\" \/>\n\t<meta name=\"twitter:data1\" content=\"jokommunikation_agency\" \/>\n\t<meta name=\"twitter:label2\" content=\"Arvioitu lukuaika\" \/>\n\t<meta name=\"twitter:data2\" content=\"3 minuuttia\" \/>\n<script type=\"application\/ld+json\" class=\"yoast-schema-graph\">{\"@context\":\"https:\\\/\\\/schema.org\",\"@graph\":[{\"@type\":\"Article\",\"@id\":\"https:\\\/\\\/www.kvarken.org\\\/fi\\\/kvarken-destinations-valtava-potentiaali-ja-monia-valttikortteja\\\/#article\",\"isPartOf\":{\"@id\":\"https:\\\/\\\/www.kvarken.org\\\/fi\\\/kvarken-destinations-valtava-potentiaali-ja-monia-valttikortteja\\\/\"},\"author\":{\"name\":\"jokommunikation_agency\",\"@id\":\"https:\\\/\\\/www.kvarken.org\\\/fi\\\/#\\\/schema\\\/person\\\/c0191caa861afff47bc50292a6905da2\"},\"headline\":\"Kvarken Destinations &#8211; Valtava potentiaali ja monia valttikortteja\",\"datePublished\":\"2020-12-10T09:31:15+00:00\",\"dateModified\":\"2020-12-18T10:03:53+00:00\",\"mainEntityOfPage\":{\"@id\":\"https:\\\/\\\/www.kvarken.org\\\/fi\\\/kvarken-destinations-valtava-potentiaali-ja-monia-valttikortteja\\\/\"},\"wordCount\":656,\"commentCount\":0,\"image\":{\"@id\":\"https:\\\/\\\/www.kvarken.org\\\/fi\\\/kvarken-destinations-valtava-potentiaali-ja-monia-valttikortteja\\\/#primaryimage\"},\"thumbnailUrl\":\"https:\\\/\\\/www.kvarken.org\\\/wp-content\\\/uploads\\\/2020\\\/12\\\/Screenshot-2020-12-17-at-10.32.20.png\",\"articleSection\":[\"Uncategorized @fi\"],\"inLanguage\":\"fi\",\"potentialAction\":[{\"@type\":\"CommentAction\",\"name\":\"Comment\",\"target\":[\"https:\\\/\\\/www.kvarken.org\\\/fi\\\/kvarken-destinations-valtava-potentiaali-ja-monia-valttikortteja\\\/#respond\"]}]},{\"@type\":\"WebPage\",\"@id\":\"https:\\\/\\\/www.kvarken.org\\\/fi\\\/kvarken-destinations-valtava-potentiaali-ja-monia-valttikortteja\\\/\",\"url\":\"https:\\\/\\\/www.kvarken.org\\\/fi\\\/kvarken-destinations-valtava-potentiaali-ja-monia-valttikortteja\\\/\",\"name\":\"Kvarken Destinations - Valtava potentiaali ja monia valttikortteja - Kvarkenr\u00e5det\",\"isPartOf\":{\"@id\":\"https:\\\/\\\/www.kvarken.org\\\/fi\\\/#website\"},\"primaryImageOfPage\":{\"@id\":\"https:\\\/\\\/www.kvarken.org\\\/fi\\\/kvarken-destinations-valtava-potentiaali-ja-monia-valttikortteja\\\/#primaryimage\"},\"image\":{\"@id\":\"https:\\\/\\\/www.kvarken.org\\\/fi\\\/kvarken-destinations-valtava-potentiaali-ja-monia-valttikortteja\\\/#primaryimage\"},\"thumbnailUrl\":\"https:\\\/\\\/www.kvarken.org\\\/wp-content\\\/uploads\\\/2020\\\/12\\\/Screenshot-2020-12-17-at-10.32.20.png\",\"datePublished\":\"2020-12-10T09:31:15+00:00\",\"dateModified\":\"2020-12-18T10:03:53+00:00\",\"author\":{\"@id\":\"https:\\\/\\\/www.kvarken.org\\\/fi\\\/#\\\/schema\\\/person\\\/c0191caa861afff47bc50292a6905da2\"},\"breadcrumb\":{\"@id\":\"https:\\\/\\\/www.kvarken.org\\\/fi\\\/kvarken-destinations-valtava-potentiaali-ja-monia-valttikortteja\\\/#breadcrumb\"},\"inLanguage\":\"fi\",\"potentialAction\":[{\"@type\":\"ReadAction\",\"target\":[\"https:\\\/\\\/www.kvarken.org\\\/fi\\\/kvarken-destinations-valtava-potentiaali-ja-monia-valttikortteja\\\/\"]}]},{\"@type\":\"ImageObject\",\"inLanguage\":\"fi\",\"@id\":\"https:\\\/\\\/www.kvarken.org\\\/fi\\\/kvarken-destinations-valtava-potentiaali-ja-monia-valttikortteja\\\/#primaryimage\",\"url\":\"https:\\\/\\\/www.kvarken.org\\\/wp-content\\\/uploads\\\/2020\\\/12\\\/Screenshot-2020-12-17-at-10.32.20.png\",\"contentUrl\":\"https:\\\/\\\/www.kvarken.org\\\/wp-content\\\/uploads\\\/2020\\\/12\\\/Screenshot-2020-12-17-at-10.32.20.png\",\"width\":1174,\"height\":782},{\"@type\":\"BreadcrumbList\",\"@id\":\"https:\\\/\\\/www.kvarken.org\\\/fi\\\/kvarken-destinations-valtava-potentiaali-ja-monia-valttikortteja\\\/#breadcrumb\",\"itemListElement\":[{\"@type\":\"ListItem\",\"position\":1,\"name\":\"Hem\",\"item\":\"https:\\\/\\\/www.kvarken.org\\\/fi\\\/\"},{\"@type\":\"ListItem\",\"position\":2,\"name\":\"Kvarken Destinations &#8211; Valtava potentiaali ja monia valttikortteja\"}]},{\"@type\":\"WebSite\",\"@id\":\"https:\\\/\\\/www.kvarken.org\\\/fi\\\/#website\",\"url\":\"https:\\\/\\\/www.kvarken.org\\\/fi\\\/\",\"name\":\"Kvarkenr\u00e5det\",\"description\":\"\",\"potentialAction\":[{\"@type\":\"SearchAction\",\"target\":{\"@type\":\"EntryPoint\",\"urlTemplate\":\"https:\\\/\\\/www.kvarken.org\\\/fi\\\/?s={search_term_string}\"},\"query-input\":{\"@type\":\"PropertyValueSpecification\",\"valueRequired\":true,\"valueName\":\"search_term_string\"}}],\"inLanguage\":\"fi\"},{\"@type\":\"Person\",\"@id\":\"https:\\\/\\\/www.kvarken.org\\\/fi\\\/#\\\/schema\\\/person\\\/c0191caa861afff47bc50292a6905da2\",\"name\":\"jokommunikation_agency\",\"image\":{\"@type\":\"ImageObject\",\"inLanguage\":\"fi\",\"@id\":\"https:\\\/\\\/secure.gravatar.com\\\/avatar\\\/747179557db7fa831269f4829d55b0109a7684b8dd784a3f8f606bce8610f828?s=96&d=mm&r=g\",\"url\":\"https:\\\/\\\/secure.gravatar.com\\\/avatar\\\/747179557db7fa831269f4829d55b0109a7684b8dd784a3f8f606bce8610f828?s=96&d=mm&r=g\",\"contentUrl\":\"https:\\\/\\\/secure.gravatar.com\\\/avatar\\\/747179557db7fa831269f4829d55b0109a7684b8dd784a3f8f606bce8610f828?s=96&d=mm&r=g\",\"caption\":\"jokommunikation_agency\"}}]}<\/script>\n<!-- \/ Yoast SEO plugin. -->","yoast_head_json":{"title":"Kvarken Destinations - Valtava potentiaali ja monia valttikortteja - Kvarkenr\u00e5det","robots":{"index":"index","follow":"follow","max-snippet":"max-snippet:-1","max-image-preview":"max-image-preview:large","max-video-preview":"max-video-preview:-1"},"canonical":"https:\/\/www.kvarken.org\/fi\/kvarken-destinations-valtava-potentiaali-ja-monia-valttikortteja\/","og_locale":"fi_FI","og_type":"article","og_title":"Kvarken Destinations - Valtava potentiaali ja monia valttikortteja - Kvarkenr\u00e5det","og_description":"Ulkomaisten matkanj\u00e4rjest\u00e4jien mukaan meid\u00e4n yhteinen Merenkurkun alue (Kvarken) n\u00e4hd\u00e4\u00e4n mielell\u00e4\u00e4n yhten\u00e4 kokonaisuutena, vaikka matkakohde sis\u00e4lt\u00e4\u00e4kin kaksi maata. Juuri matkakohteen kiehtovat vastakohdat olivat t\u00e4rke\u00e4 l\u00e4ht\u00f6kohta Kvarken Destinations-hankkeelle, joka k\u00e4ynnistettiin tavoitteena lis\u00e4t\u00e4 matkailijoiden m\u00e4\u00e4r\u00e4\u00e4 Merenkurkun alueella.","og_url":"https:\/\/www.kvarken.org\/fi\/kvarken-destinations-valtava-potentiaali-ja-monia-valttikortteja\/","og_site_name":"Kvarkenr\u00e5det","article_published_time":"2020-12-10T09:31:15+00:00","article_modified_time":"2020-12-18T10:03:53+00:00","og_image":[{"width":1024,"height":682,"url":"https:\/\/www.kvarken.org\/wp-content\/uploads\/2020\/12\/Screenshot-2020-12-17-at-10.32.20-1024x682.png","type":"image\/png"}],"author":"jokommunikation_agency","twitter_card":"summary_large_image","twitter_misc":{"Kirjoittanut":"jokommunikation_agency","Arvioitu lukuaika":"3 minuuttia"},"schema":{"@context":"https:\/\/schema.org","@graph":[{"@type":"Article","@id":"https:\/\/www.kvarken.org\/fi\/kvarken-destinations-valtava-potentiaali-ja-monia-valttikortteja\/#article","isPartOf":{"@id":"https:\/\/www.kvarken.org\/fi\/kvarken-destinations-valtava-potentiaali-ja-monia-valttikortteja\/"},"author":{"name":"jokommunikation_agency","@id":"https:\/\/www.kvarken.org\/fi\/#\/schema\/person\/c0191caa861afff47bc50292a6905da2"},"headline":"Kvarken Destinations &#8211; Valtava potentiaali ja monia valttikortteja","datePublished":"2020-12-10T09:31:15+00:00","dateModified":"2020-12-18T10:03:53+00:00","mainEntityOfPage":{"@id":"https:\/\/www.kvarken.org\/fi\/kvarken-destinations-valtava-potentiaali-ja-monia-valttikortteja\/"},"wordCount":656,"commentCount":0,"image":{"@id":"https:\/\/www.kvarken.org\/fi\/kvarken-destinations-valtava-potentiaali-ja-monia-valttikortteja\/#primaryimage"},"thumbnailUrl":"https:\/\/www.kvarken.org\/wp-content\/uploads\/2020\/12\/Screenshot-2020-12-17-at-10.32.20.png","articleSection":["Uncategorized @fi"],"inLanguage":"fi","potentialAction":[{"@type":"CommentAction","name":"Comment","target":["https:\/\/www.kvarken.org\/fi\/kvarken-destinations-valtava-potentiaali-ja-monia-valttikortteja\/#respond"]}]},{"@type":"WebPage","@id":"https:\/\/www.kvarken.org\/fi\/kvarken-destinations-valtava-potentiaali-ja-monia-valttikortteja\/","url":"https:\/\/www.kvarken.org\/fi\/kvarken-destinations-valtava-potentiaali-ja-monia-valttikortteja\/","name":"Kvarken Destinations - Valtava potentiaali ja monia valttikortteja - Kvarkenr\u00e5det","isPartOf":{"@id":"https:\/\/www.kvarken.org\/fi\/#website"},"primaryImageOfPage":{"@id":"https:\/\/www.kvarken.org\/fi\/kvarken-destinations-valtava-potentiaali-ja-monia-valttikortteja\/#primaryimage"},"image":{"@id":"https:\/\/www.kvarken.org\/fi\/kvarken-destinations-valtava-potentiaali-ja-monia-valttikortteja\/#primaryimage"},"thumbnailUrl":"https:\/\/www.kvarken.org\/wp-content\/uploads\/2020\/12\/Screenshot-2020-12-17-at-10.32.20.png","datePublished":"2020-12-10T09:31:15+00:00","dateModified":"2020-12-18T10:03:53+00:00","author":{"@id":"https:\/\/www.kvarken.org\/fi\/#\/schema\/person\/c0191caa861afff47bc50292a6905da2"},"breadcrumb":{"@id":"https:\/\/www.kvarken.org\/fi\/kvarken-destinations-valtava-potentiaali-ja-monia-valttikortteja\/#breadcrumb"},"inLanguage":"fi","potentialAction":[{"@type":"ReadAction","target":["https:\/\/www.kvarken.org\/fi\/kvarken-destinations-valtava-potentiaali-ja-monia-valttikortteja\/"]}]},{"@type":"ImageObject","inLanguage":"fi","@id":"https:\/\/www.kvarken.org\/fi\/kvarken-destinations-valtava-potentiaali-ja-monia-valttikortteja\/#primaryimage","url":"https:\/\/www.kvarken.org\/wp-content\/uploads\/2020\/12\/Screenshot-2020-12-17-at-10.32.20.png","contentUrl":"https:\/\/www.kvarken.org\/wp-content\/uploads\/2020\/12\/Screenshot-2020-12-17-at-10.32.20.png","width":1174,"height":782},{"@type":"BreadcrumbList","@id":"https:\/\/www.kvarken.org\/fi\/kvarken-destinations-valtava-potentiaali-ja-monia-valttikortteja\/#breadcrumb","itemListElement":[{"@type":"ListItem","position":1,"name":"Hem","item":"https:\/\/www.kvarken.org\/fi\/"},{"@type":"ListItem","position":2,"name":"Kvarken Destinations &#8211; Valtava potentiaali ja monia valttikortteja"}]},{"@type":"WebSite","@id":"https:\/\/www.kvarken.org\/fi\/#website","url":"https:\/\/www.kvarken.org\/fi\/","name":"Kvarkenr\u00e5det","description":"","potentialAction":[{"@type":"SearchAction","target":{"@type":"EntryPoint","urlTemplate":"https:\/\/www.kvarken.org\/fi\/?s={search_term_string}"},"query-input":{"@type":"PropertyValueSpecification","valueRequired":true,"valueName":"search_term_string"}}],"inLanguage":"fi"},{"@type":"Person","@id":"https:\/\/www.kvarken.org\/fi\/#\/schema\/person\/c0191caa861afff47bc50292a6905da2","name":"jokommunikation_agency","image":{"@type":"ImageObject","inLanguage":"fi","@id":"https:\/\/secure.gravatar.com\/avatar\/747179557db7fa831269f4829d55b0109a7684b8dd784a3f8f606bce8610f828?s=96&d=mm&r=g","url":"https:\/\/secure.gravatar.com\/avatar\/747179557db7fa831269f4829d55b0109a7684b8dd784a3f8f606bce8610f828?s=96&d=mm&r=g","contentUrl":"https:\/\/secure.gravatar.com\/avatar\/747179557db7fa831269f4829d55b0109a7684b8dd784a3f8f606bce8610f828?s=96&d=mm&r=g","caption":"jokommunikation_agency"}}]}},"_links":{"self":[{"href":"https:\/\/www.kvarken.org\/fi\/wp-json\/wp\/v2\/posts\/6272","targetHints":{"allow":["GET"]}}],"collection":[{"href":"https:\/\/www.kvarken.org\/fi\/wp-json\/wp\/v2\/posts"}],"about":[{"href":"https:\/\/www.kvarken.org\/fi\/wp-json\/wp\/v2\/types\/post"}],"author":[{"embeddable":true,"href":"https:\/\/www.kvarken.org\/fi\/wp-json\/wp\/v2\/users\/2"}],"replies":[{"embeddable":true,"href":"https:\/\/www.kvarken.org\/fi\/wp-json\/wp\/v2\/comments?post=6272"}],"version-history":[{"count":0,"href":"https:\/\/www.kvarken.org\/fi\/wp-json\/wp\/v2\/posts\/6272\/revisions"}],"wp:featuredmedia":[{"embeddable":true,"href":"https:\/\/www.kvarken.org\/fi\/wp-json\/wp\/v2\/media\/6239"}],"wp:attachment":[{"href":"https:\/\/www.kvarken.org\/fi\/wp-json\/wp\/v2\/media?parent=6272"}],"wp:term":[{"taxonomy":"category","embeddable":true,"href":"https:\/\/www.kvarken.org\/fi\/wp-json\/wp\/v2\/categories?post=6272"},{"taxonomy":"post_tag","embeddable":true,"href":"https:\/\/www.kvarken.org\/fi\/wp-json\/wp\/v2\/tags?post=6272"},{"taxonomy":"amnen","embeddable":true,"href":"https:\/\/www.kvarken.org\/fi\/wp-json\/wp\/v2\/amnen?post=6272"}],"curies":[{"name":"wp","href":"https:\/\/api.w.org\/{rel}","templated":true}]}}