{"id":6634,"date":"2020-12-17T14:18:04","date_gmt":"2020-12-17T14:18:04","guid":{"rendered":"http:\/\/kvarken.org\/nykyhetki-ja-tulevaisuudennakymat"},"modified":"2020-12-18T10:06:22","modified_gmt":"2020-12-18T10:06:22","slug":"nykyhetki-ja-tulevaisuudennakymat","status":"publish","type":"post","link":"https:\/\/www.kvarken.org\/fi\/nykyhetki-ja-tulevaisuudennakymat\/","title":{"rendered":"Nykyhetki ja tulevaisuudenn\u00e4kym\u00e4t"},"content":{"rendered":"<p><strong>SUOMEN ELINKEINOMINISTERI MIKA LINTIL\u00c4N TERVEHDYS<\/strong><\/p>\n<p>Suomi ja Ruotsi ovat nyt virallisesti perustaneet pohjoismaiden ensimm\u00e4isen eurooppalaisen alueellisen yhteisty\u00f6n yhtym\u00e4n, Merenkurkun neuvosto EAYY:n<\/p>\n<p>Tarvitsemme panostuksia tulevaisuuteen enemm\u00e4n kuin koskaan. Vaikkakin t\u00e4m\u00e4 pohjanmaan maakuntien ja ruotsin V\u00e4sterbottenin ja \u00d6rnsk\u00f6ldsvikin virallinen yhteisty\u00f6 onkin jatkunut jo l\u00e4hes 50 vuotta, ovat Merenkurkun neuvosto j\u00e4senineen silti aina pyrkineet taukoamatta edist\u00e4m\u00e4\u00e4n Merenkurkun alueen jatkuvaa kehityst\u00e4 toimivaksi, kilpailukykyiseksi ja integroituneeksi raja-alueeksi.<\/p>\n<p>T\u00e4m\u00e4n t\u00e4ysin pohjoismaisen EAYY-alueen luominen Merenkurkun alueelle, on ainutlaatuinen ja ilahduttava askel. T\u00e4\u00e4ll\u00e4 n\u00e4hd\u00e4\u00e4n mahdollisuudet, joista hy\u00f6tyv\u00e4t asukkaat, yritykset ja oppilaitokset. T\u00e4m\u00e4 tuo valtavia mahdollisuuksia alueelle my\u00f6s Pohjoismaiden ja Euroopan tasolla.<\/p>\n<p>Toivotan yhteisty\u00f6lle hyv\u00e4\u00e4 onnea ja menestyst\u00e4, olette esimerkki muille alueille.<\/p>\n<p>Mika Lintil\u00e4<br \/>\nElinkeinoministeri<br \/>\nSuomen Keskusta<\/p>\n","protected":false},"excerpt":{"rendered":"<p>Suomi ja Ruotsi ovat nyt virallisesti perustaneet pohjoismaiden ensimm\u00e4isen eurooppalaisen alueellisen yhteisty\u00f6n yhtym\u00e4n, Merenkurkun neuvosto EAYY:n<\/p>\n","protected":false},"author":2,"featured_media":6624,"comment_status":"open","ping_status":"closed","sticky":false,"template":"","format":"standard","meta":{"_acf_changed":false,"_et_pb_use_builder":"","_et_pb_old_content":"","_et_gb_content_width":"","footnotes":""},"categories":[13],"tags":[],"amnen":[100,87,86],"class_list":["post-6634","post","type-post","status-publish","format-standard","has-post-thumbnail","hentry","category-uncategorized-fi","amnen-eayy","amnen-tervehdys","amnen-yhteistyomuodot-fi"],"acf":[],"yoast_head":"<!-- This site is optimized with the Yoast SEO plugin v28.3 - https:\/\/yoast.com\/product\/yoast-seo-wordpress\/ -->\n<title>Nykyhetki ja tulevaisuudenn\u00e4kym\u00e4t - Kvarkenr\u00e5det<\/title>\n<meta name=\"robots\" content=\"index, follow, max-snippet:-1, max-image-preview:large, max-video-preview:-1\" \/>\n<link rel=\"canonical\" href=\"https:\/\/www.kvarken.org\/fi\/nykyhetki-ja-tulevaisuudennakymat\/\" \/>\n<meta property=\"og:locale\" content=\"fi_FI\" \/>\n<meta property=\"og:type\" content=\"article\" \/>\n<meta property=\"og:title\" content=\"Nykyhetki ja tulevaisuudenn\u00e4kym\u00e4t - Kvarkenr\u00e5det\" \/>\n<meta property=\"og:description\" content=\"Suomi ja Ruotsi ovat nyt virallisesti perustaneet pohjoismaiden ensimm\u00e4isen eurooppalaisen alueellisen yhteisty\u00f6n yhtym\u00e4n, Merenkurkun neuvosto EAYY:n\" \/>\n<meta property=\"og:url\" content=\"https:\/\/www.kvarken.org\/fi\/nykyhetki-ja-tulevaisuudennakymat\/\" \/>\n<meta property=\"og:site_name\" content=\"Kvarkenr\u00e5det\" \/>\n<meta property=\"article:published_time\" content=\"2020-12-17T14:18:04+00:00\" \/>\n<meta property=\"article:modified_time\" content=\"2020-12-18T10:06:22+00:00\" \/>\n<meta property=\"og:image\" content=\"https:\/\/www.kvarken.org\/wp-content\/uploads\/2020\/12\/Kvarkeradet_bildmallar_mailchimp_stora.jpg\" \/>\n\t<meta property=\"og:image:width\" content=\"1175\" \/>\n\t<meta property=\"og:image:height\" content=\"833\" \/>\n\t<meta property=\"og:image:type\" content=\"image\/jpeg\" \/>\n<meta name=\"author\" content=\"jokommunikation_agency\" \/>\n<meta name=\"twitter:card\" content=\"summary_large_image\" \/>\n<meta name=\"twitter:label1\" content=\"Kirjoittanut\" \/>\n\t<meta name=\"twitter:data1\" content=\"jokommunikation_agency\" \/>\n\t<meta name=\"twitter:label2\" content=\"Arvioitu lukuaika\" \/>\n\t<meta name=\"twitter:data2\" content=\"1 minuutti\" \/>\n<script type=\"application\/ld+json\" class=\"yoast-schema-graph\">{\"@context\":\"https:\\\/\\\/schema.org\",\"@graph\":[{\"@type\":\"Article\",\"@id\":\"https:\\\/\\\/www.kvarken.org\\\/fi\\\/nykyhetki-ja-tulevaisuudennakymat\\\/#article\",\"isPartOf\":{\"@id\":\"https:\\\/\\\/www.kvarken.org\\\/fi\\\/nykyhetki-ja-tulevaisuudennakymat\\\/\"},\"author\":{\"name\":\"jokommunikation_agency\",\"@id\":\"https:\\\/\\\/www.kvarken.org\\\/fi\\\/#\\\/schema\\\/person\\\/bc26ab65348d2155826175ddda0a2304\"},\"headline\":\"Nykyhetki ja tulevaisuudenn\u00e4kym\u00e4t\",\"datePublished\":\"2020-12-17T14:18:04+00:00\",\"dateModified\":\"2020-12-18T10:06:22+00:00\",\"mainEntityOfPage\":{\"@id\":\"https:\\\/\\\/www.kvarken.org\\\/fi\\\/nykyhetki-ja-tulevaisuudennakymat\\\/\"},\"wordCount\":136,\"commentCount\":0,\"image\":{\"@id\":\"https:\\\/\\\/www.kvarken.org\\\/fi\\\/nykyhetki-ja-tulevaisuudennakymat\\\/#primaryimage\"},\"thumbnailUrl\":\"https:\\\/\\\/www.kvarken.org\\\/wp-content\\\/uploads\\\/2020\\\/12\\\/Kvarkeradet_bildmallar_mailchimp_stora.jpg\",\"articleSection\":[\"Uncategorized @fi\"],\"inLanguage\":\"fi\",\"potentialAction\":[{\"@type\":\"CommentAction\",\"name\":\"Comment\",\"target\":[\"https:\\\/\\\/www.kvarken.org\\\/fi\\\/nykyhetki-ja-tulevaisuudennakymat\\\/#respond\"]}]},{\"@type\":\"WebPage\",\"@id\":\"https:\\\/\\\/www.kvarken.org\\\/fi\\\/nykyhetki-ja-tulevaisuudennakymat\\\/\",\"url\":\"https:\\\/\\\/www.kvarken.org\\\/fi\\\/nykyhetki-ja-tulevaisuudennakymat\\\/\",\"name\":\"Nykyhetki ja tulevaisuudenn\u00e4kym\u00e4t - Kvarkenr\u00e5det\",\"isPartOf\":{\"@id\":\"https:\\\/\\\/www.kvarken.org\\\/fi\\\/#website\"},\"primaryImageOfPage\":{\"@id\":\"https:\\\/\\\/www.kvarken.org\\\/fi\\\/nykyhetki-ja-tulevaisuudennakymat\\\/#primaryimage\"},\"image\":{\"@id\":\"https:\\\/\\\/www.kvarken.org\\\/fi\\\/nykyhetki-ja-tulevaisuudennakymat\\\/#primaryimage\"},\"thumbnailUrl\":\"https:\\\/\\\/www.kvarken.org\\\/wp-content\\\/uploads\\\/2020\\\/12\\\/Kvarkeradet_bildmallar_mailchimp_stora.jpg\",\"datePublished\":\"2020-12-17T14:18:04+00:00\",\"dateModified\":\"2020-12-18T10:06:22+00:00\",\"author\":{\"@id\":\"https:\\\/\\\/www.kvarken.org\\\/fi\\\/#\\\/schema\\\/person\\\/bc26ab65348d2155826175ddda0a2304\"},\"breadcrumb\":{\"@id\":\"https:\\\/\\\/www.kvarken.org\\\/fi\\\/nykyhetki-ja-tulevaisuudennakymat\\\/#breadcrumb\"},\"inLanguage\":\"fi\",\"potentialAction\":[{\"@type\":\"ReadAction\",\"target\":[\"https:\\\/\\\/www.kvarken.org\\\/fi\\\/nykyhetki-ja-tulevaisuudennakymat\\\/\"]}]},{\"@type\":\"ImageObject\",\"inLanguage\":\"fi\",\"@id\":\"https:\\\/\\\/www.kvarken.org\\\/fi\\\/nykyhetki-ja-tulevaisuudennakymat\\\/#primaryimage\",\"url\":\"https:\\\/\\\/www.kvarken.org\\\/wp-content\\\/uploads\\\/2020\\\/12\\\/Kvarkeradet_bildmallar_mailchimp_stora.jpg\",\"contentUrl\":\"https:\\\/\\\/www.kvarken.org\\\/wp-content\\\/uploads\\\/2020\\\/12\\\/Kvarkeradet_bildmallar_mailchimp_stora.jpg\",\"width\":1175,\"height\":833},{\"@type\":\"BreadcrumbList\",\"@id\":\"https:\\\/\\\/www.kvarken.org\\\/fi\\\/nykyhetki-ja-tulevaisuudennakymat\\\/#breadcrumb\",\"itemListElement\":[{\"@type\":\"ListItem\",\"position\":1,\"name\":\"Hem\",\"item\":\"https:\\\/\\\/www.kvarken.org\\\/fi\\\/\"},{\"@type\":\"ListItem\",\"position\":2,\"name\":\"Nykyhetki ja tulevaisuudenn\u00e4kym\u00e4t\"}]},{\"@type\":\"WebSite\",\"@id\":\"https:\\\/\\\/www.kvarken.org\\\/fi\\\/#website\",\"url\":\"https:\\\/\\\/www.kvarken.org\\\/fi\\\/\",\"name\":\"Kvarkenr\u00e5det\",\"description\":\"\",\"potentialAction\":[{\"@type\":\"SearchAction\",\"target\":{\"@type\":\"EntryPoint\",\"urlTemplate\":\"https:\\\/\\\/www.kvarken.org\\\/fi\\\/?s={search_term_string}\"},\"query-input\":{\"@type\":\"PropertyValueSpecification\",\"valueRequired\":true,\"valueName\":\"search_term_string\"}}],\"inLanguage\":\"fi\"},{\"@type\":\"Person\",\"@id\":\"https:\\\/\\\/www.kvarken.org\\\/fi\\\/#\\\/schema\\\/person\\\/bc26ab65348d2155826175ddda0a2304\",\"name\":\"jokommunikation_agency\",\"image\":{\"@type\":\"ImageObject\",\"inLanguage\":\"fi\",\"@id\":\"https:\\\/\\\/secure.gravatar.com\\\/avatar\\\/747179557db7fa831269f4829d55b0109a7684b8dd784a3f8f606bce8610f828?s=96&d=mm&r=g\",\"url\":\"https:\\\/\\\/secure.gravatar.com\\\/avatar\\\/747179557db7fa831269f4829d55b0109a7684b8dd784a3f8f606bce8610f828?s=96&d=mm&r=g\",\"contentUrl\":\"https:\\\/\\\/secure.gravatar.com\\\/avatar\\\/747179557db7fa831269f4829d55b0109a7684b8dd784a3f8f606bce8610f828?s=96&d=mm&r=g\",\"caption\":\"jokommunikation_agency\"}}]}<\/script>\n<!-- \/ Yoast SEO plugin. -->","yoast_head_json":{"title":"Nykyhetki ja tulevaisuudenn\u00e4kym\u00e4t - Kvarkenr\u00e5det","robots":{"index":"index","follow":"follow","max-snippet":"max-snippet:-1","max-image-preview":"max-image-preview:large","max-video-preview":"max-video-preview:-1"},"canonical":"https:\/\/www.kvarken.org\/fi\/nykyhetki-ja-tulevaisuudennakymat\/","og_locale":"fi_FI","og_type":"article","og_title":"Nykyhetki ja tulevaisuudenn\u00e4kym\u00e4t - Kvarkenr\u00e5det","og_description":"Suomi ja Ruotsi ovat nyt virallisesti perustaneet pohjoismaiden ensimm\u00e4isen eurooppalaisen alueellisen yhteisty\u00f6n yhtym\u00e4n, Merenkurkun neuvosto EAYY:n","og_url":"https:\/\/www.kvarken.org\/fi\/nykyhetki-ja-tulevaisuudennakymat\/","og_site_name":"Kvarkenr\u00e5det","article_published_time":"2020-12-17T14:18:04+00:00","article_modified_time":"2020-12-18T10:06:22+00:00","og_image":[{"width":1175,"height":833,"url":"https:\/\/www.kvarken.org\/wp-content\/uploads\/2020\/12\/Kvarkeradet_bildmallar_mailchimp_stora.jpg","type":"image\/jpeg"}],"author":"jokommunikation_agency","twitter_card":"summary_large_image","twitter_misc":{"Kirjoittanut":"jokommunikation_agency","Arvioitu lukuaika":"1 minuutti"},"schema":{"@context":"https:\/\/schema.org","@graph":[{"@type":"Article","@id":"https:\/\/www.kvarken.org\/fi\/nykyhetki-ja-tulevaisuudennakymat\/#article","isPartOf":{"@id":"https:\/\/www.kvarken.org\/fi\/nykyhetki-ja-tulevaisuudennakymat\/"},"author":{"name":"jokommunikation_agency","@id":"https:\/\/www.kvarken.org\/fi\/#\/schema\/person\/bc26ab65348d2155826175ddda0a2304"},"headline":"Nykyhetki ja tulevaisuudenn\u00e4kym\u00e4t","datePublished":"2020-12-17T14:18:04+00:00","dateModified":"2020-12-18T10:06:22+00:00","mainEntityOfPage":{"@id":"https:\/\/www.kvarken.org\/fi\/nykyhetki-ja-tulevaisuudennakymat\/"},"wordCount":136,"commentCount":0,"image":{"@id":"https:\/\/www.kvarken.org\/fi\/nykyhetki-ja-tulevaisuudennakymat\/#primaryimage"},"thumbnailUrl":"https:\/\/www.kvarken.org\/wp-content\/uploads\/2020\/12\/Kvarkeradet_bildmallar_mailchimp_stora.jpg","articleSection":["Uncategorized @fi"],"inLanguage":"fi","potentialAction":[{"@type":"CommentAction","name":"Comment","target":["https:\/\/www.kvarken.org\/fi\/nykyhetki-ja-tulevaisuudennakymat\/#respond"]}]},{"@type":"WebPage","@id":"https:\/\/www.kvarken.org\/fi\/nykyhetki-ja-tulevaisuudennakymat\/","url":"https:\/\/www.kvarken.org\/fi\/nykyhetki-ja-tulevaisuudennakymat\/","name":"Nykyhetki ja tulevaisuudenn\u00e4kym\u00e4t - Kvarkenr\u00e5det","isPartOf":{"@id":"https:\/\/www.kvarken.org\/fi\/#website"},"primaryImageOfPage":{"@id":"https:\/\/www.kvarken.org\/fi\/nykyhetki-ja-tulevaisuudennakymat\/#primaryimage"},"image":{"@id":"https:\/\/www.kvarken.org\/fi\/nykyhetki-ja-tulevaisuudennakymat\/#primaryimage"},"thumbnailUrl":"https:\/\/www.kvarken.org\/wp-content\/uploads\/2020\/12\/Kvarkeradet_bildmallar_mailchimp_stora.jpg","datePublished":"2020-12-17T14:18:04+00:00","dateModified":"2020-12-18T10:06:22+00:00","author":{"@id":"https:\/\/www.kvarken.org\/fi\/#\/schema\/person\/bc26ab65348d2155826175ddda0a2304"},"breadcrumb":{"@id":"https:\/\/www.kvarken.org\/fi\/nykyhetki-ja-tulevaisuudennakymat\/#breadcrumb"},"inLanguage":"fi","potentialAction":[{"@type":"ReadAction","target":["https:\/\/www.kvarken.org\/fi\/nykyhetki-ja-tulevaisuudennakymat\/"]}]},{"@type":"ImageObject","inLanguage":"fi","@id":"https:\/\/www.kvarken.org\/fi\/nykyhetki-ja-tulevaisuudennakymat\/#primaryimage","url":"https:\/\/www.kvarken.org\/wp-content\/uploads\/2020\/12\/Kvarkeradet_bildmallar_mailchimp_stora.jpg","contentUrl":"https:\/\/www.kvarken.org\/wp-content\/uploads\/2020\/12\/Kvarkeradet_bildmallar_mailchimp_stora.jpg","width":1175,"height":833},{"@type":"BreadcrumbList","@id":"https:\/\/www.kvarken.org\/fi\/nykyhetki-ja-tulevaisuudennakymat\/#breadcrumb","itemListElement":[{"@type":"ListItem","position":1,"name":"Hem","item":"https:\/\/www.kvarken.org\/fi\/"},{"@type":"ListItem","position":2,"name":"Nykyhetki ja tulevaisuudenn\u00e4kym\u00e4t"}]},{"@type":"WebSite","@id":"https:\/\/www.kvarken.org\/fi\/#website","url":"https:\/\/www.kvarken.org\/fi\/","name":"Kvarkenr\u00e5det","description":"","potentialAction":[{"@type":"SearchAction","target":{"@type":"EntryPoint","urlTemplate":"https:\/\/www.kvarken.org\/fi\/?s={search_term_string}"},"query-input":{"@type":"PropertyValueSpecification","valueRequired":true,"valueName":"search_term_string"}}],"inLanguage":"fi"},{"@type":"Person","@id":"https:\/\/www.kvarken.org\/fi\/#\/schema\/person\/bc26ab65348d2155826175ddda0a2304","name":"jokommunikation_agency","image":{"@type":"ImageObject","inLanguage":"fi","@id":"https:\/\/secure.gravatar.com\/avatar\/747179557db7fa831269f4829d55b0109a7684b8dd784a3f8f606bce8610f828?s=96&d=mm&r=g","url":"https:\/\/secure.gravatar.com\/avatar\/747179557db7fa831269f4829d55b0109a7684b8dd784a3f8f606bce8610f828?s=96&d=mm&r=g","contentUrl":"https:\/\/secure.gravatar.com\/avatar\/747179557db7fa831269f4829d55b0109a7684b8dd784a3f8f606bce8610f828?s=96&d=mm&r=g","caption":"jokommunikation_agency"}}]}},"_links":{"self":[{"href":"https:\/\/www.kvarken.org\/fi\/wp-json\/wp\/v2\/posts\/6634","targetHints":{"allow":["GET"]}}],"collection":[{"href":"https:\/\/www.kvarken.org\/fi\/wp-json\/wp\/v2\/posts"}],"about":[{"href":"https:\/\/www.kvarken.org\/fi\/wp-json\/wp\/v2\/types\/post"}],"author":[{"embeddable":true,"href":"https:\/\/www.kvarken.org\/fi\/wp-json\/wp\/v2\/users\/2"}],"replies":[{"embeddable":true,"href":"https:\/\/www.kvarken.org\/fi\/wp-json\/wp\/v2\/comments?post=6634"}],"version-history":[{"count":0,"href":"https:\/\/www.kvarken.org\/fi\/wp-json\/wp\/v2\/posts\/6634\/revisions"}],"wp:featuredmedia":[{"embeddable":true,"href":"https:\/\/www.kvarken.org\/fi\/wp-json\/wp\/v2\/media\/6624"}],"wp:attachment":[{"href":"https:\/\/www.kvarken.org\/fi\/wp-json\/wp\/v2\/media?parent=6634"}],"wp:term":[{"taxonomy":"category","embeddable":true,"href":"https:\/\/www.kvarken.org\/fi\/wp-json\/wp\/v2\/categories?post=6634"},{"taxonomy":"post_tag","embeddable":true,"href":"https:\/\/www.kvarken.org\/fi\/wp-json\/wp\/v2\/tags?post=6634"},{"taxonomy":"amnen","embeddable":true,"href":"https:\/\/www.kvarken.org\/fi\/wp-json\/wp\/v2\/amnen?post=6634"}],"curies":[{"name":"wp","href":"https:\/\/api.w.org\/{rel}","templated":true}]}}