{"id":6676,"date":"2020-12-18T07:45:08","date_gmt":"2020-12-18T07:45:08","guid":{"rendered":"http:\/\/kvarken.org\/merenkurkun-neuvosto-ottaa-tanaan-kayttoon-uuden-verkkosivuston-ja-graafisen-profiilin"},"modified":"2020-12-17T14:57:21","modified_gmt":"2020-12-17T14:57:21","slug":"merenkurkun-neuvosto-ottaa-tanaan-kayttoon-uuden-verkkosivuston-ja-graafisen-profiilin","status":"publish","type":"post","link":"https:\/\/www.kvarken.org\/fi\/merenkurkun-neuvosto-ottaa-tanaan-kayttoon-uuden-verkkosivuston-ja-graafisen-profiilin\/","title":{"rendered":"Merenkurkun neuvosto ottaa t\u00e4n\u00e4\u00e4n k\u00e4ytt\u00f6\u00f6n uuden verkkosivuston ja graafisen profiilin"},"content":{"rendered":"<p><strong>Merenkurkun neuvosto ottaa t\u00e4n\u00e4\u00e4n k\u00e4ytt\u00f6\u00f6n uuden verkkosivuston ja graafisen profiilin<br \/>\n<\/strong><br \/>\n<em>Uusi organisaatio. Uusi verkkosivusto. Uusi ulkoasu. Melkein sama kuin aiemmin, mutta paljon tyylikk\u00e4\u00e4mpi ja helppok\u00e4ytt\u00f6isempi!<\/p>\n<p><img decoding=\"async\" class=\"aligncenter wp-image-6646 size-large\" src=\"https:\/\/www.kvarken.org\/wp-content\/uploads\/2020\/12\/kvarken_webb_mockup_FI-1024x683.jpg\" alt=\"\" width=\"1024\" height=\"683\" srcset=\"https:\/\/www.kvarken.org\/wp-content\/uploads\/2020\/12\/kvarken_webb_mockup_FI-980x653.jpg 980w, https:\/\/www.kvarken.org\/wp-content\/uploads\/2020\/12\/kvarken_webb_mockup_FI-480x320.jpg 480w\" sizes=\"(min-width: 0px) and (max-width: 480px) 480px, (min-width: 481px) and (max-width: 980px) 980px, (min-width: 981px) 1024px, 100vw\" \/> <\/em><\/p>\n<p>Merenkurkun neuvosto lanseeraa t\u00e4n\u00e4\u00e4n uuden verkkosivustonsa, jossa heijastuvat uusi graafinen profiili ja design.<\/p>\n<p>T\u00e4m\u00e4 on yksi vaihe parhaillaan teht\u00e4v\u00e4\u00e4 t\u00e4rke\u00e4\u00e4 ty\u00f6t\u00e4; rakennemuutos Merenkurkun neuvoston nykyisest\u00e4 yhdistysmuodosta EU:n omaksi viralliseksi raja-alueyhteisty\u00f6n organisaatiomuodoksi eli EAYY:ksi, eurooppalaiseksi alueellisen yhteisty\u00f6n yhtym\u00e4ksi, tuo nimitt\u00e4in mukanaan suuremman areenan, jossa kolme kielt\u00e4, saavutettavuusvaatimukset ja selke\u00e4mpi sis\u00e4lt\u00f6 ovat t\u00e4rke\u00e4ss\u00e4 osassa.<\/p>\n<p><strong>Yksinkertaisesti ja helppotajuisesti<\/strong><\/p>\n<p>Uudistuneiden kotisivujen perustana ovat olleet uudet v\u00e4rit, uusi rakenne ja design. Sis\u00e4lt\u00f6\u00e4 on muokattu mottona helppous.<\/p>\n<p>On todella mukavaa lanseerata uudet kotisivut, jotka heijastavat paremmin toimintaamme; erotumme ja uskallamme olla erilaisia, kertoo Merenkurkun neuvoston tiedotusvastaava <strong>Johanna H\u00e4ggman<\/strong>.<\/p>\n<p>Tavoitteena t\u00e4ss\u00e4 mittavassa ty\u00f6ss\u00e4 on ollut uusi ja raikas sivusto, josta k\u00e4vij\u00e4 l\u00f6yt\u00e4\u00e4 helposti, keit\u00e4 me olemme, ymm\u00e4rt\u00e4\u00e4 Merenkurkun neuvoston teht\u00e4v\u00e4n, mit\u00e4 me tarjoamme ja samalla l\u00f6yt\u00e4\u00e4 hankkeemme ja muuta arvokasta sis\u00e4lt\u00f6\u00e4. Mutta s\u00e4ilyt\u00e4mme vanhan osoitteen eli www.kvarken.org.<\/p>\n<p><strong>Alueen kuvia lintuperspektiivist\u00e4<\/strong><\/p>\n<p>Selke\u00e4 ja yhten\u00e4inen profiili on t\u00e4rke\u00e4 Merenkurkun neuvoston siirtyess\u00e4 uuteen organisaatiomuotoon, koska neuvoston n\u00e4kyvyyden arvioidaan kasvavan esimerkiksi pohjoismaisissa ja eurooppalaisissa yhteyksiss\u00e4.<\/p>\n<p>Uusi profiili kytkeytyy alueeseen graafisten elementtien kautta mutta my\u00f6s kuvavalinnoissa, joiden tulee edustaa Merenkurkun neuvoston toimintaa luonto- ja kulttuurikuvilla sek\u00e4 kuvilla alueella asuvista ja toimivista ihmisist\u00e4.<\/p>\n<p>Yl\u00e4perspektiivi, siis lintuperspektiivist\u00e4 otetut kuvat, viittaavat toimintamme kykyyn n\u00e4hd\u00e4 alueemme kokonaisuutena &#8211; niin isosta perspektiivist\u00e4 kuin yksityiskohdiltaankin. Pieni vaikuttaa osaltaan isoon, <strong>H\u00e4ggman<\/strong><\/p>\n<p><strong>Lanseeraus nro 2 kev\u00e4ttalvella 2021<\/strong><\/p>\n<p>Artikkelit, lehdist\u00f6tiedotteet ja laadittu sis\u00e4lt\u00f6 esitet\u00e4\u00e4n tyylikk\u00e4\u00e4sti. Niit\u00e4 on helppo jakaa sosiaalisessa mediassa, ja ne ovat helposti esimerkiksi toimittajien saatavilla. My\u00f6s uutiskirjeen ulkoasu on uudistunut. Kotisivuja muokataan edelleen viel\u00e4 kev\u00e4ttalvella. Silloin esim. organisaatiokaavio on p\u00e4ivitetty uuden EAYY-rakenteen mukaisesti, vanhoja hankkeita ja uutisia esitell\u00e4\u00e4n sivuilla enemm\u00e4n ja raporttiosioon lis\u00e4t\u00e4\u00e4n loppuraportteja ja muuta sis\u00e4lt\u00f6\u00e4.<\/p>\n<p>Olemme t\u00e4ysin vakuuttuneita, ett\u00e4 t\u00e4m\u00e4 uusi asu edustaa meit\u00e4 entist\u00e4 paremmin. Se istuu paremmin ja tuntuu mukavammalta, Merenkurkun neuvoston johtaja <strong>Mathias Lindstr\u00f6m <\/strong>lis\u00e4\u00e4.<\/p>\n<p>Merenkurkun neuvosto haluaa osoittaa suurkiitokset uumajalaiselle viestint\u00e4toimisto <em>Jo Kommunikationille<\/em>, jonka kanssa yhteisty\u00f6 uuden profiilin ja kotisivujen parissa on sujunut hienosti. Syd\u00e4melliset kiitokset my\u00f6s vaasalaiselle markkinointitoimisto <em>Buorrelle<\/em> ja Merenkurkun neuvoston yhteisty\u00f6kumppaneille, jotka auttoivat kev\u00e4\u00e4ll\u00e4 2020 kehitt\u00e4m\u00e4\u00e4n ty\u00f6n ponnahduslautana palvelleen uuden viestint\u00e4strategian.<\/p>\n<p><strong>L\u00e4mpim\u00e4sti tervetuloa verkkosivuille <\/strong><a href=\"https:\/\/www.kvarken.org\/\"><strong>www.kvarken.org<\/strong><\/a><strong>!<\/strong><\/p>\n<p>Kuva: Anna Sand<\/p>\n<p><strong>Kuvateksti: <\/strong>Johanna H\u00e4ggman toimii Merenkurkun neuvoston tiedotusvastaavana ja on vastannut my\u00f6s uudistushankkeesta. H\u00e4n on kiitollinen yhteisty\u00f6kumppaneiden sitoutumisesta viime kev\u00e4\u00e4n viestint\u00e4strategiaty\u00f6h\u00f6n, joka on palvellut verkkosivu-uudistuksen ponnahduslautana.<\/p>\n","protected":false},"excerpt":{"rendered":"<p>Uusi organisaatio. Uusi verkkosivusto. Uusi ulkoasu.<br \/>\nMelkein sama kuin aiemmin, mutta paljon tyylikk\u00e4\u00e4mpi ja helppok\u00e4ytt\u00f6isempi!<\/p>\n","protected":false},"author":2,"featured_media":6652,"comment_status":"open","ping_status":"open","sticky":false,"template":"","format":"standard","meta":{"_acf_changed":false,"_et_pb_use_builder":"","_et_pb_old_content":"","_et_gb_content_width":"","footnotes":""},"categories":[13],"tags":[],"amnen":[100,87],"class_list":["post-6676","post","type-post","status-publish","format-standard","has-post-thumbnail","hentry","category-uncategorized-fi","amnen-eayy","amnen-tervehdys"],"acf":[],"yoast_head":"<!-- This site is optimized with the Yoast SEO plugin v27.4 - https:\/\/yoast.com\/product\/yoast-seo-wordpress\/ -->\n<title>Merenkurkun neuvosto ottaa t\u00e4n\u00e4\u00e4n k\u00e4ytt\u00f6\u00f6n uuden verkkosivuston ja graafisen profiilin - Kvarkenr\u00e5det<\/title>\n<meta name=\"robots\" content=\"index, follow, max-snippet:-1, max-image-preview:large, max-video-preview:-1\" \/>\n<link rel=\"canonical\" href=\"https:\/\/www.kvarken.org\/fi\/merenkurkun-neuvosto-ottaa-tanaan-kayttoon-uuden-verkkosivuston-ja-graafisen-profiilin\/\" \/>\n<meta property=\"og:locale\" content=\"fi_FI\" \/>\n<meta property=\"og:type\" content=\"article\" \/>\n<meta property=\"og:title\" content=\"Merenkurkun neuvosto ottaa t\u00e4n\u00e4\u00e4n k\u00e4ytt\u00f6\u00f6n uuden verkkosivuston ja graafisen profiilin - Kvarkenr\u00e5det\" \/>\n<meta property=\"og:description\" content=\"Uusi organisaatio. Uusi verkkosivusto. Uusi ulkoasu. Melkein sama kuin aiemmin, mutta paljon tyylikk\u00e4\u00e4mpi ja helppok\u00e4ytt\u00f6isempi!\" \/>\n<meta property=\"og:url\" content=\"https:\/\/www.kvarken.org\/fi\/merenkurkun-neuvosto-ottaa-tanaan-kayttoon-uuden-verkkosivuston-ja-graafisen-profiilin\/\" \/>\n<meta property=\"og:site_name\" content=\"Kvarkenr\u00e5det\" \/>\n<meta property=\"article:published_time\" content=\"2020-12-18T07:45:08+00:00\" \/>\n<meta property=\"og:image\" content=\"https:\/\/www.kvarken.org\/wp-content\/uploads\/2020\/12\/Kvarkeradet_bildmallar_mailchimp_kolumn_liggande113.jpg\" \/>\n\t<meta property=\"og:image:width\" content=\"550\" \/>\n\t<meta property=\"og:image:height\" content=\"417\" \/>\n\t<meta property=\"og:image:type\" content=\"image\/jpeg\" \/>\n<meta name=\"author\" content=\"jokommunikation_agency\" \/>\n<meta name=\"twitter:card\" content=\"summary_large_image\" \/>\n<meta name=\"twitter:label1\" content=\"Kirjoittanut\" \/>\n\t<meta name=\"twitter:data1\" content=\"jokommunikation_agency\" \/>\n\t<meta name=\"twitter:label2\" content=\"Arvioitu lukuaika\" \/>\n\t<meta name=\"twitter:data2\" content=\"2 minuuttia\" \/>\n<script type=\"application\/ld+json\" class=\"yoast-schema-graph\">{\"@context\":\"https:\\\/\\\/schema.org\",\"@graph\":[{\"@type\":\"Article\",\"@id\":\"https:\\\/\\\/www.kvarken.org\\\/fi\\\/merenkurkun-neuvosto-ottaa-tanaan-kayttoon-uuden-verkkosivuston-ja-graafisen-profiilin\\\/#article\",\"isPartOf\":{\"@id\":\"https:\\\/\\\/www.kvarken.org\\\/fi\\\/merenkurkun-neuvosto-ottaa-tanaan-kayttoon-uuden-verkkosivuston-ja-graafisen-profiilin\\\/\"},\"author\":{\"name\":\"jokommunikation_agency\",\"@id\":\"https:\\\/\\\/www.kvarken.org\\\/fi\\\/#\\\/schema\\\/person\\\/c0191caa861afff47bc50292a6905da2\"},\"headline\":\"Merenkurkun neuvosto ottaa t\u00e4n\u00e4\u00e4n k\u00e4ytt\u00f6\u00f6n uuden verkkosivuston ja graafisen profiilin\",\"datePublished\":\"2020-12-18T07:45:08+00:00\",\"mainEntityOfPage\":{\"@id\":\"https:\\\/\\\/www.kvarken.org\\\/fi\\\/merenkurkun-neuvosto-ottaa-tanaan-kayttoon-uuden-verkkosivuston-ja-graafisen-profiilin\\\/\"},\"wordCount\":473,\"commentCount\":0,\"image\":{\"@id\":\"https:\\\/\\\/www.kvarken.org\\\/fi\\\/merenkurkun-neuvosto-ottaa-tanaan-kayttoon-uuden-verkkosivuston-ja-graafisen-profiilin\\\/#primaryimage\"},\"thumbnailUrl\":\"https:\\\/\\\/www.kvarken.org\\\/wp-content\\\/uploads\\\/2020\\\/12\\\/Kvarkeradet_bildmallar_mailchimp_kolumn_liggande113.jpg\",\"articleSection\":[\"Uncategorized @fi\"],\"inLanguage\":\"fi\",\"potentialAction\":[{\"@type\":\"CommentAction\",\"name\":\"Comment\",\"target\":[\"https:\\\/\\\/www.kvarken.org\\\/fi\\\/merenkurkun-neuvosto-ottaa-tanaan-kayttoon-uuden-verkkosivuston-ja-graafisen-profiilin\\\/#respond\"]}]},{\"@type\":\"WebPage\",\"@id\":\"https:\\\/\\\/www.kvarken.org\\\/fi\\\/merenkurkun-neuvosto-ottaa-tanaan-kayttoon-uuden-verkkosivuston-ja-graafisen-profiilin\\\/\",\"url\":\"https:\\\/\\\/www.kvarken.org\\\/fi\\\/merenkurkun-neuvosto-ottaa-tanaan-kayttoon-uuden-verkkosivuston-ja-graafisen-profiilin\\\/\",\"name\":\"Merenkurkun neuvosto ottaa t\u00e4n\u00e4\u00e4n k\u00e4ytt\u00f6\u00f6n uuden verkkosivuston ja graafisen profiilin - Kvarkenr\u00e5det\",\"isPartOf\":{\"@id\":\"https:\\\/\\\/www.kvarken.org\\\/fi\\\/#website\"},\"primaryImageOfPage\":{\"@id\":\"https:\\\/\\\/www.kvarken.org\\\/fi\\\/merenkurkun-neuvosto-ottaa-tanaan-kayttoon-uuden-verkkosivuston-ja-graafisen-profiilin\\\/#primaryimage\"},\"image\":{\"@id\":\"https:\\\/\\\/www.kvarken.org\\\/fi\\\/merenkurkun-neuvosto-ottaa-tanaan-kayttoon-uuden-verkkosivuston-ja-graafisen-profiilin\\\/#primaryimage\"},\"thumbnailUrl\":\"https:\\\/\\\/www.kvarken.org\\\/wp-content\\\/uploads\\\/2020\\\/12\\\/Kvarkeradet_bildmallar_mailchimp_kolumn_liggande113.jpg\",\"datePublished\":\"2020-12-18T07:45:08+00:00\",\"author\":{\"@id\":\"https:\\\/\\\/www.kvarken.org\\\/fi\\\/#\\\/schema\\\/person\\\/c0191caa861afff47bc50292a6905da2\"},\"breadcrumb\":{\"@id\":\"https:\\\/\\\/www.kvarken.org\\\/fi\\\/merenkurkun-neuvosto-ottaa-tanaan-kayttoon-uuden-verkkosivuston-ja-graafisen-profiilin\\\/#breadcrumb\"},\"inLanguage\":\"fi\",\"potentialAction\":[{\"@type\":\"ReadAction\",\"target\":[\"https:\\\/\\\/www.kvarken.org\\\/fi\\\/merenkurkun-neuvosto-ottaa-tanaan-kayttoon-uuden-verkkosivuston-ja-graafisen-profiilin\\\/\"]}]},{\"@type\":\"ImageObject\",\"inLanguage\":\"fi\",\"@id\":\"https:\\\/\\\/www.kvarken.org\\\/fi\\\/merenkurkun-neuvosto-ottaa-tanaan-kayttoon-uuden-verkkosivuston-ja-graafisen-profiilin\\\/#primaryimage\",\"url\":\"https:\\\/\\\/www.kvarken.org\\\/wp-content\\\/uploads\\\/2020\\\/12\\\/Kvarkeradet_bildmallar_mailchimp_kolumn_liggande113.jpg\",\"contentUrl\":\"https:\\\/\\\/www.kvarken.org\\\/wp-content\\\/uploads\\\/2020\\\/12\\\/Kvarkeradet_bildmallar_mailchimp_kolumn_liggande113.jpg\",\"width\":550,\"height\":417,\"caption\":\"Johanna H\u00e4ggman\"},{\"@type\":\"BreadcrumbList\",\"@id\":\"https:\\\/\\\/www.kvarken.org\\\/fi\\\/merenkurkun-neuvosto-ottaa-tanaan-kayttoon-uuden-verkkosivuston-ja-graafisen-profiilin\\\/#breadcrumb\",\"itemListElement\":[{\"@type\":\"ListItem\",\"position\":1,\"name\":\"Hem\",\"item\":\"https:\\\/\\\/www.kvarken.org\\\/fi\\\/\"},{\"@type\":\"ListItem\",\"position\":2,\"name\":\"Merenkurkun neuvosto ottaa t\u00e4n\u00e4\u00e4n k\u00e4ytt\u00f6\u00f6n uuden verkkosivuston ja graafisen profiilin\"}]},{\"@type\":\"WebSite\",\"@id\":\"https:\\\/\\\/www.kvarken.org\\\/fi\\\/#website\",\"url\":\"https:\\\/\\\/www.kvarken.org\\\/fi\\\/\",\"name\":\"Kvarkenr\u00e5det\",\"description\":\"\",\"potentialAction\":[{\"@type\":\"SearchAction\",\"target\":{\"@type\":\"EntryPoint\",\"urlTemplate\":\"https:\\\/\\\/www.kvarken.org\\\/fi\\\/?s={search_term_string}\"},\"query-input\":{\"@type\":\"PropertyValueSpecification\",\"valueRequired\":true,\"valueName\":\"search_term_string\"}}],\"inLanguage\":\"fi\"},{\"@type\":\"Person\",\"@id\":\"https:\\\/\\\/www.kvarken.org\\\/fi\\\/#\\\/schema\\\/person\\\/c0191caa861afff47bc50292a6905da2\",\"name\":\"jokommunikation_agency\",\"image\":{\"@type\":\"ImageObject\",\"inLanguage\":\"fi\",\"@id\":\"https:\\\/\\\/secure.gravatar.com\\\/avatar\\\/747179557db7fa831269f4829d55b0109a7684b8dd784a3f8f606bce8610f828?s=96&d=mm&r=g\",\"url\":\"https:\\\/\\\/secure.gravatar.com\\\/avatar\\\/747179557db7fa831269f4829d55b0109a7684b8dd784a3f8f606bce8610f828?s=96&d=mm&r=g\",\"contentUrl\":\"https:\\\/\\\/secure.gravatar.com\\\/avatar\\\/747179557db7fa831269f4829d55b0109a7684b8dd784a3f8f606bce8610f828?s=96&d=mm&r=g\",\"caption\":\"jokommunikation_agency\"}}]}<\/script>\n<!-- \/ Yoast SEO plugin. -->","yoast_head_json":{"title":"Merenkurkun neuvosto ottaa t\u00e4n\u00e4\u00e4n k\u00e4ytt\u00f6\u00f6n uuden verkkosivuston ja graafisen profiilin - Kvarkenr\u00e5det","robots":{"index":"index","follow":"follow","max-snippet":"max-snippet:-1","max-image-preview":"max-image-preview:large","max-video-preview":"max-video-preview:-1"},"canonical":"https:\/\/www.kvarken.org\/fi\/merenkurkun-neuvosto-ottaa-tanaan-kayttoon-uuden-verkkosivuston-ja-graafisen-profiilin\/","og_locale":"fi_FI","og_type":"article","og_title":"Merenkurkun neuvosto ottaa t\u00e4n\u00e4\u00e4n k\u00e4ytt\u00f6\u00f6n uuden verkkosivuston ja graafisen profiilin - Kvarkenr\u00e5det","og_description":"Uusi organisaatio. Uusi verkkosivusto. Uusi ulkoasu. Melkein sama kuin aiemmin, mutta paljon tyylikk\u00e4\u00e4mpi ja helppok\u00e4ytt\u00f6isempi!","og_url":"https:\/\/www.kvarken.org\/fi\/merenkurkun-neuvosto-ottaa-tanaan-kayttoon-uuden-verkkosivuston-ja-graafisen-profiilin\/","og_site_name":"Kvarkenr\u00e5det","article_published_time":"2020-12-18T07:45:08+00:00","og_image":[{"width":550,"height":417,"url":"https:\/\/www.kvarken.org\/wp-content\/uploads\/2020\/12\/Kvarkeradet_bildmallar_mailchimp_kolumn_liggande113.jpg","type":"image\/jpeg"}],"author":"jokommunikation_agency","twitter_card":"summary_large_image","twitter_misc":{"Kirjoittanut":"jokommunikation_agency","Arvioitu lukuaika":"2 minuuttia"},"schema":{"@context":"https:\/\/schema.org","@graph":[{"@type":"Article","@id":"https:\/\/www.kvarken.org\/fi\/merenkurkun-neuvosto-ottaa-tanaan-kayttoon-uuden-verkkosivuston-ja-graafisen-profiilin\/#article","isPartOf":{"@id":"https:\/\/www.kvarken.org\/fi\/merenkurkun-neuvosto-ottaa-tanaan-kayttoon-uuden-verkkosivuston-ja-graafisen-profiilin\/"},"author":{"name":"jokommunikation_agency","@id":"https:\/\/www.kvarken.org\/fi\/#\/schema\/person\/c0191caa861afff47bc50292a6905da2"},"headline":"Merenkurkun neuvosto ottaa t\u00e4n\u00e4\u00e4n k\u00e4ytt\u00f6\u00f6n uuden verkkosivuston ja graafisen profiilin","datePublished":"2020-12-18T07:45:08+00:00","mainEntityOfPage":{"@id":"https:\/\/www.kvarken.org\/fi\/merenkurkun-neuvosto-ottaa-tanaan-kayttoon-uuden-verkkosivuston-ja-graafisen-profiilin\/"},"wordCount":473,"commentCount":0,"image":{"@id":"https:\/\/www.kvarken.org\/fi\/merenkurkun-neuvosto-ottaa-tanaan-kayttoon-uuden-verkkosivuston-ja-graafisen-profiilin\/#primaryimage"},"thumbnailUrl":"https:\/\/www.kvarken.org\/wp-content\/uploads\/2020\/12\/Kvarkeradet_bildmallar_mailchimp_kolumn_liggande113.jpg","articleSection":["Uncategorized @fi"],"inLanguage":"fi","potentialAction":[{"@type":"CommentAction","name":"Comment","target":["https:\/\/www.kvarken.org\/fi\/merenkurkun-neuvosto-ottaa-tanaan-kayttoon-uuden-verkkosivuston-ja-graafisen-profiilin\/#respond"]}]},{"@type":"WebPage","@id":"https:\/\/www.kvarken.org\/fi\/merenkurkun-neuvosto-ottaa-tanaan-kayttoon-uuden-verkkosivuston-ja-graafisen-profiilin\/","url":"https:\/\/www.kvarken.org\/fi\/merenkurkun-neuvosto-ottaa-tanaan-kayttoon-uuden-verkkosivuston-ja-graafisen-profiilin\/","name":"Merenkurkun neuvosto ottaa t\u00e4n\u00e4\u00e4n k\u00e4ytt\u00f6\u00f6n uuden verkkosivuston ja graafisen profiilin - Kvarkenr\u00e5det","isPartOf":{"@id":"https:\/\/www.kvarken.org\/fi\/#website"},"primaryImageOfPage":{"@id":"https:\/\/www.kvarken.org\/fi\/merenkurkun-neuvosto-ottaa-tanaan-kayttoon-uuden-verkkosivuston-ja-graafisen-profiilin\/#primaryimage"},"image":{"@id":"https:\/\/www.kvarken.org\/fi\/merenkurkun-neuvosto-ottaa-tanaan-kayttoon-uuden-verkkosivuston-ja-graafisen-profiilin\/#primaryimage"},"thumbnailUrl":"https:\/\/www.kvarken.org\/wp-content\/uploads\/2020\/12\/Kvarkeradet_bildmallar_mailchimp_kolumn_liggande113.jpg","datePublished":"2020-12-18T07:45:08+00:00","author":{"@id":"https:\/\/www.kvarken.org\/fi\/#\/schema\/person\/c0191caa861afff47bc50292a6905da2"},"breadcrumb":{"@id":"https:\/\/www.kvarken.org\/fi\/merenkurkun-neuvosto-ottaa-tanaan-kayttoon-uuden-verkkosivuston-ja-graafisen-profiilin\/#breadcrumb"},"inLanguage":"fi","potentialAction":[{"@type":"ReadAction","target":["https:\/\/www.kvarken.org\/fi\/merenkurkun-neuvosto-ottaa-tanaan-kayttoon-uuden-verkkosivuston-ja-graafisen-profiilin\/"]}]},{"@type":"ImageObject","inLanguage":"fi","@id":"https:\/\/www.kvarken.org\/fi\/merenkurkun-neuvosto-ottaa-tanaan-kayttoon-uuden-verkkosivuston-ja-graafisen-profiilin\/#primaryimage","url":"https:\/\/www.kvarken.org\/wp-content\/uploads\/2020\/12\/Kvarkeradet_bildmallar_mailchimp_kolumn_liggande113.jpg","contentUrl":"https:\/\/www.kvarken.org\/wp-content\/uploads\/2020\/12\/Kvarkeradet_bildmallar_mailchimp_kolumn_liggande113.jpg","width":550,"height":417,"caption":"Johanna H\u00e4ggman"},{"@type":"BreadcrumbList","@id":"https:\/\/www.kvarken.org\/fi\/merenkurkun-neuvosto-ottaa-tanaan-kayttoon-uuden-verkkosivuston-ja-graafisen-profiilin\/#breadcrumb","itemListElement":[{"@type":"ListItem","position":1,"name":"Hem","item":"https:\/\/www.kvarken.org\/fi\/"},{"@type":"ListItem","position":2,"name":"Merenkurkun neuvosto ottaa t\u00e4n\u00e4\u00e4n k\u00e4ytt\u00f6\u00f6n uuden verkkosivuston ja graafisen profiilin"}]},{"@type":"WebSite","@id":"https:\/\/www.kvarken.org\/fi\/#website","url":"https:\/\/www.kvarken.org\/fi\/","name":"Kvarkenr\u00e5det","description":"","potentialAction":[{"@type":"SearchAction","target":{"@type":"EntryPoint","urlTemplate":"https:\/\/www.kvarken.org\/fi\/?s={search_term_string}"},"query-input":{"@type":"PropertyValueSpecification","valueRequired":true,"valueName":"search_term_string"}}],"inLanguage":"fi"},{"@type":"Person","@id":"https:\/\/www.kvarken.org\/fi\/#\/schema\/person\/c0191caa861afff47bc50292a6905da2","name":"jokommunikation_agency","image":{"@type":"ImageObject","inLanguage":"fi","@id":"https:\/\/secure.gravatar.com\/avatar\/747179557db7fa831269f4829d55b0109a7684b8dd784a3f8f606bce8610f828?s=96&d=mm&r=g","url":"https:\/\/secure.gravatar.com\/avatar\/747179557db7fa831269f4829d55b0109a7684b8dd784a3f8f606bce8610f828?s=96&d=mm&r=g","contentUrl":"https:\/\/secure.gravatar.com\/avatar\/747179557db7fa831269f4829d55b0109a7684b8dd784a3f8f606bce8610f828?s=96&d=mm&r=g","caption":"jokommunikation_agency"}}]}},"_links":{"self":[{"href":"https:\/\/www.kvarken.org\/fi\/wp-json\/wp\/v2\/posts\/6676","targetHints":{"allow":["GET"]}}],"collection":[{"href":"https:\/\/www.kvarken.org\/fi\/wp-json\/wp\/v2\/posts"}],"about":[{"href":"https:\/\/www.kvarken.org\/fi\/wp-json\/wp\/v2\/types\/post"}],"author":[{"embeddable":true,"href":"https:\/\/www.kvarken.org\/fi\/wp-json\/wp\/v2\/users\/2"}],"replies":[{"embeddable":true,"href":"https:\/\/www.kvarken.org\/fi\/wp-json\/wp\/v2\/comments?post=6676"}],"version-history":[{"count":0,"href":"https:\/\/www.kvarken.org\/fi\/wp-json\/wp\/v2\/posts\/6676\/revisions"}],"wp:featuredmedia":[{"embeddable":true,"href":"https:\/\/www.kvarken.org\/fi\/wp-json\/wp\/v2\/media\/6652"}],"wp:attachment":[{"href":"https:\/\/www.kvarken.org\/fi\/wp-json\/wp\/v2\/media?parent=6676"}],"wp:term":[{"taxonomy":"category","embeddable":true,"href":"https:\/\/www.kvarken.org\/fi\/wp-json\/wp\/v2\/categories?post=6676"},{"taxonomy":"post_tag","embeddable":true,"href":"https:\/\/www.kvarken.org\/fi\/wp-json\/wp\/v2\/tags?post=6676"},{"taxonomy":"amnen","embeddable":true,"href":"https:\/\/www.kvarken.org\/fi\/wp-json\/wp\/v2\/amnen?post=6676"}],"curies":[{"name":"wp","href":"https:\/\/api.w.org\/{rel}","templated":true}]}}