{"id":8698,"date":"2013-12-18T14:14:29","date_gmt":"2013-12-18T14:14:29","guid":{"rendered":"https:\/\/kvarken.org\/kvarken-multimodal-link-hanke-kaynnistettiin-virallisesti-uumajassa\/"},"modified":"2013-12-18T14:14:29","modified_gmt":"2013-12-18T14:14:29","slug":"kvarken-multimodal-link-hanke-kaynnistettiin-virallisesti-uumajassa","status":"publish","type":"post","link":"https:\/\/www.kvarken.org\/fi\/kvarken-multimodal-link-hanke-kaynnistettiin-virallisesti-uumajassa\/","title":{"rendered":"Kvarken Multimodal Link -hanke k\u00e4ynnistettiin virallisesti Uumajassa"},"content":{"rendered":"<p>Kvarken Multimodal Link -hankkeen tavoitteena on p\u00e4ivitt\u00e4\u00e4 ja vahvistaa nykyist\u00e4 Merenkurkun yli kulkevaa liikennekonseptia, ja siin\u00e4 toimiva ja luotettava laivaliikenne on t\u00e4rke\u00e4ss\u00e4 roolissa. Lis\u00e4ksi tavoitteena on suunnitella ja kehitt\u00e4\u00e4 uusi laiva Merenkurkun liikenteeseen. Hankkeesta vastaavat Uumajan ja Vaasan kaupungit. Euroopan komissio my\u00f6nsi hankkeelle rahoituksen lokakuussa.<\/p>\n<p>Hankkeen virallinen k\u00e4ynnist\u00e4mistilaisuus j\u00e4rjestettiin Uumajassa 17.12. L\u00e4sn\u00e4 olivat p\u00e4\u00e4yhteisty\u00f6kumppaneiden lis\u00e4ksi kaikki hanketta tukevat organisaatiot. My\u00f6s Suomen liikenne- ja viestint\u00e4ministeri\u00f6n ja Ruotsin n\u00e4ringsdepartementetin edustajat olivat l\u00e4sn\u00e4.<\/p>\n<p>\u2013 T\u00e4m\u00e4 osoittaa, ett\u00e4 hanke on kansallisella tasolla nostettu korkean prioriteetin hankkeeksi. My\u00f6s TEN-T EAn eli Trans-European Transport Network Executive Agencyn edustaja, projektip\u00e4\u00e4llikk\u00f6 Jaroslaw Kotowski osallistui, sill\u00e4 h\u00e4n halusi itse paikan p\u00e4\u00e4lle todistamaan t\u00e4m\u00e4n kiehtovan hankkeen k\u00e4ynnistymist\u00e4. Oli kunnia saada h\u00e4net mukaan tutustumaan Vaasan ja Uumajan satamiin, niiden infrastruktuuriin sek\u00e4 tietysti reitill\u00e4 nyt liikenn\u00f6iv\u00e4\u00e4n laivaan, Merenkurkun neuvoston johtaja ja hankevastaava Mathias Lindstr\u00f6m toteaa. <img decoding=\"async\" class=\"alignleft wp-image-8691 size-full\" src=\"https:\/\/www.kvarken.org\/wp-content\/uploads\/2021\/03\/resizedimage488366-WP-000785.jpg\" alt=\"\" width=\"488\" height=\"366\" srcset=\"https:\/\/www.kvarken.org\/wp-content\/uploads\/2021\/03\/resizedimage488366-WP-000785.jpg 488w, https:\/\/www.kvarken.org\/wp-content\/uploads\/2021\/03\/resizedimage488366-WP-000785-480x360.jpg 480w\" sizes=\"(min-width: 0px) and (max-width: 480px) 480px, (min-width: 481px) 488px, 100vw\" \/> <img decoding=\"async\" class=\"alignleft wp-image-8694 size-full\" src=\"https:\/\/www.kvarken.org\/wp-content\/uploads\/2021\/03\/resizedimage489367-WP-000784.jpg\" alt=\"\" width=\"489\" height=\"367\" srcset=\"https:\/\/www.kvarken.org\/wp-content\/uploads\/2021\/03\/resizedimage489367-WP-000784.jpg 489w, https:\/\/www.kvarken.org\/wp-content\/uploads\/2021\/03\/resizedimage489367-WP-000784-480x360.jpg 480w\" sizes=\"(min-width: 0px) and (max-width: 480px) 480px, (min-width: 481px) 489px, 100vw\" \/><\/p>\n","protected":false},"excerpt":{"rendered":"<p>Kvarken Multimodal Link -hankkeen tavoitteena on p\u00e4ivitt\u00e4\u00e4 ja vahvistaa nykyist\u00e4 Merenkurkun yli kulkevaa liikennekonseptia, ja siin\u00e4 toimiva ja luotettava laivaliikenne on t\u00e4rke\u00e4ss\u00e4 roolissa.<\/p>\n","protected":false},"author":2,"featured_media":8694,"comment_status":"open","ping_status":"open","sticky":false,"template":"","format":"standard","meta":{"_acf_changed":false,"_et_pb_use_builder":"","_et_pb_old_content":"","_et_gb_content_width":"","footnotes":""},"categories":[13],"tags":[],"amnen":[56,86],"class_list":["post-8698","post","type-post","status-publish","format-standard","has-post-thumbnail","hentry","category-uncategorized-fi","amnen-infrastruktuuri","amnen-yhteistyomuodot-fi"],"acf":[],"yoast_head":"<!-- This site is optimized with the Yoast SEO plugin v27.4 - https:\/\/yoast.com\/product\/yoast-seo-wordpress\/ -->\n<title>Kvarken Multimodal Link -hanke k\u00e4ynnistettiin virallisesti Uumajassa - Kvarkenr\u00e5det<\/title>\n<meta name=\"robots\" content=\"index, follow, max-snippet:-1, max-image-preview:large, max-video-preview:-1\" \/>\n<link rel=\"canonical\" href=\"https:\/\/www.kvarken.org\/fi\/kvarken-multimodal-link-hanke-kaynnistettiin-virallisesti-uumajassa\/\" \/>\n<meta property=\"og:locale\" content=\"fi_FI\" \/>\n<meta property=\"og:type\" content=\"article\" \/>\n<meta property=\"og:title\" content=\"Kvarken Multimodal Link -hanke k\u00e4ynnistettiin virallisesti Uumajassa - Kvarkenr\u00e5det\" \/>\n<meta property=\"og:description\" content=\"Kvarken Multimodal Link -hankkeen tavoitteena on p\u00e4ivitt\u00e4\u00e4 ja vahvistaa nykyist\u00e4 Merenkurkun yli kulkevaa liikennekonseptia, ja siin\u00e4 toimiva ja luotettava laivaliikenne on t\u00e4rke\u00e4ss\u00e4 roolissa.\" \/>\n<meta property=\"og:url\" content=\"https:\/\/www.kvarken.org\/fi\/kvarken-multimodal-link-hanke-kaynnistettiin-virallisesti-uumajassa\/\" \/>\n<meta property=\"og:site_name\" content=\"Kvarkenr\u00e5det\" \/>\n<meta property=\"article:published_time\" content=\"2013-12-18T14:14:29+00:00\" \/>\n<meta property=\"og:image\" content=\"https:\/\/www.kvarken.org\/wp-content\/uploads\/2021\/03\/resizedimage489367-WP-000784.jpg\" \/>\n\t<meta property=\"og:image:width\" content=\"489\" \/>\n\t<meta property=\"og:image:height\" content=\"367\" \/>\n\t<meta property=\"og:image:type\" content=\"image\/jpeg\" \/>\n<meta name=\"author\" content=\"jokommunikation_agency\" \/>\n<meta name=\"twitter:card\" content=\"summary_large_image\" \/>\n<meta name=\"twitter:label1\" content=\"Kirjoittanut\" \/>\n\t<meta name=\"twitter:data1\" content=\"jokommunikation_agency\" \/>\n\t<meta name=\"twitter:label2\" content=\"Arvioitu lukuaika\" \/>\n\t<meta name=\"twitter:data2\" content=\"1 minuutti\" \/>\n<script type=\"application\/ld+json\" class=\"yoast-schema-graph\">{\"@context\":\"https:\\\/\\\/schema.org\",\"@graph\":[{\"@type\":\"Article\",\"@id\":\"https:\\\/\\\/www.kvarken.org\\\/fi\\\/kvarken-multimodal-link-hanke-kaynnistettiin-virallisesti-uumajassa\\\/#article\",\"isPartOf\":{\"@id\":\"https:\\\/\\\/www.kvarken.org\\\/fi\\\/kvarken-multimodal-link-hanke-kaynnistettiin-virallisesti-uumajassa\\\/\"},\"author\":{\"name\":\"jokommunikation_agency\",\"@id\":\"https:\\\/\\\/www.kvarken.org\\\/fi\\\/#\\\/schema\\\/person\\\/c0191caa861afff47bc50292a6905da2\"},\"headline\":\"Kvarken Multimodal Link -hanke k\u00e4ynnistettiin virallisesti Uumajassa\",\"datePublished\":\"2013-12-18T14:14:29+00:00\",\"mainEntityOfPage\":{\"@id\":\"https:\\\/\\\/www.kvarken.org\\\/fi\\\/kvarken-multimodal-link-hanke-kaynnistettiin-virallisesti-uumajassa\\\/\"},\"wordCount\":168,\"commentCount\":0,\"image\":{\"@id\":\"https:\\\/\\\/www.kvarken.org\\\/fi\\\/kvarken-multimodal-link-hanke-kaynnistettiin-virallisesti-uumajassa\\\/#primaryimage\"},\"thumbnailUrl\":\"https:\\\/\\\/www.kvarken.org\\\/wp-content\\\/uploads\\\/2021\\\/03\\\/resizedimage489367-WP-000784.jpg\",\"articleSection\":[\"Uncategorized @fi\"],\"inLanguage\":\"fi\",\"potentialAction\":[{\"@type\":\"CommentAction\",\"name\":\"Comment\",\"target\":[\"https:\\\/\\\/www.kvarken.org\\\/fi\\\/kvarken-multimodal-link-hanke-kaynnistettiin-virallisesti-uumajassa\\\/#respond\"]}]},{\"@type\":\"WebPage\",\"@id\":\"https:\\\/\\\/www.kvarken.org\\\/fi\\\/kvarken-multimodal-link-hanke-kaynnistettiin-virallisesti-uumajassa\\\/\",\"url\":\"https:\\\/\\\/www.kvarken.org\\\/fi\\\/kvarken-multimodal-link-hanke-kaynnistettiin-virallisesti-uumajassa\\\/\",\"name\":\"Kvarken Multimodal Link -hanke k\u00e4ynnistettiin virallisesti Uumajassa - Kvarkenr\u00e5det\",\"isPartOf\":{\"@id\":\"https:\\\/\\\/www.kvarken.org\\\/fi\\\/#website\"},\"primaryImageOfPage\":{\"@id\":\"https:\\\/\\\/www.kvarken.org\\\/fi\\\/kvarken-multimodal-link-hanke-kaynnistettiin-virallisesti-uumajassa\\\/#primaryimage\"},\"image\":{\"@id\":\"https:\\\/\\\/www.kvarken.org\\\/fi\\\/kvarken-multimodal-link-hanke-kaynnistettiin-virallisesti-uumajassa\\\/#primaryimage\"},\"thumbnailUrl\":\"https:\\\/\\\/www.kvarken.org\\\/wp-content\\\/uploads\\\/2021\\\/03\\\/resizedimage489367-WP-000784.jpg\",\"datePublished\":\"2013-12-18T14:14:29+00:00\",\"author\":{\"@id\":\"https:\\\/\\\/www.kvarken.org\\\/fi\\\/#\\\/schema\\\/person\\\/c0191caa861afff47bc50292a6905da2\"},\"breadcrumb\":{\"@id\":\"https:\\\/\\\/www.kvarken.org\\\/fi\\\/kvarken-multimodal-link-hanke-kaynnistettiin-virallisesti-uumajassa\\\/#breadcrumb\"},\"inLanguage\":\"fi\",\"potentialAction\":[{\"@type\":\"ReadAction\",\"target\":[\"https:\\\/\\\/www.kvarken.org\\\/fi\\\/kvarken-multimodal-link-hanke-kaynnistettiin-virallisesti-uumajassa\\\/\"]}]},{\"@type\":\"ImageObject\",\"inLanguage\":\"fi\",\"@id\":\"https:\\\/\\\/www.kvarken.org\\\/fi\\\/kvarken-multimodal-link-hanke-kaynnistettiin-virallisesti-uumajassa\\\/#primaryimage\",\"url\":\"https:\\\/\\\/www.kvarken.org\\\/wp-content\\\/uploads\\\/2021\\\/03\\\/resizedimage489367-WP-000784.jpg\",\"contentUrl\":\"https:\\\/\\\/www.kvarken.org\\\/wp-content\\\/uploads\\\/2021\\\/03\\\/resizedimage489367-WP-000784.jpg\",\"width\":489,\"height\":367},{\"@type\":\"BreadcrumbList\",\"@id\":\"https:\\\/\\\/www.kvarken.org\\\/fi\\\/kvarken-multimodal-link-hanke-kaynnistettiin-virallisesti-uumajassa\\\/#breadcrumb\",\"itemListElement\":[{\"@type\":\"ListItem\",\"position\":1,\"name\":\"Hem\",\"item\":\"https:\\\/\\\/www.kvarken.org\\\/fi\\\/\"},{\"@type\":\"ListItem\",\"position\":2,\"name\":\"Kvarken Multimodal Link -hanke k\u00e4ynnistettiin virallisesti Uumajassa\"}]},{\"@type\":\"WebSite\",\"@id\":\"https:\\\/\\\/www.kvarken.org\\\/fi\\\/#website\",\"url\":\"https:\\\/\\\/www.kvarken.org\\\/fi\\\/\",\"name\":\"Kvarkenr\u00e5det\",\"description\":\"\",\"potentialAction\":[{\"@type\":\"SearchAction\",\"target\":{\"@type\":\"EntryPoint\",\"urlTemplate\":\"https:\\\/\\\/www.kvarken.org\\\/fi\\\/?s={search_term_string}\"},\"query-input\":{\"@type\":\"PropertyValueSpecification\",\"valueRequired\":true,\"valueName\":\"search_term_string\"}}],\"inLanguage\":\"fi\"},{\"@type\":\"Person\",\"@id\":\"https:\\\/\\\/www.kvarken.org\\\/fi\\\/#\\\/schema\\\/person\\\/c0191caa861afff47bc50292a6905da2\",\"name\":\"jokommunikation_agency\",\"image\":{\"@type\":\"ImageObject\",\"inLanguage\":\"fi\",\"@id\":\"https:\\\/\\\/secure.gravatar.com\\\/avatar\\\/747179557db7fa831269f4829d55b0109a7684b8dd784a3f8f606bce8610f828?s=96&d=mm&r=g\",\"url\":\"https:\\\/\\\/secure.gravatar.com\\\/avatar\\\/747179557db7fa831269f4829d55b0109a7684b8dd784a3f8f606bce8610f828?s=96&d=mm&r=g\",\"contentUrl\":\"https:\\\/\\\/secure.gravatar.com\\\/avatar\\\/747179557db7fa831269f4829d55b0109a7684b8dd784a3f8f606bce8610f828?s=96&d=mm&r=g\",\"caption\":\"jokommunikation_agency\"}}]}<\/script>\n<!-- \/ Yoast SEO plugin. -->","yoast_head_json":{"title":"Kvarken Multimodal Link -hanke k\u00e4ynnistettiin virallisesti Uumajassa - Kvarkenr\u00e5det","robots":{"index":"index","follow":"follow","max-snippet":"max-snippet:-1","max-image-preview":"max-image-preview:large","max-video-preview":"max-video-preview:-1"},"canonical":"https:\/\/www.kvarken.org\/fi\/kvarken-multimodal-link-hanke-kaynnistettiin-virallisesti-uumajassa\/","og_locale":"fi_FI","og_type":"article","og_title":"Kvarken Multimodal Link -hanke k\u00e4ynnistettiin virallisesti Uumajassa - Kvarkenr\u00e5det","og_description":"Kvarken Multimodal Link -hankkeen tavoitteena on p\u00e4ivitt\u00e4\u00e4 ja vahvistaa nykyist\u00e4 Merenkurkun yli kulkevaa liikennekonseptia, ja siin\u00e4 toimiva ja luotettava laivaliikenne on t\u00e4rke\u00e4ss\u00e4 roolissa.","og_url":"https:\/\/www.kvarken.org\/fi\/kvarken-multimodal-link-hanke-kaynnistettiin-virallisesti-uumajassa\/","og_site_name":"Kvarkenr\u00e5det","article_published_time":"2013-12-18T14:14:29+00:00","og_image":[{"width":489,"height":367,"url":"https:\/\/www.kvarken.org\/wp-content\/uploads\/2021\/03\/resizedimage489367-WP-000784.jpg","type":"image\/jpeg"}],"author":"jokommunikation_agency","twitter_card":"summary_large_image","twitter_misc":{"Kirjoittanut":"jokommunikation_agency","Arvioitu lukuaika":"1 minuutti"},"schema":{"@context":"https:\/\/schema.org","@graph":[{"@type":"Article","@id":"https:\/\/www.kvarken.org\/fi\/kvarken-multimodal-link-hanke-kaynnistettiin-virallisesti-uumajassa\/#article","isPartOf":{"@id":"https:\/\/www.kvarken.org\/fi\/kvarken-multimodal-link-hanke-kaynnistettiin-virallisesti-uumajassa\/"},"author":{"name":"jokommunikation_agency","@id":"https:\/\/www.kvarken.org\/fi\/#\/schema\/person\/c0191caa861afff47bc50292a6905da2"},"headline":"Kvarken Multimodal Link -hanke k\u00e4ynnistettiin virallisesti Uumajassa","datePublished":"2013-12-18T14:14:29+00:00","mainEntityOfPage":{"@id":"https:\/\/www.kvarken.org\/fi\/kvarken-multimodal-link-hanke-kaynnistettiin-virallisesti-uumajassa\/"},"wordCount":168,"commentCount":0,"image":{"@id":"https:\/\/www.kvarken.org\/fi\/kvarken-multimodal-link-hanke-kaynnistettiin-virallisesti-uumajassa\/#primaryimage"},"thumbnailUrl":"https:\/\/www.kvarken.org\/wp-content\/uploads\/2021\/03\/resizedimage489367-WP-000784.jpg","articleSection":["Uncategorized @fi"],"inLanguage":"fi","potentialAction":[{"@type":"CommentAction","name":"Comment","target":["https:\/\/www.kvarken.org\/fi\/kvarken-multimodal-link-hanke-kaynnistettiin-virallisesti-uumajassa\/#respond"]}]},{"@type":"WebPage","@id":"https:\/\/www.kvarken.org\/fi\/kvarken-multimodal-link-hanke-kaynnistettiin-virallisesti-uumajassa\/","url":"https:\/\/www.kvarken.org\/fi\/kvarken-multimodal-link-hanke-kaynnistettiin-virallisesti-uumajassa\/","name":"Kvarken Multimodal Link -hanke k\u00e4ynnistettiin virallisesti Uumajassa - Kvarkenr\u00e5det","isPartOf":{"@id":"https:\/\/www.kvarken.org\/fi\/#website"},"primaryImageOfPage":{"@id":"https:\/\/www.kvarken.org\/fi\/kvarken-multimodal-link-hanke-kaynnistettiin-virallisesti-uumajassa\/#primaryimage"},"image":{"@id":"https:\/\/www.kvarken.org\/fi\/kvarken-multimodal-link-hanke-kaynnistettiin-virallisesti-uumajassa\/#primaryimage"},"thumbnailUrl":"https:\/\/www.kvarken.org\/wp-content\/uploads\/2021\/03\/resizedimage489367-WP-000784.jpg","datePublished":"2013-12-18T14:14:29+00:00","author":{"@id":"https:\/\/www.kvarken.org\/fi\/#\/schema\/person\/c0191caa861afff47bc50292a6905da2"},"breadcrumb":{"@id":"https:\/\/www.kvarken.org\/fi\/kvarken-multimodal-link-hanke-kaynnistettiin-virallisesti-uumajassa\/#breadcrumb"},"inLanguage":"fi","potentialAction":[{"@type":"ReadAction","target":["https:\/\/www.kvarken.org\/fi\/kvarken-multimodal-link-hanke-kaynnistettiin-virallisesti-uumajassa\/"]}]},{"@type":"ImageObject","inLanguage":"fi","@id":"https:\/\/www.kvarken.org\/fi\/kvarken-multimodal-link-hanke-kaynnistettiin-virallisesti-uumajassa\/#primaryimage","url":"https:\/\/www.kvarken.org\/wp-content\/uploads\/2021\/03\/resizedimage489367-WP-000784.jpg","contentUrl":"https:\/\/www.kvarken.org\/wp-content\/uploads\/2021\/03\/resizedimage489367-WP-000784.jpg","width":489,"height":367},{"@type":"BreadcrumbList","@id":"https:\/\/www.kvarken.org\/fi\/kvarken-multimodal-link-hanke-kaynnistettiin-virallisesti-uumajassa\/#breadcrumb","itemListElement":[{"@type":"ListItem","position":1,"name":"Hem","item":"https:\/\/www.kvarken.org\/fi\/"},{"@type":"ListItem","position":2,"name":"Kvarken Multimodal Link -hanke k\u00e4ynnistettiin virallisesti Uumajassa"}]},{"@type":"WebSite","@id":"https:\/\/www.kvarken.org\/fi\/#website","url":"https:\/\/www.kvarken.org\/fi\/","name":"Kvarkenr\u00e5det","description":"","potentialAction":[{"@type":"SearchAction","target":{"@type":"EntryPoint","urlTemplate":"https:\/\/www.kvarken.org\/fi\/?s={search_term_string}"},"query-input":{"@type":"PropertyValueSpecification","valueRequired":true,"valueName":"search_term_string"}}],"inLanguage":"fi"},{"@type":"Person","@id":"https:\/\/www.kvarken.org\/fi\/#\/schema\/person\/c0191caa861afff47bc50292a6905da2","name":"jokommunikation_agency","image":{"@type":"ImageObject","inLanguage":"fi","@id":"https:\/\/secure.gravatar.com\/avatar\/747179557db7fa831269f4829d55b0109a7684b8dd784a3f8f606bce8610f828?s=96&d=mm&r=g","url":"https:\/\/secure.gravatar.com\/avatar\/747179557db7fa831269f4829d55b0109a7684b8dd784a3f8f606bce8610f828?s=96&d=mm&r=g","contentUrl":"https:\/\/secure.gravatar.com\/avatar\/747179557db7fa831269f4829d55b0109a7684b8dd784a3f8f606bce8610f828?s=96&d=mm&r=g","caption":"jokommunikation_agency"}}]}},"_links":{"self":[{"href":"https:\/\/www.kvarken.org\/fi\/wp-json\/wp\/v2\/posts\/8698","targetHints":{"allow":["GET"]}}],"collection":[{"href":"https:\/\/www.kvarken.org\/fi\/wp-json\/wp\/v2\/posts"}],"about":[{"href":"https:\/\/www.kvarken.org\/fi\/wp-json\/wp\/v2\/types\/post"}],"author":[{"embeddable":true,"href":"https:\/\/www.kvarken.org\/fi\/wp-json\/wp\/v2\/users\/2"}],"replies":[{"embeddable":true,"href":"https:\/\/www.kvarken.org\/fi\/wp-json\/wp\/v2\/comments?post=8698"}],"version-history":[{"count":0,"href":"https:\/\/www.kvarken.org\/fi\/wp-json\/wp\/v2\/posts\/8698\/revisions"}],"wp:featuredmedia":[{"embeddable":true,"href":"https:\/\/www.kvarken.org\/fi\/wp-json\/wp\/v2\/media\/8694"}],"wp:attachment":[{"href":"https:\/\/www.kvarken.org\/fi\/wp-json\/wp\/v2\/media?parent=8698"}],"wp:term":[{"taxonomy":"category","embeddable":true,"href":"https:\/\/www.kvarken.org\/fi\/wp-json\/wp\/v2\/categories?post=8698"},{"taxonomy":"post_tag","embeddable":true,"href":"https:\/\/www.kvarken.org\/fi\/wp-json\/wp\/v2\/tags?post=8698"},{"taxonomy":"amnen","embeddable":true,"href":"https:\/\/www.kvarken.org\/fi\/wp-json\/wp\/v2\/amnen?post=8698"}],"curies":[{"name":"wp","href":"https:\/\/api.w.org\/{rel}","templated":true}]}}