{"id":8883,"date":"2016-10-28T14:58:28","date_gmt":"2016-10-28T14:58:28","guid":{"rendered":"https:\/\/kvarken.org\/scandic-trans-aloittaa-rahtikuljetukset-merenkurkussa\/"},"modified":"2016-10-28T14:58:28","modified_gmt":"2016-10-28T14:58:28","slug":"scandic-trans-aloittaa-rahtikuljetukset-merenkurkussa","status":"publish","type":"post","link":"https:\/\/www.kvarken.org\/fi\/scandic-trans-aloittaa-rahtikuljetukset-merenkurkussa\/","title":{"rendered":"Scandic Trans aloittaa rahtikuljetukset Merenkurkussa"},"content":{"rendered":"<p><em>Pohjalainen kuljetusyhti\u00f6 Scandic Trans Oy aloittaa rahtikuljetukset Vaasan ja Uumajan v\u00e4lill\u00e4 lokakuussa. Yhti\u00f6 on jo pitk\u00e4\u00e4n etsinyt tehokkaampaa ja edullisempaa tapaa kuljettaa elintarvikkeita Etel\u00e4-Suomesta Ruotsin Norlantiin, ja uuden ruotsalaisen yhteisty\u00f6kumppanin sek\u00e4 Merenkurkun laivayhteyden ansiosta ratkaisu on vihdoin l\u00f6ytynyt.<\/em> <img decoding=\"async\" class=\"alignnone wp-image-8879 size-full\" src=\"https:\/\/www.kvarken.org\/wp-content\/uploads\/2021\/03\/resizedimage600385-Scandic-Trans-2.jpg\" alt=\"\" width=\"600\" height=\"385\" srcset=\"https:\/\/www.kvarken.org\/wp-content\/uploads\/2021\/03\/resizedimage600385-Scandic-Trans-2.jpg 600w, https:\/\/www.kvarken.org\/wp-content\/uploads\/2021\/03\/resizedimage600385-Scandic-Trans-2-480x308.jpg 480w\" sizes=\"(min-width: 0px) and (max-width: 480px) 480px, (min-width: 481px) 600px, 100vw\" \/><\/p>\n<address><em>Anna M\u00e5tts-Frans\u00e9n, E12 Atlantica Transportin hankejohtaja, ja Mikael L\u00f6fqvist, Scandic Transin toimitusjohtaja, pit\u00e4v\u00e4t uutta rahtireitti\u00e4 konkreettisena esimerkkin\u00e4 raja-alueellisesta yhteisty\u00f6st\u00e4 sek\u00e4 maiden v\u00e4lisen toimivan kuljetusv\u00e4yl\u00e4n tarpeellisuudesta.\u00a0Kuva: Anna Sand<\/em><\/address>\n<address>\u00a0<\/address>\n<p>Skandinavian sis\u00e4isiin elintarvikekuljetuksiin erikoistunut Scandic Trans on aiemmin kuljettanut elintarvikkeita Norlantiin Tukholman kautta. Vaikka suurin osa rahdista lastataan Turussa ja Helsingiss\u00e4 sek\u00e4 niiden l\u00e4hialueilla, k\u00e4yt\u00e4nt\u00f6 on silti ollut tehoton ja suhteellisen kallis.<\/p>\n<p>&#8211; Ryhdyimme etsim\u00e4\u00e4n ruotsalaista yhteisty\u00f6kumppania, koska meill\u00e4 oli suuri tarve vakiinnuttaa toimiva jakelu Norlannissa. L\u00f6ysimme t\u00e4ydellisen kumppanin Lincargo Ab:st\u00e4, joka on ruotsalainen Norrmejerier-meijeriyrityksen omistama huolitsija, kertoo Scandic Transin toimitusjohtaja <strong>Mikael L\u00f6fqvist<\/strong>.<\/p>\n<p>Molemmat yhti\u00f6t synkronisoivat tarpeensa \u2013 siihen ei tarvittu kuin yksi tapaaminen \u2013 ja uusi rahtilinja aloittaa toimintansa lokakuun puoliv\u00e4liss\u00e4.<\/p>\n<p>&#8211; Norrmejerier-yrityksell\u00e4 on tavaravirtaa takaisin Suomeen, ja yhteisty\u00f6mme pystyi k\u00e4ynnistym\u00e4\u00e4n eritt\u00e4in sujuvasti ja nopeasti. Meill\u00e4 on molemmin puolin Merenkurkkua samankaltainen mentaliteetti sek\u00e4 hyvien kontaktien s\u00e4vytt\u00e4m\u00e4 perinne. Lis\u00e4ksi puhumme samaa kielt\u00e4, mik\u00e4 on tietysti eduksi, L\u00f6fqvist toteaa.<\/p>\n<p>Rahtia kuljetetaan aluksi kerran viikossa; l\u00e4ht\u00f6 on perjantaisin Vaasasta ja sunnuntaisin Uumajasta. Scandic Trans ajaa Etel\u00e4-Suomen ja Vaasan kautta Uumajaan, josta Lincargo ottaa jakelun hoitaakseen. Kuljetukset hoidetaan juuri t\u00e4lle linjalle varatulla ajoneuvolla. L\u00f6fqvist uskoo, ett\u00e4 yhteisty\u00f6t\u00e4 on mahdollista kehitt\u00e4\u00e4 edelleen.<\/p>\n<p>&#8211; Asiakkaiden tarpeet tietysti ratkaisevat, mutta nyt tavoitamme jokaisen pienenkin kyl\u00e4kaupan koko Norlannissa, ja kaiken lis\u00e4ksi aiempaa nopeammin ja edullisemmin. Voimme siis nyky\u00e4\u00e4n kilpailla suurten yritysten kanssa, mik\u00e4 oli ennen mahdotonta.<\/p>\n<p><img decoding=\"async\" class=\"alignnone size-full wp-image-8876\" src=\"https:\/\/www.kvarken.org\/wp-content\/uploads\/2021\/03\/resizedimage600382-Scandic-Trans-4.jpg\" alt=\"\" width=\"600\" height=\"382\" srcset=\"https:\/\/www.kvarken.org\/wp-content\/uploads\/2021\/03\/resizedimage600382-Scandic-Trans-4.jpg 600w, https:\/\/www.kvarken.org\/wp-content\/uploads\/2021\/03\/resizedimage600382-Scandic-Trans-4-480x306.jpg 480w\" sizes=\"(min-width: 0px) and (max-width: 480px) 480px, (min-width: 481px) 600px, 100vw\" \/><\/p>\n<address><em>Pohjalainen kuljetusyhti\u00f6 Scandic Trans Oy aloittaa rahtikuljetukset Vaasan ja Uumajan v\u00e4lill\u00e4 lokakuussa. Kuva: Scandic Trans<\/em><\/address>\n<address>\u00a0<\/address>\n<p><strong>Anna M\u00e5tts-Frans\u00e9n<\/strong>, VASEKin logistiikka-asiantuntija sek\u00e4 Botnia-Atlantica-hanke E12 Atlantica Transportin hankejohtaja, iloitsee Scandic Transin uudesta ratkaisusta ja n\u00e4kee sen konkreettisena todisteena siit\u00e4, ett\u00e4 maiden v\u00e4lill\u00e4 tarvitaan toimiva laivayhteys ja kuljetusv\u00e4yl\u00e4.<\/p>\n<p>&#8211; Elinkeinoel\u00e4m\u00e4n it\u00e4-l\u00e4nsisuuntainen tavaravirta on t\u00e4rke\u00e4, ja pyrimme hankkeessa poistamaan mahdollisia rajaesteit\u00e4 ja pullonkauloja E12-v\u00e4yl\u00e4n varrelta, aina Norjan Atlantin-satamilta Pohjanmaalle saakka. Pyrimme my\u00f6s saamaan aikaan tarvittavia infrastruktuuri-investointeja ja siten kasvattamaan seudun kilpailukyky\u00e4 ja elinvoimaisuutta, M\u00e5tts-Frans\u00e9n kertoo.<\/p>\n<p>Hanke my\u00f6s tukee Midway Alignment -hanketta. Seudulle on eritt\u00e4in t\u00e4rke\u00e4\u00e4, ett\u00e4 E12-v\u00e4yl\u00e4 s\u00e4ilyy osana Euroopan laajuista liikenneverkkoa.<\/p>\n<p>Teksti: Anna Sand<\/p>\n<p>\u00a0<img decoding=\"async\" class=\"alignnone wp-image-7620 size-medium\" src=\"https:\/\/www.kvarken.org\/wp-content\/uploads\/2021\/01\/Intrerreg-BA-ENG-CMYK-300x85.jpg\" alt=\"Finansi\u00e4r Interreg Botnia-Atlanticas logoyp\" width=\"300\" height=\"85\" \/><\/p>\n<p><em>E12 Atlantica Transport &#8211; E12-liikennek\u00e4yt\u00e4v\u00e4n varrella vaikuttavien suomalaisten, ruotsalaisten ja norjalaisten kumppaneiden yhteisty\u00f6hanke, joka keskittyy toimivaan rahdin ja matkustajien kuljetusv\u00e4yl\u00e4\u00e4n, yhteisiin valtionrajat ylitt\u00e4vien strategioiden suunnittelun sek\u00e4 tulevaisuuden yhteisty\u00f6muotoihin.<\/em><\/p>\n<p><em>Hankkeen E12 Atlantica Transport kumppanit<\/em><br \/><em>Merenkurkun neuvosto (Lead Part, FI), MidtSkandia (NO), Bl\u00e5 V\u00e4gen (SE) Region V\u00e4sterbotten (SE), Pohjanmaan liitt (FI), Nordland fylkeskommune (NO), Vaasanseudun Kehitys OY VASEK (FI), Uumajan kunta (SE), V\u00e4nn\u00e4sin kunta (SE), Vindelnin kunta (SE), Lyckselen kunta (SE), Storumanin kunta (SE), Infrastruktur i Ume\u00e5 AB INAB (SE), Rana Utviklingsselskap AS (NO), Ranan kunta (NO), Polarcirkeln lyfthavnsutvikling (NO), Mo i Rana Havn (NO), Mo Industripark AS (NO), Alastahaug havnevesen KF (NO), Helgeland Havn IKS (NO)<\/em><\/p>\n","protected":false},"excerpt":{"rendered":"<p>Pohjalainen kuljetusyhti\u00f6 Scandic Trans Oy aloittaa rahtikuljetukset Vaasan ja Uumajan v\u00e4lill\u00e4 lokakuussa. Yhti\u00f6 on jo pitk\u00e4\u00e4n etsinyt tehokkaampaa ja edullisempaa tapaa kuljettaa elintarvikkeita Etel\u00e4-Suomesta Ruotsin Norlantiin, ja uuden ruotsalaisen yhteisty\u00f6kumppanin sek\u00e4 Merenkurkun laivayhteyden ansiosta ratkaisu on vihdoin l\u00f6ytynyt.<\/p>\n","protected":false},"author":2,"featured_media":8876,"comment_status":"open","ping_status":"open","sticky":false,"template":"","format":"standard","meta":{"_acf_changed":false,"_et_pb_use_builder":"","_et_pb_old_content":"","_et_gb_content_width":"","footnotes":""},"categories":[13],"tags":[],"amnen":[34],"class_list":["post-8883","post","type-post","status-publish","format-standard","has-post-thumbnail","hentry","category-uncategorized-fi","amnen-liiketoiminta"],"acf":[],"yoast_head":"<!-- This site is optimized with the Yoast SEO plugin v27.4 - https:\/\/yoast.com\/product\/yoast-seo-wordpress\/ -->\n<title>Scandic Trans aloittaa rahtikuljetukset Merenkurkussa - Kvarkenr\u00e5det<\/title>\n<meta name=\"robots\" content=\"index, follow, max-snippet:-1, max-image-preview:large, max-video-preview:-1\" \/>\n<link rel=\"canonical\" href=\"https:\/\/www.kvarken.org\/fi\/scandic-trans-aloittaa-rahtikuljetukset-merenkurkussa\/\" \/>\n<meta property=\"og:locale\" content=\"fi_FI\" \/>\n<meta property=\"og:type\" content=\"article\" \/>\n<meta property=\"og:title\" content=\"Scandic Trans aloittaa rahtikuljetukset Merenkurkussa - Kvarkenr\u00e5det\" \/>\n<meta property=\"og:description\" content=\"Pohjalainen kuljetusyhti\u00f6 Scandic Trans Oy aloittaa rahtikuljetukset Vaasan ja Uumajan v\u00e4lill\u00e4 lokakuussa. Yhti\u00f6 on jo pitk\u00e4\u00e4n etsinyt tehokkaampaa ja edullisempaa tapaa kuljettaa elintarvikkeita Etel\u00e4-Suomesta Ruotsin Norlantiin, ja uuden ruotsalaisen yhteisty\u00f6kumppanin sek\u00e4 Merenkurkun laivayhteyden ansiosta ratkaisu on vihdoin l\u00f6ytynyt.\" \/>\n<meta property=\"og:url\" content=\"https:\/\/www.kvarken.org\/fi\/scandic-trans-aloittaa-rahtikuljetukset-merenkurkussa\/\" \/>\n<meta property=\"og:site_name\" content=\"Kvarkenr\u00e5det\" \/>\n<meta property=\"article:published_time\" content=\"2016-10-28T14:58:28+00:00\" \/>\n<meta property=\"og:image\" content=\"https:\/\/www.kvarken.org\/wp-content\/uploads\/2021\/03\/resizedimage600382-Scandic-Trans-4.jpg\" \/>\n\t<meta property=\"og:image:width\" content=\"600\" \/>\n\t<meta property=\"og:image:height\" content=\"382\" \/>\n\t<meta property=\"og:image:type\" content=\"image\/jpeg\" \/>\n<meta name=\"author\" content=\"jokommunikation_agency\" \/>\n<meta name=\"twitter:card\" content=\"summary_large_image\" \/>\n<meta name=\"twitter:label1\" content=\"Kirjoittanut\" \/>\n\t<meta name=\"twitter:data1\" content=\"jokommunikation_agency\" \/>\n\t<meta name=\"twitter:label2\" content=\"Arvioitu lukuaika\" \/>\n\t<meta name=\"twitter:data2\" content=\"3 minuuttia\" \/>\n<script type=\"application\/ld+json\" class=\"yoast-schema-graph\">{\"@context\":\"https:\\\/\\\/schema.org\",\"@graph\":[{\"@type\":\"Article\",\"@id\":\"https:\\\/\\\/www.kvarken.org\\\/fi\\\/scandic-trans-aloittaa-rahtikuljetukset-merenkurkussa\\\/#article\",\"isPartOf\":{\"@id\":\"https:\\\/\\\/www.kvarken.org\\\/fi\\\/scandic-trans-aloittaa-rahtikuljetukset-merenkurkussa\\\/\"},\"author\":{\"name\":\"jokommunikation_agency\",\"@id\":\"https:\\\/\\\/www.kvarken.org\\\/fi\\\/#\\\/schema\\\/person\\\/c0191caa861afff47bc50292a6905da2\"},\"headline\":\"Scandic Trans aloittaa rahtikuljetukset Merenkurkussa\",\"datePublished\":\"2016-10-28T14:58:28+00:00\",\"mainEntityOfPage\":{\"@id\":\"https:\\\/\\\/www.kvarken.org\\\/fi\\\/scandic-trans-aloittaa-rahtikuljetukset-merenkurkussa\\\/\"},\"wordCount\":541,\"commentCount\":0,\"image\":{\"@id\":\"https:\\\/\\\/www.kvarken.org\\\/fi\\\/scandic-trans-aloittaa-rahtikuljetukset-merenkurkussa\\\/#primaryimage\"},\"thumbnailUrl\":\"https:\\\/\\\/www.kvarken.org\\\/wp-content\\\/uploads\\\/2021\\\/03\\\/resizedimage600382-Scandic-Trans-4.jpg\",\"articleSection\":[\"Uncategorized @fi\"],\"inLanguage\":\"fi\",\"potentialAction\":[{\"@type\":\"CommentAction\",\"name\":\"Comment\",\"target\":[\"https:\\\/\\\/www.kvarken.org\\\/fi\\\/scandic-trans-aloittaa-rahtikuljetukset-merenkurkussa\\\/#respond\"]}]},{\"@type\":\"WebPage\",\"@id\":\"https:\\\/\\\/www.kvarken.org\\\/fi\\\/scandic-trans-aloittaa-rahtikuljetukset-merenkurkussa\\\/\",\"url\":\"https:\\\/\\\/www.kvarken.org\\\/fi\\\/scandic-trans-aloittaa-rahtikuljetukset-merenkurkussa\\\/\",\"name\":\"Scandic Trans aloittaa rahtikuljetukset Merenkurkussa - Kvarkenr\u00e5det\",\"isPartOf\":{\"@id\":\"https:\\\/\\\/www.kvarken.org\\\/fi\\\/#website\"},\"primaryImageOfPage\":{\"@id\":\"https:\\\/\\\/www.kvarken.org\\\/fi\\\/scandic-trans-aloittaa-rahtikuljetukset-merenkurkussa\\\/#primaryimage\"},\"image\":{\"@id\":\"https:\\\/\\\/www.kvarken.org\\\/fi\\\/scandic-trans-aloittaa-rahtikuljetukset-merenkurkussa\\\/#primaryimage\"},\"thumbnailUrl\":\"https:\\\/\\\/www.kvarken.org\\\/wp-content\\\/uploads\\\/2021\\\/03\\\/resizedimage600382-Scandic-Trans-4.jpg\",\"datePublished\":\"2016-10-28T14:58:28+00:00\",\"author\":{\"@id\":\"https:\\\/\\\/www.kvarken.org\\\/fi\\\/#\\\/schema\\\/person\\\/c0191caa861afff47bc50292a6905da2\"},\"breadcrumb\":{\"@id\":\"https:\\\/\\\/www.kvarken.org\\\/fi\\\/scandic-trans-aloittaa-rahtikuljetukset-merenkurkussa\\\/#breadcrumb\"},\"inLanguage\":\"fi\",\"potentialAction\":[{\"@type\":\"ReadAction\",\"target\":[\"https:\\\/\\\/www.kvarken.org\\\/fi\\\/scandic-trans-aloittaa-rahtikuljetukset-merenkurkussa\\\/\"]}]},{\"@type\":\"ImageObject\",\"inLanguage\":\"fi\",\"@id\":\"https:\\\/\\\/www.kvarken.org\\\/fi\\\/scandic-trans-aloittaa-rahtikuljetukset-merenkurkussa\\\/#primaryimage\",\"url\":\"https:\\\/\\\/www.kvarken.org\\\/wp-content\\\/uploads\\\/2021\\\/03\\\/resizedimage600382-Scandic-Trans-4.jpg\",\"contentUrl\":\"https:\\\/\\\/www.kvarken.org\\\/wp-content\\\/uploads\\\/2021\\\/03\\\/resizedimage600382-Scandic-Trans-4.jpg\",\"width\":600,\"height\":382},{\"@type\":\"BreadcrumbList\",\"@id\":\"https:\\\/\\\/www.kvarken.org\\\/fi\\\/scandic-trans-aloittaa-rahtikuljetukset-merenkurkussa\\\/#breadcrumb\",\"itemListElement\":[{\"@type\":\"ListItem\",\"position\":1,\"name\":\"Hem\",\"item\":\"https:\\\/\\\/www.kvarken.org\\\/fi\\\/\"},{\"@type\":\"ListItem\",\"position\":2,\"name\":\"Scandic Trans aloittaa rahtikuljetukset Merenkurkussa\"}]},{\"@type\":\"WebSite\",\"@id\":\"https:\\\/\\\/www.kvarken.org\\\/fi\\\/#website\",\"url\":\"https:\\\/\\\/www.kvarken.org\\\/fi\\\/\",\"name\":\"Kvarkenr\u00e5det\",\"description\":\"\",\"potentialAction\":[{\"@type\":\"SearchAction\",\"target\":{\"@type\":\"EntryPoint\",\"urlTemplate\":\"https:\\\/\\\/www.kvarken.org\\\/fi\\\/?s={search_term_string}\"},\"query-input\":{\"@type\":\"PropertyValueSpecification\",\"valueRequired\":true,\"valueName\":\"search_term_string\"}}],\"inLanguage\":\"fi\"},{\"@type\":\"Person\",\"@id\":\"https:\\\/\\\/www.kvarken.org\\\/fi\\\/#\\\/schema\\\/person\\\/c0191caa861afff47bc50292a6905da2\",\"name\":\"jokommunikation_agency\",\"image\":{\"@type\":\"ImageObject\",\"inLanguage\":\"fi\",\"@id\":\"https:\\\/\\\/secure.gravatar.com\\\/avatar\\\/747179557db7fa831269f4829d55b0109a7684b8dd784a3f8f606bce8610f828?s=96&d=mm&r=g\",\"url\":\"https:\\\/\\\/secure.gravatar.com\\\/avatar\\\/747179557db7fa831269f4829d55b0109a7684b8dd784a3f8f606bce8610f828?s=96&d=mm&r=g\",\"contentUrl\":\"https:\\\/\\\/secure.gravatar.com\\\/avatar\\\/747179557db7fa831269f4829d55b0109a7684b8dd784a3f8f606bce8610f828?s=96&d=mm&r=g\",\"caption\":\"jokommunikation_agency\"}}]}<\/script>\n<!-- \/ Yoast SEO plugin. -->","yoast_head_json":{"title":"Scandic Trans aloittaa rahtikuljetukset Merenkurkussa - Kvarkenr\u00e5det","robots":{"index":"index","follow":"follow","max-snippet":"max-snippet:-1","max-image-preview":"max-image-preview:large","max-video-preview":"max-video-preview:-1"},"canonical":"https:\/\/www.kvarken.org\/fi\/scandic-trans-aloittaa-rahtikuljetukset-merenkurkussa\/","og_locale":"fi_FI","og_type":"article","og_title":"Scandic Trans aloittaa rahtikuljetukset Merenkurkussa - Kvarkenr\u00e5det","og_description":"Pohjalainen kuljetusyhti\u00f6 Scandic Trans Oy aloittaa rahtikuljetukset Vaasan ja Uumajan v\u00e4lill\u00e4 lokakuussa. Yhti\u00f6 on jo pitk\u00e4\u00e4n etsinyt tehokkaampaa ja edullisempaa tapaa kuljettaa elintarvikkeita Etel\u00e4-Suomesta Ruotsin Norlantiin, ja uuden ruotsalaisen yhteisty\u00f6kumppanin sek\u00e4 Merenkurkun laivayhteyden ansiosta ratkaisu on vihdoin l\u00f6ytynyt.","og_url":"https:\/\/www.kvarken.org\/fi\/scandic-trans-aloittaa-rahtikuljetukset-merenkurkussa\/","og_site_name":"Kvarkenr\u00e5det","article_published_time":"2016-10-28T14:58:28+00:00","og_image":[{"width":600,"height":382,"url":"https:\/\/www.kvarken.org\/wp-content\/uploads\/2021\/03\/resizedimage600382-Scandic-Trans-4.jpg","type":"image\/jpeg"}],"author":"jokommunikation_agency","twitter_card":"summary_large_image","twitter_misc":{"Kirjoittanut":"jokommunikation_agency","Arvioitu lukuaika":"3 minuuttia"},"schema":{"@context":"https:\/\/schema.org","@graph":[{"@type":"Article","@id":"https:\/\/www.kvarken.org\/fi\/scandic-trans-aloittaa-rahtikuljetukset-merenkurkussa\/#article","isPartOf":{"@id":"https:\/\/www.kvarken.org\/fi\/scandic-trans-aloittaa-rahtikuljetukset-merenkurkussa\/"},"author":{"name":"jokommunikation_agency","@id":"https:\/\/www.kvarken.org\/fi\/#\/schema\/person\/c0191caa861afff47bc50292a6905da2"},"headline":"Scandic Trans aloittaa rahtikuljetukset Merenkurkussa","datePublished":"2016-10-28T14:58:28+00:00","mainEntityOfPage":{"@id":"https:\/\/www.kvarken.org\/fi\/scandic-trans-aloittaa-rahtikuljetukset-merenkurkussa\/"},"wordCount":541,"commentCount":0,"image":{"@id":"https:\/\/www.kvarken.org\/fi\/scandic-trans-aloittaa-rahtikuljetukset-merenkurkussa\/#primaryimage"},"thumbnailUrl":"https:\/\/www.kvarken.org\/wp-content\/uploads\/2021\/03\/resizedimage600382-Scandic-Trans-4.jpg","articleSection":["Uncategorized @fi"],"inLanguage":"fi","potentialAction":[{"@type":"CommentAction","name":"Comment","target":["https:\/\/www.kvarken.org\/fi\/scandic-trans-aloittaa-rahtikuljetukset-merenkurkussa\/#respond"]}]},{"@type":"WebPage","@id":"https:\/\/www.kvarken.org\/fi\/scandic-trans-aloittaa-rahtikuljetukset-merenkurkussa\/","url":"https:\/\/www.kvarken.org\/fi\/scandic-trans-aloittaa-rahtikuljetukset-merenkurkussa\/","name":"Scandic Trans aloittaa rahtikuljetukset Merenkurkussa - Kvarkenr\u00e5det","isPartOf":{"@id":"https:\/\/www.kvarken.org\/fi\/#website"},"primaryImageOfPage":{"@id":"https:\/\/www.kvarken.org\/fi\/scandic-trans-aloittaa-rahtikuljetukset-merenkurkussa\/#primaryimage"},"image":{"@id":"https:\/\/www.kvarken.org\/fi\/scandic-trans-aloittaa-rahtikuljetukset-merenkurkussa\/#primaryimage"},"thumbnailUrl":"https:\/\/www.kvarken.org\/wp-content\/uploads\/2021\/03\/resizedimage600382-Scandic-Trans-4.jpg","datePublished":"2016-10-28T14:58:28+00:00","author":{"@id":"https:\/\/www.kvarken.org\/fi\/#\/schema\/person\/c0191caa861afff47bc50292a6905da2"},"breadcrumb":{"@id":"https:\/\/www.kvarken.org\/fi\/scandic-trans-aloittaa-rahtikuljetukset-merenkurkussa\/#breadcrumb"},"inLanguage":"fi","potentialAction":[{"@type":"ReadAction","target":["https:\/\/www.kvarken.org\/fi\/scandic-trans-aloittaa-rahtikuljetukset-merenkurkussa\/"]}]},{"@type":"ImageObject","inLanguage":"fi","@id":"https:\/\/www.kvarken.org\/fi\/scandic-trans-aloittaa-rahtikuljetukset-merenkurkussa\/#primaryimage","url":"https:\/\/www.kvarken.org\/wp-content\/uploads\/2021\/03\/resizedimage600382-Scandic-Trans-4.jpg","contentUrl":"https:\/\/www.kvarken.org\/wp-content\/uploads\/2021\/03\/resizedimage600382-Scandic-Trans-4.jpg","width":600,"height":382},{"@type":"BreadcrumbList","@id":"https:\/\/www.kvarken.org\/fi\/scandic-trans-aloittaa-rahtikuljetukset-merenkurkussa\/#breadcrumb","itemListElement":[{"@type":"ListItem","position":1,"name":"Hem","item":"https:\/\/www.kvarken.org\/fi\/"},{"@type":"ListItem","position":2,"name":"Scandic Trans aloittaa rahtikuljetukset Merenkurkussa"}]},{"@type":"WebSite","@id":"https:\/\/www.kvarken.org\/fi\/#website","url":"https:\/\/www.kvarken.org\/fi\/","name":"Kvarkenr\u00e5det","description":"","potentialAction":[{"@type":"SearchAction","target":{"@type":"EntryPoint","urlTemplate":"https:\/\/www.kvarken.org\/fi\/?s={search_term_string}"},"query-input":{"@type":"PropertyValueSpecification","valueRequired":true,"valueName":"search_term_string"}}],"inLanguage":"fi"},{"@type":"Person","@id":"https:\/\/www.kvarken.org\/fi\/#\/schema\/person\/c0191caa861afff47bc50292a6905da2","name":"jokommunikation_agency","image":{"@type":"ImageObject","inLanguage":"fi","@id":"https:\/\/secure.gravatar.com\/avatar\/747179557db7fa831269f4829d55b0109a7684b8dd784a3f8f606bce8610f828?s=96&d=mm&r=g","url":"https:\/\/secure.gravatar.com\/avatar\/747179557db7fa831269f4829d55b0109a7684b8dd784a3f8f606bce8610f828?s=96&d=mm&r=g","contentUrl":"https:\/\/secure.gravatar.com\/avatar\/747179557db7fa831269f4829d55b0109a7684b8dd784a3f8f606bce8610f828?s=96&d=mm&r=g","caption":"jokommunikation_agency"}}]}},"_links":{"self":[{"href":"https:\/\/www.kvarken.org\/fi\/wp-json\/wp\/v2\/posts\/8883","targetHints":{"allow":["GET"]}}],"collection":[{"href":"https:\/\/www.kvarken.org\/fi\/wp-json\/wp\/v2\/posts"}],"about":[{"href":"https:\/\/www.kvarken.org\/fi\/wp-json\/wp\/v2\/types\/post"}],"author":[{"embeddable":true,"href":"https:\/\/www.kvarken.org\/fi\/wp-json\/wp\/v2\/users\/2"}],"replies":[{"embeddable":true,"href":"https:\/\/www.kvarken.org\/fi\/wp-json\/wp\/v2\/comments?post=8883"}],"version-history":[{"count":0,"href":"https:\/\/www.kvarken.org\/fi\/wp-json\/wp\/v2\/posts\/8883\/revisions"}],"wp:featuredmedia":[{"embeddable":true,"href":"https:\/\/www.kvarken.org\/fi\/wp-json\/wp\/v2\/media\/8876"}],"wp:attachment":[{"href":"https:\/\/www.kvarken.org\/fi\/wp-json\/wp\/v2\/media?parent=8883"}],"wp:term":[{"taxonomy":"category","embeddable":true,"href":"https:\/\/www.kvarken.org\/fi\/wp-json\/wp\/v2\/categories?post=8883"},{"taxonomy":"post_tag","embeddable":true,"href":"https:\/\/www.kvarken.org\/fi\/wp-json\/wp\/v2\/tags?post=8883"},{"taxonomy":"amnen","embeddable":true,"href":"https:\/\/www.kvarken.org\/fi\/wp-json\/wp\/v2\/amnen?post=8883"}],"curies":[{"name":"wp","href":"https:\/\/api.w.org\/{rel}","templated":true}]}}