{"id":8922,"date":"2016-11-01T09:31:42","date_gmt":"2016-11-01T09:31:42","guid":{"rendered":"https:\/\/kvarken.org\/kumppanit-laatimassa-e12-vaylan-valtionrajat-ylittavaa-analyysia\/"},"modified":"2016-11-01T09:31:42","modified_gmt":"2016-11-01T09:31:42","slug":"kumppanit-laatimassa-e12-vaylan-valtionrajat-ylittavaa-analyysia","status":"publish","type":"post","link":"https:\/\/www.kvarken.org\/fi\/kumppanit-laatimassa-e12-vaylan-valtionrajat-ylittavaa-analyysia\/","title":{"rendered":"Kumppanit laatimassa E12-v\u00e4yl\u00e4n valtionrajat ylitt\u00e4v\u00e4\u00e4 analyysia"},"content":{"rendered":"<p>J\u00e4rjestelm\u00e4analyysia k\u00e4ytet\u00e4\u00e4n seudullisen infrastruktuurisuunnittelun tietopohjana. Analyysi perustuu nykytilan analyysiin, jossa selvityksen kohteena ovat esim. tavaravirrat, sukkulointi, satamalaitureilla k\u00e4sitelt\u00e4v\u00e4t tavaram\u00e4\u00e4r\u00e4t ja rautateiden nopeustasot. Analyysit ovat usein seudullisia, mutta E12 Atlantica Transport -hankkeessa toteutetaan ensimm\u00e4ist\u00e4 kertaa valtionrajat ylitt\u00e4v\u00e4 j\u00e4rjestelm\u00e4analyysi E12-v\u00e4yl\u00e4n l\u00e4hialueille. <\/p>\n<p><img decoding=\"async\" class=\"alignnone size-full wp-image-8911\" src=\"https:\/\/www.kvarken.org\/wp-content\/uploads\/2021\/03\/resizedimage590393-IMG-3329.jpg\" alt=\"\" width=\"590\" height=\"393\" srcset=\"https:\/\/www.kvarken.org\/wp-content\/uploads\/2021\/03\/resizedimage590393-IMG-3329.jpg 590w, https:\/\/www.kvarken.org\/wp-content\/uploads\/2021\/03\/resizedimage590393-IMG-3329-480x320.jpg 480w\" sizes=\"(min-width: 0px) and (max-width: 480px) 480px, (min-width: 481px) 590px, 100vw\" \/><\/p>\n<p><em>Katarina Lundstr\u00f6m MidtSkandiasta oli mukana m\u00e4\u00e4rittelem\u00e4ss\u00e4 yhteisen analyysin kohdealueita<\/em><\/p>\n<p>Hankekumppanit kokoontuivat ensimm\u00e4iseen ty\u00f6kokoukseen lokakuussa. Osallistujien tarkoituksena oli yhdess\u00e4 m\u00e4\u00e4ritell\u00e4 analyysin kohdealueet eli keskustella niist\u00e4 seudun edellytyksist\u00e4 ja olosuhteista, joihin kaivataan valaistusta kumppaneille t\u00e4rkeiden kysymysten pohjalta. Kolmivaiheisen j\u00e4rjestelm\u00e4analyysin toteuttaa Ramboll. Hankekumppanit kokoontuvat jokaisessa kolmessa vaiheessa.<\/p>\n<p>&#8211; J\u00e4rjestelm\u00e4analyysi muodostaa perustan E12 Atlantica Transport -hankkeen jatkoty\u00f6lle, joten oli ilahduttavaa huomata, ett\u00e4 kokoukseen saapui yli 30 henkil\u00f6\u00e4. Hankeryhm\u00e4 on yhdess\u00e4 Rambollin kanssa valinnut ty\u00f6muodoksi workshopit, jolloin kaikki kumppanit p\u00e4\u00e4sev\u00e4t osallistumaan analyysin sis\u00e4ll\u00f6n muovaamiseen, kertoo <strong>Andreas Forsgren<\/strong>, Uumajan kunnan infrastruktuuristrategi sek\u00e4 hankkeen hankejohtaja.<\/p>\n<p>VASEKin logistiikka-asiantuntija ja hankeryhm\u00e4n j\u00e4sen <strong>Anna M\u00e5tts-Frans\u00e9n<\/strong> lis\u00e4\u00e4, ett\u00e4 seutua koskevat aiemmat analyysit alkavat olla vanhoja ja kaiken lis\u00e4ksi pirstaleisia.<\/p>\n<p>&#8211; V\u00e4yl\u00e4st\u00e4 on aiemminkin tehty selvityksi\u00e4, mutta t\u00e4ss\u00e4 j\u00e4rjestelm\u00e4analyysissa tarkastellaan kattavasti koko v\u00e4yl\u00e4n infrastruktuuria kaikissa kolmessa maassa. Lis\u00e4ksi analyysissa selvitet\u00e4\u00e4n, miten toteutetut investoinnit vaikuttavat j\u00e4rjestelm\u00e4\u00e4n. Analyysin tuottaman tietopankin kelpoisuusajaksi arvioidaan noin viisi vuotta. Saamme sen avulla koosteen kaikesta virallisesta v\u00e4yl\u00e4n kattavasta tiedosta sek\u00e4 kokonaisuuden, jota voimme hy\u00f6dynt\u00e4\u00e4 usean vuoden ajan.<\/p>\n<p><img decoding=\"async\" class=\"alignnone size-full wp-image-8908\" src=\"https:\/\/www.kvarken.org\/wp-content\/uploads\/2021\/03\/resizedimage580392-IMG-3372.jpg\" alt=\"\" width=\"580\" height=\"392\" srcset=\"https:\/\/www.kvarken.org\/wp-content\/uploads\/2021\/03\/resizedimage580392-IMG-3372.jpg 580w, https:\/\/www.kvarken.org\/wp-content\/uploads\/2021\/03\/resizedimage580392-IMG-3372-480x324.jpg 480w\" sizes=\"(min-width: 0px) and (max-width: 480px) 480px, (min-width: 481px) 580px, 100vw\" \/><\/p>\n<p><em>Lars Br\u00fcmmer, Ramboll,\u00a0havainnollisti E12-v\u00e4yl\u00e4n nykytilannetta<\/em><\/p>\n<p>Ramboll havainnollisti ensimm\u00e4isen\u00e4 kokousp\u00e4iv\u00e4n\u00e4 koko E12-v\u00e4yl\u00e4n nykytilannetta erilaisten karttojen avulla, jotka her\u00e4ttiv\u00e4t my\u00f6hemmin keskustelua mm. teiden ja rautateiden tavara- ja henkil\u00f6liikenteest\u00e4, matka- ja kuljetusketjuista, toimivista ty\u00f6markkinoista sek\u00e4 sukkulointialueista. Osallistujat halusivat erityisesti tiet\u00e4\u00e4, olivatko aineistot ty\u00f6ryhm\u00e4n mielest\u00e4 luotettavia ja olivatko konsultit p\u00e4\u00e4sseet k\u00e4siksi parhaaseen tietoon.<\/p>\n<p>&#8211;\u00a0Hankkeen tavoitteena ja samalla sen haasteena on luoda kattava perusta eli virallisen tiedon kokoelma, jota voidaan k\u00e4ytt\u00e4\u00e4 Liikenneviraston ty\u00f6n helpottamiseksi ja poliittisen p\u00e4\u00e4t\u00f6ksenteon perustana. T\u00e4llainen kokonaisuus havainnollistaa kumppaneiden yhteisty\u00f6toiveita ja asioita, joiden he toivovat saavan huomiota hankkeen puitteissa kehitett\u00e4v\u00e4ss\u00e4 liikennestrategiassa, Forsgren tiivist\u00e4\u00e4.<\/p>\n<p>Ramboll t\u00e4ydent\u00e4\u00e4 kartta-aineistoa workshopin keskustelujen perusteella ja on kiitollinen kaikista vinkeist\u00e4, jotka koskevat aiemmin toteutettuja analyyseja.<\/p>\n<p>&#8211;\u00a0Toivomme, ett\u00e4 mahdollisimman moni p\u00e4\u00e4see paikalle seuraavaankin ty\u00f6kokoukseen, jossa on tavoitteena p\u00e4\u00e4st\u00e4 yhteisymm\u00e4rrykseen E12-v\u00e4yl\u00e4n kuljetusj\u00e4rjestelm\u00e4n yhteisist\u00e4 tavoitteista, M\u00e5tts-Frans\u00e9n lis\u00e4\u00e4<\/p>\n<p><strong>Seuraava ty\u00f6kokous j\u00e4rjestet\u00e4\u00e4n tiistaina 29. marraskuuta Lyckseless\u00e4, Ruotsissa.<\/strong> Kokouksessa k\u00e4sitell\u00e4\u00e4n E12-v\u00e4yl\u00e4n kuljetusj\u00e4rjestelm\u00e4n yhteisi\u00e4 tavoitteita ja osatavoitteita. Osallistujat keskustelevat esim. alueellisista kehityskohteista (kansallisista ja paikallisista), yhteisest\u00e4 visiosta, maantieteellisesti t\u00e4rkeist\u00e4 kohdepisteist\u00e4 sek\u00e4 infrastruktuurin laatutavoitteista. N\u00e4m\u00e4 aiheet luokitellaan j\u00e4lkik\u00e4teen ja muunnetaan mitattavaan muotoon indikaattoreiden avulla.<\/p>\n<p><strong>Haluatko tiet\u00e4\u00e4 lis\u00e4\u00e4 j\u00e4rjestelm\u00e4analyysista sek\u00e4 sen prosessista, edellytyksist\u00e4 ja rakenteesta? Lue lis\u00e4\u00e4 Liikenneviraston seudullisia j\u00e4rjestelm\u00e4analyyseja koskevasta ohjeistuksesta\u00a0<a href=\"http:\/\/www.trafikverket.se\/contentassets\/30e13714e54141f8bf70148b6257a7b8\/vagledning_regional_systemanalys_hoguppl.pdf\" target=\"_blank\" rel=\"noopener\">T\u00c4ST\u00c4<\/a>\u00a0(ruotsiksi)<\/strong><\/p>\n<p><img decoding=\"async\" class=\"alignnone size-full wp-image-8905\" src=\"https:\/\/www.kvarken.org\/wp-content\/uploads\/2021\/03\/resizedimage417283-IMG-3332.jpg\" alt=\"\" width=\"417\" height=\"283\" srcset=\"https:\/\/www.kvarken.org\/wp-content\/uploads\/2021\/03\/resizedimage417283-IMG-3332.jpg 417w, https:\/\/www.kvarken.org\/wp-content\/uploads\/2021\/03\/resizedimage417283-IMG-3332-300x204.jpg 300w, https:\/\/www.kvarken.org\/wp-content\/uploads\/2021\/03\/resizedimage417283-IMG-3332-400x271.jpg 400w\" sizes=\"(max-width: 417px) 100vw, 417px\" \/><img decoding=\"async\" class=\"alignnone size-full wp-image-8902\" src=\"https:\/\/www.kvarken.org\/wp-content\/uploads\/2021\/03\/resizedimage415283-IMG-3341.jpg\" alt=\"\" width=\"415\" height=\"283\" srcset=\"https:\/\/www.kvarken.org\/wp-content\/uploads\/2021\/03\/resizedimage415283-IMG-3341.jpg 415w, https:\/\/www.kvarken.org\/wp-content\/uploads\/2021\/03\/resizedimage415283-IMG-3341-300x205.jpg 300w, https:\/\/www.kvarken.org\/wp-content\/uploads\/2021\/03\/resizedimage415283-IMG-3341-400x273.jpg 400w\" sizes=\"(max-width: 415px) 100vw, 415px\" \/> <img decoding=\"async\" class=\"alignnone size-medium wp-image-7620\" src=\"https:\/\/www.kvarken.org\/wp-content\/uploads\/2021\/01\/Intrerreg-BA-ENG-CMYK-300x85.jpg\" alt=\"Finansi\u00e4r Interreg Botnia-Atlanticas logoyp\" width=\"300\" height=\"85\" \/><\/p>\n<p><em>E12 Atlantica Transport &#8211; E12-liikennek\u00e4yt\u00e4v\u00e4n varrella vaikuttavien suomalaisten, ruotsalaisten ja norjalaisten kumppaneiden yhteisty\u00f6hanke, joka keskittyy toimivaan rahdin ja matkustajien kuljetusv\u00e4yl\u00e4\u00e4n, yhteisiin valtionrajat ylitt\u00e4vien strategioiden suunnittelun sek\u00e4 tulevaisuuden yhteisty\u00f6muotoihin.<\/em><\/p>\n<p><em>Hankkeen E12 Atlantica Transport kumppanit<\/em><br \/><em>Merenkurkun neuvosto (Lead Part, FI), MidtSkandia (NO), Bl\u00e5 V\u00e4gen (SE) Region V\u00e4sterbotten (SE), Pohjanmaan liitt (FI), Nordland fylkeskommune (NO), Vaasanseudun Kehitys OY VASEK (FI), Uumajan kunta (SE), V\u00e4nn\u00e4sin kunta (SE), Vindelnin kunta (SE), Lyckselen kunta (SE), Storumanin kunta (SE), Infrastruktur i Ume\u00e5 AB INAB (SE), Rana Utviklingsselskap AS (NO), Ranan kunta (NO), Polarcirkeln lyfthavnsutvikling (NO), Mo i Rana Havn (NO), Mo Industripark AS (NO), Alastahaug havnevesen KF (NO), Helgeland Havn IKS (NO)<\/em><\/p>\n","protected":false},"excerpt":{"rendered":"<p>J\u00e4rjestelm\u00e4analyysia k\u00e4ytet\u00e4\u00e4n seudullisen infrastruktuurisuunnittelun tietopohjana. Analyysi perustuu nykytilan analyysiin, jossa selvityksen kohteena ovat esim. tavaravirrat, sukkulointi, satamalaitureilla k\u00e4sitelt\u00e4v\u00e4t tavaram\u00e4\u00e4r\u00e4t ja rautateiden nopeustasot. <\/p>\n","protected":false},"author":2,"featured_media":8899,"comment_status":"open","ping_status":"open","sticky":false,"template":"","format":"standard","meta":{"_acf_changed":false,"_et_pb_use_builder":"","_et_pb_old_content":"","_et_gb_content_width":"","footnotes":""},"categories":[13],"tags":[],"amnen":[56,86],"class_list":["post-8922","post","type-post","status-publish","format-standard","has-post-thumbnail","hentry","category-uncategorized-fi","amnen-infrastruktuuri","amnen-yhteistyomuodot-fi"],"acf":[],"yoast_head":"<!-- This site is optimized with the Yoast SEO plugin v27.4 - https:\/\/yoast.com\/product\/yoast-seo-wordpress\/ -->\n<title>Kumppanit laatimassa E12-v\u00e4yl\u00e4n valtionrajat ylitt\u00e4v\u00e4\u00e4 analyysia - Kvarkenr\u00e5det<\/title>\n<meta name=\"robots\" content=\"index, follow, max-snippet:-1, max-image-preview:large, max-video-preview:-1\" \/>\n<link rel=\"canonical\" href=\"https:\/\/www.kvarken.org\/fi\/kumppanit-laatimassa-e12-vaylan-valtionrajat-ylittavaa-analyysia\/\" \/>\n<meta property=\"og:locale\" content=\"fi_FI\" \/>\n<meta property=\"og:type\" content=\"article\" \/>\n<meta property=\"og:title\" content=\"Kumppanit laatimassa E12-v\u00e4yl\u00e4n valtionrajat ylitt\u00e4v\u00e4\u00e4 analyysia - Kvarkenr\u00e5det\" \/>\n<meta property=\"og:description\" content=\"J\u00e4rjestelm\u00e4analyysia k\u00e4ytet\u00e4\u00e4n seudullisen infrastruktuurisuunnittelun tietopohjana. Analyysi perustuu nykytilan analyysiin, jossa selvityksen kohteena ovat esim. tavaravirrat, sukkulointi, satamalaitureilla k\u00e4sitelt\u00e4v\u00e4t tavaram\u00e4\u00e4r\u00e4t ja rautateiden nopeustasot.\" \/>\n<meta property=\"og:url\" content=\"https:\/\/www.kvarken.org\/fi\/kumppanit-laatimassa-e12-vaylan-valtionrajat-ylittavaa-analyysia\/\" \/>\n<meta property=\"og:site_name\" content=\"Kvarkenr\u00e5det\" \/>\n<meta property=\"article:published_time\" content=\"2016-11-01T09:31:42+00:00\" \/>\n<meta property=\"og:image\" content=\"https:\/\/www.kvarken.org\/wp-content\/uploads\/2021\/03\/resizedimage409273-IMG-3378.jpg\" \/>\n\t<meta property=\"og:image:width\" content=\"409\" \/>\n\t<meta property=\"og:image:height\" content=\"273\" \/>\n\t<meta property=\"og:image:type\" content=\"image\/jpeg\" \/>\n<meta name=\"author\" content=\"jokommunikation_agency\" \/>\n<meta name=\"twitter:card\" content=\"summary_large_image\" \/>\n<meta name=\"twitter:label1\" content=\"Kirjoittanut\" \/>\n\t<meta name=\"twitter:data1\" content=\"jokommunikation_agency\" \/>\n\t<meta name=\"twitter:label2\" content=\"Arvioitu lukuaika\" \/>\n\t<meta name=\"twitter:data2\" content=\"3 minuuttia\" \/>\n<script type=\"application\/ld+json\" class=\"yoast-schema-graph\">{\"@context\":\"https:\\\/\\\/schema.org\",\"@graph\":[{\"@type\":\"Article\",\"@id\":\"https:\\\/\\\/www.kvarken.org\\\/fi\\\/kumppanit-laatimassa-e12-vaylan-valtionrajat-ylittavaa-analyysia\\\/#article\",\"isPartOf\":{\"@id\":\"https:\\\/\\\/www.kvarken.org\\\/fi\\\/kumppanit-laatimassa-e12-vaylan-valtionrajat-ylittavaa-analyysia\\\/\"},\"author\":{\"name\":\"jokommunikation_agency\",\"@id\":\"https:\\\/\\\/www.kvarken.org\\\/fi\\\/#\\\/schema\\\/person\\\/c0191caa861afff47bc50292a6905da2\"},\"headline\":\"Kumppanit laatimassa E12-v\u00e4yl\u00e4n valtionrajat ylitt\u00e4v\u00e4\u00e4 analyysia\",\"datePublished\":\"2016-11-01T09:31:42+00:00\",\"mainEntityOfPage\":{\"@id\":\"https:\\\/\\\/www.kvarken.org\\\/fi\\\/kumppanit-laatimassa-e12-vaylan-valtionrajat-ylittavaa-analyysia\\\/\"},\"wordCount\":624,\"commentCount\":0,\"image\":{\"@id\":\"https:\\\/\\\/www.kvarken.org\\\/fi\\\/kumppanit-laatimassa-e12-vaylan-valtionrajat-ylittavaa-analyysia\\\/#primaryimage\"},\"thumbnailUrl\":\"https:\\\/\\\/www.kvarken.org\\\/wp-content\\\/uploads\\\/2021\\\/03\\\/resizedimage409273-IMG-3378.jpg\",\"articleSection\":[\"Uncategorized @fi\"],\"inLanguage\":\"fi\",\"potentialAction\":[{\"@type\":\"CommentAction\",\"name\":\"Comment\",\"target\":[\"https:\\\/\\\/www.kvarken.org\\\/fi\\\/kumppanit-laatimassa-e12-vaylan-valtionrajat-ylittavaa-analyysia\\\/#respond\"]}]},{\"@type\":\"WebPage\",\"@id\":\"https:\\\/\\\/www.kvarken.org\\\/fi\\\/kumppanit-laatimassa-e12-vaylan-valtionrajat-ylittavaa-analyysia\\\/\",\"url\":\"https:\\\/\\\/www.kvarken.org\\\/fi\\\/kumppanit-laatimassa-e12-vaylan-valtionrajat-ylittavaa-analyysia\\\/\",\"name\":\"Kumppanit laatimassa E12-v\u00e4yl\u00e4n valtionrajat ylitt\u00e4v\u00e4\u00e4 analyysia - Kvarkenr\u00e5det\",\"isPartOf\":{\"@id\":\"https:\\\/\\\/www.kvarken.org\\\/fi\\\/#website\"},\"primaryImageOfPage\":{\"@id\":\"https:\\\/\\\/www.kvarken.org\\\/fi\\\/kumppanit-laatimassa-e12-vaylan-valtionrajat-ylittavaa-analyysia\\\/#primaryimage\"},\"image\":{\"@id\":\"https:\\\/\\\/www.kvarken.org\\\/fi\\\/kumppanit-laatimassa-e12-vaylan-valtionrajat-ylittavaa-analyysia\\\/#primaryimage\"},\"thumbnailUrl\":\"https:\\\/\\\/www.kvarken.org\\\/wp-content\\\/uploads\\\/2021\\\/03\\\/resizedimage409273-IMG-3378.jpg\",\"datePublished\":\"2016-11-01T09:31:42+00:00\",\"author\":{\"@id\":\"https:\\\/\\\/www.kvarken.org\\\/fi\\\/#\\\/schema\\\/person\\\/c0191caa861afff47bc50292a6905da2\"},\"breadcrumb\":{\"@id\":\"https:\\\/\\\/www.kvarken.org\\\/fi\\\/kumppanit-laatimassa-e12-vaylan-valtionrajat-ylittavaa-analyysia\\\/#breadcrumb\"},\"inLanguage\":\"fi\",\"potentialAction\":[{\"@type\":\"ReadAction\",\"target\":[\"https:\\\/\\\/www.kvarken.org\\\/fi\\\/kumppanit-laatimassa-e12-vaylan-valtionrajat-ylittavaa-analyysia\\\/\"]}]},{\"@type\":\"ImageObject\",\"inLanguage\":\"fi\",\"@id\":\"https:\\\/\\\/www.kvarken.org\\\/fi\\\/kumppanit-laatimassa-e12-vaylan-valtionrajat-ylittavaa-analyysia\\\/#primaryimage\",\"url\":\"https:\\\/\\\/www.kvarken.org\\\/wp-content\\\/uploads\\\/2021\\\/03\\\/resizedimage409273-IMG-3378.jpg\",\"contentUrl\":\"https:\\\/\\\/www.kvarken.org\\\/wp-content\\\/uploads\\\/2021\\\/03\\\/resizedimage409273-IMG-3378.jpg\",\"width\":409,\"height\":273},{\"@type\":\"BreadcrumbList\",\"@id\":\"https:\\\/\\\/www.kvarken.org\\\/fi\\\/kumppanit-laatimassa-e12-vaylan-valtionrajat-ylittavaa-analyysia\\\/#breadcrumb\",\"itemListElement\":[{\"@type\":\"ListItem\",\"position\":1,\"name\":\"Hem\",\"item\":\"https:\\\/\\\/www.kvarken.org\\\/fi\\\/\"},{\"@type\":\"ListItem\",\"position\":2,\"name\":\"Kumppanit laatimassa E12-v\u00e4yl\u00e4n valtionrajat ylitt\u00e4v\u00e4\u00e4 analyysia\"}]},{\"@type\":\"WebSite\",\"@id\":\"https:\\\/\\\/www.kvarken.org\\\/fi\\\/#website\",\"url\":\"https:\\\/\\\/www.kvarken.org\\\/fi\\\/\",\"name\":\"Kvarkenr\u00e5det\",\"description\":\"\",\"potentialAction\":[{\"@type\":\"SearchAction\",\"target\":{\"@type\":\"EntryPoint\",\"urlTemplate\":\"https:\\\/\\\/www.kvarken.org\\\/fi\\\/?s={search_term_string}\"},\"query-input\":{\"@type\":\"PropertyValueSpecification\",\"valueRequired\":true,\"valueName\":\"search_term_string\"}}],\"inLanguage\":\"fi\"},{\"@type\":\"Person\",\"@id\":\"https:\\\/\\\/www.kvarken.org\\\/fi\\\/#\\\/schema\\\/person\\\/c0191caa861afff47bc50292a6905da2\",\"name\":\"jokommunikation_agency\",\"image\":{\"@type\":\"ImageObject\",\"inLanguage\":\"fi\",\"@id\":\"https:\\\/\\\/secure.gravatar.com\\\/avatar\\\/747179557db7fa831269f4829d55b0109a7684b8dd784a3f8f606bce8610f828?s=96&d=mm&r=g\",\"url\":\"https:\\\/\\\/secure.gravatar.com\\\/avatar\\\/747179557db7fa831269f4829d55b0109a7684b8dd784a3f8f606bce8610f828?s=96&d=mm&r=g\",\"contentUrl\":\"https:\\\/\\\/secure.gravatar.com\\\/avatar\\\/747179557db7fa831269f4829d55b0109a7684b8dd784a3f8f606bce8610f828?s=96&d=mm&r=g\",\"caption\":\"jokommunikation_agency\"}}]}<\/script>\n<!-- \/ Yoast SEO plugin. -->","yoast_head_json":{"title":"Kumppanit laatimassa E12-v\u00e4yl\u00e4n valtionrajat ylitt\u00e4v\u00e4\u00e4 analyysia - Kvarkenr\u00e5det","robots":{"index":"index","follow":"follow","max-snippet":"max-snippet:-1","max-image-preview":"max-image-preview:large","max-video-preview":"max-video-preview:-1"},"canonical":"https:\/\/www.kvarken.org\/fi\/kumppanit-laatimassa-e12-vaylan-valtionrajat-ylittavaa-analyysia\/","og_locale":"fi_FI","og_type":"article","og_title":"Kumppanit laatimassa E12-v\u00e4yl\u00e4n valtionrajat ylitt\u00e4v\u00e4\u00e4 analyysia - Kvarkenr\u00e5det","og_description":"J\u00e4rjestelm\u00e4analyysia k\u00e4ytet\u00e4\u00e4n seudullisen infrastruktuurisuunnittelun tietopohjana. Analyysi perustuu nykytilan analyysiin, jossa selvityksen kohteena ovat esim. tavaravirrat, sukkulointi, satamalaitureilla k\u00e4sitelt\u00e4v\u00e4t tavaram\u00e4\u00e4r\u00e4t ja rautateiden nopeustasot.","og_url":"https:\/\/www.kvarken.org\/fi\/kumppanit-laatimassa-e12-vaylan-valtionrajat-ylittavaa-analyysia\/","og_site_name":"Kvarkenr\u00e5det","article_published_time":"2016-11-01T09:31:42+00:00","og_image":[{"width":409,"height":273,"url":"https:\/\/www.kvarken.org\/wp-content\/uploads\/2021\/03\/resizedimage409273-IMG-3378.jpg","type":"image\/jpeg"}],"author":"jokommunikation_agency","twitter_card":"summary_large_image","twitter_misc":{"Kirjoittanut":"jokommunikation_agency","Arvioitu lukuaika":"3 minuuttia"},"schema":{"@context":"https:\/\/schema.org","@graph":[{"@type":"Article","@id":"https:\/\/www.kvarken.org\/fi\/kumppanit-laatimassa-e12-vaylan-valtionrajat-ylittavaa-analyysia\/#article","isPartOf":{"@id":"https:\/\/www.kvarken.org\/fi\/kumppanit-laatimassa-e12-vaylan-valtionrajat-ylittavaa-analyysia\/"},"author":{"name":"jokommunikation_agency","@id":"https:\/\/www.kvarken.org\/fi\/#\/schema\/person\/c0191caa861afff47bc50292a6905da2"},"headline":"Kumppanit laatimassa E12-v\u00e4yl\u00e4n valtionrajat ylitt\u00e4v\u00e4\u00e4 analyysia","datePublished":"2016-11-01T09:31:42+00:00","mainEntityOfPage":{"@id":"https:\/\/www.kvarken.org\/fi\/kumppanit-laatimassa-e12-vaylan-valtionrajat-ylittavaa-analyysia\/"},"wordCount":624,"commentCount":0,"image":{"@id":"https:\/\/www.kvarken.org\/fi\/kumppanit-laatimassa-e12-vaylan-valtionrajat-ylittavaa-analyysia\/#primaryimage"},"thumbnailUrl":"https:\/\/www.kvarken.org\/wp-content\/uploads\/2021\/03\/resizedimage409273-IMG-3378.jpg","articleSection":["Uncategorized @fi"],"inLanguage":"fi","potentialAction":[{"@type":"CommentAction","name":"Comment","target":["https:\/\/www.kvarken.org\/fi\/kumppanit-laatimassa-e12-vaylan-valtionrajat-ylittavaa-analyysia\/#respond"]}]},{"@type":"WebPage","@id":"https:\/\/www.kvarken.org\/fi\/kumppanit-laatimassa-e12-vaylan-valtionrajat-ylittavaa-analyysia\/","url":"https:\/\/www.kvarken.org\/fi\/kumppanit-laatimassa-e12-vaylan-valtionrajat-ylittavaa-analyysia\/","name":"Kumppanit laatimassa E12-v\u00e4yl\u00e4n valtionrajat ylitt\u00e4v\u00e4\u00e4 analyysia - Kvarkenr\u00e5det","isPartOf":{"@id":"https:\/\/www.kvarken.org\/fi\/#website"},"primaryImageOfPage":{"@id":"https:\/\/www.kvarken.org\/fi\/kumppanit-laatimassa-e12-vaylan-valtionrajat-ylittavaa-analyysia\/#primaryimage"},"image":{"@id":"https:\/\/www.kvarken.org\/fi\/kumppanit-laatimassa-e12-vaylan-valtionrajat-ylittavaa-analyysia\/#primaryimage"},"thumbnailUrl":"https:\/\/www.kvarken.org\/wp-content\/uploads\/2021\/03\/resizedimage409273-IMG-3378.jpg","datePublished":"2016-11-01T09:31:42+00:00","author":{"@id":"https:\/\/www.kvarken.org\/fi\/#\/schema\/person\/c0191caa861afff47bc50292a6905da2"},"breadcrumb":{"@id":"https:\/\/www.kvarken.org\/fi\/kumppanit-laatimassa-e12-vaylan-valtionrajat-ylittavaa-analyysia\/#breadcrumb"},"inLanguage":"fi","potentialAction":[{"@type":"ReadAction","target":["https:\/\/www.kvarken.org\/fi\/kumppanit-laatimassa-e12-vaylan-valtionrajat-ylittavaa-analyysia\/"]}]},{"@type":"ImageObject","inLanguage":"fi","@id":"https:\/\/www.kvarken.org\/fi\/kumppanit-laatimassa-e12-vaylan-valtionrajat-ylittavaa-analyysia\/#primaryimage","url":"https:\/\/www.kvarken.org\/wp-content\/uploads\/2021\/03\/resizedimage409273-IMG-3378.jpg","contentUrl":"https:\/\/www.kvarken.org\/wp-content\/uploads\/2021\/03\/resizedimage409273-IMG-3378.jpg","width":409,"height":273},{"@type":"BreadcrumbList","@id":"https:\/\/www.kvarken.org\/fi\/kumppanit-laatimassa-e12-vaylan-valtionrajat-ylittavaa-analyysia\/#breadcrumb","itemListElement":[{"@type":"ListItem","position":1,"name":"Hem","item":"https:\/\/www.kvarken.org\/fi\/"},{"@type":"ListItem","position":2,"name":"Kumppanit laatimassa E12-v\u00e4yl\u00e4n valtionrajat ylitt\u00e4v\u00e4\u00e4 analyysia"}]},{"@type":"WebSite","@id":"https:\/\/www.kvarken.org\/fi\/#website","url":"https:\/\/www.kvarken.org\/fi\/","name":"Kvarkenr\u00e5det","description":"","potentialAction":[{"@type":"SearchAction","target":{"@type":"EntryPoint","urlTemplate":"https:\/\/www.kvarken.org\/fi\/?s={search_term_string}"},"query-input":{"@type":"PropertyValueSpecification","valueRequired":true,"valueName":"search_term_string"}}],"inLanguage":"fi"},{"@type":"Person","@id":"https:\/\/www.kvarken.org\/fi\/#\/schema\/person\/c0191caa861afff47bc50292a6905da2","name":"jokommunikation_agency","image":{"@type":"ImageObject","inLanguage":"fi","@id":"https:\/\/secure.gravatar.com\/avatar\/747179557db7fa831269f4829d55b0109a7684b8dd784a3f8f606bce8610f828?s=96&d=mm&r=g","url":"https:\/\/secure.gravatar.com\/avatar\/747179557db7fa831269f4829d55b0109a7684b8dd784a3f8f606bce8610f828?s=96&d=mm&r=g","contentUrl":"https:\/\/secure.gravatar.com\/avatar\/747179557db7fa831269f4829d55b0109a7684b8dd784a3f8f606bce8610f828?s=96&d=mm&r=g","caption":"jokommunikation_agency"}}]}},"_links":{"self":[{"href":"https:\/\/www.kvarken.org\/fi\/wp-json\/wp\/v2\/posts\/8922","targetHints":{"allow":["GET"]}}],"collection":[{"href":"https:\/\/www.kvarken.org\/fi\/wp-json\/wp\/v2\/posts"}],"about":[{"href":"https:\/\/www.kvarken.org\/fi\/wp-json\/wp\/v2\/types\/post"}],"author":[{"embeddable":true,"href":"https:\/\/www.kvarken.org\/fi\/wp-json\/wp\/v2\/users\/2"}],"replies":[{"embeddable":true,"href":"https:\/\/www.kvarken.org\/fi\/wp-json\/wp\/v2\/comments?post=8922"}],"version-history":[{"count":0,"href":"https:\/\/www.kvarken.org\/fi\/wp-json\/wp\/v2\/posts\/8922\/revisions"}],"wp:featuredmedia":[{"embeddable":true,"href":"https:\/\/www.kvarken.org\/fi\/wp-json\/wp\/v2\/media\/8899"}],"wp:attachment":[{"href":"https:\/\/www.kvarken.org\/fi\/wp-json\/wp\/v2\/media?parent=8922"}],"wp:term":[{"taxonomy":"category","embeddable":true,"href":"https:\/\/www.kvarken.org\/fi\/wp-json\/wp\/v2\/categories?post=8922"},{"taxonomy":"post_tag","embeddable":true,"href":"https:\/\/www.kvarken.org\/fi\/wp-json\/wp\/v2\/tags?post=8922"},{"taxonomy":"amnen","embeddable":true,"href":"https:\/\/www.kvarken.org\/fi\/wp-json\/wp\/v2\/amnen?post=8922"}],"curies":[{"name":"wp","href":"https:\/\/api.w.org\/{rel}","templated":true}]}}