{"id":8935,"date":"2019-09-09T09:04:37","date_gmt":"2019-09-09T09:04:37","guid":{"rendered":"https:\/\/kvarken.org\/merenkurkkuun-kaavaillaan-uutta-lippulaivahanketta\/"},"modified":"2021-03-10T10:11:07","modified_gmt":"2021-03-10T10:11:07","slug":"merenkurkkuun-kaavaillaan-uutta-lippulaivahanketta","status":"publish","type":"post","link":"https:\/\/www.kvarken.org\/fi\/merenkurkkuun-kaavaillaan-uutta-lippulaivahanketta\/","title":{"rendered":"Merenkurkkuun kaavaillaan uutta lippulaivahanketta"},"content":{"rendered":"<p><strong>S\u00c4HK\u00d6K\u00c4YTT\u00d6ISTEN LENTOKONEIDEN MAHDOLLISUUKSIA KARTOITETAAN<\/strong><\/p>\n<p><img decoding=\"async\" class=\"size-medium wp-image-7556 alignnone\" src=\"https:\/\/www.kvarken.org\/wp-content\/uploads\/2021\/02\/1_resizedimage600399-20190910-lentotilaisuus-tiny-300x200.jpg\" alt=\"\" width=\"300\" height=\"200\" \/><\/p>\n<p><em><strong>Jarl Sundqvist<\/strong>, Concordian toimitusjohtaja,\u00a0<strong>Mathias Lindstr\u00f6m<\/strong>, Merenkurkun neuvoston johtaja\u00a0ja<strong>\u00a0Joakim Strand<\/strong>, kansanedustaja ja Merenkurkun neuvoston puheenjohtaja, kertoivat hankeideasta, hankkeen seuraavista vaiheista ja sen seudulle luomista mahdollisuuksista 10.9.2019 j\u00e4rjestetyss\u00e4 lehdist\u00f6infossa.<\/em><\/p>\n<p><em><strong>Merenkurkun neuvosto on yhdess\u00e4 laajan sidosryhm\u00e4verkoston kanssa j\u00e4tt\u00e4nyt rahoitushakemuksen tehd\u00e4kseen esiselvityksen alueellisten s\u00e4hk\u00f6k\u00e4ytt\u00f6isten lentokoneiden kehitysvaikutuksista.<\/strong><\/em><\/p>\n<p>Esiselvityshakemus j\u00e4tettiin elokuussa. Esiselvityksen tavoitteena on kehitt\u00e4\u00e4 kumppanuuden hankeideaa alueellisesta lentoliikenteest\u00e4 s\u00e4hk\u00f6k\u00e4ytt\u00f6isill\u00e4 lentokoneilla, rakentaa kumppanuutta hankeidean ymp\u00e4rille ja kirjoittaa varsinainen hankehakemus. Hankehakemuksen painopiste tulee olemaan selvitys siit\u00e4, mit\u00e4 alueellisia vaikutuksia s\u00e4hk\u00f6lentokoneet luovat ja kuinka seutu voi n\u00e4it\u00e4 hy\u00f6dynt\u00e4\u00e4. Hankkeessa on my\u00f6s tarpeen selvitt\u00e4\u00e4, miten alueen lentoasemainfrastruktuuria ja mahdollisesti s\u00e4hk\u00f6infrastruktuuria on kehitett\u00e4v\u00e4 tukemaan alueellista s\u00e4hk\u00f6ist\u00e4 lentoliikennett\u00e4.<\/p>\n<p>\u2013 Merenkurkun alueen yritykset investoivat mittavasti, laiva ja EAYY ovat kunnossa, me-henki ja halu uudistaa, testata ja yhdess\u00e4 luoda vahva alue ovat asioita, jotka saavat meid\u00e4t tekem\u00e4\u00e4n parhaamme. Lis\u00e4ksi hankeidea noudattaa t\u00e4ysin yhteist\u00e4 rajat ylitt\u00e4v\u00e4\u00e4 liikennestrategiaamme. S\u00e4hk\u00f6lentokonehanke vahvistaa energiaklustereitamme ja sopii alueellemme kuin nyrkki silm\u00e4\u00e4n, kertoo\u00a0<strong>Joakim Strand<\/strong>, kansanedustaja ja Merenkurkun neuvoston puheenjohtaja.<\/p>\n<p>S\u00e4hk\u00f6lentokoneet voivat mahdollistaa uusia alueellisia lentoreittej\u00e4, vaikuttaa seudun kehitykseen ja luo Merenkurkun alueen lentoasemille uusia kehitysmahdollisuuksia.<\/p>\n<p>\u2013 Seutumme toimijat ovat osoittaneet suurta kiinnostusta osallistua hankkeeseen ja olemme valmiita tekem\u00e4\u00e4n t\u00e4st\u00e4 seuraavan lippulaivahankkeen. S\u00e4hk\u00f6lentokoneiden nykyinen arvioitu toimintas\u00e4de ja toiminta sopii hyvin maantieteellisesti pitk\u00e4nomaiselle alueellemme ja voisi dramaattisesti v\u00e4hent\u00e4\u00e4 alueen solmukohtien v\u00e4list\u00e4 matka-aikaa, luoda paremman perustan alueen liike-, kulttuuriel\u00e4m\u00e4lle ja julkiselle yhteisty\u00f6lle, jatkaa\u00a0<strong>Mathias Lindstr\u00f6m<\/strong>, Merenkurkun neuvoston johtaja.<\/p>\n<p>\u2013 Kerrankin Merenkurkun alueen solmukohtien et\u00e4isyys on ehdottoman t\u00e4ydellinen. Meill\u00e4 on mahdollisuus t\u00e4ydent\u00e4\u00e4 olemassa olevia yhteyksi\u00e4 alueen sis\u00e4isill\u00e4 uusilla, lyhyill\u00e4 ja tehokkailla yhteyksill\u00e4. Toivomme, ett\u00e4 voimme j\u00e4tt\u00e4\u00e4 varsinaisen hakemuksen jo vuoden 2020 alussa ja tehd\u00e4 Merenkurkun alueesta s\u00e4hk\u00f6lentokoneiden koealustan.<\/p>\n<p><img decoding=\"async\" class=\"size-medium wp-image-7529 alignnone\" src=\"https:\/\/www.kvarken.org\/wp-content\/uploads\/2021\/02\/resizedimage34998-Intrerreg-BA-ENG-RGB2-300x84.png\" alt=\"\" width=\"300\" height=\"84\" \/><\/p>\n<p><strong>S\u00c4HK\u00d6LENTO FAKTOJA:<\/strong><\/p>\n<p>S\u00e4hk\u00f6lentokoneet vastaavat ilmailualan kolmeen suureen haasteeseen; ilmasto, talous ja saavutettavuus.<\/p>\n<p><strong>Ilmasto ja ymp\u00e4rist\u00f6<br \/>\n<\/strong>Ei toiminnallisia p\u00e4\u00e4st\u00f6j\u00e4<br \/>\n50% alhaisempi melu<\/p>\n<p><strong>Talous<br \/>\n<\/strong>75\u201380% alhaisemmat polttoainekulut<br \/>\n50% pienemm\u00e4t yll\u00e4pitokustannukset<br \/>\nPienemmill\u00e4 20 paikkaisilla s\u00e4hk\u00f6koneilla on samat kustannukset matkustajaa kohti kuin nykyisiss\u00e4 150 paikkaisissa.<\/p>\n<p><strong>Saavutettavuus<br \/>\n<\/strong>fairKannattavuus harvemmin liikenn\u00f6idyill\u00e4 reiteill\u00e4<br \/>\nUudet mahdollisuudet alueelliselle lentoliikenteelle<\/p>\n","protected":false},"excerpt":{"rendered":"<p>Merenkurkun neuvosto on yhdess\u00e4 laajan sidosryhm\u00e4verkoston kanssa j\u00e4tt\u00e4nyt rahoitushakemuksen tehd\u00e4kseen esiselvityksen alueellisten s\u00e4hk\u00f6k\u00e4ytt\u00f6isten lentokoneiden kehitysvaikutuksista.<\/p>\n","protected":false},"author":2,"featured_media":7867,"comment_status":"open","ping_status":"open","sticky":false,"template":"","format":"standard","meta":{"_acf_changed":false,"_et_pb_use_builder":"","_et_pb_old_content":"","_et_gb_content_width":"","footnotes":""},"categories":[13],"tags":[],"amnen":[56,34,58],"class_list":["post-8935","post","type-post","status-publish","format-standard","has-post-thumbnail","hentry","category-uncategorized-fi","amnen-infrastruktuuri","amnen-liiketoiminta","amnen-matkailu"],"acf":[],"yoast_head":"<!-- This site is optimized with the Yoast SEO plugin v27.4 - https:\/\/yoast.com\/product\/yoast-seo-wordpress\/ -->\n<title>Merenkurkkuun kaavaillaan uutta lippulaivahanketta - Kvarkenr\u00e5det<\/title>\n<meta name=\"robots\" content=\"index, follow, max-snippet:-1, max-image-preview:large, max-video-preview:-1\" \/>\n<link rel=\"canonical\" href=\"https:\/\/www.kvarken.org\/fi\/merenkurkkuun-kaavaillaan-uutta-lippulaivahanketta\/\" \/>\n<meta property=\"og:locale\" content=\"fi_FI\" \/>\n<meta property=\"og:type\" content=\"article\" \/>\n<meta property=\"og:title\" content=\"Merenkurkkuun kaavaillaan uutta lippulaivahanketta - Kvarkenr\u00e5det\" \/>\n<meta property=\"og:description\" content=\"Merenkurkun neuvosto on yhdess\u00e4 laajan sidosryhm\u00e4verkoston kanssa j\u00e4tt\u00e4nyt rahoitushakemuksen tehd\u00e4kseen esiselvityksen alueellisten s\u00e4hk\u00f6k\u00e4ytt\u00f6isten lentokoneiden kehitysvaikutuksista.\" \/>\n<meta property=\"og:url\" content=\"https:\/\/www.kvarken.org\/fi\/merenkurkkuun-kaavaillaan-uutta-lippulaivahanketta\/\" \/>\n<meta property=\"og:site_name\" content=\"Kvarkenr\u00e5det\" \/>\n<meta property=\"article:published_time\" content=\"2019-09-09T09:04:37+00:00\" \/>\n<meta property=\"article:modified_time\" content=\"2021-03-10T10:11:07+00:00\" \/>\n<meta property=\"og:image\" content=\"https:\/\/www.kvarken.org\/wp-content\/uploads\/2021\/02\/resizedimage600399-20190910-lentotilaisuus-tiny.jpg\" \/>\n\t<meta property=\"og:image:width\" content=\"600\" \/>\n\t<meta property=\"og:image:height\" content=\"399\" \/>\n\t<meta property=\"og:image:type\" content=\"image\/jpeg\" \/>\n<meta name=\"author\" content=\"jokommunikation_agency\" \/>\n<meta name=\"twitter:card\" content=\"summary_large_image\" \/>\n<meta name=\"twitter:label1\" content=\"Kirjoittanut\" \/>\n\t<meta name=\"twitter:data1\" content=\"jokommunikation_agency\" \/>\n\t<meta name=\"twitter:label2\" content=\"Arvioitu lukuaika\" \/>\n\t<meta name=\"twitter:data2\" content=\"2 minuuttia\" \/>\n<script type=\"application\/ld+json\" class=\"yoast-schema-graph\">{\"@context\":\"https:\\\/\\\/schema.org\",\"@graph\":[{\"@type\":\"Article\",\"@id\":\"https:\\\/\\\/www.kvarken.org\\\/fi\\\/merenkurkkuun-kaavaillaan-uutta-lippulaivahanketta\\\/#article\",\"isPartOf\":{\"@id\":\"https:\\\/\\\/www.kvarken.org\\\/fi\\\/merenkurkkuun-kaavaillaan-uutta-lippulaivahanketta\\\/\"},\"author\":{\"name\":\"jokommunikation_agency\",\"@id\":\"https:\\\/\\\/www.kvarken.org\\\/fi\\\/#\\\/schema\\\/person\\\/c0191caa861afff47bc50292a6905da2\"},\"headline\":\"Merenkurkkuun kaavaillaan uutta lippulaivahanketta\",\"datePublished\":\"2019-09-09T09:04:37+00:00\",\"dateModified\":\"2021-03-10T10:11:07+00:00\",\"mainEntityOfPage\":{\"@id\":\"https:\\\/\\\/www.kvarken.org\\\/fi\\\/merenkurkkuun-kaavaillaan-uutta-lippulaivahanketta\\\/\"},\"wordCount\":378,\"commentCount\":0,\"image\":{\"@id\":\"https:\\\/\\\/www.kvarken.org\\\/fi\\\/merenkurkkuun-kaavaillaan-uutta-lippulaivahanketta\\\/#primaryimage\"},\"thumbnailUrl\":\"https:\\\/\\\/www.kvarken.org\\\/wp-content\\\/uploads\\\/2021\\\/02\\\/resizedimage600399-20190910-lentotilaisuus-tiny.jpg\",\"articleSection\":[\"Uncategorized @fi\"],\"inLanguage\":\"fi\",\"potentialAction\":[{\"@type\":\"CommentAction\",\"name\":\"Comment\",\"target\":[\"https:\\\/\\\/www.kvarken.org\\\/fi\\\/merenkurkkuun-kaavaillaan-uutta-lippulaivahanketta\\\/#respond\"]}]},{\"@type\":\"WebPage\",\"@id\":\"https:\\\/\\\/www.kvarken.org\\\/fi\\\/merenkurkkuun-kaavaillaan-uutta-lippulaivahanketta\\\/\",\"url\":\"https:\\\/\\\/www.kvarken.org\\\/fi\\\/merenkurkkuun-kaavaillaan-uutta-lippulaivahanketta\\\/\",\"name\":\"Merenkurkkuun kaavaillaan uutta lippulaivahanketta - Kvarkenr\u00e5det\",\"isPartOf\":{\"@id\":\"https:\\\/\\\/www.kvarken.org\\\/fi\\\/#website\"},\"primaryImageOfPage\":{\"@id\":\"https:\\\/\\\/www.kvarken.org\\\/fi\\\/merenkurkkuun-kaavaillaan-uutta-lippulaivahanketta\\\/#primaryimage\"},\"image\":{\"@id\":\"https:\\\/\\\/www.kvarken.org\\\/fi\\\/merenkurkkuun-kaavaillaan-uutta-lippulaivahanketta\\\/#primaryimage\"},\"thumbnailUrl\":\"https:\\\/\\\/www.kvarken.org\\\/wp-content\\\/uploads\\\/2021\\\/02\\\/resizedimage600399-20190910-lentotilaisuus-tiny.jpg\",\"datePublished\":\"2019-09-09T09:04:37+00:00\",\"dateModified\":\"2021-03-10T10:11:07+00:00\",\"author\":{\"@id\":\"https:\\\/\\\/www.kvarken.org\\\/fi\\\/#\\\/schema\\\/person\\\/c0191caa861afff47bc50292a6905da2\"},\"breadcrumb\":{\"@id\":\"https:\\\/\\\/www.kvarken.org\\\/fi\\\/merenkurkkuun-kaavaillaan-uutta-lippulaivahanketta\\\/#breadcrumb\"},\"inLanguage\":\"fi\",\"potentialAction\":[{\"@type\":\"ReadAction\",\"target\":[\"https:\\\/\\\/www.kvarken.org\\\/fi\\\/merenkurkkuun-kaavaillaan-uutta-lippulaivahanketta\\\/\"]}]},{\"@type\":\"ImageObject\",\"inLanguage\":\"fi\",\"@id\":\"https:\\\/\\\/www.kvarken.org\\\/fi\\\/merenkurkkuun-kaavaillaan-uutta-lippulaivahanketta\\\/#primaryimage\",\"url\":\"https:\\\/\\\/www.kvarken.org\\\/wp-content\\\/uploads\\\/2021\\\/02\\\/resizedimage600399-20190910-lentotilaisuus-tiny.jpg\",\"contentUrl\":\"https:\\\/\\\/www.kvarken.org\\\/wp-content\\\/uploads\\\/2021\\\/02\\\/resizedimage600399-20190910-lentotilaisuus-tiny.jpg\",\"width\":600,\"height\":399},{\"@type\":\"BreadcrumbList\",\"@id\":\"https:\\\/\\\/www.kvarken.org\\\/fi\\\/merenkurkkuun-kaavaillaan-uutta-lippulaivahanketta\\\/#breadcrumb\",\"itemListElement\":[{\"@type\":\"ListItem\",\"position\":1,\"name\":\"Hem\",\"item\":\"https:\\\/\\\/www.kvarken.org\\\/fi\\\/\"},{\"@type\":\"ListItem\",\"position\":2,\"name\":\"Merenkurkkuun kaavaillaan uutta lippulaivahanketta\"}]},{\"@type\":\"WebSite\",\"@id\":\"https:\\\/\\\/www.kvarken.org\\\/fi\\\/#website\",\"url\":\"https:\\\/\\\/www.kvarken.org\\\/fi\\\/\",\"name\":\"Kvarkenr\u00e5det\",\"description\":\"\",\"potentialAction\":[{\"@type\":\"SearchAction\",\"target\":{\"@type\":\"EntryPoint\",\"urlTemplate\":\"https:\\\/\\\/www.kvarken.org\\\/fi\\\/?s={search_term_string}\"},\"query-input\":{\"@type\":\"PropertyValueSpecification\",\"valueRequired\":true,\"valueName\":\"search_term_string\"}}],\"inLanguage\":\"fi\"},{\"@type\":\"Person\",\"@id\":\"https:\\\/\\\/www.kvarken.org\\\/fi\\\/#\\\/schema\\\/person\\\/c0191caa861afff47bc50292a6905da2\",\"name\":\"jokommunikation_agency\",\"image\":{\"@type\":\"ImageObject\",\"inLanguage\":\"fi\",\"@id\":\"https:\\\/\\\/secure.gravatar.com\\\/avatar\\\/747179557db7fa831269f4829d55b0109a7684b8dd784a3f8f606bce8610f828?s=96&d=mm&r=g\",\"url\":\"https:\\\/\\\/secure.gravatar.com\\\/avatar\\\/747179557db7fa831269f4829d55b0109a7684b8dd784a3f8f606bce8610f828?s=96&d=mm&r=g\",\"contentUrl\":\"https:\\\/\\\/secure.gravatar.com\\\/avatar\\\/747179557db7fa831269f4829d55b0109a7684b8dd784a3f8f606bce8610f828?s=96&d=mm&r=g\",\"caption\":\"jokommunikation_agency\"}}]}<\/script>\n<!-- \/ Yoast SEO plugin. -->","yoast_head_json":{"title":"Merenkurkkuun kaavaillaan uutta lippulaivahanketta - Kvarkenr\u00e5det","robots":{"index":"index","follow":"follow","max-snippet":"max-snippet:-1","max-image-preview":"max-image-preview:large","max-video-preview":"max-video-preview:-1"},"canonical":"https:\/\/www.kvarken.org\/fi\/merenkurkkuun-kaavaillaan-uutta-lippulaivahanketta\/","og_locale":"fi_FI","og_type":"article","og_title":"Merenkurkkuun kaavaillaan uutta lippulaivahanketta - Kvarkenr\u00e5det","og_description":"Merenkurkun neuvosto on yhdess\u00e4 laajan sidosryhm\u00e4verkoston kanssa j\u00e4tt\u00e4nyt rahoitushakemuksen tehd\u00e4kseen esiselvityksen alueellisten s\u00e4hk\u00f6k\u00e4ytt\u00f6isten lentokoneiden kehitysvaikutuksista.","og_url":"https:\/\/www.kvarken.org\/fi\/merenkurkkuun-kaavaillaan-uutta-lippulaivahanketta\/","og_site_name":"Kvarkenr\u00e5det","article_published_time":"2019-09-09T09:04:37+00:00","article_modified_time":"2021-03-10T10:11:07+00:00","og_image":[{"width":600,"height":399,"url":"https:\/\/www.kvarken.org\/wp-content\/uploads\/2021\/02\/resizedimage600399-20190910-lentotilaisuus-tiny.jpg","type":"image\/jpeg"}],"author":"jokommunikation_agency","twitter_card":"summary_large_image","twitter_misc":{"Kirjoittanut":"jokommunikation_agency","Arvioitu lukuaika":"2 minuuttia"},"schema":{"@context":"https:\/\/schema.org","@graph":[{"@type":"Article","@id":"https:\/\/www.kvarken.org\/fi\/merenkurkkuun-kaavaillaan-uutta-lippulaivahanketta\/#article","isPartOf":{"@id":"https:\/\/www.kvarken.org\/fi\/merenkurkkuun-kaavaillaan-uutta-lippulaivahanketta\/"},"author":{"name":"jokommunikation_agency","@id":"https:\/\/www.kvarken.org\/fi\/#\/schema\/person\/c0191caa861afff47bc50292a6905da2"},"headline":"Merenkurkkuun kaavaillaan uutta lippulaivahanketta","datePublished":"2019-09-09T09:04:37+00:00","dateModified":"2021-03-10T10:11:07+00:00","mainEntityOfPage":{"@id":"https:\/\/www.kvarken.org\/fi\/merenkurkkuun-kaavaillaan-uutta-lippulaivahanketta\/"},"wordCount":378,"commentCount":0,"image":{"@id":"https:\/\/www.kvarken.org\/fi\/merenkurkkuun-kaavaillaan-uutta-lippulaivahanketta\/#primaryimage"},"thumbnailUrl":"https:\/\/www.kvarken.org\/wp-content\/uploads\/2021\/02\/resizedimage600399-20190910-lentotilaisuus-tiny.jpg","articleSection":["Uncategorized @fi"],"inLanguage":"fi","potentialAction":[{"@type":"CommentAction","name":"Comment","target":["https:\/\/www.kvarken.org\/fi\/merenkurkkuun-kaavaillaan-uutta-lippulaivahanketta\/#respond"]}]},{"@type":"WebPage","@id":"https:\/\/www.kvarken.org\/fi\/merenkurkkuun-kaavaillaan-uutta-lippulaivahanketta\/","url":"https:\/\/www.kvarken.org\/fi\/merenkurkkuun-kaavaillaan-uutta-lippulaivahanketta\/","name":"Merenkurkkuun kaavaillaan uutta lippulaivahanketta - Kvarkenr\u00e5det","isPartOf":{"@id":"https:\/\/www.kvarken.org\/fi\/#website"},"primaryImageOfPage":{"@id":"https:\/\/www.kvarken.org\/fi\/merenkurkkuun-kaavaillaan-uutta-lippulaivahanketta\/#primaryimage"},"image":{"@id":"https:\/\/www.kvarken.org\/fi\/merenkurkkuun-kaavaillaan-uutta-lippulaivahanketta\/#primaryimage"},"thumbnailUrl":"https:\/\/www.kvarken.org\/wp-content\/uploads\/2021\/02\/resizedimage600399-20190910-lentotilaisuus-tiny.jpg","datePublished":"2019-09-09T09:04:37+00:00","dateModified":"2021-03-10T10:11:07+00:00","author":{"@id":"https:\/\/www.kvarken.org\/fi\/#\/schema\/person\/c0191caa861afff47bc50292a6905da2"},"breadcrumb":{"@id":"https:\/\/www.kvarken.org\/fi\/merenkurkkuun-kaavaillaan-uutta-lippulaivahanketta\/#breadcrumb"},"inLanguage":"fi","potentialAction":[{"@type":"ReadAction","target":["https:\/\/www.kvarken.org\/fi\/merenkurkkuun-kaavaillaan-uutta-lippulaivahanketta\/"]}]},{"@type":"ImageObject","inLanguage":"fi","@id":"https:\/\/www.kvarken.org\/fi\/merenkurkkuun-kaavaillaan-uutta-lippulaivahanketta\/#primaryimage","url":"https:\/\/www.kvarken.org\/wp-content\/uploads\/2021\/02\/resizedimage600399-20190910-lentotilaisuus-tiny.jpg","contentUrl":"https:\/\/www.kvarken.org\/wp-content\/uploads\/2021\/02\/resizedimage600399-20190910-lentotilaisuus-tiny.jpg","width":600,"height":399},{"@type":"BreadcrumbList","@id":"https:\/\/www.kvarken.org\/fi\/merenkurkkuun-kaavaillaan-uutta-lippulaivahanketta\/#breadcrumb","itemListElement":[{"@type":"ListItem","position":1,"name":"Hem","item":"https:\/\/www.kvarken.org\/fi\/"},{"@type":"ListItem","position":2,"name":"Merenkurkkuun kaavaillaan uutta lippulaivahanketta"}]},{"@type":"WebSite","@id":"https:\/\/www.kvarken.org\/fi\/#website","url":"https:\/\/www.kvarken.org\/fi\/","name":"Kvarkenr\u00e5det","description":"","potentialAction":[{"@type":"SearchAction","target":{"@type":"EntryPoint","urlTemplate":"https:\/\/www.kvarken.org\/fi\/?s={search_term_string}"},"query-input":{"@type":"PropertyValueSpecification","valueRequired":true,"valueName":"search_term_string"}}],"inLanguage":"fi"},{"@type":"Person","@id":"https:\/\/www.kvarken.org\/fi\/#\/schema\/person\/c0191caa861afff47bc50292a6905da2","name":"jokommunikation_agency","image":{"@type":"ImageObject","inLanguage":"fi","@id":"https:\/\/secure.gravatar.com\/avatar\/747179557db7fa831269f4829d55b0109a7684b8dd784a3f8f606bce8610f828?s=96&d=mm&r=g","url":"https:\/\/secure.gravatar.com\/avatar\/747179557db7fa831269f4829d55b0109a7684b8dd784a3f8f606bce8610f828?s=96&d=mm&r=g","contentUrl":"https:\/\/secure.gravatar.com\/avatar\/747179557db7fa831269f4829d55b0109a7684b8dd784a3f8f606bce8610f828?s=96&d=mm&r=g","caption":"jokommunikation_agency"}}]}},"_links":{"self":[{"href":"https:\/\/www.kvarken.org\/fi\/wp-json\/wp\/v2\/posts\/8935","targetHints":{"allow":["GET"]}}],"collection":[{"href":"https:\/\/www.kvarken.org\/fi\/wp-json\/wp\/v2\/posts"}],"about":[{"href":"https:\/\/www.kvarken.org\/fi\/wp-json\/wp\/v2\/types\/post"}],"author":[{"embeddable":true,"href":"https:\/\/www.kvarken.org\/fi\/wp-json\/wp\/v2\/users\/2"}],"replies":[{"embeddable":true,"href":"https:\/\/www.kvarken.org\/fi\/wp-json\/wp\/v2\/comments?post=8935"}],"version-history":[{"count":0,"href":"https:\/\/www.kvarken.org\/fi\/wp-json\/wp\/v2\/posts\/8935\/revisions"}],"wp:featuredmedia":[{"embeddable":true,"href":"https:\/\/www.kvarken.org\/fi\/wp-json\/wp\/v2\/media\/7867"}],"wp:attachment":[{"href":"https:\/\/www.kvarken.org\/fi\/wp-json\/wp\/v2\/media?parent=8935"}],"wp:term":[{"taxonomy":"category","embeddable":true,"href":"https:\/\/www.kvarken.org\/fi\/wp-json\/wp\/v2\/categories?post=8935"},{"taxonomy":"post_tag","embeddable":true,"href":"https:\/\/www.kvarken.org\/fi\/wp-json\/wp\/v2\/tags?post=8935"},{"taxonomy":"amnen","embeddable":true,"href":"https:\/\/www.kvarken.org\/fi\/wp-json\/wp\/v2\/amnen?post=8935"}],"curies":[{"name":"wp","href":"https:\/\/api.w.org\/{rel}","templated":true}]}}