{"id":9001,"date":"2019-01-21T09:39:51","date_gmt":"2019-01-21T09:39:51","guid":{"rendered":"https:\/\/kvarken.org\/kvarken-link-on-allekirjoittanut-laivan-rakentamissopimuksen-rmcn-kanssa\/"},"modified":"2021-03-12T06:56:36","modified_gmt":"2021-03-12T06:56:36","slug":"kvarken-link-on-allekirjoittanut-laivan-rakentamissopimuksen-rmcn-kanssa","status":"publish","type":"post","link":"https:\/\/www.kvarken.org\/fi\/kvarken-link-on-allekirjoittanut-laivan-rakentamissopimuksen-rmcn-kanssa\/","title":{"rendered":"Kvarken Link on allekirjoittanut laivan rakentamissopimuksen RMC:n kanssa"},"content":{"rendered":"<p>Kvarken Link ja Rauma Marine Constructions ovat allekirjoittaneet laivanrakentamissopimuksen Vaasan ja Uumajan v\u00e4lille tulevasta uudesta auto- ja matkustajalautasta.<\/p>\n<p>Kvarken Linkin hallituksen puheenjohtaja, kaupunginjohtaja Tomas H\u00e4yry, antaa suuret kiitokset kaikille mukana olleille osapuolille, erityisesti ministereille, poliitikoille ja yhteisty\u00f6kumppaneille, jotka ovat mahdollistaneet t\u00e4m\u00e4n hankkeen toteutumisen.<\/p>\n<p><em>T\u00e4m\u00e4n p\u00e4\u00e4t\u00f6ksen my\u00f6t\u00e4 varmistamme liikenteen jatkuvuuden ja t\u00e4rke\u00e4n yhteyden s\u00e4ilymisen Merenkurkussa, ja voimme kehitt\u00e4\u00e4 alueitamme eteenp\u00e4in. T\u00e4m\u00e4 hanke on ollut k\u00e4ynniss\u00e4 vuodesta 2011 alkaen ja tuntuu uskomattoman hyv\u00e4lt\u00e4 vihdoinkin p\u00e4\u00e4st\u00e4 tavoitteeseen.<\/em><\/p>\n<p>Uuden lautan sopimussumma on noin 120 miljoonaa euroa. Laivassa on tilaa 800 matkustajalle ja sen rahtikapasiteetti on 1500 kaistametri\u00e4 kuorma-autoille. Merenkurkun lautta suunnitellaan ymp\u00e4rist\u00f6yst\u00e4v\u00e4lliseksi: se toimii kaksoispolttoaineratkaisulla ja p\u00e4\u00e4polttoaineena k\u00e4ytett\u00e4v\u00e4n nesteytetyn kaasun lis\u00e4ksi siin\u00e4 voidaan k\u00e4ytt\u00e4\u00e4 my\u00f6s biokaasua. Lautan j\u00e4\u00e4luokka 1A Super varmistaa sen, ett\u00e4 alus voi kulkea Merenkurkun haastavissa j\u00e4\u00e4olosuhteissa mahdollisimman itsen\u00e4isesti.<\/p>\n","protected":false},"excerpt":{"rendered":"<p>Kvarken Link ja Rauma Marine Constructions ovat allekirjoittaneet laivanrakentamissopimuksen Vaasan ja Uumajan v\u00e4lille tulevasta uudesta auto- ja matkustajalautasta.<\/p>\n","protected":false},"author":2,"featured_media":7905,"comment_status":"open","ping_status":"open","sticky":false,"template":"","format":"standard","meta":{"_acf_changed":false,"_et_pb_use_builder":"","_et_pb_old_content":"","_et_gb_content_width":"","footnotes":""},"categories":[13],"tags":[],"amnen":[56],"class_list":["post-9001","post","type-post","status-publish","format-standard","has-post-thumbnail","hentry","category-uncategorized-fi","amnen-infrastruktuuri"],"acf":[],"yoast_head":"<!-- This site is optimized with the Yoast SEO plugin v27.4 - https:\/\/yoast.com\/product\/yoast-seo-wordpress\/ -->\n<title>Kvarken Link on allekirjoittanut laivan rakentamissopimuksen RMC:n kanssa - Kvarkenr\u00e5det<\/title>\n<meta name=\"robots\" content=\"index, follow, max-snippet:-1, max-image-preview:large, max-video-preview:-1\" \/>\n<link rel=\"canonical\" href=\"https:\/\/www.kvarken.org\/fi\/kvarken-link-on-allekirjoittanut-laivan-rakentamissopimuksen-rmcn-kanssa\/\" \/>\n<meta property=\"og:locale\" content=\"fi_FI\" \/>\n<meta property=\"og:type\" content=\"article\" \/>\n<meta property=\"og:title\" content=\"Kvarken Link on allekirjoittanut laivan rakentamissopimuksen RMC:n kanssa - Kvarkenr\u00e5det\" \/>\n<meta property=\"og:description\" content=\"Kvarken Link ja Rauma Marine Constructions ovat allekirjoittaneet laivanrakentamissopimuksen Vaasan ja Uumajan v\u00e4lille tulevasta uudesta auto- ja matkustajalautasta.\" \/>\n<meta property=\"og:url\" content=\"https:\/\/www.kvarken.org\/fi\/kvarken-link-on-allekirjoittanut-laivan-rakentamissopimuksen-rmcn-kanssa\/\" \/>\n<meta property=\"og:site_name\" content=\"Kvarkenr\u00e5det\" \/>\n<meta property=\"article:published_time\" content=\"2019-01-21T09:39:51+00:00\" \/>\n<meta property=\"article:modified_time\" content=\"2021-03-12T06:56:36+00:00\" \/>\n<meta property=\"og:image\" content=\"https:\/\/www.kvarken.org\/wp-content\/uploads\/2021\/02\/resizedimage600400-autolautta3.jpg\" \/>\n\t<meta property=\"og:image:width\" content=\"600\" \/>\n\t<meta property=\"og:image:height\" content=\"400\" \/>\n\t<meta property=\"og:image:type\" content=\"image\/jpeg\" \/>\n<meta name=\"author\" content=\"jokommunikation_agency\" \/>\n<meta name=\"twitter:card\" content=\"summary_large_image\" \/>\n<meta name=\"twitter:label1\" content=\"Kirjoittanut\" \/>\n\t<meta name=\"twitter:data1\" content=\"jokommunikation_agency\" \/>\n\t<meta name=\"twitter:label2\" content=\"Arvioitu lukuaika\" \/>\n\t<meta name=\"twitter:data2\" content=\"1 minuutti\" \/>\n<script type=\"application\/ld+json\" class=\"yoast-schema-graph\">{\"@context\":\"https:\\\/\\\/schema.org\",\"@graph\":[{\"@type\":\"Article\",\"@id\":\"https:\\\/\\\/www.kvarken.org\\\/fi\\\/kvarken-link-on-allekirjoittanut-laivan-rakentamissopimuksen-rmcn-kanssa\\\/#article\",\"isPartOf\":{\"@id\":\"https:\\\/\\\/www.kvarken.org\\\/fi\\\/kvarken-link-on-allekirjoittanut-laivan-rakentamissopimuksen-rmcn-kanssa\\\/\"},\"author\":{\"name\":\"jokommunikation_agency\",\"@id\":\"https:\\\/\\\/www.kvarken.org\\\/fi\\\/#\\\/schema\\\/person\\\/c0191caa861afff47bc50292a6905da2\"},\"headline\":\"Kvarken Link on allekirjoittanut laivan rakentamissopimuksen RMC:n kanssa\",\"datePublished\":\"2019-01-21T09:39:51+00:00\",\"dateModified\":\"2021-03-12T06:56:36+00:00\",\"mainEntityOfPage\":{\"@id\":\"https:\\\/\\\/www.kvarken.org\\\/fi\\\/kvarken-link-on-allekirjoittanut-laivan-rakentamissopimuksen-rmcn-kanssa\\\/\"},\"wordCount\":164,\"commentCount\":0,\"image\":{\"@id\":\"https:\\\/\\\/www.kvarken.org\\\/fi\\\/kvarken-link-on-allekirjoittanut-laivan-rakentamissopimuksen-rmcn-kanssa\\\/#primaryimage\"},\"thumbnailUrl\":\"https:\\\/\\\/www.kvarken.org\\\/wp-content\\\/uploads\\\/2021\\\/02\\\/resizedimage600400-autolautta3.jpg\",\"articleSection\":[\"Uncategorized @fi\"],\"inLanguage\":\"fi\",\"potentialAction\":[{\"@type\":\"CommentAction\",\"name\":\"Comment\",\"target\":[\"https:\\\/\\\/www.kvarken.org\\\/fi\\\/kvarken-link-on-allekirjoittanut-laivan-rakentamissopimuksen-rmcn-kanssa\\\/#respond\"]}]},{\"@type\":\"WebPage\",\"@id\":\"https:\\\/\\\/www.kvarken.org\\\/fi\\\/kvarken-link-on-allekirjoittanut-laivan-rakentamissopimuksen-rmcn-kanssa\\\/\",\"url\":\"https:\\\/\\\/www.kvarken.org\\\/fi\\\/kvarken-link-on-allekirjoittanut-laivan-rakentamissopimuksen-rmcn-kanssa\\\/\",\"name\":\"Kvarken Link on allekirjoittanut laivan rakentamissopimuksen RMC:n kanssa - Kvarkenr\u00e5det\",\"isPartOf\":{\"@id\":\"https:\\\/\\\/www.kvarken.org\\\/fi\\\/#website\"},\"primaryImageOfPage\":{\"@id\":\"https:\\\/\\\/www.kvarken.org\\\/fi\\\/kvarken-link-on-allekirjoittanut-laivan-rakentamissopimuksen-rmcn-kanssa\\\/#primaryimage\"},\"image\":{\"@id\":\"https:\\\/\\\/www.kvarken.org\\\/fi\\\/kvarken-link-on-allekirjoittanut-laivan-rakentamissopimuksen-rmcn-kanssa\\\/#primaryimage\"},\"thumbnailUrl\":\"https:\\\/\\\/www.kvarken.org\\\/wp-content\\\/uploads\\\/2021\\\/02\\\/resizedimage600400-autolautta3.jpg\",\"datePublished\":\"2019-01-21T09:39:51+00:00\",\"dateModified\":\"2021-03-12T06:56:36+00:00\",\"author\":{\"@id\":\"https:\\\/\\\/www.kvarken.org\\\/fi\\\/#\\\/schema\\\/person\\\/c0191caa861afff47bc50292a6905da2\"},\"breadcrumb\":{\"@id\":\"https:\\\/\\\/www.kvarken.org\\\/fi\\\/kvarken-link-on-allekirjoittanut-laivan-rakentamissopimuksen-rmcn-kanssa\\\/#breadcrumb\"},\"inLanguage\":\"fi\",\"potentialAction\":[{\"@type\":\"ReadAction\",\"target\":[\"https:\\\/\\\/www.kvarken.org\\\/fi\\\/kvarken-link-on-allekirjoittanut-laivan-rakentamissopimuksen-rmcn-kanssa\\\/\"]}]},{\"@type\":\"ImageObject\",\"inLanguage\":\"fi\",\"@id\":\"https:\\\/\\\/www.kvarken.org\\\/fi\\\/kvarken-link-on-allekirjoittanut-laivan-rakentamissopimuksen-rmcn-kanssa\\\/#primaryimage\",\"url\":\"https:\\\/\\\/www.kvarken.org\\\/wp-content\\\/uploads\\\/2021\\\/02\\\/resizedimage600400-autolautta3.jpg\",\"contentUrl\":\"https:\\\/\\\/www.kvarken.org\\\/wp-content\\\/uploads\\\/2021\\\/02\\\/resizedimage600400-autolautta3.jpg\",\"width\":600,\"height\":400},{\"@type\":\"BreadcrumbList\",\"@id\":\"https:\\\/\\\/www.kvarken.org\\\/fi\\\/kvarken-link-on-allekirjoittanut-laivan-rakentamissopimuksen-rmcn-kanssa\\\/#breadcrumb\",\"itemListElement\":[{\"@type\":\"ListItem\",\"position\":1,\"name\":\"Hem\",\"item\":\"https:\\\/\\\/www.kvarken.org\\\/fi\\\/\"},{\"@type\":\"ListItem\",\"position\":2,\"name\":\"Kvarken Link on allekirjoittanut laivan rakentamissopimuksen RMC:n kanssa\"}]},{\"@type\":\"WebSite\",\"@id\":\"https:\\\/\\\/www.kvarken.org\\\/fi\\\/#website\",\"url\":\"https:\\\/\\\/www.kvarken.org\\\/fi\\\/\",\"name\":\"Kvarkenr\u00e5det\",\"description\":\"\",\"potentialAction\":[{\"@type\":\"SearchAction\",\"target\":{\"@type\":\"EntryPoint\",\"urlTemplate\":\"https:\\\/\\\/www.kvarken.org\\\/fi\\\/?s={search_term_string}\"},\"query-input\":{\"@type\":\"PropertyValueSpecification\",\"valueRequired\":true,\"valueName\":\"search_term_string\"}}],\"inLanguage\":\"fi\"},{\"@type\":\"Person\",\"@id\":\"https:\\\/\\\/www.kvarken.org\\\/fi\\\/#\\\/schema\\\/person\\\/c0191caa861afff47bc50292a6905da2\",\"name\":\"jokommunikation_agency\",\"image\":{\"@type\":\"ImageObject\",\"inLanguage\":\"fi\",\"@id\":\"https:\\\/\\\/secure.gravatar.com\\\/avatar\\\/747179557db7fa831269f4829d55b0109a7684b8dd784a3f8f606bce8610f828?s=96&d=mm&r=g\",\"url\":\"https:\\\/\\\/secure.gravatar.com\\\/avatar\\\/747179557db7fa831269f4829d55b0109a7684b8dd784a3f8f606bce8610f828?s=96&d=mm&r=g\",\"contentUrl\":\"https:\\\/\\\/secure.gravatar.com\\\/avatar\\\/747179557db7fa831269f4829d55b0109a7684b8dd784a3f8f606bce8610f828?s=96&d=mm&r=g\",\"caption\":\"jokommunikation_agency\"}}]}<\/script>\n<!-- \/ Yoast SEO plugin. -->","yoast_head_json":{"title":"Kvarken Link on allekirjoittanut laivan rakentamissopimuksen RMC:n kanssa - Kvarkenr\u00e5det","robots":{"index":"index","follow":"follow","max-snippet":"max-snippet:-1","max-image-preview":"max-image-preview:large","max-video-preview":"max-video-preview:-1"},"canonical":"https:\/\/www.kvarken.org\/fi\/kvarken-link-on-allekirjoittanut-laivan-rakentamissopimuksen-rmcn-kanssa\/","og_locale":"fi_FI","og_type":"article","og_title":"Kvarken Link on allekirjoittanut laivan rakentamissopimuksen RMC:n kanssa - Kvarkenr\u00e5det","og_description":"Kvarken Link ja Rauma Marine Constructions ovat allekirjoittaneet laivanrakentamissopimuksen Vaasan ja Uumajan v\u00e4lille tulevasta uudesta auto- ja matkustajalautasta.","og_url":"https:\/\/www.kvarken.org\/fi\/kvarken-link-on-allekirjoittanut-laivan-rakentamissopimuksen-rmcn-kanssa\/","og_site_name":"Kvarkenr\u00e5det","article_published_time":"2019-01-21T09:39:51+00:00","article_modified_time":"2021-03-12T06:56:36+00:00","og_image":[{"width":600,"height":400,"url":"https:\/\/www.kvarken.org\/wp-content\/uploads\/2021\/02\/resizedimage600400-autolautta3.jpg","type":"image\/jpeg"}],"author":"jokommunikation_agency","twitter_card":"summary_large_image","twitter_misc":{"Kirjoittanut":"jokommunikation_agency","Arvioitu lukuaika":"1 minuutti"},"schema":{"@context":"https:\/\/schema.org","@graph":[{"@type":"Article","@id":"https:\/\/www.kvarken.org\/fi\/kvarken-link-on-allekirjoittanut-laivan-rakentamissopimuksen-rmcn-kanssa\/#article","isPartOf":{"@id":"https:\/\/www.kvarken.org\/fi\/kvarken-link-on-allekirjoittanut-laivan-rakentamissopimuksen-rmcn-kanssa\/"},"author":{"name":"jokommunikation_agency","@id":"https:\/\/www.kvarken.org\/fi\/#\/schema\/person\/c0191caa861afff47bc50292a6905da2"},"headline":"Kvarken Link on allekirjoittanut laivan rakentamissopimuksen RMC:n kanssa","datePublished":"2019-01-21T09:39:51+00:00","dateModified":"2021-03-12T06:56:36+00:00","mainEntityOfPage":{"@id":"https:\/\/www.kvarken.org\/fi\/kvarken-link-on-allekirjoittanut-laivan-rakentamissopimuksen-rmcn-kanssa\/"},"wordCount":164,"commentCount":0,"image":{"@id":"https:\/\/www.kvarken.org\/fi\/kvarken-link-on-allekirjoittanut-laivan-rakentamissopimuksen-rmcn-kanssa\/#primaryimage"},"thumbnailUrl":"https:\/\/www.kvarken.org\/wp-content\/uploads\/2021\/02\/resizedimage600400-autolautta3.jpg","articleSection":["Uncategorized @fi"],"inLanguage":"fi","potentialAction":[{"@type":"CommentAction","name":"Comment","target":["https:\/\/www.kvarken.org\/fi\/kvarken-link-on-allekirjoittanut-laivan-rakentamissopimuksen-rmcn-kanssa\/#respond"]}]},{"@type":"WebPage","@id":"https:\/\/www.kvarken.org\/fi\/kvarken-link-on-allekirjoittanut-laivan-rakentamissopimuksen-rmcn-kanssa\/","url":"https:\/\/www.kvarken.org\/fi\/kvarken-link-on-allekirjoittanut-laivan-rakentamissopimuksen-rmcn-kanssa\/","name":"Kvarken Link on allekirjoittanut laivan rakentamissopimuksen RMC:n kanssa - Kvarkenr\u00e5det","isPartOf":{"@id":"https:\/\/www.kvarken.org\/fi\/#website"},"primaryImageOfPage":{"@id":"https:\/\/www.kvarken.org\/fi\/kvarken-link-on-allekirjoittanut-laivan-rakentamissopimuksen-rmcn-kanssa\/#primaryimage"},"image":{"@id":"https:\/\/www.kvarken.org\/fi\/kvarken-link-on-allekirjoittanut-laivan-rakentamissopimuksen-rmcn-kanssa\/#primaryimage"},"thumbnailUrl":"https:\/\/www.kvarken.org\/wp-content\/uploads\/2021\/02\/resizedimage600400-autolautta3.jpg","datePublished":"2019-01-21T09:39:51+00:00","dateModified":"2021-03-12T06:56:36+00:00","author":{"@id":"https:\/\/www.kvarken.org\/fi\/#\/schema\/person\/c0191caa861afff47bc50292a6905da2"},"breadcrumb":{"@id":"https:\/\/www.kvarken.org\/fi\/kvarken-link-on-allekirjoittanut-laivan-rakentamissopimuksen-rmcn-kanssa\/#breadcrumb"},"inLanguage":"fi","potentialAction":[{"@type":"ReadAction","target":["https:\/\/www.kvarken.org\/fi\/kvarken-link-on-allekirjoittanut-laivan-rakentamissopimuksen-rmcn-kanssa\/"]}]},{"@type":"ImageObject","inLanguage":"fi","@id":"https:\/\/www.kvarken.org\/fi\/kvarken-link-on-allekirjoittanut-laivan-rakentamissopimuksen-rmcn-kanssa\/#primaryimage","url":"https:\/\/www.kvarken.org\/wp-content\/uploads\/2021\/02\/resizedimage600400-autolautta3.jpg","contentUrl":"https:\/\/www.kvarken.org\/wp-content\/uploads\/2021\/02\/resizedimage600400-autolautta3.jpg","width":600,"height":400},{"@type":"BreadcrumbList","@id":"https:\/\/www.kvarken.org\/fi\/kvarken-link-on-allekirjoittanut-laivan-rakentamissopimuksen-rmcn-kanssa\/#breadcrumb","itemListElement":[{"@type":"ListItem","position":1,"name":"Hem","item":"https:\/\/www.kvarken.org\/fi\/"},{"@type":"ListItem","position":2,"name":"Kvarken Link on allekirjoittanut laivan rakentamissopimuksen RMC:n kanssa"}]},{"@type":"WebSite","@id":"https:\/\/www.kvarken.org\/fi\/#website","url":"https:\/\/www.kvarken.org\/fi\/","name":"Kvarkenr\u00e5det","description":"","potentialAction":[{"@type":"SearchAction","target":{"@type":"EntryPoint","urlTemplate":"https:\/\/www.kvarken.org\/fi\/?s={search_term_string}"},"query-input":{"@type":"PropertyValueSpecification","valueRequired":true,"valueName":"search_term_string"}}],"inLanguage":"fi"},{"@type":"Person","@id":"https:\/\/www.kvarken.org\/fi\/#\/schema\/person\/c0191caa861afff47bc50292a6905da2","name":"jokommunikation_agency","image":{"@type":"ImageObject","inLanguage":"fi","@id":"https:\/\/secure.gravatar.com\/avatar\/747179557db7fa831269f4829d55b0109a7684b8dd784a3f8f606bce8610f828?s=96&d=mm&r=g","url":"https:\/\/secure.gravatar.com\/avatar\/747179557db7fa831269f4829d55b0109a7684b8dd784a3f8f606bce8610f828?s=96&d=mm&r=g","contentUrl":"https:\/\/secure.gravatar.com\/avatar\/747179557db7fa831269f4829d55b0109a7684b8dd784a3f8f606bce8610f828?s=96&d=mm&r=g","caption":"jokommunikation_agency"}}]}},"_links":{"self":[{"href":"https:\/\/www.kvarken.org\/fi\/wp-json\/wp\/v2\/posts\/9001","targetHints":{"allow":["GET"]}}],"collection":[{"href":"https:\/\/www.kvarken.org\/fi\/wp-json\/wp\/v2\/posts"}],"about":[{"href":"https:\/\/www.kvarken.org\/fi\/wp-json\/wp\/v2\/types\/post"}],"author":[{"embeddable":true,"href":"https:\/\/www.kvarken.org\/fi\/wp-json\/wp\/v2\/users\/2"}],"replies":[{"embeddable":true,"href":"https:\/\/www.kvarken.org\/fi\/wp-json\/wp\/v2\/comments?post=9001"}],"version-history":[{"count":0,"href":"https:\/\/www.kvarken.org\/fi\/wp-json\/wp\/v2\/posts\/9001\/revisions"}],"wp:featuredmedia":[{"embeddable":true,"href":"https:\/\/www.kvarken.org\/fi\/wp-json\/wp\/v2\/media\/7905"}],"wp:attachment":[{"href":"https:\/\/www.kvarken.org\/fi\/wp-json\/wp\/v2\/media?parent=9001"}],"wp:term":[{"taxonomy":"category","embeddable":true,"href":"https:\/\/www.kvarken.org\/fi\/wp-json\/wp\/v2\/categories?post=9001"},{"taxonomy":"post_tag","embeddable":true,"href":"https:\/\/www.kvarken.org\/fi\/wp-json\/wp\/v2\/tags?post=9001"},{"taxonomy":"amnen","embeddable":true,"href":"https:\/\/www.kvarken.org\/fi\/wp-json\/wp\/v2\/amnen?post=9001"}],"curies":[{"name":"wp","href":"https:\/\/api.w.org\/{rel}","templated":true}]}}